{"id":201821,"date":"2019-03-25T08:14:13","date_gmt":"2019-03-25T11:14:13","guid":{"rendered":"https:\/\/franciscanos.org.br\/noticias\/?p=201821"},"modified":"2019-03-25T08:14:13","modified_gmt":"2019-03-25T11:14:13","slug":"conselho-provincial-de-juventudes-comeca-a-ganhar-forma","status":"publish","type":"post","link":"https:\/\/franciscanos.org.br\/noticias\/conselho-provincial-de-juventudes-comeca-a-ganhar-forma.html","title":{"rendered":"Conselho Provincial de Juventudes come\u00e7a a ganhar forma"},"content":{"rendered":"<p><img loading=\"lazy\" class=\"aligncenter size-full wp-image-201822\" src=\"https:\/\/franciscanos.org.br\/noticias\/wp-content\/uploads\/2019\/03\/juventudes_250319.jpg\" alt=\"\" width=\"890\" height=\"668\" srcset=\"https:\/\/franciscanos.org.br\/noticias\/wp-content\/uploads\/2019\/03\/juventudes_250319.jpg 890w, https:\/\/franciscanos.org.br\/noticias\/wp-content\/uploads\/2019\/03\/juventudes_250319-450x338.jpg 450w, https:\/\/franciscanos.org.br\/noticias\/wp-content\/uploads\/2019\/03\/juventudes_250319-768x576.jpg 768w, https:\/\/franciscanos.org.br\/noticias\/wp-content\/uploads\/2019\/03\/juventudes_250319-150x113.jpg 150w\" sizes=\"(max-width: 890px) 100vw, 890px\" \/><\/p>\n<p>Uma comiss\u00e3o formada a partir do Conselho Provincial de Juventudes deu in\u00edcio, neste final de semana (23 e 24\/3), nas depend\u00eancias da Fraternidade Santo Ant\u00f4nio do Pari, em S\u00e3o Paulo\/SP, \u00e0 sistematiza\u00e7\u00e3o e planejamento das atividades. Para atender \u00e0s demandas dos jovens da Prov\u00edncia, este trabalho foi organizado a partir de tr\u00eas eixos definidos na primeira reuni\u00e3o do Conselho: itiner\u00e1rio, forma\u00e7\u00e3o e comunica\u00e7\u00e3o.<\/p>\n<p>Comp\u00f5e esta comiss\u00e3o: Frei Diego Atalino de Melo e Frei Vitor Am\u00e2ncio, pelo Servi\u00e7o de Anima\u00e7\u00e3o Vocacional; Frei Marx Rodrigues dos Reis, pelo Servi\u00e7o Franciscano de Solidariedade; Ir. Isabel Simeoni, da Congrega\u00e7\u00e3o das Franciscanas de Ingolstadt; Mariana Rogoski e Maur\u00edcio Bernz, de Curitiba\/PR; Suzan Aparecida, Aline Vieira e Vin\u00edcius Fabreau, de S\u00e3o Paulo\/SP; e Carlos Neto, de Bauru\/SP.<\/p>\n<p>As atividades ocorreram na sede administrativa do Servi\u00e7o Franciscano de Solidariedade (Sefras). Frei Diego deu as boas vindas e fez a ora\u00e7\u00e3o inicial que teve como inspira\u00e7\u00e3o um texto do Espelho da Perfei\u00e7\u00e3o do Frade Menor, onde S\u00e3o Francisco associa o frade perfeito \u00e0 uni\u00e3o dos m\u00faltiplos talentos e personalidades de cada frade, reunidos em prol de um mesmo ideal. Em seguida, Frei V\u00edtor fez a leitura da ata da primeira reuni\u00e3o do Conselho.<\/p>\n<p><strong>Quatro passos<\/strong><\/p>\n<p>Para aquecer os trabalhos, Vin\u00edcius Fabreau, da Juventude Franciscana (Jufra) de S\u00e3o Paulo, fez uma pequena apresenta\u00e7\u00e3o a partir dos documentos da Igreja, sobre um poss\u00edvel caminho da a\u00e7\u00e3o evangelizadora e franciscana: observar, discernir, transformar, celebrar.<\/p>\n<p>Em seguida, os participantes definiram o Plano de A\u00e7\u00e3o do Conselho e foram divididos em dois grupos de trabalho: Itiner\u00e1rio e forma\u00e7\u00e3o. O objetivo era construir planos de a\u00e7\u00f5es das diferentes atividades realizadas com os jovens, refletindo sobre este itiner\u00e1rio de caminhada franciscana. Ao final da tarde, o grupo socializou e alinhou as demandas de trabalho e definiu as responsabilidades e cronograma para execu\u00e7\u00e3o desta sistematiza\u00e7\u00e3o.<\/p>\n<p><img loading=\"lazy\" class=\"aligncenter size-full wp-image-201823\" src=\"https:\/\/franciscanos.org.br\/noticias\/wp-content\/uploads\/2019\/03\/juventudes_250319_1.jpg\" alt=\"\" width=\"890\" height=\"726\" srcset=\"https:\/\/franciscanos.org.br\/noticias\/wp-content\/uploads\/2019\/03\/juventudes_250319_1.jpg 890w, https:\/\/franciscanos.org.br\/noticias\/wp-content\/uploads\/2019\/03\/juventudes_250319_1-450x367.jpg 450w, https:\/\/franciscanos.org.br\/noticias\/wp-content\/uploads\/2019\/03\/juventudes_250319_1-768x626.jpg 768w, https:\/\/franciscanos.org.br\/noticias\/wp-content\/uploads\/2019\/03\/juventudes_250319_1-150x122.jpg 150w\" sizes=\"(max-width: 890px) 100vw, 890px\" \/><\/p>\n<p><strong>Protagonismo e forma\u00e7\u00e3o<\/strong><\/p>\n<p>Evangelizar de um jeito jovem \u00e9 o objetivo principal deste Conselho, como explica Mariana: \u201cPara realizarmos a\u00e7\u00f5es de evangeliza\u00e7\u00e3o de jovem para jovem \u00e9 necess\u00e1rio a organiza\u00e7\u00e3o e estrutura\u00e7\u00e3o de tudo o que acontece\u201d, definiu.<\/p>\n<p>Para Carlos, a forma\u00e7\u00e3o franciscana, atrav\u00e9s de subs\u00eddios, \u00e9 essencial para o engajamento das juventudes. \u201cFomentar uma cultura formativa para os jovens da Prov\u00edncia, contemplando as atividades que j\u00e1 acontecem, \u00e9 de extrema import\u00e2ncia. \u00c9 fundamental a quest\u00e3o da forma\u00e7\u00e3o franciscana, por isso \u00e9 uma \u00e1rea que precisa ser valorizada\u201d, enfatizou.<\/p>\n<p><strong>Comunica\u00e7\u00e3o<\/strong><\/p>\n<p>No domingo, ap\u00f3s a Celebra\u00e7\u00e3o Eucar\u00edstica, na Comunidade Nossa Senhora Aparecida, a comiss\u00e3o reuniu-se para alinhar o planejamento de comunica\u00e7\u00e3o. Cada um apresentou seu ponto de vista, por\u00e9m, foi comum a percep\u00e7\u00e3o da import\u00e2ncia das redes sociais e da adequa\u00e7\u00e3o de formatos de materiais evangelizadores para as juventudes. Esta comunica\u00e7\u00e3o deve estar a servi\u00e7o da forma\u00e7\u00e3o, como meio de visibilizar o itiner\u00e1rio franciscano.<\/p>\n<p>Para a Irm\u00e3 Isabel, as discuss\u00f5es foram muito produtivas. \u201cEssa organiza\u00e7\u00e3o contribui para a facilidade de acesso a materiais para executar as atividades. Ver este trabalho pronto vai dar muita for\u00e7a para cada um de n\u00f3s que estamos construindo esta sistematiza\u00e7\u00e3o\u201d, concluiu.<\/p>\n<p>Desde o Cap\u00edtulo Provincial de 2012, Frei Diego coordena os trabalhos do Servi\u00e7o de Anima\u00e7\u00e3o Vocacional da Prov\u00edncia e est\u00e1 entusiasmado com o protagonismo das juventudes. \u201cQueremos dar voz aos jovens e torn\u00e1-los participantes de tudo aquilo que \u00e9 feito nessa \u00e1rea na Prov\u00edncia, de modo que este trabalho se consolide com os jovens\u201d, explicou.<\/p>\n<p>Com a conclus\u00e3o desta reuni\u00e3o, a equipe levou para suas comunidades a tarefa da constru\u00e7\u00e3o e sistematiza\u00e7\u00e3o dos planos de a\u00e7\u00e3o e o desejo de construir na sociedade os valores franciscanos. Nossos agradecimentos \u00e0 Prov\u00edncia e de modo especial \u00e0 Fraternidade que nos acolheu com tanto carinho e dedica\u00e7\u00e3o.<\/p>\n<p><em>Equipe de Comunica\u00e7\u00e3o do Conselho<\/em><\/p>\n","protected":false},"excerpt":{"rendered":"<p>Uma comiss\u00e3o formada a partir do Conselho Provincial de Juventudes deu in\u00edcio, neste final de semana (23 e 24\/3), nas depend\u00eancias da Fraternidade Santo Ant\u00f4nio do Pari, em S\u00e3o Paulo\/SP, \u00e0 sistematiza\u00e7\u00e3o e planejamento das atividades. Para atender \u00e0s demandas dos jovens da Prov\u00edncia, este trabalho foi organizado a partir de tr\u00eas eixos definidos na [&hellip;]<\/p>\n","protected":false},"author":3,"featured_media":201824,"comment_status":"open","ping_status":"open","sticky":false,"template":"","format":"standard","meta":[],"categories":[1],"tags":[1420],"acf":[],"yoast_head":"<!-- This site is optimized with the Yoast SEO plugin v19.2 - https:\/\/yoast.com\/wordpress\/plugins\/seo\/ -->\n<title>Conselho Provincial de Juventudes come\u00e7a a ganhar forma - Not\u00edcias - Franciscanos<\/title>\n<meta name=\"robots\" content=\"index, follow, max-snippet:-1, max-image-preview:large, max-video-preview:-1\" \/>\n<link rel=\"canonical\" href=\"https:\/\/franciscanos.org.br\/noticias\/conselho-provincial-de-juventudes-comeca-a-ganhar-forma.html\" \/>\n<meta property=\"og:locale\" content=\"pt_BR\" \/>\n<meta property=\"og:type\" content=\"article\" \/>\n<meta property=\"og:title\" content=\"Conselho Provincial de Juventudes come\u00e7a a ganhar forma - Not\u00edcias - Franciscanos\" \/>\n<meta property=\"og:description\" content=\"Uma comiss\u00e3o formada a partir do Conselho Provincial de Juventudes deu in\u00edcio, neste final de semana (23 e 24\/3), nas depend\u00eancias da Fraternidade Santo Ant\u00f4nio do Pari, em S\u00e3o Paulo\/SP, \u00e0 sistematiza\u00e7\u00e3o e planejamento das atividades. Para atender \u00e0s demandas dos jovens da Prov\u00edncia, este trabalho foi organizado a partir de tr\u00eas eixos definidos na [&hellip;]\" \/>\n<meta property=\"og:url\" content=\"https:\/\/franciscanos.org.br\/noticias\/conselho-provincial-de-juventudes-comeca-a-ganhar-forma.html\" \/>\n<meta property=\"og:site_name\" content=\"Not\u00edcias - Franciscanos\" \/>\n<meta property=\"article:published_time\" content=\"2019-03-25T11:14:13+00:00\" \/>\n<meta property=\"og:image\" content=\"https:\/\/franciscanos.org.br\/noticias\/wp-content\/uploads\/2019\/03\/juventudes_250319d.jpg\" \/>\n\t<meta property=\"og:image:width\" content=\"273\" \/>\n\t<meta property=\"og:image:height\" content=\"181\" \/>\n\t<meta property=\"og:image:type\" content=\"image\/jpeg\" \/>\n<meta name=\"author\" content=\"moacir\" \/>\n<meta name=\"twitter:card\" content=\"summary_large_image\" \/>\n<meta name=\"twitter:label1\" content=\"Escrito por\" \/>\n\t<meta name=\"twitter:data1\" content=\"moacir\" \/>\n\t<meta name=\"twitter:label2\" content=\"Est. tempo de leitura\" \/>\n\t<meta name=\"twitter:data2\" content=\"3 minutos\" \/>\n<script type=\"application\/ld+json\" class=\"yoast-schema-graph\">{\"@context\":\"https:\/\/schema.org\",\"@graph\":[{\"@type\":\"WebSite\",\"@id\":\"https:\/\/franciscanos.org.br\/noticias\/#website\",\"url\":\"https:\/\/franciscanos.org.br\/noticias\/\",\"name\":\"Not\u00edcias - Franciscanos\",\"description\":\"Prov\u00edncia Franciscana da Imaculada Concei\u00e7\u00e3o do Brasil - Ordem dos Frades Menores - OFM\",\"potentialAction\":[{\"@type\":\"SearchAction\",\"target\":{\"@type\":\"EntryPoint\",\"urlTemplate\":\"https:\/\/franciscanos.org.br\/noticias\/?s={search_term_string}\"},\"query-input\":\"required name=search_term_string\"}],\"inLanguage\":\"pt-BR\"},{\"@type\":\"ImageObject\",\"inLanguage\":\"pt-BR\",\"@id\":\"https:\/\/franciscanos.org.br\/noticias\/conselho-provincial-de-juventudes-comeca-a-ganhar-forma.html#primaryimage\",\"url\":\"https:\/\/franciscanos.org.br\/noticias\/wp-content\/uploads\/2019\/03\/juventudes_250319d.jpg\",\"contentUrl\":\"https:\/\/franciscanos.org.br\/noticias\/wp-content\/uploads\/2019\/03\/juventudes_250319d.jpg\",\"width\":273,\"height\":181},{\"@type\":\"WebPage\",\"@id\":\"https:\/\/franciscanos.org.br\/noticias\/conselho-provincial-de-juventudes-comeca-a-ganhar-forma.html#webpage\",\"url\":\"https:\/\/franciscanos.org.br\/noticias\/conselho-provincial-de-juventudes-comeca-a-ganhar-forma.html\",\"name\":\"Conselho Provincial de Juventudes come\u00e7a a ganhar forma - Not\u00edcias - Franciscanos\",\"isPartOf\":{\"@id\":\"https:\/\/franciscanos.org.br\/noticias\/#website\"},\"primaryImageOfPage\":{\"@id\":\"https:\/\/franciscanos.org.br\/noticias\/conselho-provincial-de-juventudes-comeca-a-ganhar-forma.html#primaryimage\"},\"datePublished\":\"2019-03-25T11:14:13+00:00\",\"dateModified\":\"2019-03-25T11:14:13+00:00\",\"author\":{\"@id\":\"https:\/\/franciscanos.org.br\/noticias\/#\/schema\/person\/b5c8cba458c330ccff548b056e95a5d4\"},\"breadcrumb\":{\"@id\":\"https:\/\/franciscanos.org.br\/noticias\/conselho-provincial-de-juventudes-comeca-a-ganhar-forma.html#breadcrumb\"},\"inLanguage\":\"pt-BR\",\"potentialAction\":[{\"@type\":\"ReadAction\",\"target\":[\"https:\/\/franciscanos.org.br\/noticias\/conselho-provincial-de-juventudes-comeca-a-ganhar-forma.html\"]}]},{\"@type\":\"BreadcrumbList\",\"@id\":\"https:\/\/franciscanos.org.br\/noticias\/conselho-provincial-de-juventudes-comeca-a-ganhar-forma.html#breadcrumb\",\"itemListElement\":[{\"@type\":\"ListItem\",\"position\":1,\"name\":\"Home\",\"item\":\"https:\/\/franciscanos.org.br\/noticias\"},{\"@type\":\"ListItem\",\"position\":2,\"name\":\"Conselho Provincial de Juventudes come\u00e7a a ganhar forma\"}]},{\"@type\":\"Person\",\"@id\":\"https:\/\/franciscanos.org.br\/noticias\/#\/schema\/person\/b5c8cba458c330ccff548b056e95a5d4\",\"name\":\"moacir\",\"image\":{\"@type\":\"ImageObject\",\"inLanguage\":\"pt-BR\",\"@id\":\"https:\/\/franciscanos.org.br\/noticias\/#\/schema\/person\/image\/\",\"url\":\"https:\/\/secure.gravatar.com\/avatar\/d08aa2ce4c8dd416d4479aa8536fcf64?s=96&d=mm&r=g\",\"contentUrl\":\"https:\/\/secure.gravatar.com\/avatar\/d08aa2ce4c8dd416d4479aa8536fcf64?s=96&d=mm&r=g\",\"caption\":\"moacir\"},\"url\":\"https:\/\/franciscanos.org.br\/noticias\/author\/moacir\"}]}<\/script>\n<!-- \/ Yoast SEO plugin. -->","yoast_head_json":{"title":"Conselho Provincial de Juventudes come\u00e7a a ganhar forma - Not\u00edcias - Franciscanos","robots":{"index":"index","follow":"follow","max-snippet":"max-snippet:-1","max-image-preview":"max-image-preview:large","max-video-preview":"max-video-preview:-1"},"canonical":"https:\/\/franciscanos.org.br\/noticias\/conselho-provincial-de-juventudes-comeca-a-ganhar-forma.html","og_locale":"pt_BR","og_type":"article","og_title":"Conselho Provincial de Juventudes come\u00e7a a ganhar forma - Not\u00edcias - Franciscanos","og_description":"Uma comiss\u00e3o formada a partir do Conselho Provincial de Juventudes deu in\u00edcio, neste final de semana (23 e 24\/3), nas depend\u00eancias da Fraternidade Santo Ant\u00f4nio do Pari, em S\u00e3o Paulo\/SP, \u00e0 sistematiza\u00e7\u00e3o e planejamento das atividades. Para atender \u00e0s demandas dos jovens da Prov\u00edncia, este trabalho foi organizado a partir de tr\u00eas eixos definidos na [&hellip;]","og_url":"https:\/\/franciscanos.org.br\/noticias\/conselho-provincial-de-juventudes-comeca-a-ganhar-forma.html","og_site_name":"Not\u00edcias - Franciscanos","article_published_time":"2019-03-25T11:14:13+00:00","og_image":[{"width":273,"height":181,"url":"https:\/\/franciscanos.org.br\/noticias\/wp-content\/uploads\/2019\/03\/juventudes_250319d.jpg","type":"image\/jpeg"}],"author":"moacir","twitter_card":"summary_large_image","twitter_misc":{"Escrito por":"moacir","Est. tempo de leitura":"3 minutos"},"schema":{"@context":"https:\/\/schema.org","@graph":[{"@type":"WebSite","@id":"https:\/\/franciscanos.org.br\/noticias\/#website","url":"https:\/\/franciscanos.org.br\/noticias\/","name":"Not\u00edcias - Franciscanos","description":"Prov\u00edncia Franciscana da Imaculada Concei\u00e7\u00e3o do Brasil - Ordem dos Frades Menores - OFM","potentialAction":[{"@type":"SearchAction","target":{"@type":"EntryPoint","urlTemplate":"https:\/\/franciscanos.org.br\/noticias\/?s={search_term_string}"},"query-input":"required name=search_term_string"}],"inLanguage":"pt-BR"},{"@type":"ImageObject","inLanguage":"pt-BR","@id":"https:\/\/franciscanos.org.br\/noticias\/conselho-provincial-de-juventudes-comeca-a-ganhar-forma.html#primaryimage","url":"https:\/\/franciscanos.org.br\/noticias\/wp-content\/uploads\/2019\/03\/juventudes_250319d.jpg","contentUrl":"https:\/\/franciscanos.org.br\/noticias\/wp-content\/uploads\/2019\/03\/juventudes_250319d.jpg","width":273,"height":181},{"@type":"WebPage","@id":"https:\/\/franciscanos.org.br\/noticias\/conselho-provincial-de-juventudes-comeca-a-ganhar-forma.html#webpage","url":"https:\/\/franciscanos.org.br\/noticias\/conselho-provincial-de-juventudes-comeca-a-ganhar-forma.html","name":"Conselho Provincial de Juventudes come\u00e7a a ganhar forma - Not\u00edcias - Franciscanos","isPartOf":{"@id":"https:\/\/franciscanos.org.br\/noticias\/#website"},"primaryImageOfPage":{"@id":"https:\/\/franciscanos.org.br\/noticias\/conselho-provincial-de-juventudes-comeca-a-ganhar-forma.html#primaryimage"},"datePublished":"2019-03-25T11:14:13+00:00","dateModified":"2019-03-25T11:14:13+00:00","author":{"@id":"https:\/\/franciscanos.org.br\/noticias\/#\/schema\/person\/b5c8cba458c330ccff548b056e95a5d4"},"breadcrumb":{"@id":"https:\/\/franciscanos.org.br\/noticias\/conselho-provincial-de-juventudes-comeca-a-ganhar-forma.html#breadcrumb"},"inLanguage":"pt-BR","potentialAction":[{"@type":"ReadAction","target":["https:\/\/franciscanos.org.br\/noticias\/conselho-provincial-de-juventudes-comeca-a-ganhar-forma.html"]}]},{"@type":"BreadcrumbList","@id":"https:\/\/franciscanos.org.br\/noticias\/conselho-provincial-de-juventudes-comeca-a-ganhar-forma.html#breadcrumb","itemListElement":[{"@type":"ListItem","position":1,"name":"Home","item":"https:\/\/franciscanos.org.br\/noticias"},{"@type":"ListItem","position":2,"name":"Conselho Provincial de Juventudes come\u00e7a a ganhar forma"}]},{"@type":"Person","@id":"https:\/\/franciscanos.org.br\/noticias\/#\/schema\/person\/b5c8cba458c330ccff548b056e95a5d4","name":"moacir","image":{"@type":"ImageObject","inLanguage":"pt-BR","@id":"https:\/\/franciscanos.org.br\/noticias\/#\/schema\/person\/image\/","url":"https:\/\/secure.gravatar.com\/avatar\/d08aa2ce4c8dd416d4479aa8536fcf64?s=96&d=mm&r=g","contentUrl":"https:\/\/secure.gravatar.com\/avatar\/d08aa2ce4c8dd416d4479aa8536fcf64?s=96&d=mm&r=g","caption":"moacir"},"url":"https:\/\/franciscanos.org.br\/noticias\/author\/moacir"}]}},"_links":{"self":[{"href":"https:\/\/franciscanos.org.br\/noticias\/wp-json\/wp\/v2\/posts\/201821"}],"collection":[{"href":"https:\/\/franciscanos.org.br\/noticias\/wp-json\/wp\/v2\/posts"}],"about":[{"href":"https:\/\/franciscanos.org.br\/noticias\/wp-json\/wp\/v2\/types\/post"}],"author":[{"embeddable":true,"href":"https:\/\/franciscanos.org.br\/noticias\/wp-json\/wp\/v2\/users\/3"}],"replies":[{"embeddable":true,"href":"https:\/\/franciscanos.org.br\/noticias\/wp-json\/wp\/v2\/comments?post=201821"}],"version-history":[{"count":0,"href":"https:\/\/franciscanos.org.br\/noticias\/wp-json\/wp\/v2\/posts\/201821\/revisions"}],"wp:featuredmedia":[{"embeddable":true,"href":"https:\/\/franciscanos.org.br\/noticias\/wp-json\/wp\/v2\/media\/201824"}],"wp:attachment":[{"href":"https:\/\/franciscanos.org.br\/noticias\/wp-json\/wp\/v2\/media?parent=201821"}],"wp:term":[{"taxonomy":"category","embeddable":true,"href":"https:\/\/franciscanos.org.br\/noticias\/wp-json\/wp\/v2\/categories?post=201821"},{"taxonomy":"post_tag","embeddable":true,"href":"https:\/\/franciscanos.org.br\/noticias\/wp-json\/wp\/v2\/tags?post=201821"}],"curies":[{"name":"wp","href":"https:\/\/api.w.org\/{rel}","templated":true}]}}