{"id":201813,"date":"2019-03-25T07:36:11","date_gmt":"2019-03-25T10:36:11","guid":{"rendered":"https:\/\/franciscanos.org.br\/noticias\/?p=201813"},"modified":"2020-08-06T16:37:00","modified_gmt":"2020-08-06T19:37:00","slug":"melhor-professor-do-mundo-e-franciscano","status":"publish","type":"post","link":"https:\/\/franciscanos.org.br\/noticias\/melhor-professor-do-mundo-e-franciscano.html","title":{"rendered":"&#8220;Melhor professor do mundo&#8221; \u00e9 franciscano"},"content":{"rendered":"<p><img loading=\"lazy\" class=\"size-full wp-image-201814 alignnone\" src=\"https:\/\/franciscanos.org.br\/noticias\/wp-content\/uploads\/2019\/03\/professor_2503_2.jpg\" alt=\"\" width=\"890\" height=\"501\" srcset=\"https:\/\/franciscanos.org.br\/noticias\/wp-content\/uploads\/2019\/03\/professor_2503_2.jpg 890w, https:\/\/franciscanos.org.br\/noticias\/wp-content\/uploads\/2019\/03\/professor_2503_2-450x253.jpg 450w, https:\/\/franciscanos.org.br\/noticias\/wp-content\/uploads\/2019\/03\/professor_2503_2-768x432.jpg 768w, https:\/\/franciscanos.org.br\/noticias\/wp-content\/uploads\/2019\/03\/professor_2503_2-150x84.jpg 150w\" sizes=\"(max-width: 890px) 100vw, 890px\" \/><\/p>\n<p>Peter Tabichi, religioso franciscano, ganhou o Global Teacher Prize de 2019, conferido pela Funda\u00e7\u00e3o Varkey, organiza\u00e7\u00e3o de caridade dedicada \u00e0 melhoria da educa\u00e7\u00e3o para crian\u00e7as carentes. Tabichi foi elogiado por suas realiza\u00e7\u00f5es em uma escola sem infraestrutura, em meio a classes lotadas e poucos livros did\u00e1ticos.<\/p>\n<p>Ele quer que os alunos vejam &#8220;a ci\u00eancia \u00e9 o caminho certo&#8221; para ter sucesso no futuro. O pr\u00eamio, anunciado em uma cerim\u00f4nia em Dubai, reconhece o compromisso &#8220;excepcional&#8221; do professor com os alunos em uma parte remota do Vale do Rift, no Qu\u00eania. Ele doa 80% de seu sal\u00e1rio para apoiar os estudos dos seus alunos, na Escola Secund\u00e1ria Keriko Mixed Day, no vilarejo de Pwani. Se n\u00e3o fosse a ajuda do professor, as crian\u00e7as n\u00e3o conseguiriam pagar por seus uniformes ou material escolar.<\/p>\n<p><strong>Melhorando a ci\u00eancia<\/strong><br \/>\n&#8220;Nem tudo \u00e9 sobre dinheiro&#8221;, diz Tabichi, cujos alunos s\u00e3o quase todos de fam\u00edlias bem pobres. Muitos s\u00e3o \u00f3rf\u00e3os ou perderam um dos pais. Seu objetivo \u00e9 que os estudantes tenham grandes ambi\u00e7\u00f5es, al\u00e9m de promover a ci\u00eancia, n\u00e3o apenas no Qu\u00eania, mas em toda a \u00c1frica, diz.<\/p>\n<p>Ele venceu entre outros dez mil indicados de 179 pa\u00edses, entre eles a professora Debora Garofalo, que ensina mat\u00e9rias de tecnologia em uma \u00e1rea carente de S\u00e3o Paulo. Mas Tabichi diz que enfrenta &#8220;desafios com as instala\u00e7\u00f5es prec\u00e1rias&#8221; de sua escola, inclusive com a falta de livros ou professores.<\/p>\n<p>&#8220;A escola fica em uma \u00e1rea muito retoma. A maioria dos estudantes v\u00eam de fam\u00edlias muito pobres. At\u00e9 pagar o caf\u00e9 da manha \u00e9 dif\u00edcil. Eles n\u00e3o conseguem se concentrar, porque n\u00e3o se alimentaram o suficiente em casa&#8221;, contou em entrevista publicada no site do pr\u00eamio.<\/p>\n<p>As classes deveriam a ter entre 35 e 40 alunos, mas ele acaba ensinando grupos de 70 ou 80 estudantes, o que, segundo o professor, deixa as salas superlotadas. A falta de uma boa conex\u00e3o de internet faz com que ele v\u00e1 at\u00e9 um caf\u00e9 para baixar os materiais necess\u00e1rios para suas aulas de ci\u00eancias. E muitos dos seus alunos andam mais de 6km em estradas ruins para chegar \u00e0 escola.<\/p>\n<p>No entanto, Tabichi diz que est\u00e1 determinado a dar aos alunos uma chance de aprender sobre ci\u00eancia e ampliar seus horizontes. Seus estudantes foram bem sucedidos em competi\u00e7\u00f5es cient\u00edficas nacionais e internacionais, incluindo um pr\u00eamio da Sociedade Real de Qu\u00edmica do Reino Unido.<\/p>\n<p>&nbsp;<\/p>\n<p><strong>Fora da sala de aula<\/strong><br \/>\nTabichi diz que parte do desafio tem sido persuadir a comunidade local a reconhecer o valor da educa\u00e7\u00e3o, o que leva a visitar fam\u00edlias cujos filhos correm o risco de abandonar a escola. Ele tenta mudar a mentalidade de pais que esperam que suas filhas se casem cedo &#8211; encorajando-os a deixar as meninas continuarem seus estudos.<\/p>\n<p>O professor tamb\u00e9m ensina t\u00e9cnicas de cultivo mais resistentes aos moradores dos arredores, j\u00e1 que a fome \u00e9 uma realidade frequente na regi\u00e3o. &#8220;Inseguran\u00e7a alimentar \u00e9 um grande problema, ent\u00e3o ensinar novos jeitos de plantar \u00e9 uma quest\u00e3o de vida ou morte&#8221;, disse em entrevista \u00e0 Funda\u00e7\u00e3o Varkey.<\/p>\n<p>Al\u00e9m do contato com as fam\u00edlias, a atua\u00e7\u00e3o de Tabich se estende aos &#8220;clubes da paz&#8221; que ele organiza na escola, para representar e unir as sete tribos presentes ali. A viol\u00eancia tribal explodiu no Vale do Rift depois da elei\u00e7\u00e3o presidencial de 2007 e houve muitas mortes em Nakuru.<\/p>\n<p>&#8220;Para ser um grande professor voc\u00ea tem que ser criativo e abra\u00e7ar a tecnologia. Voc\u00ea realmente tem que abra\u00e7ar essas formas modernas de ensino. Voc\u00ea tem que fazer mais e falar menos&#8221;, ele disse \u00e0 funda\u00e7\u00e3o.<\/p>\n<p><strong>O pr\u00eamio<\/strong><br \/>\nO pr\u00eamio conferido a ele busca elevar o status da profiss\u00e3o de docente. O vencedor do ano passado foi um professor de arte do norte de Londres, Andria Zafirakou.<\/p>\n<p>O fundador da premia\u00e7\u00e3o, Sunny Varkey, diz esperar que a hist\u00f3ria de Tabichi &#8220;inspire os que procuram entrar na profiss\u00e3o e seja um poderoso holofote sobre o incr\u00edvel trabalho que os professores fazem no Qu\u00eania e em todo o mundo, diariamente&#8221;. &#8220;As milhares de indica\u00e7\u00f5es e inscri\u00e7\u00f5es que recebemos de todos os cantos do planeta s\u00e3o testemunho das conquistas dos professores e do enorme impacto que eles t\u00eam em as nossas vidas&#8221;, diz.<\/p>\n<p><strong>BRASILEIRA ENTRE OS FINALISTAS<\/strong><br \/>\nGarofalo foi uma dos finalistas do Global Teacher Prize 2019, o pr\u00eamio internacional mais prestigiado da \u00e1rea da educa\u00e7\u00e3o. Ela concorreu com professores da Gr\u00e3-Bretanha, Holanda, Austr\u00e1lia, Ge\u00f3rgia, \u00cdndia, Jap\u00e3o, Argentina, Qu\u00eania e EUA.<\/p>\n<p>No dia a dia como professora de tecnologias da escola EMEF Almirante Ary Parreiras, na capital paulista, Garofalo agrega \u00e0 lousa outros instrumentos para ensinar. Pelas m\u00e3os dela e de seus alunos, que t\u00eam entre 6 e 14 anos, o lixo jogado nas ruas das favelas de S\u00e3o Paulo se transforma em solu\u00e7\u00f5es para problemas da comunidade. Garrafas pet, vidro, restos de fia\u00e7\u00e3o viram filtro de \u00e1gua, sem\u00e1foro, m\u00e1quina de sorvete, e at\u00e9 tecnologia de energia renov\u00e1vel para substituir o gato el\u00e9trico em casas da favela. &#8220;Coletamos lixo das ruas das comunidades pr\u00f3ximas \u00e0 escola e fizemos um primeiro carrinho movido a bal\u00e3o de ar. Esse carrinho virou febre e, no dia seguinte, tinha crian\u00e7a do lado de fora me esperando com materiais recicl\u00e1veis querendo fazer o carrinho&#8221;, disse Garofalo \u00e0 BBC News Brasil.<\/p>\n<p>Assim nasceu o projeto &#8220;Rob\u00f3tica com Sucata&#8221; &#8211; que virou refer\u00eancia no Brasil e ganhou a aten\u00e7\u00e3o do mundo. Em quatro anos, mais de 700 kg de lixo foram retirados das ruas pelos estudantes; o resultado da EMEF Almirante Ary Parreiras no \u00cdndice de Desenvolvimento de Educa\u00e7\u00e3o B\u00e1sica (Ideb), que mede a qualidade do ensino, subiu de 4.2 para 5.2; e alguns alunos de Garofalo j\u00e1 decidiram que querem ser f\u00edsicos, engenheiros ou programadores. &#8220;Um dos meus primeiros alunos passou agora em f\u00edsica na USP. \u00c9 um orgulho enorme&#8221;, conta a professora, que \u00e9 formada em Letras e Pedagogia.<\/p>\n<hr \/>\n<p><em>Fonte: Sean Coughlan, da BBC News<\/em><\/p>\n","protected":false},"excerpt":{"rendered":"<p>Peter Tabichi, religioso franciscano, ganhou o Global Teacher Prize de 2019, conferido pela Funda\u00e7\u00e3o Varkey, organiza\u00e7\u00e3o de caridade dedicada \u00e0 melhoria da educa\u00e7\u00e3o para crian\u00e7as carentes. Tabichi foi elogiado por suas realiza\u00e7\u00f5es em uma escola sem infraestrutura, em meio a classes lotadas e poucos livros did\u00e1ticos. Ele quer que os alunos vejam &#8220;a ci\u00eancia \u00e9 [&hellip;]<\/p>\n","protected":false},"author":3,"featured_media":201816,"comment_status":"open","ping_status":"open","sticky":false,"template":"","format":"standard","meta":[],"categories":[1],"tags":[1419],"acf":[],"yoast_head":"<!-- This site is optimized with the Yoast SEO plugin v19.2 - https:\/\/yoast.com\/wordpress\/plugins\/seo\/ -->\n<title>&quot;Melhor professor do mundo&quot; \u00e9 franciscano - Not\u00edcias - Franciscanos<\/title>\n<meta name=\"robots\" content=\"index, follow, max-snippet:-1, max-image-preview:large, max-video-preview:-1\" \/>\n<link rel=\"canonical\" href=\"https:\/\/franciscanos.org.br\/noticias\/melhor-professor-do-mundo-e-franciscano.html\" \/>\n<meta property=\"og:locale\" content=\"pt_BR\" \/>\n<meta property=\"og:type\" content=\"article\" \/>\n<meta property=\"og:title\" content=\"&quot;Melhor professor do mundo&quot; \u00e9 franciscano - Not\u00edcias - Franciscanos\" \/>\n<meta property=\"og:description\" content=\"Peter Tabichi, religioso franciscano, ganhou o Global Teacher Prize de 2019, conferido pela Funda\u00e7\u00e3o Varkey, organiza\u00e7\u00e3o de caridade dedicada \u00e0 melhoria da educa\u00e7\u00e3o para crian\u00e7as carentes. Tabichi foi elogiado por suas realiza\u00e7\u00f5es em uma escola sem infraestrutura, em meio a classes lotadas e poucos livros did\u00e1ticos. Ele quer que os alunos vejam &#8220;a ci\u00eancia \u00e9 [&hellip;]\" \/>\n<meta property=\"og:url\" content=\"https:\/\/franciscanos.org.br\/noticias\/melhor-professor-do-mundo-e-franciscano.html\" \/>\n<meta property=\"og:site_name\" content=\"Not\u00edcias - Franciscanos\" \/>\n<meta property=\"article:published_time\" content=\"2019-03-25T10:36:11+00:00\" \/>\n<meta property=\"article:modified_time\" content=\"2020-08-06T19:37:00+00:00\" \/>\n<meta property=\"og:image\" content=\"https:\/\/franciscanos.org.br\/noticias\/wp-content\/uploads\/2019\/03\/professor_2503d.jpg\" \/>\n\t<meta property=\"og:image:width\" content=\"273\" \/>\n\t<meta property=\"og:image:height\" content=\"181\" \/>\n\t<meta property=\"og:image:type\" content=\"image\/jpeg\" \/>\n<meta name=\"author\" content=\"moacir\" \/>\n<meta name=\"twitter:card\" content=\"summary_large_image\" \/>\n<meta name=\"twitter:label1\" content=\"Escrito por\" \/>\n\t<meta name=\"twitter:data1\" content=\"moacir\" \/>\n\t<meta name=\"twitter:label2\" content=\"Est. tempo de leitura\" \/>\n\t<meta name=\"twitter:data2\" content=\"5 minutos\" \/>\n<script type=\"application\/ld+json\" class=\"yoast-schema-graph\">{\"@context\":\"https:\/\/schema.org\",\"@graph\":[{\"@type\":\"WebSite\",\"@id\":\"https:\/\/franciscanos.org.br\/noticias\/#website\",\"url\":\"https:\/\/franciscanos.org.br\/noticias\/\",\"name\":\"Not\u00edcias - Franciscanos\",\"description\":\"Prov\u00edncia Franciscana da Imaculada Concei\u00e7\u00e3o do Brasil - Ordem dos Frades Menores - OFM\",\"potentialAction\":[{\"@type\":\"SearchAction\",\"target\":{\"@type\":\"EntryPoint\",\"urlTemplate\":\"https:\/\/franciscanos.org.br\/noticias\/?s={search_term_string}\"},\"query-input\":\"required name=search_term_string\"}],\"inLanguage\":\"pt-BR\"},{\"@type\":\"ImageObject\",\"inLanguage\":\"pt-BR\",\"@id\":\"https:\/\/franciscanos.org.br\/noticias\/melhor-professor-do-mundo-e-franciscano.html#primaryimage\",\"url\":\"https:\/\/franciscanos.org.br\/noticias\/wp-content\/uploads\/2019\/03\/professor_2503d.jpg\",\"contentUrl\":\"https:\/\/franciscanos.org.br\/noticias\/wp-content\/uploads\/2019\/03\/professor_2503d.jpg\",\"width\":273,\"height\":181},{\"@type\":\"WebPage\",\"@id\":\"https:\/\/franciscanos.org.br\/noticias\/melhor-professor-do-mundo-e-franciscano.html#webpage\",\"url\":\"https:\/\/franciscanos.org.br\/noticias\/melhor-professor-do-mundo-e-franciscano.html\",\"name\":\"\\\"Melhor professor do mundo\\\" \u00e9 franciscano - Not\u00edcias - Franciscanos\",\"isPartOf\":{\"@id\":\"https:\/\/franciscanos.org.br\/noticias\/#website\"},\"primaryImageOfPage\":{\"@id\":\"https:\/\/franciscanos.org.br\/noticias\/melhor-professor-do-mundo-e-franciscano.html#primaryimage\"},\"datePublished\":\"2019-03-25T10:36:11+00:00\",\"dateModified\":\"2020-08-06T19:37:00+00:00\",\"author\":{\"@id\":\"https:\/\/franciscanos.org.br\/noticias\/#\/schema\/person\/b5c8cba458c330ccff548b056e95a5d4\"},\"breadcrumb\":{\"@id\":\"https:\/\/franciscanos.org.br\/noticias\/melhor-professor-do-mundo-e-franciscano.html#breadcrumb\"},\"inLanguage\":\"pt-BR\",\"potentialAction\":[{\"@type\":\"ReadAction\",\"target\":[\"https:\/\/franciscanos.org.br\/noticias\/melhor-professor-do-mundo-e-franciscano.html\"]}]},{\"@type\":\"BreadcrumbList\",\"@id\":\"https:\/\/franciscanos.org.br\/noticias\/melhor-professor-do-mundo-e-franciscano.html#breadcrumb\",\"itemListElement\":[{\"@type\":\"ListItem\",\"position\":1,\"name\":\"Home\",\"item\":\"https:\/\/franciscanos.org.br\/noticias\"},{\"@type\":\"ListItem\",\"position\":2,\"name\":\"&#8220;Melhor professor do mundo&#8221; \u00e9 franciscano\"}]},{\"@type\":\"Person\",\"@id\":\"https:\/\/franciscanos.org.br\/noticias\/#\/schema\/person\/b5c8cba458c330ccff548b056e95a5d4\",\"name\":\"moacir\",\"image\":{\"@type\":\"ImageObject\",\"inLanguage\":\"pt-BR\",\"@id\":\"https:\/\/franciscanos.org.br\/noticias\/#\/schema\/person\/image\/\",\"url\":\"https:\/\/secure.gravatar.com\/avatar\/d08aa2ce4c8dd416d4479aa8536fcf64?s=96&d=mm&r=g\",\"contentUrl\":\"https:\/\/secure.gravatar.com\/avatar\/d08aa2ce4c8dd416d4479aa8536fcf64?s=96&d=mm&r=g\",\"caption\":\"moacir\"},\"url\":\"https:\/\/franciscanos.org.br\/noticias\/author\/moacir\"}]}<\/script>\n<!-- \/ Yoast SEO plugin. -->","yoast_head_json":{"title":"\"Melhor professor do mundo\" \u00e9 franciscano - Not\u00edcias - Franciscanos","robots":{"index":"index","follow":"follow","max-snippet":"max-snippet:-1","max-image-preview":"max-image-preview:large","max-video-preview":"max-video-preview:-1"},"canonical":"https:\/\/franciscanos.org.br\/noticias\/melhor-professor-do-mundo-e-franciscano.html","og_locale":"pt_BR","og_type":"article","og_title":"\"Melhor professor do mundo\" \u00e9 franciscano - Not\u00edcias - Franciscanos","og_description":"Peter Tabichi, religioso franciscano, ganhou o Global Teacher Prize de 2019, conferido pela Funda\u00e7\u00e3o Varkey, organiza\u00e7\u00e3o de caridade dedicada \u00e0 melhoria da educa\u00e7\u00e3o para crian\u00e7as carentes. Tabichi foi elogiado por suas realiza\u00e7\u00f5es em uma escola sem infraestrutura, em meio a classes lotadas e poucos livros did\u00e1ticos. Ele quer que os alunos vejam &#8220;a ci\u00eancia \u00e9 [&hellip;]","og_url":"https:\/\/franciscanos.org.br\/noticias\/melhor-professor-do-mundo-e-franciscano.html","og_site_name":"Not\u00edcias - Franciscanos","article_published_time":"2019-03-25T10:36:11+00:00","article_modified_time":"2020-08-06T19:37:00+00:00","og_image":[{"width":273,"height":181,"url":"https:\/\/franciscanos.org.br\/noticias\/wp-content\/uploads\/2019\/03\/professor_2503d.jpg","type":"image\/jpeg"}],"author":"moacir","twitter_card":"summary_large_image","twitter_misc":{"Escrito por":"moacir","Est. tempo de leitura":"5 minutos"},"schema":{"@context":"https:\/\/schema.org","@graph":[{"@type":"WebSite","@id":"https:\/\/franciscanos.org.br\/noticias\/#website","url":"https:\/\/franciscanos.org.br\/noticias\/","name":"Not\u00edcias - Franciscanos","description":"Prov\u00edncia Franciscana da Imaculada Concei\u00e7\u00e3o do Brasil - Ordem dos Frades Menores - OFM","potentialAction":[{"@type":"SearchAction","target":{"@type":"EntryPoint","urlTemplate":"https:\/\/franciscanos.org.br\/noticias\/?s={search_term_string}"},"query-input":"required name=search_term_string"}],"inLanguage":"pt-BR"},{"@type":"ImageObject","inLanguage":"pt-BR","@id":"https:\/\/franciscanos.org.br\/noticias\/melhor-professor-do-mundo-e-franciscano.html#primaryimage","url":"https:\/\/franciscanos.org.br\/noticias\/wp-content\/uploads\/2019\/03\/professor_2503d.jpg","contentUrl":"https:\/\/franciscanos.org.br\/noticias\/wp-content\/uploads\/2019\/03\/professor_2503d.jpg","width":273,"height":181},{"@type":"WebPage","@id":"https:\/\/franciscanos.org.br\/noticias\/melhor-professor-do-mundo-e-franciscano.html#webpage","url":"https:\/\/franciscanos.org.br\/noticias\/melhor-professor-do-mundo-e-franciscano.html","name":"\"Melhor professor do mundo\" \u00e9 franciscano - Not\u00edcias - Franciscanos","isPartOf":{"@id":"https:\/\/franciscanos.org.br\/noticias\/#website"},"primaryImageOfPage":{"@id":"https:\/\/franciscanos.org.br\/noticias\/melhor-professor-do-mundo-e-franciscano.html#primaryimage"},"datePublished":"2019-03-25T10:36:11+00:00","dateModified":"2020-08-06T19:37:00+00:00","author":{"@id":"https:\/\/franciscanos.org.br\/noticias\/#\/schema\/person\/b5c8cba458c330ccff548b056e95a5d4"},"breadcrumb":{"@id":"https:\/\/franciscanos.org.br\/noticias\/melhor-professor-do-mundo-e-franciscano.html#breadcrumb"},"inLanguage":"pt-BR","potentialAction":[{"@type":"ReadAction","target":["https:\/\/franciscanos.org.br\/noticias\/melhor-professor-do-mundo-e-franciscano.html"]}]},{"@type":"BreadcrumbList","@id":"https:\/\/franciscanos.org.br\/noticias\/melhor-professor-do-mundo-e-franciscano.html#breadcrumb","itemListElement":[{"@type":"ListItem","position":1,"name":"Home","item":"https:\/\/franciscanos.org.br\/noticias"},{"@type":"ListItem","position":2,"name":"&#8220;Melhor professor do mundo&#8221; \u00e9 franciscano"}]},{"@type":"Person","@id":"https:\/\/franciscanos.org.br\/noticias\/#\/schema\/person\/b5c8cba458c330ccff548b056e95a5d4","name":"moacir","image":{"@type":"ImageObject","inLanguage":"pt-BR","@id":"https:\/\/franciscanos.org.br\/noticias\/#\/schema\/person\/image\/","url":"https:\/\/secure.gravatar.com\/avatar\/d08aa2ce4c8dd416d4479aa8536fcf64?s=96&d=mm&r=g","contentUrl":"https:\/\/secure.gravatar.com\/avatar\/d08aa2ce4c8dd416d4479aa8536fcf64?s=96&d=mm&r=g","caption":"moacir"},"url":"https:\/\/franciscanos.org.br\/noticias\/author\/moacir"}]}},"_links":{"self":[{"href":"https:\/\/franciscanos.org.br\/noticias\/wp-json\/wp\/v2\/posts\/201813"}],"collection":[{"href":"https:\/\/franciscanos.org.br\/noticias\/wp-json\/wp\/v2\/posts"}],"about":[{"href":"https:\/\/franciscanos.org.br\/noticias\/wp-json\/wp\/v2\/types\/post"}],"author":[{"embeddable":true,"href":"https:\/\/franciscanos.org.br\/noticias\/wp-json\/wp\/v2\/users\/3"}],"replies":[{"embeddable":true,"href":"https:\/\/franciscanos.org.br\/noticias\/wp-json\/wp\/v2\/comments?post=201813"}],"version-history":[{"count":1,"href":"https:\/\/franciscanos.org.br\/noticias\/wp-json\/wp\/v2\/posts\/201813\/revisions"}],"predecessor-version":[{"id":227599,"href":"https:\/\/franciscanos.org.br\/noticias\/wp-json\/wp\/v2\/posts\/201813\/revisions\/227599"}],"wp:featuredmedia":[{"embeddable":true,"href":"https:\/\/franciscanos.org.br\/noticias\/wp-json\/wp\/v2\/media\/201816"}],"wp:attachment":[{"href":"https:\/\/franciscanos.org.br\/noticias\/wp-json\/wp\/v2\/media?parent=201813"}],"wp:term":[{"taxonomy":"category","embeddable":true,"href":"https:\/\/franciscanos.org.br\/noticias\/wp-json\/wp\/v2\/categories?post=201813"},{"taxonomy":"post_tag","embeddable":true,"href":"https:\/\/franciscanos.org.br\/noticias\/wp-json\/wp\/v2\/tags?post=201813"}],"curies":[{"name":"wp","href":"https:\/\/api.w.org\/{rel}","templated":true}]}}