{"id":201803,"date":"2019-03-24T13:17:22","date_gmt":"2019-03-24T16:17:22","guid":{"rendered":"https:\/\/franciscanos.org.br\/noticias\/?p=201803"},"modified":"2020-08-06T16:37:24","modified_gmt":"2020-08-06T19:37:24","slug":"angelus-podemos-confiar-muito-na-misericordia-de-deus-mas-sem-abusar","status":"publish","type":"post","link":"https:\/\/franciscanos.org.br\/noticias\/angelus-podemos-confiar-muito-na-misericordia-de-deus-mas-sem-abusar.html","title":{"rendered":"Angelus: podemos confiar muito na miseric\u00f3rdia de Deus, mas sem abusar"},"content":{"rendered":"<p><img loading=\"lazy\" class=\"alignleft size-full wp-image-201804\" src=\"https:\/\/franciscanos.org.br\/noticias\/wp-content\/uploads\/2019\/03\/angelus_2403.jpg\" alt=\"\" width=\"890\" height=\"547\" srcset=\"https:\/\/franciscanos.org.br\/noticias\/wp-content\/uploads\/2019\/03\/angelus_2403.jpg 890w, https:\/\/franciscanos.org.br\/noticias\/wp-content\/uploads\/2019\/03\/angelus_2403-450x277.jpg 450w, https:\/\/franciscanos.org.br\/noticias\/wp-content\/uploads\/2019\/03\/angelus_2403-768x472.jpg 768w, https:\/\/franciscanos.org.br\/noticias\/wp-content\/uploads\/2019\/03\/angelus_2403-150x92.jpg 150w\" sizes=\"(max-width: 890px) 100vw, 890px\" \/><\/p>\n<p><strong>Cidade do Vaticano<\/strong> &#8211; \u201cA possibilidade da convers\u00e3o n\u00e3o \u00e9 ilimitada; por isso \u00e9 preciso aproveitar logo; do contr\u00e1rio ela se perderia para sempre. Podemos confiar muito na miseric\u00f3rdia de Deus, mas sem abusar dela. N\u00e3o devemos justificar a pregui\u00e7a espiritual, mas aumentar nosso esfor\u00e7o a corresponder prontamente a essa miseric\u00f3rdia com cora\u00e7\u00e3o sincero\u201d. Foi o que disse o Papa Francisco ao meio-dia deste domingo (24\/03) no Angelus rezado com milhares de fi\u00e9is e peregrinos reunidos na Pra\u00e7a S\u00e3o Pedro para a ora\u00e7\u00e3o mariana com o Santo Padre.<\/p>\n<p>Na alocu\u00e7\u00e3o que precedeu a ora\u00e7\u00e3o, Francisco comentou a p\u00e1gina do Evangelho deste terceiro domingo da Quaresma (Lc 13,1-9), que nos fala da miseric\u00f3rdia de Deus e da nossa convers\u00e3o. A p\u00e1gina do Evangelho nos traz nos vers\u00edculos 6 a 9 a seguinte par\u00e1bola contada por Jesus: \u201cUm homem tinha uma figueira plantada em sua vinha. Veio a ela procurar frutos, mas n\u00e3o encontrou. Ent\u00e3o disse ao vinhateiro: \u2018H\u00e1 tr\u00eas anos que venho buscar frutos nesta figueira e n\u00e3o encontro. Corta-a; por que h\u00e1 de tornar a terra infrut\u00edfera? Ele, por\u00e9m, respondeu: \u2018Senhor, deixa-a ainda este ano para que eu cave ao redor e coloque adubo. Depois, talvez, d\u00ea frutos\u2026 Caso contr\u00e1rio, tu a cortar\u00e1s\u2019\u201d.<\/p>\n<p>O dono da figueira representa Deus Pai e o vinhateiro \u00e9 imagem de Jesus, j\u00e1 o figo \u00e9 s\u00edmbolo da humanidade indiferente e \u00e1rida, disse o Papa, acrescentando que \u201cJesus intercede ao Pai em favor da humanidade \u2013 e o faz sempre \u2013 e pede que espere e Lhe d\u00ea mais tempo, para que nela possam germinar os frutos do amor e da justi\u00e7a\u201d.<\/p>\n<p>Francisco explicou que a figueira que o dono na par\u00e1bola quer extirpar representa uma exist\u00eancia est\u00e9ril, incapaz de doa\u00e7\u00e3o, incapaz de fazer o bem. \u201c\u00c9 s\u00edmbolo de quem vive para si mesmo, saciado e tranquilo, aconchegado em suas comodidades, incapaz de voltar o olhar e o cora\u00e7\u00e3o para aqueles est\u00e3o a seu lado e se encontram em condi\u00e7\u00e3o de sofrimento, em condi\u00e7\u00e3o de pobreza, de dificuldade.\u201d<\/p>\n<p>O Santo Padre disse ainda que esta atitude de ego\u00edsmo e de esterilidade espiritual \u00e9 contraposta pelo grande amor do vinhateiro pela figueira: tem paci\u00eancia, sabe esperar, lhe dedica seu tempo e seu trabalho.<\/p>\n<p>Esta similitude do vinhateiro manifesta a miseric\u00f3rdia de Deus, que nos deixa um tempo para a convers\u00e3o. Todos precisamos converter-nos, dar um passo adiante, e a paci\u00eancia de Deus, a miseric\u00f3rdia, nos acompanha nisso, afirmou o Papa.<\/p>\n<p>\u201cApesar da esterilidade, que por vezes marca a nossa exist\u00eancia, Deus tem paci\u00eancia e nos oferece a possibilidade de mudar e de progredir no caminho do bem. Mas o prazo implorado e concedido \u00e0 espera que a \u00e1rvore finalmente frutifique, indica tamb\u00e9m a urg\u00eancia da convers\u00e3o\u201d.<\/p>\n<p>N\u00f3s podemos pensar nesta Quaresma: o que devo fazer para aproximar-me mais do Senhor, para converter-me, para eliminar aquelas coisas que n\u00e3o s\u00e3o boas? \u201cN\u00e3o, n\u00e3o&#8230; esperarei a pr\u00f3xima Quaresma&#8230;\u201d Mas voc\u00eas estar\u00e1 vivo na pr\u00f3xima Quaresma? Cada um de n\u00f3s pense hoje: o que devo fazer diante dessa miseric\u00f3rdia de Deus que me espera e que sempre perdoa. O que devo fazer? \u2013 interpelou o Pont\u00edfice.<\/p>\n<p>\u201cNa Quaresma, o Senhor nos convida \u00e0 convers\u00e3o\u201d, disse ainda Francisco, acrescentando: \u201cCada um de n\u00f3s deve sentir-se interpelado por esse chamado, corrigindo algo em nossa vida, no modo de pensar, de agir e de viver as rela\u00e7\u00f5es com o pr\u00f3ximo. Ao mesmo tempo, devemos imitar a paci\u00eancia de Deus que confia na capacidade de todos de poder \u2018levantar-se\u2019 e retomar o caminho. Deus \u00e9 Pai, e n\u00e3o apaga a chama fraca, mas acompanha e cuida de quem \u00e9 fr\u00e1gil a fim de que se robuste\u00e7a e d\u00ea sua contribui\u00e7\u00e3o de amor \u00e0 comunidade.\u201d<\/p>\n<p>Francisco pediu \u00e0 Virgem Maria que nos ajude a viver estes dias de prepara\u00e7\u00e3o para a P\u00e1scoa como um tempo de renova\u00e7\u00e3o espiritual e de confiante abertura \u00e0 gra\u00e7a de Deus e \u00e0 suas miseric\u00f3rdia.<\/p>\n<p>O Papa lembrou ainda, ap\u00f3s a ora\u00e7\u00e3o mariana, que este s\u00e1bado 23\/03) foi beatificado em Tarragona, na Espanha, Mariano Mullerat y Soldevia, pai de fam\u00edlia e m\u00e9dico, que cuidou dos sofrimentos f\u00edsicos e morais dos irm\u00e3os, testemunhando com a vida e com o mart\u00edrio o primado da caridade e o primado do perd\u00e3o.<\/p>\n<p>Ressaltou tamb\u00e9m a celebra\u00e7\u00e3o, neste domingo, do Dia em mem\u00f3ria dos mission\u00e1rios m\u00e1rtires. \u201cRecordar este calv\u00e1rio contempor\u00e2neo de irm\u00e3os e irm\u00e3s perseguidos ou assassinados por causa da sua f\u00e9 em Jesus \u00e9 para toda a Igreja um dever de gratid\u00e3o, mas tamb\u00e9m um est\u00edmulo a testemunhar com coragem a nossa f\u00e9 e a nossa esperan\u00e7a n\u2019Aquele que na Cruz venceu para sempre o \u00f3dio e a viol\u00eancia com o seu amor\u201d, frisou o Santo Padre.<\/p>\n<hr \/>\n<p><img loading=\"lazy\" class=\"alignleft size-full wp-image-201806\" src=\"https:\/\/franciscanos.org.br\/noticias\/wp-content\/uploads\/2019\/03\/loreto_2403.jpg\" alt=\"\" width=\"890\" height=\"440\" srcset=\"https:\/\/franciscanos.org.br\/noticias\/wp-content\/uploads\/2019\/03\/loreto_2403.jpg 890w, https:\/\/franciscanos.org.br\/noticias\/wp-content\/uploads\/2019\/03\/loreto_2403-450x222.jpg 450w, https:\/\/franciscanos.org.br\/noticias\/wp-content\/uploads\/2019\/03\/loreto_2403-768x380.jpg 768w, https:\/\/franciscanos.org.br\/noticias\/wp-content\/uploads\/2019\/03\/loreto_2403-150x74.jpg 150w\" sizes=\"(max-width: 890px) 100vw, 890px\" \/><\/p>\n<h2>VIAGEM A LORETO NESTA SEGUNDA<\/h2>\n<p>Francisco destacou, por fim, que Nesta segunda-feira (25\/03), Festa da Anuncia\u00e7\u00e3o do Senhor, ir\u00e1 a Loreto, \u00e0 Casa da Virgem. \u201cEscolhi este lugar para a assinatura da Exorta\u00e7\u00e3o Apost\u00f3lica dedicada aos jovens. Pe\u00e7o a ora\u00e7\u00e3o de voc\u00eas a fim de que o sim de Maria se torne o sim de muitos de n\u00f3s\u201d, concluiu.<\/p>\n<p>A espl\u00eandida cidade de Loreto, imersa nos campos da regi\u00e3o italiana das Marcas, deve a sua fama ao Santu\u00e1rio onde se conserva e se venera a Santa Casa da Virgem Maria; lugar sagrado, definido por Jo\u00e3o Paulo II como o &#8220;verdadeiro cora\u00e7\u00e3o mariano do cristianismo&#8221;.<br \/>\nEste Santu\u00e1rio foi por s\u00e9culos e ainda \u00e9 um dos mais importantes lugares de peregrina\u00e7\u00e3o no mundo cat\u00f3lico. Foi visitado \u2013 segundo a hist\u00f3ria &#8211; por cerca de 200 santos e beatos, e por v\u00e1rios Papas. De acordo com uma antiga tradi\u00e7\u00e3o, hoje comprovada por pesquisas hist\u00f3ricas e arqueol\u00f3gicas, a Santa Casa \u00e9 precisamente a casa de Nazar\u00e9 onde Maria nasceu, foi educada e recebeu o an\u00fancio ang\u00e9lico. A casa era composta por uma sala de alvenaria composta por tr\u00eas paredes de pedra colocadas diante de uma gruta escavada na rocha.<\/p>\n<p>A gruta \u00e9 ainda hoje venerada em Nazar\u00e9, na Bas\u00edlica da Anuncia\u00e7\u00e3o, enquanto as tr\u00eas paredes de pedra, segundo a tradi\u00e7\u00e3o, foram transportadas para Loreto em 1294, quando os cruzados foram expulsos da Palestina. Documentos e escava\u00e7\u00f5es arqueol\u00f3gicas confirmam a hip\u00f3tese de que as paredes da Santa Casa foram transportadas para Loreto num navio, por iniciativa da nobre fam\u00edlia Angeli.<\/p>\n<p>Um documento, datado de 1294 e descoberto recentemente, atestaria que Nic\u00e9foro Angeli, d\u00e9spota de Epiro, ao conceder sua filha Ithamar em casamento a Filipe de Taranto, filho do Rei de N\u00e1poles, Carlos II de Angi\u00f2, deu-lhe como dote v\u00e1rios bens entre os quais figuram &#8220;as pedras sagradas tiradas da Casa de Nossa Senhora, a Virgem M\u00e3e de Deus&#8221;.<\/p>\n<p>A partir de meados de 1400, para proteger essas humildes paredes de pedra e para acolher a crescente multid\u00e3o de peregrinos que visitam a rel\u00edquia sagrada, iniciou-se em Loreto a constru\u00e7\u00e3o do magn\u00edfico Santu\u00e1rio.<\/p>\n<p>Sobre a missa que o Papa celebrar\u00e1 na Santa Casa, o arcebispo Delegado Pontif\u00edcio em Loreto, Dom Fabio Dal Cin, que acolher\u00e1 o Santo Padre na Bas\u00edlica, sublinha que &#8220;o evento tamb\u00e9m \u00e9 hist\u00f3rico, porque desde Pio IX, Francisco \u00e9 o primeiro Papa a celebrar dentro da Santa Casa. H\u00e1 162 anos que a Missa n\u00e3o era celebrada por um Papa no seu interior. Portanto, h\u00e1 um valor muito forte esta liga\u00e7\u00e3o com a casa, a fam\u00edlia, o lugar da fam\u00edlia de Nazar\u00e9, a primeira igreja dom\u00e9stica&#8221;.<\/p>\n<p>Assim o Papa Francisco assinar\u00e1 no Santu\u00e1rio de Loreto, e dali ganhar\u00e1 o mundo, a Exorta\u00e7\u00e3o p\u00f3s-sinodal, uma &#8216;Carta aos jovens&#8217;. \u2018Vive Cristo, esperan\u00e7a nossa\u2019, esse \u00e9 o nome, cujo texto original \u00e9 em espanhol. O gesto do Papa traduz sua inten\u00e7\u00e3o de confiar \u00e0 Virgem Maria o documento que sela o trabalho do S\u00ednodo dos Bispos realizado no Vaticano de 3 a 28 de outubro de 2018 sobre o tema: &#8220;Os Jovens, a f\u00e9 e o discernimento vocacional&#8221;.<\/p>\n","protected":false},"excerpt":{"rendered":"<p>&#8220;Cada um de n\u00f3s pense hoje: o que devo fazer diante dessa miseric\u00f3rdia de Deus que me espera e que sempre perdoa&#8221;, disse o Papa no Angelus.<\/p>\n","protected":false},"author":3,"featured_media":201805,"comment_status":"open","ping_status":"open","sticky":false,"template":"","format":"standard","meta":[],"categories":[1428],"tags":[403],"acf":[],"yoast_head":"<!-- This site is optimized with the Yoast SEO plugin v19.2 - https:\/\/yoast.com\/wordpress\/plugins\/seo\/ -->\n<title>Angelus: podemos confiar muito na miseric\u00f3rdia de Deus, mas sem abusar - Not\u00edcias - Franciscanos<\/title>\n<meta name=\"robots\" content=\"index, follow, max-snippet:-1, max-image-preview:large, max-video-preview:-1\" \/>\n<link rel=\"canonical\" href=\"https:\/\/franciscanos.org.br\/noticias\/angelus-podemos-confiar-muito-na-misericordia-de-deus-mas-sem-abusar.html\" \/>\n<meta property=\"og:locale\" content=\"pt_BR\" \/>\n<meta property=\"og:type\" content=\"article\" \/>\n<meta property=\"og:title\" content=\"Angelus: podemos confiar muito na miseric\u00f3rdia de Deus, mas sem abusar - Not\u00edcias - Franciscanos\" \/>\n<meta property=\"og:description\" content=\"&quot;Cada um de n\u00f3s pense hoje: o que devo fazer diante dessa miseric\u00f3rdia de Deus que me espera e que sempre perdoa&quot;, disse o Papa no Angelus.\" \/>\n<meta property=\"og:url\" content=\"https:\/\/franciscanos.org.br\/noticias\/angelus-podemos-confiar-muito-na-misericordia-de-deus-mas-sem-abusar.html\" \/>\n<meta property=\"og:site_name\" content=\"Not\u00edcias - Franciscanos\" \/>\n<meta property=\"article:published_time\" content=\"2019-03-24T16:17:22+00:00\" \/>\n<meta property=\"article:modified_time\" content=\"2020-08-06T19:37:24+00:00\" \/>\n<meta property=\"og:image\" content=\"https:\/\/franciscanos.org.br\/noticias\/wp-content\/uploads\/2019\/03\/angelus_2403d.jpg\" \/>\n\t<meta property=\"og:image:width\" content=\"273\" \/>\n\t<meta property=\"og:image:height\" content=\"181\" \/>\n\t<meta property=\"og:image:type\" content=\"image\/jpeg\" \/>\n<meta name=\"author\" content=\"moacir\" \/>\n<meta name=\"twitter:card\" content=\"summary_large_image\" \/>\n<meta name=\"twitter:label1\" content=\"Escrito por\" \/>\n\t<meta name=\"twitter:data1\" content=\"moacir\" \/>\n\t<meta name=\"twitter:label2\" content=\"Est. tempo de leitura\" \/>\n\t<meta name=\"twitter:data2\" content=\"7 minutos\" \/>\n<script type=\"application\/ld+json\" class=\"yoast-schema-graph\">{\"@context\":\"https:\/\/schema.org\",\"@graph\":[{\"@type\":\"WebSite\",\"@id\":\"https:\/\/franciscanos.org.br\/noticias\/#website\",\"url\":\"https:\/\/franciscanos.org.br\/noticias\/\",\"name\":\"Not\u00edcias - Franciscanos\",\"description\":\"Prov\u00edncia Franciscana da Imaculada Concei\u00e7\u00e3o do Brasil - Ordem dos Frades Menores - OFM\",\"potentialAction\":[{\"@type\":\"SearchAction\",\"target\":{\"@type\":\"EntryPoint\",\"urlTemplate\":\"https:\/\/franciscanos.org.br\/noticias\/?s={search_term_string}\"},\"query-input\":\"required name=search_term_string\"}],\"inLanguage\":\"pt-BR\"},{\"@type\":\"ImageObject\",\"inLanguage\":\"pt-BR\",\"@id\":\"https:\/\/franciscanos.org.br\/noticias\/angelus-podemos-confiar-muito-na-misericordia-de-deus-mas-sem-abusar.html#primaryimage\",\"url\":\"https:\/\/franciscanos.org.br\/noticias\/wp-content\/uploads\/2019\/03\/angelus_2403d.jpg\",\"contentUrl\":\"https:\/\/franciscanos.org.br\/noticias\/wp-content\/uploads\/2019\/03\/angelus_2403d.jpg\",\"width\":273,\"height\":181},{\"@type\":\"WebPage\",\"@id\":\"https:\/\/franciscanos.org.br\/noticias\/angelus-podemos-confiar-muito-na-misericordia-de-deus-mas-sem-abusar.html#webpage\",\"url\":\"https:\/\/franciscanos.org.br\/noticias\/angelus-podemos-confiar-muito-na-misericordia-de-deus-mas-sem-abusar.html\",\"name\":\"Angelus: podemos confiar muito na miseric\u00f3rdia de Deus, mas sem abusar - Not\u00edcias - Franciscanos\",\"isPartOf\":{\"@id\":\"https:\/\/franciscanos.org.br\/noticias\/#website\"},\"primaryImageOfPage\":{\"@id\":\"https:\/\/franciscanos.org.br\/noticias\/angelus-podemos-confiar-muito-na-misericordia-de-deus-mas-sem-abusar.html#primaryimage\"},\"datePublished\":\"2019-03-24T16:17:22+00:00\",\"dateModified\":\"2020-08-06T19:37:24+00:00\",\"author\":{\"@id\":\"https:\/\/franciscanos.org.br\/noticias\/#\/schema\/person\/b5c8cba458c330ccff548b056e95a5d4\"},\"breadcrumb\":{\"@id\":\"https:\/\/franciscanos.org.br\/noticias\/angelus-podemos-confiar-muito-na-misericordia-de-deus-mas-sem-abusar.html#breadcrumb\"},\"inLanguage\":\"pt-BR\",\"potentialAction\":[{\"@type\":\"ReadAction\",\"target\":[\"https:\/\/franciscanos.org.br\/noticias\/angelus-podemos-confiar-muito-na-misericordia-de-deus-mas-sem-abusar.html\"]}]},{\"@type\":\"BreadcrumbList\",\"@id\":\"https:\/\/franciscanos.org.br\/noticias\/angelus-podemos-confiar-muito-na-misericordia-de-deus-mas-sem-abusar.html#breadcrumb\",\"itemListElement\":[{\"@type\":\"ListItem\",\"position\":1,\"name\":\"Home\",\"item\":\"https:\/\/franciscanos.org.br\/noticias\"},{\"@type\":\"ListItem\",\"position\":2,\"name\":\"Angelus: podemos confiar muito na miseric\u00f3rdia de Deus, mas sem abusar\"}]},{\"@type\":\"Person\",\"@id\":\"https:\/\/franciscanos.org.br\/noticias\/#\/schema\/person\/b5c8cba458c330ccff548b056e95a5d4\",\"name\":\"moacir\",\"image\":{\"@type\":\"ImageObject\",\"inLanguage\":\"pt-BR\",\"@id\":\"https:\/\/franciscanos.org.br\/noticias\/#\/schema\/person\/image\/\",\"url\":\"https:\/\/secure.gravatar.com\/avatar\/d08aa2ce4c8dd416d4479aa8536fcf64?s=96&d=mm&r=g\",\"contentUrl\":\"https:\/\/secure.gravatar.com\/avatar\/d08aa2ce4c8dd416d4479aa8536fcf64?s=96&d=mm&r=g\",\"caption\":\"moacir\"},\"url\":\"https:\/\/franciscanos.org.br\/noticias\/author\/moacir\"}]}<\/script>\n<!-- \/ Yoast SEO plugin. -->","yoast_head_json":{"title":"Angelus: podemos confiar muito na miseric\u00f3rdia de Deus, mas sem abusar - Not\u00edcias - Franciscanos","robots":{"index":"index","follow":"follow","max-snippet":"max-snippet:-1","max-image-preview":"max-image-preview:large","max-video-preview":"max-video-preview:-1"},"canonical":"https:\/\/franciscanos.org.br\/noticias\/angelus-podemos-confiar-muito-na-misericordia-de-deus-mas-sem-abusar.html","og_locale":"pt_BR","og_type":"article","og_title":"Angelus: podemos confiar muito na miseric\u00f3rdia de Deus, mas sem abusar - Not\u00edcias - Franciscanos","og_description":"\"Cada um de n\u00f3s pense hoje: o que devo fazer diante dessa miseric\u00f3rdia de Deus que me espera e que sempre perdoa\", disse o Papa no Angelus.","og_url":"https:\/\/franciscanos.org.br\/noticias\/angelus-podemos-confiar-muito-na-misericordia-de-deus-mas-sem-abusar.html","og_site_name":"Not\u00edcias - Franciscanos","article_published_time":"2019-03-24T16:17:22+00:00","article_modified_time":"2020-08-06T19:37:24+00:00","og_image":[{"width":273,"height":181,"url":"https:\/\/franciscanos.org.br\/noticias\/wp-content\/uploads\/2019\/03\/angelus_2403d.jpg","type":"image\/jpeg"}],"author":"moacir","twitter_card":"summary_large_image","twitter_misc":{"Escrito por":"moacir","Est. tempo de leitura":"7 minutos"},"schema":{"@context":"https:\/\/schema.org","@graph":[{"@type":"WebSite","@id":"https:\/\/franciscanos.org.br\/noticias\/#website","url":"https:\/\/franciscanos.org.br\/noticias\/","name":"Not\u00edcias - Franciscanos","description":"Prov\u00edncia Franciscana da Imaculada Concei\u00e7\u00e3o do Brasil - Ordem dos Frades Menores - OFM","potentialAction":[{"@type":"SearchAction","target":{"@type":"EntryPoint","urlTemplate":"https:\/\/franciscanos.org.br\/noticias\/?s={search_term_string}"},"query-input":"required name=search_term_string"}],"inLanguage":"pt-BR"},{"@type":"ImageObject","inLanguage":"pt-BR","@id":"https:\/\/franciscanos.org.br\/noticias\/angelus-podemos-confiar-muito-na-misericordia-de-deus-mas-sem-abusar.html#primaryimage","url":"https:\/\/franciscanos.org.br\/noticias\/wp-content\/uploads\/2019\/03\/angelus_2403d.jpg","contentUrl":"https:\/\/franciscanos.org.br\/noticias\/wp-content\/uploads\/2019\/03\/angelus_2403d.jpg","width":273,"height":181},{"@type":"WebPage","@id":"https:\/\/franciscanos.org.br\/noticias\/angelus-podemos-confiar-muito-na-misericordia-de-deus-mas-sem-abusar.html#webpage","url":"https:\/\/franciscanos.org.br\/noticias\/angelus-podemos-confiar-muito-na-misericordia-de-deus-mas-sem-abusar.html","name":"Angelus: podemos confiar muito na miseric\u00f3rdia de Deus, mas sem abusar - Not\u00edcias - Franciscanos","isPartOf":{"@id":"https:\/\/franciscanos.org.br\/noticias\/#website"},"primaryImageOfPage":{"@id":"https:\/\/franciscanos.org.br\/noticias\/angelus-podemos-confiar-muito-na-misericordia-de-deus-mas-sem-abusar.html#primaryimage"},"datePublished":"2019-03-24T16:17:22+00:00","dateModified":"2020-08-06T19:37:24+00:00","author":{"@id":"https:\/\/franciscanos.org.br\/noticias\/#\/schema\/person\/b5c8cba458c330ccff548b056e95a5d4"},"breadcrumb":{"@id":"https:\/\/franciscanos.org.br\/noticias\/angelus-podemos-confiar-muito-na-misericordia-de-deus-mas-sem-abusar.html#breadcrumb"},"inLanguage":"pt-BR","potentialAction":[{"@type":"ReadAction","target":["https:\/\/franciscanos.org.br\/noticias\/angelus-podemos-confiar-muito-na-misericordia-de-deus-mas-sem-abusar.html"]}]},{"@type":"BreadcrumbList","@id":"https:\/\/franciscanos.org.br\/noticias\/angelus-podemos-confiar-muito-na-misericordia-de-deus-mas-sem-abusar.html#breadcrumb","itemListElement":[{"@type":"ListItem","position":1,"name":"Home","item":"https:\/\/franciscanos.org.br\/noticias"},{"@type":"ListItem","position":2,"name":"Angelus: podemos confiar muito na miseric\u00f3rdia de Deus, mas sem abusar"}]},{"@type":"Person","@id":"https:\/\/franciscanos.org.br\/noticias\/#\/schema\/person\/b5c8cba458c330ccff548b056e95a5d4","name":"moacir","image":{"@type":"ImageObject","inLanguage":"pt-BR","@id":"https:\/\/franciscanos.org.br\/noticias\/#\/schema\/person\/image\/","url":"https:\/\/secure.gravatar.com\/avatar\/d08aa2ce4c8dd416d4479aa8536fcf64?s=96&d=mm&r=g","contentUrl":"https:\/\/secure.gravatar.com\/avatar\/d08aa2ce4c8dd416d4479aa8536fcf64?s=96&d=mm&r=g","caption":"moacir"},"url":"https:\/\/franciscanos.org.br\/noticias\/author\/moacir"}]}},"_links":{"self":[{"href":"https:\/\/franciscanos.org.br\/noticias\/wp-json\/wp\/v2\/posts\/201803"}],"collection":[{"href":"https:\/\/franciscanos.org.br\/noticias\/wp-json\/wp\/v2\/posts"}],"about":[{"href":"https:\/\/franciscanos.org.br\/noticias\/wp-json\/wp\/v2\/types\/post"}],"author":[{"embeddable":true,"href":"https:\/\/franciscanos.org.br\/noticias\/wp-json\/wp\/v2\/users\/3"}],"replies":[{"embeddable":true,"href":"https:\/\/franciscanos.org.br\/noticias\/wp-json\/wp\/v2\/comments?post=201803"}],"version-history":[{"count":1,"href":"https:\/\/franciscanos.org.br\/noticias\/wp-json\/wp\/v2\/posts\/201803\/revisions"}],"predecessor-version":[{"id":227600,"href":"https:\/\/franciscanos.org.br\/noticias\/wp-json\/wp\/v2\/posts\/201803\/revisions\/227600"}],"wp:featuredmedia":[{"embeddable":true,"href":"https:\/\/franciscanos.org.br\/noticias\/wp-json\/wp\/v2\/media\/201805"}],"wp:attachment":[{"href":"https:\/\/franciscanos.org.br\/noticias\/wp-json\/wp\/v2\/media?parent=201803"}],"wp:term":[{"taxonomy":"category","embeddable":true,"href":"https:\/\/franciscanos.org.br\/noticias\/wp-json\/wp\/v2\/categories?post=201803"},{"taxonomy":"post_tag","embeddable":true,"href":"https:\/\/franciscanos.org.br\/noticias\/wp-json\/wp\/v2\/tags?post=201803"}],"curies":[{"name":"wp","href":"https:\/\/api.w.org\/{rel}","templated":true}]}}