{"id":201718,"date":"2019-03-23T15:19:43","date_gmt":"2019-03-23T18:19:43","guid":{"rendered":"https:\/\/franciscanos.org.br\/noticias\/?p=201718"},"modified":"2019-03-25T07:19:33","modified_gmt":"2019-03-25T10:19:33","slug":"quatro-seculos-de-paz-e-bem-no-largo-da-carioca","status":"publish","type":"post","link":"https:\/\/franciscanos.org.br\/noticias\/quatro-seculos-de-paz-e-bem-no-largo-da-carioca.html","title":{"rendered":"Quatro s\u00e9culos de Paz e Bem no Largo da Carioca"},"content":{"rendered":"<p><img loading=\"lazy\" class=\"aligncenter size-full wp-image-201720\" src=\"https:\/\/franciscanos.org.br\/noticias\/wp-content\/uploads\/2019\/03\/vot_230319.jpg\" alt=\"\" width=\"890\" height=\"668\" srcset=\"https:\/\/franciscanos.org.br\/noticias\/wp-content\/uploads\/2019\/03\/vot_230319.jpg 890w, https:\/\/franciscanos.org.br\/noticias\/wp-content\/uploads\/2019\/03\/vot_230319-450x338.jpg 450w, https:\/\/franciscanos.org.br\/noticias\/wp-content\/uploads\/2019\/03\/vot_230319-768x576.jpg 768w, https:\/\/franciscanos.org.br\/noticias\/wp-content\/uploads\/2019\/03\/vot_230319-150x113.jpg 150w\" sizes=\"(max-width: 890px) 100vw, 890px\" \/><\/p>\n<p><strong>Moacir Beggo<\/strong><\/p>\n<p><strong>\u00a0<\/strong><strong>Rio de Janeiro (RJ)<\/strong> &#8211; Ao presidir a Celebra\u00e7\u00e3o Eucar\u00edstica de A\u00e7\u00e3o de Gra\u00e7as pelos 400 anos da Fraternidade Franciscana Secular de S\u00e3o Francisco da Penit\u00eancia, neste s\u00e1bado (23\/3), \u00e0s 9 horas, o Arcebispo do Rio de Janeiro, Dom Orani Jo\u00e3o Tempesta, exortou que, ao fazer mem\u00f3ria do passado, \u00e9 preciso tamb\u00e9m olhar para o futuro e para os desafios que enfrentam a nossa sociedade, necessitando cada vez mais de homens e mulheres que, com o protagonismo leigo, fa\u00e7am vibrar o Evangelho de Jesus, como fez S\u00e3o Francisco no seu tempo.<\/p>\n<p>Na bela capela da Ordem Terceira, no Largo da Carioca, os irm\u00e3os da Fraternidade jubilanda se uniram aos irm\u00e3os de outras Fraternidades da OFS, aos frades, \u00e0s Clarissas, aos religiosos e religiosas, seminaristas e ao povo de Deus num dia em que o que mais se ouviu foi a sauda\u00e7\u00e3o de &#8220;Paz e Bem&#8221;! Entre os presentes, o Ministro Provincial da Prov\u00edncia da Imaculada Concei\u00e7\u00e3o, Frei C\u00e9sar K\u00fclkamp; o assistente da Fraternidade, Frei Est\u00eav\u00e3o Ottenbreit; o guardi\u00e3o do Convento Santo Ant\u00f4nio, Frei Jos\u00e9 Pereira; a Ministra da Fraternidade, Val\u00e9ria da Costa Pinheiro, e autoridades civis.<\/p>\n<p>Mesmo com a grandiosidade da data &#8211; quatro s\u00e9culos de presen\u00e7a franciscana -, a Celebra\u00e7\u00e3o foi simples, mas cheia de significados e devotamento. Nove irm\u00e3os da Fraternidade fizeram a renova\u00e7\u00e3o da profiss\u00e3o da OFS. &#8220;Renovamos o nosso compromisso de vida evang\u00e9lica segundo a Regra da Ordem Franciscana Secular at\u00e9 ao fim de nossos dias. Concedei-nos tamb\u00e9m que vivamos sempre em harmonia com os nossos irm\u00e3os e que demos testemunho aos mais novos deste t\u00e3o grande dom de V\u00f3s recebido, o dom da voca\u00e7\u00e3o franciscana. Assim nos tornaremos testemunhas e instrumentos da miss\u00e3o da Igreja, no meio dos homens, anunciando o Cristo com a vida e a palavra&#8221;, rezaram os professos com velas acesas nas m\u00e3os.<\/p>\n<p>&nbsp;<\/p>\n<p><img loading=\"lazy\" class=\"aligncenter size-full wp-image-201722\" src=\"https:\/\/franciscanos.org.br\/noticias\/wp-content\/uploads\/2019\/03\/vot_230319_2.jpg\" alt=\"\" width=\"890\" height=\"668\" srcset=\"https:\/\/franciscanos.org.br\/noticias\/wp-content\/uploads\/2019\/03\/vot_230319_2.jpg 890w, https:\/\/franciscanos.org.br\/noticias\/wp-content\/uploads\/2019\/03\/vot_230319_2-450x338.jpg 450w, https:\/\/franciscanos.org.br\/noticias\/wp-content\/uploads\/2019\/03\/vot_230319_2-768x576.jpg 768w, https:\/\/franciscanos.org.br\/noticias\/wp-content\/uploads\/2019\/03\/vot_230319_2-150x113.jpg 150w\" sizes=\"(max-width: 890px) 100vw, 890px\" \/><\/p>\n<p>Dom Orani enfatizou, na sua homilia, exatamente essa promessa que fizeram como irm\u00e3os leigos e irm\u00e3s leigas, recordando que no ano passado a Igreja celebrou o Ano do Laicato. &#8220;E n\u00f3s estamos justamente hoje, aqui, no Rio de Janeiro, comemorando 400 anos de uma Fraternidade leiga da Ordem Franciscana Secular, que \u00e9 a S\u00e3o Francisco da Penit\u00eancia, onde leigos e leigas exercem o protagonismo. Embora tenham assist\u00eancia dos frades e a ora\u00e7\u00e3o das Clarissas, como leigos e leigas est\u00e3o presentes na sociedade e levam o carisma franciscano n\u00e3o s\u00f3 aqui no Rio de Janeiro mas em tantas cidades onde a Ordem Franciscana Secular se faz presente&#8221;, observou o Cardeal, recordando que, no tempo do Brasil Imp\u00e9rio, muitas pessoas da fam\u00edlia imperial ingressaram na OFS.<\/p>\n<p><img loading=\"lazy\" class=\"alignleft size-full wp-image-201810\" src=\"https:\/\/franciscanos.org.br\/noticias\/wp-content\/uploads\/2019\/03\/vot_230319_3-1.jpg\" alt=\"\" width=\"350\" height=\"323\" srcset=\"https:\/\/franciscanos.org.br\/noticias\/wp-content\/uploads\/2019\/03\/vot_230319_3-1.jpg 350w, https:\/\/franciscanos.org.br\/noticias\/wp-content\/uploads\/2019\/03\/vot_230319_3-1-150x138.jpg 150w\" sizes=\"(max-width: 350px) 100vw, 350px\" \/>&#8220;Ao agradecer a Deus pelos 400 anos desta Fraternidade da Ordem Franciscana Secular, estamos agradecendo a Deus por tantos homens e mulheres que nos precederam e que exerceram a sua miss\u00e3o na sociedade&#8221;, enfatizou.<\/p>\n<p>Segundo Dom Orani, a Palavra de Deus ouvida nesse tempo da Quaresma, nos indica um chamado \u00e0 convers\u00e3o, \u00e0 mudan\u00e7a de vida, uma volta para o Senhor.\u00a0 &#8220;\u00c9 um convite para que n\u00f3s n\u00e3o tenhamos medo de nos aproximarmos de Deus, que \u00e9 misericordioso. Creio que todos n\u00f3s somos chamados, nesse tempo da Quaresma, a fazer a experi\u00eancia da miseric\u00f3rdia em nossa vida como leigos e leigas&#8221;, disse.<\/p>\n<p>Ao fazer essa mem\u00f3ria dos 400 anos, Dom Orani tamb\u00e9m questionou como viver essa espiritualidade franciscana no mundo de hoje, marcado por injusti\u00e7as, problemas os mais diversos, \u00f3dio e vingan\u00e7a, mortes, e que nos fazem pensar para onde caminha a humanidade?<\/p>\n<p>&nbsp;<\/p>\n<p>&#8220;Tenho certeza que, assim como Francisco de Assis, os leigos, que vivem essa espiritualidade e aqui caminham h\u00e1 400 anos, alinham com esse protagonismo do leigo de ser esse fermento na massa, de ser essa presen\u00e7a na sociedade que necessita desses valores que Francisco de Assis viveu intensamente, como n\u00f3s ouvimos no coment\u00e1rio inicial, de colocar em pr\u00e1tica a Palavra de Deus&#8221;, enfatizou o Arcebispo do Rio, dizendo que n\u00e3o faltar\u00e1 a gra\u00e7a do Esp\u00edrito Santo para levar essa miss\u00e3o no mundo de hoje.<\/p>\n<p><img loading=\"lazy\" class=\"alignleft size-full wp-image-201811\" src=\"https:\/\/franciscanos.org.br\/noticias\/wp-content\/uploads\/2019\/03\/ofs_2503.jpg\" alt=\"\" width=\"890\" height=\"419\" srcset=\"https:\/\/franciscanos.org.br\/noticias\/wp-content\/uploads\/2019\/03\/ofs_2503.jpg 890w, https:\/\/franciscanos.org.br\/noticias\/wp-content\/uploads\/2019\/03\/ofs_2503-450x212.jpg 450w, https:\/\/franciscanos.org.br\/noticias\/wp-content\/uploads\/2019\/03\/ofs_2503-768x362.jpg 768w, https:\/\/franciscanos.org.br\/noticias\/wp-content\/uploads\/2019\/03\/ofs_2503-150x71.jpg 150w\" sizes=\"(max-width: 890px) 100vw, 890px\" \/><\/p>\n<p>Frei C\u00e9sar destacou que, para a Prov\u00edncia, era uma alegria grande participar deste momento. &#8220;Como foi bem lembrado pelo Cardeal, o protagonismo dos leigos no mundo, na sociedade e na Igreja, \u00e9 tamb\u00e9m um anseio nosso&#8221;, disse o Ministro Provincial. &#8220;A OFS j\u00e1 \u00e9 essa express\u00e3o h\u00e1 tanto tempo conosco aqui no Convento Santo Ant\u00f4nio nesses 400 anos&#8221;, acrescentou.<\/p>\n<p>Para o Ministro Provincial, o carisma franciscano, vivido muito intensamente pela Ordem Franciscana Secular, \u00e9 a fraternidade. &#8220;N\u00f3s temos que tornar ainda mais evidente a fraternidade nessa sociedade que vivemos hoje, marcada por \u00f3dios e preconceitos, e formar uma s\u00f3 fraternidade&#8221;, pediu Frei C\u00e9sar.<\/p>\n<p><strong>OS SONHOS DO FUTURO<\/strong><\/p>\n<p><img loading=\"lazy\" class=\"size-full wp-image-201723 alignright\" src=\"https:\/\/franciscanos.org.br\/noticias\/wp-content\/uploads\/2019\/03\/estevao-2303.jpg\" alt=\"\" width=\"350\" height=\"431\" srcset=\"https:\/\/franciscanos.org.br\/noticias\/wp-content\/uploads\/2019\/03\/estevao-2303.jpg 350w, https:\/\/franciscanos.org.br\/noticias\/wp-content\/uploads\/2019\/03\/estevao-2303-150x185.jpg 150w\" sizes=\"(max-width: 350px) 100vw, 350px\" \/>Para o assistente espiritual Frei Est\u00eav\u00e3o Ottenbreit, celebrar 400 anos n\u00e3o \u00e9 celebrar qualquer data, mas uma &#8220;soma consider\u00e1vel de anos&#8221;, e a presen\u00e7a de uma Fraternidade no mesmo lugar. &#8220;\u00c9 claro que ela n\u00e3o esteve imune a todas as perip\u00e9cias e problemas. Uma certa \u00e9poca at\u00e9 esteve nas m\u00e3os da ma\u00e7onaria, mas depois se recuperou e mais recentemente, com a reorganiza\u00e7\u00e3o, manteve viva a presen\u00e7a franciscana&#8221;, explicou o assistente, referindo-se ao fato de que a Ordem n\u00e3o administra mais o Hospital S\u00e3o Francisco de Assis da Tijuca.<\/p>\n<p>Hoje, segundo Frei Est\u00eav\u00e3o, a Fraternidade tem aqui a incumb\u00eancia de guardar esse tesouro constru\u00eddo ao lado Convento dos frades, &#8220;de tal modo que separamos um pouco o que \u00e9 OFS e administra\u00e7\u00e3o&#8221;. Segundo Frei Est\u00eav\u00e3o, muita gente, em vida, doou os bens para a Fraternidade. &#8220;Essa riqueza gerou a cobi\u00e7a. Na \u00e9poca da ma\u00e7onaria, ser ministro de uma Fraternidade era <em>status<\/em>&#8220;, explicou o frade, que hoje reside em Roma, onde \u00e9 guardi\u00e3o do Antoniano. Segundo ele, h\u00e1 cem anos, por causa desses problemas, um grupo se separou, formando outra Fraternidade ligada aos frades. &#8220;Havia, ent\u00e3o, a Fraternidade rica e a Fraternidade pobre. E hoje \u00e9 hora de superar isso e chegar a uma \u00fanica Fraternidade. Mas isso s\u00e3o sonhos do futuro&#8221;, revelou.<\/p>\n<p><img loading=\"lazy\" class=\"alignleft size-full wp-image-201724\" src=\"https:\/\/franciscanos.org.br\/noticias\/wp-content\/uploads\/2019\/03\/valeria_2303.jpg\" alt=\"\" width=\"350\" height=\"484\" srcset=\"https:\/\/franciscanos.org.br\/noticias\/wp-content\/uploads\/2019\/03\/valeria_2303.jpg 350w, https:\/\/franciscanos.org.br\/noticias\/wp-content\/uploads\/2019\/03\/valeria_2303-325x450.jpg 325w, https:\/\/franciscanos.org.br\/noticias\/wp-content\/uploads\/2019\/03\/valeria_2303-150x207.jpg 150w\" sizes=\"(max-width: 350px) 100vw, 350px\" \/>A Ministra da Fraternidade, Val\u00e9ria da Costa Pinheiro, lembra que a Fraternidade \u00e9 pequena. Apenas 9 irm\u00e3os participam regularmente das atividades, porque alguns s\u00e3o idosos. &#8220;Mas 10 candidatos est\u00e3o em forma\u00e7\u00e3o&#8221;, anima-se Val\u00e9ria, que tamb\u00e9m festeja o fato de a Fraternidade voltar a se reunir no local de origem porque antes tinham como base o Hospital. &#8220;Isso uma b\u00ean\u00e7\u00e3o muito grande, porque passamos a pesquisar e a vivenciar esse local como um lugar sagrado. Desde 1619 que essa Fraternidade se reunia aqui, onde fazia todo o atendimento aos irm\u00e3os da Ordem e aos mais pobres. Para n\u00f3s, voltar aqui foi uma emo\u00e7\u00e3o muito grande. N\u00f3s estamos procurando honrar esse presente que nos foi dado. Tudo isso aqui \u00e9 um pouco de toda a OFS&#8221;, enfatizou. Para ela, nenhum bem \u00e9 maior do que seguir a Cristo \u00e0 maneira de S\u00e3o Francisco: &#8220;Ele o maior bem. \u00c9 o nosso \u2018Paz e Bem\u2019!&#8221;.<\/p>\n<p>A hist\u00f3ria desta Fraternidade come\u00e7ou quando um casal de portugueses, Lu\u00eds de Figueiredo e Ant\u00f4nia Carneiro, irm\u00e3os da Ordem Terceira de Lisboa, ganharam dos frades franciscanos do Convento Santo Ant\u00f4nio um terreno onde constru\u00edram a capela e nasceu a primeira Fraternidade Franciscana do Rio. Era 20 de mar\u00e7o de 1619. Nesses quatro s\u00e9culos, grandes obras foram realizadas, como a igreja dedicada a S\u00e3o Francisco das Chagas, o asilo para pessoas idosas, o hospital e o cemit\u00e9rio.<\/p>\n<p>A \u201cCapela Dourada\u201d da Ordem Terceira \u00e9 uma das mais belas do Brasil. Os principais artistas que trabalharam na ornamenta\u00e7\u00e3o da capela principal e demais depend\u00eancias tinham origem portuguesa: Manoel de Brito e Francisco Xavier de Brito, entalhadores e Caetano da Costa Coelho, este \u00faltimo, natural da cidade do Porto, ex\u00edmio pintor e dourador. A pintura da Capela-mor representa S\u00e3o Francisco sendo recebido no c\u00e9u por Jesus e Nossa senhora, e a do corpo da Igreja, a Glorifica\u00e7\u00e3o de S\u00e3o Francisco de Assis.<\/p>\n<p><img loading=\"lazy\" class=\"alignleft size-full wp-image-201808\" src=\"https:\/\/franciscanos.org.br\/noticias\/wp-content\/uploads\/2019\/03\/ofs_2503_1.jpg\" alt=\"\" width=\"890\" height=\"593\" srcset=\"https:\/\/franciscanos.org.br\/noticias\/wp-content\/uploads\/2019\/03\/ofs_2503_1.jpg 890w, https:\/\/franciscanos.org.br\/noticias\/wp-content\/uploads\/2019\/03\/ofs_2503_1-450x300.jpg 450w, https:\/\/franciscanos.org.br\/noticias\/wp-content\/uploads\/2019\/03\/ofs_2503_1-768x512.jpg 768w, https:\/\/franciscanos.org.br\/noticias\/wp-content\/uploads\/2019\/03\/ofs_2503_1-150x100.jpg 150w\" sizes=\"(max-width: 890px) 100vw, 890px\" \/><\/p>\n<p>Hoje, essa joia cultural e religiosa faz parte do Museu Sacro Franciscano, que abrange atualmente todos os espa\u00e7os, galerias e constru\u00e7\u00f5es existentes no terreno localizado, na Rua da Carioca, n\u00ba 5, Centro do Rio de Janeiro: Igreja da Ordem Terceira de S\u00e3o Francisco da Penit\u00eancia e suas capelas: Capela Primitiva da Ordem (Nossa Senhora da Concei\u00e7\u00e3o), Capela do Sant\u00edssimo, Capela dos Novi\u00e7os, Antessacristia, Sacristia, Capela de S\u00e3o Francisco, Capela das Promessas, Capela dos Ex-votos, Quarto do Padre Assistente, Capela das 5 Chagas, Calv\u00e1rio, Consist\u00f3rio, Coro, Ante-Coro, Mansarda, Galerias e escada, P\u00e1tio Interno, Jardim de Santa Clara, Cemit\u00e9rio antigo das Catacumbas e Capela das Ex\u00e9quias, Jardins, Horta, Pomar e Arquivo.<\/p>\n<hr \/>\n<p>VEJA MAIS IMAGENS DA CELEBRA\u00c7\u00c3O<\/p>\n\n\t\t<style type=\"text\/css\">\n\t\t\t#gallery-1 {\n\t\t\t\tmargin: auto;\n\t\t\t}\n\t\t\t#gallery-1 .gallery-item {\n\t\t\t\tfloat: left;\n\t\t\t\tmargin-top: 10px;\n\t\t\t\ttext-align: center;\n\t\t\t\twidth: 25%;\n\t\t\t}\n\t\t\t#gallery-1 img {\n\t\t\t\tborder: 2px solid #cfcfcf;\n\t\t\t}\n\t\t\t#gallery-1 .gallery-caption {\n\t\t\t\tmargin-left: 0;\n\t\t\t}\n\t\t\t\/* see gallery_shortcode() in wp-includes\/media.php *\/\n\t\t<\/style>\n\t\t<div id='gallery-1' class='gallery galleryid-201718 gallery-columns-4 gallery-size-thumbnail'><dl class='gallery-item'>\n\t\t\t<dt class='gallery-icon portrait'>\n\t\t\t\t<a href='https:\/\/franciscanos.org.br\/noticias\/wp-content\/uploads\/2019\/03\/vot-1.jpg'><img width=\"300\" height=\"300\" src=\"https:\/\/franciscanos.org.br\/noticias\/wp-content\/uploads\/2019\/03\/vot-1-300x300.jpg\" class=\"attachment-thumbnail size-thumbnail\" alt=\"\" loading=\"lazy\" srcset=\"https:\/\/franciscanos.org.br\/noticias\/wp-content\/uploads\/2019\/03\/vot-1-300x300.jpg 300w, https:\/\/franciscanos.org.br\/noticias\/wp-content\/uploads\/2019\/03\/vot-1-400x400.jpg 400w\" sizes=\"(max-width: 300px) 100vw, 300px\" \/><\/a>\n\t\t\t<\/dt><\/dl><dl class='gallery-item'>\n\t\t\t<dt class='gallery-icon landscape'>\n\t\t\t\t<a href='https:\/\/franciscanos.org.br\/noticias\/wp-content\/uploads\/2019\/03\/vot-2.jpg'><img width=\"300\" height=\"300\" src=\"https:\/\/franciscanos.org.br\/noticias\/wp-content\/uploads\/2019\/03\/vot-2-300x300.jpg\" class=\"attachment-thumbnail size-thumbnail\" alt=\"\" loading=\"lazy\" srcset=\"https:\/\/franciscanos.org.br\/noticias\/wp-content\/uploads\/2019\/03\/vot-2-300x300.jpg 300w, https:\/\/franciscanos.org.br\/noticias\/wp-content\/uploads\/2019\/03\/vot-2-400x400.jpg 400w\" sizes=\"(max-width: 300px) 100vw, 300px\" \/><\/a>\n\t\t\t<\/dt><\/dl><dl class='gallery-item'>\n\t\t\t<dt class='gallery-icon landscape'>\n\t\t\t\t<a href='https:\/\/franciscanos.org.br\/noticias\/wp-content\/uploads\/2019\/03\/vot-3.jpg'><img width=\"300\" height=\"300\" src=\"https:\/\/franciscanos.org.br\/noticias\/wp-content\/uploads\/2019\/03\/vot-3-300x300.jpg\" class=\"attachment-thumbnail size-thumbnail\" alt=\"\" loading=\"lazy\" srcset=\"https:\/\/franciscanos.org.br\/noticias\/wp-content\/uploads\/2019\/03\/vot-3-300x300.jpg 300w, https:\/\/franciscanos.org.br\/noticias\/wp-content\/uploads\/2019\/03\/vot-3-400x400.jpg 400w\" sizes=\"(max-width: 300px) 100vw, 300px\" \/><\/a>\n\t\t\t<\/dt><\/dl><dl class='gallery-item'>\n\t\t\t<dt class='gallery-icon portrait'>\n\t\t\t\t<a href='https:\/\/franciscanos.org.br\/noticias\/wp-content\/uploads\/2019\/03\/vot-4.jpg'><img width=\"300\" height=\"300\" src=\"https:\/\/franciscanos.org.br\/noticias\/wp-content\/uploads\/2019\/03\/vot-4-300x300.jpg\" class=\"attachment-thumbnail size-thumbnail\" alt=\"\" loading=\"lazy\" srcset=\"https:\/\/franciscanos.org.br\/noticias\/wp-content\/uploads\/2019\/03\/vot-4-300x300.jpg 300w, https:\/\/franciscanos.org.br\/noticias\/wp-content\/uploads\/2019\/03\/vot-4-400x400.jpg 400w\" sizes=\"(max-width: 300px) 100vw, 300px\" \/><\/a>\n\t\t\t<\/dt><\/dl><br style=\"clear: both\" \/><dl class='gallery-item'>\n\t\t\t<dt class='gallery-icon landscape'>\n\t\t\t\t<a href='https:\/\/franciscanos.org.br\/noticias\/wp-content\/uploads\/2019\/03\/vot-5.jpg'><img width=\"300\" height=\"300\" src=\"https:\/\/franciscanos.org.br\/noticias\/wp-content\/uploads\/2019\/03\/vot-5-300x300.jpg\" class=\"attachment-thumbnail size-thumbnail\" alt=\"\" loading=\"lazy\" srcset=\"https:\/\/franciscanos.org.br\/noticias\/wp-content\/uploads\/2019\/03\/vot-5-300x300.jpg 300w, https:\/\/franciscanos.org.br\/noticias\/wp-content\/uploads\/2019\/03\/vot-5-400x400.jpg 400w\" sizes=\"(max-width: 300px) 100vw, 300px\" \/><\/a>\n\t\t\t<\/dt><\/dl><dl class='gallery-item'>\n\t\t\t<dt class='gallery-icon portrait'>\n\t\t\t\t<a href='https:\/\/franciscanos.org.br\/noticias\/wp-content\/uploads\/2019\/03\/vot-6.jpg'><img width=\"300\" height=\"300\" src=\"https:\/\/franciscanos.org.br\/noticias\/wp-content\/uploads\/2019\/03\/vot-6-300x300.jpg\" class=\"attachment-thumbnail size-thumbnail\" alt=\"\" loading=\"lazy\" srcset=\"https:\/\/franciscanos.org.br\/noticias\/wp-content\/uploads\/2019\/03\/vot-6-300x300.jpg 300w, https:\/\/franciscanos.org.br\/noticias\/wp-content\/uploads\/2019\/03\/vot-6-400x400.jpg 400w\" sizes=\"(max-width: 300px) 100vw, 300px\" \/><\/a>\n\t\t\t<\/dt><\/dl><dl class='gallery-item'>\n\t\t\t<dt class='gallery-icon landscape'>\n\t\t\t\t<a href='https:\/\/franciscanos.org.br\/noticias\/wp-content\/uploads\/2019\/03\/vot-7.jpg'><img width=\"300\" height=\"300\" src=\"https:\/\/franciscanos.org.br\/noticias\/wp-content\/uploads\/2019\/03\/vot-7-300x300.jpg\" class=\"attachment-thumbnail size-thumbnail\" alt=\"\" loading=\"lazy\" srcset=\"https:\/\/franciscanos.org.br\/noticias\/wp-content\/uploads\/2019\/03\/vot-7-300x300.jpg 300w, https:\/\/franciscanos.org.br\/noticias\/wp-content\/uploads\/2019\/03\/vot-7-400x400.jpg 400w\" sizes=\"(max-width: 300px) 100vw, 300px\" \/><\/a>\n\t\t\t<\/dt><\/dl><dl class='gallery-item'>\n\t\t\t<dt class='gallery-icon landscape'>\n\t\t\t\t<a href='https:\/\/franciscanos.org.br\/noticias\/wp-content\/uploads\/2019\/03\/vot-8.jpg'><img width=\"300\" height=\"300\" src=\"https:\/\/franciscanos.org.br\/noticias\/wp-content\/uploads\/2019\/03\/vot-8-300x300.jpg\" class=\"attachment-thumbnail size-thumbnail\" alt=\"\" loading=\"lazy\" srcset=\"https:\/\/franciscanos.org.br\/noticias\/wp-content\/uploads\/2019\/03\/vot-8-300x300.jpg 300w, https:\/\/franciscanos.org.br\/noticias\/wp-content\/uploads\/2019\/03\/vot-8-400x400.jpg 400w\" sizes=\"(max-width: 300px) 100vw, 300px\" \/><\/a>\n\t\t\t<\/dt><\/dl><br style=\"clear: both\" \/><dl class='gallery-item'>\n\t\t\t<dt class='gallery-icon landscape'>\n\t\t\t\t<a href='https:\/\/franciscanos.org.br\/noticias\/wp-content\/uploads\/2019\/03\/vot-9.jpg'><img width=\"300\" height=\"300\" src=\"https:\/\/franciscanos.org.br\/noticias\/wp-content\/uploads\/2019\/03\/vot-9-300x300.jpg\" class=\"attachment-thumbnail size-thumbnail\" alt=\"\" loading=\"lazy\" srcset=\"https:\/\/franciscanos.org.br\/noticias\/wp-content\/uploads\/2019\/03\/vot-9-300x300.jpg 300w, https:\/\/franciscanos.org.br\/noticias\/wp-content\/uploads\/2019\/03\/vot-9-400x400.jpg 400w\" sizes=\"(max-width: 300px) 100vw, 300px\" \/><\/a>\n\t\t\t<\/dt><\/dl><dl class='gallery-item'>\n\t\t\t<dt class='gallery-icon landscape'>\n\t\t\t\t<a href='https:\/\/franciscanos.org.br\/noticias\/wp-content\/uploads\/2019\/03\/vot-10.jpg'><img width=\"300\" height=\"300\" src=\"https:\/\/franciscanos.org.br\/noticias\/wp-content\/uploads\/2019\/03\/vot-10-300x300.jpg\" class=\"attachment-thumbnail size-thumbnail\" alt=\"\" loading=\"lazy\" srcset=\"https:\/\/franciscanos.org.br\/noticias\/wp-content\/uploads\/2019\/03\/vot-10-300x300.jpg 300w, https:\/\/franciscanos.org.br\/noticias\/wp-content\/uploads\/2019\/03\/vot-10-400x400.jpg 400w\" sizes=\"(max-width: 300px) 100vw, 300px\" \/><\/a>\n\t\t\t<\/dt><\/dl><dl class='gallery-item'>\n\t\t\t<dt class='gallery-icon portrait'>\n\t\t\t\t<a href='https:\/\/franciscanos.org.br\/noticias\/wp-content\/uploads\/2019\/03\/vot-11.jpg'><img width=\"300\" height=\"300\" src=\"https:\/\/franciscanos.org.br\/noticias\/wp-content\/uploads\/2019\/03\/vot-11-300x300.jpg\" class=\"attachment-thumbnail size-thumbnail\" alt=\"\" loading=\"lazy\" srcset=\"https:\/\/franciscanos.org.br\/noticias\/wp-content\/uploads\/2019\/03\/vot-11-300x300.jpg 300w, https:\/\/franciscanos.org.br\/noticias\/wp-content\/uploads\/2019\/03\/vot-11-400x400.jpg 400w\" sizes=\"(max-width: 300px) 100vw, 300px\" \/><\/a>\n\t\t\t<\/dt><\/dl><dl class='gallery-item'>\n\t\t\t<dt class='gallery-icon portrait'>\n\t\t\t\t<a href='https:\/\/franciscanos.org.br\/noticias\/wp-content\/uploads\/2019\/03\/vot-12.jpg'><img width=\"300\" height=\"300\" src=\"https:\/\/franciscanos.org.br\/noticias\/wp-content\/uploads\/2019\/03\/vot-12-300x300.jpg\" class=\"attachment-thumbnail size-thumbnail\" alt=\"\" loading=\"lazy\" srcset=\"https:\/\/franciscanos.org.br\/noticias\/wp-content\/uploads\/2019\/03\/vot-12-300x300.jpg 300w, https:\/\/franciscanos.org.br\/noticias\/wp-content\/uploads\/2019\/03\/vot-12-400x400.jpg 400w\" sizes=\"(max-width: 300px) 100vw, 300px\" \/><\/a>\n\t\t\t<\/dt><\/dl><br style=\"clear: both\" \/><dl class='gallery-item'>\n\t\t\t<dt class='gallery-icon landscape'>\n\t\t\t\t<a href='https:\/\/franciscanos.org.br\/noticias\/wp-content\/uploads\/2019\/03\/vot-13.jpg'><img width=\"300\" height=\"300\" src=\"https:\/\/franciscanos.org.br\/noticias\/wp-content\/uploads\/2019\/03\/vot-13-300x300.jpg\" class=\"attachment-thumbnail size-thumbnail\" alt=\"\" loading=\"lazy\" srcset=\"https:\/\/franciscanos.org.br\/noticias\/wp-content\/uploads\/2019\/03\/vot-13-300x300.jpg 300w, https:\/\/franciscanos.org.br\/noticias\/wp-content\/uploads\/2019\/03\/vot-13-400x400.jpg 400w\" sizes=\"(max-width: 300px) 100vw, 300px\" \/><\/a>\n\t\t\t<\/dt><\/dl><dl class='gallery-item'>\n\t\t\t<dt class='gallery-icon landscape'>\n\t\t\t\t<a href='https:\/\/franciscanos.org.br\/noticias\/wp-content\/uploads\/2019\/03\/vot-14.jpg'><img width=\"300\" height=\"300\" src=\"https:\/\/franciscanos.org.br\/noticias\/wp-content\/uploads\/2019\/03\/vot-14-300x300.jpg\" class=\"attachment-thumbnail size-thumbnail\" alt=\"\" loading=\"lazy\" srcset=\"https:\/\/franciscanos.org.br\/noticias\/wp-content\/uploads\/2019\/03\/vot-14-300x300.jpg 300w, https:\/\/franciscanos.org.br\/noticias\/wp-content\/uploads\/2019\/03\/vot-14-400x400.jpg 400w\" sizes=\"(max-width: 300px) 100vw, 300px\" \/><\/a>\n\t\t\t<\/dt><\/dl><dl class='gallery-item'>\n\t\t\t<dt class='gallery-icon portrait'>\n\t\t\t\t<a href='https:\/\/franciscanos.org.br\/noticias\/wp-content\/uploads\/2019\/03\/vot-15.jpg'><img width=\"300\" height=\"300\" src=\"https:\/\/franciscanos.org.br\/noticias\/wp-content\/uploads\/2019\/03\/vot-15-300x300.jpg\" class=\"attachment-thumbnail size-thumbnail\" alt=\"\" loading=\"lazy\" srcset=\"https:\/\/franciscanos.org.br\/noticias\/wp-content\/uploads\/2019\/03\/vot-15-300x300.jpg 300w, https:\/\/franciscanos.org.br\/noticias\/wp-content\/uploads\/2019\/03\/vot-15-400x400.jpg 400w\" sizes=\"(max-width: 300px) 100vw, 300px\" \/><\/a>\n\t\t\t<\/dt><\/dl><dl class='gallery-item'>\n\t\t\t<dt class='gallery-icon portrait'>\n\t\t\t\t<a href='https:\/\/franciscanos.org.br\/noticias\/wp-content\/uploads\/2019\/03\/vot-16.jpg'><img width=\"300\" height=\"300\" src=\"https:\/\/franciscanos.org.br\/noticias\/wp-content\/uploads\/2019\/03\/vot-16-300x300.jpg\" class=\"attachment-thumbnail size-thumbnail\" alt=\"\" loading=\"lazy\" srcset=\"https:\/\/franciscanos.org.br\/noticias\/wp-content\/uploads\/2019\/03\/vot-16-300x300.jpg 300w, https:\/\/franciscanos.org.br\/noticias\/wp-content\/uploads\/2019\/03\/vot-16-400x400.jpg 400w\" sizes=\"(max-width: 300px) 100vw, 300px\" \/><\/a>\n\t\t\t<\/dt><\/dl><br style=\"clear: both\" \/><dl class='gallery-item'>\n\t\t\t<dt class='gallery-icon portrait'>\n\t\t\t\t<a href='https:\/\/franciscanos.org.br\/noticias\/wp-content\/uploads\/2019\/03\/vot-17.jpg'><img width=\"300\" height=\"300\" src=\"https:\/\/franciscanos.org.br\/noticias\/wp-content\/uploads\/2019\/03\/vot-17-300x300.jpg\" class=\"attachment-thumbnail size-thumbnail\" alt=\"\" loading=\"lazy\" srcset=\"https:\/\/franciscanos.org.br\/noticias\/wp-content\/uploads\/2019\/03\/vot-17-300x300.jpg 300w, https:\/\/franciscanos.org.br\/noticias\/wp-content\/uploads\/2019\/03\/vot-17-400x400.jpg 400w\" sizes=\"(max-width: 300px) 100vw, 300px\" \/><\/a>\n\t\t\t<\/dt><\/dl><dl class='gallery-item'>\n\t\t\t<dt class='gallery-icon landscape'>\n\t\t\t\t<a href='https:\/\/franciscanos.org.br\/noticias\/wp-content\/uploads\/2019\/03\/vot-18.jpg'><img width=\"300\" height=\"300\" src=\"https:\/\/franciscanos.org.br\/noticias\/wp-content\/uploads\/2019\/03\/vot-18-300x300.jpg\" class=\"attachment-thumbnail size-thumbnail\" alt=\"\" loading=\"lazy\" srcset=\"https:\/\/franciscanos.org.br\/noticias\/wp-content\/uploads\/2019\/03\/vot-18-300x300.jpg 300w, https:\/\/franciscanos.org.br\/noticias\/wp-content\/uploads\/2019\/03\/vot-18-400x400.jpg 400w\" sizes=\"(max-width: 300px) 100vw, 300px\" \/><\/a>\n\t\t\t<\/dt><\/dl><dl class='gallery-item'>\n\t\t\t<dt class='gallery-icon landscape'>\n\t\t\t\t<a href='https:\/\/franciscanos.org.br\/noticias\/wp-content\/uploads\/2019\/03\/vot-19.jpg'><img width=\"300\" height=\"300\" src=\"https:\/\/franciscanos.org.br\/noticias\/wp-content\/uploads\/2019\/03\/vot-19-300x300.jpg\" class=\"attachment-thumbnail size-thumbnail\" alt=\"\" loading=\"lazy\" srcset=\"https:\/\/franciscanos.org.br\/noticias\/wp-content\/uploads\/2019\/03\/vot-19-300x300.jpg 300w, https:\/\/franciscanos.org.br\/noticias\/wp-content\/uploads\/2019\/03\/vot-19-400x400.jpg 400w\" sizes=\"(max-width: 300px) 100vw, 300px\" \/><\/a>\n\t\t\t<\/dt><\/dl><dl class='gallery-item'>\n\t\t\t<dt class='gallery-icon landscape'>\n\t\t\t\t<a href='https:\/\/franciscanos.org.br\/noticias\/wp-content\/uploads\/2019\/03\/vot-20.jpg'><img width=\"300\" height=\"300\" src=\"https:\/\/franciscanos.org.br\/noticias\/wp-content\/uploads\/2019\/03\/vot-20-300x300.jpg\" class=\"attachment-thumbnail size-thumbnail\" alt=\"\" loading=\"lazy\" srcset=\"https:\/\/franciscanos.org.br\/noticias\/wp-content\/uploads\/2019\/03\/vot-20-300x300.jpg 300w, https:\/\/franciscanos.org.br\/noticias\/wp-content\/uploads\/2019\/03\/vot-20-400x400.jpg 400w\" sizes=\"(max-width: 300px) 100vw, 300px\" \/><\/a>\n\t\t\t<\/dt><\/dl><br style=\"clear: both\" \/><dl class='gallery-item'>\n\t\t\t<dt class='gallery-icon portrait'>\n\t\t\t\t<a href='https:\/\/franciscanos.org.br\/noticias\/wp-content\/uploads\/2019\/03\/vot-21.jpg'><img width=\"300\" height=\"300\" src=\"https:\/\/franciscanos.org.br\/noticias\/wp-content\/uploads\/2019\/03\/vot-21-300x300.jpg\" class=\"attachment-thumbnail size-thumbnail\" alt=\"\" loading=\"lazy\" srcset=\"https:\/\/franciscanos.org.br\/noticias\/wp-content\/uploads\/2019\/03\/vot-21-300x300.jpg 300w, https:\/\/franciscanos.org.br\/noticias\/wp-content\/uploads\/2019\/03\/vot-21-400x400.jpg 400w\" sizes=\"(max-width: 300px) 100vw, 300px\" \/><\/a>\n\t\t\t<\/dt><\/dl><dl class='gallery-item'>\n\t\t\t<dt class='gallery-icon portrait'>\n\t\t\t\t<a href='https:\/\/franciscanos.org.br\/noticias\/wp-content\/uploads\/2019\/03\/vot-22.jpg'><img width=\"300\" height=\"300\" src=\"https:\/\/franciscanos.org.br\/noticias\/wp-content\/uploads\/2019\/03\/vot-22-300x300.jpg\" class=\"attachment-thumbnail size-thumbnail\" alt=\"\" loading=\"lazy\" srcset=\"https:\/\/franciscanos.org.br\/noticias\/wp-content\/uploads\/2019\/03\/vot-22-300x300.jpg 300w, https:\/\/franciscanos.org.br\/noticias\/wp-content\/uploads\/2019\/03\/vot-22-400x400.jpg 400w\" sizes=\"(max-width: 300px) 100vw, 300px\" \/><\/a>\n\t\t\t<\/dt><\/dl><dl class='gallery-item'>\n\t\t\t<dt class='gallery-icon landscape'>\n\t\t\t\t<a href='https:\/\/franciscanos.org.br\/noticias\/wp-content\/uploads\/2019\/03\/vot-23.jpg'><img width=\"300\" height=\"300\" src=\"https:\/\/franciscanos.org.br\/noticias\/wp-content\/uploads\/2019\/03\/vot-23-300x300.jpg\" class=\"attachment-thumbnail size-thumbnail\" alt=\"\" loading=\"lazy\" srcset=\"https:\/\/franciscanos.org.br\/noticias\/wp-content\/uploads\/2019\/03\/vot-23-300x300.jpg 300w, https:\/\/franciscanos.org.br\/noticias\/wp-content\/uploads\/2019\/03\/vot-23-400x400.jpg 400w\" sizes=\"(max-width: 300px) 100vw, 300px\" \/><\/a>\n\t\t\t<\/dt><\/dl><dl class='gallery-item'>\n\t\t\t<dt class='gallery-icon landscape'>\n\t\t\t\t<a href='https:\/\/franciscanos.org.br\/noticias\/wp-content\/uploads\/2019\/03\/vot-24.jpg'><img width=\"300\" height=\"300\" src=\"https:\/\/franciscanos.org.br\/noticias\/wp-content\/uploads\/2019\/03\/vot-24-300x300.jpg\" class=\"attachment-thumbnail size-thumbnail\" alt=\"\" loading=\"lazy\" srcset=\"https:\/\/franciscanos.org.br\/noticias\/wp-content\/uploads\/2019\/03\/vot-24-300x300.jpg 300w, https:\/\/franciscanos.org.br\/noticias\/wp-content\/uploads\/2019\/03\/vot-24-400x400.jpg 400w\" sizes=\"(max-width: 300px) 100vw, 300px\" \/><\/a>\n\t\t\t<\/dt><\/dl><br style=\"clear: both\" \/><dl class='gallery-item'>\n\t\t\t<dt class='gallery-icon landscape'>\n\t\t\t\t<a href='https:\/\/franciscanos.org.br\/noticias\/wp-content\/uploads\/2019\/03\/vot-25.jpg'><img width=\"300\" height=\"300\" src=\"https:\/\/franciscanos.org.br\/noticias\/wp-content\/uploads\/2019\/03\/vot-25-300x300.jpg\" class=\"attachment-thumbnail size-thumbnail\" alt=\"\" loading=\"lazy\" srcset=\"https:\/\/franciscanos.org.br\/noticias\/wp-content\/uploads\/2019\/03\/vot-25-300x300.jpg 300w, https:\/\/franciscanos.org.br\/noticias\/wp-content\/uploads\/2019\/03\/vot-25-400x400.jpg 400w\" sizes=\"(max-width: 300px) 100vw, 300px\" \/><\/a>\n\t\t\t<\/dt><\/dl><dl class='gallery-item'>\n\t\t\t<dt class='gallery-icon landscape'>\n\t\t\t\t<a href='https:\/\/franciscanos.org.br\/noticias\/wp-content\/uploads\/2019\/03\/vot-26.jpg'><img width=\"300\" height=\"300\" src=\"https:\/\/franciscanos.org.br\/noticias\/wp-content\/uploads\/2019\/03\/vot-26-300x300.jpg\" class=\"attachment-thumbnail size-thumbnail\" alt=\"\" loading=\"lazy\" srcset=\"https:\/\/franciscanos.org.br\/noticias\/wp-content\/uploads\/2019\/03\/vot-26-300x300.jpg 300w, https:\/\/franciscanos.org.br\/noticias\/wp-content\/uploads\/2019\/03\/vot-26-400x400.jpg 400w\" sizes=\"(max-width: 300px) 100vw, 300px\" \/><\/a>\n\t\t\t<\/dt><\/dl><dl class='gallery-item'>\n\t\t\t<dt class='gallery-icon landscape'>\n\t\t\t\t<a href='https:\/\/franciscanos.org.br\/noticias\/wp-content\/uploads\/2019\/03\/vot-27.jpg'><img width=\"300\" height=\"300\" src=\"https:\/\/franciscanos.org.br\/noticias\/wp-content\/uploads\/2019\/03\/vot-27-300x300.jpg\" class=\"attachment-thumbnail size-thumbnail\" alt=\"\" loading=\"lazy\" srcset=\"https:\/\/franciscanos.org.br\/noticias\/wp-content\/uploads\/2019\/03\/vot-27-300x300.jpg 300w, https:\/\/franciscanos.org.br\/noticias\/wp-content\/uploads\/2019\/03\/vot-27-400x400.jpg 400w\" sizes=\"(max-width: 300px) 100vw, 300px\" \/><\/a>\n\t\t\t<\/dt><\/dl><dl class='gallery-item'>\n\t\t\t<dt class='gallery-icon landscape'>\n\t\t\t\t<a href='https:\/\/franciscanos.org.br\/noticias\/wp-content\/uploads\/2019\/03\/vot-28.jpg'><img width=\"300\" height=\"300\" src=\"https:\/\/franciscanos.org.br\/noticias\/wp-content\/uploads\/2019\/03\/vot-28-300x300.jpg\" class=\"attachment-thumbnail size-thumbnail\" alt=\"\" loading=\"lazy\" srcset=\"https:\/\/franciscanos.org.br\/noticias\/wp-content\/uploads\/2019\/03\/vot-28-300x300.jpg 300w, https:\/\/franciscanos.org.br\/noticias\/wp-content\/uploads\/2019\/03\/vot-28-400x400.jpg 400w\" sizes=\"(max-width: 300px) 100vw, 300px\" \/><\/a>\n\t\t\t<\/dt><\/dl><br style=\"clear: both\" \/>\n\t\t<\/div>\n\n","protected":false},"excerpt":{"rendered":"<p>Celebra\u00e7\u00e3o dos 400 anos da Fraternidade Franciscana Secular S\u00e3o Francisco da Penit\u00eancia.<\/p>\n","protected":false},"author":3,"featured_media":201719,"comment_status":"open","ping_status":"open","sticky":false,"template":"","format":"standard","meta":[],"categories":[1],"tags":[60],"acf":[],"yoast_head":"<!-- This site is optimized with the Yoast SEO plugin v19.2 - https:\/\/yoast.com\/wordpress\/plugins\/seo\/ -->\n<title>Quatro s\u00e9culos de Paz e Bem no Largo da Carioca - Not\u00edcias - Franciscanos<\/title>\n<meta name=\"robots\" content=\"index, follow, max-snippet:-1, max-image-preview:large, max-video-preview:-1\" \/>\n<link rel=\"canonical\" href=\"https:\/\/franciscanos.org.br\/noticias\/quatro-seculos-de-paz-e-bem-no-largo-da-carioca.html\" \/>\n<meta property=\"og:locale\" content=\"pt_BR\" \/>\n<meta property=\"og:type\" content=\"article\" \/>\n<meta property=\"og:title\" content=\"Quatro s\u00e9culos de Paz e Bem no Largo da Carioca - Not\u00edcias - Franciscanos\" \/>\n<meta property=\"og:description\" content=\"Celebra\u00e7\u00e3o dos 400 anos da Fraternidade Franciscana Secular S\u00e3o Francisco da Penit\u00eancia.\" \/>\n<meta property=\"og:url\" content=\"https:\/\/franciscanos.org.br\/noticias\/quatro-seculos-de-paz-e-bem-no-largo-da-carioca.html\" \/>\n<meta property=\"og:site_name\" content=\"Not\u00edcias - Franciscanos\" \/>\n<meta property=\"article:published_time\" content=\"2019-03-23T18:19:43+00:00\" \/>\n<meta property=\"article:modified_time\" content=\"2019-03-25T10:19:33+00:00\" \/>\n<meta property=\"og:image\" content=\"https:\/\/franciscanos.org.br\/noticias\/wp-content\/uploads\/2019\/03\/vot_230319_d.jpg\" \/>\n\t<meta property=\"og:image:width\" content=\"273\" \/>\n\t<meta property=\"og:image:height\" content=\"181\" \/>\n\t<meta property=\"og:image:type\" content=\"image\/jpeg\" \/>\n<meta name=\"author\" content=\"moacir\" \/>\n<meta name=\"twitter:card\" content=\"summary_large_image\" \/>\n<meta name=\"twitter:label1\" content=\"Escrito por\" \/>\n\t<meta name=\"twitter:data1\" content=\"moacir\" \/>\n\t<meta name=\"twitter:label2\" content=\"Est. tempo de leitura\" \/>\n\t<meta name=\"twitter:data2\" content=\"8 minutos\" \/>\n<script type=\"application\/ld+json\" class=\"yoast-schema-graph\">{\"@context\":\"https:\/\/schema.org\",\"@graph\":[{\"@type\":\"WebSite\",\"@id\":\"https:\/\/franciscanos.org.br\/noticias\/#website\",\"url\":\"https:\/\/franciscanos.org.br\/noticias\/\",\"name\":\"Not\u00edcias - Franciscanos\",\"description\":\"Prov\u00edncia Franciscana da Imaculada Concei\u00e7\u00e3o do Brasil - Ordem dos Frades Menores - OFM\",\"potentialAction\":[{\"@type\":\"SearchAction\",\"target\":{\"@type\":\"EntryPoint\",\"urlTemplate\":\"https:\/\/franciscanos.org.br\/noticias\/?s={search_term_string}\"},\"query-input\":\"required name=search_term_string\"}],\"inLanguage\":\"pt-BR\"},{\"@type\":\"ImageObject\",\"inLanguage\":\"pt-BR\",\"@id\":\"https:\/\/franciscanos.org.br\/noticias\/quatro-seculos-de-paz-e-bem-no-largo-da-carioca.html#primaryimage\",\"url\":\"https:\/\/franciscanos.org.br\/noticias\/wp-content\/uploads\/2019\/03\/vot_230319_d.jpg\",\"contentUrl\":\"https:\/\/franciscanos.org.br\/noticias\/wp-content\/uploads\/2019\/03\/vot_230319_d.jpg\",\"width\":273,\"height\":181},{\"@type\":\"WebPage\",\"@id\":\"https:\/\/franciscanos.org.br\/noticias\/quatro-seculos-de-paz-e-bem-no-largo-da-carioca.html#webpage\",\"url\":\"https:\/\/franciscanos.org.br\/noticias\/quatro-seculos-de-paz-e-bem-no-largo-da-carioca.html\",\"name\":\"Quatro s\u00e9culos de Paz e Bem no Largo da Carioca - Not\u00edcias - Franciscanos\",\"isPartOf\":{\"@id\":\"https:\/\/franciscanos.org.br\/noticias\/#website\"},\"primaryImageOfPage\":{\"@id\":\"https:\/\/franciscanos.org.br\/noticias\/quatro-seculos-de-paz-e-bem-no-largo-da-carioca.html#primaryimage\"},\"datePublished\":\"2019-03-23T18:19:43+00:00\",\"dateModified\":\"2019-03-25T10:19:33+00:00\",\"author\":{\"@id\":\"https:\/\/franciscanos.org.br\/noticias\/#\/schema\/person\/b5c8cba458c330ccff548b056e95a5d4\"},\"breadcrumb\":{\"@id\":\"https:\/\/franciscanos.org.br\/noticias\/quatro-seculos-de-paz-e-bem-no-largo-da-carioca.html#breadcrumb\"},\"inLanguage\":\"pt-BR\",\"potentialAction\":[{\"@type\":\"ReadAction\",\"target\":[\"https:\/\/franciscanos.org.br\/noticias\/quatro-seculos-de-paz-e-bem-no-largo-da-carioca.html\"]}]},{\"@type\":\"BreadcrumbList\",\"@id\":\"https:\/\/franciscanos.org.br\/noticias\/quatro-seculos-de-paz-e-bem-no-largo-da-carioca.html#breadcrumb\",\"itemListElement\":[{\"@type\":\"ListItem\",\"position\":1,\"name\":\"Home\",\"item\":\"https:\/\/franciscanos.org.br\/noticias\"},{\"@type\":\"ListItem\",\"position\":2,\"name\":\"Quatro s\u00e9culos de Paz e Bem no Largo da Carioca\"}]},{\"@type\":\"Person\",\"@id\":\"https:\/\/franciscanos.org.br\/noticias\/#\/schema\/person\/b5c8cba458c330ccff548b056e95a5d4\",\"name\":\"moacir\",\"image\":{\"@type\":\"ImageObject\",\"inLanguage\":\"pt-BR\",\"@id\":\"https:\/\/franciscanos.org.br\/noticias\/#\/schema\/person\/image\/\",\"url\":\"https:\/\/secure.gravatar.com\/avatar\/d08aa2ce4c8dd416d4479aa8536fcf64?s=96&d=mm&r=g\",\"contentUrl\":\"https:\/\/secure.gravatar.com\/avatar\/d08aa2ce4c8dd416d4479aa8536fcf64?s=96&d=mm&r=g\",\"caption\":\"moacir\"},\"url\":\"https:\/\/franciscanos.org.br\/noticias\/author\/moacir\"}]}<\/script>\n<!-- \/ Yoast SEO plugin. -->","yoast_head_json":{"title":"Quatro s\u00e9culos de Paz e Bem no Largo da Carioca - Not\u00edcias - Franciscanos","robots":{"index":"index","follow":"follow","max-snippet":"max-snippet:-1","max-image-preview":"max-image-preview:large","max-video-preview":"max-video-preview:-1"},"canonical":"https:\/\/franciscanos.org.br\/noticias\/quatro-seculos-de-paz-e-bem-no-largo-da-carioca.html","og_locale":"pt_BR","og_type":"article","og_title":"Quatro s\u00e9culos de Paz e Bem no Largo da Carioca - Not\u00edcias - Franciscanos","og_description":"Celebra\u00e7\u00e3o dos 400 anos da Fraternidade Franciscana Secular S\u00e3o Francisco da Penit\u00eancia.","og_url":"https:\/\/franciscanos.org.br\/noticias\/quatro-seculos-de-paz-e-bem-no-largo-da-carioca.html","og_site_name":"Not\u00edcias - Franciscanos","article_published_time":"2019-03-23T18:19:43+00:00","article_modified_time":"2019-03-25T10:19:33+00:00","og_image":[{"width":273,"height":181,"url":"https:\/\/franciscanos.org.br\/noticias\/wp-content\/uploads\/2019\/03\/vot_230319_d.jpg","type":"image\/jpeg"}],"author":"moacir","twitter_card":"summary_large_image","twitter_misc":{"Escrito por":"moacir","Est. tempo de leitura":"8 minutos"},"schema":{"@context":"https:\/\/schema.org","@graph":[{"@type":"WebSite","@id":"https:\/\/franciscanos.org.br\/noticias\/#website","url":"https:\/\/franciscanos.org.br\/noticias\/","name":"Not\u00edcias - Franciscanos","description":"Prov\u00edncia Franciscana da Imaculada Concei\u00e7\u00e3o do Brasil - Ordem dos Frades Menores - OFM","potentialAction":[{"@type":"SearchAction","target":{"@type":"EntryPoint","urlTemplate":"https:\/\/franciscanos.org.br\/noticias\/?s={search_term_string}"},"query-input":"required name=search_term_string"}],"inLanguage":"pt-BR"},{"@type":"ImageObject","inLanguage":"pt-BR","@id":"https:\/\/franciscanos.org.br\/noticias\/quatro-seculos-de-paz-e-bem-no-largo-da-carioca.html#primaryimage","url":"https:\/\/franciscanos.org.br\/noticias\/wp-content\/uploads\/2019\/03\/vot_230319_d.jpg","contentUrl":"https:\/\/franciscanos.org.br\/noticias\/wp-content\/uploads\/2019\/03\/vot_230319_d.jpg","width":273,"height":181},{"@type":"WebPage","@id":"https:\/\/franciscanos.org.br\/noticias\/quatro-seculos-de-paz-e-bem-no-largo-da-carioca.html#webpage","url":"https:\/\/franciscanos.org.br\/noticias\/quatro-seculos-de-paz-e-bem-no-largo-da-carioca.html","name":"Quatro s\u00e9culos de Paz e Bem no Largo da Carioca - Not\u00edcias - Franciscanos","isPartOf":{"@id":"https:\/\/franciscanos.org.br\/noticias\/#website"},"primaryImageOfPage":{"@id":"https:\/\/franciscanos.org.br\/noticias\/quatro-seculos-de-paz-e-bem-no-largo-da-carioca.html#primaryimage"},"datePublished":"2019-03-23T18:19:43+00:00","dateModified":"2019-03-25T10:19:33+00:00","author":{"@id":"https:\/\/franciscanos.org.br\/noticias\/#\/schema\/person\/b5c8cba458c330ccff548b056e95a5d4"},"breadcrumb":{"@id":"https:\/\/franciscanos.org.br\/noticias\/quatro-seculos-de-paz-e-bem-no-largo-da-carioca.html#breadcrumb"},"inLanguage":"pt-BR","potentialAction":[{"@type":"ReadAction","target":["https:\/\/franciscanos.org.br\/noticias\/quatro-seculos-de-paz-e-bem-no-largo-da-carioca.html"]}]},{"@type":"BreadcrumbList","@id":"https:\/\/franciscanos.org.br\/noticias\/quatro-seculos-de-paz-e-bem-no-largo-da-carioca.html#breadcrumb","itemListElement":[{"@type":"ListItem","position":1,"name":"Home","item":"https:\/\/franciscanos.org.br\/noticias"},{"@type":"ListItem","position":2,"name":"Quatro s\u00e9culos de Paz e Bem no Largo da Carioca"}]},{"@type":"Person","@id":"https:\/\/franciscanos.org.br\/noticias\/#\/schema\/person\/b5c8cba458c330ccff548b056e95a5d4","name":"moacir","image":{"@type":"ImageObject","inLanguage":"pt-BR","@id":"https:\/\/franciscanos.org.br\/noticias\/#\/schema\/person\/image\/","url":"https:\/\/secure.gravatar.com\/avatar\/d08aa2ce4c8dd416d4479aa8536fcf64?s=96&d=mm&r=g","contentUrl":"https:\/\/secure.gravatar.com\/avatar\/d08aa2ce4c8dd416d4479aa8536fcf64?s=96&d=mm&r=g","caption":"moacir"},"url":"https:\/\/franciscanos.org.br\/noticias\/author\/moacir"}]}},"_links":{"self":[{"href":"https:\/\/franciscanos.org.br\/noticias\/wp-json\/wp\/v2\/posts\/201718"}],"collection":[{"href":"https:\/\/franciscanos.org.br\/noticias\/wp-json\/wp\/v2\/posts"}],"about":[{"href":"https:\/\/franciscanos.org.br\/noticias\/wp-json\/wp\/v2\/types\/post"}],"author":[{"embeddable":true,"href":"https:\/\/franciscanos.org.br\/noticias\/wp-json\/wp\/v2\/users\/3"}],"replies":[{"embeddable":true,"href":"https:\/\/franciscanos.org.br\/noticias\/wp-json\/wp\/v2\/comments?post=201718"}],"version-history":[{"count":0,"href":"https:\/\/franciscanos.org.br\/noticias\/wp-json\/wp\/v2\/posts\/201718\/revisions"}],"wp:featuredmedia":[{"embeddable":true,"href":"https:\/\/franciscanos.org.br\/noticias\/wp-json\/wp\/v2\/media\/201719"}],"wp:attachment":[{"href":"https:\/\/franciscanos.org.br\/noticias\/wp-json\/wp\/v2\/media?parent=201718"}],"wp:term":[{"taxonomy":"category","embeddable":true,"href":"https:\/\/franciscanos.org.br\/noticias\/wp-json\/wp\/v2\/categories?post=201718"},{"taxonomy":"post_tag","embeddable":true,"href":"https:\/\/franciscanos.org.br\/noticias\/wp-json\/wp\/v2\/tags?post=201718"}],"curies":[{"name":"wp","href":"https:\/\/api.w.org\/{rel}","templated":true}]}}