{"id":201691,"date":"2019-03-22T22:26:50","date_gmt":"2019-03-23T01:26:50","guid":{"rendered":"https:\/\/franciscanos.org.br\/noticias\/?p=201691"},"modified":"2019-03-23T07:58:41","modified_gmt":"2019-03-23T10:58:41","slug":"fraternidade-franciscana-secular-de-sao-francisco-da-penitencia-celebra-400-anos","status":"publish","type":"post","link":"https:\/\/franciscanos.org.br\/noticias\/fraternidade-franciscana-secular-de-sao-francisco-da-penitencia-celebra-400-anos.html","title":{"rendered":"Fraternidade Franciscana Secular de S\u00e3o Francisco da Penit\u00eancia celebra 400 anos"},"content":{"rendered":"<p><img loading=\"lazy\" class=\"aligncenter size-full wp-image-201692\" src=\"https:\/\/franciscanos.org.br\/noticias\/wp-content\/uploads\/2019\/03\/rio_vot_200319_2.jpg\" alt=\"\" width=\"890\" height=\"501\" srcset=\"https:\/\/franciscanos.org.br\/noticias\/wp-content\/uploads\/2019\/03\/rio_vot_200319_2.jpg 890w, https:\/\/franciscanos.org.br\/noticias\/wp-content\/uploads\/2019\/03\/rio_vot_200319_2-450x253.jpg 450w, https:\/\/franciscanos.org.br\/noticias\/wp-content\/uploads\/2019\/03\/rio_vot_200319_2-768x432.jpg 768w, https:\/\/franciscanos.org.br\/noticias\/wp-content\/uploads\/2019\/03\/rio_vot_200319_2-150x84.jpg 150w\" sizes=\"(max-width: 890px) 100vw, 890px\" \/><\/p>\n<p>A Fraternidade Franciscana Secular de S\u00e3o Francisco da Penit\u00eancia celebra neste s\u00e1bado, 23 de mar\u00e7o, quatro s\u00e9culos de presen\u00e7a franciscana no Rio de Janeiro. Este momento hist\u00f3rico ser\u00e1 lembrado com a Missa de A\u00e7\u00e3o de Gra\u00e7as \u00e0s 9 horas, na Igreja da ordem Terceira de S\u00e3o Francisco da Penit\u00eancia, no Largo da Carioca, tendo como presidente o Arcebispo do Rio de Janeiro, Dom Orani Jo\u00e3o Tempesta.<\/p>\n<p>O Ministro Provincial da Prov\u00edncia Franciscana da Imaculada Concei\u00e7\u00e3o, Frei C\u00e9sar K\u00fclkamp, participa deste momento, recordando quando um casal de portugueses Luis de Figueiredo e Ant\u00f4nia Carneiro, irm\u00e3os da Ordem Terceira de Lisboa, procurou os frades franciscanos do Convento Santo Ant\u00f4nio. Ali constru\u00edram a capela em terreno doado pelos frades, onde teve in\u00edcio as atividades, no dia 20 de mar\u00e7o de 1619, da Fraternidade Secular. Nesses quatro s\u00e9culos, grandes obras foram realizadas, como a igreja dedicada a S\u00e3o Francisco das Chagas, o asilo para pessoas idosas, o hospital e o cemit\u00e9rio. Mas a obra maior, segundo o assistente espiritual, Frei Est\u00eav\u00e3o Ottenbreit, \u00e9 a heran\u00e7a franciscana: &#8220;Por muitos anos, ou melhor, por s\u00e9culos, os irm\u00e3os da Fraternidade buscaram serem seguidores de Jesus Cristo, imitando a S\u00e3o Francisco de Assis no seu amor para com Deus e para com todas as criaturas&#8221;.<\/p>\n<p>&#8220;Esta heran\u00e7a de f\u00e9, hist\u00f3ria, cultura e arte, agora \u00e9 confiada \u00e0 Fraternidade de S\u00e3o Francisco da Penit\u00eancia, ou simplesmente \u00e0 atual Fraternidade da Ordem Terceira de S\u00e3o Francisco. Ela, por\u00e9m, n\u00e3o \u00e9 somente a &#8216;guardi\u00e3&#8217; deste rico tesouro, sem d\u00favida, \u00fanico no Brasil, mas, &#8216;testemunha e profetisa&#8217; do verdadeiro motivo da exist\u00eancia e conserva\u00e7\u00e3o deste patrim\u00f4nio inigual\u00e1vel: um canto de f\u00e9, de louvor e de gratid\u00e3o ao Criador da vida de todas as criaturas&#8221;, acrescenta Frei Est\u00eav\u00e3o, que assiste aos irm\u00e3os seculares desde 9 de setembro de 2012.<\/p>\n<p>A capela da Ordem Terceira, no lado direito de quem entra no Convento, \u00e9 dedicada \u00e0 Imaculada Concei\u00e7\u00e3o. Nela os terceiros realizaram a primeira festa solene no dia 17 de setembro de 1622. &#8220;Muitas pessoas perguntam como um grupo de mulheres e homens leigos mant\u00e9m, durante todos esses anos, t\u00e3o belo monumento hist\u00f3rico, art\u00edstico e religioso. Tal \u00e9 a for\u00e7a da Espiritualidade Franciscana que os irm\u00e3os leigos, desde o Brasil col\u00f4nia at\u00e9 os dias de hoje, imbu\u00eddos da f\u00e9 no Santo de Assis, permaneceram \u00e0 frente da Fraternidade&#8221;, explica a Ministra da Fraternidade, Val\u00e9ria da Costa Pinheiro.<\/p>\n<p>A \u201cCapela Dourada&#8221; da Ordem Terceira \u00e9 uma das mais belas do Brasil. Os principais artistas que trabalharam na ornamenta\u00e7\u00e3o da capela principal e demais depend\u00eancias tinham origem portuguesa: Manoel de Brito e Francisco Xavier de Brito, entalhadores e Caetano da Costa Coelho, este \u00faltimo, natural da cidade do Porto, ex\u00edmio pintor e dourador. A pintura da Capela-mor representa S\u00e3o Francisco sendo recebido no c\u00e9u por Jesus e Nossa senhora, e a do corpo da Igreja, a Glorifica\u00e7\u00e3o de S\u00e3o Francisco de Assis.<\/p>\n<p>Hoje, essa joia cultural e religiosa faz parte do Museu Sacro Franciscano, que abrange atualmente todos os espa\u00e7os, galerias e constru\u00e7\u00f5es existentes no terreno localizado, na Rua da Carioca, n\u00ba 5, Centro do Rio de Janeiro: Igreja da Ordem Terceira de S\u00e3o Francisco da Penit\u00eancia e suas capelas: Capela Primitiva da Ordem (Nossa Senhora da Concei\u00e7\u00e3o), Capela do Sant\u00edssimo, Capela dos Novi\u00e7os, Antessacristia, Sacristia, Capela de S\u00e3o Francisco, Capela das Promessas, Capela dos Ex-votos, Quarto do Padre Assistente, Capela das 5 Chagas, Calv\u00e1rio, Consist\u00f3rio, Coro, Ante-Coro, Mansarda, Galerias e escada, P\u00e1tio Interno, Jardim de Santa Clara, Cemit\u00e9rio antigo das Catacumbas e Capela das Ex\u00e9quias, Jardins, Horta, Pomar e Arquivo.<\/p>\n<p><img loading=\"lazy\" class=\"aligncenter size-full wp-image-201694\" src=\"https:\/\/franciscanos.org.br\/noticias\/wp-content\/uploads\/2019\/03\/rio_vot_200319.jpg\" alt=\"\" width=\"890\" height=\"1582\" srcset=\"https:\/\/franciscanos.org.br\/noticias\/wp-content\/uploads\/2019\/03\/rio_vot_200319.jpg 890w, https:\/\/franciscanos.org.br\/noticias\/wp-content\/uploads\/2019\/03\/rio_vot_200319-253x450.jpg 253w, https:\/\/franciscanos.org.br\/noticias\/wp-content\/uploads\/2019\/03\/rio_vot_200319-768x1365.jpg 768w, https:\/\/franciscanos.org.br\/noticias\/wp-content\/uploads\/2019\/03\/rio_vot_200319-576x1024.jpg 576w, https:\/\/franciscanos.org.br\/noticias\/wp-content\/uploads\/2019\/03\/rio_vot_200319-150x267.jpg 150w\" sizes=\"(max-width: 890px) 100vw, 890px\" \/><\/p>\n","protected":false},"excerpt":{"rendered":"<p>Missa de A\u00e7\u00e3o de Gra\u00e7as ser\u00e1 neste s\u00e1bado, \u00e0s 9 horas, na Igreja da Ordem Terceira.<\/p>\n","protected":false},"author":3,"featured_media":201693,"comment_status":"open","ping_status":"open","sticky":false,"template":"","format":"standard","meta":[],"categories":[1],"tags":[60],"acf":[],"yoast_head":"<!-- This site is optimized with the Yoast SEO plugin v19.2 - https:\/\/yoast.com\/wordpress\/plugins\/seo\/ -->\n<title>Fraternidade Franciscana Secular de S\u00e3o Francisco da Penit\u00eancia celebra 400 anos - Not\u00edcias - Franciscanos<\/title>\n<meta name=\"robots\" content=\"index, follow, max-snippet:-1, max-image-preview:large, max-video-preview:-1\" \/>\n<link rel=\"canonical\" href=\"https:\/\/franciscanos.org.br\/noticias\/fraternidade-franciscana-secular-de-sao-francisco-da-penitencia-celebra-400-anos.html\" \/>\n<meta property=\"og:locale\" content=\"pt_BR\" \/>\n<meta property=\"og:type\" content=\"article\" \/>\n<meta property=\"og:title\" content=\"Fraternidade Franciscana Secular de S\u00e3o Francisco da Penit\u00eancia celebra 400 anos - Not\u00edcias - Franciscanos\" \/>\n<meta property=\"og:description\" content=\"Missa de A\u00e7\u00e3o de Gra\u00e7as ser\u00e1 neste s\u00e1bado, \u00e0s 9 horas, na Igreja da Ordem Terceira.\" \/>\n<meta property=\"og:url\" content=\"https:\/\/franciscanos.org.br\/noticias\/fraternidade-franciscana-secular-de-sao-francisco-da-penitencia-celebra-400-anos.html\" \/>\n<meta property=\"og:site_name\" content=\"Not\u00edcias - Franciscanos\" \/>\n<meta property=\"article:published_time\" content=\"2019-03-23T01:26:50+00:00\" \/>\n<meta property=\"article:modified_time\" content=\"2019-03-23T10:58:41+00:00\" \/>\n<meta property=\"og:image\" content=\"https:\/\/franciscanos.org.br\/noticias\/wp-content\/uploads\/2019\/03\/rio_vot_200319_d.jpg\" \/>\n\t<meta property=\"og:image:width\" content=\"273\" \/>\n\t<meta property=\"og:image:height\" content=\"181\" \/>\n\t<meta property=\"og:image:type\" content=\"image\/jpeg\" \/>\n<meta name=\"author\" content=\"moacir\" \/>\n<meta name=\"twitter:card\" content=\"summary_large_image\" \/>\n<meta name=\"twitter:label1\" content=\"Escrito por\" \/>\n\t<meta name=\"twitter:data1\" content=\"moacir\" \/>\n\t<meta name=\"twitter:label2\" content=\"Est. tempo de leitura\" \/>\n\t<meta name=\"twitter:data2\" content=\"3 minutos\" \/>\n<script type=\"application\/ld+json\" class=\"yoast-schema-graph\">{\"@context\":\"https:\/\/schema.org\",\"@graph\":[{\"@type\":\"WebSite\",\"@id\":\"https:\/\/franciscanos.org.br\/noticias\/#website\",\"url\":\"https:\/\/franciscanos.org.br\/noticias\/\",\"name\":\"Not\u00edcias - Franciscanos\",\"description\":\"Prov\u00edncia Franciscana da Imaculada Concei\u00e7\u00e3o do Brasil - Ordem dos Frades Menores - OFM\",\"potentialAction\":[{\"@type\":\"SearchAction\",\"target\":{\"@type\":\"EntryPoint\",\"urlTemplate\":\"https:\/\/franciscanos.org.br\/noticias\/?s={search_term_string}\"},\"query-input\":\"required name=search_term_string\"}],\"inLanguage\":\"pt-BR\"},{\"@type\":\"ImageObject\",\"inLanguage\":\"pt-BR\",\"@id\":\"https:\/\/franciscanos.org.br\/noticias\/fraternidade-franciscana-secular-de-sao-francisco-da-penitencia-celebra-400-anos.html#primaryimage\",\"url\":\"https:\/\/franciscanos.org.br\/noticias\/wp-content\/uploads\/2019\/03\/rio_vot_200319_d.jpg\",\"contentUrl\":\"https:\/\/franciscanos.org.br\/noticias\/wp-content\/uploads\/2019\/03\/rio_vot_200319_d.jpg\",\"width\":273,\"height\":181},{\"@type\":\"WebPage\",\"@id\":\"https:\/\/franciscanos.org.br\/noticias\/fraternidade-franciscana-secular-de-sao-francisco-da-penitencia-celebra-400-anos.html#webpage\",\"url\":\"https:\/\/franciscanos.org.br\/noticias\/fraternidade-franciscana-secular-de-sao-francisco-da-penitencia-celebra-400-anos.html\",\"name\":\"Fraternidade Franciscana Secular de S\u00e3o Francisco da Penit\u00eancia celebra 400 anos - Not\u00edcias - Franciscanos\",\"isPartOf\":{\"@id\":\"https:\/\/franciscanos.org.br\/noticias\/#website\"},\"primaryImageOfPage\":{\"@id\":\"https:\/\/franciscanos.org.br\/noticias\/fraternidade-franciscana-secular-de-sao-francisco-da-penitencia-celebra-400-anos.html#primaryimage\"},\"datePublished\":\"2019-03-23T01:26:50+00:00\",\"dateModified\":\"2019-03-23T10:58:41+00:00\",\"author\":{\"@id\":\"https:\/\/franciscanos.org.br\/noticias\/#\/schema\/person\/b5c8cba458c330ccff548b056e95a5d4\"},\"breadcrumb\":{\"@id\":\"https:\/\/franciscanos.org.br\/noticias\/fraternidade-franciscana-secular-de-sao-francisco-da-penitencia-celebra-400-anos.html#breadcrumb\"},\"inLanguage\":\"pt-BR\",\"potentialAction\":[{\"@type\":\"ReadAction\",\"target\":[\"https:\/\/franciscanos.org.br\/noticias\/fraternidade-franciscana-secular-de-sao-francisco-da-penitencia-celebra-400-anos.html\"]}]},{\"@type\":\"BreadcrumbList\",\"@id\":\"https:\/\/franciscanos.org.br\/noticias\/fraternidade-franciscana-secular-de-sao-francisco-da-penitencia-celebra-400-anos.html#breadcrumb\",\"itemListElement\":[{\"@type\":\"ListItem\",\"position\":1,\"name\":\"Home\",\"item\":\"https:\/\/franciscanos.org.br\/noticias\"},{\"@type\":\"ListItem\",\"position\":2,\"name\":\"Fraternidade Franciscana Secular de S\u00e3o Francisco da Penit\u00eancia celebra 400 anos\"}]},{\"@type\":\"Person\",\"@id\":\"https:\/\/franciscanos.org.br\/noticias\/#\/schema\/person\/b5c8cba458c330ccff548b056e95a5d4\",\"name\":\"moacir\",\"image\":{\"@type\":\"ImageObject\",\"inLanguage\":\"pt-BR\",\"@id\":\"https:\/\/franciscanos.org.br\/noticias\/#\/schema\/person\/image\/\",\"url\":\"https:\/\/secure.gravatar.com\/avatar\/d08aa2ce4c8dd416d4479aa8536fcf64?s=96&d=mm&r=g\",\"contentUrl\":\"https:\/\/secure.gravatar.com\/avatar\/d08aa2ce4c8dd416d4479aa8536fcf64?s=96&d=mm&r=g\",\"caption\":\"moacir\"},\"url\":\"https:\/\/franciscanos.org.br\/noticias\/author\/moacir\"}]}<\/script>\n<!-- \/ Yoast SEO plugin. -->","yoast_head_json":{"title":"Fraternidade Franciscana Secular de S\u00e3o Francisco da Penit\u00eancia celebra 400 anos - Not\u00edcias - Franciscanos","robots":{"index":"index","follow":"follow","max-snippet":"max-snippet:-1","max-image-preview":"max-image-preview:large","max-video-preview":"max-video-preview:-1"},"canonical":"https:\/\/franciscanos.org.br\/noticias\/fraternidade-franciscana-secular-de-sao-francisco-da-penitencia-celebra-400-anos.html","og_locale":"pt_BR","og_type":"article","og_title":"Fraternidade Franciscana Secular de S\u00e3o Francisco da Penit\u00eancia celebra 400 anos - Not\u00edcias - Franciscanos","og_description":"Missa de A\u00e7\u00e3o de Gra\u00e7as ser\u00e1 neste s\u00e1bado, \u00e0s 9 horas, na Igreja da Ordem Terceira.","og_url":"https:\/\/franciscanos.org.br\/noticias\/fraternidade-franciscana-secular-de-sao-francisco-da-penitencia-celebra-400-anos.html","og_site_name":"Not\u00edcias - Franciscanos","article_published_time":"2019-03-23T01:26:50+00:00","article_modified_time":"2019-03-23T10:58:41+00:00","og_image":[{"width":273,"height":181,"url":"https:\/\/franciscanos.org.br\/noticias\/wp-content\/uploads\/2019\/03\/rio_vot_200319_d.jpg","type":"image\/jpeg"}],"author":"moacir","twitter_card":"summary_large_image","twitter_misc":{"Escrito por":"moacir","Est. tempo de leitura":"3 minutos"},"schema":{"@context":"https:\/\/schema.org","@graph":[{"@type":"WebSite","@id":"https:\/\/franciscanos.org.br\/noticias\/#website","url":"https:\/\/franciscanos.org.br\/noticias\/","name":"Not\u00edcias - Franciscanos","description":"Prov\u00edncia Franciscana da Imaculada Concei\u00e7\u00e3o do Brasil - Ordem dos Frades Menores - OFM","potentialAction":[{"@type":"SearchAction","target":{"@type":"EntryPoint","urlTemplate":"https:\/\/franciscanos.org.br\/noticias\/?s={search_term_string}"},"query-input":"required name=search_term_string"}],"inLanguage":"pt-BR"},{"@type":"ImageObject","inLanguage":"pt-BR","@id":"https:\/\/franciscanos.org.br\/noticias\/fraternidade-franciscana-secular-de-sao-francisco-da-penitencia-celebra-400-anos.html#primaryimage","url":"https:\/\/franciscanos.org.br\/noticias\/wp-content\/uploads\/2019\/03\/rio_vot_200319_d.jpg","contentUrl":"https:\/\/franciscanos.org.br\/noticias\/wp-content\/uploads\/2019\/03\/rio_vot_200319_d.jpg","width":273,"height":181},{"@type":"WebPage","@id":"https:\/\/franciscanos.org.br\/noticias\/fraternidade-franciscana-secular-de-sao-francisco-da-penitencia-celebra-400-anos.html#webpage","url":"https:\/\/franciscanos.org.br\/noticias\/fraternidade-franciscana-secular-de-sao-francisco-da-penitencia-celebra-400-anos.html","name":"Fraternidade Franciscana Secular de S\u00e3o Francisco da Penit\u00eancia celebra 400 anos - Not\u00edcias - Franciscanos","isPartOf":{"@id":"https:\/\/franciscanos.org.br\/noticias\/#website"},"primaryImageOfPage":{"@id":"https:\/\/franciscanos.org.br\/noticias\/fraternidade-franciscana-secular-de-sao-francisco-da-penitencia-celebra-400-anos.html#primaryimage"},"datePublished":"2019-03-23T01:26:50+00:00","dateModified":"2019-03-23T10:58:41+00:00","author":{"@id":"https:\/\/franciscanos.org.br\/noticias\/#\/schema\/person\/b5c8cba458c330ccff548b056e95a5d4"},"breadcrumb":{"@id":"https:\/\/franciscanos.org.br\/noticias\/fraternidade-franciscana-secular-de-sao-francisco-da-penitencia-celebra-400-anos.html#breadcrumb"},"inLanguage":"pt-BR","potentialAction":[{"@type":"ReadAction","target":["https:\/\/franciscanos.org.br\/noticias\/fraternidade-franciscana-secular-de-sao-francisco-da-penitencia-celebra-400-anos.html"]}]},{"@type":"BreadcrumbList","@id":"https:\/\/franciscanos.org.br\/noticias\/fraternidade-franciscana-secular-de-sao-francisco-da-penitencia-celebra-400-anos.html#breadcrumb","itemListElement":[{"@type":"ListItem","position":1,"name":"Home","item":"https:\/\/franciscanos.org.br\/noticias"},{"@type":"ListItem","position":2,"name":"Fraternidade Franciscana Secular de S\u00e3o Francisco da Penit\u00eancia celebra 400 anos"}]},{"@type":"Person","@id":"https:\/\/franciscanos.org.br\/noticias\/#\/schema\/person\/b5c8cba458c330ccff548b056e95a5d4","name":"moacir","image":{"@type":"ImageObject","inLanguage":"pt-BR","@id":"https:\/\/franciscanos.org.br\/noticias\/#\/schema\/person\/image\/","url":"https:\/\/secure.gravatar.com\/avatar\/d08aa2ce4c8dd416d4479aa8536fcf64?s=96&d=mm&r=g","contentUrl":"https:\/\/secure.gravatar.com\/avatar\/d08aa2ce4c8dd416d4479aa8536fcf64?s=96&d=mm&r=g","caption":"moacir"},"url":"https:\/\/franciscanos.org.br\/noticias\/author\/moacir"}]}},"_links":{"self":[{"href":"https:\/\/franciscanos.org.br\/noticias\/wp-json\/wp\/v2\/posts\/201691"}],"collection":[{"href":"https:\/\/franciscanos.org.br\/noticias\/wp-json\/wp\/v2\/posts"}],"about":[{"href":"https:\/\/franciscanos.org.br\/noticias\/wp-json\/wp\/v2\/types\/post"}],"author":[{"embeddable":true,"href":"https:\/\/franciscanos.org.br\/noticias\/wp-json\/wp\/v2\/users\/3"}],"replies":[{"embeddable":true,"href":"https:\/\/franciscanos.org.br\/noticias\/wp-json\/wp\/v2\/comments?post=201691"}],"version-history":[{"count":0,"href":"https:\/\/franciscanos.org.br\/noticias\/wp-json\/wp\/v2\/posts\/201691\/revisions"}],"wp:featuredmedia":[{"embeddable":true,"href":"https:\/\/franciscanos.org.br\/noticias\/wp-json\/wp\/v2\/media\/201693"}],"wp:attachment":[{"href":"https:\/\/franciscanos.org.br\/noticias\/wp-json\/wp\/v2\/media?parent=201691"}],"wp:term":[{"taxonomy":"category","embeddable":true,"href":"https:\/\/franciscanos.org.br\/noticias\/wp-json\/wp\/v2\/categories?post=201691"},{"taxonomy":"post_tag","embeddable":true,"href":"https:\/\/franciscanos.org.br\/noticias\/wp-json\/wp\/v2\/tags?post=201691"}],"curies":[{"name":"wp","href":"https:\/\/api.w.org\/{rel}","templated":true}]}}