{"id":201687,"date":"2019-03-20T17:17:51","date_gmt":"2019-03-20T20:17:51","guid":{"rendered":"https:\/\/franciscanos.org.br\/noticias\/?p=201687"},"modified":"2021-07-27T06:11:38","modified_gmt":"2021-07-27T09:11:38","slug":"aos-96-anos-falece-a-benfeitora-alzira-de-oliveira","status":"publish","type":"post","link":"https:\/\/franciscanos.org.br\/noticias\/aos-96-anos-falece-a-benfeitora-alzira-de-oliveira.html","title":{"rendered":"Aos 96 anos, falece a benfeitora Alzira de Oliveira"},"content":{"rendered":"<p><img loading=\"lazy\" class=\"wp-image-201688 alignright\" src=\"https:\/\/franciscanos.org.br\/noticias\/wp-content\/uploads\/2019\/03\/alzira_2003.jpg\" alt=\"\" width=\"546\" height=\"480\" srcset=\"https:\/\/franciscanos.org.br\/noticias\/wp-content\/uploads\/2019\/03\/alzira_2003.jpg 890w, https:\/\/franciscanos.org.br\/noticias\/wp-content\/uploads\/2019\/03\/alzira_2003-450x396.jpg 450w, https:\/\/franciscanos.org.br\/noticias\/wp-content\/uploads\/2019\/03\/alzira_2003-768x676.jpg 768w, https:\/\/franciscanos.org.br\/noticias\/wp-content\/uploads\/2019\/03\/alzira_2003-150x132.jpg 150w\" sizes=\"(max-width: 546px) 100vw, 546px\" \/>Faleceu nesta quarta-feira, 20 de mar\u00e7o, a benfeitora do Pr\u00f3-Voca\u00e7\u00f5es e Miss\u00f5es Franciscanas, D. Alzira de Oliveira, aos 96 anos de idade. Parte de sua vida dedicou ao trabalho volunt\u00e1rio em prol das voca\u00e7\u00f5es franciscanas.<\/p>\n<p>Sua hist\u00f3ria de dedica\u00e7\u00e3o neste trabalho vocacional come\u00e7ou quando Frei Alberto Esteves assumiu o Voca\u00e7\u00f5es Franciscanas em 86, que na \u00e9poca se chamava Vofran. Ele procurava uma pessoa de confian\u00e7a e religiosa para trabalhar no atendimento aos benfeitores que ajudavam na forma\u00e7\u00e3o dos seminaristas.<\/p>\n<p>D. Alzira foi indicada e a escolha deu t\u00e3o certo que ela continuou at\u00e9 os \u00faltimos anos neste trabalho no Convento S\u00e3o Francisco, no Centro de S\u00e3o Paulo. No come\u00e7o trabalhou no 6\u00ba andar, onde ficava o escrit\u00f3rio do PVF, e depois passou a trabalhar na entrada do Convento. Conhecia todos os benfeitores que visitavam o Convento e os frades que residiram ali em mais de 30 anos. Religiosa, enfatizava que era devota de S\u00e3o Francisco e Santa Clara e dizia que tinha um carinho especial pelos frades, especialmente aqueles com quem conviveu no PVF. &#8220;Tenho muita saudade do Esteves e muito carinho para com o Ministro Provincial, Frei Est\u00eav\u00e3o Ottenbreit, que nos estimulava neste trabalho em prol das voca\u00e7\u00f5es&#8221;, dizia na edi\u00e7\u00e3o do Boletim do PVF de n\u00famero 100.<\/p>\n<p>&#8220;D. Alzira era uma pessoa muito dedicada e muito fiel. Assumiu o trabalho do PVF como volunt\u00e1ria e gostava de ser chamada de benfeitora. Na sua simplicidade, dizia que era a &#8216;dona das voca\u00e7\u00f5es&#8217;. Dona no sentido do cuidado e do carinho pelas voca\u00e7\u00f5es. Desde a cria\u00e7\u00e3o do PVF, ela foi o nosso bra\u00e7o volunt\u00e1rio, o bra\u00e7o leigo a nos dar apoio. Nessa dedica\u00e7\u00e3o, ela chegou aos 94 ou 95 anos ainda vindo \u00e0s ter\u00e7as-feiras ao Convento. Ela tinha um carinho muito grande pelos frades. Sabia o nome de cada um e queria saber not\u00edcias deles, mesmo aqueles que viviam fora do pa\u00eds. Por exemplo, Frei Est\u00eav\u00e3o. Sempre perguntava dele. Lembrava dos anivers\u00e1rios de todos os frades. A mim mesmo ela me ligava todos os anos para me dar os parab\u00e9ns. Ela era assim: uma figura muito carinhosa. Amava o trabalho em prol das voca\u00e7\u00f5es porque tinha esse amor grande pelos frades e pela Prov\u00edncia&#8221;, contou o Definidor e Ec\u00f4nomo da Prov\u00edncia, Frei M\u00e1rio Tagliari, que trabalhou com D. Alzira por doze anos no PVF.<\/p>\n<p>Frei Est\u00eav\u00e3o, que hoje \u00e9 o guardi\u00e3o da Fraternidade do Antoniano em Roma, falou do falecimento de D. Alzira: &#8220;Que descanse em paz e que Deus lhe recompense a sua dedica\u00e7\u00e3o&#8221;.<\/p>\n<p>Para D. Alzira, o Convento S\u00e3o Francisco era a sua segunda casa. &#8220;Moro aqui perto e, desde crian\u00e7a, frequento a Igreja&#8221;, dizia. Ela tamb\u00e9m fazia parte da Pia Uni\u00e3o de Santo Ant\u00f4nio.<\/p>\n","protected":false},"excerpt":{"rendered":"<p>Falece D. Alzira, a benfeitora do Pr\u00f3-Voca\u00e7\u00f5es e Miss\u00f5es Franciscanas<\/p>\n","protected":false},"author":3,"featured_media":201689,"comment_status":"open","ping_status":"open","sticky":false,"template":"","format":"standard","meta":[],"categories":[1],"tags":[254],"acf":[],"yoast_head":"<!-- This site is optimized with the Yoast SEO plugin v19.2 - https:\/\/yoast.com\/wordpress\/plugins\/seo\/ -->\n<title>Aos 96 anos, falece a benfeitora Alzira de Oliveira - Not\u00edcias - Franciscanos<\/title>\n<meta name=\"robots\" content=\"index, follow, max-snippet:-1, max-image-preview:large, max-video-preview:-1\" \/>\n<link rel=\"canonical\" href=\"https:\/\/franciscanos.org.br\/noticias\/aos-96-anos-falece-a-benfeitora-alzira-de-oliveira.html\" \/>\n<meta property=\"og:locale\" content=\"pt_BR\" \/>\n<meta property=\"og:type\" content=\"article\" \/>\n<meta property=\"og:title\" content=\"Aos 96 anos, falece a benfeitora Alzira de Oliveira - Not\u00edcias - Franciscanos\" \/>\n<meta property=\"og:description\" content=\"Falece D. Alzira, a benfeitora do Pr\u00f3-Voca\u00e7\u00f5es e Miss\u00f5es Franciscanas\" \/>\n<meta property=\"og:url\" content=\"https:\/\/franciscanos.org.br\/noticias\/aos-96-anos-falece-a-benfeitora-alzira-de-oliveira.html\" \/>\n<meta property=\"og:site_name\" content=\"Not\u00edcias - Franciscanos\" \/>\n<meta property=\"article:published_time\" content=\"2019-03-20T20:17:51+00:00\" \/>\n<meta property=\"article:modified_time\" content=\"2021-07-27T09:11:38+00:00\" \/>\n<meta property=\"og:image\" content=\"https:\/\/franciscanos.org.br\/noticias\/wp-content\/uploads\/2019\/03\/alzira_2003d.jpg\" \/>\n\t<meta property=\"og:image:width\" content=\"273\" \/>\n\t<meta property=\"og:image:height\" content=\"181\" \/>\n\t<meta property=\"og:image:type\" content=\"image\/jpeg\" \/>\n<meta name=\"author\" content=\"moacir\" \/>\n<meta name=\"twitter:card\" content=\"summary_large_image\" \/>\n<meta name=\"twitter:label1\" content=\"Escrito por\" \/>\n\t<meta name=\"twitter:data1\" content=\"moacir\" \/>\n\t<meta name=\"twitter:label2\" content=\"Est. tempo de leitura\" \/>\n\t<meta name=\"twitter:data2\" content=\"2 minutos\" \/>\n<script type=\"application\/ld+json\" class=\"yoast-schema-graph\">{\"@context\":\"https:\/\/schema.org\",\"@graph\":[{\"@type\":\"WebSite\",\"@id\":\"https:\/\/franciscanos.org.br\/noticias\/#website\",\"url\":\"https:\/\/franciscanos.org.br\/noticias\/\",\"name\":\"Not\u00edcias - Franciscanos\",\"description\":\"Prov\u00edncia Franciscana da Imaculada Concei\u00e7\u00e3o do Brasil - Ordem dos Frades Menores - OFM\",\"potentialAction\":[{\"@type\":\"SearchAction\",\"target\":{\"@type\":\"EntryPoint\",\"urlTemplate\":\"https:\/\/franciscanos.org.br\/noticias\/?s={search_term_string}\"},\"query-input\":\"required name=search_term_string\"}],\"inLanguage\":\"pt-BR\"},{\"@type\":\"ImageObject\",\"inLanguage\":\"pt-BR\",\"@id\":\"https:\/\/franciscanos.org.br\/noticias\/aos-96-anos-falece-a-benfeitora-alzira-de-oliveira.html#primaryimage\",\"url\":\"https:\/\/franciscanos.org.br\/noticias\/wp-content\/uploads\/2019\/03\/alzira_2003d.jpg\",\"contentUrl\":\"https:\/\/franciscanos.org.br\/noticias\/wp-content\/uploads\/2019\/03\/alzira_2003d.jpg\",\"width\":273,\"height\":181},{\"@type\":\"WebPage\",\"@id\":\"https:\/\/franciscanos.org.br\/noticias\/aos-96-anos-falece-a-benfeitora-alzira-de-oliveira.html#webpage\",\"url\":\"https:\/\/franciscanos.org.br\/noticias\/aos-96-anos-falece-a-benfeitora-alzira-de-oliveira.html\",\"name\":\"Aos 96 anos, falece a benfeitora Alzira de Oliveira - Not\u00edcias - Franciscanos\",\"isPartOf\":{\"@id\":\"https:\/\/franciscanos.org.br\/noticias\/#website\"},\"primaryImageOfPage\":{\"@id\":\"https:\/\/franciscanos.org.br\/noticias\/aos-96-anos-falece-a-benfeitora-alzira-de-oliveira.html#primaryimage\"},\"datePublished\":\"2019-03-20T20:17:51+00:00\",\"dateModified\":\"2021-07-27T09:11:38+00:00\",\"author\":{\"@id\":\"https:\/\/franciscanos.org.br\/noticias\/#\/schema\/person\/b5c8cba458c330ccff548b056e95a5d4\"},\"breadcrumb\":{\"@id\":\"https:\/\/franciscanos.org.br\/noticias\/aos-96-anos-falece-a-benfeitora-alzira-de-oliveira.html#breadcrumb\"},\"inLanguage\":\"pt-BR\",\"potentialAction\":[{\"@type\":\"ReadAction\",\"target\":[\"https:\/\/franciscanos.org.br\/noticias\/aos-96-anos-falece-a-benfeitora-alzira-de-oliveira.html\"]}]},{\"@type\":\"BreadcrumbList\",\"@id\":\"https:\/\/franciscanos.org.br\/noticias\/aos-96-anos-falece-a-benfeitora-alzira-de-oliveira.html#breadcrumb\",\"itemListElement\":[{\"@type\":\"ListItem\",\"position\":1,\"name\":\"Home\",\"item\":\"https:\/\/franciscanos.org.br\/noticias\"},{\"@type\":\"ListItem\",\"position\":2,\"name\":\"Aos 96 anos, falece a benfeitora Alzira de Oliveira\"}]},{\"@type\":\"Person\",\"@id\":\"https:\/\/franciscanos.org.br\/noticias\/#\/schema\/person\/b5c8cba458c330ccff548b056e95a5d4\",\"name\":\"moacir\",\"image\":{\"@type\":\"ImageObject\",\"inLanguage\":\"pt-BR\",\"@id\":\"https:\/\/franciscanos.org.br\/noticias\/#\/schema\/person\/image\/\",\"url\":\"https:\/\/secure.gravatar.com\/avatar\/d08aa2ce4c8dd416d4479aa8536fcf64?s=96&d=mm&r=g\",\"contentUrl\":\"https:\/\/secure.gravatar.com\/avatar\/d08aa2ce4c8dd416d4479aa8536fcf64?s=96&d=mm&r=g\",\"caption\":\"moacir\"},\"url\":\"https:\/\/franciscanos.org.br\/noticias\/author\/moacir\"}]}<\/script>\n<!-- \/ Yoast SEO plugin. -->","yoast_head_json":{"title":"Aos 96 anos, falece a benfeitora Alzira de Oliveira - Not\u00edcias - Franciscanos","robots":{"index":"index","follow":"follow","max-snippet":"max-snippet:-1","max-image-preview":"max-image-preview:large","max-video-preview":"max-video-preview:-1"},"canonical":"https:\/\/franciscanos.org.br\/noticias\/aos-96-anos-falece-a-benfeitora-alzira-de-oliveira.html","og_locale":"pt_BR","og_type":"article","og_title":"Aos 96 anos, falece a benfeitora Alzira de Oliveira - Not\u00edcias - Franciscanos","og_description":"Falece D. Alzira, a benfeitora do Pr\u00f3-Voca\u00e7\u00f5es e Miss\u00f5es Franciscanas","og_url":"https:\/\/franciscanos.org.br\/noticias\/aos-96-anos-falece-a-benfeitora-alzira-de-oliveira.html","og_site_name":"Not\u00edcias - Franciscanos","article_published_time":"2019-03-20T20:17:51+00:00","article_modified_time":"2021-07-27T09:11:38+00:00","og_image":[{"width":273,"height":181,"url":"https:\/\/franciscanos.org.br\/noticias\/wp-content\/uploads\/2019\/03\/alzira_2003d.jpg","type":"image\/jpeg"}],"author":"moacir","twitter_card":"summary_large_image","twitter_misc":{"Escrito por":"moacir","Est. tempo de leitura":"2 minutos"},"schema":{"@context":"https:\/\/schema.org","@graph":[{"@type":"WebSite","@id":"https:\/\/franciscanos.org.br\/noticias\/#website","url":"https:\/\/franciscanos.org.br\/noticias\/","name":"Not\u00edcias - Franciscanos","description":"Prov\u00edncia Franciscana da Imaculada Concei\u00e7\u00e3o do Brasil - Ordem dos Frades Menores - OFM","potentialAction":[{"@type":"SearchAction","target":{"@type":"EntryPoint","urlTemplate":"https:\/\/franciscanos.org.br\/noticias\/?s={search_term_string}"},"query-input":"required name=search_term_string"}],"inLanguage":"pt-BR"},{"@type":"ImageObject","inLanguage":"pt-BR","@id":"https:\/\/franciscanos.org.br\/noticias\/aos-96-anos-falece-a-benfeitora-alzira-de-oliveira.html#primaryimage","url":"https:\/\/franciscanos.org.br\/noticias\/wp-content\/uploads\/2019\/03\/alzira_2003d.jpg","contentUrl":"https:\/\/franciscanos.org.br\/noticias\/wp-content\/uploads\/2019\/03\/alzira_2003d.jpg","width":273,"height":181},{"@type":"WebPage","@id":"https:\/\/franciscanos.org.br\/noticias\/aos-96-anos-falece-a-benfeitora-alzira-de-oliveira.html#webpage","url":"https:\/\/franciscanos.org.br\/noticias\/aos-96-anos-falece-a-benfeitora-alzira-de-oliveira.html","name":"Aos 96 anos, falece a benfeitora Alzira de Oliveira - Not\u00edcias - Franciscanos","isPartOf":{"@id":"https:\/\/franciscanos.org.br\/noticias\/#website"},"primaryImageOfPage":{"@id":"https:\/\/franciscanos.org.br\/noticias\/aos-96-anos-falece-a-benfeitora-alzira-de-oliveira.html#primaryimage"},"datePublished":"2019-03-20T20:17:51+00:00","dateModified":"2021-07-27T09:11:38+00:00","author":{"@id":"https:\/\/franciscanos.org.br\/noticias\/#\/schema\/person\/b5c8cba458c330ccff548b056e95a5d4"},"breadcrumb":{"@id":"https:\/\/franciscanos.org.br\/noticias\/aos-96-anos-falece-a-benfeitora-alzira-de-oliveira.html#breadcrumb"},"inLanguage":"pt-BR","potentialAction":[{"@type":"ReadAction","target":["https:\/\/franciscanos.org.br\/noticias\/aos-96-anos-falece-a-benfeitora-alzira-de-oliveira.html"]}]},{"@type":"BreadcrumbList","@id":"https:\/\/franciscanos.org.br\/noticias\/aos-96-anos-falece-a-benfeitora-alzira-de-oliveira.html#breadcrumb","itemListElement":[{"@type":"ListItem","position":1,"name":"Home","item":"https:\/\/franciscanos.org.br\/noticias"},{"@type":"ListItem","position":2,"name":"Aos 96 anos, falece a benfeitora Alzira de Oliveira"}]},{"@type":"Person","@id":"https:\/\/franciscanos.org.br\/noticias\/#\/schema\/person\/b5c8cba458c330ccff548b056e95a5d4","name":"moacir","image":{"@type":"ImageObject","inLanguage":"pt-BR","@id":"https:\/\/franciscanos.org.br\/noticias\/#\/schema\/person\/image\/","url":"https:\/\/secure.gravatar.com\/avatar\/d08aa2ce4c8dd416d4479aa8536fcf64?s=96&d=mm&r=g","contentUrl":"https:\/\/secure.gravatar.com\/avatar\/d08aa2ce4c8dd416d4479aa8536fcf64?s=96&d=mm&r=g","caption":"moacir"},"url":"https:\/\/franciscanos.org.br\/noticias\/author\/moacir"}]}},"_links":{"self":[{"href":"https:\/\/franciscanos.org.br\/noticias\/wp-json\/wp\/v2\/posts\/201687"}],"collection":[{"href":"https:\/\/franciscanos.org.br\/noticias\/wp-json\/wp\/v2\/posts"}],"about":[{"href":"https:\/\/franciscanos.org.br\/noticias\/wp-json\/wp\/v2\/types\/post"}],"author":[{"embeddable":true,"href":"https:\/\/franciscanos.org.br\/noticias\/wp-json\/wp\/v2\/users\/3"}],"replies":[{"embeddable":true,"href":"https:\/\/franciscanos.org.br\/noticias\/wp-json\/wp\/v2\/comments?post=201687"}],"version-history":[{"count":1,"href":"https:\/\/franciscanos.org.br\/noticias\/wp-json\/wp\/v2\/posts\/201687\/revisions"}],"predecessor-version":[{"id":233437,"href":"https:\/\/franciscanos.org.br\/noticias\/wp-json\/wp\/v2\/posts\/201687\/revisions\/233437"}],"wp:featuredmedia":[{"embeddable":true,"href":"https:\/\/franciscanos.org.br\/noticias\/wp-json\/wp\/v2\/media\/201689"}],"wp:attachment":[{"href":"https:\/\/franciscanos.org.br\/noticias\/wp-json\/wp\/v2\/media?parent=201687"}],"wp:term":[{"taxonomy":"category","embeddable":true,"href":"https:\/\/franciscanos.org.br\/noticias\/wp-json\/wp\/v2\/categories?post=201687"},{"taxonomy":"post_tag","embeddable":true,"href":"https:\/\/franciscanos.org.br\/noticias\/wp-json\/wp\/v2\/tags?post=201687"}],"curies":[{"name":"wp","href":"https:\/\/api.w.org\/{rel}","templated":true}]}}