{"id":201675,"date":"2019-03-18T18:33:58","date_gmt":"2019-03-18T21:33:58","guid":{"rendered":"https:\/\/franciscanos.org.br\/noticias\/?p=201675"},"modified":"2020-06-11T18:37:03","modified_gmt":"2020-06-11T21:37:03","slug":"paulo-machado-um-seculo-dedicado-ao-carisma-franciscano","status":"publish","type":"post","link":"https:\/\/franciscanos.org.br\/noticias\/paulo-machado-um-seculo-dedicado-ao-carisma-franciscano.html","title":{"rendered":"Paulo Machado: Um s\u00e9culo dedicado ao carisma franciscano"},"content":{"rendered":"<p><img loading=\"lazy\" class=\"alignnone wp-image-201676 size-full\" src=\"https:\/\/franciscanos.org.br\/noticias\/wp-content\/uploads\/2019\/03\/dr_joao_ofs_180319.jpg\" alt=\"\" width=\"890\" height=\"400\" srcset=\"https:\/\/franciscanos.org.br\/noticias\/wp-content\/uploads\/2019\/03\/dr_joao_ofs_180319.jpg 890w, https:\/\/franciscanos.org.br\/noticias\/wp-content\/uploads\/2019\/03\/dr_joao_ofs_180319-450x202.jpg 450w, https:\/\/franciscanos.org.br\/noticias\/wp-content\/uploads\/2019\/03\/dr_joao_ofs_180319-768x345.jpg 768w, https:\/\/franciscanos.org.br\/noticias\/wp-content\/uploads\/2019\/03\/dr_joao_ofs_180319-150x67.jpg 150w\" sizes=\"(max-width: 890px) 100vw, 890px\" \/><\/p>\n<p><strong>Frei Augusto Luiz Gabriel<\/strong><\/p>\n<p><strong>Petr\u00f3polis (RJ) \u2013<\/strong> Morreu na manh\u00e3 desta segunda-feira (18\/03), aos 101 anos, Paulo Machado da Costa e Silva, ex-Ministro Nacional da Ordem Franciscana Secular (OFS), em Petr\u00f3polis (RJ). O franciscano foi uma das figuras mais importantes e emblem\u00e1ticas da OFS. H\u00e1 alguns dias estava internado no Hospital da Unimed em Petr\u00f3polis, na Regi\u00e3o Serrana do Rio. As causas da morte n\u00e3o foram informadas.<\/p>\n<p>O advogado, professor e ex-vereador Paulo foi velado na Fraternidade do Sagrado Cora\u00e7\u00e3o de Jesus, sede da OFS de Petr\u00f3polis. Frei Almir Ribeiro Guimar\u00e3es, que durante muitos anos foi assistente nacional da OFS, presidiu a Missa de corpo presente, \u00e0s 14 horas da tarde desta segunda-feira, seguida do sepultamento no Cemit\u00e9rio Municipal da cidade. A C\u00e2mara Municipal emitiu uma nota de pesar e decretou luto oficial de tr\u00eas dias na cidade.<\/p>\n<p><img loading=\"lazy\" class=\"size-medium wp-image-201678 alignright\" src=\"https:\/\/franciscanos.org.br\/noticias\/wp-content\/uploads\/2019\/03\/dr_joao_ofs_180319_2-337x450.jpg\" alt=\"\" width=\"337\" height=\"450\" srcset=\"https:\/\/franciscanos.org.br\/noticias\/wp-content\/uploads\/2019\/03\/dr_joao_ofs_180319_2-337x450.jpg 337w, https:\/\/franciscanos.org.br\/noticias\/wp-content\/uploads\/2019\/03\/dr_joao_ofs_180319_2-768x1024.jpg 768w, https:\/\/franciscanos.org.br\/noticias\/wp-content\/uploads\/2019\/03\/dr_joao_ofs_180319_2-150x200.jpg 150w, https:\/\/franciscanos.org.br\/noticias\/wp-content\/uploads\/2019\/03\/dr_joao_ofs_180319_2-1200x1601.jpg 1200w\" sizes=\"(max-width: 337px) 100vw, 337px\" \/>Em sua homilia, Frei Almir destacou que o irm\u00e3o Paulo teve uma longa e bela exist\u00eancia. \u201cIria completar, no pr\u00f3ximo dia 17 de maio, 102 anos. Ele nunca poderia imaginar que chegaria ao centen\u00e1rio\u201d, lembrou, revelando que sempre o via contente.<\/p>\n<p>Frei Almir destacou as virtudes de um homem centen\u00e1rio: \u201cPaulo, ser humano, esposo, companheiro, pai, professor, educador, estudioso, sereno, discreto, pessoa que falava com firmeza, pausadamente, sem alterar o tom da voz. Uma pessoa de bem, respeitada, sem ambi\u00e7\u00f5es de poder, mesmo quando discordava, mantinha a calma. Um s\u00e9culo de exist\u00eancia, de labor, aud\u00e1cia, exatid\u00e3o e justi\u00e7a\u201d.<\/p>\n<p>O frade ainda mencionou que o franciscano foi um crist\u00e3o que lia, se atualizava, meditava, rezava o of\u00edcio e vivia a intimidade de um Deus pr\u00f3ximo. Sempre preocupado em n\u00e3o parar. Fez men\u00e7\u00e3o aos trabalhos que exerceu junto \u00e0 sociedade e \u00e0 pol\u00edtica, lembrando que, em 2017, Paulo Machado foi condecorado com o grau m\u00e1ximo da Medalha Koeler, a Cruz de Honra, durante uma solenidade no Pal\u00e1cio Quitandinha. \u201cEm sua trajet\u00f3ria marcante e irretoc\u00e1vel como jurista e servidor p\u00fablico, soube honrar a cidade de Petr\u00f3polis, deixando um legado pela sua atua\u00e7\u00e3o t\u00e9cnica exemplar\u201d, disse a nota da C\u00e2mara de Vereadores, publicada hoje.<\/p>\n<p>O celebrante tamb\u00e9m disse que o ex-ministro da OFS foi um renomado franciscano da d\u00e9cada de 50. Lembrou de Frei Mateus Hoepers, ex-Ministro Provincial da Prov\u00edncia Franciscana da Imaculada Concei\u00e7\u00e3o do Brasil, grande amigo de Paulo. \u201cUm incentivador das voca\u00e7\u00f5es franciscanas, um renovador da OFS no Brasil. Frei Mateus foi para ele um apresentador vivo de S\u00e3o Francisco de Assis, assim como foi para mim tamb\u00e9m\u201d, enfatizou Frei Almir. \u201c\u00c9 uma chance n\u00f3s termos convivido com uma pessoa assim\u201d, reconheceu o frade.<\/p>\n<p><strong>\u201cLEMBRAN\u00c7AS COM FELICIDADE\u201d<\/strong><\/p>\n<p>Claudia Leite da Silva Costa \u00e9 neta de Paulo. Ela destacou que se sente muito orgulhosa dos familiares que tem, e em especial de seu av\u00f4 Paulo. \u201cEu lembro que, durante a festa dos 100 anos, perguntaram qual era o motivo de tanta vitalidade. Lembro-me que respondeu que nunca havia abandonado os valores que tinha de Deus\u201d, disse. \u201cN\u00f3s lembramos dele com muita felicidade\u201d, emendou.<\/p>\n<p>Maria Aparecida da Silva pertence a OFS h\u00e1 28 anos. Ela faz men\u00e7\u00e3o que em 2012, quando foi eleita Ministra da Fraternidade de Petr\u00f3polis, contava muito com a orienta\u00e7\u00e3o do sr. Paulo. \u201cPara mim, ele \u00e9 um santo e esta no c\u00e9u. Estou muito sentida com a morte dele. Se ele faltava nos encontros, logo perceb\u00edamos sua aus\u00eancia. Ele era presente, sempre atuante e participante\u201d, destacou.<\/p>\n<p>Regina Machado Costa e Silva \u00e9 a irm\u00e3 ca\u00e7ula de Paulo. Ele \u00e9 o mais velho de dez irm\u00e3os. Para ela, Paulo foi um excelente irm\u00e3o que sempre ofereceu muito apoio para toda a fam\u00edlia. \u201c\u00c9ramos dez irm\u00e3os muito unidos. Sentiremos muito a falta dele\u201d, lamentou.<\/p>\n<p>Eva da Concei\u00e7\u00e3o trabalhou por muitos anos na Confer\u00eancia da Fam\u00edlia Franciscana do Brasil. Segundo ela, Paulo foi um \u00f3timo conselheiro. \u201cPara a minha vida ele foi muito importante, foi e continuar\u00e1 sendo um santo. \u00c9 um verdadeiro disc\u00edpulo de S\u00e3o Francisco de Assis. Que ele esteja no c\u00e9u\u201d, desejou!<\/p>\n<p>A missa de 7\u00ba dia ser\u00e1 no pr\u00f3ximo s\u00e1bado (23\/03), \u00e0s 16h15, na Par\u00f3quia do Sagrado Cora\u00e7\u00e3o de Jesus em Petr\u00f3polis.<\/p>\n<p><img loading=\"lazy\" class=\"alignnone wp-image-201677 size-full\" src=\"https:\/\/franciscanos.org.br\/noticias\/wp-content\/uploads\/2019\/03\/dr_joao_ofs_180319_1.jpg\" alt=\"\" width=\"890\" height=\"400\" srcset=\"https:\/\/franciscanos.org.br\/noticias\/wp-content\/uploads\/2019\/03\/dr_joao_ofs_180319_1.jpg 890w, https:\/\/franciscanos.org.br\/noticias\/wp-content\/uploads\/2019\/03\/dr_joao_ofs_180319_1-450x202.jpg 450w, https:\/\/franciscanos.org.br\/noticias\/wp-content\/uploads\/2019\/03\/dr_joao_ofs_180319_1-768x345.jpg 768w, https:\/\/franciscanos.org.br\/noticias\/wp-content\/uploads\/2019\/03\/dr_joao_ofs_180319_1-150x67.jpg 150w\" sizes=\"(max-width: 890px) 100vw, 890px\" \/><\/p>\n<hr \/>\n<p><strong>ADMIRA\u00c7\u00c3O DO VIG\u00c1RIO PROVINCIAL<\/strong><\/p>\n<p>Apesar do pouco contato que tive com o Professor Paulo Machado, aprendi, no breve tempo de caminhada Franciscana que possuo, a nutrir por ele imensa admira\u00e7\u00e3o. Primeiro, pelo belo legado que ele deixa \u00e0 trajet\u00f3ria da Ordem Franciscana Secular, especialmente em sua atualiza\u00e7\u00e3o para o esp\u00edrito do P\u00f3s-Conc\u00edlio. Em segundo, pela rever\u00eancia e proximidade que ele em toda sua vida cultivou para com os nossos confrades, especialmente em Petr\u00f3polis. Tamb\u00e9m aprendi a admirar sua lucidez e a simplicidade no trato com as pessoas, fazendo jus ao caminho do seguimento do Pobre de Assis que em vida procurou abra\u00e7ar com entusiasmo e vibra\u00e7\u00e3o. Nossa Prov\u00edncia louva a Deus pela vida deste irm\u00e3o que Ele nos concedeu e que hoje, mansa e amorosamente, retorna para o descanso eterno junto ao Pai.<\/p>\n<p style=\"text-align: right;\"><em>Frei Gustavo Medella, Vig\u00e1rio Provincial da Prov\u00edncia da Imaculada Concei\u00e7\u00e3o do Brasil<\/em><\/p>\n<hr \/>\n<p><strong>NOTA DE SOLIDARIEDADE DO CIOFS<\/strong><\/p>\n<p>Queridos irm\u00e3os e irm\u00e3s<br \/>\nda OFS e da Jufra do Brasil<\/p>\n<p>A experi\u00eancia de &#8220;abra\u00e7ar nossa hist\u00f3ria&#8221; nos convoca a refletir sobre as &#8220;hist\u00f3rias vividas&#8221;, e compartilhar em alguns momentos minha caminhada com o querido doutor Paulo, foi uma gra\u00e7a de Deus.<\/p>\n<p>Envio meu abra\u00e7o a cada um de voc\u00eas, e quero recordar esta vida de servi\u00e7o \u00e0 nossa Ordem com o compromisso de seguir estas pegadas franciscanas de um Homem que caminhou com compromisso, lutando por nossos direitos, trabalhando em nossa Regra e Constitui\u00e7\u00f5es Gerais, um homem cuja vida esteve sempre a servi\u00e7o de nossa Ordem.<\/p>\n<p>Me encontro na reuni\u00e3o da Presid\u00eancia do Conselho Internacional da Ordem Franciscana Secular (CIOFS) e rezamos pelo Dr. Paulo em fraternidade.<\/p>\n<p>Neste momento de sua P\u00e1scoa, me alegra que o Senhor o receba em seus bra\u00e7os, e seu encontro com nosso irm\u00e3o Francisco de Assis h\u00e1 de ser de gl\u00f3ria e alegria.<br \/>\nSa\u00fado em especial a sua fam\u00edlia e a voc\u00eas desejo paz e bem!<\/p>\n<p style=\"text-align: right;\"><em>Sua irm\u00e3, Silvia Diana, OFS.<\/em><br \/>\n<em>Conselheira da OFS para a \u00c1rea da Am\u00e9rica Latina-Cone Sul para a L\u00edngua Portuguesa. <\/em><\/p>\n<hr \/>\n<p><strong>CFFB: NOTA DE PESAR<\/strong><\/p>\n<p><em>Bras\u00edlia, 18 de mar\u00e7o de 2019<\/em><br \/>\n<em>\u201cFeliz o homem que encontrou a sabedoria, o homem que encontrou a prud\u00eancia!\u201dPr 3,13 <\/em><\/p>\n<p>Ainda sent\u00edamos ressoar o Evangelho da Transfigura\u00e7\u00e3o de Jesus no Tabor, quando ao acordar, recebemos a not\u00edcia da P\u00e1scoa do Dr. Paulo Machado, o Irm\u00e3o Paulo. Logo veio a minha mente, agora, o nosso confrade, est\u00e1 plenamente transfigurado!<\/p>\n<p>Sua figura est\u00e1 intimamente unida a exist\u00eancia da Fam\u00edlia Franciscana do Brasil. Todos que, de alguma maneira passaram pelo Centro de Espiritualidade, CEFEPAL, em Petr\u00f3polis, o conheceu ou ouviu seu nome.<\/p>\n<p>Paulo Machado, crist\u00e3o, pai de fam\u00edlia, franciscano secular, advogado! Tudo nele teve as marcas do Evangelho. Sereno, polido ao falar, olhar penetrante, sorriso recatado. De seu cora\u00e7\u00e3o brotava uma bondade infinita, que abundantemente fazia jorrar sobre os que dele aproximavam-se.<\/p>\n<p>Fez de S\u00e3o Francisco de Assis, seu mestre na Escola do Evangelho. Homem profundamente eclesial, abra\u00e7ou o Conc\u00edlio Vaticano II, sobretudo no que concerne a miss\u00e3o do laicato no mundo. Com o Poverello de Assis, compreendeu o que significa estar no mundo sem ser do mundo. Viveu franciscanamente seu cotidiano familiar e de mestre do direito. Amou a Ordem Franciscana Secular e a ela serviu de forma exemplar. Tudo nele dizia de um homem que deixou-se trabalhar pela forma de vida de Francisco de Assis. Nele encontr\u00e1vamos a ess\u00eancia do franciscano leigo, em meio \u00e0s realidades do s\u00f3cio-pol\u00edticas.<\/p>\n<p>A Fam\u00edlia Franciscana do Brasil, hoje canta o TE DEUM, pois o Senhor fez maravilhas entre n\u00f3s, na vida e miss\u00e3o deste querido irm\u00e3o. Agora, fica o desafio, desafio de levar adiante um legado t\u00e3o fecundo, onde o Evangelho e S\u00e3o Francisco de Assis, tornaram-se vida, na vida de um homem, que carinhosamente aprendemos a chamar de Dr. Paulo, Irm\u00e3o Paulo ou simplesmente Paulo!<\/p>\n<p>A Confer\u00eancia da Fam\u00edlia Franciscana do Brasil, CFFB, abra\u00e7a a seus familiares e a sua Fraternidade Franciscana Secular, com fraternura.<\/p>\n<p style=\"text-align: right;\"><em>Frei \u00c9derson Queiroz, OFMCap <\/em><br \/>\n<em>Presidente da Confer\u00eancia da Fam\u00edlia Franciscana do Brasil<\/em><\/p>\n<h2><a href=\"https:\/\/carisma.franciscanos.org.br\/saudacao-ao-irmao-paulo-machado-da-costa-e-silva-ofs.html\">VEJA A HOMENAGEM DE ROSALVO MOTA<\/a><\/h2>\n","protected":false},"excerpt":{"rendered":"<p>OFS<\/p>\n","protected":false},"author":5,"featured_media":201679,"comment_status":"open","ping_status":"open","sticky":false,"template":"","format":"standard","meta":[],"categories":[1],"tags":[60,190],"acf":[],"yoast_head":"<!-- This site is optimized with the Yoast SEO plugin v19.2 - https:\/\/yoast.com\/wordpress\/plugins\/seo\/ -->\n<title>Paulo Machado: Um s\u00e9culo dedicado ao carisma franciscano - Not\u00edcias - Franciscanos<\/title>\n<meta name=\"robots\" content=\"index, follow, max-snippet:-1, max-image-preview:large, max-video-preview:-1\" \/>\n<link rel=\"canonical\" href=\"https:\/\/franciscanos.org.br\/noticias\/paulo-machado-um-seculo-dedicado-ao-carisma-franciscano.html\" \/>\n<meta property=\"og:locale\" content=\"pt_BR\" \/>\n<meta property=\"og:type\" content=\"article\" \/>\n<meta property=\"og:title\" content=\"Paulo Machado: Um s\u00e9culo dedicado ao carisma franciscano - Not\u00edcias - Franciscanos\" \/>\n<meta property=\"og:description\" content=\"OFS\" \/>\n<meta property=\"og:url\" content=\"https:\/\/franciscanos.org.br\/noticias\/paulo-machado-um-seculo-dedicado-ao-carisma-franciscano.html\" \/>\n<meta property=\"og:site_name\" content=\"Not\u00edcias - Franciscanos\" \/>\n<meta property=\"article:published_time\" content=\"2019-03-18T21:33:58+00:00\" \/>\n<meta property=\"article:modified_time\" content=\"2020-06-11T21:37:03+00:00\" \/>\n<meta property=\"og:image\" content=\"https:\/\/franciscanos.org.br\/noticias\/wp-content\/uploads\/2019\/03\/dr_joao_ofs_180319_3.jpg\" \/>\n\t<meta property=\"og:image:width\" content=\"273\" \/>\n\t<meta property=\"og:image:height\" content=\"181\" \/>\n\t<meta property=\"og:image:type\" content=\"image\/jpeg\" \/>\n<meta name=\"author\" content=\"freiaugusto\" \/>\n<meta name=\"twitter:card\" content=\"summary_large_image\" \/>\n<meta name=\"twitter:label1\" content=\"Escrito por\" \/>\n\t<meta name=\"twitter:data1\" content=\"freiaugusto\" \/>\n\t<meta name=\"twitter:label2\" content=\"Est. tempo de leitura\" \/>\n\t<meta name=\"twitter:data2\" content=\"7 minutos\" \/>\n<script type=\"application\/ld+json\" class=\"yoast-schema-graph\">{\"@context\":\"https:\/\/schema.org\",\"@graph\":[{\"@type\":\"WebSite\",\"@id\":\"https:\/\/franciscanos.org.br\/noticias\/#website\",\"url\":\"https:\/\/franciscanos.org.br\/noticias\/\",\"name\":\"Not\u00edcias - Franciscanos\",\"description\":\"Prov\u00edncia Franciscana da Imaculada Concei\u00e7\u00e3o do Brasil - Ordem dos Frades Menores - OFM\",\"potentialAction\":[{\"@type\":\"SearchAction\",\"target\":{\"@type\":\"EntryPoint\",\"urlTemplate\":\"https:\/\/franciscanos.org.br\/noticias\/?s={search_term_string}\"},\"query-input\":\"required name=search_term_string\"}],\"inLanguage\":\"pt-BR\"},{\"@type\":\"ImageObject\",\"inLanguage\":\"pt-BR\",\"@id\":\"https:\/\/franciscanos.org.br\/noticias\/paulo-machado-um-seculo-dedicado-ao-carisma-franciscano.html#primaryimage\",\"url\":\"https:\/\/franciscanos.org.br\/noticias\/wp-content\/uploads\/2019\/03\/dr_joao_ofs_180319_3.jpg\",\"contentUrl\":\"https:\/\/franciscanos.org.br\/noticias\/wp-content\/uploads\/2019\/03\/dr_joao_ofs_180319_3.jpg\",\"width\":273,\"height\":181},{\"@type\":\"WebPage\",\"@id\":\"https:\/\/franciscanos.org.br\/noticias\/paulo-machado-um-seculo-dedicado-ao-carisma-franciscano.html#webpage\",\"url\":\"https:\/\/franciscanos.org.br\/noticias\/paulo-machado-um-seculo-dedicado-ao-carisma-franciscano.html\",\"name\":\"Paulo Machado: Um s\u00e9culo dedicado ao carisma franciscano - Not\u00edcias - Franciscanos\",\"isPartOf\":{\"@id\":\"https:\/\/franciscanos.org.br\/noticias\/#website\"},\"primaryImageOfPage\":{\"@id\":\"https:\/\/franciscanos.org.br\/noticias\/paulo-machado-um-seculo-dedicado-ao-carisma-franciscano.html#primaryimage\"},\"datePublished\":\"2019-03-18T21:33:58+00:00\",\"dateModified\":\"2020-06-11T21:37:03+00:00\",\"author\":{\"@id\":\"https:\/\/franciscanos.org.br\/noticias\/#\/schema\/person\/37f88f0d111cd5358b12a6556a99eb91\"},\"breadcrumb\":{\"@id\":\"https:\/\/franciscanos.org.br\/noticias\/paulo-machado-um-seculo-dedicado-ao-carisma-franciscano.html#breadcrumb\"},\"inLanguage\":\"pt-BR\",\"potentialAction\":[{\"@type\":\"ReadAction\",\"target\":[\"https:\/\/franciscanos.org.br\/noticias\/paulo-machado-um-seculo-dedicado-ao-carisma-franciscano.html\"]}]},{\"@type\":\"BreadcrumbList\",\"@id\":\"https:\/\/franciscanos.org.br\/noticias\/paulo-machado-um-seculo-dedicado-ao-carisma-franciscano.html#breadcrumb\",\"itemListElement\":[{\"@type\":\"ListItem\",\"position\":1,\"name\":\"Home\",\"item\":\"https:\/\/franciscanos.org.br\/noticias\"},{\"@type\":\"ListItem\",\"position\":2,\"name\":\"Paulo Machado: Um s\u00e9culo dedicado ao carisma franciscano\"}]},{\"@type\":\"Person\",\"@id\":\"https:\/\/franciscanos.org.br\/noticias\/#\/schema\/person\/37f88f0d111cd5358b12a6556a99eb91\",\"name\":\"freiaugusto\",\"image\":{\"@type\":\"ImageObject\",\"inLanguage\":\"pt-BR\",\"@id\":\"https:\/\/franciscanos.org.br\/noticias\/#\/schema\/person\/image\/\",\"url\":\"https:\/\/secure.gravatar.com\/avatar\/9840b940e621801b24f3e6b059efb4b7?s=96&d=mm&r=g\",\"contentUrl\":\"https:\/\/secure.gravatar.com\/avatar\/9840b940e621801b24f3e6b059efb4b7?s=96&d=mm&r=g\",\"caption\":\"freiaugusto\"},\"url\":\"https:\/\/franciscanos.org.br\/noticias\/author\/freiaugusto\"}]}<\/script>\n<!-- \/ Yoast SEO plugin. -->","yoast_head_json":{"title":"Paulo Machado: Um s\u00e9culo dedicado ao carisma franciscano - Not\u00edcias - Franciscanos","robots":{"index":"index","follow":"follow","max-snippet":"max-snippet:-1","max-image-preview":"max-image-preview:large","max-video-preview":"max-video-preview:-1"},"canonical":"https:\/\/franciscanos.org.br\/noticias\/paulo-machado-um-seculo-dedicado-ao-carisma-franciscano.html","og_locale":"pt_BR","og_type":"article","og_title":"Paulo Machado: Um s\u00e9culo dedicado ao carisma franciscano - Not\u00edcias - Franciscanos","og_description":"OFS","og_url":"https:\/\/franciscanos.org.br\/noticias\/paulo-machado-um-seculo-dedicado-ao-carisma-franciscano.html","og_site_name":"Not\u00edcias - Franciscanos","article_published_time":"2019-03-18T21:33:58+00:00","article_modified_time":"2020-06-11T21:37:03+00:00","og_image":[{"width":273,"height":181,"url":"https:\/\/franciscanos.org.br\/noticias\/wp-content\/uploads\/2019\/03\/dr_joao_ofs_180319_3.jpg","type":"image\/jpeg"}],"author":"freiaugusto","twitter_card":"summary_large_image","twitter_misc":{"Escrito por":"freiaugusto","Est. tempo de leitura":"7 minutos"},"schema":{"@context":"https:\/\/schema.org","@graph":[{"@type":"WebSite","@id":"https:\/\/franciscanos.org.br\/noticias\/#website","url":"https:\/\/franciscanos.org.br\/noticias\/","name":"Not\u00edcias - Franciscanos","description":"Prov\u00edncia Franciscana da Imaculada Concei\u00e7\u00e3o do Brasil - Ordem dos Frades Menores - OFM","potentialAction":[{"@type":"SearchAction","target":{"@type":"EntryPoint","urlTemplate":"https:\/\/franciscanos.org.br\/noticias\/?s={search_term_string}"},"query-input":"required name=search_term_string"}],"inLanguage":"pt-BR"},{"@type":"ImageObject","inLanguage":"pt-BR","@id":"https:\/\/franciscanos.org.br\/noticias\/paulo-machado-um-seculo-dedicado-ao-carisma-franciscano.html#primaryimage","url":"https:\/\/franciscanos.org.br\/noticias\/wp-content\/uploads\/2019\/03\/dr_joao_ofs_180319_3.jpg","contentUrl":"https:\/\/franciscanos.org.br\/noticias\/wp-content\/uploads\/2019\/03\/dr_joao_ofs_180319_3.jpg","width":273,"height":181},{"@type":"WebPage","@id":"https:\/\/franciscanos.org.br\/noticias\/paulo-machado-um-seculo-dedicado-ao-carisma-franciscano.html#webpage","url":"https:\/\/franciscanos.org.br\/noticias\/paulo-machado-um-seculo-dedicado-ao-carisma-franciscano.html","name":"Paulo Machado: Um s\u00e9culo dedicado ao carisma franciscano - Not\u00edcias - Franciscanos","isPartOf":{"@id":"https:\/\/franciscanos.org.br\/noticias\/#website"},"primaryImageOfPage":{"@id":"https:\/\/franciscanos.org.br\/noticias\/paulo-machado-um-seculo-dedicado-ao-carisma-franciscano.html#primaryimage"},"datePublished":"2019-03-18T21:33:58+00:00","dateModified":"2020-06-11T21:37:03+00:00","author":{"@id":"https:\/\/franciscanos.org.br\/noticias\/#\/schema\/person\/37f88f0d111cd5358b12a6556a99eb91"},"breadcrumb":{"@id":"https:\/\/franciscanos.org.br\/noticias\/paulo-machado-um-seculo-dedicado-ao-carisma-franciscano.html#breadcrumb"},"inLanguage":"pt-BR","potentialAction":[{"@type":"ReadAction","target":["https:\/\/franciscanos.org.br\/noticias\/paulo-machado-um-seculo-dedicado-ao-carisma-franciscano.html"]}]},{"@type":"BreadcrumbList","@id":"https:\/\/franciscanos.org.br\/noticias\/paulo-machado-um-seculo-dedicado-ao-carisma-franciscano.html#breadcrumb","itemListElement":[{"@type":"ListItem","position":1,"name":"Home","item":"https:\/\/franciscanos.org.br\/noticias"},{"@type":"ListItem","position":2,"name":"Paulo Machado: Um s\u00e9culo dedicado ao carisma franciscano"}]},{"@type":"Person","@id":"https:\/\/franciscanos.org.br\/noticias\/#\/schema\/person\/37f88f0d111cd5358b12a6556a99eb91","name":"freiaugusto","image":{"@type":"ImageObject","inLanguage":"pt-BR","@id":"https:\/\/franciscanos.org.br\/noticias\/#\/schema\/person\/image\/","url":"https:\/\/secure.gravatar.com\/avatar\/9840b940e621801b24f3e6b059efb4b7?s=96&d=mm&r=g","contentUrl":"https:\/\/secure.gravatar.com\/avatar\/9840b940e621801b24f3e6b059efb4b7?s=96&d=mm&r=g","caption":"freiaugusto"},"url":"https:\/\/franciscanos.org.br\/noticias\/author\/freiaugusto"}]}},"_links":{"self":[{"href":"https:\/\/franciscanos.org.br\/noticias\/wp-json\/wp\/v2\/posts\/201675"}],"collection":[{"href":"https:\/\/franciscanos.org.br\/noticias\/wp-json\/wp\/v2\/posts"}],"about":[{"href":"https:\/\/franciscanos.org.br\/noticias\/wp-json\/wp\/v2\/types\/post"}],"author":[{"embeddable":true,"href":"https:\/\/franciscanos.org.br\/noticias\/wp-json\/wp\/v2\/users\/5"}],"replies":[{"embeddable":true,"href":"https:\/\/franciscanos.org.br\/noticias\/wp-json\/wp\/v2\/comments?post=201675"}],"version-history":[{"count":1,"href":"https:\/\/franciscanos.org.br\/noticias\/wp-json\/wp\/v2\/posts\/201675\/revisions"}],"predecessor-version":[{"id":226482,"href":"https:\/\/franciscanos.org.br\/noticias\/wp-json\/wp\/v2\/posts\/201675\/revisions\/226482"}],"wp:featuredmedia":[{"embeddable":true,"href":"https:\/\/franciscanos.org.br\/noticias\/wp-json\/wp\/v2\/media\/201679"}],"wp:attachment":[{"href":"https:\/\/franciscanos.org.br\/noticias\/wp-json\/wp\/v2\/media?parent=201675"}],"wp:term":[{"taxonomy":"category","embeddable":true,"href":"https:\/\/franciscanos.org.br\/noticias\/wp-json\/wp\/v2\/categories?post=201675"},{"taxonomy":"post_tag","embeddable":true,"href":"https:\/\/franciscanos.org.br\/noticias\/wp-json\/wp\/v2\/tags?post=201675"}],"curies":[{"name":"wp","href":"https:\/\/api.w.org\/{rel}","templated":true}]}}