{"id":201653,"date":"2019-03-17T12:11:19","date_gmt":"2019-03-17T15:11:19","guid":{"rendered":"https:\/\/franciscanos.org.br\/noticias\/?p=201653"},"modified":"2020-06-11T18:36:04","modified_gmt":"2020-06-11T21:36:04","slug":"ofs-falece-o-centenario-irmao-paulo","status":"publish","type":"post","link":"https:\/\/franciscanos.org.br\/noticias\/ofs-falece-o-centenario-irmao-paulo.html","title":{"rendered":"Paulo Machado: &#8220;Nossa Prov\u00edncia louva a Deus pela vida deste irm\u00e3o&#8221;"},"content":{"rendered":"<p><img loading=\"lazy\" class=\"aligncenter size-full wp-image-201670\" src=\"https:\/\/franciscanos.org.br\/noticias\/wp-content\/uploads\/2019\/03\/paulo_180319.jpg\" alt=\"\" width=\"890\" height=\"404\" srcset=\"https:\/\/franciscanos.org.br\/noticias\/wp-content\/uploads\/2019\/03\/paulo_180319.jpg 890w, https:\/\/franciscanos.org.br\/noticias\/wp-content\/uploads\/2019\/03\/paulo_180319-450x204.jpg 450w, https:\/\/franciscanos.org.br\/noticias\/wp-content\/uploads\/2019\/03\/paulo_180319-768x349.jpg 768w, https:\/\/franciscanos.org.br\/noticias\/wp-content\/uploads\/2019\/03\/paulo_180319-150x68.jpg 150w\" sizes=\"(max-width: 890px) 100vw, 890px\" \/><\/p>\n<p>Apesar do pouco contato que tive com o Professor Paulo Machado, aprendi, no breve tempo de caminhada Franciscana que possuo, a nutrir por ele imensa admira\u00e7\u00e3o. Primeiro, pelo belo legado que ele deixa \u00e0 trajet\u00f3ria da Ordem Franciscana Secular, especialmente em sua atualiza\u00e7\u00e3o para o esp\u00edrito do P\u00f3s-Conc\u00edlio. Em segundo, pela rever\u00eancia e proximidade que ele em toda sua vida cultivou para com os nossos confrades, especialmente em Petr\u00f3polis. Tamb\u00e9m aprendi a admirar sua lucidez e a simplicidade no trato com as pessoas, fazendo jus ao caminho do seguimento do Pobre de Assis que em vida procurou abra\u00e7ar com entusiamo e vibra\u00e7\u00e3o. Nossa Prov\u00edncia louva a Deus pela vida deste irm\u00e3o que Ele nos concedeu e que hoje, mansa e amorosamente, retorna para o descanso eterno junto ao Pai.<\/p>\n<p><strong>Frei Gustavo Medella, Vig\u00e1rio Provincial da Prov\u00edncia da Imaculada Concei\u00e7\u00e3o do Brasil<\/strong><\/p>\n<hr \/>\n<p><img loading=\"lazy\" class=\"alignnone wp-image-201662 size-full\" src=\"https:\/\/franciscanos.org.br\/noticias\/wp-content\/uploads\/2019\/03\/falecimento_paulo_180319.jpg\" alt=\"\" width=\"890\" height=\"450\" srcset=\"https:\/\/franciscanos.org.br\/noticias\/wp-content\/uploads\/2019\/03\/falecimento_paulo_180319.jpg 890w, https:\/\/franciscanos.org.br\/noticias\/wp-content\/uploads\/2019\/03\/falecimento_paulo_180319-450x228.jpg 450w, https:\/\/franciscanos.org.br\/noticias\/wp-content\/uploads\/2019\/03\/falecimento_paulo_180319-768x388.jpg 768w, https:\/\/franciscanos.org.br\/noticias\/wp-content\/uploads\/2019\/03\/falecimento_paulo_180319-150x76.jpg 150w\" sizes=\"(max-width: 890px) 100vw, 890px\" \/><\/p>\n<p><strong>PAULO MACHADO DA COSTA E SILVA &#8211;\u00a0<\/strong><strong>*1917 \u2020 2019<\/strong><\/p>\n<p>Terminou sua caminhada na terra dos homens, por volta das 6 horas da manh\u00e3, neste dia 18 de mar\u00e7o de 2019, v\u00e9spera da Solenidade de S\u00e3o Jos\u00e9, em Petr\u00f3polis (RJ), uma das figuras mais importantes e emblem\u00e1ticas da Ordem Franciscana Secular, o Irm\u00e3o Paulo. Depois de alguns dias passados no Hospital da Unimed em Petr\u00f3polis, o Irm\u00e3o Paulo, o Professor Paulo Machado, o cidad\u00e3o petropolitano Paulo Machado terminou seus dias na terra dos homens a caminho da comemora\u00e7\u00e3o de 102 anos a 17 de maio de 2019. A Irm\u00e3 Morte, docemente, veio chama-lo.\u00a0 \u00a0A Fam\u00edlia Franciscana em seu todo, a Ordem Franciscana Secular Internacional, a Ordem Franciscana Secular do Brasil fazem chegar at\u00e9 o Senhor Deus um hino de gratid\u00e3o pela vida, pela obra e simplesmente pelo homem e crist\u00e3o Paulo Machado. Um homem, um crist\u00e3o, um franciscano no meio do mundo.<\/p>\n<p>Nesta breve not\u00edcia n\u00e3o temos condi\u00e7\u00f5es nem pretendemos fazer relat\u00f3rio de tudo o significou vida da Paulo Machado para sua fam\u00edlia, para a cidade de Petr\u00f3polis, para a Ordem Franciscana Secular.\u00a0 Chamamos aten\u00e7\u00e3o para um que outro elemento a ser ressaltado em longa e prof\u00edcua biografia.<\/p>\n<p>O Irm\u00e3o Paulo ocupou todos os cargos de servi\u00e7o em n\u00edvel, local e nacional na Ordem do Brasil. Colaborou durante muito tempo na elabora\u00e7\u00e3o da Regra da Ordem Franciscana Secular promulgada pelo Papa Paulo VI, a 24 de junho de 1978. A Ordem se adequava ao sopro primaveril do Vaticano II e a Regra procurou colocar em destaque orienta\u00e7\u00f5es para um laicato maduro vivendo no mundo o espirito de S\u00e3o Francisco. Sucessivas reuni\u00f5es foram realizar para burilar as orienta\u00e7\u00f5es, acolher as sugest\u00f5es vindas do mundo. Paulo Machado haveria exercer a fun\u00e7\u00e3o de Ministro Nacional da Ordem e de se empenhar para a viv\u00eancia da Regra.<\/p>\n<p><strong>Frei Almir Ribeiro Guimar\u00e3es<\/strong><\/p>\n","protected":false},"excerpt":{"rendered":"<p>OFS<\/p>\n","protected":false},"author":5,"featured_media":201656,"comment_status":"open","ping_status":"open","sticky":false,"template":"","format":"standard","meta":[],"categories":[1],"tags":[60],"acf":[],"yoast_head":"<!-- This site is optimized with the Yoast SEO plugin v19.2 - https:\/\/yoast.com\/wordpress\/plugins\/seo\/ -->\n<title>Paulo Machado: &quot;Nossa Prov\u00edncia louva a Deus pela vida deste irm\u00e3o&quot; - Not\u00edcias - Franciscanos<\/title>\n<meta name=\"robots\" content=\"index, follow, max-snippet:-1, max-image-preview:large, max-video-preview:-1\" \/>\n<link rel=\"canonical\" href=\"https:\/\/franciscanos.org.br\/noticias\/ofs-falece-o-centenario-irmao-paulo.html\" \/>\n<meta property=\"og:locale\" content=\"pt_BR\" \/>\n<meta property=\"og:type\" content=\"article\" \/>\n<meta property=\"og:title\" content=\"Paulo Machado: &quot;Nossa Prov\u00edncia louva a Deus pela vida deste irm\u00e3o&quot; - Not\u00edcias - Franciscanos\" \/>\n<meta property=\"og:description\" content=\"OFS\" \/>\n<meta property=\"og:url\" content=\"https:\/\/franciscanos.org.br\/noticias\/ofs-falece-o-centenario-irmao-paulo.html\" \/>\n<meta property=\"og:site_name\" content=\"Not\u00edcias - Franciscanos\" \/>\n<meta property=\"article:published_time\" content=\"2019-03-17T15:11:19+00:00\" \/>\n<meta property=\"article:modified_time\" content=\"2020-06-11T21:36:04+00:00\" \/>\n<meta property=\"og:image\" content=\"https:\/\/franciscanos.org.br\/noticias\/wp-content\/uploads\/2019\/03\/falecimento_paulo_180319_2.jpg\" \/>\n\t<meta property=\"og:image:width\" content=\"273\" \/>\n\t<meta property=\"og:image:height\" content=\"181\" \/>\n\t<meta property=\"og:image:type\" content=\"image\/jpeg\" \/>\n<meta name=\"author\" content=\"freiaugusto\" \/>\n<meta name=\"twitter:card\" content=\"summary_large_image\" \/>\n<meta name=\"twitter:label1\" content=\"Escrito por\" \/>\n\t<meta name=\"twitter:data1\" content=\"freiaugusto\" \/>\n\t<meta name=\"twitter:label2\" content=\"Est. tempo de leitura\" \/>\n\t<meta name=\"twitter:data2\" content=\"2 minutos\" \/>\n<script type=\"application\/ld+json\" class=\"yoast-schema-graph\">{\"@context\":\"https:\/\/schema.org\",\"@graph\":[{\"@type\":\"WebSite\",\"@id\":\"https:\/\/franciscanos.org.br\/noticias\/#website\",\"url\":\"https:\/\/franciscanos.org.br\/noticias\/\",\"name\":\"Not\u00edcias - Franciscanos\",\"description\":\"Prov\u00edncia Franciscana da Imaculada Concei\u00e7\u00e3o do Brasil - Ordem dos Frades Menores - OFM\",\"potentialAction\":[{\"@type\":\"SearchAction\",\"target\":{\"@type\":\"EntryPoint\",\"urlTemplate\":\"https:\/\/franciscanos.org.br\/noticias\/?s={search_term_string}\"},\"query-input\":\"required name=search_term_string\"}],\"inLanguage\":\"pt-BR\"},{\"@type\":\"ImageObject\",\"inLanguage\":\"pt-BR\",\"@id\":\"https:\/\/franciscanos.org.br\/noticias\/ofs-falece-o-centenario-irmao-paulo.html#primaryimage\",\"url\":\"https:\/\/franciscanos.org.br\/noticias\/wp-content\/uploads\/2019\/03\/falecimento_paulo_180319_2.jpg\",\"contentUrl\":\"https:\/\/franciscanos.org.br\/noticias\/wp-content\/uploads\/2019\/03\/falecimento_paulo_180319_2.jpg\",\"width\":273,\"height\":181},{\"@type\":\"WebPage\",\"@id\":\"https:\/\/franciscanos.org.br\/noticias\/ofs-falece-o-centenario-irmao-paulo.html#webpage\",\"url\":\"https:\/\/franciscanos.org.br\/noticias\/ofs-falece-o-centenario-irmao-paulo.html\",\"name\":\"Paulo Machado: \\\"Nossa Prov\u00edncia louva a Deus pela vida deste irm\u00e3o\\\" - Not\u00edcias - Franciscanos\",\"isPartOf\":{\"@id\":\"https:\/\/franciscanos.org.br\/noticias\/#website\"},\"primaryImageOfPage\":{\"@id\":\"https:\/\/franciscanos.org.br\/noticias\/ofs-falece-o-centenario-irmao-paulo.html#primaryimage\"},\"datePublished\":\"2019-03-17T15:11:19+00:00\",\"dateModified\":\"2020-06-11T21:36:04+00:00\",\"author\":{\"@id\":\"https:\/\/franciscanos.org.br\/noticias\/#\/schema\/person\/37f88f0d111cd5358b12a6556a99eb91\"},\"breadcrumb\":{\"@id\":\"https:\/\/franciscanos.org.br\/noticias\/ofs-falece-o-centenario-irmao-paulo.html#breadcrumb\"},\"inLanguage\":\"pt-BR\",\"potentialAction\":[{\"@type\":\"ReadAction\",\"target\":[\"https:\/\/franciscanos.org.br\/noticias\/ofs-falece-o-centenario-irmao-paulo.html\"]}]},{\"@type\":\"BreadcrumbList\",\"@id\":\"https:\/\/franciscanos.org.br\/noticias\/ofs-falece-o-centenario-irmao-paulo.html#breadcrumb\",\"itemListElement\":[{\"@type\":\"ListItem\",\"position\":1,\"name\":\"Home\",\"item\":\"https:\/\/franciscanos.org.br\/noticias\"},{\"@type\":\"ListItem\",\"position\":2,\"name\":\"Paulo Machado: &#8220;Nossa Prov\u00edncia louva a Deus pela vida deste irm\u00e3o&#8221;\"}]},{\"@type\":\"Person\",\"@id\":\"https:\/\/franciscanos.org.br\/noticias\/#\/schema\/person\/37f88f0d111cd5358b12a6556a99eb91\",\"name\":\"freiaugusto\",\"image\":{\"@type\":\"ImageObject\",\"inLanguage\":\"pt-BR\",\"@id\":\"https:\/\/franciscanos.org.br\/noticias\/#\/schema\/person\/image\/\",\"url\":\"https:\/\/secure.gravatar.com\/avatar\/9840b940e621801b24f3e6b059efb4b7?s=96&d=mm&r=g\",\"contentUrl\":\"https:\/\/secure.gravatar.com\/avatar\/9840b940e621801b24f3e6b059efb4b7?s=96&d=mm&r=g\",\"caption\":\"freiaugusto\"},\"url\":\"https:\/\/franciscanos.org.br\/noticias\/author\/freiaugusto\"}]}<\/script>\n<!-- \/ Yoast SEO plugin. -->","yoast_head_json":{"title":"Paulo Machado: \"Nossa Prov\u00edncia louva a Deus pela vida deste irm\u00e3o\" - Not\u00edcias - Franciscanos","robots":{"index":"index","follow":"follow","max-snippet":"max-snippet:-1","max-image-preview":"max-image-preview:large","max-video-preview":"max-video-preview:-1"},"canonical":"https:\/\/franciscanos.org.br\/noticias\/ofs-falece-o-centenario-irmao-paulo.html","og_locale":"pt_BR","og_type":"article","og_title":"Paulo Machado: \"Nossa Prov\u00edncia louva a Deus pela vida deste irm\u00e3o\" - Not\u00edcias - Franciscanos","og_description":"OFS","og_url":"https:\/\/franciscanos.org.br\/noticias\/ofs-falece-o-centenario-irmao-paulo.html","og_site_name":"Not\u00edcias - Franciscanos","article_published_time":"2019-03-17T15:11:19+00:00","article_modified_time":"2020-06-11T21:36:04+00:00","og_image":[{"width":273,"height":181,"url":"https:\/\/franciscanos.org.br\/noticias\/wp-content\/uploads\/2019\/03\/falecimento_paulo_180319_2.jpg","type":"image\/jpeg"}],"author":"freiaugusto","twitter_card":"summary_large_image","twitter_misc":{"Escrito por":"freiaugusto","Est. tempo de leitura":"2 minutos"},"schema":{"@context":"https:\/\/schema.org","@graph":[{"@type":"WebSite","@id":"https:\/\/franciscanos.org.br\/noticias\/#website","url":"https:\/\/franciscanos.org.br\/noticias\/","name":"Not\u00edcias - Franciscanos","description":"Prov\u00edncia Franciscana da Imaculada Concei\u00e7\u00e3o do Brasil - Ordem dos Frades Menores - OFM","potentialAction":[{"@type":"SearchAction","target":{"@type":"EntryPoint","urlTemplate":"https:\/\/franciscanos.org.br\/noticias\/?s={search_term_string}"},"query-input":"required name=search_term_string"}],"inLanguage":"pt-BR"},{"@type":"ImageObject","inLanguage":"pt-BR","@id":"https:\/\/franciscanos.org.br\/noticias\/ofs-falece-o-centenario-irmao-paulo.html#primaryimage","url":"https:\/\/franciscanos.org.br\/noticias\/wp-content\/uploads\/2019\/03\/falecimento_paulo_180319_2.jpg","contentUrl":"https:\/\/franciscanos.org.br\/noticias\/wp-content\/uploads\/2019\/03\/falecimento_paulo_180319_2.jpg","width":273,"height":181},{"@type":"WebPage","@id":"https:\/\/franciscanos.org.br\/noticias\/ofs-falece-o-centenario-irmao-paulo.html#webpage","url":"https:\/\/franciscanos.org.br\/noticias\/ofs-falece-o-centenario-irmao-paulo.html","name":"Paulo Machado: \"Nossa Prov\u00edncia louva a Deus pela vida deste irm\u00e3o\" - Not\u00edcias - Franciscanos","isPartOf":{"@id":"https:\/\/franciscanos.org.br\/noticias\/#website"},"primaryImageOfPage":{"@id":"https:\/\/franciscanos.org.br\/noticias\/ofs-falece-o-centenario-irmao-paulo.html#primaryimage"},"datePublished":"2019-03-17T15:11:19+00:00","dateModified":"2020-06-11T21:36:04+00:00","author":{"@id":"https:\/\/franciscanos.org.br\/noticias\/#\/schema\/person\/37f88f0d111cd5358b12a6556a99eb91"},"breadcrumb":{"@id":"https:\/\/franciscanos.org.br\/noticias\/ofs-falece-o-centenario-irmao-paulo.html#breadcrumb"},"inLanguage":"pt-BR","potentialAction":[{"@type":"ReadAction","target":["https:\/\/franciscanos.org.br\/noticias\/ofs-falece-o-centenario-irmao-paulo.html"]}]},{"@type":"BreadcrumbList","@id":"https:\/\/franciscanos.org.br\/noticias\/ofs-falece-o-centenario-irmao-paulo.html#breadcrumb","itemListElement":[{"@type":"ListItem","position":1,"name":"Home","item":"https:\/\/franciscanos.org.br\/noticias"},{"@type":"ListItem","position":2,"name":"Paulo Machado: &#8220;Nossa Prov\u00edncia louva a Deus pela vida deste irm\u00e3o&#8221;"}]},{"@type":"Person","@id":"https:\/\/franciscanos.org.br\/noticias\/#\/schema\/person\/37f88f0d111cd5358b12a6556a99eb91","name":"freiaugusto","image":{"@type":"ImageObject","inLanguage":"pt-BR","@id":"https:\/\/franciscanos.org.br\/noticias\/#\/schema\/person\/image\/","url":"https:\/\/secure.gravatar.com\/avatar\/9840b940e621801b24f3e6b059efb4b7?s=96&d=mm&r=g","contentUrl":"https:\/\/secure.gravatar.com\/avatar\/9840b940e621801b24f3e6b059efb4b7?s=96&d=mm&r=g","caption":"freiaugusto"},"url":"https:\/\/franciscanos.org.br\/noticias\/author\/freiaugusto"}]}},"_links":{"self":[{"href":"https:\/\/franciscanos.org.br\/noticias\/wp-json\/wp\/v2\/posts\/201653"}],"collection":[{"href":"https:\/\/franciscanos.org.br\/noticias\/wp-json\/wp\/v2\/posts"}],"about":[{"href":"https:\/\/franciscanos.org.br\/noticias\/wp-json\/wp\/v2\/types\/post"}],"author":[{"embeddable":true,"href":"https:\/\/franciscanos.org.br\/noticias\/wp-json\/wp\/v2\/users\/5"}],"replies":[{"embeddable":true,"href":"https:\/\/franciscanos.org.br\/noticias\/wp-json\/wp\/v2\/comments?post=201653"}],"version-history":[{"count":1,"href":"https:\/\/franciscanos.org.br\/noticias\/wp-json\/wp\/v2\/posts\/201653\/revisions"}],"predecessor-version":[{"id":226480,"href":"https:\/\/franciscanos.org.br\/noticias\/wp-json\/wp\/v2\/posts\/201653\/revisions\/226480"}],"wp:featuredmedia":[{"embeddable":true,"href":"https:\/\/franciscanos.org.br\/noticias\/wp-json\/wp\/v2\/media\/201656"}],"wp:attachment":[{"href":"https:\/\/franciscanos.org.br\/noticias\/wp-json\/wp\/v2\/media?parent=201653"}],"wp:term":[{"taxonomy":"category","embeddable":true,"href":"https:\/\/franciscanos.org.br\/noticias\/wp-json\/wp\/v2\/categories?post=201653"},{"taxonomy":"post_tag","embeddable":true,"href":"https:\/\/franciscanos.org.br\/noticias\/wp-json\/wp\/v2\/tags?post=201653"}],"curies":[{"name":"wp","href":"https:\/\/api.w.org\/{rel}","templated":true}]}}