{"id":201572,"date":"2019-03-17T11:07:40","date_gmt":"2019-03-17T14:07:40","guid":{"rendered":"https:\/\/franciscanos.org.br\/noticias\/?p=201572"},"modified":"2020-06-11T18:34:40","modified_gmt":"2020-06-11T21:34:40","slug":"angelus-nesta-quaresma-subamos-tambem-nos-a-montanha-com-jesus","status":"publish","type":"post","link":"https:\/\/franciscanos.org.br\/noticias\/angelus-nesta-quaresma-subamos-tambem-nos-a-montanha-com-jesus.html","title":{"rendered":"Angelus: &#8220;Nesta Quaresma, subamos tamb\u00e9m n\u00f3s a montanha com Jesus&#8221;"},"content":{"rendered":"<p><img loading=\"lazy\" class=\"alignnone wp-image-201575 size-full\" src=\"https:\/\/franciscanos.org.br\/noticias\/wp-content\/uploads\/2019\/03\/angelus_170319.jpg\" alt=\"\" width=\"890\" height=\"500\" srcset=\"https:\/\/franciscanos.org.br\/noticias\/wp-content\/uploads\/2019\/03\/angelus_170319.jpg 890w, https:\/\/franciscanos.org.br\/noticias\/wp-content\/uploads\/2019\/03\/angelus_170319-450x253.jpg 450w, https:\/\/franciscanos.org.br\/noticias\/wp-content\/uploads\/2019\/03\/angelus_170319-768x431.jpg 768w, https:\/\/franciscanos.org.br\/noticias\/wp-content\/uploads\/2019\/03\/angelus_170319-150x84.jpg 150w\" sizes=\"(max-width: 890px) 100vw, 890px\" \/><\/p>\n<p><strong>Cidade do Vaticano &#8211;<\/strong>\u00a0Neste domingo (17\/03), o\u00a0evento da Transfigura\u00e7\u00e3o do Senhor inspirou as palavras do Papa Francisco antes de rezar com os fi\u00e9is na Pra\u00e7a S\u00e3o Pedro a ora\u00e7\u00e3o mariana do Angelus. O evangelista Lucas nos mostra Jesus transfigurado sobre a montanha, que \u00e9 o local da luz, s\u00edmbolo fascinante da singular experi\u00eancia reservada aos disc\u00edpulos Pedro, Tiago e Jo\u00e3o. Eles sobem a montanha com o Mestre, o veem imergir-se em ora\u00e7\u00e3o e, a um certo ponto, o seu rosto muda de apar\u00eancia. E ao lado de Jesus apareceram Mois\u00e9s e Elias, que falam com Ele de sua morte.<\/p>\n<p><strong>Ningu\u00e9m alcan\u00e7a a vida eterna sen\u00e3o seguindo Jesus<\/strong><br \/>\nFrancisco explicou que a Transfigura\u00e7\u00e3o se realiza num momento singular da miss\u00e3o de Cristo, depois de confiar aos disc\u00edpulos que sofrer\u00e1, morrer\u00e1 e ressuscitar\u00e1 no terceiro dia. Jesus quer que saibam que este \u00e9 o caminho atrav\u00e9s do qual o Pai far\u00e1 alcan\u00e7ar a gl\u00f3ria para o seu Filho, ressuscitando-o dos mortos. \u201cE este ser\u00e1 tamb\u00e9m o caminho dos disc\u00edpulos: ningu\u00e9m alcan\u00e7a a vida eterna sen\u00e3o seguindo Jesus, carregando a pr\u00f3pria cruz na vida terrena. Cada um de n\u00f3s tem a pr\u00f3pria cruz. O Senhor nos mostra o fim deste percurso, que \u00e9 a Ressurrei\u00e7\u00e3o, a beleza, carregando a pr\u00f3pria cruz.\u201d<\/p>\n<p><strong>A perspectiva crist\u00e3 do sofrimento<\/strong><br \/>\nPortanto, acrescentou o Papa, a Transfigura\u00e7\u00e3o de Cristo nos mostra a perspectiva crist\u00e3 do sofrimento: &#8220;N\u00e3o \u00e9 sadomasoquismo, \u00e9 uma passagem necess\u00e1ria, mas transit\u00f3ria&#8221;. O ponto de chegada ao qual somos chamados \u00e9 luminoso como o rosto de Cristo transfigurado: Nele est\u00e1 a salva\u00e7\u00e3o, a bem-aventuran\u00e7a, a luz, o amor de Deus sem limites. Mostrando a sua gl\u00f3ria, Jesus nos garante que a cruz, as prova\u00e7\u00f5es, as dificuldades nas quais nos debatemos t\u00eam a sua solu\u00e7\u00e3o e a sua supera\u00e7\u00e3o na sua P\u00e1scoa.<\/p>\n<p>O Papa fez ent\u00e3o um convite aos fi\u00e9is: \u201cNesta Quaresma, subamos tamb\u00e9m n\u00f3s a montanha com Jesus! De que modo? Com a ora\u00e7\u00e3o. A ora\u00e7\u00e3o silenciosa, a ora\u00e7\u00e3o do cora\u00e7\u00e3o, a ora\u00e7\u00e3o sempre buscando o Senhor. Permane\u00e7amos alguns momentos em recolhimento, todos os dias um pouquinho, fixemos o olhar interior no seu rosto e deixemos que a sua luz nos adentre e se irradie na nossa vida.&#8221;<\/p>\n<p>\u00c9 assim, reiterou Francisco: a ora\u00e7\u00e3o em Cristo e no Esp\u00edrito Santo transforma a pessoa a partir de dentro e pode iluminar os outros e o mundo circunstante. &#8220;Quantas vezes encontramos pessoas que iluminam, que emanam luz dos olhos, que t\u00eam aquele olhar luminoso! Rezam e a ora\u00e7\u00e3o faz isto: nos faz luminosos com a luz do Esp\u00edrito Santo.&#8221;<\/p>\n<p>\u201cProssigamos com alegria o nosso itiner\u00e1rio quaresmal\u201d, concluiu o Pont\u00edfice. \u201cVamos dar espa\u00e7o \u00e0 ora\u00e7\u00e3o e \u00e0 Palavra de Deus. Que a Virgem nos ensine a permanecer com Jesus mesmo quando n\u00e3o o entendemos e compreendemos. Porque somente permanecendo Nele veremos a sua gl\u00f3ria.\u201d<\/p>\n<h2><strong>Christchurch: o \u00f3dio se combate com a ora\u00e7\u00e3o e gestos de paz, afirma o Papa<\/strong><\/h2>\n<p><strong><img loading=\"lazy\" class=\"alignnone wp-image-201579 size-full\" src=\"https:\/\/franciscanos.org.br\/noticias\/wp-content\/uploads\/2019\/03\/angelus_170319_2.jpg\" alt=\"\" width=\"890\" height=\"400\" srcset=\"https:\/\/franciscanos.org.br\/noticias\/wp-content\/uploads\/2019\/03\/angelus_170319_2.jpg 890w, https:\/\/franciscanos.org.br\/noticias\/wp-content\/uploads\/2019\/03\/angelus_170319_2-450x202.jpg 450w, https:\/\/franciscanos.org.br\/noticias\/wp-content\/uploads\/2019\/03\/angelus_170319_2-768x345.jpg 768w, https:\/\/franciscanos.org.br\/noticias\/wp-content\/uploads\/2019\/03\/angelus_170319_2-150x67.jpg 150w\" sizes=\"(max-width: 890px) 100vw, 890px\" \/><\/strong><br \/>\nAp\u00f3s rezar o Angelus neste II Domingo da Quaresma, o Papa Francisco falou com pesar do atentado em Christchurch, na Nova Zel\u00e2ndia. \u201cNesses dias, \u00e0 dor pelas guerras e os conflitos que n\u00e3o param de afligir toda a humanidade, se acrescentou a dor pelas v\u00edtimas do terr\u00edvel atentado contra duas mesquitas em Christchurch, na Nova Zel\u00e2ndia. Rezo pelos mortos e feridos e pelos familiares. Expresso minha proximidade aos nossos irm\u00e3os mu\u00e7ulmanos e \u00e0 toda a comunidade e renovo o convite a unir-se com a ora\u00e7\u00e3o e os gestos de paz para combater o \u00f3dio e a viol\u00eancia.\u201d<\/p>\n<p>A Pra\u00e7a S. Pedro ficou em sil\u00eancio quando Francisco pediu que os fi\u00e9is rezassem todos juntos &#8220;pelos nossos irm\u00e3os mu\u00e7ulmanos que foram mortos&#8221;. O Pont\u00edfice j\u00e1 havia manifestado sua solidariedade atrav\u00e9s de um telegrama assinado pelo secret\u00e1rio de Estado, Card. Pietro Parolin.<\/p>\n<p><strong>50 v\u00edtimas<\/strong><br \/>\nAs autoridades da Nova Zel\u00e2ndia v\u00e3o come\u00e7ar neste domingo (17\/03) a liberar para as fam\u00edlias os corpos dos falecidos, anunciou a primeira-ministra do pa\u00eds, Jacinda Ardern. O n\u00famero de v\u00edtimas subiu de 49 para 50 neste s\u00e1bado (16\/03). O principal suspeito e \u00fanico acusado at\u00e9 o momento \u00e9 o australiano Brenton Tarrant, de 28 anos, que se encontra em uma cela de seguran\u00e7a m\u00e1xima \u00e0 espera de depor novamente no dia 5 de abril.<\/p>\n<p><strong>FONTE: <a href=\"https:\/\/www.vaticannews.va\/pt.html\">Vatican News<\/a><\/strong><\/p>\n","protected":false},"excerpt":{"rendered":"<p>Cidade do Vaticano &#8211;\u00a0Neste domingo (17\/03), o\u00a0evento da Transfigura\u00e7\u00e3o do Senhor inspirou as palavras do Papa Francisco antes de rezar com os fi\u00e9is na Pra\u00e7a S\u00e3o Pedro a ora\u00e7\u00e3o mariana do Angelus. O evangelista Lucas nos mostra Jesus transfigurado sobre a montanha, que \u00e9 o local da luz, s\u00edmbolo fascinante da singular experi\u00eancia reservada aos [&hellip;]<\/p>\n","protected":false},"author":5,"featured_media":201576,"comment_status":"open","ping_status":"open","sticky":false,"template":"","format":"standard","meta":[],"categories":[1428],"tags":[403,55],"acf":[],"yoast_head":"<!-- This site is optimized with the Yoast SEO plugin v19.2 - https:\/\/yoast.com\/wordpress\/plugins\/seo\/ -->\n<title>Angelus: &quot;Nesta Quaresma, subamos tamb\u00e9m n\u00f3s a montanha com Jesus&quot; - Not\u00edcias - Franciscanos<\/title>\n<meta name=\"robots\" content=\"index, follow, max-snippet:-1, max-image-preview:large, max-video-preview:-1\" \/>\n<link rel=\"canonical\" href=\"https:\/\/franciscanos.org.br\/noticias\/angelus-nesta-quaresma-subamos-tambem-nos-a-montanha-com-jesus.html\" \/>\n<meta property=\"og:locale\" content=\"pt_BR\" \/>\n<meta property=\"og:type\" content=\"article\" \/>\n<meta property=\"og:title\" content=\"Angelus: &quot;Nesta Quaresma, subamos tamb\u00e9m n\u00f3s a montanha com Jesus&quot; - Not\u00edcias - Franciscanos\" \/>\n<meta property=\"og:description\" content=\"Cidade do Vaticano &#8211;\u00a0Neste domingo (17\/03), o\u00a0evento da Transfigura\u00e7\u00e3o do Senhor inspirou as palavras do Papa Francisco antes de rezar com os fi\u00e9is na Pra\u00e7a S\u00e3o Pedro a ora\u00e7\u00e3o mariana do Angelus. O evangelista Lucas nos mostra Jesus transfigurado sobre a montanha, que \u00e9 o local da luz, s\u00edmbolo fascinante da singular experi\u00eancia reservada aos [&hellip;]\" \/>\n<meta property=\"og:url\" content=\"https:\/\/franciscanos.org.br\/noticias\/angelus-nesta-quaresma-subamos-tambem-nos-a-montanha-com-jesus.html\" \/>\n<meta property=\"og:site_name\" content=\"Not\u00edcias - Franciscanos\" \/>\n<meta property=\"article:published_time\" content=\"2019-03-17T14:07:40+00:00\" \/>\n<meta property=\"article:modified_time\" content=\"2020-06-11T21:34:40+00:00\" \/>\n<meta property=\"og:image\" content=\"https:\/\/franciscanos.org.br\/noticias\/wp-content\/uploads\/2019\/03\/angelus_170319_1.jpg\" \/>\n\t<meta property=\"og:image:width\" content=\"273\" \/>\n\t<meta property=\"og:image:height\" content=\"181\" \/>\n\t<meta property=\"og:image:type\" content=\"image\/jpeg\" \/>\n<meta name=\"author\" content=\"freiaugusto\" \/>\n<meta name=\"twitter:card\" content=\"summary_large_image\" \/>\n<meta name=\"twitter:label1\" content=\"Escrito por\" \/>\n\t<meta name=\"twitter:data1\" content=\"freiaugusto\" \/>\n\t<meta name=\"twitter:label2\" content=\"Est. tempo de leitura\" \/>\n\t<meta name=\"twitter:data2\" content=\"4 minutos\" \/>\n<script type=\"application\/ld+json\" class=\"yoast-schema-graph\">{\"@context\":\"https:\/\/schema.org\",\"@graph\":[{\"@type\":\"WebSite\",\"@id\":\"https:\/\/franciscanos.org.br\/noticias\/#website\",\"url\":\"https:\/\/franciscanos.org.br\/noticias\/\",\"name\":\"Not\u00edcias - Franciscanos\",\"description\":\"Prov\u00edncia Franciscana da Imaculada Concei\u00e7\u00e3o do Brasil - Ordem dos Frades Menores - OFM\",\"potentialAction\":[{\"@type\":\"SearchAction\",\"target\":{\"@type\":\"EntryPoint\",\"urlTemplate\":\"https:\/\/franciscanos.org.br\/noticias\/?s={search_term_string}\"},\"query-input\":\"required name=search_term_string\"}],\"inLanguage\":\"pt-BR\"},{\"@type\":\"ImageObject\",\"inLanguage\":\"pt-BR\",\"@id\":\"https:\/\/franciscanos.org.br\/noticias\/angelus-nesta-quaresma-subamos-tambem-nos-a-montanha-com-jesus.html#primaryimage\",\"url\":\"https:\/\/franciscanos.org.br\/noticias\/wp-content\/uploads\/2019\/03\/angelus_170319_1.jpg\",\"contentUrl\":\"https:\/\/franciscanos.org.br\/noticias\/wp-content\/uploads\/2019\/03\/angelus_170319_1.jpg\",\"width\":273,\"height\":181},{\"@type\":\"WebPage\",\"@id\":\"https:\/\/franciscanos.org.br\/noticias\/angelus-nesta-quaresma-subamos-tambem-nos-a-montanha-com-jesus.html#webpage\",\"url\":\"https:\/\/franciscanos.org.br\/noticias\/angelus-nesta-quaresma-subamos-tambem-nos-a-montanha-com-jesus.html\",\"name\":\"Angelus: \\\"Nesta Quaresma, subamos tamb\u00e9m n\u00f3s a montanha com Jesus\\\" - Not\u00edcias - Franciscanos\",\"isPartOf\":{\"@id\":\"https:\/\/franciscanos.org.br\/noticias\/#website\"},\"primaryImageOfPage\":{\"@id\":\"https:\/\/franciscanos.org.br\/noticias\/angelus-nesta-quaresma-subamos-tambem-nos-a-montanha-com-jesus.html#primaryimage\"},\"datePublished\":\"2019-03-17T14:07:40+00:00\",\"dateModified\":\"2020-06-11T21:34:40+00:00\",\"author\":{\"@id\":\"https:\/\/franciscanos.org.br\/noticias\/#\/schema\/person\/37f88f0d111cd5358b12a6556a99eb91\"},\"breadcrumb\":{\"@id\":\"https:\/\/franciscanos.org.br\/noticias\/angelus-nesta-quaresma-subamos-tambem-nos-a-montanha-com-jesus.html#breadcrumb\"},\"inLanguage\":\"pt-BR\",\"potentialAction\":[{\"@type\":\"ReadAction\",\"target\":[\"https:\/\/franciscanos.org.br\/noticias\/angelus-nesta-quaresma-subamos-tambem-nos-a-montanha-com-jesus.html\"]}]},{\"@type\":\"BreadcrumbList\",\"@id\":\"https:\/\/franciscanos.org.br\/noticias\/angelus-nesta-quaresma-subamos-tambem-nos-a-montanha-com-jesus.html#breadcrumb\",\"itemListElement\":[{\"@type\":\"ListItem\",\"position\":1,\"name\":\"Home\",\"item\":\"https:\/\/franciscanos.org.br\/noticias\"},{\"@type\":\"ListItem\",\"position\":2,\"name\":\"Angelus: &#8220;Nesta Quaresma, subamos tamb\u00e9m n\u00f3s a montanha com Jesus&#8221;\"}]},{\"@type\":\"Person\",\"@id\":\"https:\/\/franciscanos.org.br\/noticias\/#\/schema\/person\/37f88f0d111cd5358b12a6556a99eb91\",\"name\":\"freiaugusto\",\"image\":{\"@type\":\"ImageObject\",\"inLanguage\":\"pt-BR\",\"@id\":\"https:\/\/franciscanos.org.br\/noticias\/#\/schema\/person\/image\/\",\"url\":\"https:\/\/secure.gravatar.com\/avatar\/9840b940e621801b24f3e6b059efb4b7?s=96&d=mm&r=g\",\"contentUrl\":\"https:\/\/secure.gravatar.com\/avatar\/9840b940e621801b24f3e6b059efb4b7?s=96&d=mm&r=g\",\"caption\":\"freiaugusto\"},\"url\":\"https:\/\/franciscanos.org.br\/noticias\/author\/freiaugusto\"}]}<\/script>\n<!-- \/ Yoast SEO plugin. -->","yoast_head_json":{"title":"Angelus: \"Nesta Quaresma, subamos tamb\u00e9m n\u00f3s a montanha com Jesus\" - Not\u00edcias - Franciscanos","robots":{"index":"index","follow":"follow","max-snippet":"max-snippet:-1","max-image-preview":"max-image-preview:large","max-video-preview":"max-video-preview:-1"},"canonical":"https:\/\/franciscanos.org.br\/noticias\/angelus-nesta-quaresma-subamos-tambem-nos-a-montanha-com-jesus.html","og_locale":"pt_BR","og_type":"article","og_title":"Angelus: \"Nesta Quaresma, subamos tamb\u00e9m n\u00f3s a montanha com Jesus\" - Not\u00edcias - Franciscanos","og_description":"Cidade do Vaticano &#8211;\u00a0Neste domingo (17\/03), o\u00a0evento da Transfigura\u00e7\u00e3o do Senhor inspirou as palavras do Papa Francisco antes de rezar com os fi\u00e9is na Pra\u00e7a S\u00e3o Pedro a ora\u00e7\u00e3o mariana do Angelus. O evangelista Lucas nos mostra Jesus transfigurado sobre a montanha, que \u00e9 o local da luz, s\u00edmbolo fascinante da singular experi\u00eancia reservada aos [&hellip;]","og_url":"https:\/\/franciscanos.org.br\/noticias\/angelus-nesta-quaresma-subamos-tambem-nos-a-montanha-com-jesus.html","og_site_name":"Not\u00edcias - Franciscanos","article_published_time":"2019-03-17T14:07:40+00:00","article_modified_time":"2020-06-11T21:34:40+00:00","og_image":[{"width":273,"height":181,"url":"https:\/\/franciscanos.org.br\/noticias\/wp-content\/uploads\/2019\/03\/angelus_170319_1.jpg","type":"image\/jpeg"}],"author":"freiaugusto","twitter_card":"summary_large_image","twitter_misc":{"Escrito por":"freiaugusto","Est. tempo de leitura":"4 minutos"},"schema":{"@context":"https:\/\/schema.org","@graph":[{"@type":"WebSite","@id":"https:\/\/franciscanos.org.br\/noticias\/#website","url":"https:\/\/franciscanos.org.br\/noticias\/","name":"Not\u00edcias - Franciscanos","description":"Prov\u00edncia Franciscana da Imaculada Concei\u00e7\u00e3o do Brasil - Ordem dos Frades Menores - OFM","potentialAction":[{"@type":"SearchAction","target":{"@type":"EntryPoint","urlTemplate":"https:\/\/franciscanos.org.br\/noticias\/?s={search_term_string}"},"query-input":"required name=search_term_string"}],"inLanguage":"pt-BR"},{"@type":"ImageObject","inLanguage":"pt-BR","@id":"https:\/\/franciscanos.org.br\/noticias\/angelus-nesta-quaresma-subamos-tambem-nos-a-montanha-com-jesus.html#primaryimage","url":"https:\/\/franciscanos.org.br\/noticias\/wp-content\/uploads\/2019\/03\/angelus_170319_1.jpg","contentUrl":"https:\/\/franciscanos.org.br\/noticias\/wp-content\/uploads\/2019\/03\/angelus_170319_1.jpg","width":273,"height":181},{"@type":"WebPage","@id":"https:\/\/franciscanos.org.br\/noticias\/angelus-nesta-quaresma-subamos-tambem-nos-a-montanha-com-jesus.html#webpage","url":"https:\/\/franciscanos.org.br\/noticias\/angelus-nesta-quaresma-subamos-tambem-nos-a-montanha-com-jesus.html","name":"Angelus: \"Nesta Quaresma, subamos tamb\u00e9m n\u00f3s a montanha com Jesus\" - Not\u00edcias - Franciscanos","isPartOf":{"@id":"https:\/\/franciscanos.org.br\/noticias\/#website"},"primaryImageOfPage":{"@id":"https:\/\/franciscanos.org.br\/noticias\/angelus-nesta-quaresma-subamos-tambem-nos-a-montanha-com-jesus.html#primaryimage"},"datePublished":"2019-03-17T14:07:40+00:00","dateModified":"2020-06-11T21:34:40+00:00","author":{"@id":"https:\/\/franciscanos.org.br\/noticias\/#\/schema\/person\/37f88f0d111cd5358b12a6556a99eb91"},"breadcrumb":{"@id":"https:\/\/franciscanos.org.br\/noticias\/angelus-nesta-quaresma-subamos-tambem-nos-a-montanha-com-jesus.html#breadcrumb"},"inLanguage":"pt-BR","potentialAction":[{"@type":"ReadAction","target":["https:\/\/franciscanos.org.br\/noticias\/angelus-nesta-quaresma-subamos-tambem-nos-a-montanha-com-jesus.html"]}]},{"@type":"BreadcrumbList","@id":"https:\/\/franciscanos.org.br\/noticias\/angelus-nesta-quaresma-subamos-tambem-nos-a-montanha-com-jesus.html#breadcrumb","itemListElement":[{"@type":"ListItem","position":1,"name":"Home","item":"https:\/\/franciscanos.org.br\/noticias"},{"@type":"ListItem","position":2,"name":"Angelus: &#8220;Nesta Quaresma, subamos tamb\u00e9m n\u00f3s a montanha com Jesus&#8221;"}]},{"@type":"Person","@id":"https:\/\/franciscanos.org.br\/noticias\/#\/schema\/person\/37f88f0d111cd5358b12a6556a99eb91","name":"freiaugusto","image":{"@type":"ImageObject","inLanguage":"pt-BR","@id":"https:\/\/franciscanos.org.br\/noticias\/#\/schema\/person\/image\/","url":"https:\/\/secure.gravatar.com\/avatar\/9840b940e621801b24f3e6b059efb4b7?s=96&d=mm&r=g","contentUrl":"https:\/\/secure.gravatar.com\/avatar\/9840b940e621801b24f3e6b059efb4b7?s=96&d=mm&r=g","caption":"freiaugusto"},"url":"https:\/\/franciscanos.org.br\/noticias\/author\/freiaugusto"}]}},"_links":{"self":[{"href":"https:\/\/franciscanos.org.br\/noticias\/wp-json\/wp\/v2\/posts\/201572"}],"collection":[{"href":"https:\/\/franciscanos.org.br\/noticias\/wp-json\/wp\/v2\/posts"}],"about":[{"href":"https:\/\/franciscanos.org.br\/noticias\/wp-json\/wp\/v2\/types\/post"}],"author":[{"embeddable":true,"href":"https:\/\/franciscanos.org.br\/noticias\/wp-json\/wp\/v2\/users\/5"}],"replies":[{"embeddable":true,"href":"https:\/\/franciscanos.org.br\/noticias\/wp-json\/wp\/v2\/comments?post=201572"}],"version-history":[{"count":1,"href":"https:\/\/franciscanos.org.br\/noticias\/wp-json\/wp\/v2\/posts\/201572\/revisions"}],"predecessor-version":[{"id":226478,"href":"https:\/\/franciscanos.org.br\/noticias\/wp-json\/wp\/v2\/posts\/201572\/revisions\/226478"}],"wp:featuredmedia":[{"embeddable":true,"href":"https:\/\/franciscanos.org.br\/noticias\/wp-json\/wp\/v2\/media\/201576"}],"wp:attachment":[{"href":"https:\/\/franciscanos.org.br\/noticias\/wp-json\/wp\/v2\/media?parent=201572"}],"wp:term":[{"taxonomy":"category","embeddable":true,"href":"https:\/\/franciscanos.org.br\/noticias\/wp-json\/wp\/v2\/categories?post=201572"},{"taxonomy":"post_tag","embeddable":true,"href":"https:\/\/franciscanos.org.br\/noticias\/wp-json\/wp\/v2\/tags?post=201572"}],"curies":[{"name":"wp","href":"https:\/\/api.w.org\/{rel}","templated":true}]}}