{"id":201520,"date":"2019-03-15T20:12:17","date_gmt":"2019-03-15T23:12:17","guid":{"rendered":"https:\/\/franciscanos.org.br\/noticias\/?p=201520"},"modified":"2021-07-05T20:09:39","modified_gmt":"2021-07-05T23:09:39","slug":"coral-dos-canarinhos-de-petropolis-abre-temporada-de-concertos-na-cidade","status":"publish","type":"post","link":"https:\/\/franciscanos.org.br\/noticias\/coral-dos-canarinhos-de-petropolis-abre-temporada-de-concertos-na-cidade.html","title":{"rendered":"Coral dos Canarinhos de Petr\u00f3polis abre temporada de Concertos na cidade"},"content":{"rendered":"<p><img loading=\"lazy\" class=\"alignnone wp-image-201523\" src=\"https:\/\/franciscanos.org.br\/noticias\/wp-content\/uploads\/2019\/03\/DSC_4480_nova-forma\u00e7\u00e3o-450x218.jpg\" alt=\"\" width=\"890\" height=\"431\" srcset=\"https:\/\/franciscanos.org.br\/noticias\/wp-content\/uploads\/2019\/03\/DSC_4480_nova-forma\u00e7\u00e3o-450x218.jpg 450w, https:\/\/franciscanos.org.br\/noticias\/wp-content\/uploads\/2019\/03\/DSC_4480_nova-forma\u00e7\u00e3o-768x372.jpg 768w, https:\/\/franciscanos.org.br\/noticias\/wp-content\/uploads\/2019\/03\/DSC_4480_nova-forma\u00e7\u00e3o-1024x496.jpg 1024w, https:\/\/franciscanos.org.br\/noticias\/wp-content\/uploads\/2019\/03\/DSC_4480_nova-forma\u00e7\u00e3o-150x73.jpg 150w\" sizes=\"(max-width: 890px) 100vw, 890px\" \/><\/p>\n<p><strong>Daniela Moreira<\/strong><\/p>\n<p><strong>Petr\u00f3polis (RJ) &#8211;<\/strong> O Coral dos Canarinhos de Petr\u00f3polis come\u00e7a 2019 com uma agenda repleta de apresenta\u00e7\u00f5es. A temporada 2019 ter\u00e1 tr\u00eas concertos especiais, que ser\u00e3o realizados na Igreja do Sagrado Cora\u00e7\u00e3o de Jesus, em Petr\u00f3polis (RJ). A primeira apresenta\u00e7\u00e3o ser\u00e1 no pr\u00f3ximo dia 23, \u00e0s 19h30. Os ingressos j\u00e1 est\u00e3o \u00e0 venda.<\/p>\n<p><img loading=\"lazy\" class=\"alignleft wp-image-201531 size-medium\" src=\"https:\/\/franciscanos.org.br\/noticias\/wp-content\/uploads\/2019\/03\/concerto_canarinhos_160319-1-318x450.jpg\" alt=\"\" width=\"318\" height=\"450\" srcset=\"https:\/\/franciscanos.org.br\/noticias\/wp-content\/uploads\/2019\/03\/concerto_canarinhos_160319-1-318x450.jpg 318w, https:\/\/franciscanos.org.br\/noticias\/wp-content\/uploads\/2019\/03\/concerto_canarinhos_160319-1-150x212.jpg 150w, https:\/\/franciscanos.org.br\/noticias\/wp-content\/uploads\/2019\/03\/concerto_canarinhos_160319-1.jpg 566w\" sizes=\"(max-width: 318px) 100vw, 318px\" \/><\/p>\n<p>\u201cPreparamos uma s\u00e9rie de concertos para aproximar ainda mais o Coral dos Canarinhos ao seu p\u00fablico. As apresenta\u00e7\u00f5es na Igreja do Sagrado s\u00e3o uma oportunidade que os petropolitanos e turistas t\u00eam de acompanhar o trabalho realizado por estes meninos que tanto se dedicam \u00e0 m\u00fasica, \u00e0 igreja e \u00e0 divulga\u00e7\u00e3o da palavra de Deus\u201d, declarou frei Marcos, lembrando que todos que prestigiarem os concertos estar\u00e3o ajudando na manuten\u00e7\u00e3o do trabalho filantr\u00f3pico realizado pelo Instituto dos Meninos Cantores de Petr\u00f3polis (IMCP) h\u00e1 77 anos.<\/p>\n<p>O primeiro concerto ser\u00e1 uma prepara\u00e7\u00e3o para a P\u00e1scoa e acontecer\u00e1 no pr\u00f3ximo dia 23, \u00e0s 19h30. Sob reg\u00eancia do maestro Marco Aur\u00e9lio Lischt, o concerto Espiritual da Quaresma ter\u00e1 em seu programa m\u00fasicas renascentistas. Dividido em seis partes, a apresenta\u00e7\u00e3o ser\u00e1 iniciada com uma reflex\u00e3o sobre a fragilidade da vida e a import\u00e2ncia da transforma\u00e7\u00e3o das condutas di\u00e1rias.<\/p>\n<p>Queremos levar ao p\u00fablico um repert\u00f3rio diferente, reflexivo e que prepare as pessoas para o verdadeiro sentido da P\u00e1scoa. Ser\u00e1 um momento \u00edmpar para quem quiser encontra-se consigo mesmo, ao som dos grandes mestres do renascimento.<\/p>\n<p>A temporada 2019 contar\u00e1 ainda com o Concerto da Semana da L\u00edngua Alem\u00e3, no dia 12 de abril, \u00e0s 19h; e com o Concerto Espiritual em honra \u00e0 Maria, no dia 25 de maio, \u00e0s 19h30. Todas as apresenta\u00e7\u00f5es s\u00e3o filantr\u00f3picas, com verba revertida para o restauro do \u00d3rg\u00e3o de Tubos da Igreja e manuten\u00e7\u00e3o dos servi\u00e7os realizados pelo IMCP. Os ingressos antecipados custam R$ 20,00 e est\u00e3o \u00e0 venda na portaria do Convento do Sagrado e na secretaria do IMCP.<\/p>\n<h3 style=\"text-align: center;\"><strong>CONFIRA A AGENDA DESTE 1\u00ba SEMESTRE<\/strong><\/h3>\n<p><img loading=\"lazy\" class=\"alignnone wp-image-201534 size-full\" src=\"https:\/\/franciscanos.org.br\/noticias\/wp-content\/uploads\/2019\/03\/agenda_canarinhos_160319.jpg\" alt=\"\" width=\"2481\" height=\"3508\" srcset=\"https:\/\/franciscanos.org.br\/noticias\/wp-content\/uploads\/2019\/03\/agenda_canarinhos_160319.jpg 2481w, https:\/\/franciscanos.org.br\/noticias\/wp-content\/uploads\/2019\/03\/agenda_canarinhos_160319-318x450.jpg 318w, https:\/\/franciscanos.org.br\/noticias\/wp-content\/uploads\/2019\/03\/agenda_canarinhos_160319-768x1086.jpg 768w, https:\/\/franciscanos.org.br\/noticias\/wp-content\/uploads\/2019\/03\/agenda_canarinhos_160319-724x1024.jpg 724w, https:\/\/franciscanos.org.br\/noticias\/wp-content\/uploads\/2019\/03\/agenda_canarinhos_160319-150x212.jpg 150w, https:\/\/franciscanos.org.br\/noticias\/wp-content\/uploads\/2019\/03\/agenda_canarinhos_160319-1200x1697.jpg 1200w\" sizes=\"(max-width: 2481px) 100vw, 2481px\" \/><\/p>\n","protected":false},"excerpt":{"rendered":"<p>Primeira apresenta\u00e7\u00e3o acontece no pr\u00f3ximo dia 23\/03<\/p>\n","protected":false},"author":5,"featured_media":201522,"comment_status":"open","ping_status":"open","sticky":false,"template":"","format":"standard","meta":[],"categories":[1],"tags":[1378,190],"acf":[],"yoast_head":"<!-- This site is optimized with the Yoast SEO plugin v19.2 - https:\/\/yoast.com\/wordpress\/plugins\/seo\/ -->\n<title>Coral dos Canarinhos de Petr\u00f3polis abre temporada de Concertos na cidade - Not\u00edcias - Franciscanos<\/title>\n<meta name=\"robots\" content=\"index, follow, max-snippet:-1, max-image-preview:large, max-video-preview:-1\" \/>\n<link rel=\"canonical\" href=\"https:\/\/franciscanos.org.br\/noticias\/coral-dos-canarinhos-de-petropolis-abre-temporada-de-concertos-na-cidade.html\" \/>\n<meta property=\"og:locale\" content=\"pt_BR\" \/>\n<meta property=\"og:type\" content=\"article\" \/>\n<meta property=\"og:title\" content=\"Coral dos Canarinhos de Petr\u00f3polis abre temporada de Concertos na cidade - Not\u00edcias - Franciscanos\" \/>\n<meta property=\"og:description\" content=\"Primeira apresenta\u00e7\u00e3o acontece no pr\u00f3ximo dia 23\/03\" \/>\n<meta property=\"og:url\" content=\"https:\/\/franciscanos.org.br\/noticias\/coral-dos-canarinhos-de-petropolis-abre-temporada-de-concertos-na-cidade.html\" \/>\n<meta property=\"og:site_name\" content=\"Not\u00edcias - Franciscanos\" \/>\n<meta property=\"article:published_time\" content=\"2019-03-15T23:12:17+00:00\" \/>\n<meta property=\"article:modified_time\" content=\"2021-07-05T23:09:39+00:00\" \/>\n<meta property=\"og:image\" content=\"https:\/\/franciscanos.org.br\/noticias\/wp-content\/uploads\/2019\/03\/canarinhos_160319_1.jpg\" \/>\n\t<meta property=\"og:image:width\" content=\"273\" \/>\n\t<meta property=\"og:image:height\" content=\"181\" \/>\n\t<meta property=\"og:image:type\" content=\"image\/jpeg\" \/>\n<meta name=\"author\" content=\"freiaugusto\" \/>\n<meta name=\"twitter:card\" content=\"summary_large_image\" \/>\n<meta name=\"twitter:label1\" content=\"Escrito por\" \/>\n\t<meta name=\"twitter:data1\" content=\"freiaugusto\" \/>\n\t<meta name=\"twitter:label2\" content=\"Est. tempo de leitura\" \/>\n\t<meta name=\"twitter:data2\" content=\"2 minutos\" \/>\n<script type=\"application\/ld+json\" class=\"yoast-schema-graph\">{\"@context\":\"https:\/\/schema.org\",\"@graph\":[{\"@type\":\"WebSite\",\"@id\":\"https:\/\/franciscanos.org.br\/noticias\/#website\",\"url\":\"https:\/\/franciscanos.org.br\/noticias\/\",\"name\":\"Not\u00edcias - Franciscanos\",\"description\":\"Prov\u00edncia Franciscana da Imaculada Concei\u00e7\u00e3o do Brasil - Ordem dos Frades Menores - OFM\",\"potentialAction\":[{\"@type\":\"SearchAction\",\"target\":{\"@type\":\"EntryPoint\",\"urlTemplate\":\"https:\/\/franciscanos.org.br\/noticias\/?s={search_term_string}\"},\"query-input\":\"required name=search_term_string\"}],\"inLanguage\":\"pt-BR\"},{\"@type\":\"ImageObject\",\"inLanguage\":\"pt-BR\",\"@id\":\"https:\/\/franciscanos.org.br\/noticias\/coral-dos-canarinhos-de-petropolis-abre-temporada-de-concertos-na-cidade.html#primaryimage\",\"url\":\"https:\/\/franciscanos.org.br\/noticias\/wp-content\/uploads\/2019\/03\/canarinhos_160319_1.jpg\",\"contentUrl\":\"https:\/\/franciscanos.org.br\/noticias\/wp-content\/uploads\/2019\/03\/canarinhos_160319_1.jpg\",\"width\":273,\"height\":181},{\"@type\":\"WebPage\",\"@id\":\"https:\/\/franciscanos.org.br\/noticias\/coral-dos-canarinhos-de-petropolis-abre-temporada-de-concertos-na-cidade.html#webpage\",\"url\":\"https:\/\/franciscanos.org.br\/noticias\/coral-dos-canarinhos-de-petropolis-abre-temporada-de-concertos-na-cidade.html\",\"name\":\"Coral dos Canarinhos de Petr\u00f3polis abre temporada de Concertos na cidade - Not\u00edcias - Franciscanos\",\"isPartOf\":{\"@id\":\"https:\/\/franciscanos.org.br\/noticias\/#website\"},\"primaryImageOfPage\":{\"@id\":\"https:\/\/franciscanos.org.br\/noticias\/coral-dos-canarinhos-de-petropolis-abre-temporada-de-concertos-na-cidade.html#primaryimage\"},\"datePublished\":\"2019-03-15T23:12:17+00:00\",\"dateModified\":\"2021-07-05T23:09:39+00:00\",\"author\":{\"@id\":\"https:\/\/franciscanos.org.br\/noticias\/#\/schema\/person\/37f88f0d111cd5358b12a6556a99eb91\"},\"breadcrumb\":{\"@id\":\"https:\/\/franciscanos.org.br\/noticias\/coral-dos-canarinhos-de-petropolis-abre-temporada-de-concertos-na-cidade.html#breadcrumb\"},\"inLanguage\":\"pt-BR\",\"potentialAction\":[{\"@type\":\"ReadAction\",\"target\":[\"https:\/\/franciscanos.org.br\/noticias\/coral-dos-canarinhos-de-petropolis-abre-temporada-de-concertos-na-cidade.html\"]}]},{\"@type\":\"BreadcrumbList\",\"@id\":\"https:\/\/franciscanos.org.br\/noticias\/coral-dos-canarinhos-de-petropolis-abre-temporada-de-concertos-na-cidade.html#breadcrumb\",\"itemListElement\":[{\"@type\":\"ListItem\",\"position\":1,\"name\":\"Home\",\"item\":\"https:\/\/franciscanos.org.br\/noticias\"},{\"@type\":\"ListItem\",\"position\":2,\"name\":\"Coral dos Canarinhos de Petr\u00f3polis abre temporada de Concertos na cidade\"}]},{\"@type\":\"Person\",\"@id\":\"https:\/\/franciscanos.org.br\/noticias\/#\/schema\/person\/37f88f0d111cd5358b12a6556a99eb91\",\"name\":\"freiaugusto\",\"image\":{\"@type\":\"ImageObject\",\"inLanguage\":\"pt-BR\",\"@id\":\"https:\/\/franciscanos.org.br\/noticias\/#\/schema\/person\/image\/\",\"url\":\"https:\/\/secure.gravatar.com\/avatar\/9840b940e621801b24f3e6b059efb4b7?s=96&d=mm&r=g\",\"contentUrl\":\"https:\/\/secure.gravatar.com\/avatar\/9840b940e621801b24f3e6b059efb4b7?s=96&d=mm&r=g\",\"caption\":\"freiaugusto\"},\"url\":\"https:\/\/franciscanos.org.br\/noticias\/author\/freiaugusto\"}]}<\/script>\n<!-- \/ Yoast SEO plugin. -->","yoast_head_json":{"title":"Coral dos Canarinhos de Petr\u00f3polis abre temporada de Concertos na cidade - Not\u00edcias - Franciscanos","robots":{"index":"index","follow":"follow","max-snippet":"max-snippet:-1","max-image-preview":"max-image-preview:large","max-video-preview":"max-video-preview:-1"},"canonical":"https:\/\/franciscanos.org.br\/noticias\/coral-dos-canarinhos-de-petropolis-abre-temporada-de-concertos-na-cidade.html","og_locale":"pt_BR","og_type":"article","og_title":"Coral dos Canarinhos de Petr\u00f3polis abre temporada de Concertos na cidade - Not\u00edcias - Franciscanos","og_description":"Primeira apresenta\u00e7\u00e3o acontece no pr\u00f3ximo dia 23\/03","og_url":"https:\/\/franciscanos.org.br\/noticias\/coral-dos-canarinhos-de-petropolis-abre-temporada-de-concertos-na-cidade.html","og_site_name":"Not\u00edcias - Franciscanos","article_published_time":"2019-03-15T23:12:17+00:00","article_modified_time":"2021-07-05T23:09:39+00:00","og_image":[{"width":273,"height":181,"url":"https:\/\/franciscanos.org.br\/noticias\/wp-content\/uploads\/2019\/03\/canarinhos_160319_1.jpg","type":"image\/jpeg"}],"author":"freiaugusto","twitter_card":"summary_large_image","twitter_misc":{"Escrito por":"freiaugusto","Est. tempo de leitura":"2 minutos"},"schema":{"@context":"https:\/\/schema.org","@graph":[{"@type":"WebSite","@id":"https:\/\/franciscanos.org.br\/noticias\/#website","url":"https:\/\/franciscanos.org.br\/noticias\/","name":"Not\u00edcias - Franciscanos","description":"Prov\u00edncia Franciscana da Imaculada Concei\u00e7\u00e3o do Brasil - Ordem dos Frades Menores - OFM","potentialAction":[{"@type":"SearchAction","target":{"@type":"EntryPoint","urlTemplate":"https:\/\/franciscanos.org.br\/noticias\/?s={search_term_string}"},"query-input":"required name=search_term_string"}],"inLanguage":"pt-BR"},{"@type":"ImageObject","inLanguage":"pt-BR","@id":"https:\/\/franciscanos.org.br\/noticias\/coral-dos-canarinhos-de-petropolis-abre-temporada-de-concertos-na-cidade.html#primaryimage","url":"https:\/\/franciscanos.org.br\/noticias\/wp-content\/uploads\/2019\/03\/canarinhos_160319_1.jpg","contentUrl":"https:\/\/franciscanos.org.br\/noticias\/wp-content\/uploads\/2019\/03\/canarinhos_160319_1.jpg","width":273,"height":181},{"@type":"WebPage","@id":"https:\/\/franciscanos.org.br\/noticias\/coral-dos-canarinhos-de-petropolis-abre-temporada-de-concertos-na-cidade.html#webpage","url":"https:\/\/franciscanos.org.br\/noticias\/coral-dos-canarinhos-de-petropolis-abre-temporada-de-concertos-na-cidade.html","name":"Coral dos Canarinhos de Petr\u00f3polis abre temporada de Concertos na cidade - Not\u00edcias - Franciscanos","isPartOf":{"@id":"https:\/\/franciscanos.org.br\/noticias\/#website"},"primaryImageOfPage":{"@id":"https:\/\/franciscanos.org.br\/noticias\/coral-dos-canarinhos-de-petropolis-abre-temporada-de-concertos-na-cidade.html#primaryimage"},"datePublished":"2019-03-15T23:12:17+00:00","dateModified":"2021-07-05T23:09:39+00:00","author":{"@id":"https:\/\/franciscanos.org.br\/noticias\/#\/schema\/person\/37f88f0d111cd5358b12a6556a99eb91"},"breadcrumb":{"@id":"https:\/\/franciscanos.org.br\/noticias\/coral-dos-canarinhos-de-petropolis-abre-temporada-de-concertos-na-cidade.html#breadcrumb"},"inLanguage":"pt-BR","potentialAction":[{"@type":"ReadAction","target":["https:\/\/franciscanos.org.br\/noticias\/coral-dos-canarinhos-de-petropolis-abre-temporada-de-concertos-na-cidade.html"]}]},{"@type":"BreadcrumbList","@id":"https:\/\/franciscanos.org.br\/noticias\/coral-dos-canarinhos-de-petropolis-abre-temporada-de-concertos-na-cidade.html#breadcrumb","itemListElement":[{"@type":"ListItem","position":1,"name":"Home","item":"https:\/\/franciscanos.org.br\/noticias"},{"@type":"ListItem","position":2,"name":"Coral dos Canarinhos de Petr\u00f3polis abre temporada de Concertos na cidade"}]},{"@type":"Person","@id":"https:\/\/franciscanos.org.br\/noticias\/#\/schema\/person\/37f88f0d111cd5358b12a6556a99eb91","name":"freiaugusto","image":{"@type":"ImageObject","inLanguage":"pt-BR","@id":"https:\/\/franciscanos.org.br\/noticias\/#\/schema\/person\/image\/","url":"https:\/\/secure.gravatar.com\/avatar\/9840b940e621801b24f3e6b059efb4b7?s=96&d=mm&r=g","contentUrl":"https:\/\/secure.gravatar.com\/avatar\/9840b940e621801b24f3e6b059efb4b7?s=96&d=mm&r=g","caption":"freiaugusto"},"url":"https:\/\/franciscanos.org.br\/noticias\/author\/freiaugusto"}]}},"_links":{"self":[{"href":"https:\/\/franciscanos.org.br\/noticias\/wp-json\/wp\/v2\/posts\/201520"}],"collection":[{"href":"https:\/\/franciscanos.org.br\/noticias\/wp-json\/wp\/v2\/posts"}],"about":[{"href":"https:\/\/franciscanos.org.br\/noticias\/wp-json\/wp\/v2\/types\/post"}],"author":[{"embeddable":true,"href":"https:\/\/franciscanos.org.br\/noticias\/wp-json\/wp\/v2\/users\/5"}],"replies":[{"embeddable":true,"href":"https:\/\/franciscanos.org.br\/noticias\/wp-json\/wp\/v2\/comments?post=201520"}],"version-history":[{"count":1,"href":"https:\/\/franciscanos.org.br\/noticias\/wp-json\/wp\/v2\/posts\/201520\/revisions"}],"predecessor-version":[{"id":232894,"href":"https:\/\/franciscanos.org.br\/noticias\/wp-json\/wp\/v2\/posts\/201520\/revisions\/232894"}],"wp:featuredmedia":[{"embeddable":true,"href":"https:\/\/franciscanos.org.br\/noticias\/wp-json\/wp\/v2\/media\/201522"}],"wp:attachment":[{"href":"https:\/\/franciscanos.org.br\/noticias\/wp-json\/wp\/v2\/media?parent=201520"}],"wp:term":[{"taxonomy":"category","embeddable":true,"href":"https:\/\/franciscanos.org.br\/noticias\/wp-json\/wp\/v2\/categories?post=201520"},{"taxonomy":"post_tag","embeddable":true,"href":"https:\/\/franciscanos.org.br\/noticias\/wp-json\/wp\/v2\/tags?post=201520"}],"curies":[{"name":"wp","href":"https:\/\/api.w.org\/{rel}","templated":true}]}}