{"id":201498,"date":"2019-03-15T20:44:19","date_gmt":"2019-03-15T23:44:19","guid":{"rendered":"https:\/\/franciscanos.org.br\/noticias\/?p=201498"},"modified":"2019-09-02T11:39:23","modified_gmt":"2019-09-02T14:39:23","slug":"romaria-frei-bruno-leva-multidao-as-ruas-neste-domingo","status":"publish","type":"post","link":"https:\/\/franciscanos.org.br\/noticias\/romaria-frei-bruno-leva-multidao-as-ruas-neste-domingo.html","title":{"rendered":"Romaria Frei Bruno leva multid\u00e3o \u00e0s ruas neste domingo"},"content":{"rendered":"<p><img loading=\"lazy\" src=\"https:\/\/vidacrista.franciscanos.org.br\/wp-content\/uploads\/2019\/03\/bruno_150319.jpg\" alt=\"\" width=\"890\" height=\"552\" \/><img loading=\"lazy\" class=\"alignnone wp-image-209994 size-full\" src=\"https:\/\/franciscanos.org.br\/noticias\/wp-content\/uploads\/2019\/03\/01_03_2015_mdimlahg.jpg\" alt=\"\" width=\"840\" height=\"557\" srcset=\"https:\/\/franciscanos.org.br\/noticias\/wp-content\/uploads\/2019\/03\/01_03_2015_mdimlahg.jpg 840w, https:\/\/franciscanos.org.br\/noticias\/wp-content\/uploads\/2019\/03\/01_03_2015_mdimlahg-450x298.jpg 450w, https:\/\/franciscanos.org.br\/noticias\/wp-content\/uploads\/2019\/03\/01_03_2015_mdimlahg-768x509.jpg 768w, https:\/\/franciscanos.org.br\/noticias\/wp-content\/uploads\/2019\/03\/01_03_2015_mdimlahg-150x99.jpg 150w\" sizes=\"(max-width: 840px) 100vw, 840px\" \/><\/p>\n<p>&nbsp;<\/p>\n<p><strong>Moacir Beggo<\/strong><\/p>\n<p><strong>Xaxim (SC)<\/strong> &#8211; Pela 29\u00aa vez, os devotos de Frei Bruno sair\u00e3o \u00e0s ruas de Joa\u00e7aba para a Caminhada Penitencial Frei Bruno, numa demonstra\u00e7\u00e3o de f\u00e9 e penit\u00eancia neste 2\u00ba domingo da Quaresma, como j\u00e1 se tornou tradi\u00e7\u00e3o nesta cidade. A concentra\u00e7\u00e3o do povo come\u00e7a logo cedo e, \u00e0s 8 horas, tem in\u00edcio a Caminhada, que percorre 3,5 quil\u00f4metros at\u00e9 o Cemit\u00e9rio Frei Edgar, onde est\u00e1 o t\u00famulo de Frei Bruno Linden.<\/p>\n<p>A grande expectativa desses caminhantes e devotos, como tem ocorrido nos \u00faltimos anos, \u00e9 com rela\u00e7\u00e3o ao andamento da Causa de Frei Bruno, que no ano passado enviou os documentos oficiais para a avalia\u00e7\u00e3o da Congrega\u00e7\u00e3o para as Causas dos Santos, presidida atualmente por Dom Giovanni Angelo Becciu.<\/p>\n<p style=\"text-align: center;\"><a href=\"https:\/\/vidacrista.franciscanos.org.br\/especiais\/fruno-bruno-nova-manifestacao-de-fe-no-dia-17\/\"><strong>VEJA MAIS INFORMA\u00c7\u00d5ES NO ESPECIAL FREI BRUNO<\/strong><\/a><\/p>\n<p>O vice-postulador da causa, Frei Est\u00eav\u00e3o Ottenbreit, que atualmente reside em Roma, onde \u00e9 guardi\u00e3o na Fraternidade do Antonianum, chegou nesta sexta-feira, 15 de mar\u00e7o, ao Brasil para participar da Caminhada Penitencial Frei Bruno. Um ano depois do encerramento do processo diocesano, Frei Est\u00eav\u00e3o informou que a partir da entrega se calcula o prazo de um ano para obter um parecer positivo de Roma e, consequentemente, dar continuidade \u00e0 Causa. &#8220;Essa declara\u00e7\u00e3o significa muito, embora n\u00e3o seja ainda a beatifica\u00e7\u00e3o. Mas praticamente j\u00e1 reconhece a import\u00e2ncia do processo, declarando Frei Bruno Vener\u00e1vel&#8221;, explica o vice-postulador.<\/p>\n<p>Para ele, esses processos s\u00e3o demorados e levam anos para serem conclu\u00eddos. Tendo em vista isso, duas frentes de trabalho ser\u00e3o retomadas pela Diocese e pelos vice-postuladores, Frei Est\u00eav\u00e3o e Frei Alex Sandro Ciarnoscki: A tradu\u00e7\u00e3o dos depoimentos para a l\u00edngua italiana e a cria\u00e7\u00e3o de uma comiss\u00e3o para analisar os relatos de milagres. &#8220;Uma vez declarado que o processo est\u00e1 em ordem, ele \u00e9 dado para um relator, que n\u00e3o \u00e9 um franciscano. Se esse relator n\u00e3o fala portugu\u00eas, muitas coisas boas do processo podem se perderem. Depois, os relatos dos milagres ser\u00e3o analisados por equipes de m\u00e9dicos amigos no Brasil antes de ser escolhido aquele que a medicina n\u00e3o explica. Isso porque o julgamento do milagre por uma Comiss\u00e3o de M\u00e9dicos no Vaticano, inclusive tendo alguns n\u00e3o-crentes, \u00e9 muito severo&#8221;, explica Frei Est\u00eav\u00e3o. Paralelamente dever\u00e1 ser feita a <em>Positio<\/em>, que \u00e9 um resumo de todos os dados que foram levantados no processo.<\/p>\n<p>Frei Est\u00eav\u00e3o tamb\u00e9m lembra que essa fase do julgamento do milagre em Roma, o processo tem os maiores custos. S\u00f3 para se ter uma ideia, s\u00f3 analise do milagre custar\u00e1 18 mil euros.<\/p>\n<p>Mas o vice-postulador faz quest\u00e3o de enfatizar muito que \u00e9 necess\u00e1rio divulgar Frei Bruno. &#8220;\u00c9 preciso uma divulga\u00e7\u00e3o porque se n\u00e3o recorrermos a Deus, atrav\u00e9s intercess\u00e3o de Frei Bruno, n\u00e3o vamos ter milagres nunca&#8221;, diz, propondo que a Ora\u00e7\u00e3o pela Beatifica\u00e7\u00e3o de Frei Bruno seja divulgada maci\u00e7amente. O frade ressalta que \u00e9 tamb\u00e9m muito importante comunicar a gra\u00e7a alcan\u00e7ada. Al\u00e9m disso, destaca a import\u00e2ncia de se documentar o antes, o durante e depois desse momento.<\/p>\n","protected":false},"excerpt":{"rendered":"<p>Caminha Penitencial Frei Bruno chega \u00e0 29\u00aa edi\u00e7\u00e3o.<\/p>\n","protected":false},"author":3,"featured_media":201499,"comment_status":"open","ping_status":"open","sticky":false,"template":"","format":"standard","meta":[],"categories":[1],"tags":[873,193],"acf":[],"yoast_head":"<!-- This site is optimized with the Yoast SEO plugin v19.2 - https:\/\/yoast.com\/wordpress\/plugins\/seo\/ -->\n<title>Romaria Frei Bruno leva multid\u00e3o \u00e0s ruas neste domingo - Not\u00edcias - Franciscanos<\/title>\n<meta name=\"robots\" content=\"index, follow, max-snippet:-1, max-image-preview:large, max-video-preview:-1\" \/>\n<link rel=\"canonical\" href=\"https:\/\/franciscanos.org.br\/noticias\/romaria-frei-bruno-leva-multidao-as-ruas-neste-domingo.html\" \/>\n<meta property=\"og:locale\" content=\"pt_BR\" \/>\n<meta property=\"og:type\" content=\"article\" \/>\n<meta property=\"og:title\" content=\"Romaria Frei Bruno leva multid\u00e3o \u00e0s ruas neste domingo - Not\u00edcias - Franciscanos\" \/>\n<meta property=\"og:description\" content=\"Caminha Penitencial Frei Bruno chega \u00e0 29\u00aa edi\u00e7\u00e3o.\" \/>\n<meta property=\"og:url\" content=\"https:\/\/franciscanos.org.br\/noticias\/romaria-frei-bruno-leva-multidao-as-ruas-neste-domingo.html\" \/>\n<meta property=\"og:site_name\" content=\"Not\u00edcias - Franciscanos\" \/>\n<meta property=\"article:published_time\" content=\"2019-03-15T23:44:19+00:00\" \/>\n<meta property=\"article:modified_time\" content=\"2019-09-02T14:39:23+00:00\" \/>\n<meta property=\"og:image\" content=\"https:\/\/franciscanos.org.br\/noticias\/wp-content\/uploads\/2019\/03\/bruno_150319d.jpg\" \/>\n\t<meta property=\"og:image:width\" content=\"273\" \/>\n\t<meta property=\"og:image:height\" content=\"181\" \/>\n\t<meta property=\"og:image:type\" content=\"image\/jpeg\" \/>\n<meta name=\"author\" content=\"moacir\" \/>\n<meta name=\"twitter:card\" content=\"summary_large_image\" \/>\n<meta name=\"twitter:label1\" content=\"Escrito por\" \/>\n\t<meta name=\"twitter:data1\" content=\"moacir\" \/>\n\t<meta name=\"twitter:label2\" content=\"Est. tempo de leitura\" \/>\n\t<meta name=\"twitter:data2\" content=\"3 minutos\" \/>\n<script type=\"application\/ld+json\" class=\"yoast-schema-graph\">{\"@context\":\"https:\/\/schema.org\",\"@graph\":[{\"@type\":\"WebSite\",\"@id\":\"https:\/\/franciscanos.org.br\/noticias\/#website\",\"url\":\"https:\/\/franciscanos.org.br\/noticias\/\",\"name\":\"Not\u00edcias - Franciscanos\",\"description\":\"Prov\u00edncia Franciscana da Imaculada Concei\u00e7\u00e3o do Brasil - Ordem dos Frades Menores - OFM\",\"potentialAction\":[{\"@type\":\"SearchAction\",\"target\":{\"@type\":\"EntryPoint\",\"urlTemplate\":\"https:\/\/franciscanos.org.br\/noticias\/?s={search_term_string}\"},\"query-input\":\"required name=search_term_string\"}],\"inLanguage\":\"pt-BR\"},{\"@type\":\"ImageObject\",\"inLanguage\":\"pt-BR\",\"@id\":\"https:\/\/franciscanos.org.br\/noticias\/romaria-frei-bruno-leva-multidao-as-ruas-neste-domingo.html#primaryimage\",\"url\":\"https:\/\/franciscanos.org.br\/noticias\/wp-content\/uploads\/2019\/03\/bruno_150319d.jpg\",\"contentUrl\":\"https:\/\/franciscanos.org.br\/noticias\/wp-content\/uploads\/2019\/03\/bruno_150319d.jpg\",\"width\":273,\"height\":181},{\"@type\":\"WebPage\",\"@id\":\"https:\/\/franciscanos.org.br\/noticias\/romaria-frei-bruno-leva-multidao-as-ruas-neste-domingo.html#webpage\",\"url\":\"https:\/\/franciscanos.org.br\/noticias\/romaria-frei-bruno-leva-multidao-as-ruas-neste-domingo.html\",\"name\":\"Romaria Frei Bruno leva multid\u00e3o \u00e0s ruas neste domingo - Not\u00edcias - Franciscanos\",\"isPartOf\":{\"@id\":\"https:\/\/franciscanos.org.br\/noticias\/#website\"},\"primaryImageOfPage\":{\"@id\":\"https:\/\/franciscanos.org.br\/noticias\/romaria-frei-bruno-leva-multidao-as-ruas-neste-domingo.html#primaryimage\"},\"datePublished\":\"2019-03-15T23:44:19+00:00\",\"dateModified\":\"2019-09-02T14:39:23+00:00\",\"author\":{\"@id\":\"https:\/\/franciscanos.org.br\/noticias\/#\/schema\/person\/b5c8cba458c330ccff548b056e95a5d4\"},\"breadcrumb\":{\"@id\":\"https:\/\/franciscanos.org.br\/noticias\/romaria-frei-bruno-leva-multidao-as-ruas-neste-domingo.html#breadcrumb\"},\"inLanguage\":\"pt-BR\",\"potentialAction\":[{\"@type\":\"ReadAction\",\"target\":[\"https:\/\/franciscanos.org.br\/noticias\/romaria-frei-bruno-leva-multidao-as-ruas-neste-domingo.html\"]}]},{\"@type\":\"BreadcrumbList\",\"@id\":\"https:\/\/franciscanos.org.br\/noticias\/romaria-frei-bruno-leva-multidao-as-ruas-neste-domingo.html#breadcrumb\",\"itemListElement\":[{\"@type\":\"ListItem\",\"position\":1,\"name\":\"Home\",\"item\":\"https:\/\/franciscanos.org.br\/noticias\"},{\"@type\":\"ListItem\",\"position\":2,\"name\":\"Romaria Frei Bruno leva multid\u00e3o \u00e0s ruas neste domingo\"}]},{\"@type\":\"Person\",\"@id\":\"https:\/\/franciscanos.org.br\/noticias\/#\/schema\/person\/b5c8cba458c330ccff548b056e95a5d4\",\"name\":\"moacir\",\"image\":{\"@type\":\"ImageObject\",\"inLanguage\":\"pt-BR\",\"@id\":\"https:\/\/franciscanos.org.br\/noticias\/#\/schema\/person\/image\/\",\"url\":\"https:\/\/secure.gravatar.com\/avatar\/d08aa2ce4c8dd416d4479aa8536fcf64?s=96&d=mm&r=g\",\"contentUrl\":\"https:\/\/secure.gravatar.com\/avatar\/d08aa2ce4c8dd416d4479aa8536fcf64?s=96&d=mm&r=g\",\"caption\":\"moacir\"},\"url\":\"https:\/\/franciscanos.org.br\/noticias\/author\/moacir\"}]}<\/script>\n<!-- \/ Yoast SEO plugin. -->","yoast_head_json":{"title":"Romaria Frei Bruno leva multid\u00e3o \u00e0s ruas neste domingo - Not\u00edcias - Franciscanos","robots":{"index":"index","follow":"follow","max-snippet":"max-snippet:-1","max-image-preview":"max-image-preview:large","max-video-preview":"max-video-preview:-1"},"canonical":"https:\/\/franciscanos.org.br\/noticias\/romaria-frei-bruno-leva-multidao-as-ruas-neste-domingo.html","og_locale":"pt_BR","og_type":"article","og_title":"Romaria Frei Bruno leva multid\u00e3o \u00e0s ruas neste domingo - Not\u00edcias - Franciscanos","og_description":"Caminha Penitencial Frei Bruno chega \u00e0 29\u00aa edi\u00e7\u00e3o.","og_url":"https:\/\/franciscanos.org.br\/noticias\/romaria-frei-bruno-leva-multidao-as-ruas-neste-domingo.html","og_site_name":"Not\u00edcias - Franciscanos","article_published_time":"2019-03-15T23:44:19+00:00","article_modified_time":"2019-09-02T14:39:23+00:00","og_image":[{"width":273,"height":181,"url":"https:\/\/franciscanos.org.br\/noticias\/wp-content\/uploads\/2019\/03\/bruno_150319d.jpg","type":"image\/jpeg"}],"author":"moacir","twitter_card":"summary_large_image","twitter_misc":{"Escrito por":"moacir","Est. tempo de leitura":"3 minutos"},"schema":{"@context":"https:\/\/schema.org","@graph":[{"@type":"WebSite","@id":"https:\/\/franciscanos.org.br\/noticias\/#website","url":"https:\/\/franciscanos.org.br\/noticias\/","name":"Not\u00edcias - Franciscanos","description":"Prov\u00edncia Franciscana da Imaculada Concei\u00e7\u00e3o do Brasil - Ordem dos Frades Menores - OFM","potentialAction":[{"@type":"SearchAction","target":{"@type":"EntryPoint","urlTemplate":"https:\/\/franciscanos.org.br\/noticias\/?s={search_term_string}"},"query-input":"required name=search_term_string"}],"inLanguage":"pt-BR"},{"@type":"ImageObject","inLanguage":"pt-BR","@id":"https:\/\/franciscanos.org.br\/noticias\/romaria-frei-bruno-leva-multidao-as-ruas-neste-domingo.html#primaryimage","url":"https:\/\/franciscanos.org.br\/noticias\/wp-content\/uploads\/2019\/03\/bruno_150319d.jpg","contentUrl":"https:\/\/franciscanos.org.br\/noticias\/wp-content\/uploads\/2019\/03\/bruno_150319d.jpg","width":273,"height":181},{"@type":"WebPage","@id":"https:\/\/franciscanos.org.br\/noticias\/romaria-frei-bruno-leva-multidao-as-ruas-neste-domingo.html#webpage","url":"https:\/\/franciscanos.org.br\/noticias\/romaria-frei-bruno-leva-multidao-as-ruas-neste-domingo.html","name":"Romaria Frei Bruno leva multid\u00e3o \u00e0s ruas neste domingo - Not\u00edcias - Franciscanos","isPartOf":{"@id":"https:\/\/franciscanos.org.br\/noticias\/#website"},"primaryImageOfPage":{"@id":"https:\/\/franciscanos.org.br\/noticias\/romaria-frei-bruno-leva-multidao-as-ruas-neste-domingo.html#primaryimage"},"datePublished":"2019-03-15T23:44:19+00:00","dateModified":"2019-09-02T14:39:23+00:00","author":{"@id":"https:\/\/franciscanos.org.br\/noticias\/#\/schema\/person\/b5c8cba458c330ccff548b056e95a5d4"},"breadcrumb":{"@id":"https:\/\/franciscanos.org.br\/noticias\/romaria-frei-bruno-leva-multidao-as-ruas-neste-domingo.html#breadcrumb"},"inLanguage":"pt-BR","potentialAction":[{"@type":"ReadAction","target":["https:\/\/franciscanos.org.br\/noticias\/romaria-frei-bruno-leva-multidao-as-ruas-neste-domingo.html"]}]},{"@type":"BreadcrumbList","@id":"https:\/\/franciscanos.org.br\/noticias\/romaria-frei-bruno-leva-multidao-as-ruas-neste-domingo.html#breadcrumb","itemListElement":[{"@type":"ListItem","position":1,"name":"Home","item":"https:\/\/franciscanos.org.br\/noticias"},{"@type":"ListItem","position":2,"name":"Romaria Frei Bruno leva multid\u00e3o \u00e0s ruas neste domingo"}]},{"@type":"Person","@id":"https:\/\/franciscanos.org.br\/noticias\/#\/schema\/person\/b5c8cba458c330ccff548b056e95a5d4","name":"moacir","image":{"@type":"ImageObject","inLanguage":"pt-BR","@id":"https:\/\/franciscanos.org.br\/noticias\/#\/schema\/person\/image\/","url":"https:\/\/secure.gravatar.com\/avatar\/d08aa2ce4c8dd416d4479aa8536fcf64?s=96&d=mm&r=g","contentUrl":"https:\/\/secure.gravatar.com\/avatar\/d08aa2ce4c8dd416d4479aa8536fcf64?s=96&d=mm&r=g","caption":"moacir"},"url":"https:\/\/franciscanos.org.br\/noticias\/author\/moacir"}]}},"_links":{"self":[{"href":"https:\/\/franciscanos.org.br\/noticias\/wp-json\/wp\/v2\/posts\/201498"}],"collection":[{"href":"https:\/\/franciscanos.org.br\/noticias\/wp-json\/wp\/v2\/posts"}],"about":[{"href":"https:\/\/franciscanos.org.br\/noticias\/wp-json\/wp\/v2\/types\/post"}],"author":[{"embeddable":true,"href":"https:\/\/franciscanos.org.br\/noticias\/wp-json\/wp\/v2\/users\/3"}],"replies":[{"embeddable":true,"href":"https:\/\/franciscanos.org.br\/noticias\/wp-json\/wp\/v2\/comments?post=201498"}],"version-history":[{"count":0,"href":"https:\/\/franciscanos.org.br\/noticias\/wp-json\/wp\/v2\/posts\/201498\/revisions"}],"wp:featuredmedia":[{"embeddable":true,"href":"https:\/\/franciscanos.org.br\/noticias\/wp-json\/wp\/v2\/media\/201499"}],"wp:attachment":[{"href":"https:\/\/franciscanos.org.br\/noticias\/wp-json\/wp\/v2\/media?parent=201498"}],"wp:term":[{"taxonomy":"category","embeddable":true,"href":"https:\/\/franciscanos.org.br\/noticias\/wp-json\/wp\/v2\/categories?post=201498"},{"taxonomy":"post_tag","embeddable":true,"href":"https:\/\/franciscanos.org.br\/noticias\/wp-json\/wp\/v2\/tags?post=201498"}],"curies":[{"name":"wp","href":"https:\/\/api.w.org\/{rel}","templated":true}]}}