{"id":201491,"date":"2019-03-22T23:54:21","date_gmt":"2019-03-23T02:54:21","guid":{"rendered":"https:\/\/franciscanos.org.br\/noticias\/?p=201491"},"modified":"2019-04-22T14:31:36","modified_gmt":"2019-04-22T17:31:36","slug":"olhar-a-assistencia-social-como-um-direito-nao-um-favor","status":"publish","type":"post","link":"https:\/\/franciscanos.org.br\/noticias\/olhar-a-assistencia-social-como-um-direito-nao-um-favor.html","title":{"rendered":"CF: Olhar a assist\u00eancia social como um direito, n\u00e3o um favor"},"content":{"rendered":"<p><img loading=\"lazy\" class=\"alignnone size-full wp-image-201492\" src=\"https:\/\/franciscanos.org.br\/noticias\/wp-content\/uploads\/2019\/03\/rosangela_980.jpg\" alt=\"\" width=\"980\" height=\"550\" srcset=\"https:\/\/franciscanos.org.br\/noticias\/wp-content\/uploads\/2019\/03\/rosangela_980.jpg 980w, https:\/\/franciscanos.org.br\/noticias\/wp-content\/uploads\/2019\/03\/rosangela_980-450x253.jpg 450w, https:\/\/franciscanos.org.br\/noticias\/wp-content\/uploads\/2019\/03\/rosangela_980-768x431.jpg 768w, https:\/\/franciscanos.org.br\/noticias\/wp-content\/uploads\/2019\/03\/rosangela_980-150x84.jpg 150w\" sizes=\"(max-width: 980px) 100vw, 980px\" \/><\/p>\n<p><strong>S\u00e3o Paulo (SP)<\/strong> \u2013 Na d\u00e9cima entrevista da S\u00e9rie Especial da Campanha da Fraternidade, falamos com Rosangela Pezoti, diretora t\u00e9cnica do Servi\u00e7o Franciscano de Solidariedade (Sefras). Doutora em Servi\u00e7o Social pela Pontif\u00edcia Universidade Cat\u00f3lica de S\u00e3o Paulo (PUC), ela afirma que o grande desafio \u00e9 mudar a vis\u00e3o de que as pol\u00edticas sociais s\u00e3o um favor prestado pelo Estado, mas um direito garantido a todas as pessoas que necessitam. \u201cA rela\u00e7\u00e3o que deve ser constru\u00edda na assist\u00eancia social \u00e9 uma rela\u00e7\u00e3o de cidadania. Este reconhecimento \u00e9 fundamental para que construamos uma cultura de direito dentro da assist\u00eancia social\u201d, assegura a especialista.<\/p>\n<p>Acompanhe a entrevista concedida a <strong>Frei Gustavo Medella<\/strong>:<\/p>\n<p><strong>Site Franciscanos &#8211; Qual a diferen\u00e7a entre a assist\u00eancia social, o assistencialismo e a assistente social?<\/strong><\/p>\n<p><strong>Rosangela Pezoti &#8211;<\/strong> \u00c9 importante distinguirmos estes conceitos. O assistente social \u00e9 o profissional que se forma em assist\u00eancia social e atua, n\u00e3o s\u00f3 em Pol\u00edticas P\u00fablicas, mas em v\u00e1rias \u00e1reas da sociedade: empresas, organiza\u00e7\u00f5es sociais, numa gama de atividades. Ele \u00e9 o profissional que tamb\u00e9m atua na assist\u00eancia social. Muitas vezes escutamos que a pol\u00edtica de assist\u00eancia social \u00e9 assistencialista. O assistencialismo \u00e9 uma pr\u00e1tica olhada, muitas vezes, de forma pejorativa. O assistencialismo s\u00e3o a\u00e7\u00f5es desenvolvidas para o socorro imediato de alguma necessidade. Por exemplo, quando temos uma enchente, um inc\u00eandio. S\u00e3o feitas v\u00e1rias a\u00e7\u00f5es pontuais para sanar um problema imediato, ou seja, a\u00e7\u00f5es assistencialistas. Muitas vezes estas a\u00e7\u00f5es n\u00e3o t\u00eam continuidade, pois o objetivo maior \u00e9 sanar o problema naquele momento. A assist\u00eancia social como uma Pol\u00edtica P\u00fablica foi constitu\u00edda a partir da Constitui\u00e7\u00e3o de 1988, quando o Brasil criou a chamada seguridade social. At\u00e9 ent\u00e3o, no Brasil, a assist\u00eancia social n\u00e3o era concebida como direito. A seguridade social \u00e9 um conjunto de pol\u00edticas para garantir uma vida digna \u00e0s pessoas. Na Constitui\u00e7\u00e3o, o Brasil elegeu tr\u00eas grandes pol\u00edticas de seguridade social: sa\u00fade, previd\u00eancia social e assist\u00eancia social. Por isso, a assist\u00eancia social \u00e9 um direito previsto em lei e concretizado atrav\u00e9s de pol\u00edticas espec\u00edficas.<\/p>\n<p><strong>Site Franciscanos &#8211; E quem tem direito \u00e0 assist\u00eancia social?<\/strong><\/p>\n<p><strong><img loading=\"lazy\" class=\"alignleft size-full wp-image-201495\" src=\"https:\/\/franciscanos.org.br\/noticias\/wp-content\/uploads\/2019\/03\/rosangela_pezoti_menor.jpg\" alt=\"\" width=\"400\" height=\"400\" srcset=\"https:\/\/franciscanos.org.br\/noticias\/wp-content\/uploads\/2019\/03\/rosangela_pezoti_menor.jpg 400w, https:\/\/franciscanos.org.br\/noticias\/wp-content\/uploads\/2019\/03\/rosangela_pezoti_menor-300x300.jpg 300w, https:\/\/franciscanos.org.br\/noticias\/wp-content\/uploads\/2019\/03\/rosangela_pezoti_menor-150x150.jpg 150w\" sizes=\"(max-width: 400px) 100vw, 400px\" \/>Rosangela Pezoti &#8211;<\/strong> Na legisla\u00e7\u00e3o, a assist\u00eancia n\u00e3o \u00e9 colocada como uma pol\u00edtica universal, destinada para todos, mas h\u00e1 um recorte dizendo que ela \u00e9 uma pol\u00edtica para quem dela necessitar, ou seja, para as pessoas que est\u00e3o em situa\u00e7\u00e3o que n\u00f3s chamamos de vulnerabilidade social, que \u00e9 entendida sob dois aspectos. O primeiro \u00e9 a vulnerabilidade material, quando as pessoas t\u00eam car\u00eancia material e n\u00e3o conseguem manter a sua vida, seu direito \u00e0 alimenta\u00e7\u00e3o, moradia, vestimenta, n\u00e3o conseguem manter as condi\u00e7\u00f5es materiais dignas de sobreviv\u00eancia. Por outro lado, a assist\u00eancia tamb\u00e9m olha a vulnerabilidade do ponto de vista das rela\u00e7\u00f5es. As pessoas que t\u00eam v\u00ednculos familiares rompidos, violados, e as que t\u00eam v\u00ednculos sociais rompidos, est\u00e3o fora do seu lugar de origem, est\u00e3o em situa\u00e7\u00e3o de vulnerabilidade. Um exemplo que para n\u00f3s \u00e9 muito vis\u00edvel s\u00e3o as pessoas idosas com todas as condi\u00e7\u00f5es materiais para viver, mas \u00e0s vezes elas n\u00e3o t\u00eam v\u00ednculo familiar ou comunit\u00e1rio e vivem numa situa\u00e7\u00e3o de isolamento. A assist\u00eancia atua, ent\u00e3o, para que a pessoa retome a sua rela\u00e7\u00e3o com a fam\u00edlia, com a comunidade, grupos de amigos, para que n\u00e3o precise ser institucionalizada no futuro. Para n\u00f3s, a vulnerabilidade social \u00e9 maior que a material, \u00e9 tamb\u00e9m percebida no conjunto de rela\u00e7\u00f5es que a pessoa constr\u00f3i. Quem tem direito \u00e0 assist\u00eancia s\u00e3o pessoas que est\u00e3o nessa situa\u00e7\u00e3o de vulnerabilidade, por algum motivo, tiveram seus direitos violados. H\u00e1 um conjunto de atendimentos da assist\u00eancia social para pessoas que sofrem viol\u00eancias, de todos os tipos, desde f\u00edsica, psicol\u00f3gica, preconceitos, xenofobia.<\/p>\n<p><strong>Site Franciscanos &#8211; Por que a quest\u00e3o das Pol\u00edticas P\u00fablicas \u00e9 importante quando falamos de assist\u00eancia social?<\/strong><\/p>\n<p><strong>Rosangela Pezoti &#8211;<\/strong> A assist\u00eancia social \u00e9 uma pol\u00edtica muito jovem no Brasil, pois foi uma das \u00faltimas Pol\u00edticas P\u00fablicas pensadas e concretizadas. Hoje, \u00e9 necess\u00e1rio o reconhecimento de que a assist\u00eancia social \u00e9 um direito e que h\u00e1 necessidade de Pol\u00edticas P\u00fablicas para concretiza\u00e7\u00e3o desse direito. Por isso, a import\u00e2ncia da Campanha da Fraternidade. Historicamente, em todo o mundo, a assist\u00eancia \u00e0s pessoas mais pobres n\u00e3o foi concebida e concretizada enquanto uma atribui\u00e7\u00e3o do Estado. No Brasil, principalmente, o cuidado das pessoas mais pobres sempre esteve delegado e sob responsabilidade das Igrejas. A Igreja Cat\u00f3lica, por exemplo, assumiu este papel logo ap\u00f3s o descobrimento do Brasil. N\u00e3o temos uma cultura de considerar a assist\u00eancia como um direito. Ela \u00e9 entendida por muitos gestores e pela popula\u00e7\u00e3o como uma ajuda do governo, mas n\u00e3o \u00e9 isso. Pensar na assist\u00eancia social enquanto um direito, uma Pol\u00edtica P\u00fablica, \u00e9 muito importante para desconstruirmos esta vis\u00e3o. V\u00ea-la como ajuda \u00e9 impregn\u00e1-la de favorecimento, de rela\u00e7\u00f5es que se constroem no campo pessoal. A Pol\u00edtica P\u00fablica de assist\u00eancia \u00e9 um direito de todos. \u00c9 preciso cobrar do Estado que ele efetive estas Pol\u00edticas P\u00fablicas para desconstruir esta ideia de que recebemos ajuda do Estado. A rela\u00e7\u00e3o que deve ser constru\u00edda na assist\u00eancia social \u00e9 uma rela\u00e7\u00e3o de cidadania. A pessoa tem o direito de requerer esta pol\u00edtica. Este reconhecimento \u00e9 fundamental para que construamos uma cultura de direito dentro da assist\u00eancia social.<\/p>\n<p><strong>Site Franciscanos &#8211; Quais desafios a assist\u00eancia social tem enfrentado na atual conjuntura no Brasil?<\/strong><\/p>\n<p><strong>Rosangela Pezoti &#8211;<\/strong> O primeiro desafio \u00e9 a quest\u00e3o do financiamento da Assist\u00eancia social. Estamos, hoje, num contexto de crise, com altas taxas de desemprego. Neste cen\u00e1rio, a arrecada\u00e7\u00e3o dos impostos, que \u00e9 a base de sustenta\u00e7\u00e3o das Pol\u00edticas P\u00fablicas, sofre uma queda or\u00e7ament\u00e1ria e, consequentemente, cortes. A assist\u00eancia \u00e9 uma das pol\u00edticas que mais sofrem com os cortes or\u00e7ament\u00e1rios. Hoje, por exemplo, o grande desafio \u00e9 o empobrecimento muito grande da popula\u00e7\u00e3o. Vemos not\u00edcias de que o Brasil entra novamente no cen\u00e1rio da fome e basta olhar as nossas cidades para ver a quantidade de pessoas em situa\u00e7\u00e3o de rua, desempregadas, desalentadas. No contexto em que estamos, quando as pessoas mais necessitam da assist\u00eancia social, ela \u00e9 a que mais sofre cortes. N\u00e3o h\u00e1 uma reflex\u00e3o de que, nos momentos de maior crise e empobrecimento, dever\u00edamos ter um investimento maior na assist\u00eancia social. Com estes cortes, temos dois grandes problemas: primeiro uma insufici\u00eancia de possibilidades de atendimento, for\u00e7ando a cria\u00e7\u00e3o de crit\u00e9rios de sele\u00e7\u00e3o para as vagas. Nos servi\u00e7os, por exemplo, procura-se atender os mais pobres entre os pobres, impossibilitando o atendimento de todos. Do outro lado, o corte or\u00e7ament\u00e1rio provoca o que chamamos de empobrecimento do atendimento, precarizando o atendimento das pessoas. Al\u00e9m da diminui\u00e7\u00e3o de vagas, o servi\u00e7o passa pela perda de qualidade. Outro problema, que \u00e9 muito caracter\u00edstico deste tempo em que vivemos, \u00e9 que os espa\u00e7os coletivos de discuss\u00e3o e reivindica\u00e7\u00e3o das Pol\u00edticas P\u00fablicas, especialmente da assist\u00eancia, v\u00e3o se esvaziando. Ou seja, os Conselhos de Direitos, F\u00f3runs, Coletivos, que s\u00e3o espa\u00e7os primordiais, acabam sendo esvaziados. Esse \u00e9 um grande desafio. Como reativar, neste momento, o desejo das pessoas de participa\u00e7\u00e3o, discuss\u00e3o, de colocar-se nestes espa\u00e7os e levar sua reivindica\u00e7\u00e3o.<\/p>\n<p><a href=\"https:\/\/vidacrista.franciscanos.org.br\/especiais\/especial-campanha-da-fraternidade\/\" target=\"_blank\" rel=\"noopener noreferrer\">CONFIRA TAMB\u00c9M O ESPECIAL SOBRE A CAMPANHA DA FRATERNIDADE<\/a><\/p>\n<hr \/>\n<p><strong>Ou\u00e7a a entrevista:<\/strong><\/p>\n<p><iframe loading=\"lazy\" src=\"https:\/\/w.soundcloud.com\/player\/?url=https%3A\/\/api.soundcloud.com\/tracks\/590571084&amp;color=%23ff5500&amp;auto_play=false&amp;hide_related=false&amp;show_comments=true&amp;show_user=true&amp;show_reposts=false&amp;show_teaser=true\" width=\"100%\" height=\"166\" frameborder=\"no\" scrolling=\"no\"><\/iframe><\/p>\n<p><iframe loading=\"lazy\" src=\"https:\/\/w.soundcloud.com\/player\/?url=https%3A\/\/api.soundcloud.com\/tracks\/590571519&amp;color=%23ff5500&amp;auto_play=false&amp;hide_related=false&amp;show_comments=true&amp;show_user=true&amp;show_reposts=false&amp;show_teaser=true\" width=\"100%\" height=\"166\" frameborder=\"no\" scrolling=\"no\"><\/iframe><\/p>\n<hr \/>\n<p><strong>Confira todas as entrevistas: <\/strong><\/p>\n<p><strong>Tema e Lema da CF | Entrevistado:\u00a0 \u00a0 \u00a0<\/strong><strong><a href=\"https:\/\/franciscanos.org.br\/noticias\/d-leonardo-sejamos-ativos-na-construcao-de-politicas-publicas.html\">Dom Leonardo Ulrich Steiner<\/a><\/strong><\/p>\n<p style=\"padding-left: 30px;\">Bispo Auxiliar de Bras\u00edlia e secret\u00e1rio-geral da CNBB.<\/p>\n<p><strong>Conceito de Pol\u00edticas P\u00fablicas | Entrevistado: <a href=\"https:\/\/franciscanos.org.br\/noticias\/o-que-sao-e-como-funcionam-as-politicas-publicas.html\" target=\"_blank\" rel=\"noopener noreferrer\">Robert Soares do Nascimento<\/a><\/strong><\/p>\n<p style=\"padding-left: 30px;\">Agente de Pastoral, comp\u00f5e o N\u00facleo em Educa\u00e7\u00e3o e Direitos Humanos da UNISAL (Centro Universit\u00e1rio Salesiano de S\u00e3o Paulo) e participa do Grupo de Trabalho de Justi\u00e7a Restaurativa da Comarca de Americana (SP).<\/p>\n<p><strong>Pol\u00edtica como exerc\u00edcio do bem comum | Entrevistado: <a href=\"https:\/\/franciscanos.org.br\/noticias\/politica-como-exercicio-da-busca-do-bem-comum.html\" target=\"_blank\" rel=\"noopener noreferrer\">Felix Fernando Siriani<\/a><\/strong><\/p>\n<p style=\"padding-left: 30px;\">Formado em Gest\u00e3o de Pol\u00edticas P\u00fablicas, especialista em Pedagogia Social, Pastoral Escolar e mestrando em Mudan\u00e7a Social e Pol\u00edticas P\u00fablicas.<\/p>\n<p><strong>Doutrina Social da Igreja | Entrevistado: <a href=\"https:\/\/franciscanos.org.br\/noticias\/uma-boa-igreja-tem-que-ter-um-grande-amor-aos-pobres-afirma-fernando-altemeyer.html\" target=\"_blank\" rel=\"noopener noreferrer\">Prof. Dr. Fernando Altemeyer Junior<\/a><\/strong><\/p>\n<p style=\"padding-left: 30px;\">Chefe do Departamento de Ci\u00eancia da Religi\u00e3o da PUC-SP.<\/p>\n<p><strong>As a\u00e7\u00f5es e ensinamentos de Jesus como inspira\u00e7\u00e3o para pol\u00edticas em favor da cidadania |Entrevistado:\u00a0<a href=\"https:\/\/franciscanos.org.br\/noticias\/o-eixo-das-politicas-publicas-justica-paz-e-alegria.html\" target=\"_blank\" rel=\"noopener noreferrer\">Francisco Orofino<\/a><\/strong><\/p>\n<p style=\"padding-left: 30px;\">Leigo, professor de Teologia B\u00edblica em Nova Igua\u00e7u (RJ) e assessor do CEBI (Centro de Estudos B\u00edblicos) e do ISER Assessoria (Instituto de Estudos da Religi\u00e3o).<\/p>\n<p><strong>Os franciscanos e o engajamento pol\u00edtico | Entrevistado: <a href=\"https:\/\/franciscanos.org.br\/noticias\/frei-vitorio-pede-mais-indignacao-profetica.html\" target=\"_blank\" rel=\"noopener noreferrer\">Frei Vitorio Mazzuco<\/a><\/strong><\/p>\n<p style=\"padding-left: 30px;\">Mestre em espiritualidade e coordenador da Pastoral Universit\u00e1ria da USF.<\/p>\n<p><strong>A import\u00e2ncia dos Movimentos Sociais na busca do bem comum | Entrevistado: <a href=\"https:\/\/franciscanos.org.br\/noticias\/dom-guilherme-e-preciso-reanimar-os-movimentos-sociais.html\" target=\"_blank\" rel=\"noopener noreferrer\">Dom Guilherme Werlang<\/a><\/strong><\/p>\n<p style=\"padding-left: 30px;\">Bispo da Diocese de Lages (SC) e presidente da Comiss\u00e3o Episcopal Pastoral para a A\u00e7\u00e3o Social Transformadora da CNBB.<\/p>\n<p><strong>Pol\u00edticas P\u00fablicas na \u00e1rea da sa\u00fade | Entrevistado: <a href=\"https:\/\/franciscanos.org.br\/noticias\/politicas-publicas-em-favor-da-saude.html\" target=\"_blank\" rel=\"noopener noreferrer\">Fernando Pigatto <\/a><\/strong><\/p>\n<p style=\"padding-left: 30px;\">Presidente do Conselho Nacional de Sa\u00fade (CNS) e Representante da Confedera\u00e7\u00e3o Nacional das Associa\u00e7\u00f5es de Moradores (CONAM).<\/p>\n<p><strong>Pol\u00edticas P\u00fablicas na seguran\u00e7a | Entrevistado: <a href=\"https:\/\/franciscanos.org.br\/noticias\/a-seguranca-publica-precisa-da-integracao-das-instituicoes-e-da-comunidade.html\" target=\"_blank\" rel=\"noopener noreferrer\">Ricardo Bedendo<\/a><\/strong><\/p>\n<p style=\"padding-left: 30px;\">Jornalista e Mestre em Ci\u00eancias Sociais, integra o n\u00facleo de Estudos de Viol\u00eancia e Direitos Humanos da P\u00f3s-Gradua\u00e7\u00e3o em Ci\u00eancias Sociais da Universidade Federal de Juiz de Fora (UFJF).<\/p>\n<p><strong>Pol\u00edticas P\u00fablicas e Assist\u00eancia Social | Entrevistada: <a href=\"https:\/\/franciscanos.org.br\/noticias\/olhar-a-assistencia-social-como-um-direito-nao-um-favor.html\" target=\"_blank\" rel=\"noopener noreferrer\">Rosangela Pezoti<\/a><\/strong><\/p>\n<p style=\"padding-left: 30px;\">Doutora em Servi\u00e7o Social, respons\u00e1vel pelas \u00e1reas t\u00e9cnica e de articula\u00e7\u00e3o pol\u00edtica do Sefras &#8211; Servi\u00e7o Franciscano de Solidariedade.<\/p>\n<p><strong>Pol\u00edticas P\u00fablicas em favor dos negros | Entrevistado: <a href=\"https:\/\/franciscanos.org.br\/noticias\/cf-as-politicas-publicas-em-favor-dos-negros-sao-uma-conquista-de-todos.html\" target=\"_blank\" rel=\"noopener noreferrer\">Frei David Raimundo Santos<\/a><\/strong><\/p>\n<p style=\"padding-left: 30px;\">Presidente da Educafro (Educa\u00e7\u00e3o e Cidadania de Afrodescendentes e Carentes).<\/p>\n<p><strong>Import\u00e2ncia da participa\u00e7\u00e3o nos espa\u00e7os de controle social | Entrevistada: <a href=\"https:\/\/franciscanos.org.br\/noticias\/valdenia-o-controle-social-e-responsabilidade-de-toda-sociedade.html\" target=\"_blank\" rel=\"noopener noreferrer\">Vald\u00eania Paulino<\/a><\/strong><\/p>\n<p style=\"padding-left: 30px;\">Advogada, integra o Centro de Direitos Humanos de Sapopemba (SP)<\/p>\n<p><strong>Pol\u00edticas P\u00fablicas em favor dos \u00edndios e dos povos origin\u00e1rios | Entrevistado: <a href=\"https:\/\/franciscanos.org.br\/noticias\/e-preciso-lutar-para-que-nao-haja-retrocesso-nas-politicas-publicas-em-prol-dos-indigenas.html\" target=\"_blank\" rel=\"noopener noreferrer\">Egon Heck<\/a><\/strong><\/p>\n<p style=\"padding-left: 30px;\">Assessor do secretariado do Conselho Indigenista Mission\u00e1rio \u2013 Cimi.<\/p>\n<p><strong>Pol\u00edticas P\u00fablicas e Juventude | Entrevistada: <a href=\"https:\/\/franciscanos.org.br\/noticias\/por-mais-politicas-que-promovam-igualdade-de-oportunidades-entre-as-juventudes.html\" target=\"_blank\" rel=\"noopener noreferrer\">Anna Luiza Salles Souto<\/a><\/strong><\/p>\n<p style=\"padding-left: 30px;\">Coordenadora da \u00e1rea de Democracia e Participa\u00e7\u00e3o do Instituto P\u00f3lis.<\/p>\n<p><strong>Pol\u00edticas P\u00fablicas e na \u00e1rea da educa\u00e7\u00e3o | Entrevistado: <a href=\"https:\/\/franciscanos.org.br\/noticias\/a-educacao-como-um-instrumento-transformador-da-sociedade.html\" target=\"_blank\" rel=\"noopener noreferrer\">Professor Dilnei Lorenzi<\/a><\/strong><\/p>\n<p style=\"padding-left: 30px;\">Pr\u00f3-Reitor de Ensino, Pesquisa e Extens\u00e3o da Universidade S\u00e3o Francisco (USF).<\/p>\n<p><strong>Sa\u00fade e o bem comum | Entrevistado: <a href=\"https:\/\/franciscanos.org.br\/noticias\/o-papel-da-pastoral-da-saude-nas-politicas-publicas.html\" target=\"_blank\" rel=\"noopener noreferrer\">Pe. Christian de Paul de Barchifontaine<\/a><\/strong><\/p>\n<p style=\"padding-left: 30px;\">Assessor Internacional dos Camilianos na \u00c1rea da Sa\u00fade, Rela\u00e7\u00f5es P\u00fablicas das Organiza\u00e7\u00f5es Camilianas.<\/p>\n<p><strong>O exemplo concreto no Rio de Janeiro | Entrevistado: <a href=\"https:\/\/franciscanos.org.br\/noticias\/o-exemplo-concreto-do-forum-grita-baixada-no-exercicio-das-politicas-publicas.html\" target=\"_blank\" rel=\"noopener noreferrer\">Adriano de Ara\u00fajo<\/a><\/strong><\/p>\n<p style=\"padding-left: 30px;\">Soci\u00f3logo, coordenador do F\u00f3rum Grita Baixada.<\/p>\n","protected":false},"excerpt":{"rendered":"<p>S\u00e3o Paulo (SP) \u2013 Na d\u00e9cima entrevista da S\u00e9rie Especial da Campanha da Fraternidade, falamos com Rosangela Pezoti, diretora t\u00e9cnica do Servi\u00e7o Franciscano de Solidariedade (Sefras). Doutora em Servi\u00e7o Social pela Pontif\u00edcia Universidade Cat\u00f3lica de S\u00e3o Paulo (PUC), ela afirma que o grande desafio \u00e9 mudar a vis\u00e3o de que as pol\u00edticas sociais s\u00e3o um [&hellip;]<\/p>\n","protected":false},"author":1,"featured_media":201494,"comment_status":"open","ping_status":"open","sticky":false,"template":"","format":"standard","meta":[],"categories":[758],"tags":[818,180,228],"acf":[],"yoast_head":"<!-- This site is optimized with the Yoast SEO plugin v19.2 - https:\/\/yoast.com\/wordpress\/plugins\/seo\/ -->\n<title>CF: Olhar a assist\u00eancia social como um direito, n\u00e3o um favor - Not\u00edcias - Franciscanos<\/title>\n<meta name=\"robots\" content=\"index, follow, max-snippet:-1, max-image-preview:large, max-video-preview:-1\" \/>\n<link rel=\"canonical\" href=\"https:\/\/franciscanos.org.br\/noticias\/olhar-a-assistencia-social-como-um-direito-nao-um-favor.html\" \/>\n<meta property=\"og:locale\" content=\"pt_BR\" \/>\n<meta property=\"og:type\" content=\"article\" \/>\n<meta property=\"og:title\" content=\"CF: Olhar a assist\u00eancia social como um direito, n\u00e3o um favor - Not\u00edcias - Franciscanos\" \/>\n<meta property=\"og:description\" content=\"S\u00e3o Paulo (SP) \u2013 Na d\u00e9cima entrevista da S\u00e9rie Especial da Campanha da Fraternidade, falamos com Rosangela Pezoti, diretora t\u00e9cnica do Servi\u00e7o Franciscano de Solidariedade (Sefras). Doutora em Servi\u00e7o Social pela Pontif\u00edcia Universidade Cat\u00f3lica de S\u00e3o Paulo (PUC), ela afirma que o grande desafio \u00e9 mudar a vis\u00e3o de que as pol\u00edticas sociais s\u00e3o um [&hellip;]\" \/>\n<meta property=\"og:url\" content=\"https:\/\/franciscanos.org.br\/noticias\/olhar-a-assistencia-social-como-um-direito-nao-um-favor.html\" \/>\n<meta property=\"og:site_name\" content=\"Not\u00edcias - Franciscanos\" \/>\n<meta property=\"article:published_time\" content=\"2019-03-23T02:54:21+00:00\" \/>\n<meta property=\"article:modified_time\" content=\"2019-04-22T17:31:36+00:00\" \/>\n<meta property=\"og:image\" content=\"https:\/\/franciscanos.org.br\/noticias\/wp-content\/uploads\/2019\/03\/rosangela_273.jpg\" \/>\n\t<meta property=\"og:image:width\" content=\"273\" \/>\n\t<meta property=\"og:image:height\" content=\"181\" \/>\n\t<meta property=\"og:image:type\" content=\"image\/jpeg\" \/>\n<meta name=\"author\" content=\"admin\" \/>\n<meta name=\"twitter:card\" content=\"summary_large_image\" \/>\n<meta name=\"twitter:label1\" content=\"Escrito por\" \/>\n\t<meta name=\"twitter:data1\" content=\"admin\" \/>\n\t<meta name=\"twitter:label2\" content=\"Est. tempo de leitura\" \/>\n\t<meta name=\"twitter:data2\" content=\"9 minutos\" \/>\n<script type=\"application\/ld+json\" class=\"yoast-schema-graph\">{\"@context\":\"https:\/\/schema.org\",\"@graph\":[{\"@type\":\"WebSite\",\"@id\":\"https:\/\/franciscanos.org.br\/noticias\/#website\",\"url\":\"https:\/\/franciscanos.org.br\/noticias\/\",\"name\":\"Not\u00edcias - Franciscanos\",\"description\":\"Prov\u00edncia Franciscana da Imaculada Concei\u00e7\u00e3o do Brasil - Ordem dos Frades Menores - OFM\",\"potentialAction\":[{\"@type\":\"SearchAction\",\"target\":{\"@type\":\"EntryPoint\",\"urlTemplate\":\"https:\/\/franciscanos.org.br\/noticias\/?s={search_term_string}\"},\"query-input\":\"required name=search_term_string\"}],\"inLanguage\":\"pt-BR\"},{\"@type\":\"ImageObject\",\"inLanguage\":\"pt-BR\",\"@id\":\"https:\/\/franciscanos.org.br\/noticias\/olhar-a-assistencia-social-como-um-direito-nao-um-favor.html#primaryimage\",\"url\":\"https:\/\/franciscanos.org.br\/noticias\/wp-content\/uploads\/2019\/03\/rosangela_273.jpg\",\"contentUrl\":\"https:\/\/franciscanos.org.br\/noticias\/wp-content\/uploads\/2019\/03\/rosangela_273.jpg\",\"width\":273,\"height\":181},{\"@type\":\"WebPage\",\"@id\":\"https:\/\/franciscanos.org.br\/noticias\/olhar-a-assistencia-social-como-um-direito-nao-um-favor.html#webpage\",\"url\":\"https:\/\/franciscanos.org.br\/noticias\/olhar-a-assistencia-social-como-um-direito-nao-um-favor.html\",\"name\":\"CF: Olhar a assist\u00eancia social como um direito, n\u00e3o um favor - Not\u00edcias - Franciscanos\",\"isPartOf\":{\"@id\":\"https:\/\/franciscanos.org.br\/noticias\/#website\"},\"primaryImageOfPage\":{\"@id\":\"https:\/\/franciscanos.org.br\/noticias\/olhar-a-assistencia-social-como-um-direito-nao-um-favor.html#primaryimage\"},\"datePublished\":\"2019-03-23T02:54:21+00:00\",\"dateModified\":\"2019-04-22T17:31:36+00:00\",\"author\":{\"@id\":\"https:\/\/franciscanos.org.br\/noticias\/#\/schema\/person\/b38fbf43118f02820bd932f2e4b14ad3\"},\"breadcrumb\":{\"@id\":\"https:\/\/franciscanos.org.br\/noticias\/olhar-a-assistencia-social-como-um-direito-nao-um-favor.html#breadcrumb\"},\"inLanguage\":\"pt-BR\",\"potentialAction\":[{\"@type\":\"ReadAction\",\"target\":[\"https:\/\/franciscanos.org.br\/noticias\/olhar-a-assistencia-social-como-um-direito-nao-um-favor.html\"]}]},{\"@type\":\"BreadcrumbList\",\"@id\":\"https:\/\/franciscanos.org.br\/noticias\/olhar-a-assistencia-social-como-um-direito-nao-um-favor.html#breadcrumb\",\"itemListElement\":[{\"@type\":\"ListItem\",\"position\":1,\"name\":\"Home\",\"item\":\"https:\/\/franciscanos.org.br\/noticias\"},{\"@type\":\"ListItem\",\"position\":2,\"name\":\"CF: Olhar a assist\u00eancia social como um direito, n\u00e3o um favor\"}]},{\"@type\":\"Person\",\"@id\":\"https:\/\/franciscanos.org.br\/noticias\/#\/schema\/person\/b38fbf43118f02820bd932f2e4b14ad3\",\"name\":\"admin\",\"image\":{\"@type\":\"ImageObject\",\"inLanguage\":\"pt-BR\",\"@id\":\"https:\/\/franciscanos.org.br\/noticias\/#\/schema\/person\/image\/\",\"url\":\"https:\/\/secure.gravatar.com\/avatar\/e8495742d34d0ba6448ea1c628263b3e?s=96&d=mm&r=g\",\"contentUrl\":\"https:\/\/secure.gravatar.com\/avatar\/e8495742d34d0ba6448ea1c628263b3e?s=96&d=mm&r=g\",\"caption\":\"admin\"},\"url\":\"https:\/\/franciscanos.org.br\/noticias\/author\/admin\"}]}<\/script>\n<!-- \/ Yoast SEO plugin. -->","yoast_head_json":{"title":"CF: Olhar a assist\u00eancia social como um direito, n\u00e3o um favor - Not\u00edcias - Franciscanos","robots":{"index":"index","follow":"follow","max-snippet":"max-snippet:-1","max-image-preview":"max-image-preview:large","max-video-preview":"max-video-preview:-1"},"canonical":"https:\/\/franciscanos.org.br\/noticias\/olhar-a-assistencia-social-como-um-direito-nao-um-favor.html","og_locale":"pt_BR","og_type":"article","og_title":"CF: Olhar a assist\u00eancia social como um direito, n\u00e3o um favor - Not\u00edcias - Franciscanos","og_description":"S\u00e3o Paulo (SP) \u2013 Na d\u00e9cima entrevista da S\u00e9rie Especial da Campanha da Fraternidade, falamos com Rosangela Pezoti, diretora t\u00e9cnica do Servi\u00e7o Franciscano de Solidariedade (Sefras). Doutora em Servi\u00e7o Social pela Pontif\u00edcia Universidade Cat\u00f3lica de S\u00e3o Paulo (PUC), ela afirma que o grande desafio \u00e9 mudar a vis\u00e3o de que as pol\u00edticas sociais s\u00e3o um [&hellip;]","og_url":"https:\/\/franciscanos.org.br\/noticias\/olhar-a-assistencia-social-como-um-direito-nao-um-favor.html","og_site_name":"Not\u00edcias - Franciscanos","article_published_time":"2019-03-23T02:54:21+00:00","article_modified_time":"2019-04-22T17:31:36+00:00","og_image":[{"width":273,"height":181,"url":"https:\/\/franciscanos.org.br\/noticias\/wp-content\/uploads\/2019\/03\/rosangela_273.jpg","type":"image\/jpeg"}],"author":"admin","twitter_card":"summary_large_image","twitter_misc":{"Escrito por":"admin","Est. tempo de leitura":"9 minutos"},"schema":{"@context":"https:\/\/schema.org","@graph":[{"@type":"WebSite","@id":"https:\/\/franciscanos.org.br\/noticias\/#website","url":"https:\/\/franciscanos.org.br\/noticias\/","name":"Not\u00edcias - Franciscanos","description":"Prov\u00edncia Franciscana da Imaculada Concei\u00e7\u00e3o do Brasil - Ordem dos Frades Menores - OFM","potentialAction":[{"@type":"SearchAction","target":{"@type":"EntryPoint","urlTemplate":"https:\/\/franciscanos.org.br\/noticias\/?s={search_term_string}"},"query-input":"required name=search_term_string"}],"inLanguage":"pt-BR"},{"@type":"ImageObject","inLanguage":"pt-BR","@id":"https:\/\/franciscanos.org.br\/noticias\/olhar-a-assistencia-social-como-um-direito-nao-um-favor.html#primaryimage","url":"https:\/\/franciscanos.org.br\/noticias\/wp-content\/uploads\/2019\/03\/rosangela_273.jpg","contentUrl":"https:\/\/franciscanos.org.br\/noticias\/wp-content\/uploads\/2019\/03\/rosangela_273.jpg","width":273,"height":181},{"@type":"WebPage","@id":"https:\/\/franciscanos.org.br\/noticias\/olhar-a-assistencia-social-como-um-direito-nao-um-favor.html#webpage","url":"https:\/\/franciscanos.org.br\/noticias\/olhar-a-assistencia-social-como-um-direito-nao-um-favor.html","name":"CF: Olhar a assist\u00eancia social como um direito, n\u00e3o um favor - Not\u00edcias - Franciscanos","isPartOf":{"@id":"https:\/\/franciscanos.org.br\/noticias\/#website"},"primaryImageOfPage":{"@id":"https:\/\/franciscanos.org.br\/noticias\/olhar-a-assistencia-social-como-um-direito-nao-um-favor.html#primaryimage"},"datePublished":"2019-03-23T02:54:21+00:00","dateModified":"2019-04-22T17:31:36+00:00","author":{"@id":"https:\/\/franciscanos.org.br\/noticias\/#\/schema\/person\/b38fbf43118f02820bd932f2e4b14ad3"},"breadcrumb":{"@id":"https:\/\/franciscanos.org.br\/noticias\/olhar-a-assistencia-social-como-um-direito-nao-um-favor.html#breadcrumb"},"inLanguage":"pt-BR","potentialAction":[{"@type":"ReadAction","target":["https:\/\/franciscanos.org.br\/noticias\/olhar-a-assistencia-social-como-um-direito-nao-um-favor.html"]}]},{"@type":"BreadcrumbList","@id":"https:\/\/franciscanos.org.br\/noticias\/olhar-a-assistencia-social-como-um-direito-nao-um-favor.html#breadcrumb","itemListElement":[{"@type":"ListItem","position":1,"name":"Home","item":"https:\/\/franciscanos.org.br\/noticias"},{"@type":"ListItem","position":2,"name":"CF: Olhar a assist\u00eancia social como um direito, n\u00e3o um favor"}]},{"@type":"Person","@id":"https:\/\/franciscanos.org.br\/noticias\/#\/schema\/person\/b38fbf43118f02820bd932f2e4b14ad3","name":"admin","image":{"@type":"ImageObject","inLanguage":"pt-BR","@id":"https:\/\/franciscanos.org.br\/noticias\/#\/schema\/person\/image\/","url":"https:\/\/secure.gravatar.com\/avatar\/e8495742d34d0ba6448ea1c628263b3e?s=96&d=mm&r=g","contentUrl":"https:\/\/secure.gravatar.com\/avatar\/e8495742d34d0ba6448ea1c628263b3e?s=96&d=mm&r=g","caption":"admin"},"url":"https:\/\/franciscanos.org.br\/noticias\/author\/admin"}]}},"_links":{"self":[{"href":"https:\/\/franciscanos.org.br\/noticias\/wp-json\/wp\/v2\/posts\/201491"}],"collection":[{"href":"https:\/\/franciscanos.org.br\/noticias\/wp-json\/wp\/v2\/posts"}],"about":[{"href":"https:\/\/franciscanos.org.br\/noticias\/wp-json\/wp\/v2\/types\/post"}],"author":[{"embeddable":true,"href":"https:\/\/franciscanos.org.br\/noticias\/wp-json\/wp\/v2\/users\/1"}],"replies":[{"embeddable":true,"href":"https:\/\/franciscanos.org.br\/noticias\/wp-json\/wp\/v2\/comments?post=201491"}],"version-history":[{"count":0,"href":"https:\/\/franciscanos.org.br\/noticias\/wp-json\/wp\/v2\/posts\/201491\/revisions"}],"wp:featuredmedia":[{"embeddable":true,"href":"https:\/\/franciscanos.org.br\/noticias\/wp-json\/wp\/v2\/media\/201494"}],"wp:attachment":[{"href":"https:\/\/franciscanos.org.br\/noticias\/wp-json\/wp\/v2\/media?parent=201491"}],"wp:term":[{"taxonomy":"category","embeddable":true,"href":"https:\/\/franciscanos.org.br\/noticias\/wp-json\/wp\/v2\/categories?post=201491"},{"taxonomy":"post_tag","embeddable":true,"href":"https:\/\/franciscanos.org.br\/noticias\/wp-json\/wp\/v2\/tags?post=201491"}],"curies":[{"name":"wp","href":"https:\/\/api.w.org\/{rel}","templated":true}]}}