{"id":201478,"date":"2019-03-15T12:13:11","date_gmt":"2019-03-15T15:13:11","guid":{"rendered":"https:\/\/franciscanos.org.br\/noticias\/?p=201478"},"modified":"2019-09-02T11:24:01","modified_gmt":"2019-09-02T14:24:01","slug":"frente-da-comunicacao-reflete-sobre-o-odio-e-a-intolerancia-nas-redes-sociais","status":"publish","type":"post","link":"https:\/\/franciscanos.org.br\/noticias\/frente-da-comunicacao-reflete-sobre-o-odio-e-a-intolerancia-nas-redes-sociais.html","title":{"rendered":"Comunicadores refletem sobre o \u00f3dio e a intoler\u00e2ncia nas redes sociais"},"content":{"rendered":"<p><strong><img loading=\"lazy\" class=\"alignnone size-full wp-image-201481\" src=\"https:\/\/franciscanos.org.br\/noticias\/wp-content\/uploads\/2019\/03\/form-perm-140319G.png\" alt=\"\" width=\"980\" height=\"551\" srcset=\"https:\/\/franciscanos.org.br\/noticias\/wp-content\/uploads\/2019\/03\/form-perm-140319G.png 980w, https:\/\/franciscanos.org.br\/noticias\/wp-content\/uploads\/2019\/03\/form-perm-140319G-450x253.png 450w, https:\/\/franciscanos.org.br\/noticias\/wp-content\/uploads\/2019\/03\/form-perm-140319G-768x432.png 768w, https:\/\/franciscanos.org.br\/noticias\/wp-content\/uploads\/2019\/03\/form-perm-140319G-150x84.png 150w\" sizes=\"(max-width: 980px) 100vw, 980px\" \/><\/strong><\/p>\n<p><strong>\u00c9rika Augusto<\/strong><\/p>\n<p><strong>S\u00e3o Paulo (SP)<\/strong> &#8211; Nesta quinta-feira (14\/03), os colaboradores da Frente de Evangeliza\u00e7\u00e3o da Comunica\u00e7\u00e3o reuniram-se para o 2\u00ba encontro de Forma\u00e7\u00e3o Permanente da Frente. O tema trabalhado foi o \u00f3dio e a intoler\u00e2ncia nas redes sociais. Estiveram presentes os frades e colaboradores da Rede Celinauta, de Pato Branco (PR); Funda\u00e7\u00e3o Frei Rog\u00e9rio, de Curitibanos (SC); Grupo Educacional Bom Jesus, de Curitiba (PR); Editora Vozes, de Petr\u00f3polis (RJ); Convento da Penha, de Vila Velha (ES) e Sede Provincial, em S\u00e3o Paulo (SP).<\/p>\n<p>O encontro, que acontece via videoconfer\u00eancia, contou ainda com a presen\u00e7a de Dom Edgar Xavier Ertl, bispo de Palmas e Francisco Beltr\u00e3o (PR), que estava de passagem pela Rede Celinauta. Em sua fala, Dom Edgar parabenizou a Prov\u00edncia pela iniciativa da Forma\u00e7\u00e3o Permanente. \u201cCongratulo-vos pelo m\u00e9todo de trabalho, de forma\u00e7\u00e3o continuada com todos aqueles que colaboram nos meios de comunica\u00e7\u00e3o da Prov\u00edncia, ocupando este espa\u00e7o t\u00e3o nobre nas redes sociais\u201d, acentuou. O bispo agradeceu pelo trabalho realizado em Pato Branco e regi\u00e3o, atrav\u00e9s da TV Sudoeste.<\/p>\n<p><img loading=\"lazy\" class=\"alignnone size-full wp-image-201482\" src=\"https:\/\/franciscanos.org.br\/noticias\/wp-content\/uploads\/2019\/03\/form-permEdG-150319.jpg\" alt=\"\" width=\"980\" height=\"549\" srcset=\"https:\/\/franciscanos.org.br\/noticias\/wp-content\/uploads\/2019\/03\/form-permEdG-150319.jpg 980w, https:\/\/franciscanos.org.br\/noticias\/wp-content\/uploads\/2019\/03\/form-permEdG-150319-450x252.jpg 450w, https:\/\/franciscanos.org.br\/noticias\/wp-content\/uploads\/2019\/03\/form-permEdG-150319-768x430.jpg 768w, https:\/\/franciscanos.org.br\/noticias\/wp-content\/uploads\/2019\/03\/form-permEdG-150319-150x84.jpg 150w\" sizes=\"(max-width: 980px) 100vw, 980px\" \/><\/p>\n<p>A forma\u00e7\u00e3o ficou sob responsabilidade de Frei Gustavo Medella, Vig\u00e1rio Provincial. Em sua fala, ele afirmou que o \u00f3dio \u00e9 um sentimento humano e que, por isso, est\u00e1 presente em todos os ambientes em que o homem estiver. Apesar de muitos fatores positivos, a internet exp\u00f5e o sentimento ruim existente nas pessoas. Alguns fatores como a velocidade, ilus\u00e3o do anonimato, distor\u00e7\u00e3o entre p\u00fablico e privado, cria\u00e7\u00e3o de uma bolha virtual entre pensamentos iguais e pouca disposi\u00e7\u00e3o para repensar opini\u00f5es, potencializam as rea\u00e7\u00f5es intolerantes no ambiente virtual. O frade tamb\u00e9m destacou que deve haver um limite entre a liberdade de express\u00e3o e o discurso de \u00f3dio, mas na internet estes conceitos s\u00e3o confundidos. &#8220;A liberdade de express\u00e3o termina quando algu\u00e9m \u00e9 ofendido&#8221;, explicou Frei Gustavo. Em seguida, ele apontou as caracter\u00edsticas do discurso de \u00f3dio: ele insulta, intimida, assedia, baseando-se numa postura de superioridade, com apelo \u00e0 viol\u00eancia e \u00e0 intoler\u00e2ncia.<\/p>\n<p>Em seguida, os participantes partilharam as experi\u00eancias de cada lugar. Em Pato Branco, a TV Sudoeste trabalha para desconstruir estas rela\u00e7\u00f5es de \u00f3dio, promovendo uma comunica\u00e7\u00e3o que conscientiza e forma cidad\u00e3os melhores e mais conscientes, diferente da l\u00f3gica que prevalece no mercado, de uma comunica\u00e7\u00e3o instant\u00e2nea e midi\u00e1tica, que d\u00e1 audi\u00eancia e repercuss\u00e3o, mas \u00e9 superficial e vazia de sentido. &#8220;Infelizmente o maior espet\u00e1culo da Terra continua sendo o ser humano, creio que isso nunca v\u00e1 mudar. \u00c9 um trabalho de constru\u00e7\u00e3o di\u00e1ria&#8221;, afirmou o jornalista Betto Rossatti.<\/p>\n<p>O recente caso da escola Raul Brasil, em Suzano (SP), foi abordado pelos participantes, destacando a influ\u00eancia que as redes sociais tiveram nos jovens que promoveram o ataque. Juliano Franco Zemuner, do Grupo Educacional Bom Jesus, falou da preocupa\u00e7\u00e3o das escolas em trabalhar estas quest\u00f5es que se espalham na internet e influenciam negativamente as pessoas, como o caso do jogo baleia azul, que vitimou centenas de jovens em todo o mundo. &#8220;A escola se coloca no dilema entre onde vai a responsabilidade da escola em rela\u00e7\u00e3o ao aluno e onde come\u00e7a a responsabilidade dos pais em rela\u00e7\u00e3o a presen\u00e7a da crian\u00e7a nas redes sociais&#8221;, alertou. &#8220;Se a crian\u00e7a tiver uma forma\u00e7\u00e3o humanizada, quando ela estiver na idade de formar opini\u00e3o, ela ter\u00e1 autonomia de identificar o que \u00e9 ruim e bom, saber\u00e1 que tem responsabilidade legal e moral nas redes sociais&#8221; acrescentou.<\/p>\n<p>Da Funda\u00e7\u00e3o Frei Rog\u00e9rio, em Curitibanos (SC), Claiton Bohnenberger manifestou preocupa\u00e7\u00e3o com a propaga\u00e7\u00e3o de \u00f3dio contra as m\u00eddias tradicionais no Brasil. &#8220;Muita gente prefere acreditar nas not\u00edcias que s\u00e3o colocadas na internet por qualquer pessoa, sem responsabilidade de apurar os fatos. \u00c9 um problema que tem crescido cada vez mais na comunica\u00e7\u00e3o&#8221;, ponderou.<\/p>\n<p>No Convento da Penha (ES), a resposta \u00e0s manifesta\u00e7\u00f5es de \u00f3dio \u00e9 dada atrav\u00e9s de uma postura pac\u00edfica. &#8220;Quando h\u00e1 possibilidade de debatermos, mesmo com a diferen\u00e7a de opini\u00f5es, conseguimos fazer um bom trabalho. N\u00e3o temos a obriga\u00e7\u00e3o de pensar igual o outro, mas tenho a obriga\u00e7\u00e3o de respeitar o pensamento do outro&#8221;, afirmou Cristian Oliveira, assessor de imprensa do Convento.<\/p>\n<p>Em Petr\u00f3polis, as colaboradoras da Editora Vozes sugeriram dois t\u00edtulos do editorial que ajudam a trabalhar o tema. &#8220;<a href=\"https:\/\/www.livrariavozes.com.br\/era-da-pos-verdade8532658164\/p\" target=\"_blank\" rel=\"noopener noreferrer\">A era da p\u00f3s-verdade<\/a>&#8220;, de Ralph Keyes e &#8220;<a href=\"https:\/\/www.livrariavozes.com.br\/oracao-da-serenidade8532657664\/p\" target=\"_blank\" rel=\"noopener noreferrer\">A ora\u00e7\u00e3o da serenidade<\/a>&#8220;, de Jonathan Morris, al\u00e9m dos livros do monge Anselm Gr\u00fcn.<\/p>\n<p>O pr\u00f3ximo encontro de Forma\u00e7\u00e3o Permanente acontecer\u00e1 no dia 10 de abril e tratar\u00e1 sobre o S\u00ednodo da Amaz\u00f4nia.<\/p>\n","protected":false},"excerpt":{"rendered":"<p>Frente de Evangeliza\u00e7\u00e3o da Comunica\u00e7\u00e3o<\/p>\n","protected":false},"author":1,"featured_media":201483,"comment_status":"open","ping_status":"open","sticky":false,"template":"","format":"standard","meta":[],"categories":[1],"tags":[1525],"acf":[],"yoast_head":"<!-- This site is optimized with the Yoast SEO plugin v19.2 - https:\/\/yoast.com\/wordpress\/plugins\/seo\/ -->\n<title>Comunicadores refletem sobre o \u00f3dio e a intoler\u00e2ncia nas redes sociais - Not\u00edcias - Franciscanos<\/title>\n<meta name=\"robots\" content=\"index, follow, max-snippet:-1, max-image-preview:large, max-video-preview:-1\" \/>\n<link rel=\"canonical\" href=\"https:\/\/franciscanos.org.br\/noticias\/frente-da-comunicacao-reflete-sobre-o-odio-e-a-intolerancia-nas-redes-sociais.html\" \/>\n<meta property=\"og:locale\" content=\"pt_BR\" \/>\n<meta property=\"og:type\" content=\"article\" \/>\n<meta property=\"og:title\" content=\"Comunicadores refletem sobre o \u00f3dio e a intoler\u00e2ncia nas redes sociais - Not\u00edcias - Franciscanos\" \/>\n<meta property=\"og:description\" content=\"Frente de Evangeliza\u00e7\u00e3o da Comunica\u00e7\u00e3o\" \/>\n<meta property=\"og:url\" content=\"https:\/\/franciscanos.org.br\/noticias\/frente-da-comunicacao-reflete-sobre-o-odio-e-a-intolerancia-nas-redes-sociais.html\" \/>\n<meta property=\"og:site_name\" content=\"Not\u00edcias - Franciscanos\" \/>\n<meta property=\"article:published_time\" content=\"2019-03-15T15:13:11+00:00\" \/>\n<meta property=\"article:modified_time\" content=\"2019-09-02T14:24:01+00:00\" \/>\n<meta property=\"og:image\" content=\"https:\/\/franciscanos.org.br\/noticias\/wp-content\/uploads\/2019\/03\/form-perm-140319P.png\" \/>\n\t<meta property=\"og:image:width\" content=\"273\" \/>\n\t<meta property=\"og:image:height\" content=\"181\" \/>\n\t<meta property=\"og:image:type\" content=\"image\/png\" \/>\n<meta name=\"author\" content=\"admin\" \/>\n<meta name=\"twitter:card\" content=\"summary_large_image\" \/>\n<meta name=\"twitter:label1\" content=\"Escrito por\" \/>\n\t<meta name=\"twitter:data1\" content=\"admin\" \/>\n\t<meta name=\"twitter:label2\" content=\"Est. tempo de leitura\" \/>\n\t<meta name=\"twitter:data2\" content=\"4 minutos\" \/>\n<script type=\"application\/ld+json\" class=\"yoast-schema-graph\">{\"@context\":\"https:\/\/schema.org\",\"@graph\":[{\"@type\":\"WebSite\",\"@id\":\"https:\/\/franciscanos.org.br\/noticias\/#website\",\"url\":\"https:\/\/franciscanos.org.br\/noticias\/\",\"name\":\"Not\u00edcias - Franciscanos\",\"description\":\"Prov\u00edncia Franciscana da Imaculada Concei\u00e7\u00e3o do Brasil - Ordem dos Frades Menores - OFM\",\"potentialAction\":[{\"@type\":\"SearchAction\",\"target\":{\"@type\":\"EntryPoint\",\"urlTemplate\":\"https:\/\/franciscanos.org.br\/noticias\/?s={search_term_string}\"},\"query-input\":\"required name=search_term_string\"}],\"inLanguage\":\"pt-BR\"},{\"@type\":\"ImageObject\",\"inLanguage\":\"pt-BR\",\"@id\":\"https:\/\/franciscanos.org.br\/noticias\/frente-da-comunicacao-reflete-sobre-o-odio-e-a-intolerancia-nas-redes-sociais.html#primaryimage\",\"url\":\"https:\/\/franciscanos.org.br\/noticias\/wp-content\/uploads\/2019\/03\/form-perm-140319P.png\",\"contentUrl\":\"https:\/\/franciscanos.org.br\/noticias\/wp-content\/uploads\/2019\/03\/form-perm-140319P.png\",\"width\":273,\"height\":181},{\"@type\":\"WebPage\",\"@id\":\"https:\/\/franciscanos.org.br\/noticias\/frente-da-comunicacao-reflete-sobre-o-odio-e-a-intolerancia-nas-redes-sociais.html#webpage\",\"url\":\"https:\/\/franciscanos.org.br\/noticias\/frente-da-comunicacao-reflete-sobre-o-odio-e-a-intolerancia-nas-redes-sociais.html\",\"name\":\"Comunicadores refletem sobre o \u00f3dio e a intoler\u00e2ncia nas redes sociais - Not\u00edcias - Franciscanos\",\"isPartOf\":{\"@id\":\"https:\/\/franciscanos.org.br\/noticias\/#website\"},\"primaryImageOfPage\":{\"@id\":\"https:\/\/franciscanos.org.br\/noticias\/frente-da-comunicacao-reflete-sobre-o-odio-e-a-intolerancia-nas-redes-sociais.html#primaryimage\"},\"datePublished\":\"2019-03-15T15:13:11+00:00\",\"dateModified\":\"2019-09-02T14:24:01+00:00\",\"author\":{\"@id\":\"https:\/\/franciscanos.org.br\/noticias\/#\/schema\/person\/b38fbf43118f02820bd932f2e4b14ad3\"},\"breadcrumb\":{\"@id\":\"https:\/\/franciscanos.org.br\/noticias\/frente-da-comunicacao-reflete-sobre-o-odio-e-a-intolerancia-nas-redes-sociais.html#breadcrumb\"},\"inLanguage\":\"pt-BR\",\"potentialAction\":[{\"@type\":\"ReadAction\",\"target\":[\"https:\/\/franciscanos.org.br\/noticias\/frente-da-comunicacao-reflete-sobre-o-odio-e-a-intolerancia-nas-redes-sociais.html\"]}]},{\"@type\":\"BreadcrumbList\",\"@id\":\"https:\/\/franciscanos.org.br\/noticias\/frente-da-comunicacao-reflete-sobre-o-odio-e-a-intolerancia-nas-redes-sociais.html#breadcrumb\",\"itemListElement\":[{\"@type\":\"ListItem\",\"position\":1,\"name\":\"Home\",\"item\":\"https:\/\/franciscanos.org.br\/noticias\"},{\"@type\":\"ListItem\",\"position\":2,\"name\":\"Comunicadores refletem sobre o \u00f3dio e a intoler\u00e2ncia nas redes sociais\"}]},{\"@type\":\"Person\",\"@id\":\"https:\/\/franciscanos.org.br\/noticias\/#\/schema\/person\/b38fbf43118f02820bd932f2e4b14ad3\",\"name\":\"admin\",\"image\":{\"@type\":\"ImageObject\",\"inLanguage\":\"pt-BR\",\"@id\":\"https:\/\/franciscanos.org.br\/noticias\/#\/schema\/person\/image\/\",\"url\":\"https:\/\/secure.gravatar.com\/avatar\/e8495742d34d0ba6448ea1c628263b3e?s=96&d=mm&r=g\",\"contentUrl\":\"https:\/\/secure.gravatar.com\/avatar\/e8495742d34d0ba6448ea1c628263b3e?s=96&d=mm&r=g\",\"caption\":\"admin\"},\"url\":\"https:\/\/franciscanos.org.br\/noticias\/author\/admin\"}]}<\/script>\n<!-- \/ Yoast SEO plugin. -->","yoast_head_json":{"title":"Comunicadores refletem sobre o \u00f3dio e a intoler\u00e2ncia nas redes sociais - Not\u00edcias - Franciscanos","robots":{"index":"index","follow":"follow","max-snippet":"max-snippet:-1","max-image-preview":"max-image-preview:large","max-video-preview":"max-video-preview:-1"},"canonical":"https:\/\/franciscanos.org.br\/noticias\/frente-da-comunicacao-reflete-sobre-o-odio-e-a-intolerancia-nas-redes-sociais.html","og_locale":"pt_BR","og_type":"article","og_title":"Comunicadores refletem sobre o \u00f3dio e a intoler\u00e2ncia nas redes sociais - Not\u00edcias - Franciscanos","og_description":"Frente de Evangeliza\u00e7\u00e3o da Comunica\u00e7\u00e3o","og_url":"https:\/\/franciscanos.org.br\/noticias\/frente-da-comunicacao-reflete-sobre-o-odio-e-a-intolerancia-nas-redes-sociais.html","og_site_name":"Not\u00edcias - Franciscanos","article_published_time":"2019-03-15T15:13:11+00:00","article_modified_time":"2019-09-02T14:24:01+00:00","og_image":[{"width":273,"height":181,"url":"https:\/\/franciscanos.org.br\/noticias\/wp-content\/uploads\/2019\/03\/form-perm-140319P.png","type":"image\/png"}],"author":"admin","twitter_card":"summary_large_image","twitter_misc":{"Escrito por":"admin","Est. tempo de leitura":"4 minutos"},"schema":{"@context":"https:\/\/schema.org","@graph":[{"@type":"WebSite","@id":"https:\/\/franciscanos.org.br\/noticias\/#website","url":"https:\/\/franciscanos.org.br\/noticias\/","name":"Not\u00edcias - Franciscanos","description":"Prov\u00edncia Franciscana da Imaculada Concei\u00e7\u00e3o do Brasil - Ordem dos Frades Menores - OFM","potentialAction":[{"@type":"SearchAction","target":{"@type":"EntryPoint","urlTemplate":"https:\/\/franciscanos.org.br\/noticias\/?s={search_term_string}"},"query-input":"required name=search_term_string"}],"inLanguage":"pt-BR"},{"@type":"ImageObject","inLanguage":"pt-BR","@id":"https:\/\/franciscanos.org.br\/noticias\/frente-da-comunicacao-reflete-sobre-o-odio-e-a-intolerancia-nas-redes-sociais.html#primaryimage","url":"https:\/\/franciscanos.org.br\/noticias\/wp-content\/uploads\/2019\/03\/form-perm-140319P.png","contentUrl":"https:\/\/franciscanos.org.br\/noticias\/wp-content\/uploads\/2019\/03\/form-perm-140319P.png","width":273,"height":181},{"@type":"WebPage","@id":"https:\/\/franciscanos.org.br\/noticias\/frente-da-comunicacao-reflete-sobre-o-odio-e-a-intolerancia-nas-redes-sociais.html#webpage","url":"https:\/\/franciscanos.org.br\/noticias\/frente-da-comunicacao-reflete-sobre-o-odio-e-a-intolerancia-nas-redes-sociais.html","name":"Comunicadores refletem sobre o \u00f3dio e a intoler\u00e2ncia nas redes sociais - Not\u00edcias - Franciscanos","isPartOf":{"@id":"https:\/\/franciscanos.org.br\/noticias\/#website"},"primaryImageOfPage":{"@id":"https:\/\/franciscanos.org.br\/noticias\/frente-da-comunicacao-reflete-sobre-o-odio-e-a-intolerancia-nas-redes-sociais.html#primaryimage"},"datePublished":"2019-03-15T15:13:11+00:00","dateModified":"2019-09-02T14:24:01+00:00","author":{"@id":"https:\/\/franciscanos.org.br\/noticias\/#\/schema\/person\/b38fbf43118f02820bd932f2e4b14ad3"},"breadcrumb":{"@id":"https:\/\/franciscanos.org.br\/noticias\/frente-da-comunicacao-reflete-sobre-o-odio-e-a-intolerancia-nas-redes-sociais.html#breadcrumb"},"inLanguage":"pt-BR","potentialAction":[{"@type":"ReadAction","target":["https:\/\/franciscanos.org.br\/noticias\/frente-da-comunicacao-reflete-sobre-o-odio-e-a-intolerancia-nas-redes-sociais.html"]}]},{"@type":"BreadcrumbList","@id":"https:\/\/franciscanos.org.br\/noticias\/frente-da-comunicacao-reflete-sobre-o-odio-e-a-intolerancia-nas-redes-sociais.html#breadcrumb","itemListElement":[{"@type":"ListItem","position":1,"name":"Home","item":"https:\/\/franciscanos.org.br\/noticias"},{"@type":"ListItem","position":2,"name":"Comunicadores refletem sobre o \u00f3dio e a intoler\u00e2ncia nas redes sociais"}]},{"@type":"Person","@id":"https:\/\/franciscanos.org.br\/noticias\/#\/schema\/person\/b38fbf43118f02820bd932f2e4b14ad3","name":"admin","image":{"@type":"ImageObject","inLanguage":"pt-BR","@id":"https:\/\/franciscanos.org.br\/noticias\/#\/schema\/person\/image\/","url":"https:\/\/secure.gravatar.com\/avatar\/e8495742d34d0ba6448ea1c628263b3e?s=96&d=mm&r=g","contentUrl":"https:\/\/secure.gravatar.com\/avatar\/e8495742d34d0ba6448ea1c628263b3e?s=96&d=mm&r=g","caption":"admin"},"url":"https:\/\/franciscanos.org.br\/noticias\/author\/admin"}]}},"_links":{"self":[{"href":"https:\/\/franciscanos.org.br\/noticias\/wp-json\/wp\/v2\/posts\/201478"}],"collection":[{"href":"https:\/\/franciscanos.org.br\/noticias\/wp-json\/wp\/v2\/posts"}],"about":[{"href":"https:\/\/franciscanos.org.br\/noticias\/wp-json\/wp\/v2\/types\/post"}],"author":[{"embeddable":true,"href":"https:\/\/franciscanos.org.br\/noticias\/wp-json\/wp\/v2\/users\/1"}],"replies":[{"embeddable":true,"href":"https:\/\/franciscanos.org.br\/noticias\/wp-json\/wp\/v2\/comments?post=201478"}],"version-history":[{"count":0,"href":"https:\/\/franciscanos.org.br\/noticias\/wp-json\/wp\/v2\/posts\/201478\/revisions"}],"wp:featuredmedia":[{"embeddable":true,"href":"https:\/\/franciscanos.org.br\/noticias\/wp-json\/wp\/v2\/media\/201483"}],"wp:attachment":[{"href":"https:\/\/franciscanos.org.br\/noticias\/wp-json\/wp\/v2\/media?parent=201478"}],"wp:term":[{"taxonomy":"category","embeddable":true,"href":"https:\/\/franciscanos.org.br\/noticias\/wp-json\/wp\/v2\/categories?post=201478"},{"taxonomy":"post_tag","embeddable":true,"href":"https:\/\/franciscanos.org.br\/noticias\/wp-json\/wp\/v2\/tags?post=201478"}],"curies":[{"name":"wp","href":"https:\/\/api.w.org\/{rel}","templated":true}]}}