{"id":201449,"date":"2019-03-14T07:35:09","date_gmt":"2019-03-14T10:35:09","guid":{"rendered":"https:\/\/franciscanos.org.br\/noticias\/?p=201449"},"modified":"2019-03-14T07:48:57","modified_gmt":"2019-03-14T10:48:57","slug":"vocacionado-pode-buscar-informacoes-pelo-whatsapp","status":"publish","type":"post","link":"https:\/\/franciscanos.org.br\/noticias\/vocacionado-pode-buscar-informacoes-pelo-whatsapp.html","title":{"rendered":"Vocacionado pode buscar informa\u00e7\u00f5es pelo whatsapp"},"content":{"rendered":"<p><img loading=\"lazy\" class=\"aligncenter size-full wp-image-201453\" src=\"https:\/\/franciscanos.org.br\/noticias\/wp-content\/uploads\/2019\/03\/sav_140319.jpg\" alt=\"\" width=\"890\" height=\"590\" srcset=\"https:\/\/franciscanos.org.br\/noticias\/wp-content\/uploads\/2019\/03\/sav_140319.jpg 890w, https:\/\/franciscanos.org.br\/noticias\/wp-content\/uploads\/2019\/03\/sav_140319-450x298.jpg 450w, https:\/\/franciscanos.org.br\/noticias\/wp-content\/uploads\/2019\/03\/sav_140319-768x509.jpg 768w, https:\/\/franciscanos.org.br\/noticias\/wp-content\/uploads\/2019\/03\/sav_140319-150x99.jpg 150w\" sizes=\"(max-width: 890px) 100vw, 890px\" \/><\/p>\n<p>O Servi\u00e7o de Anima\u00e7\u00e3o Vocacional da Prov\u00edncia, atendendo \u00e0 grande demanda de comunica\u00e7\u00e3o com os jovens e vocacionados, agora possui um n\u00famero exclusivo pelo qual ter\u00e1 contato direto e imediato com todos os envolvidos nesse Servi\u00e7o. Se antes, a portaria dos Conventos Franciscanos era o local onde nossos jovens vocacionados sempre encontravam um frade \u00e0 disposi\u00e7\u00e3o, atualmente essa portaria se encontra atrav\u00e9s da virtualidade dos meios de comunica\u00e7\u00e3o, de modo que \u00e9 imprescind\u00edvel \u00a0que estejamos \u00e0 disposi\u00e7\u00e3o tamb\u00e9m nessas novas pra\u00e7as digitais.<\/p>\n<p>Pensando justamente no p\u00fablico atendido pelo SAV, a juventude habituada com a rapidez e a comunica\u00e7\u00e3o imediata por meio de redes sociais, este n\u00famero ir\u00e1 facilitar o contato personalizado dos animadores vocacionais com os vocacionados, com os animadores locais de cada fraternidade e com todas as juventudes espalhadas pela Prov\u00edncia. Um dos objetivos principais deste canal de comunica\u00e7\u00e3o \u00e9 atender \u00e0s d\u00favidas sobre as caminhadas, as miss\u00f5es franciscanas da juventude, as miss\u00f5es vocacionais e os retiros franciscanos, bem como realizar um r\u00e1pido direcionamento dos vocacionados para a fraternidade mais pr\u00f3xima e auxili\u00e1-los nesse primeiro processo de discernimento.<\/p>\n<p>No entanto, embora o contato virtual seja necess\u00e1rio e imperioso, vale destacar que ele n\u00e3o deve substituir o contato pessoal, a acolhida dos jovens e vocacionados em nossas fraternidades e a amizade pr\u00f3xima e sincera.<\/p>\n<p>Portanto, se voc\u00ea deseja um contato r\u00e1pido e eficaz com o Servi\u00e7o de Anima\u00e7\u00e3o Vocacional da Prov\u00edncia Franciscana da Imaculada Concei\u00e7\u00e3o do Brasil, basta mandar um zap e teremos a alegria em respond\u00ea-lo atrav\u00e9s do n\u00famero<strong> (11) 96607-3441.<\/strong><\/p>\n<p><img loading=\"lazy\" class=\"aligncenter size-full wp-image-201450\" src=\"https:\/\/franciscanos.org.br\/noticias\/wp-content\/uploads\/2019\/03\/sav_1303.jpg\" alt=\"\" width=\"820\" height=\"310\" srcset=\"https:\/\/franciscanos.org.br\/noticias\/wp-content\/uploads\/2019\/03\/sav_1303.jpg 820w, https:\/\/franciscanos.org.br\/noticias\/wp-content\/uploads\/2019\/03\/sav_1303-450x170.jpg 450w, https:\/\/franciscanos.org.br\/noticias\/wp-content\/uploads\/2019\/03\/sav_1303-768x290.jpg 768w, https:\/\/franciscanos.org.br\/noticias\/wp-content\/uploads\/2019\/03\/sav_1303-150x57.jpg 150w\" sizes=\"(max-width: 820px) 100vw, 820px\" \/><\/p>\n<p><strong>Frei Diego Atalino de Melo<\/strong><\/p>\n<p><strong>Frei Vitor da Silva Am\u00e2ncio<\/strong><\/p>\n<p><em>Animadores Provinciais do SAV<\/em><\/p>\n","protected":false},"excerpt":{"rendered":"<p>SAV disponibiliza Whatsapp para facilitar comunica\u00e7\u00e3o do vocacionado.<\/p>\n","protected":false},"author":3,"featured_media":201451,"comment_status":"open","ping_status":"open","sticky":false,"template":"","format":"standard","meta":[],"categories":[1],"tags":[552],"acf":[],"yoast_head":"<!-- This site is optimized with the Yoast SEO plugin v19.2 - https:\/\/yoast.com\/wordpress\/plugins\/seo\/ -->\n<title>Vocacionado pode buscar informa\u00e7\u00f5es pelo whatsapp - Not\u00edcias - Franciscanos<\/title>\n<meta name=\"robots\" content=\"index, follow, max-snippet:-1, max-image-preview:large, max-video-preview:-1\" \/>\n<link rel=\"canonical\" href=\"https:\/\/franciscanos.org.br\/noticias\/vocacionado-pode-buscar-informacoes-pelo-whatsapp.html\" \/>\n<meta property=\"og:locale\" content=\"pt_BR\" \/>\n<meta property=\"og:type\" content=\"article\" \/>\n<meta property=\"og:title\" content=\"Vocacionado pode buscar informa\u00e7\u00f5es pelo whatsapp - Not\u00edcias - Franciscanos\" \/>\n<meta property=\"og:description\" content=\"SAV disponibiliza Whatsapp para facilitar comunica\u00e7\u00e3o do vocacionado.\" \/>\n<meta property=\"og:url\" content=\"https:\/\/franciscanos.org.br\/noticias\/vocacionado-pode-buscar-informacoes-pelo-whatsapp.html\" \/>\n<meta property=\"og:site_name\" content=\"Not\u00edcias - Franciscanos\" \/>\n<meta property=\"article:published_time\" content=\"2019-03-14T10:35:09+00:00\" \/>\n<meta property=\"article:modified_time\" content=\"2019-03-14T10:48:57+00:00\" \/>\n<meta property=\"og:image\" content=\"https:\/\/franciscanos.org.br\/noticias\/wp-content\/uploads\/2019\/03\/sav_1403.jpg\" \/>\n\t<meta property=\"og:image:width\" content=\"273\" \/>\n\t<meta property=\"og:image:height\" content=\"181\" \/>\n\t<meta property=\"og:image:type\" content=\"image\/jpeg\" \/>\n<meta name=\"author\" content=\"moacir\" \/>\n<meta name=\"twitter:card\" content=\"summary_large_image\" \/>\n<meta name=\"twitter:label1\" content=\"Escrito por\" \/>\n\t<meta name=\"twitter:data1\" content=\"moacir\" \/>\n\t<meta name=\"twitter:label2\" content=\"Est. tempo de leitura\" \/>\n\t<meta name=\"twitter:data2\" content=\"1 minuto\" \/>\n<script type=\"application\/ld+json\" class=\"yoast-schema-graph\">{\"@context\":\"https:\/\/schema.org\",\"@graph\":[{\"@type\":\"WebSite\",\"@id\":\"https:\/\/franciscanos.org.br\/noticias\/#website\",\"url\":\"https:\/\/franciscanos.org.br\/noticias\/\",\"name\":\"Not\u00edcias - Franciscanos\",\"description\":\"Prov\u00edncia Franciscana da Imaculada Concei\u00e7\u00e3o do Brasil - Ordem dos Frades Menores - OFM\",\"potentialAction\":[{\"@type\":\"SearchAction\",\"target\":{\"@type\":\"EntryPoint\",\"urlTemplate\":\"https:\/\/franciscanos.org.br\/noticias\/?s={search_term_string}\"},\"query-input\":\"required name=search_term_string\"}],\"inLanguage\":\"pt-BR\"},{\"@type\":\"ImageObject\",\"inLanguage\":\"pt-BR\",\"@id\":\"https:\/\/franciscanos.org.br\/noticias\/vocacionado-pode-buscar-informacoes-pelo-whatsapp.html#primaryimage\",\"url\":\"https:\/\/franciscanos.org.br\/noticias\/wp-content\/uploads\/2019\/03\/sav_1403.jpg\",\"contentUrl\":\"https:\/\/franciscanos.org.br\/noticias\/wp-content\/uploads\/2019\/03\/sav_1403.jpg\",\"width\":273,\"height\":181},{\"@type\":\"WebPage\",\"@id\":\"https:\/\/franciscanos.org.br\/noticias\/vocacionado-pode-buscar-informacoes-pelo-whatsapp.html#webpage\",\"url\":\"https:\/\/franciscanos.org.br\/noticias\/vocacionado-pode-buscar-informacoes-pelo-whatsapp.html\",\"name\":\"Vocacionado pode buscar informa\u00e7\u00f5es pelo whatsapp - Not\u00edcias - Franciscanos\",\"isPartOf\":{\"@id\":\"https:\/\/franciscanos.org.br\/noticias\/#website\"},\"primaryImageOfPage\":{\"@id\":\"https:\/\/franciscanos.org.br\/noticias\/vocacionado-pode-buscar-informacoes-pelo-whatsapp.html#primaryimage\"},\"datePublished\":\"2019-03-14T10:35:09+00:00\",\"dateModified\":\"2019-03-14T10:48:57+00:00\",\"author\":{\"@id\":\"https:\/\/franciscanos.org.br\/noticias\/#\/schema\/person\/b5c8cba458c330ccff548b056e95a5d4\"},\"breadcrumb\":{\"@id\":\"https:\/\/franciscanos.org.br\/noticias\/vocacionado-pode-buscar-informacoes-pelo-whatsapp.html#breadcrumb\"},\"inLanguage\":\"pt-BR\",\"potentialAction\":[{\"@type\":\"ReadAction\",\"target\":[\"https:\/\/franciscanos.org.br\/noticias\/vocacionado-pode-buscar-informacoes-pelo-whatsapp.html\"]}]},{\"@type\":\"BreadcrumbList\",\"@id\":\"https:\/\/franciscanos.org.br\/noticias\/vocacionado-pode-buscar-informacoes-pelo-whatsapp.html#breadcrumb\",\"itemListElement\":[{\"@type\":\"ListItem\",\"position\":1,\"name\":\"Home\",\"item\":\"https:\/\/franciscanos.org.br\/noticias\"},{\"@type\":\"ListItem\",\"position\":2,\"name\":\"Vocacionado pode buscar informa\u00e7\u00f5es pelo whatsapp\"}]},{\"@type\":\"Person\",\"@id\":\"https:\/\/franciscanos.org.br\/noticias\/#\/schema\/person\/b5c8cba458c330ccff548b056e95a5d4\",\"name\":\"moacir\",\"image\":{\"@type\":\"ImageObject\",\"inLanguage\":\"pt-BR\",\"@id\":\"https:\/\/franciscanos.org.br\/noticias\/#\/schema\/person\/image\/\",\"url\":\"https:\/\/secure.gravatar.com\/avatar\/d08aa2ce4c8dd416d4479aa8536fcf64?s=96&d=mm&r=g\",\"contentUrl\":\"https:\/\/secure.gravatar.com\/avatar\/d08aa2ce4c8dd416d4479aa8536fcf64?s=96&d=mm&r=g\",\"caption\":\"moacir\"},\"url\":\"https:\/\/franciscanos.org.br\/noticias\/author\/moacir\"}]}<\/script>\n<!-- \/ Yoast SEO plugin. -->","yoast_head_json":{"title":"Vocacionado pode buscar informa\u00e7\u00f5es pelo whatsapp - Not\u00edcias - Franciscanos","robots":{"index":"index","follow":"follow","max-snippet":"max-snippet:-1","max-image-preview":"max-image-preview:large","max-video-preview":"max-video-preview:-1"},"canonical":"https:\/\/franciscanos.org.br\/noticias\/vocacionado-pode-buscar-informacoes-pelo-whatsapp.html","og_locale":"pt_BR","og_type":"article","og_title":"Vocacionado pode buscar informa\u00e7\u00f5es pelo whatsapp - Not\u00edcias - Franciscanos","og_description":"SAV disponibiliza Whatsapp para facilitar comunica\u00e7\u00e3o do vocacionado.","og_url":"https:\/\/franciscanos.org.br\/noticias\/vocacionado-pode-buscar-informacoes-pelo-whatsapp.html","og_site_name":"Not\u00edcias - Franciscanos","article_published_time":"2019-03-14T10:35:09+00:00","article_modified_time":"2019-03-14T10:48:57+00:00","og_image":[{"width":273,"height":181,"url":"https:\/\/franciscanos.org.br\/noticias\/wp-content\/uploads\/2019\/03\/sav_1403.jpg","type":"image\/jpeg"}],"author":"moacir","twitter_card":"summary_large_image","twitter_misc":{"Escrito por":"moacir","Est. tempo de leitura":"1 minuto"},"schema":{"@context":"https:\/\/schema.org","@graph":[{"@type":"WebSite","@id":"https:\/\/franciscanos.org.br\/noticias\/#website","url":"https:\/\/franciscanos.org.br\/noticias\/","name":"Not\u00edcias - Franciscanos","description":"Prov\u00edncia Franciscana da Imaculada Concei\u00e7\u00e3o do Brasil - Ordem dos Frades Menores - OFM","potentialAction":[{"@type":"SearchAction","target":{"@type":"EntryPoint","urlTemplate":"https:\/\/franciscanos.org.br\/noticias\/?s={search_term_string}"},"query-input":"required name=search_term_string"}],"inLanguage":"pt-BR"},{"@type":"ImageObject","inLanguage":"pt-BR","@id":"https:\/\/franciscanos.org.br\/noticias\/vocacionado-pode-buscar-informacoes-pelo-whatsapp.html#primaryimage","url":"https:\/\/franciscanos.org.br\/noticias\/wp-content\/uploads\/2019\/03\/sav_1403.jpg","contentUrl":"https:\/\/franciscanos.org.br\/noticias\/wp-content\/uploads\/2019\/03\/sav_1403.jpg","width":273,"height":181},{"@type":"WebPage","@id":"https:\/\/franciscanos.org.br\/noticias\/vocacionado-pode-buscar-informacoes-pelo-whatsapp.html#webpage","url":"https:\/\/franciscanos.org.br\/noticias\/vocacionado-pode-buscar-informacoes-pelo-whatsapp.html","name":"Vocacionado pode buscar informa\u00e7\u00f5es pelo whatsapp - Not\u00edcias - Franciscanos","isPartOf":{"@id":"https:\/\/franciscanos.org.br\/noticias\/#website"},"primaryImageOfPage":{"@id":"https:\/\/franciscanos.org.br\/noticias\/vocacionado-pode-buscar-informacoes-pelo-whatsapp.html#primaryimage"},"datePublished":"2019-03-14T10:35:09+00:00","dateModified":"2019-03-14T10:48:57+00:00","author":{"@id":"https:\/\/franciscanos.org.br\/noticias\/#\/schema\/person\/b5c8cba458c330ccff548b056e95a5d4"},"breadcrumb":{"@id":"https:\/\/franciscanos.org.br\/noticias\/vocacionado-pode-buscar-informacoes-pelo-whatsapp.html#breadcrumb"},"inLanguage":"pt-BR","potentialAction":[{"@type":"ReadAction","target":["https:\/\/franciscanos.org.br\/noticias\/vocacionado-pode-buscar-informacoes-pelo-whatsapp.html"]}]},{"@type":"BreadcrumbList","@id":"https:\/\/franciscanos.org.br\/noticias\/vocacionado-pode-buscar-informacoes-pelo-whatsapp.html#breadcrumb","itemListElement":[{"@type":"ListItem","position":1,"name":"Home","item":"https:\/\/franciscanos.org.br\/noticias"},{"@type":"ListItem","position":2,"name":"Vocacionado pode buscar informa\u00e7\u00f5es pelo whatsapp"}]},{"@type":"Person","@id":"https:\/\/franciscanos.org.br\/noticias\/#\/schema\/person\/b5c8cba458c330ccff548b056e95a5d4","name":"moacir","image":{"@type":"ImageObject","inLanguage":"pt-BR","@id":"https:\/\/franciscanos.org.br\/noticias\/#\/schema\/person\/image\/","url":"https:\/\/secure.gravatar.com\/avatar\/d08aa2ce4c8dd416d4479aa8536fcf64?s=96&d=mm&r=g","contentUrl":"https:\/\/secure.gravatar.com\/avatar\/d08aa2ce4c8dd416d4479aa8536fcf64?s=96&d=mm&r=g","caption":"moacir"},"url":"https:\/\/franciscanos.org.br\/noticias\/author\/moacir"}]}},"_links":{"self":[{"href":"https:\/\/franciscanos.org.br\/noticias\/wp-json\/wp\/v2\/posts\/201449"}],"collection":[{"href":"https:\/\/franciscanos.org.br\/noticias\/wp-json\/wp\/v2\/posts"}],"about":[{"href":"https:\/\/franciscanos.org.br\/noticias\/wp-json\/wp\/v2\/types\/post"}],"author":[{"embeddable":true,"href":"https:\/\/franciscanos.org.br\/noticias\/wp-json\/wp\/v2\/users\/3"}],"replies":[{"embeddable":true,"href":"https:\/\/franciscanos.org.br\/noticias\/wp-json\/wp\/v2\/comments?post=201449"}],"version-history":[{"count":0,"href":"https:\/\/franciscanos.org.br\/noticias\/wp-json\/wp\/v2\/posts\/201449\/revisions"}],"wp:featuredmedia":[{"embeddable":true,"href":"https:\/\/franciscanos.org.br\/noticias\/wp-json\/wp\/v2\/media\/201451"}],"wp:attachment":[{"href":"https:\/\/franciscanos.org.br\/noticias\/wp-json\/wp\/v2\/media?parent=201449"}],"wp:term":[{"taxonomy":"category","embeddable":true,"href":"https:\/\/franciscanos.org.br\/noticias\/wp-json\/wp\/v2\/categories?post=201449"},{"taxonomy":"post_tag","embeddable":true,"href":"https:\/\/franciscanos.org.br\/noticias\/wp-json\/wp\/v2\/tags?post=201449"}],"curies":[{"name":"wp","href":"https:\/\/api.w.org\/{rel}","templated":true}]}}