{"id":201430,"date":"2019-03-13T08:28:38","date_gmt":"2019-03-13T11:28:38","guid":{"rendered":"https:\/\/franciscanos.org.br\/noticias\/?p=201430"},"modified":"2019-03-13T08:31:00","modified_gmt":"2019-03-13T11:31:00","slug":"jufra-elege-um-novo-secretariado-nacional","status":"publish","type":"post","link":"https:\/\/franciscanos.org.br\/noticias\/jufra-elege-um-novo-secretariado-nacional.html","title":{"rendered":"Juventude Franciscana elege novo Secretariado Nacional"},"content":{"rendered":"<p><img loading=\"lazy\" class=\"aligncenter size-full wp-image-201431\" src=\"https:\/\/franciscanos.org.br\/noticias\/wp-content\/uploads\/2019\/03\/secretariado_130319.jpg\" alt=\"\" width=\"890\" height=\"590\" srcset=\"https:\/\/franciscanos.org.br\/noticias\/wp-content\/uploads\/2019\/03\/secretariado_130319.jpg 890w, https:\/\/franciscanos.org.br\/noticias\/wp-content\/uploads\/2019\/03\/secretariado_130319-450x298.jpg 450w, https:\/\/franciscanos.org.br\/noticias\/wp-content\/uploads\/2019\/03\/secretariado_130319-768x509.jpg 768w, https:\/\/franciscanos.org.br\/noticias\/wp-content\/uploads\/2019\/03\/secretariado_130319-150x99.jpg 150w\" sizes=\"(max-width: 890px) 100vw, 890px\" \/><\/p>\n<p>A Juventude Franciscana (Jufra) tem um novo Secretariado Nacional para o tri\u00eanio 2019\/2021. Foram eleitos Douglas Soares (Bom Conselho-PE), secret\u00e1rio fraterno nacional; Adrielly Alves (Santar\u00e9m-PA), secret\u00e1ria nacional para a \u00e1rea Norte; Mayra Caroliny (Teresina-PI), secret\u00e1rio nacional para a \u00e1rea Nordeste A; Patrick Martins (Vit\u00f3ria da Conquista-BA), secret\u00e1rio nacional para a \u00e1rea Nordeste B; D\u00e9bora Patr\u00edcia (An\u00e1polis-GO), secret\u00e1ria nacional para a \u00c1rea Centro-Oeste; Mateus Garcia (Franca-SP), secret\u00e1rio nacional para a \u00e1rea Sudeste; e Gabriela Consolaro (Florian\u00f3polis-SC), secret\u00e1ria nacional de Forma\u00e7\u00e3o. Tamb\u00e9m foram indicados nomes para a Anima\u00e7\u00e3o Fraterna e Assist\u00eancia Espiritual. A equipe nomear\u00e1 os respons\u00e1veis pelas secretarias de DHJUPIC, A\u00e7\u00e3o Evangelizadora, Finan\u00e7as, Comunica\u00e7\u00e3o Social\/Registro\/Arquivo e Inf\u00e2ncia, Micro e Mini Franciscanos.<\/p>\n<p>A elei\u00e7\u00e3o foi realizada no XVII Congresso Nacional Ordin\u00e1rio da Juventude Franciscana do Brasil, na primeira semana de mar\u00e7o. Para este tri\u00eanio, foram escolhidas as seguintes prioridades: Expans\u00e3o e fortalecimento das fraternidades locais da Jufra e IMMF; servi\u00e7o de Comunica\u00e7\u00e3o Social, Registro e Arquivo; e jubileu de Ouro da Jufra do Brasil.<\/p>\n<p><img loading=\"lazy\" class=\"aligncenter size-full wp-image-201432\" src=\"https:\/\/franciscanos.org.br\/noticias\/wp-content\/uploads\/2019\/03\/jufra_130319.jpg\" alt=\"\" width=\"890\" height=\"290\" srcset=\"https:\/\/franciscanos.org.br\/noticias\/wp-content\/uploads\/2019\/03\/jufra_130319.jpg 890w, https:\/\/franciscanos.org.br\/noticias\/wp-content\/uploads\/2019\/03\/jufra_130319-450x147.jpg 450w, https:\/\/franciscanos.org.br\/noticias\/wp-content\/uploads\/2019\/03\/jufra_130319-768x250.jpg 768w, https:\/\/franciscanos.org.br\/noticias\/wp-content\/uploads\/2019\/03\/jufra_130319-150x49.jpg 150w\" sizes=\"(max-width: 890px) 100vw, 890px\" \/><\/p>\n","protected":false},"excerpt":{"rendered":"<p>Juventude Franciscana elege um novo Secretariado Nacional.<\/p>\n","protected":false},"author":3,"featured_media":201433,"comment_status":"open","ping_status":"open","sticky":false,"template":"","format":"standard","meta":[],"categories":[1],"tags":[187],"acf":[],"yoast_head":"<!-- This site is optimized with the Yoast SEO plugin v19.2 - https:\/\/yoast.com\/wordpress\/plugins\/seo\/ -->\n<title>Juventude Franciscana elege novo Secretariado Nacional - Not\u00edcias - Franciscanos<\/title>\n<meta name=\"robots\" content=\"index, follow, max-snippet:-1, max-image-preview:large, max-video-preview:-1\" \/>\n<link rel=\"canonical\" href=\"https:\/\/franciscanos.org.br\/noticias\/jufra-elege-um-novo-secretariado-nacional.html\" \/>\n<meta property=\"og:locale\" content=\"pt_BR\" \/>\n<meta property=\"og:type\" content=\"article\" \/>\n<meta property=\"og:title\" content=\"Juventude Franciscana elege novo Secretariado Nacional - Not\u00edcias - Franciscanos\" \/>\n<meta property=\"og:description\" content=\"Juventude Franciscana elege um novo Secretariado Nacional.\" \/>\n<meta property=\"og:url\" content=\"https:\/\/franciscanos.org.br\/noticias\/jufra-elege-um-novo-secretariado-nacional.html\" \/>\n<meta property=\"og:site_name\" content=\"Not\u00edcias - Franciscanos\" \/>\n<meta property=\"article:published_time\" content=\"2019-03-13T11:28:38+00:00\" \/>\n<meta property=\"article:modified_time\" content=\"2019-03-13T11:31:00+00:00\" \/>\n<meta property=\"og:image\" content=\"https:\/\/franciscanos.org.br\/noticias\/wp-content\/uploads\/2019\/03\/secretariado_130319d.jpg\" \/>\n\t<meta property=\"og:image:width\" content=\"273\" \/>\n\t<meta property=\"og:image:height\" content=\"181\" \/>\n\t<meta property=\"og:image:type\" content=\"image\/jpeg\" \/>\n<meta name=\"author\" content=\"moacir\" \/>\n<meta name=\"twitter:card\" content=\"summary_large_image\" \/>\n<meta name=\"twitter:label1\" content=\"Escrito por\" \/>\n\t<meta name=\"twitter:data1\" content=\"moacir\" \/>\n\t<meta name=\"twitter:label2\" content=\"Est. tempo de leitura\" \/>\n\t<meta name=\"twitter:data2\" content=\"1 minuto\" \/>\n<script type=\"application\/ld+json\" class=\"yoast-schema-graph\">{\"@context\":\"https:\/\/schema.org\",\"@graph\":[{\"@type\":\"WebSite\",\"@id\":\"https:\/\/franciscanos.org.br\/noticias\/#website\",\"url\":\"https:\/\/franciscanos.org.br\/noticias\/\",\"name\":\"Not\u00edcias - Franciscanos\",\"description\":\"Prov\u00edncia Franciscana da Imaculada Concei\u00e7\u00e3o do Brasil - Ordem dos Frades Menores - OFM\",\"potentialAction\":[{\"@type\":\"SearchAction\",\"target\":{\"@type\":\"EntryPoint\",\"urlTemplate\":\"https:\/\/franciscanos.org.br\/noticias\/?s={search_term_string}\"},\"query-input\":\"required name=search_term_string\"}],\"inLanguage\":\"pt-BR\"},{\"@type\":\"ImageObject\",\"inLanguage\":\"pt-BR\",\"@id\":\"https:\/\/franciscanos.org.br\/noticias\/jufra-elege-um-novo-secretariado-nacional.html#primaryimage\",\"url\":\"https:\/\/franciscanos.org.br\/noticias\/wp-content\/uploads\/2019\/03\/secretariado_130319d.jpg\",\"contentUrl\":\"https:\/\/franciscanos.org.br\/noticias\/wp-content\/uploads\/2019\/03\/secretariado_130319d.jpg\",\"width\":273,\"height\":181},{\"@type\":\"WebPage\",\"@id\":\"https:\/\/franciscanos.org.br\/noticias\/jufra-elege-um-novo-secretariado-nacional.html#webpage\",\"url\":\"https:\/\/franciscanos.org.br\/noticias\/jufra-elege-um-novo-secretariado-nacional.html\",\"name\":\"Juventude Franciscana elege novo Secretariado Nacional - Not\u00edcias - Franciscanos\",\"isPartOf\":{\"@id\":\"https:\/\/franciscanos.org.br\/noticias\/#website\"},\"primaryImageOfPage\":{\"@id\":\"https:\/\/franciscanos.org.br\/noticias\/jufra-elege-um-novo-secretariado-nacional.html#primaryimage\"},\"datePublished\":\"2019-03-13T11:28:38+00:00\",\"dateModified\":\"2019-03-13T11:31:00+00:00\",\"author\":{\"@id\":\"https:\/\/franciscanos.org.br\/noticias\/#\/schema\/person\/b5c8cba458c330ccff548b056e95a5d4\"},\"breadcrumb\":{\"@id\":\"https:\/\/franciscanos.org.br\/noticias\/jufra-elege-um-novo-secretariado-nacional.html#breadcrumb\"},\"inLanguage\":\"pt-BR\",\"potentialAction\":[{\"@type\":\"ReadAction\",\"target\":[\"https:\/\/franciscanos.org.br\/noticias\/jufra-elege-um-novo-secretariado-nacional.html\"]}]},{\"@type\":\"BreadcrumbList\",\"@id\":\"https:\/\/franciscanos.org.br\/noticias\/jufra-elege-um-novo-secretariado-nacional.html#breadcrumb\",\"itemListElement\":[{\"@type\":\"ListItem\",\"position\":1,\"name\":\"Home\",\"item\":\"https:\/\/franciscanos.org.br\/noticias\"},{\"@type\":\"ListItem\",\"position\":2,\"name\":\"Juventude Franciscana elege novo Secretariado Nacional\"}]},{\"@type\":\"Person\",\"@id\":\"https:\/\/franciscanos.org.br\/noticias\/#\/schema\/person\/b5c8cba458c330ccff548b056e95a5d4\",\"name\":\"moacir\",\"image\":{\"@type\":\"ImageObject\",\"inLanguage\":\"pt-BR\",\"@id\":\"https:\/\/franciscanos.org.br\/noticias\/#\/schema\/person\/image\/\",\"url\":\"https:\/\/secure.gravatar.com\/avatar\/d08aa2ce4c8dd416d4479aa8536fcf64?s=96&d=mm&r=g\",\"contentUrl\":\"https:\/\/secure.gravatar.com\/avatar\/d08aa2ce4c8dd416d4479aa8536fcf64?s=96&d=mm&r=g\",\"caption\":\"moacir\"},\"url\":\"https:\/\/franciscanos.org.br\/noticias\/author\/moacir\"}]}<\/script>\n<!-- \/ Yoast SEO plugin. -->","yoast_head_json":{"title":"Juventude Franciscana elege novo Secretariado Nacional - Not\u00edcias - Franciscanos","robots":{"index":"index","follow":"follow","max-snippet":"max-snippet:-1","max-image-preview":"max-image-preview:large","max-video-preview":"max-video-preview:-1"},"canonical":"https:\/\/franciscanos.org.br\/noticias\/jufra-elege-um-novo-secretariado-nacional.html","og_locale":"pt_BR","og_type":"article","og_title":"Juventude Franciscana elege novo Secretariado Nacional - Not\u00edcias - Franciscanos","og_description":"Juventude Franciscana elege um novo Secretariado Nacional.","og_url":"https:\/\/franciscanos.org.br\/noticias\/jufra-elege-um-novo-secretariado-nacional.html","og_site_name":"Not\u00edcias - Franciscanos","article_published_time":"2019-03-13T11:28:38+00:00","article_modified_time":"2019-03-13T11:31:00+00:00","og_image":[{"width":273,"height":181,"url":"https:\/\/franciscanos.org.br\/noticias\/wp-content\/uploads\/2019\/03\/secretariado_130319d.jpg","type":"image\/jpeg"}],"author":"moacir","twitter_card":"summary_large_image","twitter_misc":{"Escrito por":"moacir","Est. tempo de leitura":"1 minuto"},"schema":{"@context":"https:\/\/schema.org","@graph":[{"@type":"WebSite","@id":"https:\/\/franciscanos.org.br\/noticias\/#website","url":"https:\/\/franciscanos.org.br\/noticias\/","name":"Not\u00edcias - Franciscanos","description":"Prov\u00edncia Franciscana da Imaculada Concei\u00e7\u00e3o do Brasil - Ordem dos Frades Menores - OFM","potentialAction":[{"@type":"SearchAction","target":{"@type":"EntryPoint","urlTemplate":"https:\/\/franciscanos.org.br\/noticias\/?s={search_term_string}"},"query-input":"required name=search_term_string"}],"inLanguage":"pt-BR"},{"@type":"ImageObject","inLanguage":"pt-BR","@id":"https:\/\/franciscanos.org.br\/noticias\/jufra-elege-um-novo-secretariado-nacional.html#primaryimage","url":"https:\/\/franciscanos.org.br\/noticias\/wp-content\/uploads\/2019\/03\/secretariado_130319d.jpg","contentUrl":"https:\/\/franciscanos.org.br\/noticias\/wp-content\/uploads\/2019\/03\/secretariado_130319d.jpg","width":273,"height":181},{"@type":"WebPage","@id":"https:\/\/franciscanos.org.br\/noticias\/jufra-elege-um-novo-secretariado-nacional.html#webpage","url":"https:\/\/franciscanos.org.br\/noticias\/jufra-elege-um-novo-secretariado-nacional.html","name":"Juventude Franciscana elege novo Secretariado Nacional - Not\u00edcias - Franciscanos","isPartOf":{"@id":"https:\/\/franciscanos.org.br\/noticias\/#website"},"primaryImageOfPage":{"@id":"https:\/\/franciscanos.org.br\/noticias\/jufra-elege-um-novo-secretariado-nacional.html#primaryimage"},"datePublished":"2019-03-13T11:28:38+00:00","dateModified":"2019-03-13T11:31:00+00:00","author":{"@id":"https:\/\/franciscanos.org.br\/noticias\/#\/schema\/person\/b5c8cba458c330ccff548b056e95a5d4"},"breadcrumb":{"@id":"https:\/\/franciscanos.org.br\/noticias\/jufra-elege-um-novo-secretariado-nacional.html#breadcrumb"},"inLanguage":"pt-BR","potentialAction":[{"@type":"ReadAction","target":["https:\/\/franciscanos.org.br\/noticias\/jufra-elege-um-novo-secretariado-nacional.html"]}]},{"@type":"BreadcrumbList","@id":"https:\/\/franciscanos.org.br\/noticias\/jufra-elege-um-novo-secretariado-nacional.html#breadcrumb","itemListElement":[{"@type":"ListItem","position":1,"name":"Home","item":"https:\/\/franciscanos.org.br\/noticias"},{"@type":"ListItem","position":2,"name":"Juventude Franciscana elege novo Secretariado Nacional"}]},{"@type":"Person","@id":"https:\/\/franciscanos.org.br\/noticias\/#\/schema\/person\/b5c8cba458c330ccff548b056e95a5d4","name":"moacir","image":{"@type":"ImageObject","inLanguage":"pt-BR","@id":"https:\/\/franciscanos.org.br\/noticias\/#\/schema\/person\/image\/","url":"https:\/\/secure.gravatar.com\/avatar\/d08aa2ce4c8dd416d4479aa8536fcf64?s=96&d=mm&r=g","contentUrl":"https:\/\/secure.gravatar.com\/avatar\/d08aa2ce4c8dd416d4479aa8536fcf64?s=96&d=mm&r=g","caption":"moacir"},"url":"https:\/\/franciscanos.org.br\/noticias\/author\/moacir"}]}},"_links":{"self":[{"href":"https:\/\/franciscanos.org.br\/noticias\/wp-json\/wp\/v2\/posts\/201430"}],"collection":[{"href":"https:\/\/franciscanos.org.br\/noticias\/wp-json\/wp\/v2\/posts"}],"about":[{"href":"https:\/\/franciscanos.org.br\/noticias\/wp-json\/wp\/v2\/types\/post"}],"author":[{"embeddable":true,"href":"https:\/\/franciscanos.org.br\/noticias\/wp-json\/wp\/v2\/users\/3"}],"replies":[{"embeddable":true,"href":"https:\/\/franciscanos.org.br\/noticias\/wp-json\/wp\/v2\/comments?post=201430"}],"version-history":[{"count":0,"href":"https:\/\/franciscanos.org.br\/noticias\/wp-json\/wp\/v2\/posts\/201430\/revisions"}],"wp:featuredmedia":[{"embeddable":true,"href":"https:\/\/franciscanos.org.br\/noticias\/wp-json\/wp\/v2\/media\/201433"}],"wp:attachment":[{"href":"https:\/\/franciscanos.org.br\/noticias\/wp-json\/wp\/v2\/media?parent=201430"}],"wp:term":[{"taxonomy":"category","embeddable":true,"href":"https:\/\/franciscanos.org.br\/noticias\/wp-json\/wp\/v2\/categories?post=201430"},{"taxonomy":"post_tag","embeddable":true,"href":"https:\/\/franciscanos.org.br\/noticias\/wp-json\/wp\/v2\/tags?post=201430"}],"curies":[{"name":"wp","href":"https:\/\/api.w.org\/{rel}","templated":true}]}}