{"id":201423,"date":"2019-03-13T07:41:27","date_gmt":"2019-03-13T10:41:27","guid":{"rendered":"https:\/\/franciscanos.org.br\/noticias\/?p=201423"},"modified":"2020-09-01T10:55:48","modified_gmt":"2020-09-01T13:55:48","slug":"seis-anos-com-francisco-olhando-para-o-essencial","status":"publish","type":"post","link":"https:\/\/franciscanos.org.br\/noticias\/seis-anos-com-francisco-olhando-para-o-essencial.html","title":{"rendered":"Seis anos com Francisco: olhando para o essencial"},"content":{"rendered":"<p><img loading=\"lazy\" class=\"alignnone wp-image-227996 size-full\" src=\"https:\/\/franciscanos.org.br\/noticias\/wp-content\/uploads\/2020\/08\/papa_2608.jpg\" alt=\"\" width=\"1280\" height=\"720\" srcset=\"https:\/\/franciscanos.org.br\/noticias\/wp-content\/uploads\/2020\/08\/papa_2608.jpg 1280w, https:\/\/franciscanos.org.br\/noticias\/wp-content\/uploads\/2020\/08\/papa_2608-450x253.jpg 450w, https:\/\/franciscanos.org.br\/noticias\/wp-content\/uploads\/2020\/08\/papa_2608-1024x576.jpg 1024w, https:\/\/franciscanos.org.br\/noticias\/wp-content\/uploads\/2020\/08\/papa_2608-768x432.jpg 768w, https:\/\/franciscanos.org.br\/noticias\/wp-content\/uploads\/2020\/08\/papa_2608-150x84.jpg 150w\" sizes=\"(max-width: 1280px) 100vw, 1280px\" \/><\/p>\n<p><strong>Cidade do Vaticano &#8211;<\/strong> O sexto anivers\u00e1rio da elei\u00e7\u00e3o v\u00ea o Papa Francisco comprometido em um ano cheio de importantes viagens internacionais, marcado no in\u00edcio e no final, por dois eventos &#8220;sinodais&#8221;: o encontro para a prote\u00e7\u00e3o de menores realizado no Vaticano em fevereiro passado, com a participa\u00e7\u00e3o dos presidentes das Confer\u00eancias Episcopais de todo o mundo, e o S\u00ednodo especial sobre a Amaz\u00f4nia, que ser\u00e1 celebrado &#8211; tamb\u00e9m no Vaticano -, em outubro pr\u00f3ximo. De not\u00e1vel impacto a recente viagem aos Emirados \u00c1rabes que viu o Bispo de Roma assinar uma Declara\u00e7\u00e3o conjunta com o Grande Imame de Al-Azhar. Um documento que se espera possa ter consequ\u00eancias no campo da liberdade religiosa. O tema ecum\u00eanico prevalecer\u00e1 nas pr\u00f3ximas viagens \u00e0 Bulg\u00e1ria e depois \u00e0 Rom\u00eania, enquanto a desejada, mas ainda n\u00e3o oficializada viagem ao Jap\u00e3o, poder\u00e1 ajudar a recordar a devasta\u00e7\u00e3o causada pelas armas nucleares, como advert\u00eancia para o presente e para o futuro da humanidade que experimenta a &#8220;terceira guerra mundial em peda\u00e7os&#8221;, da qual o Papa fala frequentemente.<\/p>\n<p>Mas um olhar ao ano apenas transcorrido n\u00e3o pode ignorar o ressurgimento do esc\u00e2ndalo dos abusos e das divis\u00f5es internas que levaram o ex-n\u00fancio Carlo Maria Vigan\u00f2, em agosto passado, precisamente quando Francisco celebrava a Eucaristia com milhares de fam\u00edlias em Dublin, repropondo a beleza e o valor do matrim\u00f4nio crist\u00e3o, a pedir publicamente a ren\u00fancia do Papa por causa da gest\u00e3o do caso McCarrick. Diante dessas situa\u00e7\u00f5es, o Bispo de Roma pediu a todos os fi\u00e9is do mundo que rezassem o Ter\u00e7o todos os dias, durante todo o sucessivo m\u00eas mariano de outubro de 2018, para unirem-se &#8220;em comunh\u00e3o e penit\u00eancia, como povo de Deus, pedindo \u00e0 Santa M\u00e3e de Deus e a S\u00e3o Miguel Arcanjo para protegerem a Igreja do diabo, que sempre visa nos separar de Deus e entre n\u00f3s&#8221;. Tal pedido t\u00e3o detalhado n\u00e3o tem precedentes na hist\u00f3ria recente da Igreja. Com suas palavras e o apelo ao povo de Deus para rezar para manter a unidade da Igreja, Francisco nos fez entender a gravidade da situa\u00e7\u00e3o e ao mesmo tempo expressou a crist\u00e3 consci\u00eancia de que n\u00e3o existem rem\u00e9dios humanos capazes de assegurar um caminho de sa\u00edda.<br \/>\nMais uma vez, o Papa chamou ao essencial: a Igreja n\u00e3o \u00e9 formada por super-her\u00f3is (nem mesmo por super-papas) e n\u00e3o avan\u00e7a com a for\u00e7a de seus recursos humanos ou estrat\u00e9gias. Sabe que o maligno est\u00e1 presente no mundo, que existe o pecado original, e que para nos salvarmos, precisamos da ajuda do Alto. Repeti-lo n\u00e3o significa diminuir as responsabilidades pessoais dos indiv\u00edduos e nem mesmo as das institui\u00e7\u00f5es, mas situ\u00e1-las em seu real contexto.<\/p>\n<p>&#8220;Com esta solicita\u00e7\u00e3o de intercess\u00e3o&#8221; &#8211; estava escrito no comunicado vaticano com o pedido do Papa para a ora\u00e7\u00e3o do Ter\u00e7o em outubro passado &#8211; &#8220;o Santo Padre pede aos fi\u00e9is de todo o mundo para rezar para que a Santa M\u00e3e de Deus coloque a Igreja sob seu manto protetor: para preserv\u00e1-la dos ataques do maligno, o grande acusador, e ao mesmo tempo torn\u00e1-la cada vez mais consciente dos abusos e erros cometidos no presente e no passado\u201d.<\/p>\n<p>No presente e no passado, porque seria um erro &#8220;descarregar&#8221; sobre aqueles que vieram antes de n\u00f3s as culpas e apresentar-nos como &#8220;puros&#8221;. Tamb\u00e9m hoje a Igreja deve pedir a Algu\u00e9m para ser libertada do mal. Um dado de fato que o Papa, em continuidade com seus antecessores, recorda constantemente.<\/p>\n<p>A Igreja n\u00e3o se redime sozinha dos males que a afligem. Tamb\u00e9m do horr\u00edvel abismo dos abusos sexuais cometidos por cl\u00e9rigos e religiosos, n\u00e3o se sai em virtude de processos de auto-purifica\u00e7\u00e3o, muito menos confiando-se a quem se investiu no papel de purificador. Normas sempre mais eficazes, responsabilidade e transpar\u00eancia s\u00e3o necess\u00e1rias, na verdade indispens\u00e1veis, mas nunca ser\u00e3o suficientes. Porque a Igreja, recorda-nos hoje o Papa Francisco, n\u00e3o \u00e9 auto-suficiente e testemunha o Evangelho a muitos homens e mulheres feridos do nosso tempo, precisamente porque tamb\u00e9m ela se reconhece como mendigo de cura, necessitando de miseric\u00f3rdia e de perd\u00e3o do seu Senhor. Talvez nunca como no conturbado ano que passou, o sexto do seu pontificado, o Papa que se apresenta como &#8220;um pecador perdoado&#8221;, seguindo o ensinamento dos Padres da Igreja e de seu imediato predecessor Bento XVI, testemunhou este dado essencial, e mais do que nunca atual da f\u00e9 crist\u00e3 (<em>Andrea Tornielli, Vatican News)<\/em><\/p>\n<hr \/>\n<h1 class=\"article__title\">Papa celebra anivers\u00e1rio de sua elei\u00e7\u00e3o em ora\u00e7\u00e3o<\/h1>\n<div class=\"article__subTitle\"><em>Na Casa do Divino Mestre, em Ariccia, o Papa Francisco e os membros da C\u00faria Romana est\u00e3o reunidos para os Exerc\u00edcios espirituais. O Pont\u00edfice celebra o anivers\u00e1rio de sua elei\u00e7\u00e3o em ora\u00e7\u00e3o.<\/em><\/div>\n<div><\/div>\n<div class=\"title__separator\">Celebra-se, nesta quarta-feira (13\/03), o sexto anivers\u00e1rio da elei\u00e7\u00e3o do Papa Francisco \u00e0 C\u00e1tedra de Pedro. O Santo Padre que continua os Exerc\u00edcios espirituais na Casa do Divino Mestre, em Ariccia, junto com os membros da C\u00faria Romana, celebra esse dia em ora\u00e7\u00e3o.<\/div>\n<div class=\"article__text\">\n<p>At\u00e9 sexta-feira, 15 de mar\u00e7o, quando o Pont\u00edfice retornar\u00e1 ao Vaticano, os dias de Francisco, dos bispos e cardeais, nesse local tranquilo, situado a 300 metros de altura, continuam sendo marcados pela missa, ora\u00e7\u00e3o das Laudes e V\u00e9speras, Adora\u00e7\u00e3o Eucar\u00edstica e a catequese do abade beneditino de S\u00e3o Miniato ao Monte, Bernardo Francesco Maria Gianni, uma pela manh\u00e3 e outra \u00e0 tarde .<\/p>\n<p>Os dias s\u00e3o tamb\u00e9m marcados por momentos de conviv\u00eancia e partilha na hora do almo\u00e7o e do jantar, mas o sil\u00eancio e a medita\u00e7\u00e3o, nesse Tempo de Quaresma, s\u00e3o os verdadeiros protagonistas.<\/p>\n<p>Enquanto isso, continuam chegando mensagens de felicita\u00e7\u00f5es de Chefes de Estado e de Governo, autoridades civis e eclesiais e fi\u00e9is simples, para celebrar o 13 de mar\u00e7o de 2013 que fez de Jorge Mario Bergoglio o primeiro Papa latino-americano da hist\u00f3ria.<\/p>\n<p>Com o Ros\u00e1rio e a B\u00edblia na m\u00e3o, o Pont\u00edfice se senta n\u00e3o na primeira fila, mas no meio, conforme mostrado por algumas c\u00e2meras, para ouvir, junto com seus confrades, as medita\u00e7\u00f5es do abade beneditino sobre o tema \u201cAs cidades dos desejos ardentes. Olhares e gestos pascais na vida do mundo\u201d.<\/p>\n<p>No pr\u00f3ximo domingo, 17 de mar\u00e7o, o Papa Francisco rezar\u00e1 a ora\u00e7\u00e3o mariana do Angelus com os fi\u00e9is na Pra\u00e7a S\u00e3o Pedro, \u00a0retomando os seus compromissos p\u00fablicos e privados.<\/p>\n<h2>Felicita\u00e7\u00f5es do Cardeal Re<\/h2>\n<p>O decano do Col\u00e9gio Cardinal\u00edcio, cardeal Giovanni Battista Re, purpurado mais idoso presente nos Exerc\u00edcios espirituais, em Ariccia, parabenizou o Papa Francisco antes da missa, na manh\u00e3 desta quarta-feira (13\/03), em Ariccia, em nome do Col\u00e9gio Cardinal\u00edcio.<\/p>\n<p>\u201cBeat\u00edssimo Padre, celebra-se hoje o sexto anivers\u00e1rio de sua elei\u00e7\u00e3o a Sumo Pont\u00edfice da Igreja Cat\u00f3lica. Em nome de todos os presentes, gostaria de dizer-lhe que estamos felizes de celebrar essa missa junto com o senhor\u201d, frisou o purpurado, pedindo a Deus para que seja luz, apoio e conforto ao Papa Francisco \u201cem sua tarefa de confirmar os irm\u00e3os na f\u00e9, seja fundamento da unidade e indique a todos o caminho que leva ao c\u00e9u\u201d.<\/p>\n<p>\u201cEstamos pr\u00f3ximos ao senhor, Santo Padre, com grande afeto e dedica\u00e7\u00e3o \u00a0sincera\u201d, concluiu o cardeal Re.<\/p>\n<hr \/>\n<p><em>Fonte: Vatican News<\/em><\/p>\n<\/div>\n","protected":false},"excerpt":{"rendered":"<p>Seis anos do Pontificado de Francisco<\/p>\n","protected":false},"author":3,"featured_media":227997,"comment_status":"open","ping_status":"open","sticky":false,"template":"","format":"standard","meta":[],"categories":[1428],"tags":[55],"acf":[],"yoast_head":"<!-- This site is optimized with the Yoast SEO plugin v19.2 - https:\/\/yoast.com\/wordpress\/plugins\/seo\/ -->\n<title>Seis anos com Francisco: olhando para o essencial - Not\u00edcias - Franciscanos<\/title>\n<meta name=\"robots\" content=\"index, follow, max-snippet:-1, max-image-preview:large, max-video-preview:-1\" \/>\n<link rel=\"canonical\" href=\"https:\/\/franciscanos.org.br\/noticias\/seis-anos-com-francisco-olhando-para-o-essencial.html\" \/>\n<meta property=\"og:locale\" content=\"pt_BR\" \/>\n<meta property=\"og:type\" content=\"article\" \/>\n<meta property=\"og:title\" content=\"Seis anos com Francisco: olhando para o essencial - Not\u00edcias - Franciscanos\" \/>\n<meta property=\"og:description\" content=\"Seis anos do Pontificado de Francisco\" \/>\n<meta property=\"og:url\" content=\"https:\/\/franciscanos.org.br\/noticias\/seis-anos-com-francisco-olhando-para-o-essencial.html\" \/>\n<meta property=\"og:site_name\" content=\"Not\u00edcias - Franciscanos\" \/>\n<meta property=\"article:published_time\" content=\"2019-03-13T10:41:27+00:00\" \/>\n<meta property=\"article:modified_time\" content=\"2020-09-01T13:55:48+00:00\" \/>\n<meta property=\"og:image\" content=\"https:\/\/franciscanos.org.br\/noticias\/wp-content\/uploads\/2020\/08\/papa_2608d.jpg\" \/>\n\t<meta property=\"og:image:width\" content=\"800\" \/>\n\t<meta property=\"og:image:height\" content=\"600\" \/>\n\t<meta property=\"og:image:type\" content=\"image\/jpeg\" \/>\n<meta name=\"author\" content=\"moacir\" \/>\n<meta name=\"twitter:card\" content=\"summary_large_image\" \/>\n<meta name=\"twitter:label1\" content=\"Escrito por\" \/>\n\t<meta name=\"twitter:data1\" content=\"moacir\" \/>\n\t<meta name=\"twitter:label2\" content=\"Est. tempo de leitura\" \/>\n\t<meta name=\"twitter:data2\" content=\"6 minutos\" \/>\n<script type=\"application\/ld+json\" class=\"yoast-schema-graph\">{\"@context\":\"https:\/\/schema.org\",\"@graph\":[{\"@type\":\"WebSite\",\"@id\":\"https:\/\/franciscanos.org.br\/noticias\/#website\",\"url\":\"https:\/\/franciscanos.org.br\/noticias\/\",\"name\":\"Not\u00edcias - Franciscanos\",\"description\":\"Prov\u00edncia Franciscana da Imaculada Concei\u00e7\u00e3o do Brasil - Ordem dos Frades Menores - OFM\",\"potentialAction\":[{\"@type\":\"SearchAction\",\"target\":{\"@type\":\"EntryPoint\",\"urlTemplate\":\"https:\/\/franciscanos.org.br\/noticias\/?s={search_term_string}\"},\"query-input\":\"required name=search_term_string\"}],\"inLanguage\":\"pt-BR\"},{\"@type\":\"ImageObject\",\"inLanguage\":\"pt-BR\",\"@id\":\"https:\/\/franciscanos.org.br\/noticias\/seis-anos-com-francisco-olhando-para-o-essencial.html#primaryimage\",\"url\":\"https:\/\/franciscanos.org.br\/noticias\/wp-content\/uploads\/2020\/08\/papa_2608d.jpg\",\"contentUrl\":\"https:\/\/franciscanos.org.br\/noticias\/wp-content\/uploads\/2020\/08\/papa_2608d.jpg\",\"width\":800,\"height\":600},{\"@type\":\"WebPage\",\"@id\":\"https:\/\/franciscanos.org.br\/noticias\/seis-anos-com-francisco-olhando-para-o-essencial.html#webpage\",\"url\":\"https:\/\/franciscanos.org.br\/noticias\/seis-anos-com-francisco-olhando-para-o-essencial.html\",\"name\":\"Seis anos com Francisco: olhando para o essencial - Not\u00edcias - Franciscanos\",\"isPartOf\":{\"@id\":\"https:\/\/franciscanos.org.br\/noticias\/#website\"},\"primaryImageOfPage\":{\"@id\":\"https:\/\/franciscanos.org.br\/noticias\/seis-anos-com-francisco-olhando-para-o-essencial.html#primaryimage\"},\"datePublished\":\"2019-03-13T10:41:27+00:00\",\"dateModified\":\"2020-09-01T13:55:48+00:00\",\"author\":{\"@id\":\"https:\/\/franciscanos.org.br\/noticias\/#\/schema\/person\/b5c8cba458c330ccff548b056e95a5d4\"},\"breadcrumb\":{\"@id\":\"https:\/\/franciscanos.org.br\/noticias\/seis-anos-com-francisco-olhando-para-o-essencial.html#breadcrumb\"},\"inLanguage\":\"pt-BR\",\"potentialAction\":[{\"@type\":\"ReadAction\",\"target\":[\"https:\/\/franciscanos.org.br\/noticias\/seis-anos-com-francisco-olhando-para-o-essencial.html\"]}]},{\"@type\":\"BreadcrumbList\",\"@id\":\"https:\/\/franciscanos.org.br\/noticias\/seis-anos-com-francisco-olhando-para-o-essencial.html#breadcrumb\",\"itemListElement\":[{\"@type\":\"ListItem\",\"position\":1,\"name\":\"Home\",\"item\":\"https:\/\/franciscanos.org.br\/noticias\"},{\"@type\":\"ListItem\",\"position\":2,\"name\":\"Seis anos com Francisco: olhando para o essencial\"}]},{\"@type\":\"Person\",\"@id\":\"https:\/\/franciscanos.org.br\/noticias\/#\/schema\/person\/b5c8cba458c330ccff548b056e95a5d4\",\"name\":\"moacir\",\"image\":{\"@type\":\"ImageObject\",\"inLanguage\":\"pt-BR\",\"@id\":\"https:\/\/franciscanos.org.br\/noticias\/#\/schema\/person\/image\/\",\"url\":\"https:\/\/secure.gravatar.com\/avatar\/d08aa2ce4c8dd416d4479aa8536fcf64?s=96&d=mm&r=g\",\"contentUrl\":\"https:\/\/secure.gravatar.com\/avatar\/d08aa2ce4c8dd416d4479aa8536fcf64?s=96&d=mm&r=g\",\"caption\":\"moacir\"},\"url\":\"https:\/\/franciscanos.org.br\/noticias\/author\/moacir\"}]}<\/script>\n<!-- \/ Yoast SEO plugin. -->","yoast_head_json":{"title":"Seis anos com Francisco: olhando para o essencial - Not\u00edcias - Franciscanos","robots":{"index":"index","follow":"follow","max-snippet":"max-snippet:-1","max-image-preview":"max-image-preview:large","max-video-preview":"max-video-preview:-1"},"canonical":"https:\/\/franciscanos.org.br\/noticias\/seis-anos-com-francisco-olhando-para-o-essencial.html","og_locale":"pt_BR","og_type":"article","og_title":"Seis anos com Francisco: olhando para o essencial - Not\u00edcias - Franciscanos","og_description":"Seis anos do Pontificado de Francisco","og_url":"https:\/\/franciscanos.org.br\/noticias\/seis-anos-com-francisco-olhando-para-o-essencial.html","og_site_name":"Not\u00edcias - Franciscanos","article_published_time":"2019-03-13T10:41:27+00:00","article_modified_time":"2020-09-01T13:55:48+00:00","og_image":[{"width":800,"height":600,"url":"https:\/\/franciscanos.org.br\/noticias\/wp-content\/uploads\/2020\/08\/papa_2608d.jpg","type":"image\/jpeg"}],"author":"moacir","twitter_card":"summary_large_image","twitter_misc":{"Escrito por":"moacir","Est. tempo de leitura":"6 minutos"},"schema":{"@context":"https:\/\/schema.org","@graph":[{"@type":"WebSite","@id":"https:\/\/franciscanos.org.br\/noticias\/#website","url":"https:\/\/franciscanos.org.br\/noticias\/","name":"Not\u00edcias - Franciscanos","description":"Prov\u00edncia Franciscana da Imaculada Concei\u00e7\u00e3o do Brasil - Ordem dos Frades Menores - OFM","potentialAction":[{"@type":"SearchAction","target":{"@type":"EntryPoint","urlTemplate":"https:\/\/franciscanos.org.br\/noticias\/?s={search_term_string}"},"query-input":"required name=search_term_string"}],"inLanguage":"pt-BR"},{"@type":"ImageObject","inLanguage":"pt-BR","@id":"https:\/\/franciscanos.org.br\/noticias\/seis-anos-com-francisco-olhando-para-o-essencial.html#primaryimage","url":"https:\/\/franciscanos.org.br\/noticias\/wp-content\/uploads\/2020\/08\/papa_2608d.jpg","contentUrl":"https:\/\/franciscanos.org.br\/noticias\/wp-content\/uploads\/2020\/08\/papa_2608d.jpg","width":800,"height":600},{"@type":"WebPage","@id":"https:\/\/franciscanos.org.br\/noticias\/seis-anos-com-francisco-olhando-para-o-essencial.html#webpage","url":"https:\/\/franciscanos.org.br\/noticias\/seis-anos-com-francisco-olhando-para-o-essencial.html","name":"Seis anos com Francisco: olhando para o essencial - Not\u00edcias - Franciscanos","isPartOf":{"@id":"https:\/\/franciscanos.org.br\/noticias\/#website"},"primaryImageOfPage":{"@id":"https:\/\/franciscanos.org.br\/noticias\/seis-anos-com-francisco-olhando-para-o-essencial.html#primaryimage"},"datePublished":"2019-03-13T10:41:27+00:00","dateModified":"2020-09-01T13:55:48+00:00","author":{"@id":"https:\/\/franciscanos.org.br\/noticias\/#\/schema\/person\/b5c8cba458c330ccff548b056e95a5d4"},"breadcrumb":{"@id":"https:\/\/franciscanos.org.br\/noticias\/seis-anos-com-francisco-olhando-para-o-essencial.html#breadcrumb"},"inLanguage":"pt-BR","potentialAction":[{"@type":"ReadAction","target":["https:\/\/franciscanos.org.br\/noticias\/seis-anos-com-francisco-olhando-para-o-essencial.html"]}]},{"@type":"BreadcrumbList","@id":"https:\/\/franciscanos.org.br\/noticias\/seis-anos-com-francisco-olhando-para-o-essencial.html#breadcrumb","itemListElement":[{"@type":"ListItem","position":1,"name":"Home","item":"https:\/\/franciscanos.org.br\/noticias"},{"@type":"ListItem","position":2,"name":"Seis anos com Francisco: olhando para o essencial"}]},{"@type":"Person","@id":"https:\/\/franciscanos.org.br\/noticias\/#\/schema\/person\/b5c8cba458c330ccff548b056e95a5d4","name":"moacir","image":{"@type":"ImageObject","inLanguage":"pt-BR","@id":"https:\/\/franciscanos.org.br\/noticias\/#\/schema\/person\/image\/","url":"https:\/\/secure.gravatar.com\/avatar\/d08aa2ce4c8dd416d4479aa8536fcf64?s=96&d=mm&r=g","contentUrl":"https:\/\/secure.gravatar.com\/avatar\/d08aa2ce4c8dd416d4479aa8536fcf64?s=96&d=mm&r=g","caption":"moacir"},"url":"https:\/\/franciscanos.org.br\/noticias\/author\/moacir"}]}},"_links":{"self":[{"href":"https:\/\/franciscanos.org.br\/noticias\/wp-json\/wp\/v2\/posts\/201423"}],"collection":[{"href":"https:\/\/franciscanos.org.br\/noticias\/wp-json\/wp\/v2\/posts"}],"about":[{"href":"https:\/\/franciscanos.org.br\/noticias\/wp-json\/wp\/v2\/types\/post"}],"author":[{"embeddable":true,"href":"https:\/\/franciscanos.org.br\/noticias\/wp-json\/wp\/v2\/users\/3"}],"replies":[{"embeddable":true,"href":"https:\/\/franciscanos.org.br\/noticias\/wp-json\/wp\/v2\/comments?post=201423"}],"version-history":[{"count":1,"href":"https:\/\/franciscanos.org.br\/noticias\/wp-json\/wp\/v2\/posts\/201423\/revisions"}],"predecessor-version":[{"id":228100,"href":"https:\/\/franciscanos.org.br\/noticias\/wp-json\/wp\/v2\/posts\/201423\/revisions\/228100"}],"wp:featuredmedia":[{"embeddable":true,"href":"https:\/\/franciscanos.org.br\/noticias\/wp-json\/wp\/v2\/media\/227997"}],"wp:attachment":[{"href":"https:\/\/franciscanos.org.br\/noticias\/wp-json\/wp\/v2\/media?parent=201423"}],"wp:term":[{"taxonomy":"category","embeddable":true,"href":"https:\/\/franciscanos.org.br\/noticias\/wp-json\/wp\/v2\/categories?post=201423"},{"taxonomy":"post_tag","embeddable":true,"href":"https:\/\/franciscanos.org.br\/noticias\/wp-json\/wp\/v2\/tags?post=201423"}],"curies":[{"name":"wp","href":"https:\/\/api.w.org\/{rel}","templated":true}]}}