{"id":201385,"date":"2019-03-11T11:12:57","date_gmt":"2019-03-11T14:12:57","guid":{"rendered":"https:\/\/franciscanos.org.br\/noticias\/?p=201385"},"modified":"2019-03-11T11:12:57","modified_gmt":"2019-03-11T14:12:57","slug":"retiro-quaresmal-reune-familia-franciscana-de-angola","status":"publish","type":"post","link":"https:\/\/franciscanos.org.br\/noticias\/retiro-quaresmal-reune-familia-franciscana-de-angola.html","title":{"rendered":"Retiro quaresmal re\u00fane Fam\u00edlia Franciscana de Angola"},"content":{"rendered":"<p><img loading=\"lazy\" class=\"aligncenter size-full wp-image-201386\" src=\"https:\/\/franciscanos.org.br\/noticias\/wp-content\/uploads\/2019\/03\/angola_110319.jpg\" alt=\"\" width=\"890\" height=\"470\" srcset=\"https:\/\/franciscanos.org.br\/noticias\/wp-content\/uploads\/2019\/03\/angola_110319.jpg 890w, https:\/\/franciscanos.org.br\/noticias\/wp-content\/uploads\/2019\/03\/angola_110319-450x238.jpg 450w, https:\/\/franciscanos.org.br\/noticias\/wp-content\/uploads\/2019\/03\/angola_110319-768x406.jpg 768w, https:\/\/franciscanos.org.br\/noticias\/wp-content\/uploads\/2019\/03\/angola_110319-150x79.jpg 150w\" sizes=\"(max-width: 890px) 100vw, 890px\" \/><\/p>\n<p><strong>Frei Cris\u00f3stomo Pinto \u00d1gala<\/strong><\/p>\n<p>Neste 1\u00ba domingo da Quaresma (10\/3), a Fam\u00edlia Franciscana de Angola reuniu-se no Mosteiro Sagrado Cora\u00e7\u00e3o de Jesus das irm\u00e3s Clarissas para realizar o seu retiro quaresmal, que come\u00e7ou com a Missa dominical e teve como pregador Frei Afonso Teca, atual presidente da Fam\u00edlia Franciscana de Angola e Ministro Provincial dos Frades Capuchinhos. O Retiro contou com a presen\u00e7a dos membros das tr\u00eas Ordens Franciscanas em Angola (1\u00aa Ordem, Clarissas e Ordem Franciscana Secular), sendo que este retiro foi o primeiro a ter a participa\u00e7\u00e3o das Irm\u00e3s Clarissas.<\/p>\n<p>O pregador centrou sua reflex\u00e3o no tema da convers\u00e3o, pr\u00f3prio para o tempo da Quaresma. E destacou que as pr\u00e1ticas a cumprir s\u00e3o tr\u00eas: a ora\u00e7\u00e3o, a luta contra o mal e o jejum. Sobre a ora\u00e7\u00e3o, Frei Teca fez saber que \u201cn\u00e3o se pode reduzi-la a uma mon\u00f3tona repeti\u00e7\u00e3o de f\u00f3rmulas, pedindo gra\u00e7as, milagres e favores\u201d. Para o Ministro dos Capuchinhos, a ora\u00e7\u00e3o \u00e9 um ato incessante de convers\u00e3o e cren\u00e7a em Deus. Ao mesmo tempo, chamou a aten\u00e7\u00e3o sobre as vaidades, o trabalho, o sucesso pastoral para que n\u00e3o nos escravizem, controlando as nossas a\u00e7\u00f5es, fazendo nos esquecer do Senhor.<\/p>\n<p>Em alus\u00e3o ao Evangelho do dia, que falava das tenta\u00e7\u00f5es de Jesus no deserto, o presidente da Fam\u00edlia Franciscana lembrou que as paix\u00f5es desregradas, o orgulho, o ego\u00edsmo, a avidez pelos bens temporais nos afastam de Deus. E frisou que \u201ccontra estes esp\u00edritos maus somos chamados a lutar durante toda a nossa vida\u201d.<\/p>\n<p><img loading=\"lazy\" class=\"aligncenter size-full wp-image-201388\" src=\"https:\/\/franciscanos.org.br\/noticias\/wp-content\/uploads\/2019\/03\/angola_110319_2.jpg\" alt=\"\" width=\"890\" height=\"442\" srcset=\"https:\/\/franciscanos.org.br\/noticias\/wp-content\/uploads\/2019\/03\/angola_110319_2.jpg 890w, https:\/\/franciscanos.org.br\/noticias\/wp-content\/uploads\/2019\/03\/angola_110319_2-450x223.jpg 450w, https:\/\/franciscanos.org.br\/noticias\/wp-content\/uploads\/2019\/03\/angola_110319_2-768x381.jpg 768w, https:\/\/franciscanos.org.br\/noticias\/wp-content\/uploads\/2019\/03\/angola_110319_2-150x74.jpg 150w\" sizes=\"(max-width: 890px) 100vw, 890px\" \/><\/p>\n<p>Frei Teca explicou a finalidade do jejum, dizendo que n\u00e3o se trata de \u00e9 um ato isolado, um ato m\u00e1gico, mas pressup\u00f5e priva\u00e7\u00f5es em favor de um objetivo. Segundo Frei Teca, o verdadeiro jejum leva sempre a gestos de amor.<\/p>\n<p>Os participantes, depois de dois momentos de reflex\u00e3o, realizaram o seu deserto no Kimbo S\u00e3o Francisco e no P\u00e1tio da Fraternidade S\u00e3o Francisco. Ao meio-dia, puderam soborear um delicioso almo\u00e7o, partilhado no bosque da Fraternidade S\u00e3o Francisco, ocasi\u00e3o para se conhecerem melhor.<\/p>\n<p>O retiro terminou com a Ora\u00e7\u00e3o das V\u00e9speras e Adora\u00e7\u00e3o ao Sant\u00edssimo Sacramento. Frei Jos\u00e9 Antonio dos Santos, na condi\u00e7\u00e3o de membro do Conselho da Fam\u00edlia Franciscana como tesoureiro, agradeceu \u00e0 ades\u00e3o, participa\u00e7\u00e3o e representa\u00e7\u00e3o de todos.<\/p>\n<p><img loading=\"lazy\" class=\"aligncenter size-full wp-image-201389\" src=\"https:\/\/franciscanos.org.br\/noticias\/wp-content\/uploads\/2019\/03\/angola_110319_1.jpg\" alt=\"\" width=\"890\" height=\"534\" srcset=\"https:\/\/franciscanos.org.br\/noticias\/wp-content\/uploads\/2019\/03\/angola_110319_1.jpg 890w, https:\/\/franciscanos.org.br\/noticias\/wp-content\/uploads\/2019\/03\/angola_110319_1-450x270.jpg 450w, https:\/\/franciscanos.org.br\/noticias\/wp-content\/uploads\/2019\/03\/angola_110319_1-768x461.jpg 768w, https:\/\/franciscanos.org.br\/noticias\/wp-content\/uploads\/2019\/03\/angola_110319_1-150x90.jpg 150w\" sizes=\"(max-width: 890px) 100vw, 890px\" \/><\/p>\n","protected":false},"excerpt":{"rendered":"<p>Retiro quaresmal da Fam\u00edlia Franciscana de Angola<\/p>\n","protected":false},"author":3,"featured_media":201387,"comment_status":"open","ping_status":"open","sticky":false,"template":"","format":"standard","meta":[],"categories":[1],"tags":[360],"acf":[],"yoast_head":"<!-- This site is optimized with the Yoast SEO plugin v19.2 - https:\/\/yoast.com\/wordpress\/plugins\/seo\/ -->\n<title>Retiro quaresmal re\u00fane Fam\u00edlia Franciscana de Angola - Not\u00edcias - Franciscanos<\/title>\n<meta name=\"robots\" content=\"index, follow, max-snippet:-1, max-image-preview:large, max-video-preview:-1\" \/>\n<link rel=\"canonical\" href=\"https:\/\/franciscanos.org.br\/noticias\/retiro-quaresmal-reune-familia-franciscana-de-angola.html\" \/>\n<meta property=\"og:locale\" content=\"pt_BR\" \/>\n<meta property=\"og:type\" content=\"article\" \/>\n<meta property=\"og:title\" content=\"Retiro quaresmal re\u00fane Fam\u00edlia Franciscana de Angola - Not\u00edcias - Franciscanos\" \/>\n<meta property=\"og:description\" content=\"Retiro quaresmal da Fam\u00edlia Franciscana de Angola\" \/>\n<meta property=\"og:url\" content=\"https:\/\/franciscanos.org.br\/noticias\/retiro-quaresmal-reune-familia-franciscana-de-angola.html\" \/>\n<meta property=\"og:site_name\" content=\"Not\u00edcias - Franciscanos\" \/>\n<meta property=\"article:published_time\" content=\"2019-03-11T14:12:57+00:00\" \/>\n<meta property=\"og:image\" content=\"https:\/\/franciscanos.org.br\/noticias\/wp-content\/uploads\/2019\/03\/angola_110319d.jpg\" \/>\n\t<meta property=\"og:image:width\" content=\"273\" \/>\n\t<meta property=\"og:image:height\" content=\"181\" \/>\n\t<meta property=\"og:image:type\" content=\"image\/jpeg\" \/>\n<meta name=\"author\" content=\"moacir\" \/>\n<meta name=\"twitter:card\" content=\"summary_large_image\" \/>\n<meta name=\"twitter:label1\" content=\"Escrito por\" \/>\n\t<meta name=\"twitter:data1\" content=\"moacir\" \/>\n\t<meta name=\"twitter:label2\" content=\"Est. tempo de leitura\" \/>\n\t<meta name=\"twitter:data2\" content=\"2 minutos\" \/>\n<script type=\"application\/ld+json\" class=\"yoast-schema-graph\">{\"@context\":\"https:\/\/schema.org\",\"@graph\":[{\"@type\":\"WebSite\",\"@id\":\"https:\/\/franciscanos.org.br\/noticias\/#website\",\"url\":\"https:\/\/franciscanos.org.br\/noticias\/\",\"name\":\"Not\u00edcias - Franciscanos\",\"description\":\"Prov\u00edncia Franciscana da Imaculada Concei\u00e7\u00e3o do Brasil - Ordem dos Frades Menores - OFM\",\"potentialAction\":[{\"@type\":\"SearchAction\",\"target\":{\"@type\":\"EntryPoint\",\"urlTemplate\":\"https:\/\/franciscanos.org.br\/noticias\/?s={search_term_string}\"},\"query-input\":\"required name=search_term_string\"}],\"inLanguage\":\"pt-BR\"},{\"@type\":\"ImageObject\",\"inLanguage\":\"pt-BR\",\"@id\":\"https:\/\/franciscanos.org.br\/noticias\/retiro-quaresmal-reune-familia-franciscana-de-angola.html#primaryimage\",\"url\":\"https:\/\/franciscanos.org.br\/noticias\/wp-content\/uploads\/2019\/03\/angola_110319d.jpg\",\"contentUrl\":\"https:\/\/franciscanos.org.br\/noticias\/wp-content\/uploads\/2019\/03\/angola_110319d.jpg\",\"width\":273,\"height\":181},{\"@type\":\"WebPage\",\"@id\":\"https:\/\/franciscanos.org.br\/noticias\/retiro-quaresmal-reune-familia-franciscana-de-angola.html#webpage\",\"url\":\"https:\/\/franciscanos.org.br\/noticias\/retiro-quaresmal-reune-familia-franciscana-de-angola.html\",\"name\":\"Retiro quaresmal re\u00fane Fam\u00edlia Franciscana de Angola - Not\u00edcias - Franciscanos\",\"isPartOf\":{\"@id\":\"https:\/\/franciscanos.org.br\/noticias\/#website\"},\"primaryImageOfPage\":{\"@id\":\"https:\/\/franciscanos.org.br\/noticias\/retiro-quaresmal-reune-familia-franciscana-de-angola.html#primaryimage\"},\"datePublished\":\"2019-03-11T14:12:57+00:00\",\"dateModified\":\"2019-03-11T14:12:57+00:00\",\"author\":{\"@id\":\"https:\/\/franciscanos.org.br\/noticias\/#\/schema\/person\/b5c8cba458c330ccff548b056e95a5d4\"},\"breadcrumb\":{\"@id\":\"https:\/\/franciscanos.org.br\/noticias\/retiro-quaresmal-reune-familia-franciscana-de-angola.html#breadcrumb\"},\"inLanguage\":\"pt-BR\",\"potentialAction\":[{\"@type\":\"ReadAction\",\"target\":[\"https:\/\/franciscanos.org.br\/noticias\/retiro-quaresmal-reune-familia-franciscana-de-angola.html\"]}]},{\"@type\":\"BreadcrumbList\",\"@id\":\"https:\/\/franciscanos.org.br\/noticias\/retiro-quaresmal-reune-familia-franciscana-de-angola.html#breadcrumb\",\"itemListElement\":[{\"@type\":\"ListItem\",\"position\":1,\"name\":\"Home\",\"item\":\"https:\/\/franciscanos.org.br\/noticias\"},{\"@type\":\"ListItem\",\"position\":2,\"name\":\"Retiro quaresmal re\u00fane Fam\u00edlia Franciscana de Angola\"}]},{\"@type\":\"Person\",\"@id\":\"https:\/\/franciscanos.org.br\/noticias\/#\/schema\/person\/b5c8cba458c330ccff548b056e95a5d4\",\"name\":\"moacir\",\"image\":{\"@type\":\"ImageObject\",\"inLanguage\":\"pt-BR\",\"@id\":\"https:\/\/franciscanos.org.br\/noticias\/#\/schema\/person\/image\/\",\"url\":\"https:\/\/secure.gravatar.com\/avatar\/d08aa2ce4c8dd416d4479aa8536fcf64?s=96&d=mm&r=g\",\"contentUrl\":\"https:\/\/secure.gravatar.com\/avatar\/d08aa2ce4c8dd416d4479aa8536fcf64?s=96&d=mm&r=g\",\"caption\":\"moacir\"},\"url\":\"https:\/\/franciscanos.org.br\/noticias\/author\/moacir\"}]}<\/script>\n<!-- \/ Yoast SEO plugin. -->","yoast_head_json":{"title":"Retiro quaresmal re\u00fane Fam\u00edlia Franciscana de Angola - Not\u00edcias - Franciscanos","robots":{"index":"index","follow":"follow","max-snippet":"max-snippet:-1","max-image-preview":"max-image-preview:large","max-video-preview":"max-video-preview:-1"},"canonical":"https:\/\/franciscanos.org.br\/noticias\/retiro-quaresmal-reune-familia-franciscana-de-angola.html","og_locale":"pt_BR","og_type":"article","og_title":"Retiro quaresmal re\u00fane Fam\u00edlia Franciscana de Angola - Not\u00edcias - Franciscanos","og_description":"Retiro quaresmal da Fam\u00edlia Franciscana de Angola","og_url":"https:\/\/franciscanos.org.br\/noticias\/retiro-quaresmal-reune-familia-franciscana-de-angola.html","og_site_name":"Not\u00edcias - Franciscanos","article_published_time":"2019-03-11T14:12:57+00:00","og_image":[{"width":273,"height":181,"url":"https:\/\/franciscanos.org.br\/noticias\/wp-content\/uploads\/2019\/03\/angola_110319d.jpg","type":"image\/jpeg"}],"author":"moacir","twitter_card":"summary_large_image","twitter_misc":{"Escrito por":"moacir","Est. tempo de leitura":"2 minutos"},"schema":{"@context":"https:\/\/schema.org","@graph":[{"@type":"WebSite","@id":"https:\/\/franciscanos.org.br\/noticias\/#website","url":"https:\/\/franciscanos.org.br\/noticias\/","name":"Not\u00edcias - Franciscanos","description":"Prov\u00edncia Franciscana da Imaculada Concei\u00e7\u00e3o do Brasil - Ordem dos Frades Menores - OFM","potentialAction":[{"@type":"SearchAction","target":{"@type":"EntryPoint","urlTemplate":"https:\/\/franciscanos.org.br\/noticias\/?s={search_term_string}"},"query-input":"required name=search_term_string"}],"inLanguage":"pt-BR"},{"@type":"ImageObject","inLanguage":"pt-BR","@id":"https:\/\/franciscanos.org.br\/noticias\/retiro-quaresmal-reune-familia-franciscana-de-angola.html#primaryimage","url":"https:\/\/franciscanos.org.br\/noticias\/wp-content\/uploads\/2019\/03\/angola_110319d.jpg","contentUrl":"https:\/\/franciscanos.org.br\/noticias\/wp-content\/uploads\/2019\/03\/angola_110319d.jpg","width":273,"height":181},{"@type":"WebPage","@id":"https:\/\/franciscanos.org.br\/noticias\/retiro-quaresmal-reune-familia-franciscana-de-angola.html#webpage","url":"https:\/\/franciscanos.org.br\/noticias\/retiro-quaresmal-reune-familia-franciscana-de-angola.html","name":"Retiro quaresmal re\u00fane Fam\u00edlia Franciscana de Angola - Not\u00edcias - Franciscanos","isPartOf":{"@id":"https:\/\/franciscanos.org.br\/noticias\/#website"},"primaryImageOfPage":{"@id":"https:\/\/franciscanos.org.br\/noticias\/retiro-quaresmal-reune-familia-franciscana-de-angola.html#primaryimage"},"datePublished":"2019-03-11T14:12:57+00:00","dateModified":"2019-03-11T14:12:57+00:00","author":{"@id":"https:\/\/franciscanos.org.br\/noticias\/#\/schema\/person\/b5c8cba458c330ccff548b056e95a5d4"},"breadcrumb":{"@id":"https:\/\/franciscanos.org.br\/noticias\/retiro-quaresmal-reune-familia-franciscana-de-angola.html#breadcrumb"},"inLanguage":"pt-BR","potentialAction":[{"@type":"ReadAction","target":["https:\/\/franciscanos.org.br\/noticias\/retiro-quaresmal-reune-familia-franciscana-de-angola.html"]}]},{"@type":"BreadcrumbList","@id":"https:\/\/franciscanos.org.br\/noticias\/retiro-quaresmal-reune-familia-franciscana-de-angola.html#breadcrumb","itemListElement":[{"@type":"ListItem","position":1,"name":"Home","item":"https:\/\/franciscanos.org.br\/noticias"},{"@type":"ListItem","position":2,"name":"Retiro quaresmal re\u00fane Fam\u00edlia Franciscana de Angola"}]},{"@type":"Person","@id":"https:\/\/franciscanos.org.br\/noticias\/#\/schema\/person\/b5c8cba458c330ccff548b056e95a5d4","name":"moacir","image":{"@type":"ImageObject","inLanguage":"pt-BR","@id":"https:\/\/franciscanos.org.br\/noticias\/#\/schema\/person\/image\/","url":"https:\/\/secure.gravatar.com\/avatar\/d08aa2ce4c8dd416d4479aa8536fcf64?s=96&d=mm&r=g","contentUrl":"https:\/\/secure.gravatar.com\/avatar\/d08aa2ce4c8dd416d4479aa8536fcf64?s=96&d=mm&r=g","caption":"moacir"},"url":"https:\/\/franciscanos.org.br\/noticias\/author\/moacir"}]}},"_links":{"self":[{"href":"https:\/\/franciscanos.org.br\/noticias\/wp-json\/wp\/v2\/posts\/201385"}],"collection":[{"href":"https:\/\/franciscanos.org.br\/noticias\/wp-json\/wp\/v2\/posts"}],"about":[{"href":"https:\/\/franciscanos.org.br\/noticias\/wp-json\/wp\/v2\/types\/post"}],"author":[{"embeddable":true,"href":"https:\/\/franciscanos.org.br\/noticias\/wp-json\/wp\/v2\/users\/3"}],"replies":[{"embeddable":true,"href":"https:\/\/franciscanos.org.br\/noticias\/wp-json\/wp\/v2\/comments?post=201385"}],"version-history":[{"count":0,"href":"https:\/\/franciscanos.org.br\/noticias\/wp-json\/wp\/v2\/posts\/201385\/revisions"}],"wp:featuredmedia":[{"embeddable":true,"href":"https:\/\/franciscanos.org.br\/noticias\/wp-json\/wp\/v2\/media\/201387"}],"wp:attachment":[{"href":"https:\/\/franciscanos.org.br\/noticias\/wp-json\/wp\/v2\/media?parent=201385"}],"wp:term":[{"taxonomy":"category","embeddable":true,"href":"https:\/\/franciscanos.org.br\/noticias\/wp-json\/wp\/v2\/categories?post=201385"},{"taxonomy":"post_tag","embeddable":true,"href":"https:\/\/franciscanos.org.br\/noticias\/wp-json\/wp\/v2\/tags?post=201385"}],"curies":[{"name":"wp","href":"https:\/\/api.w.org\/{rel}","templated":true}]}}