{"id":201369,"date":"2019-03-09T10:11:25","date_gmt":"2019-03-09T13:11:25","guid":{"rendered":"https:\/\/franciscanos.org.br\/noticias\/?p=201369"},"modified":"2019-04-22T13:59:55","modified_gmt":"2019-04-22T16:59:55","slug":"dom-guilherme-e-preciso-reanimar-os-movimentos-sociais","status":"publish","type":"post","link":"https:\/\/franciscanos.org.br\/noticias\/dom-guilherme-e-preciso-reanimar-os-movimentos-sociais.html","title":{"rendered":"Dom Guilherme: \u00c9 preciso reanimar os movimentos sociais"},"content":{"rendered":"<p><img loading=\"lazy\" class=\"alignnone size-full wp-image-201370\" src=\"https:\/\/franciscanos.org.br\/noticias\/wp-content\/uploads\/2019\/03\/domguilherme_110319.jpg\" alt=\"\" width=\"980\" height=\"550\" srcset=\"https:\/\/franciscanos.org.br\/noticias\/wp-content\/uploads\/2019\/03\/domguilherme_110319.jpg 980w, https:\/\/franciscanos.org.br\/noticias\/wp-content\/uploads\/2019\/03\/domguilherme_110319-450x253.jpg 450w, https:\/\/franciscanos.org.br\/noticias\/wp-content\/uploads\/2019\/03\/domguilherme_110319-768x431.jpg 768w, https:\/\/franciscanos.org.br\/noticias\/wp-content\/uploads\/2019\/03\/domguilherme_110319-150x84.jpg 150w\" sizes=\"(max-width: 980px) 100vw, 980px\" \/><\/p>\n<p><strong>S\u00e3o Paulo (SP) &#8211; <\/strong>O bispo de Lages (SC) e presidente da Comiss\u00e3o Episcopal Pastoral para a A\u00e7\u00e3o Social Transformadora da Confer\u00eancia Nacional dos Bispos do Brasil (CNBB), <strong>Dom Guilherme Werlang<\/strong>, \u00e9 o s\u00e9timo entrevistado da S\u00e9rie Especial sobre a Campanha da Fraternidade, que neste ano tem como tema \u201cFraternidade e Pol\u00edticas P\u00fablicas\u201d.<\/p>\n<p>Segundo o bispo, \u201cos movimentos sociais s\u00e3o uma inst\u00e2ncia para que os pobres possam ter vida mais digna e buscar a vida plena e a mudan\u00e7a, como \u00e9 o desejo do pr\u00f3prio Jesus Cristo\u201d.<\/p>\n<p>Confira a entrevista concedida a <strong>Frei Gustavo Medella<\/strong>:<\/p>\n<p><strong>Site Franciscanos &#8211; Qual a import\u00e2ncia dos movimentos sociais para conquista de direitos pela popula\u00e7\u00e3o?<\/strong><\/p>\n<p><strong>Dom Guilherme &#8211; <\/strong>Em um pa\u00eds que quer se definir como democr\u00e1tico, os movimentos sociais s\u00e3o indispens\u00e1veis. Eles s\u00e3o a voz do povo mais pobre, sofrido, que n\u00e3o s\u00e3o contemplados em seus direitos de cidad\u00e3o. Eles s\u00e3o indispens\u00e1veis para o cumprimento dos direitos, sobretudo da parte mais fragilizada da popula\u00e7\u00e3o e da parte mais exclu\u00edda da sociedade. Se esta parcela da popula\u00e7\u00e3o n\u00e3o tivesse os movimentos sociais, certamente seria, mais do que j\u00e1 \u00e9, considerada pela elite dominante como um lixo social, ou como h\u00e1 muitos anos o padre Zezinho cantava, que era uma massa sobrante e exclu\u00edda como frutos de um sistema que s\u00f3 v\u00ea lucros em seus objetivos. Tive a oportunidade, h\u00e1 um ou dois anos, de participar do Superior Tribunal de Justi\u00e7a (STJ) na posi\u00e7\u00e3o de presidente da Comiss\u00e3o Episcopal para a A\u00e7\u00e3o Social Transformadora. Acompanhei a vota\u00e7\u00e3o para um pedido de <em>habeas corpus<\/em> em favor de um l\u00edder do Movimento Sem-Terra, que estava sendo criminalizado e preso injustamente. Pude ouvir do presidente do STJ que os movimentos sociais n\u00e3o s\u00e3o organiza\u00e7\u00f5es criminosas, como muitas pessoas dizem. Ganhamos aquele <em>habeas corpus<\/em> por seis votos a zero. Significa que eles, tendo ou n\u00e3o tendo um CNPJ, como \u00e0s vezes se atribui, s\u00e3o leg\u00edtimos, necess\u00e1rios e indispens\u00e1veis. Seja no campo ou na cidade, como moradores de rua, catadores de lixo, recicladores, sem-teto. Eles atuam quando os grupos sociais n\u00e3o s\u00e3o contemplados pelas Pol\u00edticas P\u00fablicas. A \u00fanica forma de sobreviverem e se defenderem, com dignidade, \u00e9 por meio das organiza\u00e7\u00f5es e movimentos sociais. N\u00f3s, como Igreja, n\u00e3o podemos ter medo de apoiar os movimentos. Nem sempre preciso assinar embaixo de tudo o que os movimentos sociais fazem. Eles caminham com as pr\u00f3prias pernas, pensam com a pr\u00f3pria cabe\u00e7a. Mas n\u00f3s, como Igreja &#8211; at\u00e9 pelo exemplo expl\u00edcito do Papa Francisco &#8211; temos, a partir do Evangelho, que tomar uma posi\u00e7\u00e3o, temos que estar juntos dos movimentos para refletir, caminhar com eles e dar ao povo dignidade de vida. N\u00e3o \u00e9 \u00e0 toa que o Papa Francisco realizou tr\u00eas encontros mundiais dos movimentos populares. Tive a oportunidade de participar do segundo encontro que aconteceu em Santa Cruz de La Sierra, na Bol\u00edvia. Sem d\u00favida, os movimentos sociais s\u00e3o uma inst\u00e2ncia para que os pobres possam ter vida, vida mais digna e vida plena, como \u00e9 o desejo do pr\u00f3prio Jesus Cristo.<\/p>\n<p><strong>Site Franciscanos &#8211; Quais os principais desafios para estes movimentos no Brasil hoje?<\/strong><\/p>\n<p><strong>Dom Guilherme &#8211; <\/strong>N\u00e3o gostaria de roubar a palavra dos movimentos sociais, mas, na minha vis\u00e3o, enquanto bispo e presidente da Comiss\u00e3o Episcopal Pastoral para a A\u00e7\u00e3o Social Transformadora da CNBB, creio que, especificamente neste momento hist\u00f3rico que o Brasil atravessa, quando sabemos que a campanha eleitoral, tanto para o Legislativo quanto para o Executivo, especialmente, desceu a n\u00edveis baix\u00edssimos, estamos diante de um quadro, que vejo com muita preocupa\u00e7\u00e3o, de retirada dos direitos adquiridos a duras penas pelo povo brasileiro na \u00e1rea trabalhista, seguridade social, sa\u00fade, educa\u00e7\u00e3o, alimenta\u00e7\u00e3o. Diante deste quadro que est\u00e1 a\u00ed, onde o capital nacional e internacional influenciam de uma forma avassaladora, buscando mais e mais lucros, desrespeitando a sociedade brasileira, o meio ambiente e a cultura. O maior desafio \u00e9 continuar organizado, mobilizado e resistindo. Neste momento, a resist\u00eancia deve ser a palavra-chave. N\u00e3o desistir, n\u00e3o entregar de m\u00e3o beijada aquilo que foi conquistado durante 20, 30 anos ou mais, depois do regime militar e depois da Constitui\u00e7\u00e3o de 1988. N\u00e3o podemos entregar aquilo que foi constru\u00eddo pelo povo para que o capital tenha mais lucros. O grande desafio \u00e9 desmascarar as mentiras, que, por meio da grande m\u00eddia, espalha-se e faz com que o povo acredite. Por exemplo, de que a Previd\u00eancia Social esteja quebrada. N\u00e3o existe isso e os n\u00fameros mostram. Bastaria cobrar todas as d\u00edvidas de INSS das grandes empresas e grandes capitais, como os bancos. Os movimentos sociais, neste momento, t\u00eam o desafio de continuar na resist\u00eancia. Muitos est\u00e3o perdendo o sonho, dizendo que tudo foi em v\u00e3o. \u00c9 preciso reanimar os movimentos sociais e tamb\u00e9m posicionar-se diante da amea\u00e7a da criminaliza\u00e7\u00e3o e da judicializa\u00e7\u00e3o destes grupos. Ser\u00e1 um momento muito dif\u00edcil para a sociedade brasileira, especialmente para as lideran\u00e7as dos movimentos, no campo, na cidade, nos sindicatos. Aqueles que, de fato, querem defender os direitos do povo brasileiro. Na minha vis\u00e3o, estes s\u00e3o os grandes desafios e que n\u00e3o podem ser temidos, mas enfrentados para que a democracia, que ainda \u00e9 fraca e fr\u00e1gil, n\u00e3o se perca naquilo que n\u00f3s j\u00e1 conquistamos com luta e organiza\u00e7\u00e3o popular.<\/p>\n<p><img loading=\"lazy\" class=\"alignnone size-full wp-image-201373\" src=\"https:\/\/franciscanos.org.br\/noticias\/wp-content\/uploads\/2019\/03\/dguilherme_110319_2.jpg\" alt=\"\" width=\"980\" height=\"550\" srcset=\"https:\/\/franciscanos.org.br\/noticias\/wp-content\/uploads\/2019\/03\/dguilherme_110319_2.jpg 980w, https:\/\/franciscanos.org.br\/noticias\/wp-content\/uploads\/2019\/03\/dguilherme_110319_2-450x253.jpg 450w, https:\/\/franciscanos.org.br\/noticias\/wp-content\/uploads\/2019\/03\/dguilherme_110319_2-768x431.jpg 768w, https:\/\/franciscanos.org.br\/noticias\/wp-content\/uploads\/2019\/03\/dguilherme_110319_2-150x84.jpg 150w\" sizes=\"(max-width: 980px) 100vw, 980px\" \/><\/p>\n<p><strong>Site Franciscanos &#8211; Qual a import\u00e2ncia das pastorais sociais para a caminhada da Igreja no Brasil?<\/strong><\/p>\n<p><strong>Dom Guilherme &#8211;<\/strong> A Igreja no Brasil, atrav\u00e9s da CNBB, tem 12 Comiss\u00f5es Episcopais Pastorais ordin\u00e1rias. Temos ainda algumas Comiss\u00f5es Episcopais extraordin\u00e1rias, como por exemplo a da Amaz\u00f4nia, a da quest\u00e3o da minera\u00e7\u00e3o. As pastorais sociais s\u00e3o o rosto da caridade da Igreja, atuam em nome da Igreja, em nome do Evangelho. Elas n\u00e3o est\u00e3o \u00e0 margem de outras pastorais. S\u00e3o mais de trinta pastorais sociais organizadas em n\u00edvel nacional. Elas est\u00e3o nas fronteiras, como diz o Papa Francisco. Est\u00e3o onde \u00e9 mais dif\u00edcil e procuram ser a presen\u00e7a solid\u00e1ria da Igreja junto \u00e0quelas pessoas fragilizadas e vulner\u00e1veis, com uma palavra de esperan\u00e7a, sendo presen\u00e7a do Bom Pastor e do bom samaritano no socorro \u00e0queles que est\u00e3o ca\u00eddos ao longo da estrada. As pastorais sociais enfrentam grandes desafios. Muitas vezes pessoas da pr\u00f3pria Igreja, nas par\u00f3quias e nas dioceses, n\u00e3o olham com bons olhos os leigos e leigas, religiosas e religiosos que est\u00e3o nas pastorais sociais. Os bispos das pastorais sociais, em nome da CNBB, assumem este trabalho nos regionais, acompanhando os grupos, e muitas vezes, estes bispos s\u00e3o facilmente classificados pela sociedade como bispos \u201ccomunistas\u201d, sofrem restri\u00e7\u00f5es e acusa\u00e7\u00f5es falsas. A import\u00e2ncia das pastorais sociais na Igreja no Brasil, sem d\u00favida, \u00e9 sumamente importante e caminha lado a lado com a liturgia, catequese, C\u00e1ritas, todas as outras organiza\u00e7\u00f5es da Igreja. O Evangelho, sem a caridade, n\u00e3o \u00e9 um Evangelho crist\u00e3o. J\u00e1 escrevia S\u00e3o Tiago que a f\u00e9 sem obras \u00e9 morta. Algu\u00e9m que est\u00e1 nas pastorais sociais est\u00e1 na Igreja, assim como quem est\u00e1 a servi\u00e7o da liturgia, catequese, etc. Como os trabalhos s\u00e3o muitos, cada organiza\u00e7\u00e3o deve distribuir as responsabilidades, dividindo o servi\u00e7o, para que o corpo social possa ser devidamente atendido. As pastorais sociais n\u00e3o servem somente \u00e0 pr\u00f3pria Igreja, mas est\u00e3o a servi\u00e7o da sociedade. Elas s\u00e3o a presen\u00e7a da Igreja nos pres\u00eddios, entre os moradores de rua, os sem-teto, os sem-terra, aqueles que n\u00e3o t\u00eam voz e nem vez. Por isso, precisamos dar incentivo, apoio e solidariedade a todos que militam e lutam nas pastorais sociais, sem temer as cr\u00edticas e persegui\u00e7\u00f5es &#8211; e muitas vezes at\u00e9 as mortes. Grande parte dos assassinatos das lideran\u00e7as dos movimentos sociais acontece porque eles os agentes atuam nas pastorais sociais. Temos muito sangue de m\u00e1rtires correndo neste pa\u00eds. O sangue dos m\u00e1rtires sempre \u00e9 sementeira de Evangelho, que vai fazer brotar vida nova. N\u00f3s n\u00e3o queremos a morte de ningu\u00e9m, n\u00e3o podemos querer isso, mas precisamos daqueles que, assim como Jesus Cristo, S\u00e3o Paulo e os ap\u00f3stolos em geral, n\u00e3o temem anunciar o Evangelho. E as pastorais sociais t\u00eam esse papel desafiador e sumamente importante na caminhada da Igreja no Brasil e no mundo.<\/p>\n<p>Ou\u00e7a a entrevista:<\/p>\n<p><iframe loading=\"lazy\" src=\"https:\/\/w.soundcloud.com\/player\/?url=https%3A\/\/api.soundcloud.com\/tracks\/589439490&amp;color=%23ff5500&amp;auto_play=true&amp;hide_related=false&amp;show_comments=false&amp;show_user=true&amp;show_reposts=false&amp;show_teaser=false\" width=\"100%\" height=\"166\" frameborder=\"no\" scrolling=\"no\"><\/iframe><\/p>\n<p><iframe loading=\"lazy\" src=\"https:\/\/w.soundcloud.com\/player\/?url=https%3A\/\/api.soundcloud.com\/tracks\/589439514&amp;color=%23ff5500&amp;auto_play=true&amp;hide_related=false&amp;show_comments=false&amp;show_user=true&amp;show_reposts=false&amp;show_teaser=false\" width=\"100%\" height=\"166\" frameborder=\"no\" scrolling=\"no\"><\/iframe><\/p>\n<p><iframe loading=\"lazy\" src=\"https:\/\/w.soundcloud.com\/player\/?url=https%3A\/\/api.soundcloud.com\/tracks\/589439538&amp;color=%23ff5500&amp;auto_play=true&amp;hide_related=false&amp;show_comments=false&amp;show_user=true&amp;show_reposts=false&amp;show_teaser=false\" width=\"100%\" height=\"166\" frameborder=\"no\" scrolling=\"no\"><\/iframe><\/p>\n<hr \/>\n<p><strong>Confira todas as entrevistas: <\/strong><\/p>\n<p><strong>Tema e Lema da CF | Entrevistado:\u00a0 \u00a0 \u00a0<\/strong><strong><a href=\"https:\/\/franciscanos.org.br\/noticias\/d-leonardo-sejamos-ativos-na-construcao-de-politicas-publicas.html\">Dom Leonardo Ulrich Steiner<\/a><\/strong><\/p>\n<p style=\"padding-left: 30px;\">Bispo Auxiliar de Bras\u00edlia e secret\u00e1rio-geral da CNBB.<\/p>\n<p><strong>Conceito de Pol\u00edticas P\u00fablicas | Entrevistado: <a href=\"https:\/\/franciscanos.org.br\/noticias\/o-que-sao-e-como-funcionam-as-politicas-publicas.html\" target=\"_blank\" rel=\"noopener noreferrer\">Robert Soares do Nascimento<\/a><\/strong><\/p>\n<p style=\"padding-left: 30px;\">Agente de Pastoral, comp\u00f5e o N\u00facleo em Educa\u00e7\u00e3o e Direitos Humanos da UNISAL (Centro Universit\u00e1rio Salesiano de S\u00e3o Paulo) e participa do Grupo de Trabalho de Justi\u00e7a Restaurativa da Comarca de Americana (SP).<\/p>\n<p><strong>Pol\u00edtica como exerc\u00edcio do bem comum | Entrevistado: <a href=\"https:\/\/franciscanos.org.br\/noticias\/politica-como-exercicio-da-busca-do-bem-comum.html\" target=\"_blank\" rel=\"noopener noreferrer\">Felix Fernando Siriani<\/a><\/strong><\/p>\n<p style=\"padding-left: 30px;\">Formado em Gest\u00e3o de Pol\u00edticas P\u00fablicas, especialista em Pedagogia Social, Pastoral Escolar e mestrando em Mudan\u00e7a Social e Pol\u00edticas P\u00fablicas.<\/p>\n<p><strong>Doutrina Social da Igreja | Entrevistado: <a href=\"https:\/\/franciscanos.org.br\/noticias\/uma-boa-igreja-tem-que-ter-um-grande-amor-aos-pobres-afirma-fernando-altemeyer.html\" target=\"_blank\" rel=\"noopener noreferrer\">Prof. Dr. Fernando Altemeyer Junior<\/a><\/strong><\/p>\n<p style=\"padding-left: 30px;\">Chefe do Departamento de Ci\u00eancia da Religi\u00e3o da PUC-SP.<\/p>\n<p><strong>As a\u00e7\u00f5es e ensinamentos de Jesus como inspira\u00e7\u00e3o para pol\u00edticas em favor da cidadania |Entrevistado:\u00a0<a href=\"https:\/\/franciscanos.org.br\/noticias\/o-eixo-das-politicas-publicas-justica-paz-e-alegria.html\" target=\"_blank\" rel=\"noopener noreferrer\">Francisco Orofino<\/a><\/strong><\/p>\n<p style=\"padding-left: 30px;\">Leigo, professor de Teologia B\u00edblica em Nova Igua\u00e7u (RJ) e assessor do CEBI (Centro de Estudos B\u00edblicos) e do ISER Assessoria (Instituto de Estudos da Religi\u00e3o).<\/p>\n<p><strong>Os franciscanos e o engajamento pol\u00edtico | Entrevistado: <a href=\"https:\/\/franciscanos.org.br\/noticias\/frei-vitorio-pede-mais-indignacao-profetica.html\" target=\"_blank\" rel=\"noopener noreferrer\">Frei Vitorio Mazzuco<\/a><\/strong><\/p>\n<p style=\"padding-left: 30px;\">Mestre em espiritualidade e coordenador da Pastoral Universit\u00e1ria da USF.<\/p>\n<p><strong>A import\u00e2ncia dos Movimentos Sociais na busca do bem comum | Entrevistado: <a href=\"https:\/\/franciscanos.org.br\/noticias\/dom-guilherme-e-preciso-reanimar-os-movimentos-sociais.html\" target=\"_blank\" rel=\"noopener noreferrer\">Dom Guilherme Werlang<\/a><\/strong><\/p>\n<p style=\"padding-left: 30px;\">Bispo da Diocese de Lages (SC) e presidente da Comiss\u00e3o Episcopal Pastoral para a A\u00e7\u00e3o Social Transformadora da CNBB.<\/p>\n<p><strong>Pol\u00edticas P\u00fablicas na \u00e1rea da sa\u00fade | Entrevistado: <a href=\"https:\/\/franciscanos.org.br\/noticias\/politicas-publicas-em-favor-da-saude.html\" target=\"_blank\" rel=\"noopener noreferrer\">Fernando Pigatto <\/a><\/strong><\/p>\n<p style=\"padding-left: 30px;\">Presidente do Conselho Nacional de Sa\u00fade (CNS) e Representante da Confedera\u00e7\u00e3o Nacional das Associa\u00e7\u00f5es de Moradores (CONAM).<\/p>\n<p><strong>Pol\u00edticas P\u00fablicas na seguran\u00e7a | Entrevistado: <a href=\"https:\/\/franciscanos.org.br\/noticias\/a-seguranca-publica-precisa-da-integracao-das-instituicoes-e-da-comunidade.html\" target=\"_blank\" rel=\"noopener noreferrer\">Ricardo Bedendo<\/a><\/strong><\/p>\n<p style=\"padding-left: 30px;\">Jornalista e Mestre em Ci\u00eancias Sociais, integra o n\u00facleo de Estudos de Viol\u00eancia e Direitos Humanos da P\u00f3s-Gradua\u00e7\u00e3o em Ci\u00eancias Sociais da Universidade Federal de Juiz de Fora (UFJF).<\/p>\n<p><strong>Pol\u00edticas P\u00fablicas e Assist\u00eancia Social | Entrevistada: <a href=\"https:\/\/franciscanos.org.br\/noticias\/olhar-a-assistencia-social-como-um-direito-nao-um-favor.html\" target=\"_blank\" rel=\"noopener noreferrer\">Rosangela Pezoti<\/a><\/strong><\/p>\n<p style=\"padding-left: 30px;\">Doutora em Servi\u00e7o Social, respons\u00e1vel pelas \u00e1reas t\u00e9cnica e de articula\u00e7\u00e3o pol\u00edtica do Sefras &#8211; Servi\u00e7o Franciscano de Solidariedade.<\/p>\n<p><strong>Pol\u00edticas P\u00fablicas em favor dos negros | Entrevistado: <a href=\"https:\/\/franciscanos.org.br\/noticias\/cf-as-politicas-publicas-em-favor-dos-negros-sao-uma-conquista-de-todos.html\" target=\"_blank\" rel=\"noopener noreferrer\">Frei David Raimundo Santos<\/a><\/strong><\/p>\n<p style=\"padding-left: 30px;\">Presidente da Educafro (Educa\u00e7\u00e3o e Cidadania de Afrodescendentes e Carentes).<\/p>\n<p><strong>Import\u00e2ncia da participa\u00e7\u00e3o nos espa\u00e7os de controle social | Entrevistada: <a href=\"https:\/\/franciscanos.org.br\/noticias\/valdenia-o-controle-social-e-responsabilidade-de-toda-sociedade.html\" target=\"_blank\" rel=\"noopener noreferrer\">Vald\u00eania Paulino<\/a><\/strong><\/p>\n<p style=\"padding-left: 30px;\">Advogada, integra o Centro de Direitos Humanos de Sapopemba (SP)<\/p>\n<p><strong>Pol\u00edticas P\u00fablicas em favor dos \u00edndios e dos povos origin\u00e1rios | Entrevistado: <a href=\"https:\/\/franciscanos.org.br\/noticias\/e-preciso-lutar-para-que-nao-haja-retrocesso-nas-politicas-publicas-em-prol-dos-indigenas.html\" target=\"_blank\" rel=\"noopener noreferrer\">Egon Heck<\/a><\/strong><\/p>\n<p style=\"padding-left: 30px;\">Assessor do secretariado do Conselho Indigenista Mission\u00e1rio \u2013 Cimi.<\/p>\n<p><strong>Pol\u00edticas P\u00fablicas e Juventude | Entrevistada: <a href=\"https:\/\/franciscanos.org.br\/noticias\/por-mais-politicas-que-promovam-igualdade-de-oportunidades-entre-as-juventudes.html\" target=\"_blank\" rel=\"noopener noreferrer\">Anna Luiza Salles Souto<\/a><\/strong><\/p>\n<p style=\"padding-left: 30px;\">Coordenadora da \u00e1rea de Democracia e Participa\u00e7\u00e3o do Instituto P\u00f3lis.<\/p>\n<p><strong>Pol\u00edticas P\u00fablicas e na \u00e1rea da educa\u00e7\u00e3o | Entrevistado: <a href=\"https:\/\/franciscanos.org.br\/noticias\/a-educacao-como-um-instrumento-transformador-da-sociedade.html\" target=\"_blank\" rel=\"noopener noreferrer\">Professor Dilnei Lorenzi<\/a><\/strong><\/p>\n<p style=\"padding-left: 30px;\">Pr\u00f3-Reitor de Ensino, Pesquisa e Extens\u00e3o da Universidade S\u00e3o Francisco (USF).<\/p>\n<p><strong>Sa\u00fade e o bem comum | Entrevistado: <a href=\"https:\/\/franciscanos.org.br\/noticias\/o-papel-da-pastoral-da-saude-nas-politicas-publicas.html\" target=\"_blank\" rel=\"noopener noreferrer\">Pe. Christian de Paul de Barchifontaine<\/a><\/strong><\/p>\n<p style=\"padding-left: 30px;\">Assessor Internacional dos Camilianos na \u00c1rea da Sa\u00fade, Rela\u00e7\u00f5es P\u00fablicas das Organiza\u00e7\u00f5es Camilianas.<\/p>\n<p><strong>O exemplo concreto no Rio de Janeiro | Entrevistado: <a href=\"https:\/\/franciscanos.org.br\/noticias\/o-exemplo-concreto-do-forum-grita-baixada-no-exercicio-das-politicas-publicas.html\" target=\"_blank\" rel=\"noopener noreferrer\">Adriano de Ara\u00fajo<\/a><\/strong><\/p>\n<p style=\"padding-left: 30px;\">Soci\u00f3logo, coordenador do F\u00f3rum Grita Baixada.<\/p>\n","protected":false},"excerpt":{"rendered":"<p>Especial Campanha da Fraternidade<\/p>\n","protected":false},"author":1,"featured_media":201372,"comment_status":"open","ping_status":"open","sticky":false,"template":"","format":"standard","meta":[],"categories":[758],"tags":[818,180,29],"acf":[],"yoast_head":"<!-- This site is optimized with the Yoast SEO plugin v19.2 - https:\/\/yoast.com\/wordpress\/plugins\/seo\/ -->\n<title>Dom Guilherme: \u00c9 preciso reanimar os movimentos sociais - Not\u00edcias - Franciscanos<\/title>\n<meta name=\"robots\" content=\"index, follow, max-snippet:-1, max-image-preview:large, max-video-preview:-1\" \/>\n<link rel=\"canonical\" href=\"https:\/\/franciscanos.org.br\/noticias\/dom-guilherme-e-preciso-reanimar-os-movimentos-sociais.html\" \/>\n<meta property=\"og:locale\" content=\"pt_BR\" \/>\n<meta property=\"og:type\" content=\"article\" \/>\n<meta property=\"og:title\" content=\"Dom Guilherme: \u00c9 preciso reanimar os movimentos sociais - Not\u00edcias - Franciscanos\" \/>\n<meta property=\"og:description\" content=\"Especial Campanha da Fraternidade\" \/>\n<meta property=\"og:url\" content=\"https:\/\/franciscanos.org.br\/noticias\/dom-guilherme-e-preciso-reanimar-os-movimentos-sociais.html\" \/>\n<meta property=\"og:site_name\" content=\"Not\u00edcias - Franciscanos\" \/>\n<meta property=\"article:published_time\" content=\"2019-03-09T13:11:25+00:00\" \/>\n<meta property=\"article:modified_time\" content=\"2019-04-22T16:59:55+00:00\" \/>\n<meta property=\"og:image\" content=\"https:\/\/franciscanos.org.br\/noticias\/wp-content\/uploads\/2019\/03\/domguilherme_110319p.jpg\" \/>\n\t<meta property=\"og:image:width\" content=\"273\" \/>\n\t<meta property=\"og:image:height\" content=\"181\" \/>\n\t<meta property=\"og:image:type\" content=\"image\/jpeg\" \/>\n<meta name=\"author\" content=\"admin\" \/>\n<meta name=\"twitter:card\" content=\"summary_large_image\" \/>\n<meta name=\"twitter:label1\" content=\"Escrito por\" \/>\n\t<meta name=\"twitter:data1\" content=\"admin\" \/>\n\t<meta name=\"twitter:label2\" content=\"Est. tempo de leitura\" \/>\n\t<meta name=\"twitter:data2\" content=\"10 minutos\" \/>\n<script type=\"application\/ld+json\" class=\"yoast-schema-graph\">{\"@context\":\"https:\/\/schema.org\",\"@graph\":[{\"@type\":\"WebSite\",\"@id\":\"https:\/\/franciscanos.org.br\/noticias\/#website\",\"url\":\"https:\/\/franciscanos.org.br\/noticias\/\",\"name\":\"Not\u00edcias - Franciscanos\",\"description\":\"Prov\u00edncia Franciscana da Imaculada Concei\u00e7\u00e3o do Brasil - Ordem dos Frades Menores - OFM\",\"potentialAction\":[{\"@type\":\"SearchAction\",\"target\":{\"@type\":\"EntryPoint\",\"urlTemplate\":\"https:\/\/franciscanos.org.br\/noticias\/?s={search_term_string}\"},\"query-input\":\"required name=search_term_string\"}],\"inLanguage\":\"pt-BR\"},{\"@type\":\"ImageObject\",\"inLanguage\":\"pt-BR\",\"@id\":\"https:\/\/franciscanos.org.br\/noticias\/dom-guilherme-e-preciso-reanimar-os-movimentos-sociais.html#primaryimage\",\"url\":\"https:\/\/franciscanos.org.br\/noticias\/wp-content\/uploads\/2019\/03\/domguilherme_110319p.jpg\",\"contentUrl\":\"https:\/\/franciscanos.org.br\/noticias\/wp-content\/uploads\/2019\/03\/domguilherme_110319p.jpg\",\"width\":273,\"height\":181},{\"@type\":\"WebPage\",\"@id\":\"https:\/\/franciscanos.org.br\/noticias\/dom-guilherme-e-preciso-reanimar-os-movimentos-sociais.html#webpage\",\"url\":\"https:\/\/franciscanos.org.br\/noticias\/dom-guilherme-e-preciso-reanimar-os-movimentos-sociais.html\",\"name\":\"Dom Guilherme: \u00c9 preciso reanimar os movimentos sociais - Not\u00edcias - Franciscanos\",\"isPartOf\":{\"@id\":\"https:\/\/franciscanos.org.br\/noticias\/#website\"},\"primaryImageOfPage\":{\"@id\":\"https:\/\/franciscanos.org.br\/noticias\/dom-guilherme-e-preciso-reanimar-os-movimentos-sociais.html#primaryimage\"},\"datePublished\":\"2019-03-09T13:11:25+00:00\",\"dateModified\":\"2019-04-22T16:59:55+00:00\",\"author\":{\"@id\":\"https:\/\/franciscanos.org.br\/noticias\/#\/schema\/person\/b38fbf43118f02820bd932f2e4b14ad3\"},\"breadcrumb\":{\"@id\":\"https:\/\/franciscanos.org.br\/noticias\/dom-guilherme-e-preciso-reanimar-os-movimentos-sociais.html#breadcrumb\"},\"inLanguage\":\"pt-BR\",\"potentialAction\":[{\"@type\":\"ReadAction\",\"target\":[\"https:\/\/franciscanos.org.br\/noticias\/dom-guilherme-e-preciso-reanimar-os-movimentos-sociais.html\"]}]},{\"@type\":\"BreadcrumbList\",\"@id\":\"https:\/\/franciscanos.org.br\/noticias\/dom-guilherme-e-preciso-reanimar-os-movimentos-sociais.html#breadcrumb\",\"itemListElement\":[{\"@type\":\"ListItem\",\"position\":1,\"name\":\"Home\",\"item\":\"https:\/\/franciscanos.org.br\/noticias\"},{\"@type\":\"ListItem\",\"position\":2,\"name\":\"Dom Guilherme: \u00c9 preciso reanimar os movimentos sociais\"}]},{\"@type\":\"Person\",\"@id\":\"https:\/\/franciscanos.org.br\/noticias\/#\/schema\/person\/b38fbf43118f02820bd932f2e4b14ad3\",\"name\":\"admin\",\"image\":{\"@type\":\"ImageObject\",\"inLanguage\":\"pt-BR\",\"@id\":\"https:\/\/franciscanos.org.br\/noticias\/#\/schema\/person\/image\/\",\"url\":\"https:\/\/secure.gravatar.com\/avatar\/e8495742d34d0ba6448ea1c628263b3e?s=96&d=mm&r=g\",\"contentUrl\":\"https:\/\/secure.gravatar.com\/avatar\/e8495742d34d0ba6448ea1c628263b3e?s=96&d=mm&r=g\",\"caption\":\"admin\"},\"url\":\"https:\/\/franciscanos.org.br\/noticias\/author\/admin\"}]}<\/script>\n<!-- \/ Yoast SEO plugin. -->","yoast_head_json":{"title":"Dom Guilherme: \u00c9 preciso reanimar os movimentos sociais - Not\u00edcias - Franciscanos","robots":{"index":"index","follow":"follow","max-snippet":"max-snippet:-1","max-image-preview":"max-image-preview:large","max-video-preview":"max-video-preview:-1"},"canonical":"https:\/\/franciscanos.org.br\/noticias\/dom-guilherme-e-preciso-reanimar-os-movimentos-sociais.html","og_locale":"pt_BR","og_type":"article","og_title":"Dom Guilherme: \u00c9 preciso reanimar os movimentos sociais - Not\u00edcias - Franciscanos","og_description":"Especial Campanha da Fraternidade","og_url":"https:\/\/franciscanos.org.br\/noticias\/dom-guilherme-e-preciso-reanimar-os-movimentos-sociais.html","og_site_name":"Not\u00edcias - Franciscanos","article_published_time":"2019-03-09T13:11:25+00:00","article_modified_time":"2019-04-22T16:59:55+00:00","og_image":[{"width":273,"height":181,"url":"https:\/\/franciscanos.org.br\/noticias\/wp-content\/uploads\/2019\/03\/domguilherme_110319p.jpg","type":"image\/jpeg"}],"author":"admin","twitter_card":"summary_large_image","twitter_misc":{"Escrito por":"admin","Est. tempo de leitura":"10 minutos"},"schema":{"@context":"https:\/\/schema.org","@graph":[{"@type":"WebSite","@id":"https:\/\/franciscanos.org.br\/noticias\/#website","url":"https:\/\/franciscanos.org.br\/noticias\/","name":"Not\u00edcias - Franciscanos","description":"Prov\u00edncia Franciscana da Imaculada Concei\u00e7\u00e3o do Brasil - Ordem dos Frades Menores - OFM","potentialAction":[{"@type":"SearchAction","target":{"@type":"EntryPoint","urlTemplate":"https:\/\/franciscanos.org.br\/noticias\/?s={search_term_string}"},"query-input":"required name=search_term_string"}],"inLanguage":"pt-BR"},{"@type":"ImageObject","inLanguage":"pt-BR","@id":"https:\/\/franciscanos.org.br\/noticias\/dom-guilherme-e-preciso-reanimar-os-movimentos-sociais.html#primaryimage","url":"https:\/\/franciscanos.org.br\/noticias\/wp-content\/uploads\/2019\/03\/domguilherme_110319p.jpg","contentUrl":"https:\/\/franciscanos.org.br\/noticias\/wp-content\/uploads\/2019\/03\/domguilherme_110319p.jpg","width":273,"height":181},{"@type":"WebPage","@id":"https:\/\/franciscanos.org.br\/noticias\/dom-guilherme-e-preciso-reanimar-os-movimentos-sociais.html#webpage","url":"https:\/\/franciscanos.org.br\/noticias\/dom-guilherme-e-preciso-reanimar-os-movimentos-sociais.html","name":"Dom Guilherme: \u00c9 preciso reanimar os movimentos sociais - Not\u00edcias - Franciscanos","isPartOf":{"@id":"https:\/\/franciscanos.org.br\/noticias\/#website"},"primaryImageOfPage":{"@id":"https:\/\/franciscanos.org.br\/noticias\/dom-guilherme-e-preciso-reanimar-os-movimentos-sociais.html#primaryimage"},"datePublished":"2019-03-09T13:11:25+00:00","dateModified":"2019-04-22T16:59:55+00:00","author":{"@id":"https:\/\/franciscanos.org.br\/noticias\/#\/schema\/person\/b38fbf43118f02820bd932f2e4b14ad3"},"breadcrumb":{"@id":"https:\/\/franciscanos.org.br\/noticias\/dom-guilherme-e-preciso-reanimar-os-movimentos-sociais.html#breadcrumb"},"inLanguage":"pt-BR","potentialAction":[{"@type":"ReadAction","target":["https:\/\/franciscanos.org.br\/noticias\/dom-guilherme-e-preciso-reanimar-os-movimentos-sociais.html"]}]},{"@type":"BreadcrumbList","@id":"https:\/\/franciscanos.org.br\/noticias\/dom-guilherme-e-preciso-reanimar-os-movimentos-sociais.html#breadcrumb","itemListElement":[{"@type":"ListItem","position":1,"name":"Home","item":"https:\/\/franciscanos.org.br\/noticias"},{"@type":"ListItem","position":2,"name":"Dom Guilherme: \u00c9 preciso reanimar os movimentos sociais"}]},{"@type":"Person","@id":"https:\/\/franciscanos.org.br\/noticias\/#\/schema\/person\/b38fbf43118f02820bd932f2e4b14ad3","name":"admin","image":{"@type":"ImageObject","inLanguage":"pt-BR","@id":"https:\/\/franciscanos.org.br\/noticias\/#\/schema\/person\/image\/","url":"https:\/\/secure.gravatar.com\/avatar\/e8495742d34d0ba6448ea1c628263b3e?s=96&d=mm&r=g","contentUrl":"https:\/\/secure.gravatar.com\/avatar\/e8495742d34d0ba6448ea1c628263b3e?s=96&d=mm&r=g","caption":"admin"},"url":"https:\/\/franciscanos.org.br\/noticias\/author\/admin"}]}},"_links":{"self":[{"href":"https:\/\/franciscanos.org.br\/noticias\/wp-json\/wp\/v2\/posts\/201369"}],"collection":[{"href":"https:\/\/franciscanos.org.br\/noticias\/wp-json\/wp\/v2\/posts"}],"about":[{"href":"https:\/\/franciscanos.org.br\/noticias\/wp-json\/wp\/v2\/types\/post"}],"author":[{"embeddable":true,"href":"https:\/\/franciscanos.org.br\/noticias\/wp-json\/wp\/v2\/users\/1"}],"replies":[{"embeddable":true,"href":"https:\/\/franciscanos.org.br\/noticias\/wp-json\/wp\/v2\/comments?post=201369"}],"version-history":[{"count":0,"href":"https:\/\/franciscanos.org.br\/noticias\/wp-json\/wp\/v2\/posts\/201369\/revisions"}],"wp:featuredmedia":[{"embeddable":true,"href":"https:\/\/franciscanos.org.br\/noticias\/wp-json\/wp\/v2\/media\/201372"}],"wp:attachment":[{"href":"https:\/\/franciscanos.org.br\/noticias\/wp-json\/wp\/v2\/media?parent=201369"}],"wp:term":[{"taxonomy":"category","embeddable":true,"href":"https:\/\/franciscanos.org.br\/noticias\/wp-json\/wp\/v2\/categories?post=201369"},{"taxonomy":"post_tag","embeddable":true,"href":"https:\/\/franciscanos.org.br\/noticias\/wp-json\/wp\/v2\/tags?post=201369"}],"curies":[{"name":"wp","href":"https:\/\/api.w.org\/{rel}","templated":true}]}}