{"id":201321,"date":"2019-03-10T17:45:38","date_gmt":"2019-03-10T20:45:38","guid":{"rendered":"https:\/\/franciscanos.org.br\/noticias\/?p=201321"},"modified":"2019-03-11T11:19:41","modified_gmt":"2019-03-11T14:19:41","slug":"via-sacra-com-sao-francisco-de-assis-ao-convento-da-penha","status":"publish","type":"post","link":"https:\/\/franciscanos.org.br\/noticias\/via-sacra-com-sao-francisco-de-assis-ao-convento-da-penha.html","title":{"rendered":"Par\u00f3quia do Ros\u00e1rio medita e encena Via-Sacra Franciscana"},"content":{"rendered":"<p><img loading=\"lazy\" class=\"aligncenter size-full wp-image-201322\" src=\"https:\/\/franciscanos.org.br\/noticias\/wp-content\/uploads\/2019\/03\/viasacra_110319.jpg\" alt=\"\" width=\"890\" height=\"500\" srcset=\"https:\/\/franciscanos.org.br\/noticias\/wp-content\/uploads\/2019\/03\/viasacra_110319.jpg 890w, https:\/\/franciscanos.org.br\/noticias\/wp-content\/uploads\/2019\/03\/viasacra_110319-450x253.jpg 450w, https:\/\/franciscanos.org.br\/noticias\/wp-content\/uploads\/2019\/03\/viasacra_110319-768x431.jpg 768w, https:\/\/franciscanos.org.br\/noticias\/wp-content\/uploads\/2019\/03\/viasacra_110319-150x84.jpg 150w\" sizes=\"(max-width: 890px) 100vw, 890px\" \/><\/p>\n<p>Com o in\u00edcio da Quaresma, uma devo\u00e7\u00e3o desse tempo foi feita e representada pelos paroquianos (as) da Par\u00f3quia do Ros\u00e1rio, de Vila Velha (ES), na sexta-feira \u00e0 noite (8\/3). O local n\u00e3o poderia ser mais prop\u00edcio para rezar e meditar os passos de Jesus: o Morro que sobe ao Convento da Penha, onde os n\u00fameros das esta\u00e7\u00f5es est\u00e3o cravados nas \u00e1rvores da subida.<\/p>\n<p>A concentra\u00e7\u00e3o dos fi\u00e9is se deu \u00e0s 19 horas no port\u00e3o principal do Convento da Penha e, \u00e0s 19h30, teve in\u00edcio a subida do Morro. Foi a primeira vez que a Par\u00f3quia celebrou a Via-sacra neste trajeto.<\/p>\n<p>Ao som do mantra <em>Meu Deus e meu tudo, <\/em>iniciou-se esta devo\u00e7\u00e3o. O texto que serviu de base para a reflex\u00e3o \u00e9 uma adapta\u00e7\u00e3o da Via-Sacra com S\u00e3o Francisco de Assis, \u00a0do Devocion\u00e1rio Franciscano. Esta\u00e7\u00e3o por esta\u00e7\u00e3o, meditou-se sobre os passos de Jesus, tendo como pano de fundo a espiritualidade franciscana e a vida de Francisco de Assis.<\/p>\n<p><img loading=\"lazy\" class=\"aligncenter size-full wp-image-201323\" src=\"https:\/\/franciscanos.org.br\/noticias\/wp-content\/uploads\/2019\/03\/viasacra_110319_3.jpg\" alt=\"\" width=\"890\" height=\"501\" srcset=\"https:\/\/franciscanos.org.br\/noticias\/wp-content\/uploads\/2019\/03\/viasacra_110319_3.jpg 890w, https:\/\/franciscanos.org.br\/noticias\/wp-content\/uploads\/2019\/03\/viasacra_110319_3-450x253.jpg 450w, https:\/\/franciscanos.org.br\/noticias\/wp-content\/uploads\/2019\/03\/viasacra_110319_3-768x432.jpg 768w, https:\/\/franciscanos.org.br\/noticias\/wp-content\/uploads\/2019\/03\/viasacra_110319_3-150x84.jpg 150w\" sizes=\"(max-width: 890px) 100vw, 890px\" \/><\/p>\n<p>O caminho da cruz tamb\u00e9m contou com uma \u201catualiza\u00e7\u00e3o\u201d dos passos de Jesus. Todas as pessoas presentes foram convidadas a olhar a Paix\u00e3o de Cristo com o olhar franciscano e a refletir a pr\u00f3pria caminhada como crist\u00e3os.<\/p>\n<p>Terminada as esta\u00e7\u00f5es, que foram dirigidas pelos frades da Par\u00f3quia Nossa Senhora do Ros\u00e1rio, todos os que estavam na Via-Sacra foram surpreendidos por uma encena\u00e7\u00e3o preparada pelos paroquianos. \u201cMaria, de bra\u00e7os abertos, recebia Jesus; Francisco de Assis, no meio da cena, abra\u00e7a Maria e chora a Paix\u00e3o de Jesus, filho de Deus\u201d.<\/p>\n<p>Ao final de tudo, Frei Matheus Borsoi fez uma pequena exorta\u00e7\u00e3o a todos os presentes: \u201cComo Francisco de Assis, devemos chorar, mas n\u00e3o por tristeza, mas por amor. Amor este por quem primeiro nos amou\u201d.<\/p>\n<p><img loading=\"lazy\" class=\"aligncenter size-full wp-image-201325\" src=\"https:\/\/franciscanos.org.br\/noticias\/wp-content\/uploads\/2019\/03\/viasacra_110319_5.jpg\" alt=\"\" width=\"890\" height=\"593\" srcset=\"https:\/\/franciscanos.org.br\/noticias\/wp-content\/uploads\/2019\/03\/viasacra_110319_5.jpg 890w, https:\/\/franciscanos.org.br\/noticias\/wp-content\/uploads\/2019\/03\/viasacra_110319_5-450x300.jpg 450w, https:\/\/franciscanos.org.br\/noticias\/wp-content\/uploads\/2019\/03\/viasacra_110319_5-768x512.jpg 768w, https:\/\/franciscanos.org.br\/noticias\/wp-content\/uploads\/2019\/03\/viasacra_110319_5-150x100.jpg 150w\" sizes=\"(max-width: 890px) 100vw, 890px\" \/><\/p>\n<p>\u201cA Quaresma \u00e9 tempo de convers\u00e3o, de olharmos para dentro de nossos cora\u00e7\u00f5es, reconhecer a nossa fragilidade como humanos, mas principalmente reconhecer que Deus \u00e9 maior que tudo isso. Seu amor nos perdoa e nos salva\u201d, recordou Frei Matheus.<\/p>\n<p>Ao final da celebra\u00e7\u00e3o, alguns jovens subiram ao palco e, representando Francisco, abra\u00e7aram a Cruz. \u201cA cruz n\u00e3o \u00e9 o fim, mas sim o in\u00edcio da salva\u00e7\u00e3o, do amor e da gra\u00e7a. A cruz de Cristo nos abra\u00e7a, une a nossa humanidade com a divindade de Deus. Nos mostra que ca\u00edmos, erramos e pecamos, por\u00e9m somos convidados a levantar e a seguir o Reino de Deus por amor\u201d, completou Frei Matheus.<\/p>\n<p><em>Pascom da Par\u00f3quia do Ros\u00e1rio<\/em><\/p>\n<p><img loading=\"lazy\" class=\"aligncenter size-full wp-image-201324\" src=\"https:\/\/franciscanos.org.br\/noticias\/wp-content\/uploads\/2019\/03\/viasacra_110319_4.jpg\" alt=\"\" width=\"890\" height=\"668\" srcset=\"https:\/\/franciscanos.org.br\/noticias\/wp-content\/uploads\/2019\/03\/viasacra_110319_4.jpg 890w, https:\/\/franciscanos.org.br\/noticias\/wp-content\/uploads\/2019\/03\/viasacra_110319_4-450x338.jpg 450w, https:\/\/franciscanos.org.br\/noticias\/wp-content\/uploads\/2019\/03\/viasacra_110319_4-768x576.jpg 768w, https:\/\/franciscanos.org.br\/noticias\/wp-content\/uploads\/2019\/03\/viasacra_110319_4-150x113.jpg 150w\" sizes=\"(max-width: 890px) 100vw, 890px\" \/><\/p>\n","protected":false},"excerpt":{"rendered":"<p>Par\u00f3quia do Ros\u00e1rio de Vila Velha sobe o Morro do Convento da Penha para meditar a Via-Sacra de Jesus.<\/p>\n","protected":false},"author":3,"featured_media":201326,"comment_status":"open","ping_status":"open","sticky":false,"template":"","format":"standard","meta":[],"categories":[1],"tags":[1415,234],"acf":[],"yoast_head":"<!-- This site is optimized with the Yoast SEO plugin v19.2 - https:\/\/yoast.com\/wordpress\/plugins\/seo\/ -->\n<title>Par\u00f3quia do Ros\u00e1rio medita e encena Via-Sacra Franciscana - Not\u00edcias - Franciscanos<\/title>\n<meta name=\"robots\" content=\"index, follow, max-snippet:-1, max-image-preview:large, max-video-preview:-1\" \/>\n<link rel=\"canonical\" href=\"https:\/\/franciscanos.org.br\/noticias\/via-sacra-com-sao-francisco-de-assis-ao-convento-da-penha.html\" \/>\n<meta property=\"og:locale\" content=\"pt_BR\" \/>\n<meta property=\"og:type\" content=\"article\" \/>\n<meta property=\"og:title\" content=\"Par\u00f3quia do Ros\u00e1rio medita e encena Via-Sacra Franciscana - Not\u00edcias - Franciscanos\" \/>\n<meta property=\"og:description\" content=\"Par\u00f3quia do Ros\u00e1rio de Vila Velha sobe o Morro do Convento da Penha para meditar a Via-Sacra de Jesus.\" \/>\n<meta property=\"og:url\" content=\"https:\/\/franciscanos.org.br\/noticias\/via-sacra-com-sao-francisco-de-assis-ao-convento-da-penha.html\" \/>\n<meta property=\"og:site_name\" content=\"Not\u00edcias - Franciscanos\" \/>\n<meta property=\"article:published_time\" content=\"2019-03-10T20:45:38+00:00\" \/>\n<meta property=\"article:modified_time\" content=\"2019-03-11T14:19:41+00:00\" \/>\n<meta property=\"og:image\" content=\"https:\/\/franciscanos.org.br\/noticias\/wp-content\/uploads\/2019\/03\/viasacra_110319_d.jpg\" \/>\n\t<meta property=\"og:image:width\" content=\"273\" \/>\n\t<meta property=\"og:image:height\" content=\"181\" \/>\n\t<meta property=\"og:image:type\" content=\"image\/jpeg\" \/>\n<meta name=\"author\" content=\"moacir\" \/>\n<meta name=\"twitter:card\" content=\"summary_large_image\" \/>\n<meta name=\"twitter:label1\" content=\"Escrito por\" \/>\n\t<meta name=\"twitter:data1\" content=\"moacir\" \/>\n\t<meta name=\"twitter:label2\" content=\"Est. tempo de leitura\" \/>\n\t<meta name=\"twitter:data2\" content=\"2 minutos\" \/>\n<script type=\"application\/ld+json\" class=\"yoast-schema-graph\">{\"@context\":\"https:\/\/schema.org\",\"@graph\":[{\"@type\":\"WebSite\",\"@id\":\"https:\/\/franciscanos.org.br\/noticias\/#website\",\"url\":\"https:\/\/franciscanos.org.br\/noticias\/\",\"name\":\"Not\u00edcias - Franciscanos\",\"description\":\"Prov\u00edncia Franciscana da Imaculada Concei\u00e7\u00e3o do Brasil - Ordem dos Frades Menores - OFM\",\"potentialAction\":[{\"@type\":\"SearchAction\",\"target\":{\"@type\":\"EntryPoint\",\"urlTemplate\":\"https:\/\/franciscanos.org.br\/noticias\/?s={search_term_string}\"},\"query-input\":\"required name=search_term_string\"}],\"inLanguage\":\"pt-BR\"},{\"@type\":\"ImageObject\",\"inLanguage\":\"pt-BR\",\"@id\":\"https:\/\/franciscanos.org.br\/noticias\/via-sacra-com-sao-francisco-de-assis-ao-convento-da-penha.html#primaryimage\",\"url\":\"https:\/\/franciscanos.org.br\/noticias\/wp-content\/uploads\/2019\/03\/viasacra_110319_d.jpg\",\"contentUrl\":\"https:\/\/franciscanos.org.br\/noticias\/wp-content\/uploads\/2019\/03\/viasacra_110319_d.jpg\",\"width\":273,\"height\":181},{\"@type\":\"WebPage\",\"@id\":\"https:\/\/franciscanos.org.br\/noticias\/via-sacra-com-sao-francisco-de-assis-ao-convento-da-penha.html#webpage\",\"url\":\"https:\/\/franciscanos.org.br\/noticias\/via-sacra-com-sao-francisco-de-assis-ao-convento-da-penha.html\",\"name\":\"Par\u00f3quia do Ros\u00e1rio medita e encena Via-Sacra Franciscana - Not\u00edcias - Franciscanos\",\"isPartOf\":{\"@id\":\"https:\/\/franciscanos.org.br\/noticias\/#website\"},\"primaryImageOfPage\":{\"@id\":\"https:\/\/franciscanos.org.br\/noticias\/via-sacra-com-sao-francisco-de-assis-ao-convento-da-penha.html#primaryimage\"},\"datePublished\":\"2019-03-10T20:45:38+00:00\",\"dateModified\":\"2019-03-11T14:19:41+00:00\",\"author\":{\"@id\":\"https:\/\/franciscanos.org.br\/noticias\/#\/schema\/person\/b5c8cba458c330ccff548b056e95a5d4\"},\"breadcrumb\":{\"@id\":\"https:\/\/franciscanos.org.br\/noticias\/via-sacra-com-sao-francisco-de-assis-ao-convento-da-penha.html#breadcrumb\"},\"inLanguage\":\"pt-BR\",\"potentialAction\":[{\"@type\":\"ReadAction\",\"target\":[\"https:\/\/franciscanos.org.br\/noticias\/via-sacra-com-sao-francisco-de-assis-ao-convento-da-penha.html\"]}]},{\"@type\":\"BreadcrumbList\",\"@id\":\"https:\/\/franciscanos.org.br\/noticias\/via-sacra-com-sao-francisco-de-assis-ao-convento-da-penha.html#breadcrumb\",\"itemListElement\":[{\"@type\":\"ListItem\",\"position\":1,\"name\":\"Home\",\"item\":\"https:\/\/franciscanos.org.br\/noticias\"},{\"@type\":\"ListItem\",\"position\":2,\"name\":\"Par\u00f3quia do Ros\u00e1rio medita e encena Via-Sacra Franciscana\"}]},{\"@type\":\"Person\",\"@id\":\"https:\/\/franciscanos.org.br\/noticias\/#\/schema\/person\/b5c8cba458c330ccff548b056e95a5d4\",\"name\":\"moacir\",\"image\":{\"@type\":\"ImageObject\",\"inLanguage\":\"pt-BR\",\"@id\":\"https:\/\/franciscanos.org.br\/noticias\/#\/schema\/person\/image\/\",\"url\":\"https:\/\/secure.gravatar.com\/avatar\/d08aa2ce4c8dd416d4479aa8536fcf64?s=96&d=mm&r=g\",\"contentUrl\":\"https:\/\/secure.gravatar.com\/avatar\/d08aa2ce4c8dd416d4479aa8536fcf64?s=96&d=mm&r=g\",\"caption\":\"moacir\"},\"url\":\"https:\/\/franciscanos.org.br\/noticias\/author\/moacir\"}]}<\/script>\n<!-- \/ Yoast SEO plugin. -->","yoast_head_json":{"title":"Par\u00f3quia do Ros\u00e1rio medita e encena Via-Sacra Franciscana - Not\u00edcias - Franciscanos","robots":{"index":"index","follow":"follow","max-snippet":"max-snippet:-1","max-image-preview":"max-image-preview:large","max-video-preview":"max-video-preview:-1"},"canonical":"https:\/\/franciscanos.org.br\/noticias\/via-sacra-com-sao-francisco-de-assis-ao-convento-da-penha.html","og_locale":"pt_BR","og_type":"article","og_title":"Par\u00f3quia do Ros\u00e1rio medita e encena Via-Sacra Franciscana - Not\u00edcias - Franciscanos","og_description":"Par\u00f3quia do Ros\u00e1rio de Vila Velha sobe o Morro do Convento da Penha para meditar a Via-Sacra de Jesus.","og_url":"https:\/\/franciscanos.org.br\/noticias\/via-sacra-com-sao-francisco-de-assis-ao-convento-da-penha.html","og_site_name":"Not\u00edcias - Franciscanos","article_published_time":"2019-03-10T20:45:38+00:00","article_modified_time":"2019-03-11T14:19:41+00:00","og_image":[{"width":273,"height":181,"url":"https:\/\/franciscanos.org.br\/noticias\/wp-content\/uploads\/2019\/03\/viasacra_110319_d.jpg","type":"image\/jpeg"}],"author":"moacir","twitter_card":"summary_large_image","twitter_misc":{"Escrito por":"moacir","Est. tempo de leitura":"2 minutos"},"schema":{"@context":"https:\/\/schema.org","@graph":[{"@type":"WebSite","@id":"https:\/\/franciscanos.org.br\/noticias\/#website","url":"https:\/\/franciscanos.org.br\/noticias\/","name":"Not\u00edcias - Franciscanos","description":"Prov\u00edncia Franciscana da Imaculada Concei\u00e7\u00e3o do Brasil - Ordem dos Frades Menores - OFM","potentialAction":[{"@type":"SearchAction","target":{"@type":"EntryPoint","urlTemplate":"https:\/\/franciscanos.org.br\/noticias\/?s={search_term_string}"},"query-input":"required name=search_term_string"}],"inLanguage":"pt-BR"},{"@type":"ImageObject","inLanguage":"pt-BR","@id":"https:\/\/franciscanos.org.br\/noticias\/via-sacra-com-sao-francisco-de-assis-ao-convento-da-penha.html#primaryimage","url":"https:\/\/franciscanos.org.br\/noticias\/wp-content\/uploads\/2019\/03\/viasacra_110319_d.jpg","contentUrl":"https:\/\/franciscanos.org.br\/noticias\/wp-content\/uploads\/2019\/03\/viasacra_110319_d.jpg","width":273,"height":181},{"@type":"WebPage","@id":"https:\/\/franciscanos.org.br\/noticias\/via-sacra-com-sao-francisco-de-assis-ao-convento-da-penha.html#webpage","url":"https:\/\/franciscanos.org.br\/noticias\/via-sacra-com-sao-francisco-de-assis-ao-convento-da-penha.html","name":"Par\u00f3quia do Ros\u00e1rio medita e encena Via-Sacra Franciscana - Not\u00edcias - Franciscanos","isPartOf":{"@id":"https:\/\/franciscanos.org.br\/noticias\/#website"},"primaryImageOfPage":{"@id":"https:\/\/franciscanos.org.br\/noticias\/via-sacra-com-sao-francisco-de-assis-ao-convento-da-penha.html#primaryimage"},"datePublished":"2019-03-10T20:45:38+00:00","dateModified":"2019-03-11T14:19:41+00:00","author":{"@id":"https:\/\/franciscanos.org.br\/noticias\/#\/schema\/person\/b5c8cba458c330ccff548b056e95a5d4"},"breadcrumb":{"@id":"https:\/\/franciscanos.org.br\/noticias\/via-sacra-com-sao-francisco-de-assis-ao-convento-da-penha.html#breadcrumb"},"inLanguage":"pt-BR","potentialAction":[{"@type":"ReadAction","target":["https:\/\/franciscanos.org.br\/noticias\/via-sacra-com-sao-francisco-de-assis-ao-convento-da-penha.html"]}]},{"@type":"BreadcrumbList","@id":"https:\/\/franciscanos.org.br\/noticias\/via-sacra-com-sao-francisco-de-assis-ao-convento-da-penha.html#breadcrumb","itemListElement":[{"@type":"ListItem","position":1,"name":"Home","item":"https:\/\/franciscanos.org.br\/noticias"},{"@type":"ListItem","position":2,"name":"Par\u00f3quia do Ros\u00e1rio medita e encena Via-Sacra Franciscana"}]},{"@type":"Person","@id":"https:\/\/franciscanos.org.br\/noticias\/#\/schema\/person\/b5c8cba458c330ccff548b056e95a5d4","name":"moacir","image":{"@type":"ImageObject","inLanguage":"pt-BR","@id":"https:\/\/franciscanos.org.br\/noticias\/#\/schema\/person\/image\/","url":"https:\/\/secure.gravatar.com\/avatar\/d08aa2ce4c8dd416d4479aa8536fcf64?s=96&d=mm&r=g","contentUrl":"https:\/\/secure.gravatar.com\/avatar\/d08aa2ce4c8dd416d4479aa8536fcf64?s=96&d=mm&r=g","caption":"moacir"},"url":"https:\/\/franciscanos.org.br\/noticias\/author\/moacir"}]}},"_links":{"self":[{"href":"https:\/\/franciscanos.org.br\/noticias\/wp-json\/wp\/v2\/posts\/201321"}],"collection":[{"href":"https:\/\/franciscanos.org.br\/noticias\/wp-json\/wp\/v2\/posts"}],"about":[{"href":"https:\/\/franciscanos.org.br\/noticias\/wp-json\/wp\/v2\/types\/post"}],"author":[{"embeddable":true,"href":"https:\/\/franciscanos.org.br\/noticias\/wp-json\/wp\/v2\/users\/3"}],"replies":[{"embeddable":true,"href":"https:\/\/franciscanos.org.br\/noticias\/wp-json\/wp\/v2\/comments?post=201321"}],"version-history":[{"count":0,"href":"https:\/\/franciscanos.org.br\/noticias\/wp-json\/wp\/v2\/posts\/201321\/revisions"}],"wp:featuredmedia":[{"embeddable":true,"href":"https:\/\/franciscanos.org.br\/noticias\/wp-json\/wp\/v2\/media\/201326"}],"wp:attachment":[{"href":"https:\/\/franciscanos.org.br\/noticias\/wp-json\/wp\/v2\/media?parent=201321"}],"wp:term":[{"taxonomy":"category","embeddable":true,"href":"https:\/\/franciscanos.org.br\/noticias\/wp-json\/wp\/v2\/categories?post=201321"},{"taxonomy":"post_tag","embeddable":true,"href":"https:\/\/franciscanos.org.br\/noticias\/wp-json\/wp\/v2\/tags?post=201321"}],"curies":[{"name":"wp","href":"https:\/\/api.w.org\/{rel}","templated":true}]}}