{"id":201319,"date":"2019-03-09T06:56:11","date_gmt":"2019-03-09T09:56:11","guid":{"rendered":"https:\/\/franciscanos.org.br\/noticias\/?p=201319"},"modified":"2019-03-12T10:30:53","modified_gmt":"2019-03-12T13:30:53","slug":"cortella-lanca-hoje-novo-livro-pela-editora-vozes","status":"publish","type":"post","link":"https:\/\/franciscanos.org.br\/noticias\/cortella-lanca-hoje-novo-livro-pela-editora-vozes.html","title":{"rendered":"Cortella lan\u00e7a hoje novo livro pela Editora Vozes"},"content":{"rendered":"<p><img loading=\"lazy\" class=\"size-full wp-image-201185 aligncenter\" src=\"https:\/\/franciscanos.org.br\/noticias\/wp-content\/uploads\/2019\/03\/mariocortella_080319.jpg\" alt=\"\" width=\"890\" height=\"418\" srcset=\"https:\/\/franciscanos.org.br\/noticias\/wp-content\/uploads\/2019\/03\/mariocortella_080319.jpg 890w, https:\/\/franciscanos.org.br\/noticias\/wp-content\/uploads\/2019\/03\/mariocortella_080319-450x211.jpg 450w, https:\/\/franciscanos.org.br\/noticias\/wp-content\/uploads\/2019\/03\/mariocortella_080319-768x361.jpg 768w, https:\/\/franciscanos.org.br\/noticias\/wp-content\/uploads\/2019\/03\/mariocortella_080319-150x70.jpg 150w\" sizes=\"(max-width: 890px) 100vw, 890px\" \/><\/p>\n<p>A Editora Vozes e R\u00e1dio CBN promovem, nesta pr\u00f3xima segunda-feira, 11 de mar\u00e7o, o lan\u00e7amento do livro &#8220;Filosofia: e n\u00f3s com isso?&#8221;, de Mario Sergio Cortella, um dos grandes nomes da filosofia nacional atual. Este momento ser\u00e1 realizado no Teatro FAAP, \u00e0s 19h30, com a participa\u00e7\u00e3o do autor em um Talk Show, tendo a media\u00e7\u00e3o da jornalista Fabiola Cidral. Na sequ\u00eancia haver\u00e1 a sess\u00e3o de aut\u00f3grafos.<\/p>\n<p>Cortella \u00e9 autor de mais de 35 livros com edi\u00e7\u00f5es no Brasil e no exterior, entre eles, pela Editora Vozes: &#8220;N\u00e3o espere pelo epit\u00e1fio!&#8221;; &#8220;N\u00e3o nascemos prontos!&#8221;; &#8220;N\u00e3o se desespere!&#8221;; &#8220;Filosofia e Ensino M\u00e9dio: certas raz\u00f5es, alguns sen\u00f5es, uma proposta&#8221;; &#8220;Pensar bem nos faz bem!&#8221; (4 volumes); &#8220;Felicidade foi-se embora?&#8221; (com Frei Betto e Leonardo Boff) e &#8220;Qual \u00e9 a tua obra?: inquieta\u00e7\u00f5es propositivas sobre gest\u00e3o, lideran\u00e7a e \u00e9tica&#8221;, Cortella destaca nesta obra porque a Filosofia \u00e9 t\u00e3o importante para nossa vida.<\/p>\n<p>Segundo o autor, a principal contribui\u00e7\u00e3o da Filosofia \u00e9 criar obst\u00e1culos, de modo a impedir que as pessoas fiquem prisioneiras do \u00f3bvio, isto \u00e9, que circunscrevam a sua exist\u00eancia dentro de limites estreitos, de horizontes indigentes e de esperan\u00e7as delirantes. A Filosofia n\u00e3o \u00e9 a \u00fanica que pode dificultar a nossa mediocriza\u00e7\u00e3o, mas \u00e9 aquela que tem impacto mais significativo nessa empreitada, pois requer um pensamento e uma reflex\u00e3o que ultrapassem as bordas do evidente e introduzam alguma suspeita naquilo que vivemos e acreditamos. Em outras palavras, a Filosofia estende a nossa consci\u00eancia e fortalece nossa autonomia.<\/p>\n<p>Toda dimens\u00e3o reflexiva precisa ser radical, ou seja, lan\u00e7ar ra\u00edzes profundas e escapar da superficialidade. A Filosofia, quando sistem\u00e1tica e n\u00e3o dogm\u00e1tica, nos oferece algumas ferramentas mentais para procurar mais precis\u00e3o no foco de uma exist\u00eancia que, mesmo que finita, n\u00e3o precisa ser vulgar e parasit\u00e1ria; ela implica aprofundar as \u201craz\u00f5es\u201d e os \u201csen\u00f5es\u201d daquilo que, ao mesmo tempo, se deseja e se percebe vi\u00e1vel.<\/p>\n<p>Mais do que uma Filosofia do cotidiano seria uma Filosofia no cotidiano! Isto \u00e9, a presen\u00e7a da indaga\u00e7\u00e3o filos\u00f3fica sobre temas da nossa viv\u00eancia de agora, iluminados pela hist\u00f3ria do pensamento, mas sem mergulhar em meras abstra\u00e7\u00f5es eruditas, com simplicidade (sem ser simpl\u00f3ria) e com compreensibilidade (sem ser superficial).<\/p>\n<p>Mario Sergio Cortella \u00e9 natural de Londrina (PR), onde nasceu em 5 de mar\u00e7o de 1954. \u00c9 fil\u00f3sofo e escritor, com mestrado e doutorado em Educa\u00e7\u00e3o, professor-titular da PUC-SP (na qual atuou por 35 anos, 1977\/2012), com doc\u00eancia e pesquisa na P\u00f3s-Gradua\u00e7\u00e3o em Educa\u00e7\u00e3o: Curr\u00edculo (1997\/2012) e no Departamento de Teologia e Ci\u00eancias da Religi\u00e3o (1977\/2007); \u00e9 professor-convidado da Funda\u00e7\u00e3o Dom Cabral (desde 1997) e ensinou no GVpec da FGV-SP (1998\/2010). Foi secret\u00e1rio municipal de Educa\u00e7\u00e3o de S\u00e3o Paulo (1991-1992).<\/p>\n<p>Para participar deste evento, \u00e9 necess\u00e1rio retirar o ingresso na bilheteria do teatro a partir das 17h30.<\/p>\n<p><img loading=\"lazy\" class=\"size-full wp-image-201187 aligncenter\" src=\"https:\/\/franciscanos.org.br\/noticias\/wp-content\/uploads\/2019\/03\/vozes.jpg\" alt=\"\" width=\"890\" height=\"890\" srcset=\"https:\/\/franciscanos.org.br\/noticias\/wp-content\/uploads\/2019\/03\/vozes.jpg 890w, https:\/\/franciscanos.org.br\/noticias\/wp-content\/uploads\/2019\/03\/vozes-300x300.jpg 300w, https:\/\/franciscanos.org.br\/noticias\/wp-content\/uploads\/2019\/03\/vozes-450x450.jpg 450w, https:\/\/franciscanos.org.br\/noticias\/wp-content\/uploads\/2019\/03\/vozes-768x768.jpg 768w, https:\/\/franciscanos.org.br\/noticias\/wp-content\/uploads\/2019\/03\/vozes-150x150.jpg 150w, https:\/\/franciscanos.org.br\/noticias\/wp-content\/uploads\/2019\/03\/vozes-400x400.jpg 400w\" sizes=\"(max-width: 890px) 100vw, 890px\" \/><br \/>\n<strong>SERVI\u00c7O<\/strong><\/p>\n<p>Talk Show de lan\u00e7amento do livro &#8220;Filosofia: e n\u00f3s com isso?&#8221; com Mario Sergio Cortella e media\u00e7\u00e3o de Fabiola Cidral<\/p>\n<p>Data: 11 de mar\u00e7o de 2019<\/p>\n<p>Hor\u00e1rio: 19h30<\/p>\n<p>Local: Teatro FAAP<\/p>\n<p>Rua Alagoas, 903<\/p>\n<p>Higien\u00f3polis, S\u00e3o Paulo\/SP<\/p>\n<p>Obs.: Os convites dever\u00e3o ser retirados na bilheteria do teatro a partir das 17h30.<\/p>\n<p>Realiza\u00e7\u00e3o: Editora Vozes e R\u00e1dio CBN<\/p>\n<p>Apoio: Teatro FAAP<\/p>\n","protected":false},"excerpt":{"rendered":"<p>Lan\u00e7amento do livro &#8220;Filosofia: e n\u00f3s com isso?&#8221;, de Mario Sergio Cortella, no Teatro FAAP.<\/p>\n","protected":false},"author":3,"featured_media":201186,"comment_status":"open","ping_status":"open","sticky":false,"template":"","format":"standard","meta":[],"categories":[1],"tags":[238],"acf":[],"yoast_head":"<!-- This site is optimized with the Yoast SEO plugin v19.2 - https:\/\/yoast.com\/wordpress\/plugins\/seo\/ -->\n<title>Cortella lan\u00e7a hoje novo livro pela Editora Vozes - Not\u00edcias - Franciscanos<\/title>\n<meta name=\"robots\" content=\"index, follow, max-snippet:-1, max-image-preview:large, max-video-preview:-1\" \/>\n<link rel=\"canonical\" href=\"https:\/\/franciscanos.org.br\/noticias\/cortella-lanca-hoje-novo-livro-pela-editora-vozes.html\" \/>\n<meta property=\"og:locale\" content=\"pt_BR\" \/>\n<meta property=\"og:type\" content=\"article\" \/>\n<meta property=\"og:title\" content=\"Cortella lan\u00e7a hoje novo livro pela Editora Vozes - Not\u00edcias - Franciscanos\" \/>\n<meta property=\"og:description\" content=\"Lan\u00e7amento do livro &quot;Filosofia: e n\u00f3s com isso?&quot;, de Mario Sergio Cortella, no Teatro FAAP.\" \/>\n<meta property=\"og:url\" content=\"https:\/\/franciscanos.org.br\/noticias\/cortella-lanca-hoje-novo-livro-pela-editora-vozes.html\" \/>\n<meta property=\"og:site_name\" content=\"Not\u00edcias - Franciscanos\" \/>\n<meta property=\"article:published_time\" content=\"2019-03-09T09:56:11+00:00\" \/>\n<meta property=\"article:modified_time\" content=\"2019-03-12T13:30:53+00:00\" \/>\n<meta property=\"og:image\" content=\"https:\/\/franciscanos.org.br\/noticias\/wp-content\/uploads\/2019\/03\/mariocortella_080319d.jpg\" \/>\n\t<meta property=\"og:image:width\" content=\"273\" \/>\n\t<meta property=\"og:image:height\" content=\"181\" \/>\n\t<meta property=\"og:image:type\" content=\"image\/jpeg\" \/>\n<meta name=\"author\" content=\"moacir\" \/>\n<meta name=\"twitter:card\" content=\"summary_large_image\" \/>\n<meta name=\"twitter:label1\" content=\"Escrito por\" \/>\n\t<meta name=\"twitter:data1\" content=\"moacir\" \/>\n\t<meta name=\"twitter:label2\" content=\"Est. tempo de leitura\" \/>\n\t<meta name=\"twitter:data2\" content=\"3 minutos\" \/>\n<script type=\"application\/ld+json\" class=\"yoast-schema-graph\">{\"@context\":\"https:\/\/schema.org\",\"@graph\":[{\"@type\":\"WebSite\",\"@id\":\"https:\/\/franciscanos.org.br\/noticias\/#website\",\"url\":\"https:\/\/franciscanos.org.br\/noticias\/\",\"name\":\"Not\u00edcias - Franciscanos\",\"description\":\"Prov\u00edncia Franciscana da Imaculada Concei\u00e7\u00e3o do Brasil - Ordem dos Frades Menores - OFM\",\"potentialAction\":[{\"@type\":\"SearchAction\",\"target\":{\"@type\":\"EntryPoint\",\"urlTemplate\":\"https:\/\/franciscanos.org.br\/noticias\/?s={search_term_string}\"},\"query-input\":\"required name=search_term_string\"}],\"inLanguage\":\"pt-BR\"},{\"@type\":\"ImageObject\",\"inLanguage\":\"pt-BR\",\"@id\":\"https:\/\/franciscanos.org.br\/noticias\/cortella-lanca-hoje-novo-livro-pela-editora-vozes.html#primaryimage\",\"url\":\"https:\/\/franciscanos.org.br\/noticias\/wp-content\/uploads\/2019\/03\/mariocortella_080319d.jpg\",\"contentUrl\":\"https:\/\/franciscanos.org.br\/noticias\/wp-content\/uploads\/2019\/03\/mariocortella_080319d.jpg\",\"width\":273,\"height\":181},{\"@type\":\"WebPage\",\"@id\":\"https:\/\/franciscanos.org.br\/noticias\/cortella-lanca-hoje-novo-livro-pela-editora-vozes.html#webpage\",\"url\":\"https:\/\/franciscanos.org.br\/noticias\/cortella-lanca-hoje-novo-livro-pela-editora-vozes.html\",\"name\":\"Cortella lan\u00e7a hoje novo livro pela Editora Vozes - Not\u00edcias - Franciscanos\",\"isPartOf\":{\"@id\":\"https:\/\/franciscanos.org.br\/noticias\/#website\"},\"primaryImageOfPage\":{\"@id\":\"https:\/\/franciscanos.org.br\/noticias\/cortella-lanca-hoje-novo-livro-pela-editora-vozes.html#primaryimage\"},\"datePublished\":\"2019-03-09T09:56:11+00:00\",\"dateModified\":\"2019-03-12T13:30:53+00:00\",\"author\":{\"@id\":\"https:\/\/franciscanos.org.br\/noticias\/#\/schema\/person\/b5c8cba458c330ccff548b056e95a5d4\"},\"breadcrumb\":{\"@id\":\"https:\/\/franciscanos.org.br\/noticias\/cortella-lanca-hoje-novo-livro-pela-editora-vozes.html#breadcrumb\"},\"inLanguage\":\"pt-BR\",\"potentialAction\":[{\"@type\":\"ReadAction\",\"target\":[\"https:\/\/franciscanos.org.br\/noticias\/cortella-lanca-hoje-novo-livro-pela-editora-vozes.html\"]}]},{\"@type\":\"BreadcrumbList\",\"@id\":\"https:\/\/franciscanos.org.br\/noticias\/cortella-lanca-hoje-novo-livro-pela-editora-vozes.html#breadcrumb\",\"itemListElement\":[{\"@type\":\"ListItem\",\"position\":1,\"name\":\"Home\",\"item\":\"https:\/\/franciscanos.org.br\/noticias\"},{\"@type\":\"ListItem\",\"position\":2,\"name\":\"Cortella lan\u00e7a hoje novo livro pela Editora Vozes\"}]},{\"@type\":\"Person\",\"@id\":\"https:\/\/franciscanos.org.br\/noticias\/#\/schema\/person\/b5c8cba458c330ccff548b056e95a5d4\",\"name\":\"moacir\",\"image\":{\"@type\":\"ImageObject\",\"inLanguage\":\"pt-BR\",\"@id\":\"https:\/\/franciscanos.org.br\/noticias\/#\/schema\/person\/image\/\",\"url\":\"https:\/\/secure.gravatar.com\/avatar\/d08aa2ce4c8dd416d4479aa8536fcf64?s=96&d=mm&r=g\",\"contentUrl\":\"https:\/\/secure.gravatar.com\/avatar\/d08aa2ce4c8dd416d4479aa8536fcf64?s=96&d=mm&r=g\",\"caption\":\"moacir\"},\"url\":\"https:\/\/franciscanos.org.br\/noticias\/author\/moacir\"}]}<\/script>\n<!-- \/ Yoast SEO plugin. -->","yoast_head_json":{"title":"Cortella lan\u00e7a hoje novo livro pela Editora Vozes - Not\u00edcias - Franciscanos","robots":{"index":"index","follow":"follow","max-snippet":"max-snippet:-1","max-image-preview":"max-image-preview:large","max-video-preview":"max-video-preview:-1"},"canonical":"https:\/\/franciscanos.org.br\/noticias\/cortella-lanca-hoje-novo-livro-pela-editora-vozes.html","og_locale":"pt_BR","og_type":"article","og_title":"Cortella lan\u00e7a hoje novo livro pela Editora Vozes - Not\u00edcias - Franciscanos","og_description":"Lan\u00e7amento do livro \"Filosofia: e n\u00f3s com isso?\", de Mario Sergio Cortella, no Teatro FAAP.","og_url":"https:\/\/franciscanos.org.br\/noticias\/cortella-lanca-hoje-novo-livro-pela-editora-vozes.html","og_site_name":"Not\u00edcias - Franciscanos","article_published_time":"2019-03-09T09:56:11+00:00","article_modified_time":"2019-03-12T13:30:53+00:00","og_image":[{"width":273,"height":181,"url":"https:\/\/franciscanos.org.br\/noticias\/wp-content\/uploads\/2019\/03\/mariocortella_080319d.jpg","type":"image\/jpeg"}],"author":"moacir","twitter_card":"summary_large_image","twitter_misc":{"Escrito por":"moacir","Est. tempo de leitura":"3 minutos"},"schema":{"@context":"https:\/\/schema.org","@graph":[{"@type":"WebSite","@id":"https:\/\/franciscanos.org.br\/noticias\/#website","url":"https:\/\/franciscanos.org.br\/noticias\/","name":"Not\u00edcias - Franciscanos","description":"Prov\u00edncia Franciscana da Imaculada Concei\u00e7\u00e3o do Brasil - Ordem dos Frades Menores - OFM","potentialAction":[{"@type":"SearchAction","target":{"@type":"EntryPoint","urlTemplate":"https:\/\/franciscanos.org.br\/noticias\/?s={search_term_string}"},"query-input":"required name=search_term_string"}],"inLanguage":"pt-BR"},{"@type":"ImageObject","inLanguage":"pt-BR","@id":"https:\/\/franciscanos.org.br\/noticias\/cortella-lanca-hoje-novo-livro-pela-editora-vozes.html#primaryimage","url":"https:\/\/franciscanos.org.br\/noticias\/wp-content\/uploads\/2019\/03\/mariocortella_080319d.jpg","contentUrl":"https:\/\/franciscanos.org.br\/noticias\/wp-content\/uploads\/2019\/03\/mariocortella_080319d.jpg","width":273,"height":181},{"@type":"WebPage","@id":"https:\/\/franciscanos.org.br\/noticias\/cortella-lanca-hoje-novo-livro-pela-editora-vozes.html#webpage","url":"https:\/\/franciscanos.org.br\/noticias\/cortella-lanca-hoje-novo-livro-pela-editora-vozes.html","name":"Cortella lan\u00e7a hoje novo livro pela Editora Vozes - Not\u00edcias - Franciscanos","isPartOf":{"@id":"https:\/\/franciscanos.org.br\/noticias\/#website"},"primaryImageOfPage":{"@id":"https:\/\/franciscanos.org.br\/noticias\/cortella-lanca-hoje-novo-livro-pela-editora-vozes.html#primaryimage"},"datePublished":"2019-03-09T09:56:11+00:00","dateModified":"2019-03-12T13:30:53+00:00","author":{"@id":"https:\/\/franciscanos.org.br\/noticias\/#\/schema\/person\/b5c8cba458c330ccff548b056e95a5d4"},"breadcrumb":{"@id":"https:\/\/franciscanos.org.br\/noticias\/cortella-lanca-hoje-novo-livro-pela-editora-vozes.html#breadcrumb"},"inLanguage":"pt-BR","potentialAction":[{"@type":"ReadAction","target":["https:\/\/franciscanos.org.br\/noticias\/cortella-lanca-hoje-novo-livro-pela-editora-vozes.html"]}]},{"@type":"BreadcrumbList","@id":"https:\/\/franciscanos.org.br\/noticias\/cortella-lanca-hoje-novo-livro-pela-editora-vozes.html#breadcrumb","itemListElement":[{"@type":"ListItem","position":1,"name":"Home","item":"https:\/\/franciscanos.org.br\/noticias"},{"@type":"ListItem","position":2,"name":"Cortella lan\u00e7a hoje novo livro pela Editora Vozes"}]},{"@type":"Person","@id":"https:\/\/franciscanos.org.br\/noticias\/#\/schema\/person\/b5c8cba458c330ccff548b056e95a5d4","name":"moacir","image":{"@type":"ImageObject","inLanguage":"pt-BR","@id":"https:\/\/franciscanos.org.br\/noticias\/#\/schema\/person\/image\/","url":"https:\/\/secure.gravatar.com\/avatar\/d08aa2ce4c8dd416d4479aa8536fcf64?s=96&d=mm&r=g","contentUrl":"https:\/\/secure.gravatar.com\/avatar\/d08aa2ce4c8dd416d4479aa8536fcf64?s=96&d=mm&r=g","caption":"moacir"},"url":"https:\/\/franciscanos.org.br\/noticias\/author\/moacir"}]}},"_links":{"self":[{"href":"https:\/\/franciscanos.org.br\/noticias\/wp-json\/wp\/v2\/posts\/201319"}],"collection":[{"href":"https:\/\/franciscanos.org.br\/noticias\/wp-json\/wp\/v2\/posts"}],"about":[{"href":"https:\/\/franciscanos.org.br\/noticias\/wp-json\/wp\/v2\/types\/post"}],"author":[{"embeddable":true,"href":"https:\/\/franciscanos.org.br\/noticias\/wp-json\/wp\/v2\/users\/3"}],"replies":[{"embeddable":true,"href":"https:\/\/franciscanos.org.br\/noticias\/wp-json\/wp\/v2\/comments?post=201319"}],"version-history":[{"count":0,"href":"https:\/\/franciscanos.org.br\/noticias\/wp-json\/wp\/v2\/posts\/201319\/revisions"}],"wp:featuredmedia":[{"embeddable":true,"href":"https:\/\/franciscanos.org.br\/noticias\/wp-json\/wp\/v2\/media\/201186"}],"wp:attachment":[{"href":"https:\/\/franciscanos.org.br\/noticias\/wp-json\/wp\/v2\/media?parent=201319"}],"wp:term":[{"taxonomy":"category","embeddable":true,"href":"https:\/\/franciscanos.org.br\/noticias\/wp-json\/wp\/v2\/categories?post=201319"},{"taxonomy":"post_tag","embeddable":true,"href":"https:\/\/franciscanos.org.br\/noticias\/wp-json\/wp\/v2\/tags?post=201319"}],"curies":[{"name":"wp","href":"https:\/\/api.w.org\/{rel}","templated":true}]}}