{"id":201250,"date":"2019-03-10T13:43:23","date_gmt":"2019-03-10T16:43:23","guid":{"rendered":"https:\/\/franciscanos.org.br\/noticias\/?p=201250"},"modified":"2020-08-06T16:38:16","modified_gmt":"2020-08-06T19:38:16","slug":"papa-tentacoes-sao-ilusoes-de-sucesso-e-felicidade","status":"publish","type":"post","link":"https:\/\/franciscanos.org.br\/noticias\/papa-tentacoes-sao-ilusoes-de-sucesso-e-felicidade.html","title":{"rendered":"Papa: &#8220;Tenta\u00e7\u00f5es s\u00e3o ilus\u00f5es de sucesso e felicidade&#8221;"},"content":{"rendered":"<p><img loading=\"lazy\" class=\"alignnone wp-image-201251 size-full\" src=\"https:\/\/franciscanos.org.br\/noticias\/wp-content\/uploads\/2019\/03\/angelus_100319.jpg\" alt=\"\" width=\"890\" height=\"450\" srcset=\"https:\/\/franciscanos.org.br\/noticias\/wp-content\/uploads\/2019\/03\/angelus_100319.jpg 890w, https:\/\/franciscanos.org.br\/noticias\/wp-content\/uploads\/2019\/03\/angelus_100319-450x228.jpg 450w, https:\/\/franciscanos.org.br\/noticias\/wp-content\/uploads\/2019\/03\/angelus_100319-768x388.jpg 768w, https:\/\/franciscanos.org.br\/noticias\/wp-content\/uploads\/2019\/03\/angelus_100319-150x76.jpg 150w\" sizes=\"(max-width: 890px) 100vw, 890px\" \/><\/p>\n<p><strong>Cidade do Vaticano &#8211;\u00a0<\/strong> As tenta\u00e7\u00f5es representam &#8220;a ilus\u00e3o de poder obter o sucesso e a felicidade\u201d. Estas s\u00e3o palavras do Papa Francisco no Angelus deste domingo (10\/03) na Pra\u00e7a S\u00e3o Pedro, comentando o Evangelho do dia sobre as tenta\u00e7\u00f5es \u00e0s quais Jesus \u00e9 submetido no deserto. \u201cAs tr\u00eas tenta\u00e7\u00f5es indicam tr\u00eas caminhos que o mundo sempre prop\u00f5e, prometendo grandes sucessos: a gan\u00e2ncia de possuir, a gl\u00f3ria humana, a instrumentaliza\u00e7\u00e3o de Deus\u201d, disse o Papa.<\/p>\n<p>\u201cS\u00e3o esses os caminhos que s\u00e3o colocados diante de n\u00f3s, com a ilus\u00e3o de poder alcan\u00e7ar o sucesso e a felicidade, enfatizou Francisco. \u201cMas, na realidade, esses caminhos s\u00e3o completamente estranhos ao modo de agir de Deus; na verdade, eles nos separam d\u2019Ele, porque s\u00e3o obras de Satan\u00e1s\u201d.<\/p>\n<p>Falando da gan\u00e2ncia de possuir, o Papa explicou que &#8220;esta \u00e9 sempre a l\u00f3gica insidiosa do diabo. Ele parte da natural e leg\u00edtima necessidade de se alimentar, de viver, de realizar-se, de ser feliz, para nos impulsionar a acreditar que tudo isso \u00e9 poss\u00edvel sem Deus, ou melhor, at\u00e9 mesmo contra Ele\u201d.<\/p>\n<p>Sobre a segunda tenta\u00e7\u00e3o, a gl\u00f3ria humana, Francisco sublinhou o risco de &#8220;perder toda a dignidade pessoal&#8221;, deixando-se&#8221; corromper pelos \u00eddolos do dinheiro, do sucesso e do poder, para alcan\u00e7ar a autoafirma\u00e7\u00e3o. Prova-se a emo\u00e7\u00e3o de uma alegria vazia que logo desaparece. Por isso Jesus responde: &#8220;Adorar\u00e1s o Senhor teu Deus e s\u00f3 a ele prestar\u00e1s culto&#8221;\u2019\u201d.<\/p>\n<p>Sobre a instrumentaliza\u00e7\u00e3o de Deus, o Santo Padre explicou, que se trata da tenta\u00e7\u00e3o &#8220;de querer puxar Deus para o nosso lado&#8217;, pedindo-lhe gra\u00e7as que na realidades servem para satisfazer o nosso orgulho&#8221;. &#8220;Jesus, enfrentando pessoalmente essas prova\u00e7\u00f5es, vence por tr\u00eas vezes as tenta\u00e7\u00f5es para aderir plenamente ao plano do Pai. E nos mostra os rem\u00e9dios: a vida interior, a f\u00e9 em Deus, a certeza de seu amor. Portanto, aproveitemos da Quaresma, como tempo privilegiado para nos purificarmos, para experimentarmos a presen\u00e7a consoladora de Deus em nossa vida&#8221;.<\/p>\n<p>O Papa ent\u00e3o concluiu sublinhando: \u201c Jesus ao responder ao tentador, n\u00e3o entra em di\u00e1logo, mas responde aos tr\u00eas desafios somente com a palavra de Deus. Isto nos ensina que com o diabo n\u00e3o se dialoga, n\u00e3o devemos dialogar, somente se responde a ele com a palavra de Deus. \u201d<\/p>\n<p>Em seguida o Papa rezou a Ora\u00e7\u00e3o mariana do Angelus e concedeu aos milhares de fi\u00e9is presentes na Pra\u00e7a S\u00e3o Pedro a sua Ben\u00e7\u00e3o Apost\u00f3lica. Ap\u00f3s a Ora\u00e7\u00e3o e a Ben\u00e7\u00e3o Francisco recordou que ontem em Oviedo (Espanha), foram proclamados beatos os seminaristas Angelo Cuartas e oito companheiros m\u00e1rtires, assassinados por \u00f3dio a f\u00e9 em um tempo de persegui\u00e7\u00e3o religiosa. Esses jovens aspirantes ao sacerd\u00f3cio \u2013 disse Francisco &#8211; amavam tanto o Senhor, chegando a segui-lo no caminho da cruz. O seu heroico testemunho ajude os seminaristas, os sacerdotes e os bispos a permanecerem l\u00edmpidos e generosos para servir fielmente ao Senhor e ao povo santo de Deus.<\/p>\n<p>Depois de saudar as fam\u00edlias, aos grupos paroquiais, \u00e0s associa\u00e7\u00f5es e a todos os peregrinos que vieram da It\u00e1lia e de diversos pa\u00edses, o Santo Padre desejou a todos que o \u201ccaminho quaresmal, recentemente iniciado, seja rico de frutos\u201d. Pediu ainda uma recorda\u00e7\u00e3o na ora\u00e7\u00e3o por ele e seus colaboradores da C\u00faria Romana, que nesta noite iniciam a semana de Exerc\u00edcios Espirituais.<\/p>\n<h3><strong>Papa Francisco deixa o Vaticano e vai a Ariccia para a semana dos Exerc\u00edcios Espirituais<\/strong><\/h3>\n<p><img loading=\"lazy\" class=\"alignnone wp-image-201252 size-full\" src=\"https:\/\/franciscanos.org.br\/noticias\/wp-content\/uploads\/2019\/03\/angelus_100319_1.jpg\" alt=\"\" width=\"890\" height=\"450\" srcset=\"https:\/\/franciscanos.org.br\/noticias\/wp-content\/uploads\/2019\/03\/angelus_100319_1.jpg 890w, https:\/\/franciscanos.org.br\/noticias\/wp-content\/uploads\/2019\/03\/angelus_100319_1-450x228.jpg 450w, https:\/\/franciscanos.org.br\/noticias\/wp-content\/uploads\/2019\/03\/angelus_100319_1-768x388.jpg 768w, https:\/\/franciscanos.org.br\/noticias\/wp-content\/uploads\/2019\/03\/angelus_100319_1-150x76.jpg 150w\" sizes=\"(max-width: 890px) 100vw, 890px\" \/><\/p>\n<p>\u201cPe\u00e7o a todos que se recordem na ora\u00e7\u00e3o de mim e dos colaboradores da C\u00faria Romana, que nesta noite iniciaremos a semana de Exerc\u00edcios Espirituais\u201d: \u00e9 o tweet publicado no perfil do Papa Francisco @Pontifex para recordar o compromisso desta semana na Casa Divino Mestre de Ariccia, nas proximidades de Roma.<\/p>\n<p>O Retiro Espiritual, que se realizar\u00e1 at\u00e9 sexta-feira pr\u00f3xima, dia 15, ter\u00e1 como tema \u201cA cidade dos desejos ardentes: olhares e gestos pascais na vida do mundo\u201d. Este ano, as medita\u00e7\u00f5es dos Exerc\u00edcios Espirituais foram confiadas ao abade Bernardo Francisco Maria Gianni, da Abadia de S\u00e3o Miniato no Monte, Floren\u00e7a. O abade Padre Bernardo propor\u00e1 ao Papa e \u00e0 C\u00faria Romana 10 medita\u00e7\u00f5es, com base no tema central. Ser\u00e3o duas medita\u00e7\u00f5es ao dia.<\/p>\n<p><strong>Suspensas as audi\u00eancias<\/strong><br \/>\nDurante os cinco dias de Exerc\u00edcios espirituais ser\u00e3o suspensas todas as audi\u00eancias pontif\u00edcias, inclusive a Audi\u00eancia geral da quarta-feira, 13 de mar\u00e7o, dia em que Francisco completar\u00e1 seis anos da sua elei\u00e7\u00e3o \u00e0 C\u00e1tedra de Pedro.<\/p>\n<p><strong>Medita\u00e7\u00f5es da Quaresma<\/strong><br \/>\nEntretanto, no dia 15, o Padre Raniero Cantalamessa, pregador oficial da Casa Pontif\u00edcia, iniciar\u00e1, no Vaticano, suas prega\u00e7\u00f5es de Quaresma nas sextas-feiras que precedem a P\u00e1scoa do Senhor. A tem\u00e1tica das suas medita\u00e7\u00f5es, nas cinco sextas-feiras em prepara\u00e7\u00e3o \u00e0 P\u00e1scoa, ser\u00e1 \u201cVolte para dentro de ti\u201d. As prega\u00e7\u00f5es ter\u00e3o lugar, segundo a tradi\u00e7\u00e3o, na Capela \u201cRedemptoris Mater\u201d, no pal\u00e1cio Apost\u00f3lico do Vaticano. Com suas medita\u00e7\u00f5es, o Frei capuchinho retomar\u00e1 o pensamento de Santo Agostinho, iniciado nas suas prega\u00e7\u00f5es de Advento, sobre o vers\u00edculo do Salmo 42: \u201cMinha alma tem sede do Deus vivo\u201d.<\/p>\n<p><strong>FONTE: <a href=\"https:\/\/www.vaticannews.va\/pt.html\">Vatican News<\/a><\/strong><\/p>\n","protected":false},"excerpt":{"rendered":"<p>Ora\u00e7\u00e3o do Angelus<\/p>\n","protected":false},"author":5,"featured_media":201253,"comment_status":"open","ping_status":"open","sticky":false,"template":"","format":"standard","meta":[],"categories":[1428],"tags":[403,55],"acf":[],"yoast_head":"<!-- This site is optimized with the Yoast SEO plugin v19.2 - https:\/\/yoast.com\/wordpress\/plugins\/seo\/ -->\n<title>Papa: &quot;Tenta\u00e7\u00f5es s\u00e3o ilus\u00f5es de sucesso e felicidade&quot; - Not\u00edcias - Franciscanos<\/title>\n<meta name=\"robots\" content=\"index, follow, max-snippet:-1, max-image-preview:large, max-video-preview:-1\" \/>\n<link rel=\"canonical\" href=\"https:\/\/franciscanos.org.br\/noticias\/papa-tentacoes-sao-ilusoes-de-sucesso-e-felicidade.html\" \/>\n<meta property=\"og:locale\" content=\"pt_BR\" \/>\n<meta property=\"og:type\" content=\"article\" \/>\n<meta property=\"og:title\" content=\"Papa: &quot;Tenta\u00e7\u00f5es s\u00e3o ilus\u00f5es de sucesso e felicidade&quot; - Not\u00edcias - Franciscanos\" \/>\n<meta property=\"og:description\" content=\"Ora\u00e7\u00e3o do Angelus\" \/>\n<meta property=\"og:url\" content=\"https:\/\/franciscanos.org.br\/noticias\/papa-tentacoes-sao-ilusoes-de-sucesso-e-felicidade.html\" \/>\n<meta property=\"og:site_name\" content=\"Not\u00edcias - Franciscanos\" \/>\n<meta property=\"article:published_time\" content=\"2019-03-10T16:43:23+00:00\" \/>\n<meta property=\"article:modified_time\" content=\"2020-08-06T19:38:16+00:00\" \/>\n<meta property=\"og:image\" content=\"https:\/\/franciscanos.org.br\/noticias\/wp-content\/uploads\/2019\/03\/angelus_100319_2.jpg\" \/>\n\t<meta property=\"og:image:width\" content=\"273\" \/>\n\t<meta property=\"og:image:height\" content=\"181\" \/>\n\t<meta property=\"og:image:type\" content=\"image\/jpeg\" \/>\n<meta name=\"author\" content=\"freiaugusto\" \/>\n<meta name=\"twitter:card\" content=\"summary_large_image\" \/>\n<meta name=\"twitter:label1\" content=\"Escrito por\" \/>\n\t<meta name=\"twitter:data1\" content=\"freiaugusto\" \/>\n\t<meta name=\"twitter:label2\" content=\"Est. tempo de leitura\" \/>\n\t<meta name=\"twitter:data2\" content=\"5 minutos\" \/>\n<script type=\"application\/ld+json\" class=\"yoast-schema-graph\">{\"@context\":\"https:\/\/schema.org\",\"@graph\":[{\"@type\":\"WebSite\",\"@id\":\"https:\/\/franciscanos.org.br\/noticias\/#website\",\"url\":\"https:\/\/franciscanos.org.br\/noticias\/\",\"name\":\"Not\u00edcias - Franciscanos\",\"description\":\"Prov\u00edncia Franciscana da Imaculada Concei\u00e7\u00e3o do Brasil - Ordem dos Frades Menores - OFM\",\"potentialAction\":[{\"@type\":\"SearchAction\",\"target\":{\"@type\":\"EntryPoint\",\"urlTemplate\":\"https:\/\/franciscanos.org.br\/noticias\/?s={search_term_string}\"},\"query-input\":\"required name=search_term_string\"}],\"inLanguage\":\"pt-BR\"},{\"@type\":\"ImageObject\",\"inLanguage\":\"pt-BR\",\"@id\":\"https:\/\/franciscanos.org.br\/noticias\/papa-tentacoes-sao-ilusoes-de-sucesso-e-felicidade.html#primaryimage\",\"url\":\"https:\/\/franciscanos.org.br\/noticias\/wp-content\/uploads\/2019\/03\/angelus_100319_2.jpg\",\"contentUrl\":\"https:\/\/franciscanos.org.br\/noticias\/wp-content\/uploads\/2019\/03\/angelus_100319_2.jpg\",\"width\":273,\"height\":181},{\"@type\":\"WebPage\",\"@id\":\"https:\/\/franciscanos.org.br\/noticias\/papa-tentacoes-sao-ilusoes-de-sucesso-e-felicidade.html#webpage\",\"url\":\"https:\/\/franciscanos.org.br\/noticias\/papa-tentacoes-sao-ilusoes-de-sucesso-e-felicidade.html\",\"name\":\"Papa: \\\"Tenta\u00e7\u00f5es s\u00e3o ilus\u00f5es de sucesso e felicidade\\\" - Not\u00edcias - Franciscanos\",\"isPartOf\":{\"@id\":\"https:\/\/franciscanos.org.br\/noticias\/#website\"},\"primaryImageOfPage\":{\"@id\":\"https:\/\/franciscanos.org.br\/noticias\/papa-tentacoes-sao-ilusoes-de-sucesso-e-felicidade.html#primaryimage\"},\"datePublished\":\"2019-03-10T16:43:23+00:00\",\"dateModified\":\"2020-08-06T19:38:16+00:00\",\"author\":{\"@id\":\"https:\/\/franciscanos.org.br\/noticias\/#\/schema\/person\/37f88f0d111cd5358b12a6556a99eb91\"},\"breadcrumb\":{\"@id\":\"https:\/\/franciscanos.org.br\/noticias\/papa-tentacoes-sao-ilusoes-de-sucesso-e-felicidade.html#breadcrumb\"},\"inLanguage\":\"pt-BR\",\"potentialAction\":[{\"@type\":\"ReadAction\",\"target\":[\"https:\/\/franciscanos.org.br\/noticias\/papa-tentacoes-sao-ilusoes-de-sucesso-e-felicidade.html\"]}]},{\"@type\":\"BreadcrumbList\",\"@id\":\"https:\/\/franciscanos.org.br\/noticias\/papa-tentacoes-sao-ilusoes-de-sucesso-e-felicidade.html#breadcrumb\",\"itemListElement\":[{\"@type\":\"ListItem\",\"position\":1,\"name\":\"Home\",\"item\":\"https:\/\/franciscanos.org.br\/noticias\"},{\"@type\":\"ListItem\",\"position\":2,\"name\":\"Papa: &#8220;Tenta\u00e7\u00f5es s\u00e3o ilus\u00f5es de sucesso e felicidade&#8221;\"}]},{\"@type\":\"Person\",\"@id\":\"https:\/\/franciscanos.org.br\/noticias\/#\/schema\/person\/37f88f0d111cd5358b12a6556a99eb91\",\"name\":\"freiaugusto\",\"image\":{\"@type\":\"ImageObject\",\"inLanguage\":\"pt-BR\",\"@id\":\"https:\/\/franciscanos.org.br\/noticias\/#\/schema\/person\/image\/\",\"url\":\"https:\/\/secure.gravatar.com\/avatar\/9840b940e621801b24f3e6b059efb4b7?s=96&d=mm&r=g\",\"contentUrl\":\"https:\/\/secure.gravatar.com\/avatar\/9840b940e621801b24f3e6b059efb4b7?s=96&d=mm&r=g\",\"caption\":\"freiaugusto\"},\"url\":\"https:\/\/franciscanos.org.br\/noticias\/author\/freiaugusto\"}]}<\/script>\n<!-- \/ Yoast SEO plugin. -->","yoast_head_json":{"title":"Papa: \"Tenta\u00e7\u00f5es s\u00e3o ilus\u00f5es de sucesso e felicidade\" - Not\u00edcias - Franciscanos","robots":{"index":"index","follow":"follow","max-snippet":"max-snippet:-1","max-image-preview":"max-image-preview:large","max-video-preview":"max-video-preview:-1"},"canonical":"https:\/\/franciscanos.org.br\/noticias\/papa-tentacoes-sao-ilusoes-de-sucesso-e-felicidade.html","og_locale":"pt_BR","og_type":"article","og_title":"Papa: \"Tenta\u00e7\u00f5es s\u00e3o ilus\u00f5es de sucesso e felicidade\" - Not\u00edcias - Franciscanos","og_description":"Ora\u00e7\u00e3o do Angelus","og_url":"https:\/\/franciscanos.org.br\/noticias\/papa-tentacoes-sao-ilusoes-de-sucesso-e-felicidade.html","og_site_name":"Not\u00edcias - Franciscanos","article_published_time":"2019-03-10T16:43:23+00:00","article_modified_time":"2020-08-06T19:38:16+00:00","og_image":[{"width":273,"height":181,"url":"https:\/\/franciscanos.org.br\/noticias\/wp-content\/uploads\/2019\/03\/angelus_100319_2.jpg","type":"image\/jpeg"}],"author":"freiaugusto","twitter_card":"summary_large_image","twitter_misc":{"Escrito por":"freiaugusto","Est. tempo de leitura":"5 minutos"},"schema":{"@context":"https:\/\/schema.org","@graph":[{"@type":"WebSite","@id":"https:\/\/franciscanos.org.br\/noticias\/#website","url":"https:\/\/franciscanos.org.br\/noticias\/","name":"Not\u00edcias - Franciscanos","description":"Prov\u00edncia Franciscana da Imaculada Concei\u00e7\u00e3o do Brasil - Ordem dos Frades Menores - OFM","potentialAction":[{"@type":"SearchAction","target":{"@type":"EntryPoint","urlTemplate":"https:\/\/franciscanos.org.br\/noticias\/?s={search_term_string}"},"query-input":"required name=search_term_string"}],"inLanguage":"pt-BR"},{"@type":"ImageObject","inLanguage":"pt-BR","@id":"https:\/\/franciscanos.org.br\/noticias\/papa-tentacoes-sao-ilusoes-de-sucesso-e-felicidade.html#primaryimage","url":"https:\/\/franciscanos.org.br\/noticias\/wp-content\/uploads\/2019\/03\/angelus_100319_2.jpg","contentUrl":"https:\/\/franciscanos.org.br\/noticias\/wp-content\/uploads\/2019\/03\/angelus_100319_2.jpg","width":273,"height":181},{"@type":"WebPage","@id":"https:\/\/franciscanos.org.br\/noticias\/papa-tentacoes-sao-ilusoes-de-sucesso-e-felicidade.html#webpage","url":"https:\/\/franciscanos.org.br\/noticias\/papa-tentacoes-sao-ilusoes-de-sucesso-e-felicidade.html","name":"Papa: \"Tenta\u00e7\u00f5es s\u00e3o ilus\u00f5es de sucesso e felicidade\" - Not\u00edcias - Franciscanos","isPartOf":{"@id":"https:\/\/franciscanos.org.br\/noticias\/#website"},"primaryImageOfPage":{"@id":"https:\/\/franciscanos.org.br\/noticias\/papa-tentacoes-sao-ilusoes-de-sucesso-e-felicidade.html#primaryimage"},"datePublished":"2019-03-10T16:43:23+00:00","dateModified":"2020-08-06T19:38:16+00:00","author":{"@id":"https:\/\/franciscanos.org.br\/noticias\/#\/schema\/person\/37f88f0d111cd5358b12a6556a99eb91"},"breadcrumb":{"@id":"https:\/\/franciscanos.org.br\/noticias\/papa-tentacoes-sao-ilusoes-de-sucesso-e-felicidade.html#breadcrumb"},"inLanguage":"pt-BR","potentialAction":[{"@type":"ReadAction","target":["https:\/\/franciscanos.org.br\/noticias\/papa-tentacoes-sao-ilusoes-de-sucesso-e-felicidade.html"]}]},{"@type":"BreadcrumbList","@id":"https:\/\/franciscanos.org.br\/noticias\/papa-tentacoes-sao-ilusoes-de-sucesso-e-felicidade.html#breadcrumb","itemListElement":[{"@type":"ListItem","position":1,"name":"Home","item":"https:\/\/franciscanos.org.br\/noticias"},{"@type":"ListItem","position":2,"name":"Papa: &#8220;Tenta\u00e7\u00f5es s\u00e3o ilus\u00f5es de sucesso e felicidade&#8221;"}]},{"@type":"Person","@id":"https:\/\/franciscanos.org.br\/noticias\/#\/schema\/person\/37f88f0d111cd5358b12a6556a99eb91","name":"freiaugusto","image":{"@type":"ImageObject","inLanguage":"pt-BR","@id":"https:\/\/franciscanos.org.br\/noticias\/#\/schema\/person\/image\/","url":"https:\/\/secure.gravatar.com\/avatar\/9840b940e621801b24f3e6b059efb4b7?s=96&d=mm&r=g","contentUrl":"https:\/\/secure.gravatar.com\/avatar\/9840b940e621801b24f3e6b059efb4b7?s=96&d=mm&r=g","caption":"freiaugusto"},"url":"https:\/\/franciscanos.org.br\/noticias\/author\/freiaugusto"}]}},"_links":{"self":[{"href":"https:\/\/franciscanos.org.br\/noticias\/wp-json\/wp\/v2\/posts\/201250"}],"collection":[{"href":"https:\/\/franciscanos.org.br\/noticias\/wp-json\/wp\/v2\/posts"}],"about":[{"href":"https:\/\/franciscanos.org.br\/noticias\/wp-json\/wp\/v2\/types\/post"}],"author":[{"embeddable":true,"href":"https:\/\/franciscanos.org.br\/noticias\/wp-json\/wp\/v2\/users\/5"}],"replies":[{"embeddable":true,"href":"https:\/\/franciscanos.org.br\/noticias\/wp-json\/wp\/v2\/comments?post=201250"}],"version-history":[{"count":1,"href":"https:\/\/franciscanos.org.br\/noticias\/wp-json\/wp\/v2\/posts\/201250\/revisions"}],"predecessor-version":[{"id":227602,"href":"https:\/\/franciscanos.org.br\/noticias\/wp-json\/wp\/v2\/posts\/201250\/revisions\/227602"}],"wp:featuredmedia":[{"embeddable":true,"href":"https:\/\/franciscanos.org.br\/noticias\/wp-json\/wp\/v2\/media\/201253"}],"wp:attachment":[{"href":"https:\/\/franciscanos.org.br\/noticias\/wp-json\/wp\/v2\/media?parent=201250"}],"wp:term":[{"taxonomy":"category","embeddable":true,"href":"https:\/\/franciscanos.org.br\/noticias\/wp-json\/wp\/v2\/categories?post=201250"},{"taxonomy":"post_tag","embeddable":true,"href":"https:\/\/franciscanos.org.br\/noticias\/wp-json\/wp\/v2\/tags?post=201250"}],"curies":[{"name":"wp","href":"https:\/\/api.w.org\/{rel}","templated":true}]}}