{"id":201164,"date":"2020-03-07T12:18:46","date_gmt":"2020-03-07T15:18:46","guid":{"rendered":"https:\/\/franciscanos.org.br\/noticias\/?p=201164"},"modified":"2020-03-07T16:33:03","modified_gmt":"2020-03-07T19:33:03","slug":"dia-internacional-da-mulher-um-dia-de-luta","status":"publish","type":"post","link":"https:\/\/franciscanos.org.br\/noticias\/dia-internacional-da-mulher-um-dia-de-luta.html","title":{"rendered":"Dia Internacional da Mulher: um dia de luta"},"content":{"rendered":"<p><img loading=\"lazy\" class=\"alignnone wp-image-221714 size-full\" src=\"https:\/\/franciscanos.org.br\/noticias\/wp-content\/uploads\/2019\/03\/marielle.jpg\" alt=\"\" width=\"960\" height=\"1200\" srcset=\"https:\/\/franciscanos.org.br\/noticias\/wp-content\/uploads\/2019\/03\/marielle.jpg 960w, https:\/\/franciscanos.org.br\/noticias\/wp-content\/uploads\/2019\/03\/marielle-360x450.jpg 360w, https:\/\/franciscanos.org.br\/noticias\/wp-content\/uploads\/2019\/03\/marielle-819x1024.jpg 819w, https:\/\/franciscanos.org.br\/noticias\/wp-content\/uploads\/2019\/03\/marielle-768x960.jpg 768w, https:\/\/franciscanos.org.br\/noticias\/wp-content\/uploads\/2019\/03\/marielle-150x188.jpg 150w\" sizes=\"(max-width: 960px) 100vw, 960px\" \/><\/p>\n<p style=\"text-align: right;\"><em>Ilustra\u00e7\u00e3o de Feppa Rodrigues em homenagem a Marielle<\/em><\/p>\n<p>Oficializado pela Organiza\u00e7\u00e3o das Na\u00e7\u00f5es Unidas (ONU) em 1975, o Dia Internacional da Mulher \u00e9 comemorado desde o in\u00edcio do s\u00e9culo 20. Hoje, a data \u00e9 cada vez mais lembrada como um dia para reivindicar igualdade de g\u00eanero e com protestos ao redor do mundo &#8211; aproximando-a de sua origem na luta de mulheres que trabalhavam em f\u00e1bricas nos Estados Unidos e em alguns pa\u00edses da Europa. Elas come\u00e7aram uma campanha dentro do movimento socialista para exigir seus direitos &#8211; as condi\u00e7\u00f5es de trabalho delas eram ainda piores que as dos homens \u00e0 \u00e9poca.<\/p>\n<p>A origem da data escolhida para celebrar as mulheres tem algumas explica\u00e7\u00f5es hist\u00f3ricas. No Brasil, \u00e9 muito comum relacion\u00e1-la ao inc\u00eandio ocorrido em Nova York no dia 25 de mar\u00e7o de 1911 na <em>Triangle Shirtwaist Company<\/em>, quando 146 trabalhadores morreram, sendo 125 mulheres e 21 homens (na maioria, judeus), que trouxe \u00e0 tona as m\u00e1s condi\u00e7\u00f5es enfrentadas por mulheres na Revolu\u00e7\u00e3o Industrial.\u00a0No entanto, h\u00e1 registros anteriores a esse epis\u00f3dio que trazem refer\u00eancias \u00e0 reivindica\u00e7\u00e3o de mulheres para que houvesse um momento dedicado \u00e0s suas causas dentro do movimento de trabalhadores.<\/p>\n<div id=\"attachment_201172\" style=\"width: 634px\" class=\"wp-caption alignright\"><img aria-describedby=\"caption-attachment-201172\" loading=\"lazy\" class=\"wp-image-201172 size-full\" src=\"https:\/\/franciscanos.org.br\/noticias\/wp-content\/uploads\/2019\/03\/100327665_sufragistas_getty.jpg\" alt=\"\" width=\"624\" height=\"351\" \/><p id=\"caption-attachment-201172\" class=\"wp-caption-text\">Em 1913, as mulheres j\u00e1 protestavam pelo direito de votar nos Estados Unidos<\/p><\/div>\n<p><strong>As origens desta data<\/strong><br \/>\nSe fosse poss\u00edvel fazer uma linha do tempo dos primeiros &#8220;dias das mulheres&#8221; que surgiram no mundo, ela come\u00e7aria possivelmente com a grande passeata das mulheres em 26 de fevereiro de 1909, em Nova York.\u00a0Naquele dia, cerca de 15 mil mulheres marcharam nas ruas da cidade por melhores condi\u00e7\u00f5es de trabalho &#8211; na \u00e9poca, as jornadas para elas poderiam chegar a 16 horas por dia, seis dias por semana e, n\u00e3o raro, inclu\u00edam tamb\u00e9m os domingos. Ali teria sido celebrado pela primeira vez o &#8220;Dia Nacional da Mulher&#8221; americano.<\/p>\n<p>Enquanto isso, tamb\u00e9m crescia na Europa o movimento nas f\u00e1bricas. Em agosto de 1910, a alem\u00e3 Clara Zetkin prop\u00f4s em reuni\u00e3o da Segunda Confer\u00eancia Internacional das Mulheres Socialistas a cria\u00e7\u00e3o de uma jornada de manifesta\u00e7\u00f5es.\u00a0&#8220;N\u00e3o era uma quest\u00e3o de data espec\u00edfica. Ela fez declara\u00e7\u00f5es na Internacional Socialista com uma proposta para que houvesse um momento do movimento sindical e socialista dedicado \u00e0 quest\u00e3o das mulheres&#8221;, explicou \u00e0 BBC News Brasil a soci\u00f3loga Eva Blay, uma das pioneiras nos estudos sobre os direitos das mulheres no pa\u00eds.<\/p>\n<p>&#8220;A situa\u00e7\u00e3o da mulher era muito diferente e pior que a dos homens nas quest\u00f5es trabalhistas daquela \u00e9poca&#8221;, disse ela, que \u00e9 coordenadora da USP Mulheres.\u00a0A proposta de Zetkin, segundo os registros que se tem hoje, era de uma jornada anual de manifesta\u00e7\u00f5es das mulheres pela igualdade de direitos, sem exatamente determinar uma data. O primeiro dia oficial da mulher seria celebrado, ent\u00e3o, em 19 de mar\u00e7o de 1911.<\/p>\n<p>Em 1917, houve um marco ainda mais forte daquele que viria a ser o 8 de Mar\u00e7o. Naquele dia, um grupo de oper\u00e1rias saiu \u00e0s ruas para se manifestar contra a fome e a Primeira Guerra Mundial, movimento que seria o pontap\u00e9 inicial da Revolu\u00e7\u00e3o Russa.\u00a0O protesto aconteceu em 23 de fevereiro pelo antigo calend\u00e1rio russo &#8211; 8 de mar\u00e7o no calend\u00e1rio gregoriano, que os sovi\u00e9ticos adotariam em 1918 e \u00e9 utilizado pela maioria dos pa\u00edses do mundo hoje.\u00a0Ap\u00f3s a revolu\u00e7\u00e3o bolchevique, a data foi oficializada entre os sovi\u00e9ticos como celebra\u00e7\u00e3o da &#8220;mulher heroica e trabalhadora&#8221;.<\/p>\n<p><img loading=\"lazy\" class=\"alignnone wp-image-221716 size-full\" src=\"https:\/\/franciscanos.org.br\/noticias\/wp-content\/uploads\/2019\/03\/malala.jpg\" alt=\"\" width=\"1326\" height=\"928\" srcset=\"https:\/\/franciscanos.org.br\/noticias\/wp-content\/uploads\/2019\/03\/malala.jpg 1326w, https:\/\/franciscanos.org.br\/noticias\/wp-content\/uploads\/2019\/03\/malala-450x315.jpg 450w, https:\/\/franciscanos.org.br\/noticias\/wp-content\/uploads\/2019\/03\/malala-1024x717.jpg 1024w, https:\/\/franciscanos.org.br\/noticias\/wp-content\/uploads\/2019\/03\/malala-768x537.jpg 768w, https:\/\/franciscanos.org.br\/noticias\/wp-content\/uploads\/2019\/03\/malala-150x105.jpg 150w, https:\/\/franciscanos.org.br\/noticias\/wp-content\/uploads\/2019\/03\/malala-474x332.jpg 474w\" sizes=\"(max-width: 1326px) 100vw, 1326px\" \/><\/p>\n<p><strong>Data foi oficializada em 1975<\/strong><br \/>\nO chamado Dia Internacional da Mulher s\u00f3 foi oficializado em 1975, ano que a ONU intitulou de Ano Internacional da Mulher para lembrar suas conquistas pol\u00edticas e sociais.<\/p>\n<p>&#8220;Esse dia tem uma import\u00e2ncia hist\u00f3rica porque levantou um problema que n\u00e3o foi resolvido at\u00e9 hoje. A desigualdade de g\u00eanero permanece at\u00e9 hoje. As condi\u00e7\u00f5es de trabalho ainda s\u00e3o piores para as mulheres&#8221;, pontuou Eva Blay.\u00a0&#8220;J\u00e1 faz mais de cem anos que isso foi levantado e \u00e9 bom a gente continuar reclamando, porque os problemas persistem. Historicamente, isso \u00e9 fundamental.&#8221;<\/p>\n<p>No mundo inteiro, a data ainda \u00e9 comemorada, mas ao longo do tempo ganhou um aspecto &#8220;comercial&#8221; em muitos lugares.\u00a0O dia 8 de mar\u00e7o \u00e9 considerado feriado nacional em v\u00e1rios pa\u00edses, como a pr\u00f3pria R\u00fassia, onde as vendas nas floriculturas se multiplicam nos dias que antecedem a data, j\u00e1 que homens costumam presentear as mulheres com flores na ocasi\u00e3o.\u00a0Na China, as mulheres chegam a ter metade do dia de folga no 8 de mar\u00e7o, conforme \u00e9 recomendado pelo governo &#8211; mas nem todas as empresas seguem essa pr\u00e1tica.\u00a0J\u00e1 nos Estados Unidos, o m\u00eas de mar\u00e7o \u00e9 um m\u00eas hist\u00f3rico de marchas das mulheres.<\/p>\n<p><iframe loading=\"lazy\" title=\"Nenhuma a Menos - Campanha de Combate ao Feminicidio\" width=\"500\" height=\"281\" src=\"https:\/\/www.youtube.com\/embed\/8Zajz8tAcuQ?feature=oembed\" frameborder=\"0\" allow=\"accelerometer; autoplay; encrypted-media; gyroscope; picture-in-picture\" allowfullscreen><\/iframe><\/p>\n<p><strong>VIOL\u00caNCIA CONTRA A MULHER<\/strong><\/p>\n<p>No Brasil, a farmac\u00eautica Maria da Penha Maia Fernandes \u00e9 sin\u00f4nimo da luta empreendida por mulheres contra a viol\u00eancia. A lei que leva o seu nome tornou-se salvaguarda de um contingente consider\u00e1vel de brasileiras.\u00a0Mas, a despeito de ter entrado em vigor h\u00e1 quase 13 anos, o instrumento legal n\u00e3o tem sido suficiente para frear a barb\u00e1rie. Pesquisas revelam aumento do n\u00famero de casos de agress\u00f5es contra mulheres em todas as regi\u00f5es do pa\u00eds, quaisquer que sejam as tipifica\u00e7\u00f5es \u2013 da dom\u00e9stica ao feminic\u00eddio.<\/p>\n<p>&#8220;Realmente, est\u00e1 aumentando muito, mas eu percebo tamb\u00e9m que isso tem a ver com o fato de a mulher n\u00e3o ter procurado ajuda oficial ou porque acreditou e aceitou conversar com o agressor para discutir a rela\u00e7\u00e3o. Como os machistas n\u00e3o aceitam perder aquela causa \u2013 eles t\u00eam de ter dom\u00ednio sobre a mulher \u2013, durante os encontros ela pode ser vitima de uma viol\u00eancia maior. \u00c9 fundamental que ela procure a delegacia pedindo uma medida protetiva, denunciando que est\u00e1 correndo risco de morte. Nunca a mulher sofre viol\u00eancia dr\u00e1stica \u2013 a n\u00e3o ser em raras exce\u00e7\u00f5es \u2013 na primeira tentativa de feminic\u00eddio. H\u00e1 todo um hist\u00f3rico. Quando ela chega na delegacia, vem h\u00e1 muito tempo sofrendo viol\u00eancia. Come\u00e7a pela agress\u00e3o psicol\u00f3gica e por a\u00ed vai. Falta um chamado mais forte \u2013 e a imprensa tem feito a sua parte \u2013 para que as mulheres denunciem seus agressores. Se ela sofre viol\u00eancia psicol\u00f3gica ou f\u00edsica, deve procurar o Centro de Refer\u00eancia da sua cidade, dizer que est\u00e1 correndo risco de morte. Se n\u00e3o tem nada em seu munic\u00edpio, deve ligar no 180. A sra. foi v\u00edtima da morosidade da Justi\u00e7a. Esse quadro mudou? Que avalia\u00e7\u00e3o a senhora faz do papel do Judici\u00e1rio e da pol\u00edcia no \u00e2mbito da viol\u00eancia contra as mulheres? A preocupa\u00e7\u00e3o maior que se tem \u00e9 quando a mulher denuncia e o agressor n\u00e3o \u00e9 intimado com a rapidez que satisfa\u00e7a e d\u00ea seguran\u00e7a para a v\u00edtima. Existem v\u00e1rias justificativas, a come\u00e7ar pela alega\u00e7\u00e3o do aumento de den\u00fancias e que, em raz\u00e3o disso, os delegados n\u00e3o conseguem atender as v\u00edtimas. H\u00e1 atrasos em medidas protetivas que deveriam ser solicitadas pelo juiz. Acredito que deveria aumentar o n\u00famero de Delegacias da Mulher para que todos os casos tivessem um tr\u00e2mite mais r\u00e1pido. Isso na esfera policial. Acho tamb\u00e9m que as delegacias deveriam funcionar durante a noite, nos feriados e nos finais de semana. Sabemos que isso n\u00e3o acontece na maioria das cidades. A situa\u00e7\u00e3o \u00e9 dram\u00e1tica&#8221;, explica Maria da Penha.<\/p>\n<p>Em mar\u00e7o de 2015, a Lei do Feminic\u00eddio foi aprovada. Desde ent\u00e3o, a morte de mulheres motivadas por quest\u00f5es de g\u00eanero passou a ser qualificada como crime hediondo. A medida visa tamb\u00e9m diminuir os casos de feminic\u00eddio no Brasil, um dos pa\u00edses que mais mata mulheres no mundo. Infelizmente, tr\u00eas anos ap\u00f3s a cria\u00e7\u00e3o da lei, as taxas s\u00f3 aumentaram. De acordo com um levantamento realizado pelo G1, entre 2016 e 2017, rolou um aumento de 6,5% nos casos de feminic\u00eddio. S\u00f3 no ano passado, foram 4.473 homic\u00eddios dolosos de mulheres no Brasil. O estado que mais mata por viol\u00eancia dom\u00e9stica e quest\u00f5es de g\u00eanero \u00e9 Mato Grosso. A falta de den\u00fancias tamb\u00e9m preocupa e dificulta o cumprimento da lei. O levantamento tamb\u00e9m descobriu que, em m\u00e9dia, 12 mulheres s\u00e3o assassinadas por dia no pa\u00eds. Os criminosos? Homens que, muitas vezes, postam homenagens no Dia Internacional da Mulher e mandam flores para suas parceiras.<\/p>\n<p><em>Fonte: site BBC<\/em><\/p>\n","protected":false},"excerpt":{"rendered":"<p>8 de mar\u00e7o: Dia Internacional da Mulher <\/p>\n","protected":false},"author":3,"featured_media":221715,"comment_status":"open","ping_status":"open","sticky":false,"template":"","format":"standard","meta":[],"categories":[1],"tags":[358,1412],"acf":[],"yoast_head":"<!-- This site is optimized with the Yoast SEO plugin v19.2 - https:\/\/yoast.com\/wordpress\/plugins\/seo\/ -->\n<title>Dia Internacional da Mulher: um dia de luta - Not\u00edcias - Franciscanos<\/title>\n<meta name=\"robots\" content=\"index, follow, max-snippet:-1, max-image-preview:large, max-video-preview:-1\" \/>\n<link rel=\"canonical\" href=\"https:\/\/franciscanos.org.br\/noticias\/dia-internacional-da-mulher-um-dia-de-luta.html\" \/>\n<meta property=\"og:locale\" content=\"pt_BR\" \/>\n<meta property=\"og:type\" content=\"article\" \/>\n<meta property=\"og:title\" content=\"Dia Internacional da Mulher: um dia de luta - Not\u00edcias - Franciscanos\" \/>\n<meta property=\"og:description\" content=\"8 de mar\u00e7o: Dia Internacional da Mulher\" \/>\n<meta property=\"og:url\" content=\"https:\/\/franciscanos.org.br\/noticias\/dia-internacional-da-mulher-um-dia-de-luta.html\" \/>\n<meta property=\"og:site_name\" content=\"Not\u00edcias - Franciscanos\" \/>\n<meta property=\"article:published_time\" content=\"2020-03-07T15:18:46+00:00\" \/>\n<meta property=\"article:modified_time\" content=\"2020-03-07T19:33:03+00:00\" \/>\n<meta property=\"og:image\" content=\"https:\/\/franciscanos.org.br\/noticias\/wp-content\/uploads\/2019\/03\/marielle_d.jpg\" \/>\n\t<meta property=\"og:image:width\" content=\"273\" \/>\n\t<meta property=\"og:image:height\" content=\"181\" \/>\n\t<meta property=\"og:image:type\" content=\"image\/jpeg\" \/>\n<meta name=\"author\" content=\"moacir\" \/>\n<meta name=\"twitter:card\" content=\"summary_large_image\" \/>\n<meta name=\"twitter:label1\" content=\"Escrito por\" \/>\n\t<meta name=\"twitter:data1\" content=\"moacir\" \/>\n\t<meta name=\"twitter:label2\" content=\"Est. tempo de leitura\" \/>\n\t<meta name=\"twitter:data2\" content=\"7 minutos\" \/>\n<script type=\"application\/ld+json\" class=\"yoast-schema-graph\">{\"@context\":\"https:\/\/schema.org\",\"@graph\":[{\"@type\":\"WebSite\",\"@id\":\"https:\/\/franciscanos.org.br\/noticias\/#website\",\"url\":\"https:\/\/franciscanos.org.br\/noticias\/\",\"name\":\"Not\u00edcias - Franciscanos\",\"description\":\"Prov\u00edncia Franciscana da Imaculada Concei\u00e7\u00e3o do Brasil - Ordem dos Frades Menores - OFM\",\"potentialAction\":[{\"@type\":\"SearchAction\",\"target\":{\"@type\":\"EntryPoint\",\"urlTemplate\":\"https:\/\/franciscanos.org.br\/noticias\/?s={search_term_string}\"},\"query-input\":\"required name=search_term_string\"}],\"inLanguage\":\"pt-BR\"},{\"@type\":\"ImageObject\",\"inLanguage\":\"pt-BR\",\"@id\":\"https:\/\/franciscanos.org.br\/noticias\/dia-internacional-da-mulher-um-dia-de-luta.html#primaryimage\",\"url\":\"https:\/\/franciscanos.org.br\/noticias\/wp-content\/uploads\/2019\/03\/marielle_d.jpg\",\"contentUrl\":\"https:\/\/franciscanos.org.br\/noticias\/wp-content\/uploads\/2019\/03\/marielle_d.jpg\",\"width\":273,\"height\":181},{\"@type\":\"WebPage\",\"@id\":\"https:\/\/franciscanos.org.br\/noticias\/dia-internacional-da-mulher-um-dia-de-luta.html#webpage\",\"url\":\"https:\/\/franciscanos.org.br\/noticias\/dia-internacional-da-mulher-um-dia-de-luta.html\",\"name\":\"Dia Internacional da Mulher: um dia de luta - Not\u00edcias - Franciscanos\",\"isPartOf\":{\"@id\":\"https:\/\/franciscanos.org.br\/noticias\/#website\"},\"primaryImageOfPage\":{\"@id\":\"https:\/\/franciscanos.org.br\/noticias\/dia-internacional-da-mulher-um-dia-de-luta.html#primaryimage\"},\"datePublished\":\"2020-03-07T15:18:46+00:00\",\"dateModified\":\"2020-03-07T19:33:03+00:00\",\"author\":{\"@id\":\"https:\/\/franciscanos.org.br\/noticias\/#\/schema\/person\/b5c8cba458c330ccff548b056e95a5d4\"},\"breadcrumb\":{\"@id\":\"https:\/\/franciscanos.org.br\/noticias\/dia-internacional-da-mulher-um-dia-de-luta.html#breadcrumb\"},\"inLanguage\":\"pt-BR\",\"potentialAction\":[{\"@type\":\"ReadAction\",\"target\":[\"https:\/\/franciscanos.org.br\/noticias\/dia-internacional-da-mulher-um-dia-de-luta.html\"]}]},{\"@type\":\"BreadcrumbList\",\"@id\":\"https:\/\/franciscanos.org.br\/noticias\/dia-internacional-da-mulher-um-dia-de-luta.html#breadcrumb\",\"itemListElement\":[{\"@type\":\"ListItem\",\"position\":1,\"name\":\"Home\",\"item\":\"https:\/\/franciscanos.org.br\/noticias\"},{\"@type\":\"ListItem\",\"position\":2,\"name\":\"Dia Internacional da Mulher: um dia de luta\"}]},{\"@type\":\"Person\",\"@id\":\"https:\/\/franciscanos.org.br\/noticias\/#\/schema\/person\/b5c8cba458c330ccff548b056e95a5d4\",\"name\":\"moacir\",\"image\":{\"@type\":\"ImageObject\",\"inLanguage\":\"pt-BR\",\"@id\":\"https:\/\/franciscanos.org.br\/noticias\/#\/schema\/person\/image\/\",\"url\":\"https:\/\/secure.gravatar.com\/avatar\/d08aa2ce4c8dd416d4479aa8536fcf64?s=96&d=mm&r=g\",\"contentUrl\":\"https:\/\/secure.gravatar.com\/avatar\/d08aa2ce4c8dd416d4479aa8536fcf64?s=96&d=mm&r=g\",\"caption\":\"moacir\"},\"url\":\"https:\/\/franciscanos.org.br\/noticias\/author\/moacir\"}]}<\/script>\n<!-- \/ Yoast SEO plugin. -->","yoast_head_json":{"title":"Dia Internacional da Mulher: um dia de luta - Not\u00edcias - Franciscanos","robots":{"index":"index","follow":"follow","max-snippet":"max-snippet:-1","max-image-preview":"max-image-preview:large","max-video-preview":"max-video-preview:-1"},"canonical":"https:\/\/franciscanos.org.br\/noticias\/dia-internacional-da-mulher-um-dia-de-luta.html","og_locale":"pt_BR","og_type":"article","og_title":"Dia Internacional da Mulher: um dia de luta - Not\u00edcias - Franciscanos","og_description":"8 de mar\u00e7o: Dia Internacional da Mulher","og_url":"https:\/\/franciscanos.org.br\/noticias\/dia-internacional-da-mulher-um-dia-de-luta.html","og_site_name":"Not\u00edcias - Franciscanos","article_published_time":"2020-03-07T15:18:46+00:00","article_modified_time":"2020-03-07T19:33:03+00:00","og_image":[{"width":273,"height":181,"url":"https:\/\/franciscanos.org.br\/noticias\/wp-content\/uploads\/2019\/03\/marielle_d.jpg","type":"image\/jpeg"}],"author":"moacir","twitter_card":"summary_large_image","twitter_misc":{"Escrito por":"moacir","Est. tempo de leitura":"7 minutos"},"schema":{"@context":"https:\/\/schema.org","@graph":[{"@type":"WebSite","@id":"https:\/\/franciscanos.org.br\/noticias\/#website","url":"https:\/\/franciscanos.org.br\/noticias\/","name":"Not\u00edcias - Franciscanos","description":"Prov\u00edncia Franciscana da Imaculada Concei\u00e7\u00e3o do Brasil - Ordem dos Frades Menores - OFM","potentialAction":[{"@type":"SearchAction","target":{"@type":"EntryPoint","urlTemplate":"https:\/\/franciscanos.org.br\/noticias\/?s={search_term_string}"},"query-input":"required name=search_term_string"}],"inLanguage":"pt-BR"},{"@type":"ImageObject","inLanguage":"pt-BR","@id":"https:\/\/franciscanos.org.br\/noticias\/dia-internacional-da-mulher-um-dia-de-luta.html#primaryimage","url":"https:\/\/franciscanos.org.br\/noticias\/wp-content\/uploads\/2019\/03\/marielle_d.jpg","contentUrl":"https:\/\/franciscanos.org.br\/noticias\/wp-content\/uploads\/2019\/03\/marielle_d.jpg","width":273,"height":181},{"@type":"WebPage","@id":"https:\/\/franciscanos.org.br\/noticias\/dia-internacional-da-mulher-um-dia-de-luta.html#webpage","url":"https:\/\/franciscanos.org.br\/noticias\/dia-internacional-da-mulher-um-dia-de-luta.html","name":"Dia Internacional da Mulher: um dia de luta - Not\u00edcias - Franciscanos","isPartOf":{"@id":"https:\/\/franciscanos.org.br\/noticias\/#website"},"primaryImageOfPage":{"@id":"https:\/\/franciscanos.org.br\/noticias\/dia-internacional-da-mulher-um-dia-de-luta.html#primaryimage"},"datePublished":"2020-03-07T15:18:46+00:00","dateModified":"2020-03-07T19:33:03+00:00","author":{"@id":"https:\/\/franciscanos.org.br\/noticias\/#\/schema\/person\/b5c8cba458c330ccff548b056e95a5d4"},"breadcrumb":{"@id":"https:\/\/franciscanos.org.br\/noticias\/dia-internacional-da-mulher-um-dia-de-luta.html#breadcrumb"},"inLanguage":"pt-BR","potentialAction":[{"@type":"ReadAction","target":["https:\/\/franciscanos.org.br\/noticias\/dia-internacional-da-mulher-um-dia-de-luta.html"]}]},{"@type":"BreadcrumbList","@id":"https:\/\/franciscanos.org.br\/noticias\/dia-internacional-da-mulher-um-dia-de-luta.html#breadcrumb","itemListElement":[{"@type":"ListItem","position":1,"name":"Home","item":"https:\/\/franciscanos.org.br\/noticias"},{"@type":"ListItem","position":2,"name":"Dia Internacional da Mulher: um dia de luta"}]},{"@type":"Person","@id":"https:\/\/franciscanos.org.br\/noticias\/#\/schema\/person\/b5c8cba458c330ccff548b056e95a5d4","name":"moacir","image":{"@type":"ImageObject","inLanguage":"pt-BR","@id":"https:\/\/franciscanos.org.br\/noticias\/#\/schema\/person\/image\/","url":"https:\/\/secure.gravatar.com\/avatar\/d08aa2ce4c8dd416d4479aa8536fcf64?s=96&d=mm&r=g","contentUrl":"https:\/\/secure.gravatar.com\/avatar\/d08aa2ce4c8dd416d4479aa8536fcf64?s=96&d=mm&r=g","caption":"moacir"},"url":"https:\/\/franciscanos.org.br\/noticias\/author\/moacir"}]}},"_links":{"self":[{"href":"https:\/\/franciscanos.org.br\/noticias\/wp-json\/wp\/v2\/posts\/201164"}],"collection":[{"href":"https:\/\/franciscanos.org.br\/noticias\/wp-json\/wp\/v2\/posts"}],"about":[{"href":"https:\/\/franciscanos.org.br\/noticias\/wp-json\/wp\/v2\/types\/post"}],"author":[{"embeddable":true,"href":"https:\/\/franciscanos.org.br\/noticias\/wp-json\/wp\/v2\/users\/3"}],"replies":[{"embeddable":true,"href":"https:\/\/franciscanos.org.br\/noticias\/wp-json\/wp\/v2\/comments?post=201164"}],"version-history":[{"count":0,"href":"https:\/\/franciscanos.org.br\/noticias\/wp-json\/wp\/v2\/posts\/201164\/revisions"}],"wp:featuredmedia":[{"embeddable":true,"href":"https:\/\/franciscanos.org.br\/noticias\/wp-json\/wp\/v2\/media\/221715"}],"wp:attachment":[{"href":"https:\/\/franciscanos.org.br\/noticias\/wp-json\/wp\/v2\/media?parent=201164"}],"wp:term":[{"taxonomy":"category","embeddable":true,"href":"https:\/\/franciscanos.org.br\/noticias\/wp-json\/wp\/v2\/categories?post=201164"},{"taxonomy":"post_tag","embeddable":true,"href":"https:\/\/franciscanos.org.br\/noticias\/wp-json\/wp\/v2\/tags?post=201164"}],"curies":[{"name":"wp","href":"https:\/\/api.w.org\/{rel}","templated":true}]}}