{"id":201155,"date":"2019-03-07T14:37:52","date_gmt":"2019-03-07T17:37:52","guid":{"rendered":"https:\/\/franciscanos.org.br\/noticias\/?p=201155"},"modified":"2019-03-11T11:20:37","modified_gmt":"2019-03-11T14:20:37","slug":"oracao-jejum-e-esmola-conselhos-para-bem-iniciarmos-a-quaresma","status":"publish","type":"post","link":"https:\/\/franciscanos.org.br\/noticias\/oracao-jejum-e-esmola-conselhos-para-bem-iniciarmos-a-quaresma.html","title":{"rendered":"Ora\u00e7\u00e3o, jejum e esmola: conselhos para bem iniciarmos a Quaresma"},"content":{"rendered":"<p><img loading=\"lazy\" class=\"alignnone size-full wp-image-201156\" src=\"https:\/\/franciscanos.org.br\/noticias\/wp-content\/uploads\/2019\/03\/santuario_070319.jpg\" alt=\"\" width=\"980\" height=\"550\" srcset=\"https:\/\/franciscanos.org.br\/noticias\/wp-content\/uploads\/2019\/03\/santuario_070319.jpg 980w, https:\/\/franciscanos.org.br\/noticias\/wp-content\/uploads\/2019\/03\/santuario_070319-450x253.jpg 450w, https:\/\/franciscanos.org.br\/noticias\/wp-content\/uploads\/2019\/03\/santuario_070319-768x431.jpg 768w, https:\/\/franciscanos.org.br\/noticias\/wp-content\/uploads\/2019\/03\/santuario_070319-150x84.jpg 150w\" sizes=\"(max-width: 980px) 100vw, 980px\" \/><\/p>\n<p><strong>Vila Velha (ES) &#8211;<\/strong> Celebrar a quarta-feira de cinzas n\u00e3o \u00e9 simplesmente buscar o arrependimento do Carnaval, nem mesmo ser magicamente curado e convertido. Antes de tudo, celebrar esta data \u00e9 assumir, marcado pelas cinzas, de que somos pecadores e buscamos a convers\u00e3o.<\/p>\n<p>O jejum, a esmola e a ora\u00e7\u00e3o s\u00e3o os exerc\u00edcios que, no despercebido de nosso dia-a-dia, deve-se fazer percebido por n\u00f3s. Nestes quarenta dias, no escondido de nossa mis\u00e9ria, o Pai dos c\u00e9us nos dar\u00e1 a recompensa.<\/p>\n<p>E foi nesta certeza que na noite desta quarta-feira (06\/03), no Santu\u00e1rio Divino Esp\u00edrito Santo, em Vila Velha (ES), uma multid\u00e3o se fez presente nas celebra\u00e7\u00f5es da Quarta-feira de Cinzas.<\/p>\n<p>Os fi\u00e9is capixabas lotaram as celebra\u00e7\u00f5es, seja no Santu\u00e1rio ou nas demais comunidades, para receberem em sua fronte as cinzas. Sinal este que marca o in\u00edcio dos quarenta dias de convers\u00e3o sincera e reconcilia\u00e7\u00e3o com Deus e os irm\u00e3os.<\/p>\n<p><img loading=\"lazy\" class=\"alignnone size-full wp-image-201157\" src=\"https:\/\/franciscanos.org.br\/noticias\/wp-content\/uploads\/2019\/03\/santuario_070319_2.jpg\" alt=\"\" width=\"980\" height=\"550\" srcset=\"https:\/\/franciscanos.org.br\/noticias\/wp-content\/uploads\/2019\/03\/santuario_070319_2.jpg 980w, https:\/\/franciscanos.org.br\/noticias\/wp-content\/uploads\/2019\/03\/santuario_070319_2-450x253.jpg 450w, https:\/\/franciscanos.org.br\/noticias\/wp-content\/uploads\/2019\/03\/santuario_070319_2-768x431.jpg 768w, https:\/\/franciscanos.org.br\/noticias\/wp-content\/uploads\/2019\/03\/santuario_070319_2-150x84.jpg 150w\" sizes=\"(max-width: 980px) 100vw, 980px\" \/><\/p>\n<p>O p\u00e1roco, Frei Djalmo Fuck, lembrou que o jejum, a esmola e ora\u00e7\u00e3o t\u00eam um sentido amplo que transcende a Quaresma e deve ser levado por toda a vida. Lembrou tamb\u00e9m da Campanha de Fraternidade, que tem como tema: \u201cFraternidade e Pol\u00edticas P\u00fablicas\u201d. Ressaltou que as Pol\u00edticas P\u00fablicas n\u00e3o s\u00e3o um dever somente do governo, mas de cada cidad\u00e3o, seja pelo cuidado do pr\u00f3ximo, ou do meio ambiente.<\/p>\n<p>\u201cFazer da Quaresma uma convers\u00e3o, levando em conta as propostas da Campanha da Fraternidade, \u00e9 um desafio de todo o crist\u00e3o\u201d, ressaltou o p\u00e1roco.\u00a0Recebida as cinzas, a assembleia cat\u00f3lica \u00e9 convidada a buscar uma mudan\u00e7a, muito mais interna que externa; e principalmente muito mais espiritual que material.<\/p>\n<p><strong>Pascom do Santu\u00e1rio<\/strong><\/p>\n","protected":false},"excerpt":{"rendered":"<p>Celebra\u00e7\u00e3o da Quarta-feira de Cinzas no Santu\u00e1rio do Divino Esp\u00edrito Santo<\/p>\n","protected":false},"author":1,"featured_media":201158,"comment_status":"open","ping_status":"open","sticky":false,"template":"","format":"standard","meta":[],"categories":[1],"tags":[1180],"acf":[],"yoast_head":"<!-- This site is optimized with the Yoast SEO plugin v19.2 - https:\/\/yoast.com\/wordpress\/plugins\/seo\/ -->\n<title>Ora\u00e7\u00e3o, jejum e esmola: conselhos para bem iniciarmos a Quaresma - Not\u00edcias - Franciscanos<\/title>\n<meta name=\"robots\" content=\"index, follow, max-snippet:-1, max-image-preview:large, max-video-preview:-1\" \/>\n<link rel=\"canonical\" href=\"https:\/\/franciscanos.org.br\/noticias\/oracao-jejum-e-esmola-conselhos-para-bem-iniciarmos-a-quaresma.html\" \/>\n<meta property=\"og:locale\" content=\"pt_BR\" \/>\n<meta property=\"og:type\" content=\"article\" \/>\n<meta property=\"og:title\" content=\"Ora\u00e7\u00e3o, jejum e esmola: conselhos para bem iniciarmos a Quaresma - Not\u00edcias - Franciscanos\" \/>\n<meta property=\"og:description\" content=\"Celebra\u00e7\u00e3o da Quarta-feira de Cinzas no Santu\u00e1rio do Divino Esp\u00edrito Santo\" \/>\n<meta property=\"og:url\" content=\"https:\/\/franciscanos.org.br\/noticias\/oracao-jejum-e-esmola-conselhos-para-bem-iniciarmos-a-quaresma.html\" \/>\n<meta property=\"og:site_name\" content=\"Not\u00edcias - Franciscanos\" \/>\n<meta property=\"article:published_time\" content=\"2019-03-07T17:37:52+00:00\" \/>\n<meta property=\"article:modified_time\" content=\"2019-03-11T14:20:37+00:00\" \/>\n<meta property=\"og:image\" content=\"https:\/\/franciscanos.org.br\/noticias\/wp-content\/uploads\/2019\/03\/santuario_070319p.jpg\" \/>\n\t<meta property=\"og:image:width\" content=\"273\" \/>\n\t<meta property=\"og:image:height\" content=\"181\" \/>\n\t<meta property=\"og:image:type\" content=\"image\/jpeg\" \/>\n<meta name=\"author\" content=\"admin\" \/>\n<meta name=\"twitter:card\" content=\"summary_large_image\" \/>\n<meta name=\"twitter:label1\" content=\"Escrito por\" \/>\n\t<meta name=\"twitter:data1\" content=\"admin\" \/>\n\t<meta name=\"twitter:label2\" content=\"Est. tempo de leitura\" \/>\n\t<meta name=\"twitter:data2\" content=\"2 minutos\" \/>\n<script type=\"application\/ld+json\" class=\"yoast-schema-graph\">{\"@context\":\"https:\/\/schema.org\",\"@graph\":[{\"@type\":\"WebSite\",\"@id\":\"https:\/\/franciscanos.org.br\/noticias\/#website\",\"url\":\"https:\/\/franciscanos.org.br\/noticias\/\",\"name\":\"Not\u00edcias - Franciscanos\",\"description\":\"Prov\u00edncia Franciscana da Imaculada Concei\u00e7\u00e3o do Brasil - Ordem dos Frades Menores - OFM\",\"potentialAction\":[{\"@type\":\"SearchAction\",\"target\":{\"@type\":\"EntryPoint\",\"urlTemplate\":\"https:\/\/franciscanos.org.br\/noticias\/?s={search_term_string}\"},\"query-input\":\"required name=search_term_string\"}],\"inLanguage\":\"pt-BR\"},{\"@type\":\"ImageObject\",\"inLanguage\":\"pt-BR\",\"@id\":\"https:\/\/franciscanos.org.br\/noticias\/oracao-jejum-e-esmola-conselhos-para-bem-iniciarmos-a-quaresma.html#primaryimage\",\"url\":\"https:\/\/franciscanos.org.br\/noticias\/wp-content\/uploads\/2019\/03\/santuario_070319p.jpg\",\"contentUrl\":\"https:\/\/franciscanos.org.br\/noticias\/wp-content\/uploads\/2019\/03\/santuario_070319p.jpg\",\"width\":273,\"height\":181},{\"@type\":\"WebPage\",\"@id\":\"https:\/\/franciscanos.org.br\/noticias\/oracao-jejum-e-esmola-conselhos-para-bem-iniciarmos-a-quaresma.html#webpage\",\"url\":\"https:\/\/franciscanos.org.br\/noticias\/oracao-jejum-e-esmola-conselhos-para-bem-iniciarmos-a-quaresma.html\",\"name\":\"Ora\u00e7\u00e3o, jejum e esmola: conselhos para bem iniciarmos a Quaresma - Not\u00edcias - Franciscanos\",\"isPartOf\":{\"@id\":\"https:\/\/franciscanos.org.br\/noticias\/#website\"},\"primaryImageOfPage\":{\"@id\":\"https:\/\/franciscanos.org.br\/noticias\/oracao-jejum-e-esmola-conselhos-para-bem-iniciarmos-a-quaresma.html#primaryimage\"},\"datePublished\":\"2019-03-07T17:37:52+00:00\",\"dateModified\":\"2019-03-11T14:20:37+00:00\",\"author\":{\"@id\":\"https:\/\/franciscanos.org.br\/noticias\/#\/schema\/person\/b38fbf43118f02820bd932f2e4b14ad3\"},\"breadcrumb\":{\"@id\":\"https:\/\/franciscanos.org.br\/noticias\/oracao-jejum-e-esmola-conselhos-para-bem-iniciarmos-a-quaresma.html#breadcrumb\"},\"inLanguage\":\"pt-BR\",\"potentialAction\":[{\"@type\":\"ReadAction\",\"target\":[\"https:\/\/franciscanos.org.br\/noticias\/oracao-jejum-e-esmola-conselhos-para-bem-iniciarmos-a-quaresma.html\"]}]},{\"@type\":\"BreadcrumbList\",\"@id\":\"https:\/\/franciscanos.org.br\/noticias\/oracao-jejum-e-esmola-conselhos-para-bem-iniciarmos-a-quaresma.html#breadcrumb\",\"itemListElement\":[{\"@type\":\"ListItem\",\"position\":1,\"name\":\"Home\",\"item\":\"https:\/\/franciscanos.org.br\/noticias\"},{\"@type\":\"ListItem\",\"position\":2,\"name\":\"Ora\u00e7\u00e3o, jejum e esmola: conselhos para bem iniciarmos a Quaresma\"}]},{\"@type\":\"Person\",\"@id\":\"https:\/\/franciscanos.org.br\/noticias\/#\/schema\/person\/b38fbf43118f02820bd932f2e4b14ad3\",\"name\":\"admin\",\"image\":{\"@type\":\"ImageObject\",\"inLanguage\":\"pt-BR\",\"@id\":\"https:\/\/franciscanos.org.br\/noticias\/#\/schema\/person\/image\/\",\"url\":\"https:\/\/secure.gravatar.com\/avatar\/e8495742d34d0ba6448ea1c628263b3e?s=96&d=mm&r=g\",\"contentUrl\":\"https:\/\/secure.gravatar.com\/avatar\/e8495742d34d0ba6448ea1c628263b3e?s=96&d=mm&r=g\",\"caption\":\"admin\"},\"url\":\"https:\/\/franciscanos.org.br\/noticias\/author\/admin\"}]}<\/script>\n<!-- \/ Yoast SEO plugin. -->","yoast_head_json":{"title":"Ora\u00e7\u00e3o, jejum e esmola: conselhos para bem iniciarmos a Quaresma - Not\u00edcias - Franciscanos","robots":{"index":"index","follow":"follow","max-snippet":"max-snippet:-1","max-image-preview":"max-image-preview:large","max-video-preview":"max-video-preview:-1"},"canonical":"https:\/\/franciscanos.org.br\/noticias\/oracao-jejum-e-esmola-conselhos-para-bem-iniciarmos-a-quaresma.html","og_locale":"pt_BR","og_type":"article","og_title":"Ora\u00e7\u00e3o, jejum e esmola: conselhos para bem iniciarmos a Quaresma - Not\u00edcias - Franciscanos","og_description":"Celebra\u00e7\u00e3o da Quarta-feira de Cinzas no Santu\u00e1rio do Divino Esp\u00edrito Santo","og_url":"https:\/\/franciscanos.org.br\/noticias\/oracao-jejum-e-esmola-conselhos-para-bem-iniciarmos-a-quaresma.html","og_site_name":"Not\u00edcias - Franciscanos","article_published_time":"2019-03-07T17:37:52+00:00","article_modified_time":"2019-03-11T14:20:37+00:00","og_image":[{"width":273,"height":181,"url":"https:\/\/franciscanos.org.br\/noticias\/wp-content\/uploads\/2019\/03\/santuario_070319p.jpg","type":"image\/jpeg"}],"author":"admin","twitter_card":"summary_large_image","twitter_misc":{"Escrito por":"admin","Est. tempo de leitura":"2 minutos"},"schema":{"@context":"https:\/\/schema.org","@graph":[{"@type":"WebSite","@id":"https:\/\/franciscanos.org.br\/noticias\/#website","url":"https:\/\/franciscanos.org.br\/noticias\/","name":"Not\u00edcias - Franciscanos","description":"Prov\u00edncia Franciscana da Imaculada Concei\u00e7\u00e3o do Brasil - Ordem dos Frades Menores - OFM","potentialAction":[{"@type":"SearchAction","target":{"@type":"EntryPoint","urlTemplate":"https:\/\/franciscanos.org.br\/noticias\/?s={search_term_string}"},"query-input":"required name=search_term_string"}],"inLanguage":"pt-BR"},{"@type":"ImageObject","inLanguage":"pt-BR","@id":"https:\/\/franciscanos.org.br\/noticias\/oracao-jejum-e-esmola-conselhos-para-bem-iniciarmos-a-quaresma.html#primaryimage","url":"https:\/\/franciscanos.org.br\/noticias\/wp-content\/uploads\/2019\/03\/santuario_070319p.jpg","contentUrl":"https:\/\/franciscanos.org.br\/noticias\/wp-content\/uploads\/2019\/03\/santuario_070319p.jpg","width":273,"height":181},{"@type":"WebPage","@id":"https:\/\/franciscanos.org.br\/noticias\/oracao-jejum-e-esmola-conselhos-para-bem-iniciarmos-a-quaresma.html#webpage","url":"https:\/\/franciscanos.org.br\/noticias\/oracao-jejum-e-esmola-conselhos-para-bem-iniciarmos-a-quaresma.html","name":"Ora\u00e7\u00e3o, jejum e esmola: conselhos para bem iniciarmos a Quaresma - Not\u00edcias - Franciscanos","isPartOf":{"@id":"https:\/\/franciscanos.org.br\/noticias\/#website"},"primaryImageOfPage":{"@id":"https:\/\/franciscanos.org.br\/noticias\/oracao-jejum-e-esmola-conselhos-para-bem-iniciarmos-a-quaresma.html#primaryimage"},"datePublished":"2019-03-07T17:37:52+00:00","dateModified":"2019-03-11T14:20:37+00:00","author":{"@id":"https:\/\/franciscanos.org.br\/noticias\/#\/schema\/person\/b38fbf43118f02820bd932f2e4b14ad3"},"breadcrumb":{"@id":"https:\/\/franciscanos.org.br\/noticias\/oracao-jejum-e-esmola-conselhos-para-bem-iniciarmos-a-quaresma.html#breadcrumb"},"inLanguage":"pt-BR","potentialAction":[{"@type":"ReadAction","target":["https:\/\/franciscanos.org.br\/noticias\/oracao-jejum-e-esmola-conselhos-para-bem-iniciarmos-a-quaresma.html"]}]},{"@type":"BreadcrumbList","@id":"https:\/\/franciscanos.org.br\/noticias\/oracao-jejum-e-esmola-conselhos-para-bem-iniciarmos-a-quaresma.html#breadcrumb","itemListElement":[{"@type":"ListItem","position":1,"name":"Home","item":"https:\/\/franciscanos.org.br\/noticias"},{"@type":"ListItem","position":2,"name":"Ora\u00e7\u00e3o, jejum e esmola: conselhos para bem iniciarmos a Quaresma"}]},{"@type":"Person","@id":"https:\/\/franciscanos.org.br\/noticias\/#\/schema\/person\/b38fbf43118f02820bd932f2e4b14ad3","name":"admin","image":{"@type":"ImageObject","inLanguage":"pt-BR","@id":"https:\/\/franciscanos.org.br\/noticias\/#\/schema\/person\/image\/","url":"https:\/\/secure.gravatar.com\/avatar\/e8495742d34d0ba6448ea1c628263b3e?s=96&d=mm&r=g","contentUrl":"https:\/\/secure.gravatar.com\/avatar\/e8495742d34d0ba6448ea1c628263b3e?s=96&d=mm&r=g","caption":"admin"},"url":"https:\/\/franciscanos.org.br\/noticias\/author\/admin"}]}},"_links":{"self":[{"href":"https:\/\/franciscanos.org.br\/noticias\/wp-json\/wp\/v2\/posts\/201155"}],"collection":[{"href":"https:\/\/franciscanos.org.br\/noticias\/wp-json\/wp\/v2\/posts"}],"about":[{"href":"https:\/\/franciscanos.org.br\/noticias\/wp-json\/wp\/v2\/types\/post"}],"author":[{"embeddable":true,"href":"https:\/\/franciscanos.org.br\/noticias\/wp-json\/wp\/v2\/users\/1"}],"replies":[{"embeddable":true,"href":"https:\/\/franciscanos.org.br\/noticias\/wp-json\/wp\/v2\/comments?post=201155"}],"version-history":[{"count":0,"href":"https:\/\/franciscanos.org.br\/noticias\/wp-json\/wp\/v2\/posts\/201155\/revisions"}],"wp:featuredmedia":[{"embeddable":true,"href":"https:\/\/franciscanos.org.br\/noticias\/wp-json\/wp\/v2\/media\/201158"}],"wp:attachment":[{"href":"https:\/\/franciscanos.org.br\/noticias\/wp-json\/wp\/v2\/media?parent=201155"}],"wp:term":[{"taxonomy":"category","embeddable":true,"href":"https:\/\/franciscanos.org.br\/noticias\/wp-json\/wp\/v2\/categories?post=201155"},{"taxonomy":"post_tag","embeddable":true,"href":"https:\/\/franciscanos.org.br\/noticias\/wp-json\/wp\/v2\/tags?post=201155"}],"curies":[{"name":"wp","href":"https:\/\/api.w.org\/{rel}","templated":true}]}}