{"id":201148,"date":"2019-03-08T08:50:28","date_gmt":"2019-03-08T11:50:28","guid":{"rendered":"https:\/\/franciscanos.org.br\/noticias\/?p=201148"},"modified":"2019-04-22T13:58:49","modified_gmt":"2019-04-22T16:58:49","slug":"frei-vitorio-pede-mais-indignacao-profetica","status":"publish","type":"post","link":"https:\/\/franciscanos.org.br\/noticias\/frei-vitorio-pede-mais-indignacao-profetica.html","title":{"rendered":"Frei Vit\u00f3rio pede mais indigna\u00e7\u00e3o prof\u00e9tica"},"content":{"rendered":"<p><strong><img loading=\"lazy\" class=\"alignnone size-full wp-image-201152\" src=\"https:\/\/franciscanos.org.br\/noticias\/wp-content\/uploads\/2019\/03\/vitorio_080319.jpg\" alt=\"\" width=\"980\" height=\"550\" srcset=\"https:\/\/franciscanos.org.br\/noticias\/wp-content\/uploads\/2019\/03\/vitorio_080319.jpg 980w, https:\/\/franciscanos.org.br\/noticias\/wp-content\/uploads\/2019\/03\/vitorio_080319-450x253.jpg 450w, https:\/\/franciscanos.org.br\/noticias\/wp-content\/uploads\/2019\/03\/vitorio_080319-768x431.jpg 768w, https:\/\/franciscanos.org.br\/noticias\/wp-content\/uploads\/2019\/03\/vitorio_080319-150x84.jpg 150w\" sizes=\"(max-width: 980px) 100vw, 980px\" \/><\/strong><\/p>\n<p><strong>S\u00e3o Paulo (SP) \u2013<\/strong> Frei Vitorio Mazzuco, o quinto entrevistado da s\u00e9rie de entrevistas sobre a Campanha da Fraternidade, afirma que os franciscanos precisam ser a voz dos sem voz e, para isso, precisam conhecer a realidade social. \u201cO melhor modo de fazermos pol\u00edtica \u00e9 termos os olhos e a sensibilidade abertos para conhecer e pisar o ch\u00e3o da realidade\u201d, assegura. Na entrevista, Frei Vitorio fala tamb\u00e9m sobre a Carta aos Governantes dos povos, escrita por S\u00e3o Francisco e a interven\u00e7\u00e3o no conflito entre o bispo e o prefeito de Assis. \u201cA pol\u00edtica de Francisco \u00e9 a pol\u00edtica da reconstru\u00e7\u00e3o da boa conviv\u00eancia\u201d, recorda o frade.<\/p>\n<p>A Campanha da Fraternidade deste ano tem como tema \u201cFraternidade e Pol\u00edticas P\u00fablicas\u201d. Para ajudar na compreens\u00e3o do tema, a Prov\u00edncia Franciscana da Imaculada Concei\u00e7\u00e3o, atrav\u00e9s da Frente de Evangeliza\u00e7\u00e3o da Comunica\u00e7\u00e3o, produziu uma s\u00e9rie de entrevistas abordando diversos aspectos das Pol\u00edticas P\u00fablicas e suas \u00e1reas de atua\u00e7\u00e3o. As primeiras entrevistas j\u00e1 est\u00e3o dispon\u00edveis em nosso site e tamb\u00e9m no formato podcast, no <a href=\"https:\/\/soundcloud.com\/provincia-franciscana\" target=\"_blank\" rel=\"noopener noreferrer\"><em>Soundcloud<\/em><\/a>.<\/p>\n<p>Acompanhe a entrevista de Frei Vitorio concedida a <strong>Frei Gustavo Medella<\/strong>.<\/p>\n<p><strong>Site Franciscanos &#8211; De que maneira as a\u00e7\u00f5es de S\u00e3o Francisco podem inspirar a participa\u00e7\u00e3o pol\u00edtica dos crist\u00e3os e franciscanos hoje?<\/strong><\/p>\n<p><strong>Frei Vitorio Mazzuco &#8211; <\/strong>Temos que partir do significado grego da palavra pol\u00edtica. \u201cPolitik\u00f3s\u201d significa arranjo existencial para o bem comum. Para falar do tema, ningu\u00e9m melhor do que S\u00e3o Francisco, ainda no s\u00e9culo XIII, e que depois influenciou a Ordem at\u00e9 os dias de hoje. Francisco \u00e9 um grande inspirador pol\u00edtico quando falamos do bem comum. Ele sempre pensou a verdade, a justi\u00e7a e a partilha a partir da fraternidade, ou seja, a pol\u00edtica de Francisco \u00e9 a pol\u00edtica da reconstru\u00e7\u00e3o da boa conviv\u00eancia. Ele leva a s\u00e9rio a grande inspira\u00e7\u00e3o que ele teve em 1205, a partir da escuta da convoca\u00e7\u00e3o e do di\u00e1logo com o crucifixo em S\u00e3o Dami\u00e3o: \u201cFrancisco vai e reconstr\u00f3i a minha casa\u201d. Adaptando-se aos nossos tempos, podemos dizer: \u201cFrancisco vai e reconstr\u00f3i a nossa Casa Comum\u201d. E Francisco sempre pensou a dimens\u00e3o comum de toda atua\u00e7\u00e3o humana. Ele n\u00e3o trabalhou sozinho, mas esteve em comunh\u00e3o com os necessitados do seu tempo. Sua inspira\u00e7\u00e3o vem depois que ele abra\u00e7a o leproso no caminho. Ele vai pedir esmola em fun\u00e7\u00e3o de dividir esta esmola; a vida dele sempre foi uma partilha e uma preocupa\u00e7\u00e3o com o bem das pessoas, o bem de todos. Francisco \u00e9, sim, um inspirador pol\u00edtico a partir do momento em que a verdadeira pol\u00edtica \u00e9 express\u00e3o maior da caridade, do amor e da preocupa\u00e7\u00e3o com a beleza e dignidade do humano, da conviv\u00eancia \u00a0com todas as criaturas e seres.<\/p>\n<p><strong>Site Franciscanos &#8211; S\u00e3o Francisco escreveu uma carta aos governantes. Fale um pouco deste importante escrito de S\u00e3o Francisco.<\/strong><\/p>\n<p><strong>Frei Vitorio Mazzuco &#8211; <\/strong>Esta carta, um tanto desconhecida hoje, \u00e9 muito atual. Francisco volta do Oriente em 1219 e escreve esta Carta aos Governantes dos povos. Sabemos que ela \u00e9 direcionada aos governantes do Ocidente. Ele fica impressionado ao ver como os <em>muezins<\/em>, os sacerdotes mu\u00e7ulmanos, convocavam o povo para o momento de prece. Ele realmente achava que a ora\u00e7\u00e3o, o esp\u00edrito comum, a adora\u00e7\u00e3o do dia, podia criar a paz, a harmonia e instaurar a justi\u00e7a. Pelo modo como ele come\u00e7a a carta, podemos identificar os destinat\u00e1rios. Ele n\u00e3o fala de maraj\u00e1s, de pax\u00e1s, de sult\u00e3o, mas fala de potestades, c\u00f4nsules, ju\u00edzes, governantes de toda Terra. Portanto, ele est\u00e1 falando diretamente aos governantes do Ocidente. O mais importante \u00e9 que ele se apresenta tamb\u00e9m como Frei Francisco e se coloca como servo, simples, que deseja sa\u00fade e paz, despojando-se do poder, da autoridade e se apresentando como irm\u00e3o. O mais interessante \u00e9 que ele vai criar algumas considera\u00e7\u00f5es. A primeira delas \u00e9 que todo governante costuma ser o dono da lei, da justi\u00e7a, aquele que vai zelar pelas normas e, \u00e0s vezes, faz julgamentos. Ele come\u00e7a dizendo que ningu\u00e9m \u00e9 eterno, que a morte pode se aproximar de cada um. Ent\u00e3o, ele pede que, no meio das decis\u00f5es, n\u00e3o se esque\u00e7am do Senhor. \u201cAqueles que se afastarem do Senhor ser\u00e3o julgados por Ele\u201d, dizia. Os especialistas em leis n\u00e3o podem esquecer que ser\u00e3o julgados pelo Senhor. A estes governantes, que sempre fazem obras e leis para viverem uma imortalidade e n\u00e3o serem esquecidos, S\u00e3o Francisco diz: voc\u00eas podem ser destinados ao esquecimento, porque quando a morte vier, voc\u00eas tamb\u00e9m ser\u00e3o julgados. E ele fala: quanto mais s\u00e1bios e mais poderosos voc\u00eas tiverem sidos neste mundo, mais voc\u00eas sofrer\u00e3o. Ele aconselha que deixem de lado preocupa\u00e7\u00f5es apenas com o mundo e recebam, criem e trabalhem na mem\u00f3ria do Senhor. Ent\u00e3o, assim como ele viu no Oriente que os <em>muezins<\/em> convocavam o povo \u00e0 adora\u00e7\u00e3o do Senhor, ele pede que, no Ocidente, fa\u00e7a-se uma adora\u00e7\u00e3o p\u00fablica e Eucar\u00edstica em tempo determinado. \u00c9 uma devo\u00e7\u00e3o ao Sant\u00edssimo Corpo e Sant\u00edssimo Sangue do Senhor, que pedia para que fosse anunciada por algum sinal, por um pregoeiro, por sinos, ou de algum modo, ao povo para render gra\u00e7as ao Senhor. Ele pede que isso seja uma lei que parte dos governantes, dizendo que se n\u00e3o fizer isso, eles tamb\u00e9m v\u00e3o prestar contas. A presen\u00e7a do Corpo e Sangue do Senhor mostra que o mundo n\u00e3o \u00e9 salvo apenas na dimens\u00e3o do Esp\u00edrito. Quando um povo se une na f\u00e9, ele se fortalece. \u00c9 isso que ele pede aos governantes de todos os povos. \u00c9 uma carta in\u00e9dita, fant\u00e1stica, que merece um grande aprofundamento.<\/p>\n<p><img loading=\"lazy\" class=\"alignnone size-full wp-image-201151\" src=\"https:\/\/franciscanos.org.br\/noticias\/wp-content\/uploads\/2019\/03\/dirigentes_070319.jpg\" alt=\"\" width=\"980\" height=\"550\" srcset=\"https:\/\/franciscanos.org.br\/noticias\/wp-content\/uploads\/2019\/03\/dirigentes_070319.jpg 980w, https:\/\/franciscanos.org.br\/noticias\/wp-content\/uploads\/2019\/03\/dirigentes_070319-450x253.jpg 450w, https:\/\/franciscanos.org.br\/noticias\/wp-content\/uploads\/2019\/03\/dirigentes_070319-768x431.jpg 768w, https:\/\/franciscanos.org.br\/noticias\/wp-content\/uploads\/2019\/03\/dirigentes_070319-150x84.jpg 150w\" sizes=\"(max-width: 980px) 100vw, 980px\" \/><\/p>\n<p><strong>Site Franciscanos &#8211; De que forma Francisco agiu para conciliar o bispo e o prefeito de Assis?<\/strong><\/p>\n<p><strong>Frei Vitorio Mazzuco &#8211; <\/strong>O prefeito de Assis, o <em>sindaco<\/em>, como eles chamavam, e o bispo s\u00e3o duas autoridades referenciais na cidade. Eles entraram em conflito, certamente dentro da dimens\u00e3o do poder. Para resolver a situa\u00e7\u00e3o, S\u00e3o Francisco, em primeiro lugar, convoca-os ao di\u00e1logo. N\u00e3o h\u00e1 como conseguir a harmonia se n\u00e3o for pelo di\u00e1logo a partir da for\u00e7a e da lideran\u00e7a de cada um. O segundo aspecto \u00e9 promover o perd\u00e3o entre os dois. Ele exige que eles se perdoem. No latim medieval, perd\u00e3o significa <em>perdono<\/em>, ou seja, <em>atrav\u00e9s dos dons<\/em>. Por isso, o bispo tem que entregar ao prefeito aquilo que \u00e9 dele: os dons que ele tem como uma autoridade eclesi\u00e1stica. Por sua vez, o prefeito tem que doar ao bispo e \u00e0 municipalidade os dons que ele tem como uma autoridade civil. Quando um lado cede, a paz acontece. Francisco, ent\u00e3o, \u00e9 o mediador desta situa\u00e7\u00e3o, para que eles se encontrem, abracem-se, estabele\u00e7am a paz, porque se h\u00e1 conflito entre os governantes, isso atinge o povo e a sociedade. A inseguran\u00e7a daqueles que governam e que causam \u00f3dio e raiva por causa de suas ideologias, avareza, ambi\u00e7\u00e3o e exalta\u00e7\u00e3o do poder, influi na paz. A paz de Assis vem quando Francisco estabelece a reconcilia\u00e7\u00e3o entre o prefeito e o bispo Guido.<\/p>\n<p><strong>Site Franciscanos &#8211; O que se espera de um franciscano diante do tema da pol\u00edtica?<\/strong><\/p>\n<p><strong>Frei Vitorio Mazzuco &#8211; <\/strong>Os franciscanos t\u00eam que ser decisivos e estar junto com o povo. Pol\u00edtica \u00e9 estar junto com o povo. Para n\u00f3s, a fraternidade \u00e9 o arranjo existencial, o modo de percebermos a necessidade do outro. Francisco foi algu\u00e9m que esteve sempre muito pr\u00f3ximo do povo. Ele era um itinerante. N\u00e3o d\u00e1 para conhecer as necessidades se voc\u00ea n\u00e3o vai onde o povo est\u00e1. Hoje, o que se espera de um franciscano \u00e9 presen\u00e7a, proximidade, sensibilidade e conhecimento como Francisco pede diante do crucifixo. O melhor modo de fazermos pol\u00edtica \u00e9 termos os olhos e a sensibilidade abertos para conhecer e pisar o ch\u00e3o da realidade, aproximarmo-nos do povo. Perceber as suas necessidades, ir l\u00e1 onde existe uma dificuldade e um problema a ser resolvido. Em seguida, falar. Francisco sempre disse as coisas com determina\u00e7\u00e3o e seguran\u00e7a. Temos que anunciar, temos que ter uma indigna\u00e7\u00e3o prof\u00e9tica &#8211; que n\u00e3o \u00e9 raivosa. Ela \u00e9 convicta de que tem que haver uma solu\u00e7\u00e3o. Temos que ser a voz daqueles que n\u00e3o t\u00eam possibilidade de tomar partido, de reivindicar, de falar. Assim como Francisco era o arauto do Grande Rei, ele sabia que era tamb\u00e9m um arauto dos valores da justi\u00e7a, da paz, do evangelho. Quando assumimos os valores da justi\u00e7a, da paz, da integridade da cria\u00e7\u00e3o, estamos assumindo o Evangelho. Isso tamb\u00e9m \u00e9 uma postura pol\u00edtica. Para n\u00f3s, o tema da pol\u00edtica tem que ser um grande encontro entre f\u00e9 e pol\u00edtica. Daquilo que acredito, falo e fa\u00e7o. A nossa palavra tem que ser uma palavra transformadora. Sobretudo, temos que aprender com Francisco: ir ao ermo, ao lugar da reflex\u00e3o, da realidade, da conjuntura. Francisco nunca ficou dentro dos eremit\u00e9rios. Ele saiu dali para perceber onde necessitavam da sua presen\u00e7a. \u00c9 isso que temos que fazer. Prepararmo-nos no recolhimento da profundidade pessoal para sairmos bem para o social. Esse \u00e9 o modo que n\u00f3s devemos estar diante das Pol\u00edticas P\u00fablicas. O tema da CF deste ano \u00e9 uma grande convoca\u00e7\u00e3o. Podemos criar uma verdadeira transforma\u00e7\u00e3o sem deixar de perder a nossa profundidade pessoal. Francisco foi sempre este bin\u00f4mio entre a interioridade e a realidade.<\/p>\n<h3><strong>Ou\u00e7a a entrevista com Frei Vitorio Mazzuco:<\/strong><\/h3>\n<p><iframe loading=\"lazy\" src=\"https:\/\/w.soundcloud.com\/player\/?url=https%3A\/\/api.soundcloud.com\/tracks\/589439457&amp;color=%23ff5500&amp;auto_play=false&amp;hide_related=false&amp;show_comments=false&amp;show_user=true&amp;show_reposts=false&amp;show_teaser=false\" width=\"100%\" height=\"166\" frameborder=\"no\" scrolling=\"no\"><\/iframe><\/p>\n<p><iframe loading=\"lazy\" src=\"https:\/\/w.soundcloud.com\/player\/?url=https%3A\/\/api.soundcloud.com\/tracks\/589439484&amp;color=%23ff5500&amp;auto_play=false&amp;hide_related=false&amp;show_comments=false&amp;show_user=true&amp;show_reposts=false&amp;show_teaser=false\" width=\"100%\" height=\"166\" frameborder=\"no\" scrolling=\"no\"><\/iframe><\/p>\n<hr \/>\n<p><strong>Confira todas as entrevistas: <\/strong><\/p>\n<p><strong>Tema e Lema da CF | Entrevistado:\u00a0 \u00a0 \u00a0<\/strong><strong><a href=\"https:\/\/franciscanos.org.br\/noticias\/d-leonardo-sejamos-ativos-na-construcao-de-politicas-publicas.html\">Dom Leonardo Ulrich Steiner<\/a><\/strong><\/p>\n<p style=\"padding-left: 30px;\">Bispo Auxiliar de Bras\u00edlia e secret\u00e1rio-geral da CNBB.<\/p>\n<p><strong>Conceito de Pol\u00edticas P\u00fablicas | Entrevistado: <a href=\"https:\/\/franciscanos.org.br\/noticias\/o-que-sao-e-como-funcionam-as-politicas-publicas.html\" target=\"_blank\" rel=\"noopener noreferrer\">Robert Soares do Nascimento<\/a><\/strong><\/p>\n<p style=\"padding-left: 30px;\">Agente de Pastoral, comp\u00f5e o N\u00facleo em Educa\u00e7\u00e3o e Direitos Humanos da UNISAL (Centro Universit\u00e1rio Salesiano de S\u00e3o Paulo) e participa do Grupo de Trabalho de Justi\u00e7a Restaurativa da Comarca de Americana (SP).<\/p>\n<p><strong>Pol\u00edtica como exerc\u00edcio do bem comum | Entrevistado: <a href=\"https:\/\/franciscanos.org.br\/noticias\/politica-como-exercicio-da-busca-do-bem-comum.html\" target=\"_blank\" rel=\"noopener noreferrer\">Felix Fernando Siriani<\/a><\/strong><\/p>\n<p style=\"padding-left: 30px;\">Formado em Gest\u00e3o de Pol\u00edticas P\u00fablicas, especialista em Pedagogia Social, Pastoral Escolar e mestrando em Mudan\u00e7a Social e Pol\u00edticas P\u00fablicas.<\/p>\n<p><strong>Doutrina Social da Igreja | Entrevistado: <a href=\"https:\/\/franciscanos.org.br\/noticias\/uma-boa-igreja-tem-que-ter-um-grande-amor-aos-pobres-afirma-fernando-altemeyer.html\" target=\"_blank\" rel=\"noopener noreferrer\">Prof. Dr. Fernando Altemeyer Junior<\/a><\/strong><\/p>\n<p style=\"padding-left: 30px;\">Chefe do Departamento de Ci\u00eancia da Religi\u00e3o da PUC-SP.<\/p>\n<p><strong>As a\u00e7\u00f5es e ensinamentos de Jesus como inspira\u00e7\u00e3o para pol\u00edticas em favor da cidadania |Entrevistado:\u00a0<a href=\"https:\/\/franciscanos.org.br\/noticias\/o-eixo-das-politicas-publicas-justica-paz-e-alegria.html\" target=\"_blank\" rel=\"noopener noreferrer\">Francisco Orofino<\/a><\/strong><\/p>\n<p style=\"padding-left: 30px;\">Leigo, professor de Teologia B\u00edblica em Nova Igua\u00e7u (RJ) e assessor do CEBI (Centro de Estudos B\u00edblicos) e do ISER Assessoria (Instituto de Estudos da Religi\u00e3o).<\/p>\n<p><strong>Os franciscanos e o engajamento pol\u00edtico | Entrevistado: <a href=\"https:\/\/franciscanos.org.br\/noticias\/frei-vitorio-pede-mais-indignacao-profetica.html\" target=\"_blank\" rel=\"noopener noreferrer\">Frei Vitorio Mazzuco<\/a><\/strong><\/p>\n<p style=\"padding-left: 30px;\">Mestre em espiritualidade e coordenador da Pastoral Universit\u00e1ria da USF.<\/p>\n<p><strong>A import\u00e2ncia dos Movimentos Sociais na busca do bem comum | Entrevistado: <a href=\"https:\/\/franciscanos.org.br\/noticias\/dom-guilherme-e-preciso-reanimar-os-movimentos-sociais.html\" target=\"_blank\" rel=\"noopener noreferrer\">Dom Guilherme Werlang<\/a><\/strong><\/p>\n<p style=\"padding-left: 30px;\">Bispo da Diocese de Lages (SC) e presidente da Comiss\u00e3o Episcopal Pastoral para a A\u00e7\u00e3o Social Transformadora da CNBB.<\/p>\n<p><strong>Pol\u00edticas P\u00fablicas na \u00e1rea da sa\u00fade | Entrevistado: <a href=\"https:\/\/franciscanos.org.br\/noticias\/politicas-publicas-em-favor-da-saude.html\" target=\"_blank\" rel=\"noopener noreferrer\">Fernando Pigatto <\/a><\/strong><\/p>\n<p style=\"padding-left: 30px;\">Presidente do Conselho Nacional de Sa\u00fade (CNS) e Representante da Confedera\u00e7\u00e3o Nacional das Associa\u00e7\u00f5es de Moradores (CONAM).<\/p>\n<p><strong>Pol\u00edticas P\u00fablicas na seguran\u00e7a | Entrevistado: <a href=\"https:\/\/franciscanos.org.br\/noticias\/a-seguranca-publica-precisa-da-integracao-das-instituicoes-e-da-comunidade.html\" target=\"_blank\" rel=\"noopener noreferrer\">Ricardo Bedendo<\/a><\/strong><\/p>\n<p style=\"padding-left: 30px;\">Jornalista e Mestre em Ci\u00eancias Sociais, integra o n\u00facleo de Estudos de Viol\u00eancia e Direitos Humanos da P\u00f3s-Gradua\u00e7\u00e3o em Ci\u00eancias Sociais da Universidade Federal de Juiz de Fora (UFJF).<\/p>\n<p><strong>Pol\u00edticas P\u00fablicas e Assist\u00eancia Social | Entrevistada: <a href=\"https:\/\/franciscanos.org.br\/noticias\/olhar-a-assistencia-social-como-um-direito-nao-um-favor.html\" target=\"_blank\" rel=\"noopener noreferrer\">Rosangela Pezoti<\/a><\/strong><\/p>\n<p style=\"padding-left: 30px;\">Doutora em Servi\u00e7o Social, respons\u00e1vel pelas \u00e1reas t\u00e9cnica e de articula\u00e7\u00e3o pol\u00edtica do Sefras &#8211; Servi\u00e7o Franciscano de Solidariedade.<\/p>\n<p><strong>Pol\u00edticas P\u00fablicas em favor dos negros | Entrevistado: <a href=\"https:\/\/franciscanos.org.br\/noticias\/cf-as-politicas-publicas-em-favor-dos-negros-sao-uma-conquista-de-todos.html\" target=\"_blank\" rel=\"noopener noreferrer\">Frei David Raimundo Santos<\/a><\/strong><\/p>\n<p style=\"padding-left: 30px;\">Presidente da Educafro (Educa\u00e7\u00e3o e Cidadania de Afrodescendentes e Carentes).<\/p>\n<p><strong>Import\u00e2ncia da participa\u00e7\u00e3o nos espa\u00e7os de controle social | Entrevistada: <a href=\"https:\/\/franciscanos.org.br\/noticias\/valdenia-o-controle-social-e-responsabilidade-de-toda-sociedade.html\" target=\"_blank\" rel=\"noopener noreferrer\">Vald\u00eania Paulino<\/a><\/strong><\/p>\n<p style=\"padding-left: 30px;\">Advogada, integra o Centro de Direitos Humanos de Sapopemba (SP)<\/p>\n<p><strong>Pol\u00edticas P\u00fablicas em favor dos \u00edndios e dos povos origin\u00e1rios | Entrevistado: <a href=\"https:\/\/franciscanos.org.br\/noticias\/e-preciso-lutar-para-que-nao-haja-retrocesso-nas-politicas-publicas-em-prol-dos-indigenas.html\" target=\"_blank\" rel=\"noopener noreferrer\">Egon Heck<\/a><\/strong><\/p>\n<p style=\"padding-left: 30px;\">Assessor do secretariado do Conselho Indigenista Mission\u00e1rio \u2013 Cimi.<\/p>\n<p><strong>Pol\u00edticas P\u00fablicas e Juventude | Entrevistada: <a href=\"https:\/\/franciscanos.org.br\/noticias\/por-mais-politicas-que-promovam-igualdade-de-oportunidades-entre-as-juventudes.html\" target=\"_blank\" rel=\"noopener noreferrer\">Anna Luiza Salles Souto<\/a><\/strong><\/p>\n<p style=\"padding-left: 30px;\">Coordenadora da \u00e1rea de Democracia e Participa\u00e7\u00e3o do Instituto P\u00f3lis.<\/p>\n<p><strong>Pol\u00edticas P\u00fablicas e na \u00e1rea da educa\u00e7\u00e3o | Entrevistado: <a href=\"https:\/\/franciscanos.org.br\/noticias\/a-educacao-como-um-instrumento-transformador-da-sociedade.html\" target=\"_blank\" rel=\"noopener noreferrer\">Professor Dilnei Lorenzi<\/a><\/strong><\/p>\n<p style=\"padding-left: 30px;\">Pr\u00f3-Reitor de Ensino, Pesquisa e Extens\u00e3o da Universidade S\u00e3o Francisco (USF).<\/p>\n<p><strong>Sa\u00fade e o bem comum | Entrevistado: <a href=\"https:\/\/franciscanos.org.br\/noticias\/o-papel-da-pastoral-da-saude-nas-politicas-publicas.html\" target=\"_blank\" rel=\"noopener noreferrer\">Pe. Christian de Paul de Barchifontaine<\/a><\/strong><\/p>\n<p style=\"padding-left: 30px;\">Assessor Internacional dos Camilianos na \u00c1rea da Sa\u00fade, Rela\u00e7\u00f5es P\u00fablicas das Organiza\u00e7\u00f5es Camilianas.<\/p>\n<p><strong>O exemplo concreto no Rio de Janeiro | Entrevistado: <a href=\"https:\/\/franciscanos.org.br\/noticias\/o-exemplo-concreto-do-forum-grita-baixada-no-exercicio-das-politicas-publicas.html\" target=\"_blank\" rel=\"noopener noreferrer\">Adriano de Ara\u00fajo<\/a><\/strong><\/p>\n<p style=\"padding-left: 30px;\">Soci\u00f3logo, coordenador do F\u00f3rum Grita Baixada.<\/p>\n","protected":false},"excerpt":{"rendered":"<p>Especial Campanha da Fraternidade<\/p>\n","protected":false},"author":1,"featured_media":201153,"comment_status":"open","ping_status":"open","sticky":false,"template":"","format":"standard","meta":[],"categories":[758],"tags":[653,818,180],"acf":[],"yoast_head":"<!-- This site is optimized with the Yoast SEO plugin v19.2 - https:\/\/yoast.com\/wordpress\/plugins\/seo\/ -->\n<title>Frei Vit\u00f3rio pede mais indigna\u00e7\u00e3o prof\u00e9tica - Not\u00edcias - Franciscanos<\/title>\n<meta name=\"robots\" content=\"index, follow, max-snippet:-1, max-image-preview:large, max-video-preview:-1\" \/>\n<link rel=\"canonical\" href=\"https:\/\/franciscanos.org.br\/noticias\/frei-vitorio-pede-mais-indignacao-profetica.html\" \/>\n<meta property=\"og:locale\" content=\"pt_BR\" \/>\n<meta property=\"og:type\" content=\"article\" \/>\n<meta property=\"og:title\" content=\"Frei Vit\u00f3rio pede mais indigna\u00e7\u00e3o prof\u00e9tica - Not\u00edcias - Franciscanos\" \/>\n<meta property=\"og:description\" content=\"Especial Campanha da Fraternidade\" \/>\n<meta property=\"og:url\" content=\"https:\/\/franciscanos.org.br\/noticias\/frei-vitorio-pede-mais-indignacao-profetica.html\" \/>\n<meta property=\"og:site_name\" content=\"Not\u00edcias - Franciscanos\" \/>\n<meta property=\"article:published_time\" content=\"2019-03-08T11:50:28+00:00\" \/>\n<meta property=\"article:modified_time\" content=\"2019-04-22T16:58:49+00:00\" \/>\n<meta property=\"og:image\" content=\"https:\/\/franciscanos.org.br\/noticias\/wp-content\/uploads\/2019\/03\/vitorio_080319P.jpg\" \/>\n\t<meta property=\"og:image:width\" content=\"273\" \/>\n\t<meta property=\"og:image:height\" content=\"181\" \/>\n\t<meta property=\"og:image:type\" content=\"image\/jpeg\" \/>\n<meta name=\"author\" content=\"admin\" \/>\n<meta name=\"twitter:card\" content=\"summary_large_image\" \/>\n<meta name=\"twitter:label1\" content=\"Escrito por\" \/>\n\t<meta name=\"twitter:data1\" content=\"admin\" \/>\n\t<meta name=\"twitter:label2\" content=\"Est. tempo de leitura\" \/>\n\t<meta name=\"twitter:data2\" content=\"11 minutos\" \/>\n<script type=\"application\/ld+json\" class=\"yoast-schema-graph\">{\"@context\":\"https:\/\/schema.org\",\"@graph\":[{\"@type\":\"WebSite\",\"@id\":\"https:\/\/franciscanos.org.br\/noticias\/#website\",\"url\":\"https:\/\/franciscanos.org.br\/noticias\/\",\"name\":\"Not\u00edcias - Franciscanos\",\"description\":\"Prov\u00edncia Franciscana da Imaculada Concei\u00e7\u00e3o do Brasil - Ordem dos Frades Menores - OFM\",\"potentialAction\":[{\"@type\":\"SearchAction\",\"target\":{\"@type\":\"EntryPoint\",\"urlTemplate\":\"https:\/\/franciscanos.org.br\/noticias\/?s={search_term_string}\"},\"query-input\":\"required name=search_term_string\"}],\"inLanguage\":\"pt-BR\"},{\"@type\":\"ImageObject\",\"inLanguage\":\"pt-BR\",\"@id\":\"https:\/\/franciscanos.org.br\/noticias\/frei-vitorio-pede-mais-indignacao-profetica.html#primaryimage\",\"url\":\"https:\/\/franciscanos.org.br\/noticias\/wp-content\/uploads\/2019\/03\/vitorio_080319P.jpg\",\"contentUrl\":\"https:\/\/franciscanos.org.br\/noticias\/wp-content\/uploads\/2019\/03\/vitorio_080319P.jpg\",\"width\":273,\"height\":181},{\"@type\":\"WebPage\",\"@id\":\"https:\/\/franciscanos.org.br\/noticias\/frei-vitorio-pede-mais-indignacao-profetica.html#webpage\",\"url\":\"https:\/\/franciscanos.org.br\/noticias\/frei-vitorio-pede-mais-indignacao-profetica.html\",\"name\":\"Frei Vit\u00f3rio pede mais indigna\u00e7\u00e3o prof\u00e9tica - Not\u00edcias - Franciscanos\",\"isPartOf\":{\"@id\":\"https:\/\/franciscanos.org.br\/noticias\/#website\"},\"primaryImageOfPage\":{\"@id\":\"https:\/\/franciscanos.org.br\/noticias\/frei-vitorio-pede-mais-indignacao-profetica.html#primaryimage\"},\"datePublished\":\"2019-03-08T11:50:28+00:00\",\"dateModified\":\"2019-04-22T16:58:49+00:00\",\"author\":{\"@id\":\"https:\/\/franciscanos.org.br\/noticias\/#\/schema\/person\/b38fbf43118f02820bd932f2e4b14ad3\"},\"breadcrumb\":{\"@id\":\"https:\/\/franciscanos.org.br\/noticias\/frei-vitorio-pede-mais-indignacao-profetica.html#breadcrumb\"},\"inLanguage\":\"pt-BR\",\"potentialAction\":[{\"@type\":\"ReadAction\",\"target\":[\"https:\/\/franciscanos.org.br\/noticias\/frei-vitorio-pede-mais-indignacao-profetica.html\"]}]},{\"@type\":\"BreadcrumbList\",\"@id\":\"https:\/\/franciscanos.org.br\/noticias\/frei-vitorio-pede-mais-indignacao-profetica.html#breadcrumb\",\"itemListElement\":[{\"@type\":\"ListItem\",\"position\":1,\"name\":\"Home\",\"item\":\"https:\/\/franciscanos.org.br\/noticias\"},{\"@type\":\"ListItem\",\"position\":2,\"name\":\"Frei Vit\u00f3rio pede mais indigna\u00e7\u00e3o prof\u00e9tica\"}]},{\"@type\":\"Person\",\"@id\":\"https:\/\/franciscanos.org.br\/noticias\/#\/schema\/person\/b38fbf43118f02820bd932f2e4b14ad3\",\"name\":\"admin\",\"image\":{\"@type\":\"ImageObject\",\"inLanguage\":\"pt-BR\",\"@id\":\"https:\/\/franciscanos.org.br\/noticias\/#\/schema\/person\/image\/\",\"url\":\"https:\/\/secure.gravatar.com\/avatar\/e8495742d34d0ba6448ea1c628263b3e?s=96&d=mm&r=g\",\"contentUrl\":\"https:\/\/secure.gravatar.com\/avatar\/e8495742d34d0ba6448ea1c628263b3e?s=96&d=mm&r=g\",\"caption\":\"admin\"},\"url\":\"https:\/\/franciscanos.org.br\/noticias\/author\/admin\"}]}<\/script>\n<!-- \/ Yoast SEO plugin. -->","yoast_head_json":{"title":"Frei Vit\u00f3rio pede mais indigna\u00e7\u00e3o prof\u00e9tica - Not\u00edcias - Franciscanos","robots":{"index":"index","follow":"follow","max-snippet":"max-snippet:-1","max-image-preview":"max-image-preview:large","max-video-preview":"max-video-preview:-1"},"canonical":"https:\/\/franciscanos.org.br\/noticias\/frei-vitorio-pede-mais-indignacao-profetica.html","og_locale":"pt_BR","og_type":"article","og_title":"Frei Vit\u00f3rio pede mais indigna\u00e7\u00e3o prof\u00e9tica - Not\u00edcias - Franciscanos","og_description":"Especial Campanha da Fraternidade","og_url":"https:\/\/franciscanos.org.br\/noticias\/frei-vitorio-pede-mais-indignacao-profetica.html","og_site_name":"Not\u00edcias - Franciscanos","article_published_time":"2019-03-08T11:50:28+00:00","article_modified_time":"2019-04-22T16:58:49+00:00","og_image":[{"width":273,"height":181,"url":"https:\/\/franciscanos.org.br\/noticias\/wp-content\/uploads\/2019\/03\/vitorio_080319P.jpg","type":"image\/jpeg"}],"author":"admin","twitter_card":"summary_large_image","twitter_misc":{"Escrito por":"admin","Est. tempo de leitura":"11 minutos"},"schema":{"@context":"https:\/\/schema.org","@graph":[{"@type":"WebSite","@id":"https:\/\/franciscanos.org.br\/noticias\/#website","url":"https:\/\/franciscanos.org.br\/noticias\/","name":"Not\u00edcias - Franciscanos","description":"Prov\u00edncia Franciscana da Imaculada Concei\u00e7\u00e3o do Brasil - Ordem dos Frades Menores - OFM","potentialAction":[{"@type":"SearchAction","target":{"@type":"EntryPoint","urlTemplate":"https:\/\/franciscanos.org.br\/noticias\/?s={search_term_string}"},"query-input":"required name=search_term_string"}],"inLanguage":"pt-BR"},{"@type":"ImageObject","inLanguage":"pt-BR","@id":"https:\/\/franciscanos.org.br\/noticias\/frei-vitorio-pede-mais-indignacao-profetica.html#primaryimage","url":"https:\/\/franciscanos.org.br\/noticias\/wp-content\/uploads\/2019\/03\/vitorio_080319P.jpg","contentUrl":"https:\/\/franciscanos.org.br\/noticias\/wp-content\/uploads\/2019\/03\/vitorio_080319P.jpg","width":273,"height":181},{"@type":"WebPage","@id":"https:\/\/franciscanos.org.br\/noticias\/frei-vitorio-pede-mais-indignacao-profetica.html#webpage","url":"https:\/\/franciscanos.org.br\/noticias\/frei-vitorio-pede-mais-indignacao-profetica.html","name":"Frei Vit\u00f3rio pede mais indigna\u00e7\u00e3o prof\u00e9tica - Not\u00edcias - Franciscanos","isPartOf":{"@id":"https:\/\/franciscanos.org.br\/noticias\/#website"},"primaryImageOfPage":{"@id":"https:\/\/franciscanos.org.br\/noticias\/frei-vitorio-pede-mais-indignacao-profetica.html#primaryimage"},"datePublished":"2019-03-08T11:50:28+00:00","dateModified":"2019-04-22T16:58:49+00:00","author":{"@id":"https:\/\/franciscanos.org.br\/noticias\/#\/schema\/person\/b38fbf43118f02820bd932f2e4b14ad3"},"breadcrumb":{"@id":"https:\/\/franciscanos.org.br\/noticias\/frei-vitorio-pede-mais-indignacao-profetica.html#breadcrumb"},"inLanguage":"pt-BR","potentialAction":[{"@type":"ReadAction","target":["https:\/\/franciscanos.org.br\/noticias\/frei-vitorio-pede-mais-indignacao-profetica.html"]}]},{"@type":"BreadcrumbList","@id":"https:\/\/franciscanos.org.br\/noticias\/frei-vitorio-pede-mais-indignacao-profetica.html#breadcrumb","itemListElement":[{"@type":"ListItem","position":1,"name":"Home","item":"https:\/\/franciscanos.org.br\/noticias"},{"@type":"ListItem","position":2,"name":"Frei Vit\u00f3rio pede mais indigna\u00e7\u00e3o prof\u00e9tica"}]},{"@type":"Person","@id":"https:\/\/franciscanos.org.br\/noticias\/#\/schema\/person\/b38fbf43118f02820bd932f2e4b14ad3","name":"admin","image":{"@type":"ImageObject","inLanguage":"pt-BR","@id":"https:\/\/franciscanos.org.br\/noticias\/#\/schema\/person\/image\/","url":"https:\/\/secure.gravatar.com\/avatar\/e8495742d34d0ba6448ea1c628263b3e?s=96&d=mm&r=g","contentUrl":"https:\/\/secure.gravatar.com\/avatar\/e8495742d34d0ba6448ea1c628263b3e?s=96&d=mm&r=g","caption":"admin"},"url":"https:\/\/franciscanos.org.br\/noticias\/author\/admin"}]}},"_links":{"self":[{"href":"https:\/\/franciscanos.org.br\/noticias\/wp-json\/wp\/v2\/posts\/201148"}],"collection":[{"href":"https:\/\/franciscanos.org.br\/noticias\/wp-json\/wp\/v2\/posts"}],"about":[{"href":"https:\/\/franciscanos.org.br\/noticias\/wp-json\/wp\/v2\/types\/post"}],"author":[{"embeddable":true,"href":"https:\/\/franciscanos.org.br\/noticias\/wp-json\/wp\/v2\/users\/1"}],"replies":[{"embeddable":true,"href":"https:\/\/franciscanos.org.br\/noticias\/wp-json\/wp\/v2\/comments?post=201148"}],"version-history":[{"count":0,"href":"https:\/\/franciscanos.org.br\/noticias\/wp-json\/wp\/v2\/posts\/201148\/revisions"}],"wp:featuredmedia":[{"embeddable":true,"href":"https:\/\/franciscanos.org.br\/noticias\/wp-json\/wp\/v2\/media\/201153"}],"wp:attachment":[{"href":"https:\/\/franciscanos.org.br\/noticias\/wp-json\/wp\/v2\/media?parent=201148"}],"wp:term":[{"taxonomy":"category","embeddable":true,"href":"https:\/\/franciscanos.org.br\/noticias\/wp-json\/wp\/v2\/categories?post=201148"},{"taxonomy":"post_tag","embeddable":true,"href":"https:\/\/franciscanos.org.br\/noticias\/wp-json\/wp\/v2\/tags?post=201148"}],"curies":[{"name":"wp","href":"https:\/\/api.w.org\/{rel}","templated":true}]}}