{"id":201024,"date":"2019-03-07T08:22:26","date_gmt":"2019-03-07T11:22:26","guid":{"rendered":"https:\/\/franciscanos.org.br\/noticias\/?p=201024"},"modified":"2019-03-07T08:23:01","modified_gmt":"2019-03-07T11:23:01","slug":"seminario-franciscano-frei-galvao-completa-77-anos","status":"publish","type":"post","link":"https:\/\/franciscanos.org.br\/noticias\/seminario-franciscano-frei-galvao-completa-77-anos.html","title":{"rendered":"Semin\u00e1rio Frei Galv\u00e3o completa 77 anos e inicia campanha para reforma"},"content":{"rendered":"<p><img loading=\"lazy\" class=\"aligncenter size-full wp-image-201025\" src=\"https:\/\/franciscanos.org.br\/noticias\/wp-content\/uploads\/2019\/03\/guara_070319.jpg\" alt=\"\" width=\"890\" height=\"633\" srcset=\"https:\/\/franciscanos.org.br\/noticias\/wp-content\/uploads\/2019\/03\/guara_070319.jpg 890w, https:\/\/franciscanos.org.br\/noticias\/wp-content\/uploads\/2019\/03\/guara_070319-450x320.jpg 450w, https:\/\/franciscanos.org.br\/noticias\/wp-content\/uploads\/2019\/03\/guara_070319-768x546.jpg 768w, https:\/\/franciscanos.org.br\/noticias\/wp-content\/uploads\/2019\/03\/guara_070319-150x107.jpg 150w\" sizes=\"(max-width: 890px) 100vw, 890px\" \/><\/p>\n<p>O Semin\u00e1rio Franciscano Frei Galv\u00e3o, em Guaratinguet\u00e1 (SP), enquanto \u201cSementeira de Deus\u201d, foi fundado em 1\u00ba de mar\u00e7o de 1942. Na ocasi\u00e3o, chamava-se Col\u00e9gio Ser\u00e1fico Frei Galv\u00e3o em homenagem ao primeiro santo brasileiro e filho da cidade, Santo Ant\u00f4nio de Sant\u2019Anna Galv\u00e3o.<\/p>\n<p>Ao longo dos 77 anos, esta casa de forma\u00e7\u00e3o franciscana passou por tr\u00eas fases, sem deixar de cumprir a miss\u00e3o de ser \u201cSementeira de Deus\u201d: semin\u00e1rio menor, acolhendo jovens para o ensino fundamental; semin\u00e1rio para voca\u00e7\u00f5es adultas (Sevoa), acolhendo jovens com o \u00a0Ensino M\u00e9dio incompleto e completo; e, por fim, a fase atual como casa do postulantado, per\u00edodo em que o candidato \u00e0 vida religiosa se prepara para ingressar no noviciado da Ordem dos Frades Menores, vivenciando uma experi\u00eancia de forma\u00e7\u00e3o que abrange as dimens\u00f5es humana, crist\u00e3, psicol\u00f3gica e espiritual.<\/p>\n<p>Al\u00e9m de institui\u00e7\u00e3o formativa, em 2009, o Semin\u00e1rio Franciscano Frei Galv\u00e3o se tornou um Centro de Acolhimento aos devotos do primeiro santo brasileiro, recebendo em m\u00e9dia 7 mil romeiros por m\u00eas, que v\u00eam de v\u00e1rios lugares do Brasil e do mundo e encontram aqui espa\u00e7o para a ora\u00e7\u00e3o e medita\u00e7\u00e3o.<\/p>\n<p>Hoje, o Semin\u00e1rio est\u00e1 fortemente presente no turismo religioso do Vale do Para\u00edba, ocupando posi\u00e7\u00e3o de destaque no Plano Regional de Turismo, da chamada Regi\u00e3o da F\u00e9. Sendo o primeiro entre os atrativos tur\u00edsticos consolidados em Guaratinguet\u00e1 (SP). E o quarto no ranking regional \u2013 atr\u00e1s do Santu\u00e1rio Nacional de Aparecida, em Aparecida (SP), seguido do Santu\u00e1rio Pai das Miseric\u00f3rdias e da Can\u00e7\u00e3o Nova, em Cachoeira Paulista (SP).<\/p>\n<p>Segundo o guardi\u00e3o do Semin\u00e1rio, Frei Jo\u00e3o Francisco, a visita ao convento \u00e9 \u201cuma oportunidade de encontro com Deus, consigo, com os outros e com a natureza\u201d. Tudo neste espa\u00e7o sagrado servir\u00e1 como instrumento para reencontrar a paz interior e o sentido pleno da exist\u00eancia.<\/p>\n<p>Ao chegarem no Semin\u00e1rio, os visitantes s\u00e3o recebidos pelos frades, postulantes e colaboradores, em seguida recebem as P\u00edlulas de Frei Galv\u00e3o, que s\u00e3o preparadas e distribu\u00eddas no pr\u00f3prio Convento, e conhecem os atrativos tur\u00edsticos, passando pela: Exposi\u00e7\u00e3o Internacional de Pres\u00e9pios; Exposi\u00e7\u00e3o Franciscana; Gruta de Nossa Senhora de Lourdes; Imagem de Nossa Senhora de F\u00e1tima, com mais de 10 metros de altura; Via-Sacra Franciscana; Claustro com canto gregoriano e banners que relatam a hist\u00f3ria de vida, canoniza\u00e7\u00e3o e alguns milagres de Frei Galv\u00e3o; e o Bazar de Artigos Religiosos.<\/p>\n<p><img loading=\"lazy\" class=\"aligncenter size-full wp-image-201026\" src=\"https:\/\/franciscanos.org.br\/noticias\/wp-content\/uploads\/2019\/03\/guara_070319_1.jpg\" alt=\"\" width=\"890\" height=\"900\" srcset=\"https:\/\/franciscanos.org.br\/noticias\/wp-content\/uploads\/2019\/03\/guara_070319_1.jpg 890w, https:\/\/franciscanos.org.br\/noticias\/wp-content\/uploads\/2019\/03\/guara_070319_1-445x450.jpg 445w, https:\/\/franciscanos.org.br\/noticias\/wp-content\/uploads\/2019\/03\/guara_070319_1-768x777.jpg 768w, https:\/\/franciscanos.org.br\/noticias\/wp-content\/uploads\/2019\/03\/guara_070319_1-150x152.jpg 150w\" sizes=\"(max-width: 890px) 100vw, 890px\" \/><\/p>\n<p>Neste ano, celebrando 77 anos de funda\u00e7\u00e3o, a Fraternidade do Semin\u00e1rio promove uma campanha para revitaliza\u00e7\u00e3o do espa\u00e7o, que h\u00e1 d\u00e9cadas n\u00e3o passa por uma reforma profunda, surgindo a necessidade de restaurar a fachada e a \u00e1rea externa do pr\u00e9dio <em>(paredes, colunas, portas e janelas, extremamente deterioradas).<\/em><\/p>\n<p>Por se tratar de uma obra de alto custo, os frades contam com a valiosa contribui\u00e7\u00e3o dos benfeitores, que desde o in\u00edcio ajudam no cultivo dessa \u201cSementeira de Deus\u201d. Toda partilha \u00e9 muito importante para a manuten\u00e7\u00e3o dessa casa de forma\u00e7\u00e3o dos futuros franciscanos.<\/p>\n<p>Como disse o Papa Francisco: \u201cNingu\u00e9m \u00e9 t\u00e3o pobre que n\u00e3o possa dar o que tem. Nunca penses que n\u00e3o tens nada para dar, ou que n\u00e3o precisas de ningu\u00e9m. Muita gente precisa de ti. Cada um de v\u00f3s pense nisto no seu cora\u00e7\u00e3o: muita gente precisa de mim\u201d.<\/p>\n<p>As doa\u00e7\u00f5es para a revitaliza\u00e7\u00e3o da fachada e de toda \u00e1rea externa do semin\u00e1rio podem ser feitas por dep\u00f3sito ou transfer\u00eancia, em nome da Prov\u00edncia Franciscana da Imaculada Concei\u00e7\u00e3o do Brasil, mesmo grupo de frades que Frei Galv\u00e3o pertenceu.<\/p>\n<p><u>Bradesco<\/u>: Ag\u00eancia 0415 \u2013 Conta Corrente 16704-5<\/p>\n<p><u>Caixa Econ\u00f4mica Federal:<\/u> Ag\u00eancia 3475-4 \u2013 \u00a0Opera\u00e7\u00e3o 003 \u2013 Conta Corrente 1274-9.<\/p>\n<p>Aberto diariamente, das 8h \u00e0s 11h30 e das 14h \u00e0s 17h30, o Semin\u00e1rio est\u00e1 localizado na Avenida Integra\u00e7\u00e3o, 151, bairro S\u00e3o Bento \u2013 Guaratinguet\u00e1 (SP).\u00a0A visita\u00e7\u00e3o \u00e9 gratuita!<\/p>\n<p>Envie seu pedido de ora\u00e7\u00e3o, \u00e9 nosso compromisso rezar por voc\u00ea e sua fam\u00edlia. Para mais informa\u00e7\u00f5es: (12) 3132-6233 | (12) 98225-9409 &#8211; WhatsApp | <a href=\"mailto:freigalvao@franciscanos.org.br\">freigalvao@franciscanos.org.br<\/a><\/p>\n","protected":false},"excerpt":{"rendered":"<p>Semin\u00e1rio Franciscano Frei Galv\u00e3o completa 77 anos e inicia campanha para a reforma da fachada e \u00e1rea externa do pr\u00e9dio.<\/p>\n","protected":false},"author":3,"featured_media":201027,"comment_status":"open","ping_status":"open","sticky":false,"template":"","format":"standard","meta":[],"categories":[1],"tags":[421],"acf":[],"yoast_head":"<!-- This site is optimized with the Yoast SEO plugin v19.2 - https:\/\/yoast.com\/wordpress\/plugins\/seo\/ -->\n<title>Semin\u00e1rio Frei Galv\u00e3o completa 77 anos e inicia campanha para reforma - Not\u00edcias - Franciscanos<\/title>\n<meta name=\"robots\" content=\"index, follow, max-snippet:-1, max-image-preview:large, max-video-preview:-1\" \/>\n<link rel=\"canonical\" href=\"https:\/\/franciscanos.org.br\/noticias\/seminario-franciscano-frei-galvao-completa-77-anos.html\" \/>\n<meta property=\"og:locale\" content=\"pt_BR\" \/>\n<meta property=\"og:type\" content=\"article\" \/>\n<meta property=\"og:title\" content=\"Semin\u00e1rio Frei Galv\u00e3o completa 77 anos e inicia campanha para reforma - Not\u00edcias - Franciscanos\" \/>\n<meta property=\"og:description\" content=\"Semin\u00e1rio Franciscano Frei Galv\u00e3o completa 77 anos e inicia campanha para a reforma da fachada e \u00e1rea externa do pr\u00e9dio.\" \/>\n<meta property=\"og:url\" content=\"https:\/\/franciscanos.org.br\/noticias\/seminario-franciscano-frei-galvao-completa-77-anos.html\" \/>\n<meta property=\"og:site_name\" content=\"Not\u00edcias - Franciscanos\" \/>\n<meta property=\"article:published_time\" content=\"2019-03-07T11:22:26+00:00\" \/>\n<meta property=\"article:modified_time\" content=\"2019-03-07T11:23:01+00:00\" \/>\n<meta property=\"og:image\" content=\"https:\/\/franciscanos.org.br\/noticias\/wp-content\/uploads\/2019\/03\/guara_070319d.jpg\" \/>\n\t<meta property=\"og:image:width\" content=\"273\" \/>\n\t<meta property=\"og:image:height\" content=\"181\" \/>\n\t<meta property=\"og:image:type\" content=\"image\/jpeg\" \/>\n<meta name=\"author\" content=\"moacir\" \/>\n<meta name=\"twitter:card\" content=\"summary_large_image\" \/>\n<meta name=\"twitter:label1\" content=\"Escrito por\" \/>\n\t<meta name=\"twitter:data1\" content=\"moacir\" \/>\n\t<meta name=\"twitter:label2\" content=\"Est. tempo de leitura\" \/>\n\t<meta name=\"twitter:data2\" content=\"4 minutos\" \/>\n<script type=\"application\/ld+json\" class=\"yoast-schema-graph\">{\"@context\":\"https:\/\/schema.org\",\"@graph\":[{\"@type\":\"WebSite\",\"@id\":\"https:\/\/franciscanos.org.br\/noticias\/#website\",\"url\":\"https:\/\/franciscanos.org.br\/noticias\/\",\"name\":\"Not\u00edcias - Franciscanos\",\"description\":\"Prov\u00edncia Franciscana da Imaculada Concei\u00e7\u00e3o do Brasil - Ordem dos Frades Menores - OFM\",\"potentialAction\":[{\"@type\":\"SearchAction\",\"target\":{\"@type\":\"EntryPoint\",\"urlTemplate\":\"https:\/\/franciscanos.org.br\/noticias\/?s={search_term_string}\"},\"query-input\":\"required name=search_term_string\"}],\"inLanguage\":\"pt-BR\"},{\"@type\":\"ImageObject\",\"inLanguage\":\"pt-BR\",\"@id\":\"https:\/\/franciscanos.org.br\/noticias\/seminario-franciscano-frei-galvao-completa-77-anos.html#primaryimage\",\"url\":\"https:\/\/franciscanos.org.br\/noticias\/wp-content\/uploads\/2019\/03\/guara_070319d.jpg\",\"contentUrl\":\"https:\/\/franciscanos.org.br\/noticias\/wp-content\/uploads\/2019\/03\/guara_070319d.jpg\",\"width\":273,\"height\":181},{\"@type\":\"WebPage\",\"@id\":\"https:\/\/franciscanos.org.br\/noticias\/seminario-franciscano-frei-galvao-completa-77-anos.html#webpage\",\"url\":\"https:\/\/franciscanos.org.br\/noticias\/seminario-franciscano-frei-galvao-completa-77-anos.html\",\"name\":\"Semin\u00e1rio Frei Galv\u00e3o completa 77 anos e inicia campanha para reforma - Not\u00edcias - Franciscanos\",\"isPartOf\":{\"@id\":\"https:\/\/franciscanos.org.br\/noticias\/#website\"},\"primaryImageOfPage\":{\"@id\":\"https:\/\/franciscanos.org.br\/noticias\/seminario-franciscano-frei-galvao-completa-77-anos.html#primaryimage\"},\"datePublished\":\"2019-03-07T11:22:26+00:00\",\"dateModified\":\"2019-03-07T11:23:01+00:00\",\"author\":{\"@id\":\"https:\/\/franciscanos.org.br\/noticias\/#\/schema\/person\/b5c8cba458c330ccff548b056e95a5d4\"},\"breadcrumb\":{\"@id\":\"https:\/\/franciscanos.org.br\/noticias\/seminario-franciscano-frei-galvao-completa-77-anos.html#breadcrumb\"},\"inLanguage\":\"pt-BR\",\"potentialAction\":[{\"@type\":\"ReadAction\",\"target\":[\"https:\/\/franciscanos.org.br\/noticias\/seminario-franciscano-frei-galvao-completa-77-anos.html\"]}]},{\"@type\":\"BreadcrumbList\",\"@id\":\"https:\/\/franciscanos.org.br\/noticias\/seminario-franciscano-frei-galvao-completa-77-anos.html#breadcrumb\",\"itemListElement\":[{\"@type\":\"ListItem\",\"position\":1,\"name\":\"Home\",\"item\":\"https:\/\/franciscanos.org.br\/noticias\"},{\"@type\":\"ListItem\",\"position\":2,\"name\":\"Semin\u00e1rio Frei Galv\u00e3o completa 77 anos e inicia campanha para reforma\"}]},{\"@type\":\"Person\",\"@id\":\"https:\/\/franciscanos.org.br\/noticias\/#\/schema\/person\/b5c8cba458c330ccff548b056e95a5d4\",\"name\":\"moacir\",\"image\":{\"@type\":\"ImageObject\",\"inLanguage\":\"pt-BR\",\"@id\":\"https:\/\/franciscanos.org.br\/noticias\/#\/schema\/person\/image\/\",\"url\":\"https:\/\/secure.gravatar.com\/avatar\/d08aa2ce4c8dd416d4479aa8536fcf64?s=96&d=mm&r=g\",\"contentUrl\":\"https:\/\/secure.gravatar.com\/avatar\/d08aa2ce4c8dd416d4479aa8536fcf64?s=96&d=mm&r=g\",\"caption\":\"moacir\"},\"url\":\"https:\/\/franciscanos.org.br\/noticias\/author\/moacir\"}]}<\/script>\n<!-- \/ Yoast SEO plugin. -->","yoast_head_json":{"title":"Semin\u00e1rio Frei Galv\u00e3o completa 77 anos e inicia campanha para reforma - Not\u00edcias - Franciscanos","robots":{"index":"index","follow":"follow","max-snippet":"max-snippet:-1","max-image-preview":"max-image-preview:large","max-video-preview":"max-video-preview:-1"},"canonical":"https:\/\/franciscanos.org.br\/noticias\/seminario-franciscano-frei-galvao-completa-77-anos.html","og_locale":"pt_BR","og_type":"article","og_title":"Semin\u00e1rio Frei Galv\u00e3o completa 77 anos e inicia campanha para reforma - Not\u00edcias - Franciscanos","og_description":"Semin\u00e1rio Franciscano Frei Galv\u00e3o completa 77 anos e inicia campanha para a reforma da fachada e \u00e1rea externa do pr\u00e9dio.","og_url":"https:\/\/franciscanos.org.br\/noticias\/seminario-franciscano-frei-galvao-completa-77-anos.html","og_site_name":"Not\u00edcias - Franciscanos","article_published_time":"2019-03-07T11:22:26+00:00","article_modified_time":"2019-03-07T11:23:01+00:00","og_image":[{"width":273,"height":181,"url":"https:\/\/franciscanos.org.br\/noticias\/wp-content\/uploads\/2019\/03\/guara_070319d.jpg","type":"image\/jpeg"}],"author":"moacir","twitter_card":"summary_large_image","twitter_misc":{"Escrito por":"moacir","Est. tempo de leitura":"4 minutos"},"schema":{"@context":"https:\/\/schema.org","@graph":[{"@type":"WebSite","@id":"https:\/\/franciscanos.org.br\/noticias\/#website","url":"https:\/\/franciscanos.org.br\/noticias\/","name":"Not\u00edcias - Franciscanos","description":"Prov\u00edncia Franciscana da Imaculada Concei\u00e7\u00e3o do Brasil - Ordem dos Frades Menores - OFM","potentialAction":[{"@type":"SearchAction","target":{"@type":"EntryPoint","urlTemplate":"https:\/\/franciscanos.org.br\/noticias\/?s={search_term_string}"},"query-input":"required name=search_term_string"}],"inLanguage":"pt-BR"},{"@type":"ImageObject","inLanguage":"pt-BR","@id":"https:\/\/franciscanos.org.br\/noticias\/seminario-franciscano-frei-galvao-completa-77-anos.html#primaryimage","url":"https:\/\/franciscanos.org.br\/noticias\/wp-content\/uploads\/2019\/03\/guara_070319d.jpg","contentUrl":"https:\/\/franciscanos.org.br\/noticias\/wp-content\/uploads\/2019\/03\/guara_070319d.jpg","width":273,"height":181},{"@type":"WebPage","@id":"https:\/\/franciscanos.org.br\/noticias\/seminario-franciscano-frei-galvao-completa-77-anos.html#webpage","url":"https:\/\/franciscanos.org.br\/noticias\/seminario-franciscano-frei-galvao-completa-77-anos.html","name":"Semin\u00e1rio Frei Galv\u00e3o completa 77 anos e inicia campanha para reforma - Not\u00edcias - Franciscanos","isPartOf":{"@id":"https:\/\/franciscanos.org.br\/noticias\/#website"},"primaryImageOfPage":{"@id":"https:\/\/franciscanos.org.br\/noticias\/seminario-franciscano-frei-galvao-completa-77-anos.html#primaryimage"},"datePublished":"2019-03-07T11:22:26+00:00","dateModified":"2019-03-07T11:23:01+00:00","author":{"@id":"https:\/\/franciscanos.org.br\/noticias\/#\/schema\/person\/b5c8cba458c330ccff548b056e95a5d4"},"breadcrumb":{"@id":"https:\/\/franciscanos.org.br\/noticias\/seminario-franciscano-frei-galvao-completa-77-anos.html#breadcrumb"},"inLanguage":"pt-BR","potentialAction":[{"@type":"ReadAction","target":["https:\/\/franciscanos.org.br\/noticias\/seminario-franciscano-frei-galvao-completa-77-anos.html"]}]},{"@type":"BreadcrumbList","@id":"https:\/\/franciscanos.org.br\/noticias\/seminario-franciscano-frei-galvao-completa-77-anos.html#breadcrumb","itemListElement":[{"@type":"ListItem","position":1,"name":"Home","item":"https:\/\/franciscanos.org.br\/noticias"},{"@type":"ListItem","position":2,"name":"Semin\u00e1rio Frei Galv\u00e3o completa 77 anos e inicia campanha para reforma"}]},{"@type":"Person","@id":"https:\/\/franciscanos.org.br\/noticias\/#\/schema\/person\/b5c8cba458c330ccff548b056e95a5d4","name":"moacir","image":{"@type":"ImageObject","inLanguage":"pt-BR","@id":"https:\/\/franciscanos.org.br\/noticias\/#\/schema\/person\/image\/","url":"https:\/\/secure.gravatar.com\/avatar\/d08aa2ce4c8dd416d4479aa8536fcf64?s=96&d=mm&r=g","contentUrl":"https:\/\/secure.gravatar.com\/avatar\/d08aa2ce4c8dd416d4479aa8536fcf64?s=96&d=mm&r=g","caption":"moacir"},"url":"https:\/\/franciscanos.org.br\/noticias\/author\/moacir"}]}},"_links":{"self":[{"href":"https:\/\/franciscanos.org.br\/noticias\/wp-json\/wp\/v2\/posts\/201024"}],"collection":[{"href":"https:\/\/franciscanos.org.br\/noticias\/wp-json\/wp\/v2\/posts"}],"about":[{"href":"https:\/\/franciscanos.org.br\/noticias\/wp-json\/wp\/v2\/types\/post"}],"author":[{"embeddable":true,"href":"https:\/\/franciscanos.org.br\/noticias\/wp-json\/wp\/v2\/users\/3"}],"replies":[{"embeddable":true,"href":"https:\/\/franciscanos.org.br\/noticias\/wp-json\/wp\/v2\/comments?post=201024"}],"version-history":[{"count":0,"href":"https:\/\/franciscanos.org.br\/noticias\/wp-json\/wp\/v2\/posts\/201024\/revisions"}],"wp:featuredmedia":[{"embeddable":true,"href":"https:\/\/franciscanos.org.br\/noticias\/wp-json\/wp\/v2\/media\/201027"}],"wp:attachment":[{"href":"https:\/\/franciscanos.org.br\/noticias\/wp-json\/wp\/v2\/media?parent=201024"}],"wp:term":[{"taxonomy":"category","embeddable":true,"href":"https:\/\/franciscanos.org.br\/noticias\/wp-json\/wp\/v2\/categories?post=201024"},{"taxonomy":"post_tag","embeddable":true,"href":"https:\/\/franciscanos.org.br\/noticias\/wp-json\/wp\/v2\/tags?post=201024"}],"curies":[{"name":"wp","href":"https:\/\/api.w.org\/{rel}","templated":true}]}}