{"id":200988,"date":"2019-03-05T10:49:04","date_gmt":"2019-03-05T13:49:04","guid":{"rendered":"https:\/\/franciscanos.org.br\/noticias\/?p=200988"},"modified":"2020-08-06T16:38:36","modified_gmt":"2020-08-06T19:38:36","slug":"papa-francisco-anuncia-abertura-dos-arquivos-do-pontificado-de-pio-xii","status":"publish","type":"post","link":"https:\/\/franciscanos.org.br\/noticias\/papa-francisco-anuncia-abertura-dos-arquivos-do-pontificado-de-pio-xii.html","title":{"rendered":"Papa Francisco anuncia abertura dos arquivos do Pontificado de Pio XII"},"content":{"rendered":"<p><img loading=\"lazy\" class=\"alignnone wp-image-200989 size-full\" src=\"https:\/\/franciscanos.org.br\/noticias\/wp-content\/uploads\/2019\/03\/papa_pio_050219.jpg\" alt=\"\" width=\"890\" height=\"400\" srcset=\"https:\/\/franciscanos.org.br\/noticias\/wp-content\/uploads\/2019\/03\/papa_pio_050219.jpg 890w, https:\/\/franciscanos.org.br\/noticias\/wp-content\/uploads\/2019\/03\/papa_pio_050219-450x202.jpg 450w, https:\/\/franciscanos.org.br\/noticias\/wp-content\/uploads\/2019\/03\/papa_pio_050219-768x345.jpg 768w, https:\/\/franciscanos.org.br\/noticias\/wp-content\/uploads\/2019\/03\/papa_pio_050219-150x67.jpg 150w\" sizes=\"(max-width: 890px) 100vw, 890px\" \/><\/p>\n<p><strong>Cidade do Vaticano &#8211;<\/strong> \u201cDecidi que a abertura dos Arquivos Vaticanos referentes ao Pontificado de Pio XII se dar\u00e1 em 2 de mar\u00e7o de 2020, exatamente \u00e0 dist\u00e2ncia de um ano do octog\u00e9simo anivers\u00e1rio da elei\u00e7\u00e3o de Eugenio Pacelli (Papa Pio XII) \u00e0 C\u00e1tedra de Pedro.\u201d Foi o an\u00fancio feito pelo Papa Francisco ao receber em audi\u00eancia ao meio-dia desta segunda-feira (04\/03) na Sala Clementina, no Vaticano, aos respons\u00e1veis e os funcion\u00e1rios do Arquivo Secreto Vaticano.<\/p>\n<p>Dirigindo-se ao prefeito, vice-prefeito, arquivistas, assistentes e funcion\u00e1rios do Arquivo Secreto Vaticano situou o encontro por ocasi\u00e3o da alegre celebra\u00e7\u00e3o, s\u00e1bado passado, dos oitenta anos da elei\u00e7\u00e3o a Sumo Pont\u00edfice, em 2 de mar\u00e7o de 1939, do Servo de Deus Pio XII.<\/p>\n<div id=\"attachment_200990\" style=\"width: 471px\" class=\"wp-caption alignright\"><img aria-describedby=\"caption-attachment-200990\" loading=\"lazy\" class=\"wp-image-200990 \" src=\"https:\/\/franciscanos.org.br\/noticias\/wp-content\/uploads\/2019\/03\/80-anos-atr\u00e1s-Pio-XII-ponte-entre-duas-eras-e1551792613753-450x315.jpeg\" alt=\"\" width=\"461\" height=\"323\" srcset=\"https:\/\/franciscanos.org.br\/noticias\/wp-content\/uploads\/2019\/03\/80-anos-atr\u00e1s-Pio-XII-ponte-entre-duas-eras-e1551792613753-450x315.jpeg 450w, https:\/\/franciscanos.org.br\/noticias\/wp-content\/uploads\/2019\/03\/80-anos-atr\u00e1s-Pio-XII-ponte-entre-duas-eras-e1551792613753-768x538.jpeg 768w, https:\/\/franciscanos.org.br\/noticias\/wp-content\/uploads\/2019\/03\/80-anos-atr\u00e1s-Pio-XII-ponte-entre-duas-eras-e1551792613753-150x105.jpeg 150w, https:\/\/franciscanos.org.br\/noticias\/wp-content\/uploads\/2019\/03\/80-anos-atr\u00e1s-Pio-XII-ponte-entre-duas-eras-e1551792613753-474x332.jpeg 474w, https:\/\/franciscanos.org.br\/noticias\/wp-content\/uploads\/2019\/03\/80-anos-atr\u00e1s-Pio-XII-ponte-entre-duas-eras-e1551792613753.jpeg 800w\" sizes=\"(max-width: 461px) 100vw, 461px\" \/><p id=\"caption-attachment-200990\" class=\"wp-caption-text\">H\u00e1 80 anos, Papa Pio XII, ponte entre duas eras<\/p><\/div>\n<p><strong>Figura de Pio XII hoje oportunamente colocada na justa luz<\/strong><br \/>\nA figura daquele Pont\u00edfice, que conduziu a Barca de Pedro num momento entre os mais tristes e sombrios do S\u00e9c. XX, agitado e em v\u00e1rios lugares dilacerado pelo \u00faltimo conflito mundial \u2013 disse o Santo Padre \u2013, com o per\u00edodo consequente de reorganiza\u00e7\u00e3o das Na\u00e7\u00f5es e a reconstru\u00e7\u00e3o p\u00f3s-b\u00e9lica, esta figura foi questionada e estudada em v\u00e1rios seus aspectos, por vezes colocada em discuss\u00e3o e at\u00e9 mesmo criticada (se diria com alguns preconceitos ou exageros). Hoje essa figura \u00e9 oportunamente reavaliada e, ali\u00e1s, colocada na justa luz por suas poli\u00e9dricas qualidades: sobretudo pastorais, mas tamb\u00e9m teol\u00f3gicas, asc\u00e9ticas, diplom\u00e1ticas, enfatizou.<\/p>\n<p>Em seguida, Francisco ressaltou ao presentes que por desejo do Papa Bento XVI eles est\u00e3o desde 2006 trabalhando num projeto comum de invent\u00e1rio e prepara\u00e7\u00e3o da volumosa documenta\u00e7\u00e3o produzida durante o Pontificado de Pio XII, a qual em parte seus vener\u00e1veis predecessores S\u00e3o Paulo VI e S\u00e3o Jo\u00e3o Paulo II j\u00e1 tornaram consult\u00e1veis.<\/p>\n<p><strong>Trabalho dos arquivistas no sil\u00eancio e distante dos clamores<\/strong><br \/>\nReferindo-se \u00e0 atividade desempenhada por todos eles, o Papa destacou que se trata de um trabalho que se realiza no sil\u00eancio e distante dos clamores, cultiva a mem\u00f3ria, e num certo sentido, disse, \u201cme parece que possa ser comparado \u00e0 cultiva\u00e7\u00e3o de uma \u00e1rvore majestosa, cujos ramos est\u00e3o voltados para o c\u00e9u, mas cujas ra\u00edzes est\u00e3o solidamente fincadas na terra\u201d.<\/p>\n<p>\u201cSe compararmos essa \u00e1rvore \u00e0 Igreja, vemos que ela est\u00e1 voltada para o C\u00e9u, onde se encontra a nossa p\u00e1tria e o nosso \u00faltimo horizonte; as ra\u00edzes, por\u00e9m, fincam no terreno da pr\u00f3pria Encarna\u00e7\u00e3o do Verbo, na hist\u00f3ria, no tempo\u201d, disse ainda.<\/p>\n<p>\u201cVoc\u00eas, arquivistas, com sua paciente fadiga trabalham sobre essas ra\u00edzes e contribuem para mant\u00ea-las vivas, de tal modo que tamb\u00e9m os ramos mais verdes e mais jovens da \u00e1rvore possam ter boa seiva para seu crescimento no futuro\u201d, acrescentou.<\/p>\n\n\t\t<style type=\"text\/css\">\n\t\t\t#gallery-1 {\n\t\t\t\tmargin: auto;\n\t\t\t}\n\t\t\t#gallery-1 .gallery-item {\n\t\t\t\tfloat: left;\n\t\t\t\tmargin-top: 10px;\n\t\t\t\ttext-align: center;\n\t\t\t\twidth: 25%;\n\t\t\t}\n\t\t\t#gallery-1 img {\n\t\t\t\tborder: 2px solid #cfcfcf;\n\t\t\t}\n\t\t\t#gallery-1 .gallery-caption {\n\t\t\t\tmargin-left: 0;\n\t\t\t}\n\t\t\t\/* see gallery_shortcode() in wp-includes\/media.php *\/\n\t\t<\/style>\n\t\t<div id='gallery-1' class='gallery galleryid-200988 gallery-columns-4 gallery-size-thumbnail'><dl class='gallery-item'>\n\t\t\t<dt class='gallery-icon landscape'>\n\t\t\t\t<a href='https:\/\/franciscanos.org.br\/noticias\/wp-content\/uploads\/2019\/03\/papa_francisco_050319-3.jpeg'><img width=\"300\" height=\"300\" src=\"https:\/\/franciscanos.org.br\/noticias\/wp-content\/uploads\/2019\/03\/papa_francisco_050319-3-300x300.jpeg\" class=\"attachment-thumbnail size-thumbnail\" alt=\"\" loading=\"lazy\" srcset=\"https:\/\/franciscanos.org.br\/noticias\/wp-content\/uploads\/2019\/03\/papa_francisco_050319-3-300x300.jpeg 300w, https:\/\/franciscanos.org.br\/noticias\/wp-content\/uploads\/2019\/03\/papa_francisco_050319-3-400x400.jpeg 400w\" sizes=\"(max-width: 300px) 100vw, 300px\" \/><\/a>\n\t\t\t<\/dt><\/dl><dl class='gallery-item'>\n\t\t\t<dt class='gallery-icon landscape'>\n\t\t\t\t<a href='https:\/\/franciscanos.org.br\/noticias\/wp-content\/uploads\/2019\/03\/papa_francisco_050319-4.jpeg'><img width=\"300\" height=\"300\" src=\"https:\/\/franciscanos.org.br\/noticias\/wp-content\/uploads\/2019\/03\/papa_francisco_050319-4-300x300.jpeg\" class=\"attachment-thumbnail size-thumbnail\" alt=\"\" loading=\"lazy\" srcset=\"https:\/\/franciscanos.org.br\/noticias\/wp-content\/uploads\/2019\/03\/papa_francisco_050319-4-300x300.jpeg 300w, https:\/\/franciscanos.org.br\/noticias\/wp-content\/uploads\/2019\/03\/papa_francisco_050319-4-400x400.jpeg 400w\" sizes=\"(max-width: 300px) 100vw, 300px\" \/><\/a>\n\t\t\t<\/dt><\/dl><dl class='gallery-item'>\n\t\t\t<dt class='gallery-icon landscape'>\n\t\t\t\t<a href='https:\/\/franciscanos.org.br\/noticias\/wp-content\/uploads\/2019\/03\/papa_francisco_050319-2.jpeg'><img width=\"300\" height=\"300\" src=\"https:\/\/franciscanos.org.br\/noticias\/wp-content\/uploads\/2019\/03\/papa_francisco_050319-2-300x300.jpeg\" class=\"attachment-thumbnail size-thumbnail\" alt=\"\" loading=\"lazy\" srcset=\"https:\/\/franciscanos.org.br\/noticias\/wp-content\/uploads\/2019\/03\/papa_francisco_050319-2-300x300.jpeg 300w, https:\/\/franciscanos.org.br\/noticias\/wp-content\/uploads\/2019\/03\/papa_francisco_050319-2-400x400.jpeg 400w\" sizes=\"(max-width: 300px) 100vw, 300px\" \/><\/a>\n\t\t\t<\/dt><\/dl><dl class='gallery-item'>\n\t\t\t<dt class='gallery-icon landscape'>\n\t\t\t\t<a href='https:\/\/franciscanos.org.br\/noticias\/wp-content\/uploads\/2019\/03\/papa_francisco_050319-1.jpeg'><img width=\"300\" height=\"300\" src=\"https:\/\/franciscanos.org.br\/noticias\/wp-content\/uploads\/2019\/03\/papa_francisco_050319-1-300x300.jpeg\" class=\"attachment-thumbnail size-thumbnail\" alt=\"\" loading=\"lazy\" srcset=\"https:\/\/franciscanos.org.br\/noticias\/wp-content\/uploads\/2019\/03\/papa_francisco_050319-1-300x300.jpeg 300w, https:\/\/franciscanos.org.br\/noticias\/wp-content\/uploads\/2019\/03\/papa_francisco_050319-1-400x400.jpeg 400w\" sizes=\"(max-width: 300px) 100vw, 300px\" \/><\/a>\n\t\t\t<\/dt><\/dl><br style=\"clear: both\" \/>\n\t\t<\/div>\n\n<p><strong>Arquivo completo do Pontificado de Pio XII<\/strong><br \/>\n\u201cEste constante e n\u00e3o leve esfor\u00e7o, de voc\u00eas e de seus colegas, me permite hoje, em recorda\u00e7\u00e3o daquela significativa data, anunciar a minha decis\u00e3o de abrir \u00e0 consulta dos pesquisadores a documenta\u00e7\u00e3o arquiv\u00edstica atinente ao Pontificado de Pio XII, at\u00e9 sua morte, ocorrida em Castel Gandolfo em 9 de outubro de 1958.\u201d<\/p>\n<p>Assumo essa decis\u00e3o, continuou Francisco, \u201ctendo ouvido o parecer de meus mais estreitos colaboradores, com \u00e2nimo sereno e confiante, certo de que a s\u00e9ria e objetiva pesquisa hist\u00f3rica saber\u00e1 avaliar na justa luz, com cr\u00edtica apropriada, momentos de exalta\u00e7\u00e3o daquele Pont\u00edfice e, sem d\u00favida, tamb\u00e9m momentos de graves dificuldades, de decis\u00f5es dif\u00edceis, de humana e crist\u00e3 prud\u00eancia, que a algu\u00e9m poder\u00e1 parecer retic\u00eancia, e que ao inv\u00e9s foram tentativas, humanamente tamb\u00e9m muito dif\u00edceis, para manter acesa, nos per\u00edodos mais sombrios e de crueldade, a chama das iniciativas humanit\u00e1rias, da silenciosa, mas ativa diplomacia, da esperan\u00e7a em poss\u00edveis boas aberturas dos cora\u00e7\u00f5es\u201d.<\/p>\n<div id=\"attachment_200991\" style=\"width: 459px\" class=\"wp-caption alignleft\"><img aria-describedby=\"caption-attachment-200991\" loading=\"lazy\" class=\"wp-image-200991\" src=\"https:\/\/franciscanos.org.br\/noticias\/wp-content\/uploads\/2019\/03\/O-papa-Pio-XII-governou-de-1939-a-1958.-O-papa-Pio-XII-governou-de-1939-a-1958.-450x253.jpeg\" alt=\"\" width=\"449\" height=\"252\" srcset=\"https:\/\/franciscanos.org.br\/noticias\/wp-content\/uploads\/2019\/03\/O-papa-Pio-XII-governou-de-1939-a-1958.-O-papa-Pio-XII-governou-de-1939-a-1958.-450x253.jpeg 450w, https:\/\/franciscanos.org.br\/noticias\/wp-content\/uploads\/2019\/03\/O-papa-Pio-XII-governou-de-1939-a-1958.-O-papa-Pio-XII-governou-de-1939-a-1958.-150x84.jpeg 150w, https:\/\/franciscanos.org.br\/noticias\/wp-content\/uploads\/2019\/03\/O-papa-Pio-XII-governou-de-1939-a-1958.-O-papa-Pio-XII-governou-de-1939-a-1958..jpeg 750w\" sizes=\"(max-width: 449px) 100vw, 449px\" \/><p id=\"caption-attachment-200991\" class=\"wp-caption-text\">O Papa Pio XII governou a Igreja de 1939 a 1958<\/p><\/div>\n<p><strong>Igreja n\u00e3o tem medo da hist\u00f3ria<\/strong><br \/>\n\u201cA Igreja n\u00e3o tem medo da hist\u00f3ria, ali\u00e1s, a ama e quer am\u00e1-la mais e melhor, como Deus a ama! Portanto, com a mesma confian\u00e7a de meus Predecessores, abro e confio aos pesquisadores esse patrim\u00f4nio document\u00e1rio.\u201d<\/p>\n<p>O Santo Padre concluiu encorajando os respons\u00e1veis e funcion\u00e1rios do Arquivo Secreto Vaticano, bem como os professores da Escola Vaticana de Paleografia, Diplom\u00e1tica e Arquiv\u00edstica, a prosseguir no trabalho de assist\u00eancia aos pesquisadores \u2013 assist\u00eancia cient\u00edfica e material \u2013 e tamb\u00e9m na publica\u00e7\u00e3o das fontes do Papa Pacelli que ser\u00e3o consideradas importantes, como j\u00e1 o est\u00e3o fazendo h\u00e1 alguns anos.<\/p>\n<p><strong>Dom Pagano: abertura arquivos mostrar\u00e1 a todos a grandeza de Pio XII<\/strong><\/p>\n<p>A abertura dos arquivos sobre Pio XII, decidida pelo Papa Francisco, permitir\u00e1 um estudo aprofundado sobre o Papa Pacelli, muitas vezes superficialmente criticado. Foi o que disse o prefeito do Arquivo Secreto Vaticano. Em um ano estar\u00e3o dispon\u00edveis os documentos do Papa, da C\u00faria e das representa\u00e7\u00f5es pontif\u00edcias de 1939 a 1958.<\/p>\n<div id=\"attachment_200999\" style=\"width: 460px\" class=\"wp-caption alignright\"><img aria-describedby=\"caption-attachment-200999\" loading=\"lazy\" class=\"wp-image-200999 size-medium\" src=\"https:\/\/franciscanos.org.br\/noticias\/wp-content\/uploads\/2019\/03\/papa_pio_050219_1-450x300.jpeg\" alt=\"\" width=\"450\" height=\"300\" srcset=\"https:\/\/franciscanos.org.br\/noticias\/wp-content\/uploads\/2019\/03\/papa_pio_050219_1-450x300.jpeg 450w, https:\/\/franciscanos.org.br\/noticias\/wp-content\/uploads\/2019\/03\/papa_pio_050219_1-768x512.jpeg 768w, https:\/\/franciscanos.org.br\/noticias\/wp-content\/uploads\/2019\/03\/papa_pio_050219_1-150x100.jpeg 150w, https:\/\/franciscanos.org.br\/noticias\/wp-content\/uploads\/2019\/03\/papa_pio_050219_1.jpeg 800w\" sizes=\"(max-width: 450px) 100vw, 450px\" \/><p id=\"caption-attachment-200999\" class=\"wp-caption-text\">Papa Francisco e Dom Pagano<\/p><\/div>\n<p>Os detalhes da iniciativa est\u00e3o descritos em um artigo de Dom S\u00e9rgio Pagano, Prefeito do Arquivo Secreto Vaticano, publicado na edi\u00e7\u00e3o do L\u2019Osservatore Romano desta segunda-feira e antecipado pela Sala de Imprensa da Santa S\u00e9. &#8220;A importante iniciativa do Papa Francisco \u2013 escreve Dom Pagano no artigo \u2013 teve um longo per\u00edodo de prepara\u00e7\u00e3o, durante o qual os arquivistas do Arquivo Secreto Vaticano e seus colegas em outros arquivos do Vaticano realizaram um paciente trabalho de ordenamento, pequisa e invent\u00e1rio dos muitos documentos &#8220;.<\/p>\n<p>O prefeito recorda que, em 2004, S\u00e3o Jo\u00e3o Paulo II, j\u00e1 tinha disponibilizado aos pesquisadores documentos do Servi\u00e7o Vaticano Informa\u00e7\u00f5es sobre os prisioneiros de guerra (1939-1947) do Arquivo Vaticano, \u201ccomposto por 2.349 unidades de arquivo, divididas em 556 envelopes, 108 registros e 1.685 caixas de documentos, com um arquivamento em ordem alfab\u00e9tica, o que equivale a cerca de 2 milh\u00f5es e 100 mil fich\u00e1rios nominativos, relativos aos militares e aos civis prisioneiros, dispersos ou internados, dos quais se estavam procurando not\u00edcias. Documentos ainda muitos solicitados por parte de estudiosos privados ou de parentes dos prisioneiros mortos&#8221;.<\/p>\n<p>Ap\u00f3s a abertura do pontificado de Pio XI (1922-1939) em 2006, por desejo de Bento XVI, &#8220;j\u00e1 se trabalhava para a progressiva prepara\u00e7\u00e3o do material documental de Pio XII, que muitos estudiosos solicitavam com crescente insist\u00eancia&#8221;. A quantidade de trabalho &#8220;foi certamente enorme&#8221; e o trabalho durou at\u00e9 hoje. Na sequ\u00eancia da decis\u00e3o do Papa Francisco &#8220;ser\u00e3o abertas \u2013 explica o prefeito Pagano &#8211; at\u00e9 outubro de 1958 o Arquivo Secreto Vaticano, o Arquivo Hist\u00f3rico da Se\u00e7\u00e3o para as Rela\u00e7\u00f5es com os Estados da Secretaria de Estado, O Arquivo Hist\u00f3rico da Congrega\u00e7\u00e3o para a Doutrina da F\u00e9, o Arquivo Hist\u00f3rico da Congrega\u00e7\u00e3o para a Evangeliza\u00e7\u00e3o dos Povos, o Arquivo Hist\u00f3rico da Congrega\u00e7\u00e3o para as Igrejas Orientais, os Arquivos da F\u00e1brica de S\u00e3o Pedro e, segundo modalidades e formas e diferentes de acesso, tamb\u00e9m outros Arquivos Hist\u00f3ricos de Congrega\u00e7\u00f5es, de Dicast\u00e9rios, Escrit\u00f3rios e Tribunais, a crit\u00e9rio de seus relativos superiores&#8221;.<\/p>\n<p>Cada um desses arquivos tem suas pr\u00f3prias regras, sistemas de reservas e naturalmente \u00edndices e invent\u00e1rios relativos \u00e0 sua documenta\u00e7\u00e3o que agora se torna dispon\u00edvel.<\/p>\n<p>Limitando-se a descrever apenas as novas fontes do Arquivo Secreto que estar\u00e3o dispon\u00edveis para os estudiosos, Dom Pagano menciona cerca de 151.000 posi\u00e7\u00f5es (cada uma dos quais consiste de dezenas de folhas) da Secretaria de Estado. Destes documentos, foram preparadas precisas descri\u00e7\u00f5es inform\u00e1ticas tamb\u00e9m dispon\u00edveis em papel (s\u00e3o 68 volumes de \u00edndices). Depois, h\u00e1 os chamados &#8220;envelopes separados&#8221;, que conservam a documenta\u00e7\u00e3o por temas ou institui\u00e7\u00f5es, organizados pela Secretaria de Estado, em &#8220;um total de 538 envelopes, dos quais ser\u00e1 feita uma lista descritiva precisa&#8221;. Da mesma fonte, &#8220;as 76 unidades chamadas agora Cartas Pio XII, conter\u00e3o manuscritos de Eugenio Pacelli antes do pontificado e durante o pontificado, assim como os textos de seus muitos discursos, \u00e0s vezes com corre\u00e7\u00f5es aut\u00f3grafas&#8221;. H\u00e1 tamb\u00e9m tr\u00eas outros consistentes &#8220;arquivos especiais&#8221;. O primeiro \u00e9 o da Comiss\u00e3o de Socorro, o segundo \u00e9 simplesmente chamado de Benefic\u00eancia Pontif\u00edcia, e o terceiro \u00e9 o do Escrit\u00f3rio Migra\u00e7\u00e3o, criado para enfrentar o problema da repatria\u00e7\u00e3o de v\u00e1rios prisioneiros e refugiados, bem como o crescente problema da migra\u00e7\u00e3o causada pela pobreza de certos Pa\u00edses europeus.<\/p>\n<div id=\"attachment_201000\" style=\"width: 460px\" class=\"wp-caption alignleft\"><img aria-describedby=\"caption-attachment-201000\" loading=\"lazy\" class=\"wp-image-201000 size-medium\" src=\"https:\/\/franciscanos.org.br\/noticias\/wp-content\/uploads\/2019\/03\/Ajuda-aos-deslocados-durante-o-pontificado-de-Pio-XII-Arquivo-Santa-S\u00e9-450x253.jpeg\" alt=\"\" width=\"450\" height=\"253\" srcset=\"https:\/\/franciscanos.org.br\/noticias\/wp-content\/uploads\/2019\/03\/Ajuda-aos-deslocados-durante-o-pontificado-de-Pio-XII-Arquivo-Santa-S\u00e9-450x253.jpeg 450w, https:\/\/franciscanos.org.br\/noticias\/wp-content\/uploads\/2019\/03\/Ajuda-aos-deslocados-durante-o-pontificado-de-Pio-XII-Arquivo-Santa-S\u00e9-768x432.jpeg 768w, https:\/\/franciscanos.org.br\/noticias\/wp-content\/uploads\/2019\/03\/Ajuda-aos-deslocados-durante-o-pontificado-de-Pio-XII-Arquivo-Santa-S\u00e9-1024x576.jpeg 1024w, https:\/\/franciscanos.org.br\/noticias\/wp-content\/uploads\/2019\/03\/Ajuda-aos-deslocados-durante-o-pontificado-de-Pio-XII-Arquivo-Santa-S\u00e9-150x84.jpeg 150w, https:\/\/franciscanos.org.br\/noticias\/wp-content\/uploads\/2019\/03\/Ajuda-aos-deslocados-durante-o-pontificado-de-Pio-XII-Arquivo-Santa-S\u00e9.jpeg 1500w\" sizes=\"(max-width: 450px) 100vw, 450px\" \/><p id=\"caption-attachment-201000\" class=\"wp-caption-text\">Ajuda aos deslocados durante o pontificado de Pio XII (Arquivo Santa S\u00e9)<\/p><\/div>\n<div class=\"mceTemp\"><\/div>\n<p>Estar\u00e3o tamb\u00e9m dispon\u00edveis os documentos de representa\u00e7\u00f5es pontif\u00edcias: &#8220;De cada representa\u00e7\u00e3o pontif\u00edcia foi preparado o invent\u00e1rio detalhado, guia indispens\u00e1vel para o pesquisador (cerca de 81 \u00edndices num total de mais de 5.100 envelopes). Tamb\u00e9m esses invent\u00e1rios poder\u00e3o ser consultados na rede intranet do Arquivo Vaticano para comodidade dos estudiosos e para facilitar a sua pesquisa em v\u00e1rios campos&#8221;.<\/p>\n<p>Em suma, uma obra gigantesca de cataloga\u00e7\u00e3o &#8220;\u00e0 qual se dedicaram com const\u00e2ncia e exclusividade vinte funcion\u00e1rios do Arquivos Vaticano, auxiliados tamb\u00e9m, sempre que poss\u00edvel, por graduados diplomados na Escola de Paleografia, Diplom\u00e1tica e Arquivo do mesmo Arquivo Secreto. &#8220;E o mesmo discurso vale tamb\u00e9m para os outros arquivos hist\u00f3ricos da C\u00faria Romana que ser\u00e3o agora abertos sobre o pontificado de Pacelli. &#8220;Certamente um grande esfor\u00e7o \u2013 escreve ainda Dom Pagano &#8211; mas creio que seja um esfor\u00e7o sustentado pelo grande entusiasmo, porque se tinha consci\u00eancia de trabalhar em prol da futura pesquisa hist\u00f3rica em rela\u00e7\u00e3o a um per\u00edodo crucial para a Igreja e para o mundo. Esses documentos falaram, falam, e eu espero que falar\u00e3o aos pesquisadores e aos historiadores de uma quase sobre-humana obra de crist\u00e3o &#8220;humanismo&#8221; (falou-se de &#8220;diplomacia da caridade&#8221;), ativa na conglomera\u00e7\u00e3o tempestuosa daqueles eventos que, em meados do s\u00e9culo XX, pareciam determinados a aniquilar a pr\u00f3pria no\u00e7\u00e3o de civiliza\u00e7\u00e3o humana&#8221;.<\/p>\n<div id=\"attachment_201001\" style=\"width: 512px\" class=\"wp-caption alignright\"><img aria-describedby=\"caption-attachment-201001\" loading=\"lazy\" class=\"wp-image-201001 \" src=\"https:\/\/franciscanos.org.br\/noticias\/wp-content\/uploads\/2019\/03\/Pio-XII-abril-de-1944-distribui\u00e7\u00e3o-de-p\u00e3o-aos-deslocados-e1551793060117-450x304.jpeg\" alt=\"\" width=\"502\" height=\"339\" srcset=\"https:\/\/franciscanos.org.br\/noticias\/wp-content\/uploads\/2019\/03\/Pio-XII-abril-de-1944-distribui\u00e7\u00e3o-de-p\u00e3o-aos-deslocados-e1551793060117-450x304.jpeg 450w, https:\/\/franciscanos.org.br\/noticias\/wp-content\/uploads\/2019\/03\/Pio-XII-abril-de-1944-distribui\u00e7\u00e3o-de-p\u00e3o-aos-deslocados-e1551793060117-768x519.jpeg 768w, https:\/\/franciscanos.org.br\/noticias\/wp-content\/uploads\/2019\/03\/Pio-XII-abril-de-1944-distribui\u00e7\u00e3o-de-p\u00e3o-aos-deslocados-e1551793060117-1024x692.jpeg 1024w, https:\/\/franciscanos.org.br\/noticias\/wp-content\/uploads\/2019\/03\/Pio-XII-abril-de-1944-distribui\u00e7\u00e3o-de-p\u00e3o-aos-deslocados-e1551793060117-150x101.jpeg 150w, https:\/\/franciscanos.org.br\/noticias\/wp-content\/uploads\/2019\/03\/Pio-XII-abril-de-1944-distribui\u00e7\u00e3o-de-p\u00e3o-aos-deslocados-e1551793060117-1200x811.jpeg 1200w, https:\/\/franciscanos.org.br\/noticias\/wp-content\/uploads\/2019\/03\/Pio-XII-abril-de-1944-distribui\u00e7\u00e3o-de-p\u00e3o-aos-deslocados-e1551793060117.jpeg 1248w\" sizes=\"(max-width: 502px) 100vw, 502px\" \/><p id=\"caption-attachment-201001\" class=\"wp-caption-text\">Pio XII, abril de 1944 distribui\u00e7\u00e3o de p\u00e3o aos deslocados<\/p><\/div>\n<p>&#8220;Sobre esse triste, ou melhor terr\u00edvel cen\u00e1rio &#8211; conclui o prefeito do Arquivo Secreto Vaticano &#8211; seja antes da \u00faltima guerra, seja durante seu tr\u00e1gico desenvolvimento, seja depois dela, se destaca com conota\u00e7\u00f5es pr\u00f3prias a grande figura de Pio XII, muito superficialmente julgada e criticada por alguns aspectos do seu pontificado. Agora, gra\u00e7as tamb\u00e9m \u00e0 recente abertura desejada com confian\u00e7a pelo Papa Francisco, creio que a sua figura possa encontrar entre os historiadores quem a saiba investigar, sem preconceitos, e com a ajuda dos novos documentos, toda a sua real abrang\u00eancia e riqueza&#8221;.<\/p>\n<p>A pesquisa no Arquivo Secreto Vaticano, como indicado no website <a href=\"http:\/\/asv.vatican.va\/content\/archiviosegretovaticano\/it.html\" target=\"_blank\" rel=\"noopener noreferrer\">Archivio Segreto Vaticano\u00a0<\/a>\u00e9 &#8220;gratuita e aberta a estudiosos qualificados, que tenham interesse em realizar investiga\u00e7\u00f5es cient\u00edficas. A exig\u00eancia \u00e9 a posse do t\u00edtulo de Licenciatura (cinco anos) ou de outro diploma universit\u00e1rio equivalente (para os eclesi\u00e1sticos o diploma ou o doutorado)&#8221;. \u00c9 necess\u00e1rio dirigir o pedido ao prefeito, indicando as raz\u00f5es para a pesquisa e acompanhar o pedido com uma &#8220;carta de apresenta\u00e7\u00e3o de um Instituto de pesquisa hist\u00f3rico-cientifico acreditado ou de uma pessoa qualificada no campo da pesquisa hist\u00f3rica (Professor titular de c\u00e1tedra universit\u00e1ria)&#8221;. Deve tamb\u00e9m anexar o certificado do \u00faltimo t\u00edtulo acad\u00eamico obtido.<\/p>\n<p><strong>Fonte: Vaticans News e Santa S\u00e9<\/strong><\/p>\n","protected":false},"excerpt":{"rendered":"<p>Cidade do Vaticano &#8211; \u201cDecidi que a abertura dos Arquivos Vaticanos referentes ao Pontificado de Pio XII se dar\u00e1 em 2 de mar\u00e7o de 2020, exatamente \u00e0 dist\u00e2ncia de um ano do octog\u00e9simo anivers\u00e1rio da elei\u00e7\u00e3o de Eugenio Pacelli (Papa Pio XII) \u00e0 C\u00e1tedra de Pedro.\u201d Foi o an\u00fancio feito pelo Papa Francisco ao receber [&hellip;]<\/p>\n","protected":false},"author":5,"featured_media":201017,"comment_status":"open","ping_status":"open","sticky":false,"template":"","format":"standard","meta":[],"categories":[1428],"tags":[31,55],"acf":[],"yoast_head":"<!-- This site is optimized with the Yoast SEO plugin v19.2 - https:\/\/yoast.com\/wordpress\/plugins\/seo\/ -->\n<title>Papa Francisco anuncia abertura dos arquivos do Pontificado de Pio XII - Not\u00edcias - Franciscanos<\/title>\n<meta name=\"robots\" content=\"index, follow, max-snippet:-1, max-image-preview:large, max-video-preview:-1\" \/>\n<link rel=\"canonical\" href=\"https:\/\/franciscanos.org.br\/noticias\/papa-francisco-anuncia-abertura-dos-arquivos-do-pontificado-de-pio-xii.html\" \/>\n<meta property=\"og:locale\" content=\"pt_BR\" \/>\n<meta property=\"og:type\" content=\"article\" \/>\n<meta property=\"og:title\" content=\"Papa Francisco anuncia abertura dos arquivos do Pontificado de Pio XII - Not\u00edcias - Franciscanos\" \/>\n<meta property=\"og:description\" content=\"Cidade do Vaticano &#8211; \u201cDecidi que a abertura dos Arquivos Vaticanos referentes ao Pontificado de Pio XII se dar\u00e1 em 2 de mar\u00e7o de 2020, exatamente \u00e0 dist\u00e2ncia de um ano do octog\u00e9simo anivers\u00e1rio da elei\u00e7\u00e3o de Eugenio Pacelli (Papa Pio XII) \u00e0 C\u00e1tedra de Pedro.\u201d Foi o an\u00fancio feito pelo Papa Francisco ao receber [&hellip;]\" \/>\n<meta property=\"og:url\" content=\"https:\/\/franciscanos.org.br\/noticias\/papa-francisco-anuncia-abertura-dos-arquivos-do-pontificado-de-pio-xii.html\" \/>\n<meta property=\"og:site_name\" content=\"Not\u00edcias - Franciscanos\" \/>\n<meta property=\"article:published_time\" content=\"2019-03-05T13:49:04+00:00\" \/>\n<meta property=\"article:modified_time\" content=\"2020-08-06T19:38:36+00:00\" \/>\n<meta property=\"og:image\" content=\"https:\/\/franciscanos.org.br\/noticias\/wp-content\/uploads\/2019\/03\/papa_pio_050219_2.jpg\" \/>\n\t<meta property=\"og:image:width\" content=\"273\" \/>\n\t<meta property=\"og:image:height\" content=\"181\" \/>\n\t<meta property=\"og:image:type\" content=\"image\/jpeg\" \/>\n<meta name=\"author\" content=\"freiaugusto\" \/>\n<meta name=\"twitter:card\" content=\"summary_large_image\" \/>\n<meta name=\"twitter:label1\" content=\"Escrito por\" \/>\n\t<meta name=\"twitter:data1\" content=\"freiaugusto\" \/>\n\t<meta name=\"twitter:label2\" content=\"Est. tempo de leitura\" \/>\n\t<meta name=\"twitter:data2\" content=\"10 minutos\" \/>\n<script type=\"application\/ld+json\" class=\"yoast-schema-graph\">{\"@context\":\"https:\/\/schema.org\",\"@graph\":[{\"@type\":\"WebSite\",\"@id\":\"https:\/\/franciscanos.org.br\/noticias\/#website\",\"url\":\"https:\/\/franciscanos.org.br\/noticias\/\",\"name\":\"Not\u00edcias - Franciscanos\",\"description\":\"Prov\u00edncia Franciscana da Imaculada Concei\u00e7\u00e3o do Brasil - Ordem dos Frades Menores - OFM\",\"potentialAction\":[{\"@type\":\"SearchAction\",\"target\":{\"@type\":\"EntryPoint\",\"urlTemplate\":\"https:\/\/franciscanos.org.br\/noticias\/?s={search_term_string}\"},\"query-input\":\"required name=search_term_string\"}],\"inLanguage\":\"pt-BR\"},{\"@type\":\"ImageObject\",\"inLanguage\":\"pt-BR\",\"@id\":\"https:\/\/franciscanos.org.br\/noticias\/papa-francisco-anuncia-abertura-dos-arquivos-do-pontificado-de-pio-xii.html#primaryimage\",\"url\":\"https:\/\/franciscanos.org.br\/noticias\/wp-content\/uploads\/2019\/03\/papa_pio_050219_2.jpg\",\"contentUrl\":\"https:\/\/franciscanos.org.br\/noticias\/wp-content\/uploads\/2019\/03\/papa_pio_050219_2.jpg\",\"width\":273,\"height\":181},{\"@type\":\"WebPage\",\"@id\":\"https:\/\/franciscanos.org.br\/noticias\/papa-francisco-anuncia-abertura-dos-arquivos-do-pontificado-de-pio-xii.html#webpage\",\"url\":\"https:\/\/franciscanos.org.br\/noticias\/papa-francisco-anuncia-abertura-dos-arquivos-do-pontificado-de-pio-xii.html\",\"name\":\"Papa Francisco anuncia abertura dos arquivos do Pontificado de Pio XII - Not\u00edcias - Franciscanos\",\"isPartOf\":{\"@id\":\"https:\/\/franciscanos.org.br\/noticias\/#website\"},\"primaryImageOfPage\":{\"@id\":\"https:\/\/franciscanos.org.br\/noticias\/papa-francisco-anuncia-abertura-dos-arquivos-do-pontificado-de-pio-xii.html#primaryimage\"},\"datePublished\":\"2019-03-05T13:49:04+00:00\",\"dateModified\":\"2020-08-06T19:38:36+00:00\",\"author\":{\"@id\":\"https:\/\/franciscanos.org.br\/noticias\/#\/schema\/person\/37f88f0d111cd5358b12a6556a99eb91\"},\"breadcrumb\":{\"@id\":\"https:\/\/franciscanos.org.br\/noticias\/papa-francisco-anuncia-abertura-dos-arquivos-do-pontificado-de-pio-xii.html#breadcrumb\"},\"inLanguage\":\"pt-BR\",\"potentialAction\":[{\"@type\":\"ReadAction\",\"target\":[\"https:\/\/franciscanos.org.br\/noticias\/papa-francisco-anuncia-abertura-dos-arquivos-do-pontificado-de-pio-xii.html\"]}]},{\"@type\":\"BreadcrumbList\",\"@id\":\"https:\/\/franciscanos.org.br\/noticias\/papa-francisco-anuncia-abertura-dos-arquivos-do-pontificado-de-pio-xii.html#breadcrumb\",\"itemListElement\":[{\"@type\":\"ListItem\",\"position\":1,\"name\":\"Home\",\"item\":\"https:\/\/franciscanos.org.br\/noticias\"},{\"@type\":\"ListItem\",\"position\":2,\"name\":\"Papa Francisco anuncia abertura dos arquivos do Pontificado de Pio XII\"}]},{\"@type\":\"Person\",\"@id\":\"https:\/\/franciscanos.org.br\/noticias\/#\/schema\/person\/37f88f0d111cd5358b12a6556a99eb91\",\"name\":\"freiaugusto\",\"image\":{\"@type\":\"ImageObject\",\"inLanguage\":\"pt-BR\",\"@id\":\"https:\/\/franciscanos.org.br\/noticias\/#\/schema\/person\/image\/\",\"url\":\"https:\/\/secure.gravatar.com\/avatar\/9840b940e621801b24f3e6b059efb4b7?s=96&d=mm&r=g\",\"contentUrl\":\"https:\/\/secure.gravatar.com\/avatar\/9840b940e621801b24f3e6b059efb4b7?s=96&d=mm&r=g\",\"caption\":\"freiaugusto\"},\"url\":\"https:\/\/franciscanos.org.br\/noticias\/author\/freiaugusto\"}]}<\/script>\n<!-- \/ Yoast SEO plugin. -->","yoast_head_json":{"title":"Papa Francisco anuncia abertura dos arquivos do Pontificado de Pio XII - Not\u00edcias - Franciscanos","robots":{"index":"index","follow":"follow","max-snippet":"max-snippet:-1","max-image-preview":"max-image-preview:large","max-video-preview":"max-video-preview:-1"},"canonical":"https:\/\/franciscanos.org.br\/noticias\/papa-francisco-anuncia-abertura-dos-arquivos-do-pontificado-de-pio-xii.html","og_locale":"pt_BR","og_type":"article","og_title":"Papa Francisco anuncia abertura dos arquivos do Pontificado de Pio XII - Not\u00edcias - Franciscanos","og_description":"Cidade do Vaticano &#8211; \u201cDecidi que a abertura dos Arquivos Vaticanos referentes ao Pontificado de Pio XII se dar\u00e1 em 2 de mar\u00e7o de 2020, exatamente \u00e0 dist\u00e2ncia de um ano do octog\u00e9simo anivers\u00e1rio da elei\u00e7\u00e3o de Eugenio Pacelli (Papa Pio XII) \u00e0 C\u00e1tedra de Pedro.\u201d Foi o an\u00fancio feito pelo Papa Francisco ao receber [&hellip;]","og_url":"https:\/\/franciscanos.org.br\/noticias\/papa-francisco-anuncia-abertura-dos-arquivos-do-pontificado-de-pio-xii.html","og_site_name":"Not\u00edcias - Franciscanos","article_published_time":"2019-03-05T13:49:04+00:00","article_modified_time":"2020-08-06T19:38:36+00:00","og_image":[{"width":273,"height":181,"url":"https:\/\/franciscanos.org.br\/noticias\/wp-content\/uploads\/2019\/03\/papa_pio_050219_2.jpg","type":"image\/jpeg"}],"author":"freiaugusto","twitter_card":"summary_large_image","twitter_misc":{"Escrito por":"freiaugusto","Est. tempo de leitura":"10 minutos"},"schema":{"@context":"https:\/\/schema.org","@graph":[{"@type":"WebSite","@id":"https:\/\/franciscanos.org.br\/noticias\/#website","url":"https:\/\/franciscanos.org.br\/noticias\/","name":"Not\u00edcias - Franciscanos","description":"Prov\u00edncia Franciscana da Imaculada Concei\u00e7\u00e3o do Brasil - Ordem dos Frades Menores - OFM","potentialAction":[{"@type":"SearchAction","target":{"@type":"EntryPoint","urlTemplate":"https:\/\/franciscanos.org.br\/noticias\/?s={search_term_string}"},"query-input":"required name=search_term_string"}],"inLanguage":"pt-BR"},{"@type":"ImageObject","inLanguage":"pt-BR","@id":"https:\/\/franciscanos.org.br\/noticias\/papa-francisco-anuncia-abertura-dos-arquivos-do-pontificado-de-pio-xii.html#primaryimage","url":"https:\/\/franciscanos.org.br\/noticias\/wp-content\/uploads\/2019\/03\/papa_pio_050219_2.jpg","contentUrl":"https:\/\/franciscanos.org.br\/noticias\/wp-content\/uploads\/2019\/03\/papa_pio_050219_2.jpg","width":273,"height":181},{"@type":"WebPage","@id":"https:\/\/franciscanos.org.br\/noticias\/papa-francisco-anuncia-abertura-dos-arquivos-do-pontificado-de-pio-xii.html#webpage","url":"https:\/\/franciscanos.org.br\/noticias\/papa-francisco-anuncia-abertura-dos-arquivos-do-pontificado-de-pio-xii.html","name":"Papa Francisco anuncia abertura dos arquivos do Pontificado de Pio XII - Not\u00edcias - Franciscanos","isPartOf":{"@id":"https:\/\/franciscanos.org.br\/noticias\/#website"},"primaryImageOfPage":{"@id":"https:\/\/franciscanos.org.br\/noticias\/papa-francisco-anuncia-abertura-dos-arquivos-do-pontificado-de-pio-xii.html#primaryimage"},"datePublished":"2019-03-05T13:49:04+00:00","dateModified":"2020-08-06T19:38:36+00:00","author":{"@id":"https:\/\/franciscanos.org.br\/noticias\/#\/schema\/person\/37f88f0d111cd5358b12a6556a99eb91"},"breadcrumb":{"@id":"https:\/\/franciscanos.org.br\/noticias\/papa-francisco-anuncia-abertura-dos-arquivos-do-pontificado-de-pio-xii.html#breadcrumb"},"inLanguage":"pt-BR","potentialAction":[{"@type":"ReadAction","target":["https:\/\/franciscanos.org.br\/noticias\/papa-francisco-anuncia-abertura-dos-arquivos-do-pontificado-de-pio-xii.html"]}]},{"@type":"BreadcrumbList","@id":"https:\/\/franciscanos.org.br\/noticias\/papa-francisco-anuncia-abertura-dos-arquivos-do-pontificado-de-pio-xii.html#breadcrumb","itemListElement":[{"@type":"ListItem","position":1,"name":"Home","item":"https:\/\/franciscanos.org.br\/noticias"},{"@type":"ListItem","position":2,"name":"Papa Francisco anuncia abertura dos arquivos do Pontificado de Pio XII"}]},{"@type":"Person","@id":"https:\/\/franciscanos.org.br\/noticias\/#\/schema\/person\/37f88f0d111cd5358b12a6556a99eb91","name":"freiaugusto","image":{"@type":"ImageObject","inLanguage":"pt-BR","@id":"https:\/\/franciscanos.org.br\/noticias\/#\/schema\/person\/image\/","url":"https:\/\/secure.gravatar.com\/avatar\/9840b940e621801b24f3e6b059efb4b7?s=96&d=mm&r=g","contentUrl":"https:\/\/secure.gravatar.com\/avatar\/9840b940e621801b24f3e6b059efb4b7?s=96&d=mm&r=g","caption":"freiaugusto"},"url":"https:\/\/franciscanos.org.br\/noticias\/author\/freiaugusto"}]}},"_links":{"self":[{"href":"https:\/\/franciscanos.org.br\/noticias\/wp-json\/wp\/v2\/posts\/200988"}],"collection":[{"href":"https:\/\/franciscanos.org.br\/noticias\/wp-json\/wp\/v2\/posts"}],"about":[{"href":"https:\/\/franciscanos.org.br\/noticias\/wp-json\/wp\/v2\/types\/post"}],"author":[{"embeddable":true,"href":"https:\/\/franciscanos.org.br\/noticias\/wp-json\/wp\/v2\/users\/5"}],"replies":[{"embeddable":true,"href":"https:\/\/franciscanos.org.br\/noticias\/wp-json\/wp\/v2\/comments?post=200988"}],"version-history":[{"count":1,"href":"https:\/\/franciscanos.org.br\/noticias\/wp-json\/wp\/v2\/posts\/200988\/revisions"}],"predecessor-version":[{"id":227603,"href":"https:\/\/franciscanos.org.br\/noticias\/wp-json\/wp\/v2\/posts\/200988\/revisions\/227603"}],"wp:featuredmedia":[{"embeddable":true,"href":"https:\/\/franciscanos.org.br\/noticias\/wp-json\/wp\/v2\/media\/201017"}],"wp:attachment":[{"href":"https:\/\/franciscanos.org.br\/noticias\/wp-json\/wp\/v2\/media?parent=200988"}],"wp:term":[{"taxonomy":"category","embeddable":true,"href":"https:\/\/franciscanos.org.br\/noticias\/wp-json\/wp\/v2\/categories?post=200988"},{"taxonomy":"post_tag","embeddable":true,"href":"https:\/\/franciscanos.org.br\/noticias\/wp-json\/wp\/v2\/tags?post=200988"}],"curies":[{"name":"wp","href":"https:\/\/api.w.org\/{rel}","templated":true}]}}