{"id":200979,"date":"2019-03-03T17:32:53","date_gmt":"2019-03-03T20:32:53","guid":{"rendered":"https:\/\/franciscanos.org.br\/noticias\/?p=200979"},"modified":"2020-08-06T16:38:51","modified_gmt":"2020-08-06T19:38:51","slug":"papa-no-angelus-antes-de-condenar-os-outros-olhar-para-dentro-de-si-mesmo","status":"publish","type":"post","link":"https:\/\/franciscanos.org.br\/noticias\/papa-no-angelus-antes-de-condenar-os-outros-olhar-para-dentro-de-si-mesmo.html","title":{"rendered":"Papa no Angelus: &#8220;Antes de condenar os outros, olhar para dentro de si mesmo&#8221;"},"content":{"rendered":"<p>&nbsp;<\/p>\n<p><img loading=\"lazy\" class=\"alignnone wp-image-200981 size-full\" src=\"https:\/\/franciscanos.org.br\/noticias\/wp-content\/uploads\/2019\/03\/angelus_030319_1.jpg\" alt=\"\" width=\"890\" height=\"450\" srcset=\"https:\/\/franciscanos.org.br\/noticias\/wp-content\/uploads\/2019\/03\/angelus_030319_1.jpg 890w, https:\/\/franciscanos.org.br\/noticias\/wp-content\/uploads\/2019\/03\/angelus_030319_1-450x228.jpg 450w, https:\/\/franciscanos.org.br\/noticias\/wp-content\/uploads\/2019\/03\/angelus_030319_1-768x388.jpg 768w, https:\/\/franciscanos.org.br\/noticias\/wp-content\/uploads\/2019\/03\/angelus_030319_1-150x76.jpg 150w\" sizes=\"(max-width: 890px) 100vw, 890px\" \/><\/p>\n<p><strong>Cidade do Vaticano &#8211;<\/strong> O Papa Francisco rezou a ora\u00e7\u00e3o mariana do Angelus, neste domingo (03\/03) de temperatura agrad\u00e1vel, na Pra\u00e7a S\u00e3o Pedro, com os fi\u00e9is e peregrinos de v\u00e1rias partes do mundo. Na alocu\u00e7\u00e3o que precedeu a ora\u00e7\u00e3o, o Pont\u00edfice explicou a passagem do Evangelho deste domingo que apresenta par\u00e1bolas breves, \u201ccom as quais Jesus indica aos seus disc\u00edpulos o caminho a seguir para viver com sabedoria\u201d.<\/p>\n<p>Com a pergunta: \u201cPode um cego guiar outro cego?\u201d, Jesus sublinha que \u201cum guia n\u00e3o pode ser cego, mas deve ver bem, ou seja, deve ter sabedoria para guiar com sabedoria, caso contr\u00e1rio, corre o risco de prejudicar as pessoas que se confiam a ele\u201d.<\/p>\n<p>\u201cAssim, Jesus chama a aten\u00e7\u00e3o daqueles que t\u00eam responsabilidades educacionais ou de comando: os pastores de almas, as autoridades p\u00fablicas, os legisladores, mestres e pais, exortando-os a estar conscientes de seu papel delicado e a discernir sempre a estrada certa na qual conduzir as pessoas.\u201d<\/p>\n<p><img loading=\"lazy\" class=\"size-medium wp-image-200983 alignleft\" src=\"https:\/\/franciscanos.org.br\/noticias\/wp-content\/uploads\/2019\/03\/angelus_030319_3-450x253.jpeg\" alt=\"\" width=\"450\" height=\"253\" srcset=\"https:\/\/franciscanos.org.br\/noticias\/wp-content\/uploads\/2019\/03\/angelus_030319_3-450x253.jpeg 450w, https:\/\/franciscanos.org.br\/noticias\/wp-content\/uploads\/2019\/03\/angelus_030319_3-768x432.jpeg 768w, https:\/\/franciscanos.org.br\/noticias\/wp-content\/uploads\/2019\/03\/angelus_030319_3-1024x576.jpeg 1024w, https:\/\/franciscanos.org.br\/noticias\/wp-content\/uploads\/2019\/03\/angelus_030319_3-150x84.jpeg 150w, https:\/\/franciscanos.org.br\/noticias\/wp-content\/uploads\/2019\/03\/angelus_030319_3-1200x675.jpeg 1200w, https:\/\/franciscanos.org.br\/noticias\/wp-content\/uploads\/2019\/03\/angelus_030319_3.jpeg 1500w\" sizes=\"(max-width: 450px) 100vw, 450px\" \/><\/p>\n<p><strong>Jesus, modelo de mestre e guia a ser seguido<\/strong><br \/>\nSegundo Francisco, Jesus usa uma express\u00e3o sapiencial para indicar-se como modelo de mestre e guia a ser seguido: \u201cUm disc\u00edpulo n\u00e3o \u00e9 mais que o mestre, mas aquele bem preparado ser\u00e1 como o seu mestre.&#8221;<\/p>\n<p>\u201c\u00c9 um convite a seguir o seu exemplo e seu ensinamento para ser guias seguras e s\u00e1bias. Este ensinamento est\u00e1 especialmente contido no discurso da montanha, que h\u00e1 tr\u00eas domingos a liturgia nos prop\u00f5e no Evangelho, indicando a atitude de mansid\u00e3o e miseric\u00f3rdia para ser pessoas sinceras, humildes e justas.&#8221;<\/p>\n<p>\u201cNa passagem de hoje, encontramos outra frase significativa que exorta a n\u00e3o sermos presun\u00e7osos e hip\u00f3critas.&#8221; Diz assim: &#8220;Por que voc\u00ea olha o cisco no olho do seu irm\u00e3o, e n\u00e3o presta aten\u00e7\u00e3o na trave que h\u00e1 no seu pr\u00f3prio olho?\u201d<\/p>\n<p>\u201cMuitas vezes, todos n\u00f3s sabemos, \u00e9 mais f\u00e1cil ou conveniente ver e condenar os defeitos e os pecados dos outros, sem conseguir ver os pr\u00f3prios com a mesma lucidez. N\u00f3s sempre escondemos os nossos defeitos, os escondemos at\u00e9 de n\u00f3s mesmos. Ao inv\u00e9s, \u00e9 f\u00e1cil ver os defeitos dos outros. A tenta\u00e7\u00e3o \u00e9 a de ser indulgentes consigo mesmo, clementes consigo mesmo, duros e condenar os outros.\u201d<\/p>\n<p><strong><img loading=\"lazy\" class=\"size-medium wp-image-200982 alignright\" src=\"https:\/\/franciscanos.org.br\/noticias\/wp-content\/uploads\/2019\/03\/angelus_030319_2-450x253.jpeg\" alt=\"\" width=\"450\" height=\"253\" srcset=\"https:\/\/franciscanos.org.br\/noticias\/wp-content\/uploads\/2019\/03\/angelus_030319_2-450x253.jpeg 450w, https:\/\/franciscanos.org.br\/noticias\/wp-content\/uploads\/2019\/03\/angelus_030319_2-768x432.jpeg 768w, https:\/\/franciscanos.org.br\/noticias\/wp-content\/uploads\/2019\/03\/angelus_030319_2-150x84.jpeg 150w, https:\/\/franciscanos.org.br\/noticias\/wp-content\/uploads\/2019\/03\/angelus_030319_2.jpeg 1000w\" sizes=\"(max-width: 450px) 100vw, 450px\" \/>Ajudar o pr\u00f3ximo com conselhos s\u00e1bios<\/strong><br \/>\nO Pont\u00edfice disse que \u201c\u00e9 sempre \u00fatil ajudar o pr\u00f3ximo com conselhos s\u00e1bios, mas enquanto observamos e corrigimos os defeitos do nosso pr\u00f3ximo, tamb\u00e9m devemos estar cientes de que temos defeitos\u201d. \u201cSe eu penso que n\u00e3o tenho defeitos, n\u00e3o posso condenar ou corrigir os outros. Todos n\u00f3s temos defeitos: todos&#8221;, observou o Papa.<\/p>\n<p>\u201cDevemos estar conscientes disso e antes de condenar os outros, devemos olhar para dentro de n\u00f3s mesmos. Podemos assim agir de modo cr\u00edvel, com humildade, testemunhando a caridade.&#8221;<\/p>\n<p>\u201cComo podemos entender se o nosso olho \u00e9 livre ou se est\u00e1 impedido por uma trave?\u201d, perguntou o Papa. Jesus nos responde: &#8216;N\u00e3o existe \u00e1rvore boa que d\u00ea frutos ruins, nem \u00e1rvore ruim que d\u00ea frutos bons; porque toda \u00e1rvore \u00e9 conhecida pelos seus frutos&#8217;.<\/p>\n<p><strong>Das palavras se conhece a qualidade da \u00e1rvore<\/strong><br \/>\n\u201cO fruto s\u00e3o as a\u00e7\u00f5es, mas tamb\u00e9m as palavras. Das palavras se conhece a qualidade da \u00e1rvore. De fato, quem \u00e9 bom, do seu cora\u00e7\u00e3o e sua boca saem o bem e quem \u00e9 mau p\u00f5e para fora o mal, praticando o exerc\u00edcio mais delet\u00e9rio entre n\u00f3s que \u00e9 a murmura\u00e7\u00e3o, a fofoca, falar mal dos outros.\u201d<\/p>\n<p><img loading=\"lazy\" class=\"alignnone wp-image-200980 size-full\" src=\"https:\/\/franciscanos.org.br\/noticias\/wp-content\/uploads\/2019\/03\/angelus_030319.jpg\" alt=\"\" width=\"890\" height=\"450\" srcset=\"https:\/\/franciscanos.org.br\/noticias\/wp-content\/uploads\/2019\/03\/angelus_030319.jpg 890w, https:\/\/franciscanos.org.br\/noticias\/wp-content\/uploads\/2019\/03\/angelus_030319-450x228.jpg 450w, https:\/\/franciscanos.org.br\/noticias\/wp-content\/uploads\/2019\/03\/angelus_030319-768x388.jpg 768w, https:\/\/franciscanos.org.br\/noticias\/wp-content\/uploads\/2019\/03\/angelus_030319-150x76.jpg 150w\" sizes=\"(max-width: 890px) 100vw, 890px\" \/>&#8220;Isso destr\u00f3i, destr\u00f3i a fam\u00edlia, destr\u00f3i a escola, destr\u00f3i o local de trabalho, destr\u00f3i o bairro. As guerras come\u00e7am da l\u00edngua. Pensemos um pouco nesse ensinamento de Jesus\u201d, exortou o Papa, \u201ce nos fa\u00e7amos a pergunta: falo mal dos outros? Procuro sempre sujar os outros? \u00c9 mais f\u00e1cil para mim ver os defeitos dos outros do que os meus? E procuremos nos corrigir pelo menos um pouco: isso nos far\u00e1 bem a todos\u201d.<\/p>\n<p>Francisco pediu o apoio e a intercess\u00e3o de Maria para que possamos seguir o Senhor nesse caminho. Ap\u00f3s a ora\u00e7\u00e3o mariana do Angelus, o Papa saudou os fi\u00e9is presentes na Pra\u00e7a S\u00e3o Pedro provenientes de v\u00e1rios pa\u00edses. Agradeceu a todos pela presen\u00e7a e os encorajou \u201ca caminhar com alegria e generosidade, testemunhando em todos os lugares a bondade e a miseric\u00f3rdia do Senhor\u201d.<\/p>\n","protected":false},"excerpt":{"rendered":"<p>&nbsp; Cidade do Vaticano &#8211; O Papa Francisco rezou a ora\u00e7\u00e3o mariana do Angelus, neste domingo (03\/03) de temperatura agrad\u00e1vel, na Pra\u00e7a S\u00e3o Pedro, com os fi\u00e9is e peregrinos de v\u00e1rias partes do mundo. Na alocu\u00e7\u00e3o que precedeu a ora\u00e7\u00e3o, o Pont\u00edfice explicou a passagem do Evangelho deste domingo que apresenta par\u00e1bolas breves, \u201ccom as [&hellip;]<\/p>\n","protected":false},"author":5,"featured_media":200985,"comment_status":"open","ping_status":"open","sticky":false,"template":"","format":"standard","meta":[],"categories":[1428],"tags":[403,55],"acf":[],"yoast_head":"<!-- This site is optimized with the Yoast SEO plugin v19.2 - https:\/\/yoast.com\/wordpress\/plugins\/seo\/ -->\n<title>Papa no Angelus: &quot;Antes de condenar os outros, olhar para dentro de si mesmo&quot; - Not\u00edcias - Franciscanos<\/title>\n<meta name=\"robots\" content=\"index, follow, max-snippet:-1, max-image-preview:large, max-video-preview:-1\" \/>\n<link rel=\"canonical\" href=\"https:\/\/franciscanos.org.br\/noticias\/papa-no-angelus-antes-de-condenar-os-outros-olhar-para-dentro-de-si-mesmo.html\" \/>\n<meta property=\"og:locale\" content=\"pt_BR\" \/>\n<meta property=\"og:type\" content=\"article\" \/>\n<meta property=\"og:title\" content=\"Papa no Angelus: &quot;Antes de condenar os outros, olhar para dentro de si mesmo&quot; - Not\u00edcias - Franciscanos\" \/>\n<meta property=\"og:description\" content=\"&nbsp; Cidade do Vaticano &#8211; O Papa Francisco rezou a ora\u00e7\u00e3o mariana do Angelus, neste domingo (03\/03) de temperatura agrad\u00e1vel, na Pra\u00e7a S\u00e3o Pedro, com os fi\u00e9is e peregrinos de v\u00e1rias partes do mundo. Na alocu\u00e7\u00e3o que precedeu a ora\u00e7\u00e3o, o Pont\u00edfice explicou a passagem do Evangelho deste domingo que apresenta par\u00e1bolas breves, \u201ccom as [&hellip;]\" \/>\n<meta property=\"og:url\" content=\"https:\/\/franciscanos.org.br\/noticias\/papa-no-angelus-antes-de-condenar-os-outros-olhar-para-dentro-de-si-mesmo.html\" \/>\n<meta property=\"og:site_name\" content=\"Not\u00edcias - Franciscanos\" \/>\n<meta property=\"article:published_time\" content=\"2019-03-03T20:32:53+00:00\" \/>\n<meta property=\"article:modified_time\" content=\"2020-08-06T19:38:51+00:00\" \/>\n<meta property=\"og:image\" content=\"https:\/\/franciscanos.org.br\/noticias\/wp-content\/uploads\/2019\/03\/angelus_030319_4.jpg\" \/>\n\t<meta property=\"og:image:width\" content=\"273\" \/>\n\t<meta property=\"og:image:height\" content=\"181\" \/>\n\t<meta property=\"og:image:type\" content=\"image\/jpeg\" \/>\n<meta name=\"author\" content=\"freiaugusto\" \/>\n<meta name=\"twitter:card\" content=\"summary_large_image\" \/>\n<meta name=\"twitter:label1\" content=\"Escrito por\" \/>\n\t<meta name=\"twitter:data1\" content=\"freiaugusto\" \/>\n\t<meta name=\"twitter:label2\" content=\"Est. tempo de leitura\" \/>\n\t<meta name=\"twitter:data2\" content=\"4 minutos\" \/>\n<script type=\"application\/ld+json\" class=\"yoast-schema-graph\">{\"@context\":\"https:\/\/schema.org\",\"@graph\":[{\"@type\":\"WebSite\",\"@id\":\"https:\/\/franciscanos.org.br\/noticias\/#website\",\"url\":\"https:\/\/franciscanos.org.br\/noticias\/\",\"name\":\"Not\u00edcias - Franciscanos\",\"description\":\"Prov\u00edncia Franciscana da Imaculada Concei\u00e7\u00e3o do Brasil - Ordem dos Frades Menores - OFM\",\"potentialAction\":[{\"@type\":\"SearchAction\",\"target\":{\"@type\":\"EntryPoint\",\"urlTemplate\":\"https:\/\/franciscanos.org.br\/noticias\/?s={search_term_string}\"},\"query-input\":\"required name=search_term_string\"}],\"inLanguage\":\"pt-BR\"},{\"@type\":\"ImageObject\",\"inLanguage\":\"pt-BR\",\"@id\":\"https:\/\/franciscanos.org.br\/noticias\/papa-no-angelus-antes-de-condenar-os-outros-olhar-para-dentro-de-si-mesmo.html#primaryimage\",\"url\":\"https:\/\/franciscanos.org.br\/noticias\/wp-content\/uploads\/2019\/03\/angelus_030319_4.jpg\",\"contentUrl\":\"https:\/\/franciscanos.org.br\/noticias\/wp-content\/uploads\/2019\/03\/angelus_030319_4.jpg\",\"width\":273,\"height\":181},{\"@type\":\"WebPage\",\"@id\":\"https:\/\/franciscanos.org.br\/noticias\/papa-no-angelus-antes-de-condenar-os-outros-olhar-para-dentro-de-si-mesmo.html#webpage\",\"url\":\"https:\/\/franciscanos.org.br\/noticias\/papa-no-angelus-antes-de-condenar-os-outros-olhar-para-dentro-de-si-mesmo.html\",\"name\":\"Papa no Angelus: \\\"Antes de condenar os outros, olhar para dentro de si mesmo\\\" - Not\u00edcias - Franciscanos\",\"isPartOf\":{\"@id\":\"https:\/\/franciscanos.org.br\/noticias\/#website\"},\"primaryImageOfPage\":{\"@id\":\"https:\/\/franciscanos.org.br\/noticias\/papa-no-angelus-antes-de-condenar-os-outros-olhar-para-dentro-de-si-mesmo.html#primaryimage\"},\"datePublished\":\"2019-03-03T20:32:53+00:00\",\"dateModified\":\"2020-08-06T19:38:51+00:00\",\"author\":{\"@id\":\"https:\/\/franciscanos.org.br\/noticias\/#\/schema\/person\/37f88f0d111cd5358b12a6556a99eb91\"},\"breadcrumb\":{\"@id\":\"https:\/\/franciscanos.org.br\/noticias\/papa-no-angelus-antes-de-condenar-os-outros-olhar-para-dentro-de-si-mesmo.html#breadcrumb\"},\"inLanguage\":\"pt-BR\",\"potentialAction\":[{\"@type\":\"ReadAction\",\"target\":[\"https:\/\/franciscanos.org.br\/noticias\/papa-no-angelus-antes-de-condenar-os-outros-olhar-para-dentro-de-si-mesmo.html\"]}]},{\"@type\":\"BreadcrumbList\",\"@id\":\"https:\/\/franciscanos.org.br\/noticias\/papa-no-angelus-antes-de-condenar-os-outros-olhar-para-dentro-de-si-mesmo.html#breadcrumb\",\"itemListElement\":[{\"@type\":\"ListItem\",\"position\":1,\"name\":\"Home\",\"item\":\"https:\/\/franciscanos.org.br\/noticias\"},{\"@type\":\"ListItem\",\"position\":2,\"name\":\"Papa no Angelus: &#8220;Antes de condenar os outros, olhar para dentro de si mesmo&#8221;\"}]},{\"@type\":\"Person\",\"@id\":\"https:\/\/franciscanos.org.br\/noticias\/#\/schema\/person\/37f88f0d111cd5358b12a6556a99eb91\",\"name\":\"freiaugusto\",\"image\":{\"@type\":\"ImageObject\",\"inLanguage\":\"pt-BR\",\"@id\":\"https:\/\/franciscanos.org.br\/noticias\/#\/schema\/person\/image\/\",\"url\":\"https:\/\/secure.gravatar.com\/avatar\/9840b940e621801b24f3e6b059efb4b7?s=96&d=mm&r=g\",\"contentUrl\":\"https:\/\/secure.gravatar.com\/avatar\/9840b940e621801b24f3e6b059efb4b7?s=96&d=mm&r=g\",\"caption\":\"freiaugusto\"},\"url\":\"https:\/\/franciscanos.org.br\/noticias\/author\/freiaugusto\"}]}<\/script>\n<!-- \/ Yoast SEO plugin. -->","yoast_head_json":{"title":"Papa no Angelus: \"Antes de condenar os outros, olhar para dentro de si mesmo\" - Not\u00edcias - Franciscanos","robots":{"index":"index","follow":"follow","max-snippet":"max-snippet:-1","max-image-preview":"max-image-preview:large","max-video-preview":"max-video-preview:-1"},"canonical":"https:\/\/franciscanos.org.br\/noticias\/papa-no-angelus-antes-de-condenar-os-outros-olhar-para-dentro-de-si-mesmo.html","og_locale":"pt_BR","og_type":"article","og_title":"Papa no Angelus: \"Antes de condenar os outros, olhar para dentro de si mesmo\" - Not\u00edcias - Franciscanos","og_description":"&nbsp; Cidade do Vaticano &#8211; O Papa Francisco rezou a ora\u00e7\u00e3o mariana do Angelus, neste domingo (03\/03) de temperatura agrad\u00e1vel, na Pra\u00e7a S\u00e3o Pedro, com os fi\u00e9is e peregrinos de v\u00e1rias partes do mundo. Na alocu\u00e7\u00e3o que precedeu a ora\u00e7\u00e3o, o Pont\u00edfice explicou a passagem do Evangelho deste domingo que apresenta par\u00e1bolas breves, \u201ccom as [&hellip;]","og_url":"https:\/\/franciscanos.org.br\/noticias\/papa-no-angelus-antes-de-condenar-os-outros-olhar-para-dentro-de-si-mesmo.html","og_site_name":"Not\u00edcias - Franciscanos","article_published_time":"2019-03-03T20:32:53+00:00","article_modified_time":"2020-08-06T19:38:51+00:00","og_image":[{"width":273,"height":181,"url":"https:\/\/franciscanos.org.br\/noticias\/wp-content\/uploads\/2019\/03\/angelus_030319_4.jpg","type":"image\/jpeg"}],"author":"freiaugusto","twitter_card":"summary_large_image","twitter_misc":{"Escrito por":"freiaugusto","Est. tempo de leitura":"4 minutos"},"schema":{"@context":"https:\/\/schema.org","@graph":[{"@type":"WebSite","@id":"https:\/\/franciscanos.org.br\/noticias\/#website","url":"https:\/\/franciscanos.org.br\/noticias\/","name":"Not\u00edcias - Franciscanos","description":"Prov\u00edncia Franciscana da Imaculada Concei\u00e7\u00e3o do Brasil - Ordem dos Frades Menores - OFM","potentialAction":[{"@type":"SearchAction","target":{"@type":"EntryPoint","urlTemplate":"https:\/\/franciscanos.org.br\/noticias\/?s={search_term_string}"},"query-input":"required name=search_term_string"}],"inLanguage":"pt-BR"},{"@type":"ImageObject","inLanguage":"pt-BR","@id":"https:\/\/franciscanos.org.br\/noticias\/papa-no-angelus-antes-de-condenar-os-outros-olhar-para-dentro-de-si-mesmo.html#primaryimage","url":"https:\/\/franciscanos.org.br\/noticias\/wp-content\/uploads\/2019\/03\/angelus_030319_4.jpg","contentUrl":"https:\/\/franciscanos.org.br\/noticias\/wp-content\/uploads\/2019\/03\/angelus_030319_4.jpg","width":273,"height":181},{"@type":"WebPage","@id":"https:\/\/franciscanos.org.br\/noticias\/papa-no-angelus-antes-de-condenar-os-outros-olhar-para-dentro-de-si-mesmo.html#webpage","url":"https:\/\/franciscanos.org.br\/noticias\/papa-no-angelus-antes-de-condenar-os-outros-olhar-para-dentro-de-si-mesmo.html","name":"Papa no Angelus: \"Antes de condenar os outros, olhar para dentro de si mesmo\" - Not\u00edcias - Franciscanos","isPartOf":{"@id":"https:\/\/franciscanos.org.br\/noticias\/#website"},"primaryImageOfPage":{"@id":"https:\/\/franciscanos.org.br\/noticias\/papa-no-angelus-antes-de-condenar-os-outros-olhar-para-dentro-de-si-mesmo.html#primaryimage"},"datePublished":"2019-03-03T20:32:53+00:00","dateModified":"2020-08-06T19:38:51+00:00","author":{"@id":"https:\/\/franciscanos.org.br\/noticias\/#\/schema\/person\/37f88f0d111cd5358b12a6556a99eb91"},"breadcrumb":{"@id":"https:\/\/franciscanos.org.br\/noticias\/papa-no-angelus-antes-de-condenar-os-outros-olhar-para-dentro-de-si-mesmo.html#breadcrumb"},"inLanguage":"pt-BR","potentialAction":[{"@type":"ReadAction","target":["https:\/\/franciscanos.org.br\/noticias\/papa-no-angelus-antes-de-condenar-os-outros-olhar-para-dentro-de-si-mesmo.html"]}]},{"@type":"BreadcrumbList","@id":"https:\/\/franciscanos.org.br\/noticias\/papa-no-angelus-antes-de-condenar-os-outros-olhar-para-dentro-de-si-mesmo.html#breadcrumb","itemListElement":[{"@type":"ListItem","position":1,"name":"Home","item":"https:\/\/franciscanos.org.br\/noticias"},{"@type":"ListItem","position":2,"name":"Papa no Angelus: &#8220;Antes de condenar os outros, olhar para dentro de si mesmo&#8221;"}]},{"@type":"Person","@id":"https:\/\/franciscanos.org.br\/noticias\/#\/schema\/person\/37f88f0d111cd5358b12a6556a99eb91","name":"freiaugusto","image":{"@type":"ImageObject","inLanguage":"pt-BR","@id":"https:\/\/franciscanos.org.br\/noticias\/#\/schema\/person\/image\/","url":"https:\/\/secure.gravatar.com\/avatar\/9840b940e621801b24f3e6b059efb4b7?s=96&d=mm&r=g","contentUrl":"https:\/\/secure.gravatar.com\/avatar\/9840b940e621801b24f3e6b059efb4b7?s=96&d=mm&r=g","caption":"freiaugusto"},"url":"https:\/\/franciscanos.org.br\/noticias\/author\/freiaugusto"}]}},"_links":{"self":[{"href":"https:\/\/franciscanos.org.br\/noticias\/wp-json\/wp\/v2\/posts\/200979"}],"collection":[{"href":"https:\/\/franciscanos.org.br\/noticias\/wp-json\/wp\/v2\/posts"}],"about":[{"href":"https:\/\/franciscanos.org.br\/noticias\/wp-json\/wp\/v2\/types\/post"}],"author":[{"embeddable":true,"href":"https:\/\/franciscanos.org.br\/noticias\/wp-json\/wp\/v2\/users\/5"}],"replies":[{"embeddable":true,"href":"https:\/\/franciscanos.org.br\/noticias\/wp-json\/wp\/v2\/comments?post=200979"}],"version-history":[{"count":1,"href":"https:\/\/franciscanos.org.br\/noticias\/wp-json\/wp\/v2\/posts\/200979\/revisions"}],"predecessor-version":[{"id":227604,"href":"https:\/\/franciscanos.org.br\/noticias\/wp-json\/wp\/v2\/posts\/200979\/revisions\/227604"}],"wp:featuredmedia":[{"embeddable":true,"href":"https:\/\/franciscanos.org.br\/noticias\/wp-json\/wp\/v2\/media\/200985"}],"wp:attachment":[{"href":"https:\/\/franciscanos.org.br\/noticias\/wp-json\/wp\/v2\/media?parent=200979"}],"wp:term":[{"taxonomy":"category","embeddable":true,"href":"https:\/\/franciscanos.org.br\/noticias\/wp-json\/wp\/v2\/categories?post=200979"},{"taxonomy":"post_tag","embeddable":true,"href":"https:\/\/franciscanos.org.br\/noticias\/wp-json\/wp\/v2\/tags?post=200979"}],"curies":[{"name":"wp","href":"https:\/\/api.w.org\/{rel}","templated":true}]}}