{"id":200965,"date":"2019-03-02T13:58:02","date_gmt":"2019-03-02T16:58:02","guid":{"rendered":"https:\/\/franciscanos.org.br\/noticias\/?p=200965"},"modified":"2019-09-12T09:51:41","modified_gmt":"2019-09-12T12:51:41","slug":"francisco-de-assis-um-sinal-da-superacao-de-barreiras-entre-povos-culturas-e-religioes","status":"publish","type":"post","link":"https:\/\/franciscanos.org.br\/noticias\/francisco-de-assis-um-sinal-da-superacao-de-barreiras-entre-povos-culturas-e-religioes.html","title":{"rendered":"S\u00e3o Francisco: sinal da supera\u00e7\u00e3o de barreiras entre povos, culturas e religi\u00f5es"},"content":{"rendered":"<p><img loading=\"lazy\" class=\"alignnone wp-image-200967 size-full\" src=\"https:\/\/franciscanos.org.br\/noticias\/wp-content\/uploads\/2019\/03\/jubileu_geral_020219.jpg\" alt=\"\" width=\"890\" height=\"400\" srcset=\"https:\/\/franciscanos.org.br\/noticias\/wp-content\/uploads\/2019\/03\/jubileu_geral_020219.jpg 890w, https:\/\/franciscanos.org.br\/noticias\/wp-content\/uploads\/2019\/03\/jubileu_geral_020219-450x202.jpg 450w, https:\/\/franciscanos.org.br\/noticias\/wp-content\/uploads\/2019\/03\/jubileu_geral_020219-768x345.jpg 768w, https:\/\/franciscanos.org.br\/noticias\/wp-content\/uploads\/2019\/03\/jubileu_geral_020219-150x67.jpg 150w\" sizes=\"(max-width: 890px) 100vw, 890px\" \/><\/p>\n<p>A cidade de Damieta no Egito, recebeu nesta sexta feira (02\/03), uma delega\u00e7\u00e3o de franciscanos e autoridades religiosas para comemorar os 800 anos do encontro entre de Francisco e o Sult\u00e3o. Encontro que inspirou uma tradi\u00e7\u00e3o de di\u00e1logo inter religioso, cujo valor para este momento atual se torna cada vez mais significativo. Indo al\u00e9m das linhas do ex\u00e9rcito dos cruzados, no cerco de Damieta, para ir ao encontro do sult\u00e3o Malek Al Kamil, Francisco de Assis tornou-se um sinal da supera\u00e7\u00e3o de barreiras entre povos, culturas e religi\u00f5es.<\/p>\n<p>Participaram do momento celebrativo as margens do Mar Mediterr\u00e2neo no ponto do encontro com o Rio Nilo: O Cardeal Leonardo Sandri, prefeito da Congrega\u00e7\u00e3o para as Igrejas Orientais, O Ministro Geral dos Frades Menores, Frei Michel Perry, Frei Francesco Patton, Cust\u00f3dio da Terra Santa, Frei Kamal Labib,Pronvincial da Prov\u00edncia Franciscana da Sagrada Fam\u00edlia no Egito, a governadora da cidade de Damieta, \u00a0o Imam Mohamad ABD Fattah, e os franciscanos das diversas par\u00f3quias em todo o Egito juntamente com muitos \u00a0fi\u00e9is.<\/p>\n<p>No discurso em Damietta o Cardeal Sandri afirmou que:\u00a0<i>\u00a0Francisco N\u00e3o teve medo de Maom\u00e9 e o Sult\u00e3o n\u00e3o teve medo do Evangelho.Recordou a recente viagem do Papa Francisco em Abu Dhabi, o encontro com o Grande Imam di Al Ahzar e a assinatura do documento \u201cFraternidade Humana\u201d.<\/i><\/p>\n<p>Neste s\u00e1bado, a Organiza\u00e7\u00e3o Mundial da Universidade de Azhar e dos franciscanos do Egito organizaram uma manh\u00e3 de encontro na faculdade do Cairo. Al\u00e9m de autoridades crist\u00e3s\u00a0 e autoridades mu\u00e7ulmanas,foram distribu\u00eddos \u00a0600 convites. Mas o grande audit\u00f3rio ficou pequeno para o grand\u00edssimo n\u00famero de participantes, pelo menos mais 200 cadeiras foram colocadas.<\/p>\n<p>Frei Francesco Patton, cust\u00f3dio da Terra Santa, iniciou o discurso\u00a0 agradecendo ao grande Imam di di Al-Azhar Ahmad Al- Tayye pelo documento assinado com o Papa Francisco:\u00a0<i>Sentimos o dever de agradecer este testemunho de di\u00e1logo de fraternidade e de paz, fundada na f\u00e9 do \u00fanico\u00a0Deus e misericordioso, que esta na origem na exist\u00eancia\u00a0de todos os seres humanos.<\/i><\/p>\n<p><img loading=\"lazy\" class=\"alignnone wp-image-200968 size-full\" src=\"https:\/\/franciscanos.org.br\/noticias\/wp-content\/uploads\/2019\/03\/jubileu_geral_020219_1.jpg\" alt=\"\" width=\"890\" height=\"400\" srcset=\"https:\/\/franciscanos.org.br\/noticias\/wp-content\/uploads\/2019\/03\/jubileu_geral_020219_1.jpg 890w, https:\/\/franciscanos.org.br\/noticias\/wp-content\/uploads\/2019\/03\/jubileu_geral_020219_1-450x202.jpg 450w, https:\/\/franciscanos.org.br\/noticias\/wp-content\/uploads\/2019\/03\/jubileu_geral_020219_1-768x345.jpg 768w, https:\/\/franciscanos.org.br\/noticias\/wp-content\/uploads\/2019\/03\/jubileu_geral_020219_1-150x67.jpg 150w\" sizes=\"(max-width: 890px) 100vw, 890px\" \/><\/p>\n<h2><strong>800 anos do encontro de S\u00e3o Francisco com sult\u00e3o<\/strong><\/h2>\n<p>O cust\u00f3dio da Terra Santa e guardi\u00e3o do Monte Si\u00e3o, Pe. Frei Francesco Patton, est\u00e1 no Egito para participar das celebra\u00e7\u00f5es comemorativas dos 800 anos do encontro de S\u00e3o Francisco de Assis com o sult\u00e3o do pa\u00eds do Oriente M\u00e9dio Al-Malik Al-Kamel.<\/p>\n<p>A visita ao Egito se d\u00e1 \u00e0 dist\u00e2ncia de menos de um m\u00eas da visita do Papa Francisco a Abu Dhabi, nos Emirados \u00c1rabes Unidos, durante a qual o Pont\u00edfice e Al-Tayyib assinaram uma declara\u00e7\u00e3o comum em que se afirma \u201cadotar a cultura do di\u00e1logo como caminho; a colabora\u00e7\u00e3o comum como conduta; o conhecimento rec\u00edproco como m\u00e9todo e crit\u00e9rio\u201d.<\/p>\n<p>\u201cO documento assinado \u00e9 uma espl\u00eandida atualiza\u00e7\u00e3o do encontro de oito s\u00e9culos atr\u00e1s\u201d, disse \u00e0 ag\u00eancia\u00a0<i>Sir<\/i>\u00a0o cust\u00f3dio da Terra Santa, que recorda que \u201cj\u00e1 dois anos atr\u00e1s, a visita apost\u00f3lica do Papa Francisco ao Egito, com os encontros com o presidente Al-Sisi e o Gr\u00e3o Imame de Al Azhar Al Tayyib, foi vista como atualiza\u00e7\u00e3o do encontro entre S\u00e3o Francisco e o sult\u00e3o\u201d do Egito em Damieta em 1219.<\/p>\n<p><b>Solidariedade ao Patriarca Tawadros e reconhecimento ao Imame Al-Tayyib<\/b><\/p>\n<p>\u201cDurante minha viagem ao Egito terei a oportunidade de expressar solidariedade ao Patriarca ortodoxo Tawadros por tudo aquilo que os crist\u00e3os coptas sofreram e est\u00e3o sofrendo no Egito e reconhecimento ao Gr\u00e3o Imame Al-Tayyib por este gesto corajoso que foi a declara\u00e7\u00e3o assinada com o Papa Francisco\u201d, acrescentou Frei Patton.<\/p>\n<p>\u201cO encontro de Abu Dhabi foi um evento de forte impacto simb\u00f3lico. Os conte\u00fados da declara\u00e7\u00e3o s\u00e3o realmente hist\u00f3ricos, cont\u00eam a rejei\u00e7\u00e3o taxativa e conjunta a todo e qualquer uso da viol\u00eancia em nome de Deus. Nenhuma forma de terrorismo pode ter uma justifica\u00e7\u00e3o de tipo religioso\u201d, ressaltou o franciscano.<\/p>\n<p>\u201c\u00c9 uma resposta tamb\u00e9m a quem considera que o Isl\u00e3 \u00e9 intrinsecamente violento. Abu Dhabi nos ensina que se pode ter outra abordagem\u201d, concluiu o cust\u00f3dio da Terra Santa e guardi\u00e3o do Monte Si\u00e3o.<\/p>\n<p><strong>FONTE: <a href=\"https:\/\/www.vaticannews.va\/pt.html\">R\u00e1dio Vaticano<\/a><\/strong><\/p>\n","protected":false},"excerpt":{"rendered":"<p>A cidade de Damieta no Egito, recebeu nesta sexta feira (02\/03), uma delega\u00e7\u00e3o de franciscanos e autoridades religiosas para comemorar os 800 anos do encontro entre de Francisco e o Sult\u00e3o. Encontro que inspirou uma tradi\u00e7\u00e3o de di\u00e1logo inter religioso, cujo valor para este momento atual se torna cada vez mais significativo. Indo al\u00e9m das [&hellip;]<\/p>\n","protected":false},"author":5,"featured_media":200969,"comment_status":"open","ping_status":"open","sticky":false,"template":"","format":"standard","meta":[],"categories":[1],"tags":[1231],"acf":[],"yoast_head":"<!-- This site is optimized with the Yoast SEO plugin v19.2 - https:\/\/yoast.com\/wordpress\/plugins\/seo\/ -->\n<title>S\u00e3o Francisco: sinal da supera\u00e7\u00e3o de barreiras entre povos, culturas e religi\u00f5es - Not\u00edcias - Franciscanos<\/title>\n<meta name=\"robots\" content=\"index, follow, max-snippet:-1, max-image-preview:large, max-video-preview:-1\" \/>\n<link rel=\"canonical\" href=\"https:\/\/franciscanos.org.br\/noticias\/francisco-de-assis-um-sinal-da-superacao-de-barreiras-entre-povos-culturas-e-religioes.html\" \/>\n<meta property=\"og:locale\" content=\"pt_BR\" \/>\n<meta property=\"og:type\" content=\"article\" \/>\n<meta property=\"og:title\" content=\"S\u00e3o Francisco: sinal da supera\u00e7\u00e3o de barreiras entre povos, culturas e religi\u00f5es - Not\u00edcias - Franciscanos\" \/>\n<meta property=\"og:description\" content=\"A cidade de Damieta no Egito, recebeu nesta sexta feira (02\/03), uma delega\u00e7\u00e3o de franciscanos e autoridades religiosas para comemorar os 800 anos do encontro entre de Francisco e o Sult\u00e3o. Encontro que inspirou uma tradi\u00e7\u00e3o de di\u00e1logo inter religioso, cujo valor para este momento atual se torna cada vez mais significativo. Indo al\u00e9m das [&hellip;]\" \/>\n<meta property=\"og:url\" content=\"https:\/\/franciscanos.org.br\/noticias\/francisco-de-assis-um-sinal-da-superacao-de-barreiras-entre-povos-culturas-e-religioes.html\" \/>\n<meta property=\"og:site_name\" content=\"Not\u00edcias - Franciscanos\" \/>\n<meta property=\"article:published_time\" content=\"2019-03-02T16:58:02+00:00\" \/>\n<meta property=\"article:modified_time\" content=\"2019-09-12T12:51:41+00:00\" \/>\n<meta property=\"og:image\" content=\"https:\/\/franciscanos.org.br\/noticias\/wp-content\/uploads\/2019\/03\/jubileu_geral_020219_2.jpg\" \/>\n\t<meta property=\"og:image:width\" content=\"273\" \/>\n\t<meta property=\"og:image:height\" content=\"181\" \/>\n\t<meta property=\"og:image:type\" content=\"image\/jpeg\" \/>\n<meta name=\"author\" content=\"freiaugusto\" \/>\n<meta name=\"twitter:card\" content=\"summary_large_image\" \/>\n<meta name=\"twitter:label1\" content=\"Escrito por\" \/>\n\t<meta name=\"twitter:data1\" content=\"freiaugusto\" \/>\n\t<meta name=\"twitter:label2\" content=\"Est. tempo de leitura\" \/>\n\t<meta name=\"twitter:data2\" content=\"4 minutos\" \/>\n<script type=\"application\/ld+json\" class=\"yoast-schema-graph\">{\"@context\":\"https:\/\/schema.org\",\"@graph\":[{\"@type\":\"WebSite\",\"@id\":\"https:\/\/franciscanos.org.br\/noticias\/#website\",\"url\":\"https:\/\/franciscanos.org.br\/noticias\/\",\"name\":\"Not\u00edcias - Franciscanos\",\"description\":\"Prov\u00edncia Franciscana da Imaculada Concei\u00e7\u00e3o do Brasil - Ordem dos Frades Menores - OFM\",\"potentialAction\":[{\"@type\":\"SearchAction\",\"target\":{\"@type\":\"EntryPoint\",\"urlTemplate\":\"https:\/\/franciscanos.org.br\/noticias\/?s={search_term_string}\"},\"query-input\":\"required name=search_term_string\"}],\"inLanguage\":\"pt-BR\"},{\"@type\":\"ImageObject\",\"inLanguage\":\"pt-BR\",\"@id\":\"https:\/\/franciscanos.org.br\/noticias\/francisco-de-assis-um-sinal-da-superacao-de-barreiras-entre-povos-culturas-e-religioes.html#primaryimage\",\"url\":\"https:\/\/franciscanos.org.br\/noticias\/wp-content\/uploads\/2019\/03\/jubileu_geral_020219_2.jpg\",\"contentUrl\":\"https:\/\/franciscanos.org.br\/noticias\/wp-content\/uploads\/2019\/03\/jubileu_geral_020219_2.jpg\",\"width\":273,\"height\":181},{\"@type\":\"WebPage\",\"@id\":\"https:\/\/franciscanos.org.br\/noticias\/francisco-de-assis-um-sinal-da-superacao-de-barreiras-entre-povos-culturas-e-religioes.html#webpage\",\"url\":\"https:\/\/franciscanos.org.br\/noticias\/francisco-de-assis-um-sinal-da-superacao-de-barreiras-entre-povos-culturas-e-religioes.html\",\"name\":\"S\u00e3o Francisco: sinal da supera\u00e7\u00e3o de barreiras entre povos, culturas e religi\u00f5es - Not\u00edcias - Franciscanos\",\"isPartOf\":{\"@id\":\"https:\/\/franciscanos.org.br\/noticias\/#website\"},\"primaryImageOfPage\":{\"@id\":\"https:\/\/franciscanos.org.br\/noticias\/francisco-de-assis-um-sinal-da-superacao-de-barreiras-entre-povos-culturas-e-religioes.html#primaryimage\"},\"datePublished\":\"2019-03-02T16:58:02+00:00\",\"dateModified\":\"2019-09-12T12:51:41+00:00\",\"author\":{\"@id\":\"https:\/\/franciscanos.org.br\/noticias\/#\/schema\/person\/37f88f0d111cd5358b12a6556a99eb91\"},\"breadcrumb\":{\"@id\":\"https:\/\/franciscanos.org.br\/noticias\/francisco-de-assis-um-sinal-da-superacao-de-barreiras-entre-povos-culturas-e-religioes.html#breadcrumb\"},\"inLanguage\":\"pt-BR\",\"potentialAction\":[{\"@type\":\"ReadAction\",\"target\":[\"https:\/\/franciscanos.org.br\/noticias\/francisco-de-assis-um-sinal-da-superacao-de-barreiras-entre-povos-culturas-e-religioes.html\"]}]},{\"@type\":\"BreadcrumbList\",\"@id\":\"https:\/\/franciscanos.org.br\/noticias\/francisco-de-assis-um-sinal-da-superacao-de-barreiras-entre-povos-culturas-e-religioes.html#breadcrumb\",\"itemListElement\":[{\"@type\":\"ListItem\",\"position\":1,\"name\":\"Home\",\"item\":\"https:\/\/franciscanos.org.br\/noticias\"},{\"@type\":\"ListItem\",\"position\":2,\"name\":\"S\u00e3o Francisco: sinal da supera\u00e7\u00e3o de barreiras entre povos, culturas e religi\u00f5es\"}]},{\"@type\":\"Person\",\"@id\":\"https:\/\/franciscanos.org.br\/noticias\/#\/schema\/person\/37f88f0d111cd5358b12a6556a99eb91\",\"name\":\"freiaugusto\",\"image\":{\"@type\":\"ImageObject\",\"inLanguage\":\"pt-BR\",\"@id\":\"https:\/\/franciscanos.org.br\/noticias\/#\/schema\/person\/image\/\",\"url\":\"https:\/\/secure.gravatar.com\/avatar\/9840b940e621801b24f3e6b059efb4b7?s=96&d=mm&r=g\",\"contentUrl\":\"https:\/\/secure.gravatar.com\/avatar\/9840b940e621801b24f3e6b059efb4b7?s=96&d=mm&r=g\",\"caption\":\"freiaugusto\"},\"url\":\"https:\/\/franciscanos.org.br\/noticias\/author\/freiaugusto\"}]}<\/script>\n<!-- \/ Yoast SEO plugin. -->","yoast_head_json":{"title":"S\u00e3o Francisco: sinal da supera\u00e7\u00e3o de barreiras entre povos, culturas e religi\u00f5es - Not\u00edcias - Franciscanos","robots":{"index":"index","follow":"follow","max-snippet":"max-snippet:-1","max-image-preview":"max-image-preview:large","max-video-preview":"max-video-preview:-1"},"canonical":"https:\/\/franciscanos.org.br\/noticias\/francisco-de-assis-um-sinal-da-superacao-de-barreiras-entre-povos-culturas-e-religioes.html","og_locale":"pt_BR","og_type":"article","og_title":"S\u00e3o Francisco: sinal da supera\u00e7\u00e3o de barreiras entre povos, culturas e religi\u00f5es - Not\u00edcias - Franciscanos","og_description":"A cidade de Damieta no Egito, recebeu nesta sexta feira (02\/03), uma delega\u00e7\u00e3o de franciscanos e autoridades religiosas para comemorar os 800 anos do encontro entre de Francisco e o Sult\u00e3o. Encontro que inspirou uma tradi\u00e7\u00e3o de di\u00e1logo inter religioso, cujo valor para este momento atual se torna cada vez mais significativo. Indo al\u00e9m das [&hellip;]","og_url":"https:\/\/franciscanos.org.br\/noticias\/francisco-de-assis-um-sinal-da-superacao-de-barreiras-entre-povos-culturas-e-religioes.html","og_site_name":"Not\u00edcias - Franciscanos","article_published_time":"2019-03-02T16:58:02+00:00","article_modified_time":"2019-09-12T12:51:41+00:00","og_image":[{"width":273,"height":181,"url":"https:\/\/franciscanos.org.br\/noticias\/wp-content\/uploads\/2019\/03\/jubileu_geral_020219_2.jpg","type":"image\/jpeg"}],"author":"freiaugusto","twitter_card":"summary_large_image","twitter_misc":{"Escrito por":"freiaugusto","Est. tempo de leitura":"4 minutos"},"schema":{"@context":"https:\/\/schema.org","@graph":[{"@type":"WebSite","@id":"https:\/\/franciscanos.org.br\/noticias\/#website","url":"https:\/\/franciscanos.org.br\/noticias\/","name":"Not\u00edcias - Franciscanos","description":"Prov\u00edncia Franciscana da Imaculada Concei\u00e7\u00e3o do Brasil - Ordem dos Frades Menores - OFM","potentialAction":[{"@type":"SearchAction","target":{"@type":"EntryPoint","urlTemplate":"https:\/\/franciscanos.org.br\/noticias\/?s={search_term_string}"},"query-input":"required name=search_term_string"}],"inLanguage":"pt-BR"},{"@type":"ImageObject","inLanguage":"pt-BR","@id":"https:\/\/franciscanos.org.br\/noticias\/francisco-de-assis-um-sinal-da-superacao-de-barreiras-entre-povos-culturas-e-religioes.html#primaryimage","url":"https:\/\/franciscanos.org.br\/noticias\/wp-content\/uploads\/2019\/03\/jubileu_geral_020219_2.jpg","contentUrl":"https:\/\/franciscanos.org.br\/noticias\/wp-content\/uploads\/2019\/03\/jubileu_geral_020219_2.jpg","width":273,"height":181},{"@type":"WebPage","@id":"https:\/\/franciscanos.org.br\/noticias\/francisco-de-assis-um-sinal-da-superacao-de-barreiras-entre-povos-culturas-e-religioes.html#webpage","url":"https:\/\/franciscanos.org.br\/noticias\/francisco-de-assis-um-sinal-da-superacao-de-barreiras-entre-povos-culturas-e-religioes.html","name":"S\u00e3o Francisco: sinal da supera\u00e7\u00e3o de barreiras entre povos, culturas e religi\u00f5es - Not\u00edcias - Franciscanos","isPartOf":{"@id":"https:\/\/franciscanos.org.br\/noticias\/#website"},"primaryImageOfPage":{"@id":"https:\/\/franciscanos.org.br\/noticias\/francisco-de-assis-um-sinal-da-superacao-de-barreiras-entre-povos-culturas-e-religioes.html#primaryimage"},"datePublished":"2019-03-02T16:58:02+00:00","dateModified":"2019-09-12T12:51:41+00:00","author":{"@id":"https:\/\/franciscanos.org.br\/noticias\/#\/schema\/person\/37f88f0d111cd5358b12a6556a99eb91"},"breadcrumb":{"@id":"https:\/\/franciscanos.org.br\/noticias\/francisco-de-assis-um-sinal-da-superacao-de-barreiras-entre-povos-culturas-e-religioes.html#breadcrumb"},"inLanguage":"pt-BR","potentialAction":[{"@type":"ReadAction","target":["https:\/\/franciscanos.org.br\/noticias\/francisco-de-assis-um-sinal-da-superacao-de-barreiras-entre-povos-culturas-e-religioes.html"]}]},{"@type":"BreadcrumbList","@id":"https:\/\/franciscanos.org.br\/noticias\/francisco-de-assis-um-sinal-da-superacao-de-barreiras-entre-povos-culturas-e-religioes.html#breadcrumb","itemListElement":[{"@type":"ListItem","position":1,"name":"Home","item":"https:\/\/franciscanos.org.br\/noticias"},{"@type":"ListItem","position":2,"name":"S\u00e3o Francisco: sinal da supera\u00e7\u00e3o de barreiras entre povos, culturas e religi\u00f5es"}]},{"@type":"Person","@id":"https:\/\/franciscanos.org.br\/noticias\/#\/schema\/person\/37f88f0d111cd5358b12a6556a99eb91","name":"freiaugusto","image":{"@type":"ImageObject","inLanguage":"pt-BR","@id":"https:\/\/franciscanos.org.br\/noticias\/#\/schema\/person\/image\/","url":"https:\/\/secure.gravatar.com\/avatar\/9840b940e621801b24f3e6b059efb4b7?s=96&d=mm&r=g","contentUrl":"https:\/\/secure.gravatar.com\/avatar\/9840b940e621801b24f3e6b059efb4b7?s=96&d=mm&r=g","caption":"freiaugusto"},"url":"https:\/\/franciscanos.org.br\/noticias\/author\/freiaugusto"}]}},"_links":{"self":[{"href":"https:\/\/franciscanos.org.br\/noticias\/wp-json\/wp\/v2\/posts\/200965"}],"collection":[{"href":"https:\/\/franciscanos.org.br\/noticias\/wp-json\/wp\/v2\/posts"}],"about":[{"href":"https:\/\/franciscanos.org.br\/noticias\/wp-json\/wp\/v2\/types\/post"}],"author":[{"embeddable":true,"href":"https:\/\/franciscanos.org.br\/noticias\/wp-json\/wp\/v2\/users\/5"}],"replies":[{"embeddable":true,"href":"https:\/\/franciscanos.org.br\/noticias\/wp-json\/wp\/v2\/comments?post=200965"}],"version-history":[{"count":0,"href":"https:\/\/franciscanos.org.br\/noticias\/wp-json\/wp\/v2\/posts\/200965\/revisions"}],"wp:featuredmedia":[{"embeddable":true,"href":"https:\/\/franciscanos.org.br\/noticias\/wp-json\/wp\/v2\/media\/200969"}],"wp:attachment":[{"href":"https:\/\/franciscanos.org.br\/noticias\/wp-json\/wp\/v2\/media?parent=200965"}],"wp:term":[{"taxonomy":"category","embeddable":true,"href":"https:\/\/franciscanos.org.br\/noticias\/wp-json\/wp\/v2\/categories?post=200965"},{"taxonomy":"post_tag","embeddable":true,"href":"https:\/\/franciscanos.org.br\/noticias\/wp-json\/wp\/v2\/tags?post=200965"}],"curies":[{"name":"wp","href":"https:\/\/api.w.org\/{rel}","templated":true}]}}