{"id":200879,"date":"2019-03-01T09:12:12","date_gmt":"2019-03-01T12:12:12","guid":{"rendered":"https:\/\/franciscanos.org.br\/noticias\/?p=200879"},"modified":"2020-09-08T13:11:31","modified_gmt":"2020-09-08T16:11:31","slug":"papa-escreve-sobre-o-encontro-de-francisco-com-o-sultao","status":"publish","type":"post","link":"https:\/\/franciscanos.org.br\/noticias\/papa-escreve-sobre-o-encontro-de-francisco-com-o-sultao.html","title":{"rendered":"Papa escreve sobre o encontro de Francisco com o Sult\u00e3o"},"content":{"rendered":"<p><img loading=\"lazy\" class=\"aligncenter size-full wp-image-200880\" src=\"https:\/\/franciscanos.org.br\/noticias\/wp-content\/uploads\/2019\/03\/francisco_sultao_010319.jpg\" alt=\"\" width=\"890\" height=\"414\" srcset=\"https:\/\/franciscanos.org.br\/noticias\/wp-content\/uploads\/2019\/03\/francisco_sultao_010319.jpg 890w, https:\/\/franciscanos.org.br\/noticias\/wp-content\/uploads\/2019\/03\/francisco_sultao_010319-450x209.jpg 450w, https:\/\/franciscanos.org.br\/noticias\/wp-content\/uploads\/2019\/03\/francisco_sultao_010319-768x357.jpg 768w, https:\/\/franciscanos.org.br\/noticias\/wp-content\/uploads\/2019\/03\/francisco_sultao_010319-150x70.jpg 150w\" sizes=\"(max-width: 890px) 100vw, 890px\" \/><\/p>\n<p><strong>Cidade do Vaticano &#8211;<\/strong> Na quinta-feira (28\/02) foi publicada uma Carta (em latim) do Papa Francisco ao cardeal Leonardo Sandri, prefeito da Congrega\u00e7\u00e3o para as Igrejas Orientais, seu enviado especial \u00e0s celebra\u00e7\u00f5es dos 800 anos do encontro entre S\u00e3o Francisco de Assis e o Sult\u00e3o Al-Malik Al-Kamel, que ser\u00e3o realizadas no Egito de 1\u00ba a 3 de mar\u00e7o.<\/p>\n<p>O Papa recorda o Pobrezinho de Assis como um \u201chomem de paz\u201d que encorajava os seus frades a saudar as pessoas como Jesus pedia: \u201cO Senhor te conceda a paz\u201d. S\u00e3o Francisco \u2013 escreve o Papa \u2013 \u201ctinha entendido com o cora\u00e7\u00e3o que todas as coisas tinham sido criadas por um s\u00f3 Criador, o \u00fanico que \u00e9 bom, e que \u201cEle \u00e9 um Pai comum para todos os homens\u201d. Portanto \u201cdesejava levar a todos os homens, com esp\u00edrito jubiloso e fervoroso, a not\u00edcia\u201d do amor indiz\u00edvel de \u201cDeus Todo Poderoso e Misericordioso\u201d, que \u201cquer que todos os homens sejam salvos e cheguem ao conhecimento da verdade\u201d (1Tm 2,3-4). Por isso convidava o seus frades que se sentiam chamados por Deus a ir ao encontro dos sarracenos e dos n\u00e3o crist\u00e3os, apesar dos perigos.<\/p>\n<p><strong>S\u00e3o Francisco e o Sult\u00e3o<\/strong><br \/>\nO pr\u00f3prio Francisco \u2013 recorda o Papa \u2013 junto com seu coirm\u00e3o, Frei Iluminado, partiu para o Egito em 1219. Em Damieta, ao norte do Cairo, encontrou o Sult\u00e3o. Diante das perguntas do chefe sarraceno, \u201co servo de Deus Francisco, respondeu com o cora\u00e7\u00e3o intr\u00e9pido que n\u00e3o tinha sido enviado pelos homens, mas por Deus Alt\u00edssimo, para mostrar a ele e ao seu povo o caminho da salva\u00e7\u00e3o e anunciar o Evangelho da verdade\u201d. E o Sult\u00e3o, ao ver o admir\u00e1vel fervor de esp\u00edrito e a virtude do homem de Deus, o escutou de boa vontade\u201d (S\u00e3o Boaventura, Lenda Maior, 7-8).<\/p>\n<p><strong>\u201cUma na\u00e7\u00e3o n\u00e3o levantar\u00e1 a espada contra outra\u201d<\/strong><br \/>\nO Papa encoraja o cardeal Sandri a levar a sua \u201csauda\u00e7\u00e3o fraterna\u201d a todos, crist\u00e3os e mu\u00e7ulmanos. Almeja que ningu\u00e9m caia na tenta\u00e7\u00e3o da viol\u00eancia, principalmente \u201csob algum pretexto religioso\u201d, mas antes disso se realizem \u201cprojetos de di\u00e1logo, de reconcilia\u00e7\u00e3o e de coopera\u00e7\u00e3o\u201d que \u201clevem os homens \u00e0 comunh\u00e3o fraterna\u201d difundindo a paz e o bem segundo as palavras do profeta Isa\u00edas: \u201cUma na\u00e7\u00e3o n\u00e3o levantar\u00e1 a espada contra outra, e n\u00e3o se arrastar\u00e3o mais para a guerra&#8221;. O Papa conclui a carta aben\u00e7oando todos os participantes deste \u201cmemor\u00e1vel evento\u201d e \u201ctodos os promotores do di\u00e1logo inter-religioso e da paz\u201d.<\/p>\n","protected":false},"excerpt":{"rendered":"<p>Cidade do Vaticano &#8211; Na quinta-feira (28\/02) foi publicada uma Carta (em latim) do Papa Francisco ao cardeal Leonardo Sandri, prefeito da Congrega\u00e7\u00e3o para as Igrejas Orientais, seu enviado especial \u00e0s celebra\u00e7\u00f5es dos 800 anos do encontro entre S\u00e3o Francisco de Assis e o Sult\u00e3o Al-Malik Al-Kamel, que ser\u00e3o realizadas no Egito de 1\u00ba a [&hellip;]<\/p>\n","protected":false},"author":3,"featured_media":200974,"comment_status":"open","ping_status":"open","sticky":false,"template":"","format":"standard","meta":[],"categories":[1428],"tags":[1231],"acf":[],"yoast_head":"<!-- This site is optimized with the Yoast SEO plugin v19.2 - https:\/\/yoast.com\/wordpress\/plugins\/seo\/ -->\n<title>Papa escreve sobre o encontro de Francisco com o Sult\u00e3o - Not\u00edcias - Franciscanos<\/title>\n<meta name=\"robots\" content=\"index, follow, max-snippet:-1, max-image-preview:large, max-video-preview:-1\" \/>\n<link rel=\"canonical\" href=\"https:\/\/franciscanos.org.br\/noticias\/papa-escreve-sobre-o-encontro-de-francisco-com-o-sultao.html\" \/>\n<meta property=\"og:locale\" content=\"pt_BR\" \/>\n<meta property=\"og:type\" content=\"article\" \/>\n<meta property=\"og:title\" content=\"Papa escreve sobre o encontro de Francisco com o Sult\u00e3o - Not\u00edcias - Franciscanos\" \/>\n<meta property=\"og:description\" content=\"Cidade do Vaticano &#8211; Na quinta-feira (28\/02) foi publicada uma Carta (em latim) do Papa Francisco ao cardeal Leonardo Sandri, prefeito da Congrega\u00e7\u00e3o para as Igrejas Orientais, seu enviado especial \u00e0s celebra\u00e7\u00f5es dos 800 anos do encontro entre S\u00e3o Francisco de Assis e o Sult\u00e3o Al-Malik Al-Kamel, que ser\u00e3o realizadas no Egito de 1\u00ba a [&hellip;]\" \/>\n<meta property=\"og:url\" content=\"https:\/\/franciscanos.org.br\/noticias\/papa-escreve-sobre-o-encontro-de-francisco-com-o-sultao.html\" \/>\n<meta property=\"og:site_name\" content=\"Not\u00edcias - Franciscanos\" \/>\n<meta property=\"article:published_time\" content=\"2019-03-01T12:12:12+00:00\" \/>\n<meta property=\"article:modified_time\" content=\"2020-09-08T16:11:31+00:00\" \/>\n<meta property=\"og:image\" content=\"https:\/\/franciscanos.org.br\/noticias\/wp-content\/uploads\/2019\/03\/jubileu_2019.jpg\" \/>\n\t<meta property=\"og:image:width\" content=\"273\" \/>\n\t<meta property=\"og:image:height\" content=\"181\" \/>\n\t<meta property=\"og:image:type\" content=\"image\/jpeg\" \/>\n<meta name=\"author\" content=\"moacir\" \/>\n<meta name=\"twitter:card\" content=\"summary_large_image\" \/>\n<meta name=\"twitter:label1\" content=\"Escrito por\" \/>\n\t<meta name=\"twitter:data1\" content=\"moacir\" \/>\n\t<meta name=\"twitter:label2\" content=\"Est. tempo de leitura\" \/>\n\t<meta name=\"twitter:data2\" content=\"2 minutos\" \/>\n<script type=\"application\/ld+json\" class=\"yoast-schema-graph\">{\"@context\":\"https:\/\/schema.org\",\"@graph\":[{\"@type\":\"WebSite\",\"@id\":\"https:\/\/franciscanos.org.br\/noticias\/#website\",\"url\":\"https:\/\/franciscanos.org.br\/noticias\/\",\"name\":\"Not\u00edcias - Franciscanos\",\"description\":\"Prov\u00edncia Franciscana da Imaculada Concei\u00e7\u00e3o do Brasil - Ordem dos Frades Menores - OFM\",\"potentialAction\":[{\"@type\":\"SearchAction\",\"target\":{\"@type\":\"EntryPoint\",\"urlTemplate\":\"https:\/\/franciscanos.org.br\/noticias\/?s={search_term_string}\"},\"query-input\":\"required name=search_term_string\"}],\"inLanguage\":\"pt-BR\"},{\"@type\":\"ImageObject\",\"inLanguage\":\"pt-BR\",\"@id\":\"https:\/\/franciscanos.org.br\/noticias\/papa-escreve-sobre-o-encontro-de-francisco-com-o-sultao.html#primaryimage\",\"url\":\"https:\/\/franciscanos.org.br\/noticias\/wp-content\/uploads\/2019\/03\/jubileu_2019.jpg\",\"contentUrl\":\"https:\/\/franciscanos.org.br\/noticias\/wp-content\/uploads\/2019\/03\/jubileu_2019.jpg\",\"width\":273,\"height\":181},{\"@type\":\"WebPage\",\"@id\":\"https:\/\/franciscanos.org.br\/noticias\/papa-escreve-sobre-o-encontro-de-francisco-com-o-sultao.html#webpage\",\"url\":\"https:\/\/franciscanos.org.br\/noticias\/papa-escreve-sobre-o-encontro-de-francisco-com-o-sultao.html\",\"name\":\"Papa escreve sobre o encontro de Francisco com o Sult\u00e3o - Not\u00edcias - Franciscanos\",\"isPartOf\":{\"@id\":\"https:\/\/franciscanos.org.br\/noticias\/#website\"},\"primaryImageOfPage\":{\"@id\":\"https:\/\/franciscanos.org.br\/noticias\/papa-escreve-sobre-o-encontro-de-francisco-com-o-sultao.html#primaryimage\"},\"datePublished\":\"2019-03-01T12:12:12+00:00\",\"dateModified\":\"2020-09-08T16:11:31+00:00\",\"author\":{\"@id\":\"https:\/\/franciscanos.org.br\/noticias\/#\/schema\/person\/b5c8cba458c330ccff548b056e95a5d4\"},\"breadcrumb\":{\"@id\":\"https:\/\/franciscanos.org.br\/noticias\/papa-escreve-sobre-o-encontro-de-francisco-com-o-sultao.html#breadcrumb\"},\"inLanguage\":\"pt-BR\",\"potentialAction\":[{\"@type\":\"ReadAction\",\"target\":[\"https:\/\/franciscanos.org.br\/noticias\/papa-escreve-sobre-o-encontro-de-francisco-com-o-sultao.html\"]}]},{\"@type\":\"BreadcrumbList\",\"@id\":\"https:\/\/franciscanos.org.br\/noticias\/papa-escreve-sobre-o-encontro-de-francisco-com-o-sultao.html#breadcrumb\",\"itemListElement\":[{\"@type\":\"ListItem\",\"position\":1,\"name\":\"Home\",\"item\":\"https:\/\/franciscanos.org.br\/noticias\"},{\"@type\":\"ListItem\",\"position\":2,\"name\":\"Papa escreve sobre o encontro de Francisco com o Sult\u00e3o\"}]},{\"@type\":\"Person\",\"@id\":\"https:\/\/franciscanos.org.br\/noticias\/#\/schema\/person\/b5c8cba458c330ccff548b056e95a5d4\",\"name\":\"moacir\",\"image\":{\"@type\":\"ImageObject\",\"inLanguage\":\"pt-BR\",\"@id\":\"https:\/\/franciscanos.org.br\/noticias\/#\/schema\/person\/image\/\",\"url\":\"https:\/\/secure.gravatar.com\/avatar\/d08aa2ce4c8dd416d4479aa8536fcf64?s=96&d=mm&r=g\",\"contentUrl\":\"https:\/\/secure.gravatar.com\/avatar\/d08aa2ce4c8dd416d4479aa8536fcf64?s=96&d=mm&r=g\",\"caption\":\"moacir\"},\"url\":\"https:\/\/franciscanos.org.br\/noticias\/author\/moacir\"}]}<\/script>\n<!-- \/ Yoast SEO plugin. -->","yoast_head_json":{"title":"Papa escreve sobre o encontro de Francisco com o Sult\u00e3o - Not\u00edcias - Franciscanos","robots":{"index":"index","follow":"follow","max-snippet":"max-snippet:-1","max-image-preview":"max-image-preview:large","max-video-preview":"max-video-preview:-1"},"canonical":"https:\/\/franciscanos.org.br\/noticias\/papa-escreve-sobre-o-encontro-de-francisco-com-o-sultao.html","og_locale":"pt_BR","og_type":"article","og_title":"Papa escreve sobre o encontro de Francisco com o Sult\u00e3o - Not\u00edcias - Franciscanos","og_description":"Cidade do Vaticano &#8211; Na quinta-feira (28\/02) foi publicada uma Carta (em latim) do Papa Francisco ao cardeal Leonardo Sandri, prefeito da Congrega\u00e7\u00e3o para as Igrejas Orientais, seu enviado especial \u00e0s celebra\u00e7\u00f5es dos 800 anos do encontro entre S\u00e3o Francisco de Assis e o Sult\u00e3o Al-Malik Al-Kamel, que ser\u00e3o realizadas no Egito de 1\u00ba a [&hellip;]","og_url":"https:\/\/franciscanos.org.br\/noticias\/papa-escreve-sobre-o-encontro-de-francisco-com-o-sultao.html","og_site_name":"Not\u00edcias - Franciscanos","article_published_time":"2019-03-01T12:12:12+00:00","article_modified_time":"2020-09-08T16:11:31+00:00","og_image":[{"width":273,"height":181,"url":"https:\/\/franciscanos.org.br\/noticias\/wp-content\/uploads\/2019\/03\/jubileu_2019.jpg","type":"image\/jpeg"}],"author":"moacir","twitter_card":"summary_large_image","twitter_misc":{"Escrito por":"moacir","Est. tempo de leitura":"2 minutos"},"schema":{"@context":"https:\/\/schema.org","@graph":[{"@type":"WebSite","@id":"https:\/\/franciscanos.org.br\/noticias\/#website","url":"https:\/\/franciscanos.org.br\/noticias\/","name":"Not\u00edcias - Franciscanos","description":"Prov\u00edncia Franciscana da Imaculada Concei\u00e7\u00e3o do Brasil - Ordem dos Frades Menores - OFM","potentialAction":[{"@type":"SearchAction","target":{"@type":"EntryPoint","urlTemplate":"https:\/\/franciscanos.org.br\/noticias\/?s={search_term_string}"},"query-input":"required name=search_term_string"}],"inLanguage":"pt-BR"},{"@type":"ImageObject","inLanguage":"pt-BR","@id":"https:\/\/franciscanos.org.br\/noticias\/papa-escreve-sobre-o-encontro-de-francisco-com-o-sultao.html#primaryimage","url":"https:\/\/franciscanos.org.br\/noticias\/wp-content\/uploads\/2019\/03\/jubileu_2019.jpg","contentUrl":"https:\/\/franciscanos.org.br\/noticias\/wp-content\/uploads\/2019\/03\/jubileu_2019.jpg","width":273,"height":181},{"@type":"WebPage","@id":"https:\/\/franciscanos.org.br\/noticias\/papa-escreve-sobre-o-encontro-de-francisco-com-o-sultao.html#webpage","url":"https:\/\/franciscanos.org.br\/noticias\/papa-escreve-sobre-o-encontro-de-francisco-com-o-sultao.html","name":"Papa escreve sobre o encontro de Francisco com o Sult\u00e3o - Not\u00edcias - Franciscanos","isPartOf":{"@id":"https:\/\/franciscanos.org.br\/noticias\/#website"},"primaryImageOfPage":{"@id":"https:\/\/franciscanos.org.br\/noticias\/papa-escreve-sobre-o-encontro-de-francisco-com-o-sultao.html#primaryimage"},"datePublished":"2019-03-01T12:12:12+00:00","dateModified":"2020-09-08T16:11:31+00:00","author":{"@id":"https:\/\/franciscanos.org.br\/noticias\/#\/schema\/person\/b5c8cba458c330ccff548b056e95a5d4"},"breadcrumb":{"@id":"https:\/\/franciscanos.org.br\/noticias\/papa-escreve-sobre-o-encontro-de-francisco-com-o-sultao.html#breadcrumb"},"inLanguage":"pt-BR","potentialAction":[{"@type":"ReadAction","target":["https:\/\/franciscanos.org.br\/noticias\/papa-escreve-sobre-o-encontro-de-francisco-com-o-sultao.html"]}]},{"@type":"BreadcrumbList","@id":"https:\/\/franciscanos.org.br\/noticias\/papa-escreve-sobre-o-encontro-de-francisco-com-o-sultao.html#breadcrumb","itemListElement":[{"@type":"ListItem","position":1,"name":"Home","item":"https:\/\/franciscanos.org.br\/noticias"},{"@type":"ListItem","position":2,"name":"Papa escreve sobre o encontro de Francisco com o Sult\u00e3o"}]},{"@type":"Person","@id":"https:\/\/franciscanos.org.br\/noticias\/#\/schema\/person\/b5c8cba458c330ccff548b056e95a5d4","name":"moacir","image":{"@type":"ImageObject","inLanguage":"pt-BR","@id":"https:\/\/franciscanos.org.br\/noticias\/#\/schema\/person\/image\/","url":"https:\/\/secure.gravatar.com\/avatar\/d08aa2ce4c8dd416d4479aa8536fcf64?s=96&d=mm&r=g","contentUrl":"https:\/\/secure.gravatar.com\/avatar\/d08aa2ce4c8dd416d4479aa8536fcf64?s=96&d=mm&r=g","caption":"moacir"},"url":"https:\/\/franciscanos.org.br\/noticias\/author\/moacir"}]}},"_links":{"self":[{"href":"https:\/\/franciscanos.org.br\/noticias\/wp-json\/wp\/v2\/posts\/200879"}],"collection":[{"href":"https:\/\/franciscanos.org.br\/noticias\/wp-json\/wp\/v2\/posts"}],"about":[{"href":"https:\/\/franciscanos.org.br\/noticias\/wp-json\/wp\/v2\/types\/post"}],"author":[{"embeddable":true,"href":"https:\/\/franciscanos.org.br\/noticias\/wp-json\/wp\/v2\/users\/3"}],"replies":[{"embeddable":true,"href":"https:\/\/franciscanos.org.br\/noticias\/wp-json\/wp\/v2\/comments?post=200879"}],"version-history":[{"count":1,"href":"https:\/\/franciscanos.org.br\/noticias\/wp-json\/wp\/v2\/posts\/200879\/revisions"}],"predecessor-version":[{"id":228213,"href":"https:\/\/franciscanos.org.br\/noticias\/wp-json\/wp\/v2\/posts\/200879\/revisions\/228213"}],"wp:featuredmedia":[{"embeddable":true,"href":"https:\/\/franciscanos.org.br\/noticias\/wp-json\/wp\/v2\/media\/200974"}],"wp:attachment":[{"href":"https:\/\/franciscanos.org.br\/noticias\/wp-json\/wp\/v2\/media?parent=200879"}],"wp:term":[{"taxonomy":"category","embeddable":true,"href":"https:\/\/franciscanos.org.br\/noticias\/wp-json\/wp\/v2\/categories?post=200879"},{"taxonomy":"post_tag","embeddable":true,"href":"https:\/\/franciscanos.org.br\/noticias\/wp-json\/wp\/v2\/tags?post=200879"}],"curies":[{"name":"wp","href":"https:\/\/api.w.org\/{rel}","templated":true}]}}