{"id":200767,"date":"2019-02-27T08:13:15","date_gmt":"2019-02-27T11:13:15","guid":{"rendered":"https:\/\/franciscanos.org.br\/noticias\/?p=200767"},"modified":"2019-04-22T13:57:43","modified_gmt":"2019-04-22T16:57:43","slug":"o-eixo-das-politicas-publicas-justica-paz-e-alegria","status":"publish","type":"post","link":"https:\/\/franciscanos.org.br\/noticias\/o-eixo-das-politicas-publicas-justica-paz-e-alegria.html","title":{"rendered":"O eixo das Pol\u00edticas P\u00fablicas: \u00a0justi\u00e7a, paz e alegria"},"content":{"rendered":"<p><img loading=\"lazy\" class=\"alignnone size-full wp-image-200768\" src=\"https:\/\/franciscanos.org.br\/noticias\/wp-content\/uploads\/2019\/02\/orofino_280219.jpg\" alt=\"\" width=\"980\" height=\"550\" srcset=\"https:\/\/franciscanos.org.br\/noticias\/wp-content\/uploads\/2019\/02\/orofino_280219.jpg 980w, https:\/\/franciscanos.org.br\/noticias\/wp-content\/uploads\/2019\/02\/orofino_280219-450x253.jpg 450w, https:\/\/franciscanos.org.br\/noticias\/wp-content\/uploads\/2019\/02\/orofino_280219-768x431.jpg 768w, https:\/\/franciscanos.org.br\/noticias\/wp-content\/uploads\/2019\/02\/orofino_280219-150x84.jpg 150w\" sizes=\"(max-width: 980px) 100vw, 980px\" \/><\/p>\n<p>Na quinta entrevista da s\u00e9rie especial sobre a Campanha da Fraternidade, o biblista <strong>Francisco Orofino<\/strong> fala sobre como as a\u00e7\u00f5es e ensinamentos de Jesus devem inspirar as Pol\u00edticas P\u00fablicas em favor da cidadania e do bem comum.<\/p>\n<p>\u201cTodos dever\u00edamos construir uma sociedade em que qualquer pessoa que venha a este mundo possa se sentir atendido naquilo que s\u00e3o suas necessidades b\u00e1sicas\u201d, afirma o especialista.<\/p>\n<p>Francisco Orofino \u00e9 leigo, professor de Teologia B\u00edblica em Nova Igua\u00e7u (RJ) e assessor do CEBI (Centro de Estudos B\u00edblicos) e do ISER Assessoria (Instituto de Estudos da Religi\u00e3o).<\/p>\n<p>Acompanhe a entrevista concedida a <strong>Frei Gustavo Medella:<\/strong><\/p>\n<p><strong>Site Franciscanos &#8211; Ao ler as p\u00e1ginas do Evangelho, podemos dizer que a atua\u00e7\u00e3o de Jesus tamb\u00e9m foi uma atua\u00e7\u00e3o pol\u00edtica?<\/strong><\/p>\n<p><strong>Francisco Orofino &#8211;<\/strong> Temos que colocar as coisas nos devidos lugares. A palavra pol\u00edtica \u00e9 um termo da cultura grega, tem origem na palavra &#8220;p\u00f3lis&#8221;. \u00c9 muito voltada para o mundo urbano e Jesus era do mundo rural, na Palestina. Por isso, ele n\u00e3o usa a palavra pol\u00edtica em si, mas a palavra justi\u00e7a. O lema da CF deste ano &#8220;Ser\u00e1s libertado pelo direito e pela justi\u00e7a&#8221;, uma passagem tirada do livro do profeta Isa\u00edas, \u00e9 a grande chave para a a\u00e7\u00e3o de Jesus. A pr\u00e1tica pol\u00edtica de Jesus a chamamos de pr\u00e1tica libertadora de Jesus. O destinat\u00e1rio primeiro da a\u00e7\u00e3o de Jesus s\u00e3o os exclu\u00eddos do mundo rural da Palestina. Posteriormente, com a evangeliza\u00e7\u00e3o do mundo grego, \u00e9 que a proposta de Jesus vai se tornar uma proposta pol\u00edtica. Ele n\u00e3o usa a palavra pol\u00edtica, mas a palavra justi\u00e7a. Para Jesus, a justi\u00e7a \u00e9 a inclus\u00e3o de todos aqueles que estavam marginalizados pelo discurso hegem\u00f4nico, inclusive o discurso teol\u00f3gico da \u00e9poca. A palavra-chave \u00e9 dada pelo lema da CF deste ano. Temos que entender que Jesus traz uma proposta de liberta\u00e7\u00e3o fundamentada no direito e na justi\u00e7a.<\/p>\n<p><strong>Site Franciscanos &#8211; De que modo a maneira de ser e agir de Jesus pode influenciar a atua\u00e7\u00e3o dos crist\u00e3os no mundo da pol\u00edtica?<\/strong><\/p>\n<p><strong>Francisco Orofino &#8211;<\/strong> Vamos voltar ao ponto da pr\u00e1tica da justi\u00e7a em Jesus, que tem como objetivo o Reino. Jesus n\u00e3o veio pregar sobre si mesmo. Ele trouxe uma proposta, que \u00e9 a proposta do Reino. Como bem sintetiza S\u00e3o Paulo, o Reino de Deus \u00e9, antes de tudo, justi\u00e7a, paz e alegria. As nossas Pol\u00edticas P\u00fablicas precisam ter uma constru\u00e7\u00e3o a partir deste eixo: justi\u00e7a, paz e alegria. O Reino de Deus \u00e9 o Reino da alegria. Todo mundo deveria sentir dentro de si a alegria de viver, porque o grande objetivo de Jesus \u00e9 trazer \u00e0 vida. &#8220;Eu vim para que todos tenham vida e vida em plenitude&#8221;. A alegria de viver \u00e9 a grande meta do Reino. Para que haja essa alegria de viver dentro das pessoas, faz-se necess\u00e1rio construir uma sociedade na paz. Sem paz n\u00e3o haver\u00e1 essa alegria! Agora como constru\u00edmos uma sociedade na paz? Vivendo a justi\u00e7a! A igualdade de todos diante de Deus \u00e9 o meio de se chegar \u00e0 justi\u00e7a. Deus n\u00e3o faz acep\u00e7\u00e3o de pessoas, portanto, todos n\u00f3s dever\u00edamos construir uma sociedade em que qualquer pessoa que venha a este mundo possa se sentir atendido naquilo que s\u00e3o suas necessidades b\u00e1sicas. O direito \u00e0 moradia, trabalho, lazer, transporte, sa\u00fade, educa\u00e7\u00e3o s\u00e3o as Pol\u00edticas P\u00fablicas. Elas s\u00e3o um instrumento de justi\u00e7a, para que haja paz na sociedade, para que as pessoas possam sentir dentro de si a alegria de viver. Este \u00e9 o objetivo de Jesus: pregar o Reino de justi\u00e7a, paz e alegria.<\/p>\n<p><strong>Site Franciscanos &#8211; Se Cristo foi t\u00e3o claro em suas explica\u00e7\u00f5es e a\u00e7\u00f5es, por que temos percebido consider\u00e1vel n\u00famero de crist\u00e3os assumindo posicionamentos contr\u00e1rios \u00e0 proposta do Evangelho?<\/strong><\/p>\n<p><strong>Francisco Orofino &#8211; <\/strong>Creio que aqui h\u00e1 uma quest\u00e3o s\u00e9ria, que \u00e9 o nosso trabalho de evangeliza\u00e7\u00e3o. Ela, infelizmente, n\u00e3o \u00e9 centrada no Evangelho, na Palavra, no Esp\u00edrito. Temos uma evangeliza\u00e7\u00e3o muito institucional, centrada na doutrina, no catecismo, nos dogmas. Creio que a Quaresma, j\u00e1 que a Campanha da Fraternidade acontece no per\u00edodo quaresmal, deveria nos remeter \u00e0 nossa origem batismal. A Quaresma era o grande per\u00edodo de prepara\u00e7\u00e3o para uma pessoa assumir a proposta de Jesus atrav\u00e9s do batismo. Creio que a Quaresma tem um eixo que \u00e9 dado pela leitura feita na Quarta-feira de Cinzas, extra\u00edda do evangelho de Mateus, que est\u00e1 centrada em tr\u00eas grandes eixos: a esmola, a ora\u00e7\u00e3o e o jejum. Nosso trabalho de evangeliza\u00e7\u00e3o deveria ser estas rela\u00e7\u00f5es medidas por estes eixos. Esmola \u00e9 a partilha! Dever\u00edamos fazer uma evangeliza\u00e7\u00e3o centrada na partilha. Creio as Pol\u00edticas P\u00fablicas est\u00e3o relacionadas com a l\u00f3gica da partilha pedida por Jesus. E segundo, a rela\u00e7\u00e3o com Deus atrav\u00e9s da ora\u00e7\u00e3o. Dever\u00edamos passar por um grande per\u00edodo quaresmal orante, tempo que nos coloque em contato com Deus. Esta ora\u00e7\u00e3o deveria ser centrada no Pai Nosso, que \u00e9 a ora\u00e7\u00e3o que Jesus nos ensinou. Dai-nos a cada dia o necess\u00e1rio, o p\u00e3o necess\u00e1rio para viver. E o terceiro ponto \u00e9 o jejum, mas na perspectiva de Jesus, que significa voc\u00ea se mostrar mais forte que qualquer apelo consumista. Hoje dever\u00edamos ser uma sociedade mais frugal, mais voltada ao jejum, n\u00e3o presa ao consumo do sup\u00e9rfluo. Este consumo est\u00e1 levando a cria\u00e7\u00e3o de Deus ao colapso, como diz o Papa Francisco na Enc\u00edclica <em>Laudato S\u00ed&#8217;<\/em>. Jejum, esmola e ora\u00e7\u00e3o &#8211; este \u00e9 o eixo quaresmal, o eixo do Evangelho de Jesus e deveria ser o eixo da nossa evangeliza\u00e7\u00e3o para que tiv\u00e9ssemos pessoas mais comprometidas com o Evangelho.<\/p>\n<h3><strong>Ou\u00e7a a entrevista com Francisco Orofino:<\/strong><\/h3>\n<p><iframe loading=\"lazy\" src=\"https:\/\/w.soundcloud.com\/player\/?url=https%3A\/\/api.soundcloud.com\/tracks\/589439442&amp;color=%23ff5500&amp;auto_play=false&amp;hide_related=false&amp;show_comments=false&amp;show_user=true&amp;show_reposts=false&amp;show_teaser=false\" width=\"100%\" height=\"166\" frameborder=\"no\" scrolling=\"no\"><\/iframe><\/p>\n<p><iframe loading=\"lazy\" src=\"https:\/\/w.soundcloud.com\/player\/?url=https%3A\/\/api.soundcloud.com\/tracks\/589439451&amp;color=%23ff5500&amp;auto_play=false&amp;hide_related=false&amp;show_comments=false&amp;show_user=true&amp;show_reposts=false&amp;show_teaser=false\" width=\"100%\" height=\"166\" frameborder=\"no\" scrolling=\"no\"><\/iframe><\/p>\n<p><strong>Confira todas as entrevistas: <\/strong><\/p>\n<p><strong>Tema e Lema da CF | Entrevistado:\u00a0 \u00a0 \u00a0<\/strong><strong><a href=\"https:\/\/franciscanos.org.br\/noticias\/d-leonardo-sejamos-ativos-na-construcao-de-politicas-publicas.html\">Dom Leonardo Ulrich Steiner<\/a><\/strong><\/p>\n<p style=\"padding-left: 30px;\">Bispo Auxiliar de Bras\u00edlia e secret\u00e1rio-geral da CNBB.<\/p>\n<p><strong>Conceito de Pol\u00edticas P\u00fablicas | Entrevistado: <a href=\"https:\/\/franciscanos.org.br\/noticias\/o-que-sao-e-como-funcionam-as-politicas-publicas.html\" target=\"_blank\" rel=\"noopener noreferrer\">Robert Soares do Nascimento<\/a><\/strong><\/p>\n<p style=\"padding-left: 30px;\">Agente de Pastoral, comp\u00f5e o N\u00facleo em Educa\u00e7\u00e3o e Direitos Humanos da UNISAL (Centro Universit\u00e1rio Salesiano de S\u00e3o Paulo) e participa do Grupo de Trabalho de Justi\u00e7a Restaurativa da Comarca de Americana (SP).<\/p>\n<p><strong>Pol\u00edtica como exerc\u00edcio do bem comum | Entrevistado: <a href=\"https:\/\/franciscanos.org.br\/noticias\/politica-como-exercicio-da-busca-do-bem-comum.html\" target=\"_blank\" rel=\"noopener noreferrer\">Felix Fernando Siriani<\/a><\/strong><\/p>\n<p style=\"padding-left: 30px;\">Formado em Gest\u00e3o de Pol\u00edticas P\u00fablicas, especialista em Pedagogia Social, Pastoral Escolar e mestrando em Mudan\u00e7a Social e Pol\u00edticas P\u00fablicas.<\/p>\n<p><strong>Doutrina Social da Igreja | Entrevistado: <a href=\"https:\/\/franciscanos.org.br\/noticias\/uma-boa-igreja-tem-que-ter-um-grande-amor-aos-pobres-afirma-fernando-altemeyer.html\" target=\"_blank\" rel=\"noopener noreferrer\">Prof. Dr. Fernando Altemeyer Junior<\/a><\/strong><\/p>\n<p style=\"padding-left: 30px;\">Chefe do Departamento de Ci\u00eancia da Religi\u00e3o da PUC-SP.<\/p>\n<p><strong>As a\u00e7\u00f5es e ensinamentos de Jesus como inspira\u00e7\u00e3o para pol\u00edticas em favor da cidadania |Entrevistado:\u00a0<a href=\"https:\/\/franciscanos.org.br\/noticias\/o-eixo-das-politicas-publicas-justica-paz-e-alegria.html\" target=\"_blank\" rel=\"noopener noreferrer\">Francisco Orofino<\/a><\/strong><\/p>\n<p style=\"padding-left: 30px;\">Leigo, professor de Teologia B\u00edblica em Nova Igua\u00e7u (RJ) e assessor do CEBI (Centro de Estudos B\u00edblicos) e do ISER Assessoria (Instituto de Estudos da Religi\u00e3o).<\/p>\n<p><strong>Os franciscanos e o engajamento pol\u00edtico | Entrevistado: <a href=\"https:\/\/franciscanos.org.br\/noticias\/frei-vitorio-pede-mais-indignacao-profetica.html\" target=\"_blank\" rel=\"noopener noreferrer\">Frei Vitorio Mazzuco<\/a><\/strong><\/p>\n<p style=\"padding-left: 30px;\">Mestre em espiritualidade e coordenador da Pastoral Universit\u00e1ria da USF.<\/p>\n<p><strong>A import\u00e2ncia dos Movimentos Sociais na busca do bem comum | Entrevistado: <a href=\"https:\/\/franciscanos.org.br\/noticias\/dom-guilherme-e-preciso-reanimar-os-movimentos-sociais.html\" target=\"_blank\" rel=\"noopener noreferrer\">Dom Guilherme Werlang<\/a><\/strong><\/p>\n<p style=\"padding-left: 30px;\">Bispo da Diocese de Lages (SC) e presidente da Comiss\u00e3o Episcopal Pastoral para a A\u00e7\u00e3o Social Transformadora da CNBB.<\/p>\n<p><strong>Pol\u00edticas P\u00fablicas na \u00e1rea da sa\u00fade | Entrevistado: <a href=\"https:\/\/franciscanos.org.br\/noticias\/politicas-publicas-em-favor-da-saude.html\" target=\"_blank\" rel=\"noopener noreferrer\">Fernando Pigatto <\/a><\/strong><\/p>\n<p style=\"padding-left: 30px;\">Presidente do Conselho Nacional de Sa\u00fade (CNS) e Representante da Confedera\u00e7\u00e3o Nacional das Associa\u00e7\u00f5es de Moradores (CONAM).<\/p>\n<p><strong>Pol\u00edticas P\u00fablicas na seguran\u00e7a | Entrevistado: <a href=\"https:\/\/franciscanos.org.br\/noticias\/a-seguranca-publica-precisa-da-integracao-das-instituicoes-e-da-comunidade.html\" target=\"_blank\" rel=\"noopener noreferrer\">Ricardo Bedendo<\/a><\/strong><\/p>\n<p style=\"padding-left: 30px;\">Jornalista e Mestre em Ci\u00eancias Sociais, integra o n\u00facleo de Estudos de Viol\u00eancia e Direitos Humanos da P\u00f3s-Gradua\u00e7\u00e3o em Ci\u00eancias Sociais da Universidade Federal de Juiz de Fora (UFJF).<\/p>\n<p><strong>Pol\u00edticas P\u00fablicas e Assist\u00eancia Social | Entrevistada: <a href=\"https:\/\/franciscanos.org.br\/noticias\/olhar-a-assistencia-social-como-um-direito-nao-um-favor.html\" target=\"_blank\" rel=\"noopener noreferrer\">Rosangela Pezoti<\/a><\/strong><\/p>\n<p style=\"padding-left: 30px;\">Doutora em Servi\u00e7o Social, respons\u00e1vel pelas \u00e1reas t\u00e9cnica e de articula\u00e7\u00e3o pol\u00edtica do Sefras &#8211; Servi\u00e7o Franciscano de Solidariedade.<\/p>\n<p><strong>Pol\u00edticas P\u00fablicas em favor dos negros | Entrevistado: <a href=\"https:\/\/franciscanos.org.br\/noticias\/cf-as-politicas-publicas-em-favor-dos-negros-sao-uma-conquista-de-todos.html\" target=\"_blank\" rel=\"noopener noreferrer\">Frei David Raimundo Santos<\/a><\/strong><\/p>\n<p style=\"padding-left: 30px;\">Presidente da Educafro (Educa\u00e7\u00e3o e Cidadania de Afrodescendentes e Carentes).<\/p>\n<p><strong>Import\u00e2ncia da participa\u00e7\u00e3o nos espa\u00e7os de controle social | Entrevistada: <a href=\"https:\/\/franciscanos.org.br\/noticias\/valdenia-o-controle-social-e-responsabilidade-de-toda-sociedade.html\" target=\"_blank\" rel=\"noopener noreferrer\">Vald\u00eania Paulino<\/a><\/strong><\/p>\n<p style=\"padding-left: 30px;\">Advogada, integra o Centro de Direitos Humanos de Sapopemba (SP)<\/p>\n<p><strong>Pol\u00edticas P\u00fablicas em favor dos \u00edndios e dos povos origin\u00e1rios | Entrevistado: <a href=\"https:\/\/franciscanos.org.br\/noticias\/e-preciso-lutar-para-que-nao-haja-retrocesso-nas-politicas-publicas-em-prol-dos-indigenas.html\" target=\"_blank\" rel=\"noopener noreferrer\">Egon Heck<\/a><\/strong><\/p>\n<p style=\"padding-left: 30px;\">Assessor do secretariado do Conselho Indigenista Mission\u00e1rio \u2013 Cimi.<\/p>\n<p><strong>Pol\u00edticas P\u00fablicas e Juventude | Entrevistada: <a href=\"https:\/\/franciscanos.org.br\/noticias\/por-mais-politicas-que-promovam-igualdade-de-oportunidades-entre-as-juventudes.html\" target=\"_blank\" rel=\"noopener noreferrer\">Anna Luiza Salles Souto<\/a><\/strong><\/p>\n<p style=\"padding-left: 30px;\">Coordenadora da \u00e1rea de Democracia e Participa\u00e7\u00e3o do Instituto P\u00f3lis.<\/p>\n<p><strong>Pol\u00edticas P\u00fablicas e na \u00e1rea da educa\u00e7\u00e3o | Entrevistado: <a href=\"https:\/\/franciscanos.org.br\/noticias\/a-educacao-como-um-instrumento-transformador-da-sociedade.html\" target=\"_blank\" rel=\"noopener noreferrer\">Professor Dilnei Lorenzi<\/a><\/strong><\/p>\n<p style=\"padding-left: 30px;\">Pr\u00f3-Reitor de Ensino, Pesquisa e Extens\u00e3o da Universidade S\u00e3o Francisco (USF).<\/p>\n<p><strong>Sa\u00fade e o bem comum | Entrevistado: <a href=\"https:\/\/franciscanos.org.br\/noticias\/o-papel-da-pastoral-da-saude-nas-politicas-publicas.html\" target=\"_blank\" rel=\"noopener noreferrer\">Pe. Christian de Paul de Barchifontaine<\/a><\/strong><\/p>\n<p style=\"padding-left: 30px;\">Assessor Internacional dos Camilianos na \u00c1rea da Sa\u00fade, Rela\u00e7\u00f5es P\u00fablicas das Organiza\u00e7\u00f5es Camilianas.<\/p>\n<p><strong>O exemplo concreto no Rio de Janeiro | Entrevistado: <a href=\"https:\/\/franciscanos.org.br\/noticias\/o-exemplo-concreto-do-forum-grita-baixada-no-exercicio-das-politicas-publicas.html\" target=\"_blank\" rel=\"noopener noreferrer\">Adriano de Ara\u00fajo<\/a><\/strong><\/p>\n<p style=\"padding-left: 30px;\">Soci\u00f3logo, coordenador do F\u00f3rum Grita Baixada.<\/p>\n","protected":false},"excerpt":{"rendered":"<p>Especial Campanha da Fraternidade<\/p>\n","protected":false},"author":1,"featured_media":200769,"comment_status":"open","ping_status":"open","sticky":false,"template":"","format":"standard","meta":[],"categories":[758],"tags":[818],"acf":[],"yoast_head":"<!-- This site is optimized with the Yoast SEO plugin v19.2 - https:\/\/yoast.com\/wordpress\/plugins\/seo\/ -->\n<title>O eixo das Pol\u00edticas P\u00fablicas: \u00a0justi\u00e7a, paz e alegria - Not\u00edcias - Franciscanos<\/title>\n<meta name=\"robots\" content=\"index, follow, max-snippet:-1, max-image-preview:large, max-video-preview:-1\" \/>\n<link rel=\"canonical\" href=\"https:\/\/franciscanos.org.br\/noticias\/o-eixo-das-politicas-publicas-justica-paz-e-alegria.html\" \/>\n<meta property=\"og:locale\" content=\"pt_BR\" \/>\n<meta property=\"og:type\" content=\"article\" \/>\n<meta property=\"og:title\" content=\"O eixo das Pol\u00edticas P\u00fablicas: \u00a0justi\u00e7a, paz e alegria - Not\u00edcias - Franciscanos\" \/>\n<meta property=\"og:description\" content=\"Especial Campanha da Fraternidade\" \/>\n<meta property=\"og:url\" content=\"https:\/\/franciscanos.org.br\/noticias\/o-eixo-das-politicas-publicas-justica-paz-e-alegria.html\" \/>\n<meta property=\"og:site_name\" content=\"Not\u00edcias - Franciscanos\" \/>\n<meta property=\"article:published_time\" content=\"2019-02-27T11:13:15+00:00\" \/>\n<meta property=\"article:modified_time\" content=\"2019-04-22T16:57:43+00:00\" \/>\n<meta property=\"og:image\" content=\"https:\/\/franciscanos.org.br\/noticias\/wp-content\/uploads\/2019\/02\/orofino_280219p.jpg\" \/>\n\t<meta property=\"og:image:width\" content=\"273\" \/>\n\t<meta property=\"og:image:height\" content=\"181\" \/>\n\t<meta property=\"og:image:type\" content=\"image\/jpeg\" \/>\n<meta name=\"author\" content=\"admin\" \/>\n<meta name=\"twitter:card\" content=\"summary_large_image\" \/>\n<meta name=\"twitter:label1\" content=\"Escrito por\" \/>\n\t<meta name=\"twitter:data1\" content=\"admin\" \/>\n\t<meta name=\"twitter:label2\" content=\"Est. tempo de leitura\" \/>\n\t<meta name=\"twitter:data2\" content=\"8 minutos\" \/>\n<script type=\"application\/ld+json\" class=\"yoast-schema-graph\">{\"@context\":\"https:\/\/schema.org\",\"@graph\":[{\"@type\":\"WebSite\",\"@id\":\"https:\/\/franciscanos.org.br\/noticias\/#website\",\"url\":\"https:\/\/franciscanos.org.br\/noticias\/\",\"name\":\"Not\u00edcias - Franciscanos\",\"description\":\"Prov\u00edncia Franciscana da Imaculada Concei\u00e7\u00e3o do Brasil - Ordem dos Frades Menores - OFM\",\"potentialAction\":[{\"@type\":\"SearchAction\",\"target\":{\"@type\":\"EntryPoint\",\"urlTemplate\":\"https:\/\/franciscanos.org.br\/noticias\/?s={search_term_string}\"},\"query-input\":\"required name=search_term_string\"}],\"inLanguage\":\"pt-BR\"},{\"@type\":\"ImageObject\",\"inLanguage\":\"pt-BR\",\"@id\":\"https:\/\/franciscanos.org.br\/noticias\/o-eixo-das-politicas-publicas-justica-paz-e-alegria.html#primaryimage\",\"url\":\"https:\/\/franciscanos.org.br\/noticias\/wp-content\/uploads\/2019\/02\/orofino_280219p.jpg\",\"contentUrl\":\"https:\/\/franciscanos.org.br\/noticias\/wp-content\/uploads\/2019\/02\/orofino_280219p.jpg\",\"width\":273,\"height\":181},{\"@type\":\"WebPage\",\"@id\":\"https:\/\/franciscanos.org.br\/noticias\/o-eixo-das-politicas-publicas-justica-paz-e-alegria.html#webpage\",\"url\":\"https:\/\/franciscanos.org.br\/noticias\/o-eixo-das-politicas-publicas-justica-paz-e-alegria.html\",\"name\":\"O eixo das Pol\u00edticas P\u00fablicas: \u00a0justi\u00e7a, paz e alegria - Not\u00edcias - Franciscanos\",\"isPartOf\":{\"@id\":\"https:\/\/franciscanos.org.br\/noticias\/#website\"},\"primaryImageOfPage\":{\"@id\":\"https:\/\/franciscanos.org.br\/noticias\/o-eixo-das-politicas-publicas-justica-paz-e-alegria.html#primaryimage\"},\"datePublished\":\"2019-02-27T11:13:15+00:00\",\"dateModified\":\"2019-04-22T16:57:43+00:00\",\"author\":{\"@id\":\"https:\/\/franciscanos.org.br\/noticias\/#\/schema\/person\/b38fbf43118f02820bd932f2e4b14ad3\"},\"breadcrumb\":{\"@id\":\"https:\/\/franciscanos.org.br\/noticias\/o-eixo-das-politicas-publicas-justica-paz-e-alegria.html#breadcrumb\"},\"inLanguage\":\"pt-BR\",\"potentialAction\":[{\"@type\":\"ReadAction\",\"target\":[\"https:\/\/franciscanos.org.br\/noticias\/o-eixo-das-politicas-publicas-justica-paz-e-alegria.html\"]}]},{\"@type\":\"BreadcrumbList\",\"@id\":\"https:\/\/franciscanos.org.br\/noticias\/o-eixo-das-politicas-publicas-justica-paz-e-alegria.html#breadcrumb\",\"itemListElement\":[{\"@type\":\"ListItem\",\"position\":1,\"name\":\"Home\",\"item\":\"https:\/\/franciscanos.org.br\/noticias\"},{\"@type\":\"ListItem\",\"position\":2,\"name\":\"O eixo das Pol\u00edticas P\u00fablicas: \u00a0justi\u00e7a, paz e alegria\"}]},{\"@type\":\"Person\",\"@id\":\"https:\/\/franciscanos.org.br\/noticias\/#\/schema\/person\/b38fbf43118f02820bd932f2e4b14ad3\",\"name\":\"admin\",\"image\":{\"@type\":\"ImageObject\",\"inLanguage\":\"pt-BR\",\"@id\":\"https:\/\/franciscanos.org.br\/noticias\/#\/schema\/person\/image\/\",\"url\":\"https:\/\/secure.gravatar.com\/avatar\/e8495742d34d0ba6448ea1c628263b3e?s=96&d=mm&r=g\",\"contentUrl\":\"https:\/\/secure.gravatar.com\/avatar\/e8495742d34d0ba6448ea1c628263b3e?s=96&d=mm&r=g\",\"caption\":\"admin\"},\"url\":\"https:\/\/franciscanos.org.br\/noticias\/author\/admin\"}]}<\/script>\n<!-- \/ Yoast SEO plugin. -->","yoast_head_json":{"title":"O eixo das Pol\u00edticas P\u00fablicas: \u00a0justi\u00e7a, paz e alegria - Not\u00edcias - Franciscanos","robots":{"index":"index","follow":"follow","max-snippet":"max-snippet:-1","max-image-preview":"max-image-preview:large","max-video-preview":"max-video-preview:-1"},"canonical":"https:\/\/franciscanos.org.br\/noticias\/o-eixo-das-politicas-publicas-justica-paz-e-alegria.html","og_locale":"pt_BR","og_type":"article","og_title":"O eixo das Pol\u00edticas P\u00fablicas: \u00a0justi\u00e7a, paz e alegria - Not\u00edcias - Franciscanos","og_description":"Especial Campanha da Fraternidade","og_url":"https:\/\/franciscanos.org.br\/noticias\/o-eixo-das-politicas-publicas-justica-paz-e-alegria.html","og_site_name":"Not\u00edcias - Franciscanos","article_published_time":"2019-02-27T11:13:15+00:00","article_modified_time":"2019-04-22T16:57:43+00:00","og_image":[{"width":273,"height":181,"url":"https:\/\/franciscanos.org.br\/noticias\/wp-content\/uploads\/2019\/02\/orofino_280219p.jpg","type":"image\/jpeg"}],"author":"admin","twitter_card":"summary_large_image","twitter_misc":{"Escrito por":"admin","Est. tempo de leitura":"8 minutos"},"schema":{"@context":"https:\/\/schema.org","@graph":[{"@type":"WebSite","@id":"https:\/\/franciscanos.org.br\/noticias\/#website","url":"https:\/\/franciscanos.org.br\/noticias\/","name":"Not\u00edcias - Franciscanos","description":"Prov\u00edncia Franciscana da Imaculada Concei\u00e7\u00e3o do Brasil - Ordem dos Frades Menores - OFM","potentialAction":[{"@type":"SearchAction","target":{"@type":"EntryPoint","urlTemplate":"https:\/\/franciscanos.org.br\/noticias\/?s={search_term_string}"},"query-input":"required name=search_term_string"}],"inLanguage":"pt-BR"},{"@type":"ImageObject","inLanguage":"pt-BR","@id":"https:\/\/franciscanos.org.br\/noticias\/o-eixo-das-politicas-publicas-justica-paz-e-alegria.html#primaryimage","url":"https:\/\/franciscanos.org.br\/noticias\/wp-content\/uploads\/2019\/02\/orofino_280219p.jpg","contentUrl":"https:\/\/franciscanos.org.br\/noticias\/wp-content\/uploads\/2019\/02\/orofino_280219p.jpg","width":273,"height":181},{"@type":"WebPage","@id":"https:\/\/franciscanos.org.br\/noticias\/o-eixo-das-politicas-publicas-justica-paz-e-alegria.html#webpage","url":"https:\/\/franciscanos.org.br\/noticias\/o-eixo-das-politicas-publicas-justica-paz-e-alegria.html","name":"O eixo das Pol\u00edticas P\u00fablicas: \u00a0justi\u00e7a, paz e alegria - Not\u00edcias - Franciscanos","isPartOf":{"@id":"https:\/\/franciscanos.org.br\/noticias\/#website"},"primaryImageOfPage":{"@id":"https:\/\/franciscanos.org.br\/noticias\/o-eixo-das-politicas-publicas-justica-paz-e-alegria.html#primaryimage"},"datePublished":"2019-02-27T11:13:15+00:00","dateModified":"2019-04-22T16:57:43+00:00","author":{"@id":"https:\/\/franciscanos.org.br\/noticias\/#\/schema\/person\/b38fbf43118f02820bd932f2e4b14ad3"},"breadcrumb":{"@id":"https:\/\/franciscanos.org.br\/noticias\/o-eixo-das-politicas-publicas-justica-paz-e-alegria.html#breadcrumb"},"inLanguage":"pt-BR","potentialAction":[{"@type":"ReadAction","target":["https:\/\/franciscanos.org.br\/noticias\/o-eixo-das-politicas-publicas-justica-paz-e-alegria.html"]}]},{"@type":"BreadcrumbList","@id":"https:\/\/franciscanos.org.br\/noticias\/o-eixo-das-politicas-publicas-justica-paz-e-alegria.html#breadcrumb","itemListElement":[{"@type":"ListItem","position":1,"name":"Home","item":"https:\/\/franciscanos.org.br\/noticias"},{"@type":"ListItem","position":2,"name":"O eixo das Pol\u00edticas P\u00fablicas: \u00a0justi\u00e7a, paz e alegria"}]},{"@type":"Person","@id":"https:\/\/franciscanos.org.br\/noticias\/#\/schema\/person\/b38fbf43118f02820bd932f2e4b14ad3","name":"admin","image":{"@type":"ImageObject","inLanguage":"pt-BR","@id":"https:\/\/franciscanos.org.br\/noticias\/#\/schema\/person\/image\/","url":"https:\/\/secure.gravatar.com\/avatar\/e8495742d34d0ba6448ea1c628263b3e?s=96&d=mm&r=g","contentUrl":"https:\/\/secure.gravatar.com\/avatar\/e8495742d34d0ba6448ea1c628263b3e?s=96&d=mm&r=g","caption":"admin"},"url":"https:\/\/franciscanos.org.br\/noticias\/author\/admin"}]}},"_links":{"self":[{"href":"https:\/\/franciscanos.org.br\/noticias\/wp-json\/wp\/v2\/posts\/200767"}],"collection":[{"href":"https:\/\/franciscanos.org.br\/noticias\/wp-json\/wp\/v2\/posts"}],"about":[{"href":"https:\/\/franciscanos.org.br\/noticias\/wp-json\/wp\/v2\/types\/post"}],"author":[{"embeddable":true,"href":"https:\/\/franciscanos.org.br\/noticias\/wp-json\/wp\/v2\/users\/1"}],"replies":[{"embeddable":true,"href":"https:\/\/franciscanos.org.br\/noticias\/wp-json\/wp\/v2\/comments?post=200767"}],"version-history":[{"count":0,"href":"https:\/\/franciscanos.org.br\/noticias\/wp-json\/wp\/v2\/posts\/200767\/revisions"}],"wp:featuredmedia":[{"embeddable":true,"href":"https:\/\/franciscanos.org.br\/noticias\/wp-json\/wp\/v2\/media\/200769"}],"wp:attachment":[{"href":"https:\/\/franciscanos.org.br\/noticias\/wp-json\/wp\/v2\/media?parent=200767"}],"wp:term":[{"taxonomy":"category","embeddable":true,"href":"https:\/\/franciscanos.org.br\/noticias\/wp-json\/wp\/v2\/categories?post=200767"},{"taxonomy":"post_tag","embeddable":true,"href":"https:\/\/franciscanos.org.br\/noticias\/wp-json\/wp\/v2\/tags?post=200767"}],"curies":[{"name":"wp","href":"https:\/\/api.w.org\/{rel}","templated":true}]}}