{"id":200753,"date":"2019-02-27T15:23:14","date_gmt":"2019-02-27T18:23:14","guid":{"rendered":"https:\/\/franciscanos.org.br\/noticias\/?p=200753"},"modified":"2019-02-27T15:29:00","modified_gmt":"2019-02-27T18:29:00","slug":"o-cuidado-do-meio-ambiente-e-o-dialogo-ecumenico-e-inter-religioso","status":"publish","type":"post","link":"https:\/\/franciscanos.org.br\/noticias\/o-cuidado-do-meio-ambiente-e-o-dialogo-ecumenico-e-inter-religioso.html","title":{"rendered":"O Cuidado do Meio Ambiente e o Di\u00e1logo Ecum\u00eanico e inter-religioso"},"content":{"rendered":"<p><img loading=\"lazy\" class=\"size-full wp-image-200754 aligncenter\" src=\"https:\/\/franciscanos.org.br\/noticias\/wp-content\/uploads\/2019\/02\/diego_270219.jpg\" alt=\"\" width=\"890\" height=\"569\" srcset=\"https:\/\/franciscanos.org.br\/noticias\/wp-content\/uploads\/2019\/02\/diego_270219.jpg 890w, https:\/\/franciscanos.org.br\/noticias\/wp-content\/uploads\/2019\/02\/diego_270219-450x288.jpg 450w, https:\/\/franciscanos.org.br\/noticias\/wp-content\/uploads\/2019\/02\/diego_270219-768x491.jpg 768w, https:\/\/franciscanos.org.br\/noticias\/wp-content\/uploads\/2019\/02\/diego_270219-150x96.jpg 150w\" sizes=\"(max-width: 890px) 100vw, 890px\" \/><\/p>\n<p>Celebrando os 800 anos do Encontro de S\u00e3o Francisco de Assis como Sult\u00e3o Malik al-Kamil, o Curso de Justi\u00e7a, Paz e integridade da Cria\u00e7\u00e3o (JPIC) promovido pela C\u00faria Geral da Ordem dos Frades Menores procurou aprofundar a quest\u00e3o do ecumenismo e do di\u00e1logo inter-reglioso como forma de unir for\u00e7as no enfrentamento das amea\u00e7as sofridas pela nossa Casa Comum.<\/p>\n<p>Realizado de 18 a 27 de fevereiro, na Pontif\u00edcia Universidade Antoniana, de Roma, o Curso contou com a presen\u00e7a de frades de diversos pa\u00edses: Jap\u00e3o, Taiwan, Paquist\u00e3o, \u00cdndia, Vietn\u00e3, Marrocos, Espanha, It\u00e1lia, \u00c1ustria, Israel, Eslov\u00e1quia, Estados Unidos, M\u00e9xico, El Salvador, Honduras, Brasil, Equador, Chile e Peru. De nossa Confer\u00eancia Brasileira, est\u00e1vamos somente eu, Frei Diego Melo, da Prov\u00edncia da Imaculada, e Frei Irwin Couto, animador do JPIC da Prov\u00edncia de Santa Cruz. Al\u00e9m dos frades, participaram alguns leigos (as) italianos.<\/p>\n<p>A primeira semana do curso foi dedicada ao aprofundamento te\u00f3rico e b\u00edblico da experi\u00eancia criativa presente nos textos dos G\u00eanesis, bem como dos textos franciscanos acerca do cuidado com a cria\u00e7\u00e3o.<\/p>\n<p>Dentre os in\u00fameros conferencistas, vale destacar a importante reflex\u00e3o feita por Frei Silvestro Bejan, OFMConv, Delegado Geral para o Ecumenismo e o Di\u00e1logo Inter-religioso e que vive h\u00e1 anos no Sacro Convento de Assis.<\/p>\n<p><img loading=\"lazy\" class=\"aligncenter size-full wp-image-200756\" src=\"https:\/\/franciscanos.org.br\/noticias\/wp-content\/uploads\/2019\/02\/diego_270219_4.jpg\" alt=\"\" width=\"890\" height=\"364\" srcset=\"https:\/\/franciscanos.org.br\/noticias\/wp-content\/uploads\/2019\/02\/diego_270219_4.jpg 890w, https:\/\/franciscanos.org.br\/noticias\/wp-content\/uploads\/2019\/02\/diego_270219_4-450x184.jpg 450w, https:\/\/franciscanos.org.br\/noticias\/wp-content\/uploads\/2019\/02\/diego_270219_4-768x314.jpg 768w, https:\/\/franciscanos.org.br\/noticias\/wp-content\/uploads\/2019\/02\/diego_270219_4-150x61.jpg 150w\" sizes=\"(max-width: 890px) 100vw, 890px\" \/><\/p>\n<p>Partindo da sua experi\u00eancia de longos anos em Assis, o frade conventual destacou alguns aspectos que tornam essa pequena cidade da \u00dambria um verdadeiro s\u00edmbolo universal de paz, di\u00e1logo, respeito e ora\u00e7\u00e3o. Para ele, a maneira como S\u00e3o Francisco e Santa Clara viveram s\u00e3o ainda hoje o grande atrativo dessa cidade. \u201cEmbora cada pessoa tenha uma experi\u00eancia espiritual diferente, cada um tenha um modo pr\u00f3prio de relacionar-se com Deus, em Francisco acontece algo de totalmente inusitado. A sua experi\u00eancia de f\u00e9 se tornou comunic\u00e1vel, compreens\u00edvel por qualquer pessoa. Francisco, como m\u00edstico, identifica-se com toda pessoa que tem essa sede de m\u00edstica. E aqui est\u00e1 o segredo de Assis atrair tantas pessoas das mais diversas religi\u00f5es. Atrav\u00e9s dessa linguagem universal e comum, Francisco consegue comunicar-se com todos, pois quem atinge uma grande experi\u00eancia com o divino consegue entender a experi\u00eancia m\u00edstica de qualquer pessoa e de qualquer religi\u00e3o\u201d, destacou o assessor.<\/p>\n<p>Tamb\u00e9m foi dado destaque \u00e0 visita do Papa Francisco ao Oriente, realizada h\u00e1 poucas semanas. Como forma de se construir um verdadeiro caminho de di\u00e1logo inter-religioso e ecum\u00eanico, foram pontuadas as tr\u00eas etapas apontadas pelo Papa Francisco em Abu-Dabi:<\/p>\n<p style=\"padding-left: 30px;\"><strong>1)<\/strong> Estar seguro da pr\u00f3pria identidade: para quem est\u00e1 empenhado no di\u00e1logo, n\u00e3o se deve esconder a pr\u00f3pria identidade ou diminuir-se.<\/p>\n<p style=\"padding-left: 30px;\"><strong>2)<\/strong> Coragem de alteridade, que se traduz na capacidade de entender que o outro \u00e9 diferente e que deixa de lado qualquer sentimento de superioridade.<\/p>\n<p style=\"padding-left: 30px;\"><strong>3)<\/strong> Sinceridade de inten\u00e7\u00e3o, que n\u00e3o \u00e9 simplesmente uma estrat\u00e9gia para se alcan\u00e7ar os pr\u00f3prios ideais, mas o desafio de se transformar a competi\u00e7\u00e3o em colabora\u00e7\u00e3o.<\/p>\n<p><img loading=\"lazy\" class=\"aligncenter size-full wp-image-200757\" src=\"https:\/\/franciscanos.org.br\/noticias\/wp-content\/uploads\/2019\/02\/diego_270219_1.jpg\" alt=\"\" width=\"890\" height=\"668\" srcset=\"https:\/\/franciscanos.org.br\/noticias\/wp-content\/uploads\/2019\/02\/diego_270219_1.jpg 890w, https:\/\/franciscanos.org.br\/noticias\/wp-content\/uploads\/2019\/02\/diego_270219_1-450x338.jpg 450w, https:\/\/franciscanos.org.br\/noticias\/wp-content\/uploads\/2019\/02\/diego_270219_1-768x576.jpg 768w, https:\/\/franciscanos.org.br\/noticias\/wp-content\/uploads\/2019\/02\/diego_270219_1-150x113.jpg 150w\" sizes=\"(max-width: 890px) 100vw, 890px\" \/><\/p>\n<p>N\u00e3o obstante toda a reflex\u00e3o acerca do ecum\u00eanico e di\u00e1logo-interreligioso, o Curso tamb\u00e9m proporcionou uma s\u00e9rie de reflex\u00f5es de S\u00e3o Boaventura sobre diferentes compreens\u00f5es do homem como dominador, consumidor ou administrador da cria\u00e7\u00e3o. Temas como desenvolvimento, crescimento, economia, sociologia, sustentabilidade e ecologia integral tamb\u00e9m foram abordados a partir da \u00f3tica franciscana.\u00a0\u00a0Com intuito de facilitar a cria\u00e7\u00e3o de la\u00e7os e a aproxima\u00e7\u00e3o com os parceiros do JPIC, tamb\u00e9m estiveram presentes os diretores e representantes da MissionsZentrale, da Franciscans International, da Fundraising e da Secretaria Geral para a Forma\u00e7\u00e3o e os Estudos.<\/p>\n<p>Al\u00e9m disso, outro momento marcante foi a presen\u00e7a do Ministro Geral, Frei Michael Perry. De modo simples e interativo, Frei Michael destacou que o JPIC faz parte do \u2018DNA\u2019 da nossa identidade franciscana, lembrando que para Francisco existe uma intersec\u00e7\u00e3o entre o \u2018espiritual\u2019 e o \u2018social\u2019: \u201cCrucifixo e lepra se tornam dois elementos fortes na convers\u00e3o de Francisco. O seu encontro com Cristo crucificado \u2013 plena express\u00e3o da \u2018caritas\u2019 \u2013 \u00e9 compreendido melhor quando Francisco faz o encontro com os feridos e putrefatos pela lepra. Francisco encontra o pleno significado da \u2018caritas\u2019 que pode ser realmente compreendido somente com quem se encontra em uma experi\u00eancia interpessoal profundamente humana, de solidariedade, amor e justi\u00e7a\u201d, destacou o Ministro Geral. Ap\u00f3s sua explana\u00e7\u00e3o, ele mesmo escolheu alguns confrades de diferentes pa\u00edses para partilhar um pouco dos pr\u00f3prios desafios e avan\u00e7os no servi\u00e7o do JPIC de suas Prov\u00edncias.<\/p>\n<p>Por fim, retorno desse curso com a miss\u00e3o de transformar tudo o que foi vivenciado e aprendido em atitudes concretas em nossa realidade. Que possamos, como Fraternidade Provincial, composta pelos confrades, irm\u00e3s, leigos e leigas, jovens, formandos e vocacionados, assumir juntos uma sincera e prof\u00e9tica convers\u00e3o ecol\u00f3gica.<\/p>\n<p><img loading=\"lazy\" class=\"aligncenter size-full wp-image-200759\" src=\"https:\/\/franciscanos.org.br\/noticias\/wp-content\/uploads\/2019\/02\/diego_270219_2.jpg\" alt=\"\" width=\"890\" height=\"668\" srcset=\"https:\/\/franciscanos.org.br\/noticias\/wp-content\/uploads\/2019\/02\/diego_270219_2.jpg 890w, https:\/\/franciscanos.org.br\/noticias\/wp-content\/uploads\/2019\/02\/diego_270219_2-450x338.jpg 450w, https:\/\/franciscanos.org.br\/noticias\/wp-content\/uploads\/2019\/02\/diego_270219_2-768x576.jpg 768w, https:\/\/franciscanos.org.br\/noticias\/wp-content\/uploads\/2019\/02\/diego_270219_2-150x113.jpg 150w\" sizes=\"(max-width: 890px) 100vw, 890px\" \/><\/p>\n<p>Deixo aqui minha gratid\u00e3o pela fraterna acolhida de toda a Fraternidade do Antoniano, especialmente aos confrades brasileiros de nossa Prov\u00edncia, Frei Gilberto Silva, Doutorando em Espiritualidade Franciscana, Frei Estev\u00e3o Ottenbreit, Guardi\u00e3o, e Frei Plinio Ghandi, que est\u00e1 a servi\u00e7o da Fraternidade.<\/p>\n<hr \/>\n<p><strong>Frei Diego Atalino de Melo<\/strong><br \/>\n<strong>Animador do JPIC<\/strong><\/p>\n<p><img loading=\"lazy\" class=\"aligncenter size-full wp-image-200758\" src=\"https:\/\/franciscanos.org.br\/noticias\/wp-content\/uploads\/2019\/02\/diego_270219_5.jpg\" alt=\"\" width=\"890\" height=\"668\" srcset=\"https:\/\/franciscanos.org.br\/noticias\/wp-content\/uploads\/2019\/02\/diego_270219_5.jpg 890w, https:\/\/franciscanos.org.br\/noticias\/wp-content\/uploads\/2019\/02\/diego_270219_5-450x338.jpg 450w, https:\/\/franciscanos.org.br\/noticias\/wp-content\/uploads\/2019\/02\/diego_270219_5-768x576.jpg 768w, https:\/\/franciscanos.org.br\/noticias\/wp-content\/uploads\/2019\/02\/diego_270219_5-150x113.jpg 150w\" sizes=\"(max-width: 890px) 100vw, 890px\" \/><\/p>\n","protected":false},"excerpt":{"rendered":"<p>Curso de Justi\u00e7a, Paz e integridade da Cria\u00e7\u00e3o (JPIC) promovido pela C\u00faria Geral da Ordem dos Frades Menores.<\/p>\n","protected":false},"author":3,"featured_media":200755,"comment_status":"open","ping_status":"open","sticky":false,"template":"","format":"standard","meta":[],"categories":[1],"tags":[1390,202,701],"acf":[],"yoast_head":"<!-- This site is optimized with the Yoast SEO plugin v19.2 - https:\/\/yoast.com\/wordpress\/plugins\/seo\/ -->\n<title>O Cuidado do Meio Ambiente e o Di\u00e1logo Ecum\u00eanico e inter-religioso - Not\u00edcias - Franciscanos<\/title>\n<meta name=\"robots\" content=\"index, follow, max-snippet:-1, max-image-preview:large, max-video-preview:-1\" \/>\n<link rel=\"canonical\" href=\"https:\/\/franciscanos.org.br\/noticias\/o-cuidado-do-meio-ambiente-e-o-dialogo-ecumenico-e-inter-religioso.html\" \/>\n<meta property=\"og:locale\" content=\"pt_BR\" \/>\n<meta property=\"og:type\" content=\"article\" \/>\n<meta property=\"og:title\" content=\"O Cuidado do Meio Ambiente e o Di\u00e1logo Ecum\u00eanico e inter-religioso - Not\u00edcias - Franciscanos\" \/>\n<meta property=\"og:description\" content=\"Curso de Justi\u00e7a, Paz e integridade da Cria\u00e7\u00e3o (JPIC) promovido pela C\u00faria Geral da Ordem dos Frades Menores.\" \/>\n<meta property=\"og:url\" content=\"https:\/\/franciscanos.org.br\/noticias\/o-cuidado-do-meio-ambiente-e-o-dialogo-ecumenico-e-inter-religioso.html\" \/>\n<meta property=\"og:site_name\" content=\"Not\u00edcias - Franciscanos\" \/>\n<meta property=\"article:published_time\" content=\"2019-02-27T18:23:14+00:00\" \/>\n<meta property=\"article:modified_time\" content=\"2019-02-27T18:29:00+00:00\" \/>\n<meta property=\"og:image\" content=\"https:\/\/franciscanos.org.br\/noticias\/wp-content\/uploads\/2019\/02\/diego_270219d.jpg\" \/>\n\t<meta property=\"og:image:width\" content=\"273\" \/>\n\t<meta property=\"og:image:height\" content=\"181\" \/>\n\t<meta property=\"og:image:type\" content=\"image\/jpeg\" \/>\n<meta name=\"author\" content=\"moacir\" \/>\n<meta name=\"twitter:card\" content=\"summary_large_image\" \/>\n<meta name=\"twitter:label1\" content=\"Escrito por\" \/>\n\t<meta name=\"twitter:data1\" content=\"moacir\" \/>\n\t<meta name=\"twitter:label2\" content=\"Est. tempo de leitura\" \/>\n\t<meta name=\"twitter:data2\" content=\"4 minutos\" \/>\n<script type=\"application\/ld+json\" class=\"yoast-schema-graph\">{\"@context\":\"https:\/\/schema.org\",\"@graph\":[{\"@type\":\"WebSite\",\"@id\":\"https:\/\/franciscanos.org.br\/noticias\/#website\",\"url\":\"https:\/\/franciscanos.org.br\/noticias\/\",\"name\":\"Not\u00edcias - Franciscanos\",\"description\":\"Prov\u00edncia Franciscana da Imaculada Concei\u00e7\u00e3o do Brasil - Ordem dos Frades Menores - OFM\",\"potentialAction\":[{\"@type\":\"SearchAction\",\"target\":{\"@type\":\"EntryPoint\",\"urlTemplate\":\"https:\/\/franciscanos.org.br\/noticias\/?s={search_term_string}\"},\"query-input\":\"required name=search_term_string\"}],\"inLanguage\":\"pt-BR\"},{\"@type\":\"ImageObject\",\"inLanguage\":\"pt-BR\",\"@id\":\"https:\/\/franciscanos.org.br\/noticias\/o-cuidado-do-meio-ambiente-e-o-dialogo-ecumenico-e-inter-religioso.html#primaryimage\",\"url\":\"https:\/\/franciscanos.org.br\/noticias\/wp-content\/uploads\/2019\/02\/diego_270219d.jpg\",\"contentUrl\":\"https:\/\/franciscanos.org.br\/noticias\/wp-content\/uploads\/2019\/02\/diego_270219d.jpg\",\"width\":273,\"height\":181},{\"@type\":\"WebPage\",\"@id\":\"https:\/\/franciscanos.org.br\/noticias\/o-cuidado-do-meio-ambiente-e-o-dialogo-ecumenico-e-inter-religioso.html#webpage\",\"url\":\"https:\/\/franciscanos.org.br\/noticias\/o-cuidado-do-meio-ambiente-e-o-dialogo-ecumenico-e-inter-religioso.html\",\"name\":\"O Cuidado do Meio Ambiente e o Di\u00e1logo Ecum\u00eanico e inter-religioso - Not\u00edcias - Franciscanos\",\"isPartOf\":{\"@id\":\"https:\/\/franciscanos.org.br\/noticias\/#website\"},\"primaryImageOfPage\":{\"@id\":\"https:\/\/franciscanos.org.br\/noticias\/o-cuidado-do-meio-ambiente-e-o-dialogo-ecumenico-e-inter-religioso.html#primaryimage\"},\"datePublished\":\"2019-02-27T18:23:14+00:00\",\"dateModified\":\"2019-02-27T18:29:00+00:00\",\"author\":{\"@id\":\"https:\/\/franciscanos.org.br\/noticias\/#\/schema\/person\/b5c8cba458c330ccff548b056e95a5d4\"},\"breadcrumb\":{\"@id\":\"https:\/\/franciscanos.org.br\/noticias\/o-cuidado-do-meio-ambiente-e-o-dialogo-ecumenico-e-inter-religioso.html#breadcrumb\"},\"inLanguage\":\"pt-BR\",\"potentialAction\":[{\"@type\":\"ReadAction\",\"target\":[\"https:\/\/franciscanos.org.br\/noticias\/o-cuidado-do-meio-ambiente-e-o-dialogo-ecumenico-e-inter-religioso.html\"]}]},{\"@type\":\"BreadcrumbList\",\"@id\":\"https:\/\/franciscanos.org.br\/noticias\/o-cuidado-do-meio-ambiente-e-o-dialogo-ecumenico-e-inter-religioso.html#breadcrumb\",\"itemListElement\":[{\"@type\":\"ListItem\",\"position\":1,\"name\":\"Home\",\"item\":\"https:\/\/franciscanos.org.br\/noticias\"},{\"@type\":\"ListItem\",\"position\":2,\"name\":\"O Cuidado do Meio Ambiente e o Di\u00e1logo Ecum\u00eanico e inter-religioso\"}]},{\"@type\":\"Person\",\"@id\":\"https:\/\/franciscanos.org.br\/noticias\/#\/schema\/person\/b5c8cba458c330ccff548b056e95a5d4\",\"name\":\"moacir\",\"image\":{\"@type\":\"ImageObject\",\"inLanguage\":\"pt-BR\",\"@id\":\"https:\/\/franciscanos.org.br\/noticias\/#\/schema\/person\/image\/\",\"url\":\"https:\/\/secure.gravatar.com\/avatar\/d08aa2ce4c8dd416d4479aa8536fcf64?s=96&d=mm&r=g\",\"contentUrl\":\"https:\/\/secure.gravatar.com\/avatar\/d08aa2ce4c8dd416d4479aa8536fcf64?s=96&d=mm&r=g\",\"caption\":\"moacir\"},\"url\":\"https:\/\/franciscanos.org.br\/noticias\/author\/moacir\"}]}<\/script>\n<!-- \/ Yoast SEO plugin. -->","yoast_head_json":{"title":"O Cuidado do Meio Ambiente e o Di\u00e1logo Ecum\u00eanico e inter-religioso - Not\u00edcias - Franciscanos","robots":{"index":"index","follow":"follow","max-snippet":"max-snippet:-1","max-image-preview":"max-image-preview:large","max-video-preview":"max-video-preview:-1"},"canonical":"https:\/\/franciscanos.org.br\/noticias\/o-cuidado-do-meio-ambiente-e-o-dialogo-ecumenico-e-inter-religioso.html","og_locale":"pt_BR","og_type":"article","og_title":"O Cuidado do Meio Ambiente e o Di\u00e1logo Ecum\u00eanico e inter-religioso - Not\u00edcias - Franciscanos","og_description":"Curso de Justi\u00e7a, Paz e integridade da Cria\u00e7\u00e3o (JPIC) promovido pela C\u00faria Geral da Ordem dos Frades Menores.","og_url":"https:\/\/franciscanos.org.br\/noticias\/o-cuidado-do-meio-ambiente-e-o-dialogo-ecumenico-e-inter-religioso.html","og_site_name":"Not\u00edcias - Franciscanos","article_published_time":"2019-02-27T18:23:14+00:00","article_modified_time":"2019-02-27T18:29:00+00:00","og_image":[{"width":273,"height":181,"url":"https:\/\/franciscanos.org.br\/noticias\/wp-content\/uploads\/2019\/02\/diego_270219d.jpg","type":"image\/jpeg"}],"author":"moacir","twitter_card":"summary_large_image","twitter_misc":{"Escrito por":"moacir","Est. tempo de leitura":"4 minutos"},"schema":{"@context":"https:\/\/schema.org","@graph":[{"@type":"WebSite","@id":"https:\/\/franciscanos.org.br\/noticias\/#website","url":"https:\/\/franciscanos.org.br\/noticias\/","name":"Not\u00edcias - Franciscanos","description":"Prov\u00edncia Franciscana da Imaculada Concei\u00e7\u00e3o do Brasil - Ordem dos Frades Menores - OFM","potentialAction":[{"@type":"SearchAction","target":{"@type":"EntryPoint","urlTemplate":"https:\/\/franciscanos.org.br\/noticias\/?s={search_term_string}"},"query-input":"required name=search_term_string"}],"inLanguage":"pt-BR"},{"@type":"ImageObject","inLanguage":"pt-BR","@id":"https:\/\/franciscanos.org.br\/noticias\/o-cuidado-do-meio-ambiente-e-o-dialogo-ecumenico-e-inter-religioso.html#primaryimage","url":"https:\/\/franciscanos.org.br\/noticias\/wp-content\/uploads\/2019\/02\/diego_270219d.jpg","contentUrl":"https:\/\/franciscanos.org.br\/noticias\/wp-content\/uploads\/2019\/02\/diego_270219d.jpg","width":273,"height":181},{"@type":"WebPage","@id":"https:\/\/franciscanos.org.br\/noticias\/o-cuidado-do-meio-ambiente-e-o-dialogo-ecumenico-e-inter-religioso.html#webpage","url":"https:\/\/franciscanos.org.br\/noticias\/o-cuidado-do-meio-ambiente-e-o-dialogo-ecumenico-e-inter-religioso.html","name":"O Cuidado do Meio Ambiente e o Di\u00e1logo Ecum\u00eanico e inter-religioso - Not\u00edcias - Franciscanos","isPartOf":{"@id":"https:\/\/franciscanos.org.br\/noticias\/#website"},"primaryImageOfPage":{"@id":"https:\/\/franciscanos.org.br\/noticias\/o-cuidado-do-meio-ambiente-e-o-dialogo-ecumenico-e-inter-religioso.html#primaryimage"},"datePublished":"2019-02-27T18:23:14+00:00","dateModified":"2019-02-27T18:29:00+00:00","author":{"@id":"https:\/\/franciscanos.org.br\/noticias\/#\/schema\/person\/b5c8cba458c330ccff548b056e95a5d4"},"breadcrumb":{"@id":"https:\/\/franciscanos.org.br\/noticias\/o-cuidado-do-meio-ambiente-e-o-dialogo-ecumenico-e-inter-religioso.html#breadcrumb"},"inLanguage":"pt-BR","potentialAction":[{"@type":"ReadAction","target":["https:\/\/franciscanos.org.br\/noticias\/o-cuidado-do-meio-ambiente-e-o-dialogo-ecumenico-e-inter-religioso.html"]}]},{"@type":"BreadcrumbList","@id":"https:\/\/franciscanos.org.br\/noticias\/o-cuidado-do-meio-ambiente-e-o-dialogo-ecumenico-e-inter-religioso.html#breadcrumb","itemListElement":[{"@type":"ListItem","position":1,"name":"Home","item":"https:\/\/franciscanos.org.br\/noticias"},{"@type":"ListItem","position":2,"name":"O Cuidado do Meio Ambiente e o Di\u00e1logo Ecum\u00eanico e inter-religioso"}]},{"@type":"Person","@id":"https:\/\/franciscanos.org.br\/noticias\/#\/schema\/person\/b5c8cba458c330ccff548b056e95a5d4","name":"moacir","image":{"@type":"ImageObject","inLanguage":"pt-BR","@id":"https:\/\/franciscanos.org.br\/noticias\/#\/schema\/person\/image\/","url":"https:\/\/secure.gravatar.com\/avatar\/d08aa2ce4c8dd416d4479aa8536fcf64?s=96&d=mm&r=g","contentUrl":"https:\/\/secure.gravatar.com\/avatar\/d08aa2ce4c8dd416d4479aa8536fcf64?s=96&d=mm&r=g","caption":"moacir"},"url":"https:\/\/franciscanos.org.br\/noticias\/author\/moacir"}]}},"_links":{"self":[{"href":"https:\/\/franciscanos.org.br\/noticias\/wp-json\/wp\/v2\/posts\/200753"}],"collection":[{"href":"https:\/\/franciscanos.org.br\/noticias\/wp-json\/wp\/v2\/posts"}],"about":[{"href":"https:\/\/franciscanos.org.br\/noticias\/wp-json\/wp\/v2\/types\/post"}],"author":[{"embeddable":true,"href":"https:\/\/franciscanos.org.br\/noticias\/wp-json\/wp\/v2\/users\/3"}],"replies":[{"embeddable":true,"href":"https:\/\/franciscanos.org.br\/noticias\/wp-json\/wp\/v2\/comments?post=200753"}],"version-history":[{"count":0,"href":"https:\/\/franciscanos.org.br\/noticias\/wp-json\/wp\/v2\/posts\/200753\/revisions"}],"wp:featuredmedia":[{"embeddable":true,"href":"https:\/\/franciscanos.org.br\/noticias\/wp-json\/wp\/v2\/media\/200755"}],"wp:attachment":[{"href":"https:\/\/franciscanos.org.br\/noticias\/wp-json\/wp\/v2\/media?parent=200753"}],"wp:term":[{"taxonomy":"category","embeddable":true,"href":"https:\/\/franciscanos.org.br\/noticias\/wp-json\/wp\/v2\/categories?post=200753"},{"taxonomy":"post_tag","embeddable":true,"href":"https:\/\/franciscanos.org.br\/noticias\/wp-json\/wp\/v2\/tags?post=200753"}],"curies":[{"name":"wp","href":"https:\/\/api.w.org\/{rel}","templated":true}]}}