{"id":200603,"date":"2019-02-26T23:14:53","date_gmt":"2019-02-27T02:14:53","guid":{"rendered":"https:\/\/franciscanos.org.br\/noticias\/?p=200603"},"modified":"2020-09-25T13:59:05","modified_gmt":"2020-09-25T16:59:05","slug":"dom-gregorio-voce-tem-o-poder-transformador-que-nasce-da-humildade","status":"publish","type":"post","link":"https:\/\/franciscanos.org.br\/noticias\/dom-gregorio-voce-tem-o-poder-transformador-que-nasce-da-humildade.html","title":{"rendered":"D. Greg\u00f3rio a Frei Jorge: Voc\u00ea tem o poder transformador que nasce da humildade"},"content":{"rendered":"<p><img loading=\"lazy\" class=\"alignnone wp-image-200604 size-full\" src=\"https:\/\/franciscanos.org.br\/noticias\/wp-content\/uploads\/2019\/02\/frjorge_260219.jpg\" alt=\"\" width=\"890\" height=\"450\" srcset=\"https:\/\/franciscanos.org.br\/noticias\/wp-content\/uploads\/2019\/02\/frjorge_260219.jpg 890w, https:\/\/franciscanos.org.br\/noticias\/wp-content\/uploads\/2019\/02\/frjorge_260219-450x228.jpg 450w, https:\/\/franciscanos.org.br\/noticias\/wp-content\/uploads\/2019\/02\/frjorge_260219-768x388.jpg 768w, https:\/\/franciscanos.org.br\/noticias\/wp-content\/uploads\/2019\/02\/frjorge_260219-150x76.jpg 150w\" sizes=\"(max-width: 890px) 100vw, 890px\" \/><\/p>\n<p><strong>Frei Augusto Luiz Gabriel<\/strong><\/p>\n<p><strong>Petr\u00f3polis (RJ) \u2013 <\/strong>\u00a0Nesta ter\u00e7a-feira, 26 de fevereiro, Frei Jorge Paulo Schiavini n\u00e3o s\u00f3 recebeu as chaves da Par\u00f3quia do Sagrado Cora\u00e7\u00e3o de Jesus, mas tamb\u00e9m as chaves do cora\u00e7\u00e3o de muitos paroquianos, confrades, amigos e simpatizantes do carisma franciscano durante a Celebra\u00e7\u00e3o Eucar\u00edstica, \u00e0s 18 horas, presidida pelo bispo da Diocese de Petr\u00f3polis (RJ), Dom Greg\u00f3rio Paix\u00e3o OSB.<\/p>\n<p>Natural de Conc\u00f3rdia (SC), Frei Jorge vestiu o h\u00e1bito franciscano em 09 de janeiro de 1998 e fez sua profiss\u00e3o solene em 2 de agosto de 2003. Foi ordenado presb\u00edtero em 11 de mar\u00e7o de 2006. Nos \u00faltimos anos foi o guardi\u00e3o da Fraternidade do Sagrado, servi\u00e7o que agora acumula com o de p\u00e1roco.<\/p>\n<p>Segundo o rito de posse, no in\u00edcio da Missa, Frei Fernando de Ara\u00fajo Lima, professor do Instituto Teol\u00f3gico Franciscano (ITF) e vig\u00e1rio paroquial, leu o documento de nomea\u00e7\u00e3o e provis\u00e3o de p\u00e1roco, atendendo ao pedido feito pelo Ministro Provincial da Prov\u00edncia Franciscana da Imaculada Concei\u00e7\u00e3o, Frei C\u00e9sar K\u00fclkamp, \u00e0 Diocese de Petr\u00f3polis. O\u00a0novo p\u00e1roco fez a profiss\u00e3o de f\u00e9 e o juramento de fidelidade na presen\u00e7a do bispo Dom Greg\u00f3rio e de toda comunidade reunida.<\/p>\n<p><img loading=\"lazy\" class=\"alignnone wp-image-200605 size-full\" src=\"https:\/\/franciscanos.org.br\/noticias\/wp-content\/uploads\/2019\/02\/frjorge_260219_1.jpg\" alt=\"\" width=\"890\" height=\"450\" srcset=\"https:\/\/franciscanos.org.br\/noticias\/wp-content\/uploads\/2019\/02\/frjorge_260219_1.jpg 890w, https:\/\/franciscanos.org.br\/noticias\/wp-content\/uploads\/2019\/02\/frjorge_260219_1-450x228.jpg 450w, https:\/\/franciscanos.org.br\/noticias\/wp-content\/uploads\/2019\/02\/frjorge_260219_1-768x388.jpg 768w, https:\/\/franciscanos.org.br\/noticias\/wp-content\/uploads\/2019\/02\/frjorge_260219_1-150x76.jpg 150w\" sizes=\"(max-width: 890px) 100vw, 890px\" \/><\/p>\n<p>Em sua homilia, Dom Greg\u00f3rio destacou que Jesus se mostrou transparente diante de seus disc\u00edpulos, revelando, inclusive, as dificuldades que iria passar. \u201cPor mais que conviviam com Jesus, n\u00e3o entendiam quem era Jesus e o projeto que Ele estava desenhando. Enquanto Jesus falava do sofrimento, eles falavam de gl\u00f3ria; enquanto Jesus falava de servi\u00e7o, eles falavam de poder&#8221;, explicou, perguntando: &#8220;Realmente conhecemos Jesus?\u201d.<\/p>\n<p>Segundo ele, uma atitude fundamental de todo crist\u00e3o \u00e9 viver o dia a dia com consci\u00eancia e liberdade de que todos somos convidados a transformar a realidade que nos cerca. \u201cMuitos falam de Deus, mas vivem como se Deus n\u00e3o existisse\u201d, lamentou.\u00a0\u201cHoje essa Igreja recebe um irm\u00e3o que ser\u00e1 o proclamador da alegria de quem conhece Jesus. Quero pedir que voc\u00eas ou\u00e7am o que ele vai dizer pela Palavra. Mas, fundamentalmente, saibam ler os gestos que ele manifestar\u00e1 pela sua pr\u00f3pria consagra\u00e7\u00e3o. Vivam a beleza daquilo que ele vai desejar tocar no cora\u00e7\u00e3o de voc\u00eas, mas ao mesmo tempo vejam pelos gestos concretos a verdade que se manifestar\u00e1 atrav\u00e9s de suas escolhas. Acolham este filho que veio de longe para trazer Aquele que n\u00f3s conhecemos, mas que precisa ser revelado para que assim O amemos ainda mais profundamente. E, de modo especial, sejam irm\u00e3os deste irm\u00e3o que deseja caminhar com voc\u00eas, para que, assim, juntos, como ovelhas do rebanho do grande Pastor, cheguemos exatamente onde Ele deseja que cheguemos. Esse \u00e9 o projeto de vida de uma comunidade crist\u00e3!\u201d, pediu Dom Greg\u00f3rio.<\/p>\n<p><img loading=\"lazy\" class=\"alignnone wp-image-200607 size-full\" src=\"https:\/\/franciscanos.org.br\/noticias\/wp-content\/uploads\/2019\/02\/frjorge_260219_2.jpg\" alt=\"\" width=\"890\" height=\"450\" srcset=\"https:\/\/franciscanos.org.br\/noticias\/wp-content\/uploads\/2019\/02\/frjorge_260219_2.jpg 890w, https:\/\/franciscanos.org.br\/noticias\/wp-content\/uploads\/2019\/02\/frjorge_260219_2-450x228.jpg 450w, https:\/\/franciscanos.org.br\/noticias\/wp-content\/uploads\/2019\/02\/frjorge_260219_2-768x388.jpg 768w, https:\/\/franciscanos.org.br\/noticias\/wp-content\/uploads\/2019\/02\/frjorge_260219_2-150x76.jpg 150w\" sizes=\"(max-width: 890px) 100vw, 890px\" \/><\/p>\n<p>\u201cE a voc\u00ea, Frei Jorge, s\u00f3 posso te dizer para que abrace esses irm\u00e3os que Deus est\u00e1 lhe dando. \u00c9 a alegria da continuidade da obra de Jesus. Pregue a Palavra com alegria. E, principalmente, meu irm\u00e3o, saiba e tenha a consci\u00eancia de que voc\u00ea carrega o poder do servi\u00e7o, poder de chorar com aqueles que sofrem, poder de se alegrar com aqueles que riem, poder de revelar o sorriso e alegria de Deus para com os irm\u00e3os. Poder transformador que nos vem pela humildade. Seja muito bem-vindo, Frei Jorge, e seja profundamente feliz\u201d, desejou o bispo.<\/p>\n<p>No rito da celebra\u00e7\u00e3o, Frei Jorge foi interrogado publicamente e comprometeu-se a seguir com Jesus a caminhada de evangeliza\u00e7\u00e3o e fortalecimento da f\u00e9 crist\u00e3. Em seguida, recebeu do bispo a chave da Igreja, os instrumentos para a celebra\u00e7\u00e3o do sacramento do batismo e a chave do Sacr\u00e1rio. Dom Greg\u00f3rio conduziu o p\u00e1roco at\u00e9 a capela da penit\u00eancia, dedicada a Santo Ant\u00f4nio de Sant&#8217;Ana Galv\u00e3o, como sinal de servi\u00e7o \u00e0 comunidade e confian\u00e7a \u00e0 Igreja. Depois, o vig\u00e1rio paroquial, Frei Almir Guimar\u00e3es, leu a ata de posse do novo p\u00e1roco. Por fim, o bispo pediu uma grande salva de palmas ao p\u00e1roco j\u00e1 empossado!<\/p>\n<p><img loading=\"lazy\" class=\"alignnone wp-image-200610 size-full\" src=\"https:\/\/franciscanos.org.br\/noticias\/wp-content\/uploads\/2019\/02\/frjorge_260219_3.jpg\" alt=\"\" width=\"890\" height=\"450\" srcset=\"https:\/\/franciscanos.org.br\/noticias\/wp-content\/uploads\/2019\/02\/frjorge_260219_3.jpg 890w, https:\/\/franciscanos.org.br\/noticias\/wp-content\/uploads\/2019\/02\/frjorge_260219_3-450x228.jpg 450w, https:\/\/franciscanos.org.br\/noticias\/wp-content\/uploads\/2019\/02\/frjorge_260219_3-768x388.jpg 768w, https:\/\/franciscanos.org.br\/noticias\/wp-content\/uploads\/2019\/02\/frjorge_260219_3-150x76.jpg 150w\" sizes=\"(max-width: 890px) 100vw, 890px\" \/><\/p>\n<p>Frei Jorge agradeceu a Dom Greg\u00f3rio pela proximidade para com a fraternidade e tamb\u00e9m com a Par\u00f3quia. Agradeceu de forma especial ao p\u00e1roco anterior, Frei James, que animou a vida paroquial nos \u00faltimos tr\u00eas anos. E pediu que a comunidade rezasse por ele, pela Par\u00f3quia, pelos freis e lideran\u00e7as. \u201cDeus Trindade nos conduz e, por isso, carreguemos nossas cruzes e responsabilidades, com f\u00e9 e esperan\u00e7a. Que possamos juntos viver e anunciar o Evangelho de Jesus Cristo\u201d, sublinhou. E, por fim, apresentou os frades que comp\u00f5em a Fraternidade permanente e tamb\u00e9m os novos frades estudantes.<\/p>\n<p><strong>UM POUCO DE HIST\u00d3RIA<\/strong><\/p>\n<p>Frei Jorge Paulo Schiavini \u00e9 o 18\u00ba p\u00e1roco na centen\u00e1ria Igreja do Sagrado Cora\u00e7\u00e3o de Jesus. Frei \u00c1tico Francisco Eyng foi o primeiro no per\u00edodo de 1946 a 1948. O segundo foi Frei Luiz Gonzaga Costa, de 1948 a1949. Depois vieram:\u00a0 3\u00ba) Frei Lauro Ostermann (1949-1956); 4\u00ba) Frei Aniceto Krocker (1956-1967); 5\u00ba) Frei Jose Bertoldi (1967-1969); 6\u00ba) Frei Faustino Tomelin (1969-1979); 7\u00ba) Frei Clar\u00eancio Neotti (1980-1982); 8\u00ba) Frei Jos\u00e9 Aussems (1983-1986); 9\u00ba) Frei Luis Dalmago (1986-1989); 10\u00ba) Frei Augusto Koenig (1989-1992); 11\u00ba) Frei Geraldo Freiberg (1992-1995); 12\u00ba) Frei Vitalino Turcato (1995-2000); 13\u00ba) Frei Vitalino Piaia (2000-2007); 14\u00ba) Frei Adriano Freixo Pinto (2007-2012); 15\u00ba) Frei Angelo Jos\u00e9 Luiz (2013-2016); 16\u00ba) Frei C\u00e9sar K\u00fclkamp (2016), atual Ministro Provincial. O antecessor de Frei Jorge foi Frei James Luiz Girardi (17\u00ba), que atuou como p\u00e1roco entre os anos de 2016 a 2018.<\/p>\n<hr \/>\n<p style=\"text-align: center;\"><strong>VEJA MAIS IMAGENS DA CELEBRA\u00c7\u00c3O<\/strong><\/p>\n\n\t\t<style type=\"text\/css\">\n\t\t\t#gallery-1 {\n\t\t\t\tmargin: auto;\n\t\t\t}\n\t\t\t#gallery-1 .gallery-item {\n\t\t\t\tfloat: left;\n\t\t\t\tmargin-top: 10px;\n\t\t\t\ttext-align: center;\n\t\t\t\twidth: 25%;\n\t\t\t}\n\t\t\t#gallery-1 img {\n\t\t\t\tborder: 2px solid #cfcfcf;\n\t\t\t}\n\t\t\t#gallery-1 .gallery-caption {\n\t\t\t\tmargin-left: 0;\n\t\t\t}\n\t\t\t\/* see gallery_shortcode() in wp-includes\/media.php *\/\n\t\t<\/style>\n\t\t<div id='gallery-1' class='gallery galleryid-200603 gallery-columns-4 gallery-size-thumbnail'><dl class='gallery-item'>\n\t\t\t<dt class='gallery-icon landscape'>\n\t\t\t\t<a href='https:\/\/franciscanos.org.br\/noticias\/wp-content\/uploads\/2019\/02\/posse_frjorge_260219-1.jpg'><img width=\"300\" height=\"300\" src=\"https:\/\/franciscanos.org.br\/noticias\/wp-content\/uploads\/2019\/02\/posse_frjorge_260219-1-300x300.jpg\" class=\"attachment-thumbnail size-thumbnail\" alt=\"\" loading=\"lazy\" srcset=\"https:\/\/franciscanos.org.br\/noticias\/wp-content\/uploads\/2019\/02\/posse_frjorge_260219-1-300x300.jpg 300w, https:\/\/franciscanos.org.br\/noticias\/wp-content\/uploads\/2019\/02\/posse_frjorge_260219-1-400x400.jpg 400w\" sizes=\"(max-width: 300px) 100vw, 300px\" \/><\/a>\n\t\t\t<\/dt><\/dl><dl class='gallery-item'>\n\t\t\t<dt class='gallery-icon landscape'>\n\t\t\t\t<a href='https:\/\/franciscanos.org.br\/noticias\/wp-content\/uploads\/2019\/02\/posse_frjorge_260219-2.jpg'><img width=\"300\" height=\"300\" src=\"https:\/\/franciscanos.org.br\/noticias\/wp-content\/uploads\/2019\/02\/posse_frjorge_260219-2-300x300.jpg\" class=\"attachment-thumbnail size-thumbnail\" alt=\"\" loading=\"lazy\" srcset=\"https:\/\/franciscanos.org.br\/noticias\/wp-content\/uploads\/2019\/02\/posse_frjorge_260219-2-300x300.jpg 300w, https:\/\/franciscanos.org.br\/noticias\/wp-content\/uploads\/2019\/02\/posse_frjorge_260219-2-400x400.jpg 400w\" sizes=\"(max-width: 300px) 100vw, 300px\" \/><\/a>\n\t\t\t<\/dt><\/dl><dl class='gallery-item'>\n\t\t\t<dt class='gallery-icon landscape'>\n\t\t\t\t<a href='https:\/\/franciscanos.org.br\/noticias\/wp-content\/uploads\/2019\/02\/posse_frjorge_260219-3.jpg'><img width=\"300\" height=\"300\" src=\"https:\/\/franciscanos.org.br\/noticias\/wp-content\/uploads\/2019\/02\/posse_frjorge_260219-3-300x300.jpg\" class=\"attachment-thumbnail size-thumbnail\" alt=\"\" loading=\"lazy\" srcset=\"https:\/\/franciscanos.org.br\/noticias\/wp-content\/uploads\/2019\/02\/posse_frjorge_260219-3-300x300.jpg 300w, https:\/\/franciscanos.org.br\/noticias\/wp-content\/uploads\/2019\/02\/posse_frjorge_260219-3-400x400.jpg 400w\" sizes=\"(max-width: 300px) 100vw, 300px\" \/><\/a>\n\t\t\t<\/dt><\/dl><dl class='gallery-item'>\n\t\t\t<dt class='gallery-icon landscape'>\n\t\t\t\t<a href='https:\/\/franciscanos.org.br\/noticias\/wp-content\/uploads\/2019\/02\/posse_frjorge_260219-4.jpg'><img width=\"300\" height=\"300\" src=\"https:\/\/franciscanos.org.br\/noticias\/wp-content\/uploads\/2019\/02\/posse_frjorge_260219-4-300x300.jpg\" class=\"attachment-thumbnail size-thumbnail\" alt=\"\" loading=\"lazy\" srcset=\"https:\/\/franciscanos.org.br\/noticias\/wp-content\/uploads\/2019\/02\/posse_frjorge_260219-4-300x300.jpg 300w, https:\/\/franciscanos.org.br\/noticias\/wp-content\/uploads\/2019\/02\/posse_frjorge_260219-4-400x400.jpg 400w\" sizes=\"(max-width: 300px) 100vw, 300px\" \/><\/a>\n\t\t\t<\/dt><\/dl><br style=\"clear: both\" \/><dl class='gallery-item'>\n\t\t\t<dt class='gallery-icon landscape'>\n\t\t\t\t<a href='https:\/\/franciscanos.org.br\/noticias\/wp-content\/uploads\/2019\/02\/posse_frjorge_260219-5.jpg'><img width=\"300\" height=\"300\" src=\"https:\/\/franciscanos.org.br\/noticias\/wp-content\/uploads\/2019\/02\/posse_frjorge_260219-5-300x300.jpg\" class=\"attachment-thumbnail size-thumbnail\" alt=\"\" loading=\"lazy\" srcset=\"https:\/\/franciscanos.org.br\/noticias\/wp-content\/uploads\/2019\/02\/posse_frjorge_260219-5-300x300.jpg 300w, https:\/\/franciscanos.org.br\/noticias\/wp-content\/uploads\/2019\/02\/posse_frjorge_260219-5-400x400.jpg 400w\" sizes=\"(max-width: 300px) 100vw, 300px\" \/><\/a>\n\t\t\t<\/dt><\/dl><dl class='gallery-item'>\n\t\t\t<dt class='gallery-icon landscape'>\n\t\t\t\t<a href='https:\/\/franciscanos.org.br\/noticias\/wp-content\/uploads\/2019\/02\/posse_frjorge_260219-6.jpg'><img width=\"300\" height=\"300\" src=\"https:\/\/franciscanos.org.br\/noticias\/wp-content\/uploads\/2019\/02\/posse_frjorge_260219-6-300x300.jpg\" class=\"attachment-thumbnail size-thumbnail\" alt=\"\" loading=\"lazy\" srcset=\"https:\/\/franciscanos.org.br\/noticias\/wp-content\/uploads\/2019\/02\/posse_frjorge_260219-6-300x300.jpg 300w, https:\/\/franciscanos.org.br\/noticias\/wp-content\/uploads\/2019\/02\/posse_frjorge_260219-6-400x400.jpg 400w\" sizes=\"(max-width: 300px) 100vw, 300px\" \/><\/a>\n\t\t\t<\/dt><\/dl><dl class='gallery-item'>\n\t\t\t<dt class='gallery-icon landscape'>\n\t\t\t\t<a href='https:\/\/franciscanos.org.br\/noticias\/wp-content\/uploads\/2019\/02\/posse_frjorge_260219-7.jpg'><img width=\"300\" height=\"300\" src=\"https:\/\/franciscanos.org.br\/noticias\/wp-content\/uploads\/2019\/02\/posse_frjorge_260219-7-300x300.jpg\" class=\"attachment-thumbnail size-thumbnail\" alt=\"\" loading=\"lazy\" srcset=\"https:\/\/franciscanos.org.br\/noticias\/wp-content\/uploads\/2019\/02\/posse_frjorge_260219-7-300x300.jpg 300w, https:\/\/franciscanos.org.br\/noticias\/wp-content\/uploads\/2019\/02\/posse_frjorge_260219-7-400x400.jpg 400w\" sizes=\"(max-width: 300px) 100vw, 300px\" \/><\/a>\n\t\t\t<\/dt><\/dl><dl class='gallery-item'>\n\t\t\t<dt class='gallery-icon landscape'>\n\t\t\t\t<a href='https:\/\/franciscanos.org.br\/noticias\/wp-content\/uploads\/2019\/02\/posse_frjorge_260219-8.jpg'><img width=\"300\" height=\"300\" src=\"https:\/\/franciscanos.org.br\/noticias\/wp-content\/uploads\/2019\/02\/posse_frjorge_260219-8-300x300.jpg\" class=\"attachment-thumbnail size-thumbnail\" alt=\"\" loading=\"lazy\" srcset=\"https:\/\/franciscanos.org.br\/noticias\/wp-content\/uploads\/2019\/02\/posse_frjorge_260219-8-300x300.jpg 300w, https:\/\/franciscanos.org.br\/noticias\/wp-content\/uploads\/2019\/02\/posse_frjorge_260219-8-400x400.jpg 400w\" sizes=\"(max-width: 300px) 100vw, 300px\" \/><\/a>\n\t\t\t<\/dt><\/dl><br style=\"clear: both\" \/><dl class='gallery-item'>\n\t\t\t<dt class='gallery-icon portrait'>\n\t\t\t\t<a href='https:\/\/franciscanos.org.br\/noticias\/wp-content\/uploads\/2019\/02\/posse_frjorge_260219-9-e1551231771570.jpg'><img width=\"300\" height=\"300\" src=\"https:\/\/franciscanos.org.br\/noticias\/wp-content\/uploads\/2019\/02\/posse_frjorge_260219-9-e1551231771570-300x300.jpg\" class=\"attachment-thumbnail size-thumbnail\" alt=\"\" loading=\"lazy\" srcset=\"https:\/\/franciscanos.org.br\/noticias\/wp-content\/uploads\/2019\/02\/posse_frjorge_260219-9-e1551231771570-300x300.jpg 300w, https:\/\/franciscanos.org.br\/noticias\/wp-content\/uploads\/2019\/02\/posse_frjorge_260219-9-e1551231771570-400x400.jpg 400w\" sizes=\"(max-width: 300px) 100vw, 300px\" \/><\/a>\n\t\t\t<\/dt><\/dl><dl class='gallery-item'>\n\t\t\t<dt class='gallery-icon portrait'>\n\t\t\t\t<a href='https:\/\/franciscanos.org.br\/noticias\/wp-content\/uploads\/2019\/02\/posse_frjorge_260219-10-e1551231779678.jpg'><img width=\"300\" height=\"300\" src=\"https:\/\/franciscanos.org.br\/noticias\/wp-content\/uploads\/2019\/02\/posse_frjorge_260219-10-e1551231779678-300x300.jpg\" class=\"attachment-thumbnail size-thumbnail\" alt=\"\" loading=\"lazy\" srcset=\"https:\/\/franciscanos.org.br\/noticias\/wp-content\/uploads\/2019\/02\/posse_frjorge_260219-10-e1551231779678-300x300.jpg 300w, https:\/\/franciscanos.org.br\/noticias\/wp-content\/uploads\/2019\/02\/posse_frjorge_260219-10-e1551231779678-400x400.jpg 400w\" sizes=\"(max-width: 300px) 100vw, 300px\" \/><\/a>\n\t\t\t<\/dt><\/dl><dl class='gallery-item'>\n\t\t\t<dt class='gallery-icon landscape'>\n\t\t\t\t<a href='https:\/\/franciscanos.org.br\/noticias\/wp-content\/uploads\/2019\/02\/posse_frjorge_260219-11.jpg'><img width=\"300\" height=\"300\" src=\"https:\/\/franciscanos.org.br\/noticias\/wp-content\/uploads\/2019\/02\/posse_frjorge_260219-11-300x300.jpg\" class=\"attachment-thumbnail size-thumbnail\" alt=\"\" loading=\"lazy\" srcset=\"https:\/\/franciscanos.org.br\/noticias\/wp-content\/uploads\/2019\/02\/posse_frjorge_260219-11-300x300.jpg 300w, https:\/\/franciscanos.org.br\/noticias\/wp-content\/uploads\/2019\/02\/posse_frjorge_260219-11-400x400.jpg 400w\" sizes=\"(max-width: 300px) 100vw, 300px\" \/><\/a>\n\t\t\t<\/dt><\/dl><dl class='gallery-item'>\n\t\t\t<dt class='gallery-icon landscape'>\n\t\t\t\t<a href='https:\/\/franciscanos.org.br\/noticias\/wp-content\/uploads\/2019\/02\/posse_frjorge_260219-12.jpg'><img width=\"300\" height=\"300\" src=\"https:\/\/franciscanos.org.br\/noticias\/wp-content\/uploads\/2019\/02\/posse_frjorge_260219-12-300x300.jpg\" class=\"attachment-thumbnail size-thumbnail\" alt=\"\" loading=\"lazy\" srcset=\"https:\/\/franciscanos.org.br\/noticias\/wp-content\/uploads\/2019\/02\/posse_frjorge_260219-12-300x300.jpg 300w, https:\/\/franciscanos.org.br\/noticias\/wp-content\/uploads\/2019\/02\/posse_frjorge_260219-12-400x400.jpg 400w\" sizes=\"(max-width: 300px) 100vw, 300px\" \/><\/a>\n\t\t\t<\/dt><\/dl><br style=\"clear: both\" \/><dl class='gallery-item'>\n\t\t\t<dt class='gallery-icon landscape'>\n\t\t\t\t<a href='https:\/\/franciscanos.org.br\/noticias\/wp-content\/uploads\/2019\/02\/posse_frjorge_260219-13.jpg'><img width=\"300\" height=\"300\" src=\"https:\/\/franciscanos.org.br\/noticias\/wp-content\/uploads\/2019\/02\/posse_frjorge_260219-13-300x300.jpg\" class=\"attachment-thumbnail size-thumbnail\" alt=\"\" loading=\"lazy\" srcset=\"https:\/\/franciscanos.org.br\/noticias\/wp-content\/uploads\/2019\/02\/posse_frjorge_260219-13-300x300.jpg 300w, https:\/\/franciscanos.org.br\/noticias\/wp-content\/uploads\/2019\/02\/posse_frjorge_260219-13-400x400.jpg 400w\" sizes=\"(max-width: 300px) 100vw, 300px\" \/><\/a>\n\t\t\t<\/dt><\/dl><dl class='gallery-item'>\n\t\t\t<dt class='gallery-icon landscape'>\n\t\t\t\t<a href='https:\/\/franciscanos.org.br\/noticias\/wp-content\/uploads\/2019\/02\/posse_frjorge_260219-14.jpg'><img width=\"300\" height=\"300\" src=\"https:\/\/franciscanos.org.br\/noticias\/wp-content\/uploads\/2019\/02\/posse_frjorge_260219-14-300x300.jpg\" class=\"attachment-thumbnail size-thumbnail\" alt=\"\" loading=\"lazy\" srcset=\"https:\/\/franciscanos.org.br\/noticias\/wp-content\/uploads\/2019\/02\/posse_frjorge_260219-14-300x300.jpg 300w, https:\/\/franciscanos.org.br\/noticias\/wp-content\/uploads\/2019\/02\/posse_frjorge_260219-14-400x400.jpg 400w\" sizes=\"(max-width: 300px) 100vw, 300px\" \/><\/a>\n\t\t\t<\/dt><\/dl><dl class='gallery-item'>\n\t\t\t<dt class='gallery-icon landscape'>\n\t\t\t\t<a href='https:\/\/franciscanos.org.br\/noticias\/wp-content\/uploads\/2019\/02\/posse_frjorge_260219-15.jpg'><img width=\"300\" height=\"300\" src=\"https:\/\/franciscanos.org.br\/noticias\/wp-content\/uploads\/2019\/02\/posse_frjorge_260219-15-300x300.jpg\" class=\"attachment-thumbnail size-thumbnail\" alt=\"\" loading=\"lazy\" srcset=\"https:\/\/franciscanos.org.br\/noticias\/wp-content\/uploads\/2019\/02\/posse_frjorge_260219-15-300x300.jpg 300w, https:\/\/franciscanos.org.br\/noticias\/wp-content\/uploads\/2019\/02\/posse_frjorge_260219-15-400x400.jpg 400w\" sizes=\"(max-width: 300px) 100vw, 300px\" \/><\/a>\n\t\t\t<\/dt><\/dl><dl class='gallery-item'>\n\t\t\t<dt class='gallery-icon landscape'>\n\t\t\t\t<a href='https:\/\/franciscanos.org.br\/noticias\/wp-content\/uploads\/2019\/02\/posse_frjorge_260219-16.jpg'><img width=\"300\" height=\"300\" src=\"https:\/\/franciscanos.org.br\/noticias\/wp-content\/uploads\/2019\/02\/posse_frjorge_260219-16-300x300.jpg\" class=\"attachment-thumbnail size-thumbnail\" alt=\"\" loading=\"lazy\" srcset=\"https:\/\/franciscanos.org.br\/noticias\/wp-content\/uploads\/2019\/02\/posse_frjorge_260219-16-300x300.jpg 300w, https:\/\/franciscanos.org.br\/noticias\/wp-content\/uploads\/2019\/02\/posse_frjorge_260219-16-400x400.jpg 400w\" sizes=\"(max-width: 300px) 100vw, 300px\" \/><\/a>\n\t\t\t<\/dt><\/dl><br style=\"clear: both\" \/><dl class='gallery-item'>\n\t\t\t<dt class='gallery-icon landscape'>\n\t\t\t\t<a href='https:\/\/franciscanos.org.br\/noticias\/wp-content\/uploads\/2019\/02\/posse_frjorge_260219-17.jpg'><img width=\"300\" height=\"300\" src=\"https:\/\/franciscanos.org.br\/noticias\/wp-content\/uploads\/2019\/02\/posse_frjorge_260219-17-300x300.jpg\" class=\"attachment-thumbnail size-thumbnail\" alt=\"\" loading=\"lazy\" srcset=\"https:\/\/franciscanos.org.br\/noticias\/wp-content\/uploads\/2019\/02\/posse_frjorge_260219-17-300x300.jpg 300w, https:\/\/franciscanos.org.br\/noticias\/wp-content\/uploads\/2019\/02\/posse_frjorge_260219-17-400x400.jpg 400w\" sizes=\"(max-width: 300px) 100vw, 300px\" \/><\/a>\n\t\t\t<\/dt><\/dl><dl class='gallery-item'>\n\t\t\t<dt class='gallery-icon landscape'>\n\t\t\t\t<a href='https:\/\/franciscanos.org.br\/noticias\/wp-content\/uploads\/2019\/02\/posse_frjorge_260219-18.jpg'><img width=\"300\" height=\"300\" src=\"https:\/\/franciscanos.org.br\/noticias\/wp-content\/uploads\/2019\/02\/posse_frjorge_260219-18-300x300.jpg\" class=\"attachment-thumbnail size-thumbnail\" alt=\"\" loading=\"lazy\" srcset=\"https:\/\/franciscanos.org.br\/noticias\/wp-content\/uploads\/2019\/02\/posse_frjorge_260219-18-300x300.jpg 300w, https:\/\/franciscanos.org.br\/noticias\/wp-content\/uploads\/2019\/02\/posse_frjorge_260219-18-400x400.jpg 400w\" sizes=\"(max-width: 300px) 100vw, 300px\" \/><\/a>\n\t\t\t<\/dt><\/dl><dl class='gallery-item'>\n\t\t\t<dt class='gallery-icon landscape'>\n\t\t\t\t<a href='https:\/\/franciscanos.org.br\/noticias\/wp-content\/uploads\/2019\/02\/posse_frjorge_260219-19.jpg'><img width=\"300\" height=\"300\" src=\"https:\/\/franciscanos.org.br\/noticias\/wp-content\/uploads\/2019\/02\/posse_frjorge_260219-19-300x300.jpg\" class=\"attachment-thumbnail size-thumbnail\" alt=\"\" loading=\"lazy\" srcset=\"https:\/\/franciscanos.org.br\/noticias\/wp-content\/uploads\/2019\/02\/posse_frjorge_260219-19-300x300.jpg 300w, https:\/\/franciscanos.org.br\/noticias\/wp-content\/uploads\/2019\/02\/posse_frjorge_260219-19-400x400.jpg 400w\" sizes=\"(max-width: 300px) 100vw, 300px\" \/><\/a>\n\t\t\t<\/dt><\/dl><dl class='gallery-item'>\n\t\t\t<dt class='gallery-icon landscape'>\n\t\t\t\t<a href='https:\/\/franciscanos.org.br\/noticias\/wp-content\/uploads\/2019\/02\/posse_frjorge_260219-20.jpg'><img width=\"300\" height=\"300\" src=\"https:\/\/franciscanos.org.br\/noticias\/wp-content\/uploads\/2019\/02\/posse_frjorge_260219-20-300x300.jpg\" class=\"attachment-thumbnail size-thumbnail\" alt=\"\" loading=\"lazy\" srcset=\"https:\/\/franciscanos.org.br\/noticias\/wp-content\/uploads\/2019\/02\/posse_frjorge_260219-20-300x300.jpg 300w, https:\/\/franciscanos.org.br\/noticias\/wp-content\/uploads\/2019\/02\/posse_frjorge_260219-20-400x400.jpg 400w\" sizes=\"(max-width: 300px) 100vw, 300px\" \/><\/a>\n\t\t\t<\/dt><\/dl><br style=\"clear: both\" \/><dl class='gallery-item'>\n\t\t\t<dt class='gallery-icon landscape'>\n\t\t\t\t<a href='https:\/\/franciscanos.org.br\/noticias\/wp-content\/uploads\/2019\/02\/posse_frjorge_260219-21.jpg'><img width=\"300\" height=\"300\" src=\"https:\/\/franciscanos.org.br\/noticias\/wp-content\/uploads\/2019\/02\/posse_frjorge_260219-21-300x300.jpg\" class=\"attachment-thumbnail size-thumbnail\" alt=\"\" loading=\"lazy\" srcset=\"https:\/\/franciscanos.org.br\/noticias\/wp-content\/uploads\/2019\/02\/posse_frjorge_260219-21-300x300.jpg 300w, https:\/\/franciscanos.org.br\/noticias\/wp-content\/uploads\/2019\/02\/posse_frjorge_260219-21-400x400.jpg 400w\" sizes=\"(max-width: 300px) 100vw, 300px\" \/><\/a>\n\t\t\t<\/dt><\/dl><dl class='gallery-item'>\n\t\t\t<dt class='gallery-icon landscape'>\n\t\t\t\t<a href='https:\/\/franciscanos.org.br\/noticias\/wp-content\/uploads\/2019\/02\/posse_frjorge_260219-22.jpg'><img width=\"300\" height=\"300\" src=\"https:\/\/franciscanos.org.br\/noticias\/wp-content\/uploads\/2019\/02\/posse_frjorge_260219-22-300x300.jpg\" class=\"attachment-thumbnail size-thumbnail\" alt=\"\" loading=\"lazy\" srcset=\"https:\/\/franciscanos.org.br\/noticias\/wp-content\/uploads\/2019\/02\/posse_frjorge_260219-22-300x300.jpg 300w, https:\/\/franciscanos.org.br\/noticias\/wp-content\/uploads\/2019\/02\/posse_frjorge_260219-22-400x400.jpg 400w\" sizes=\"(max-width: 300px) 100vw, 300px\" \/><\/a>\n\t\t\t<\/dt><\/dl><dl class='gallery-item'>\n\t\t\t<dt class='gallery-icon landscape'>\n\t\t\t\t<a href='https:\/\/franciscanos.org.br\/noticias\/wp-content\/uploads\/2019\/02\/posse_frjorge_260219-23.jpg'><img width=\"300\" height=\"300\" src=\"https:\/\/franciscanos.org.br\/noticias\/wp-content\/uploads\/2019\/02\/posse_frjorge_260219-23-300x300.jpg\" class=\"attachment-thumbnail size-thumbnail\" alt=\"\" loading=\"lazy\" srcset=\"https:\/\/franciscanos.org.br\/noticias\/wp-content\/uploads\/2019\/02\/posse_frjorge_260219-23-300x300.jpg 300w, https:\/\/franciscanos.org.br\/noticias\/wp-content\/uploads\/2019\/02\/posse_frjorge_260219-23-400x400.jpg 400w\" sizes=\"(max-width: 300px) 100vw, 300px\" \/><\/a>\n\t\t\t<\/dt><\/dl><dl class='gallery-item'>\n\t\t\t<dt class='gallery-icon landscape'>\n\t\t\t\t<a href='https:\/\/franciscanos.org.br\/noticias\/wp-content\/uploads\/2019\/02\/posse_frjorge_260219-24.jpg'><img width=\"300\" height=\"300\" src=\"https:\/\/franciscanos.org.br\/noticias\/wp-content\/uploads\/2019\/02\/posse_frjorge_260219-24-300x300.jpg\" class=\"attachment-thumbnail size-thumbnail\" alt=\"\" loading=\"lazy\" srcset=\"https:\/\/franciscanos.org.br\/noticias\/wp-content\/uploads\/2019\/02\/posse_frjorge_260219-24-300x300.jpg 300w, https:\/\/franciscanos.org.br\/noticias\/wp-content\/uploads\/2019\/02\/posse_frjorge_260219-24-400x400.jpg 400w\" sizes=\"(max-width: 300px) 100vw, 300px\" \/><\/a>\n\t\t\t<\/dt><\/dl><br style=\"clear: both\" \/>\n\t\t<\/div>\n\n","protected":false},"excerpt":{"rendered":"<p>Frei Augusto Luiz Gabriel Petr\u00f3polis (RJ) \u2013 \u00a0Nesta ter\u00e7a-feira, 26 de fevereiro, Frei Jorge Paulo Schiavini n\u00e3o s\u00f3 recebeu as chaves da Par\u00f3quia do Sagrado Cora\u00e7\u00e3o de Jesus, mas tamb\u00e9m as chaves do cora\u00e7\u00e3o de muitos paroquianos, confrades, amigos e simpatizantes do carisma franciscano durante a Celebra\u00e7\u00e3o Eucar\u00edstica, \u00e0s 18 horas, presidida pelo bispo da [&hellip;]<\/p>\n","protected":false},"author":5,"featured_media":200637,"comment_status":"open","ping_status":"open","sticky":false,"template":"","format":"standard","meta":[],"categories":[1],"tags":[190,450],"acf":[],"yoast_head":"<!-- This site is optimized with the Yoast SEO plugin v19.2 - https:\/\/yoast.com\/wordpress\/plugins\/seo\/ -->\n<title>D. Greg\u00f3rio a Frei Jorge: Voc\u00ea tem o poder transformador que nasce da humildade - Not\u00edcias - Franciscanos<\/title>\n<meta name=\"robots\" content=\"index, follow, max-snippet:-1, max-image-preview:large, max-video-preview:-1\" \/>\n<link rel=\"canonical\" href=\"https:\/\/franciscanos.org.br\/noticias\/dom-gregorio-voce-tem-o-poder-transformador-que-nasce-da-humildade.html\" \/>\n<meta property=\"og:locale\" content=\"pt_BR\" \/>\n<meta property=\"og:type\" content=\"article\" \/>\n<meta property=\"og:title\" content=\"D. Greg\u00f3rio a Frei Jorge: Voc\u00ea tem o poder transformador que nasce da humildade - Not\u00edcias - Franciscanos\" \/>\n<meta property=\"og:description\" content=\"Frei Augusto Luiz Gabriel Petr\u00f3polis (RJ) \u2013 \u00a0Nesta ter\u00e7a-feira, 26 de fevereiro, Frei Jorge Paulo Schiavini n\u00e3o s\u00f3 recebeu as chaves da Par\u00f3quia do Sagrado Cora\u00e7\u00e3o de Jesus, mas tamb\u00e9m as chaves do cora\u00e7\u00e3o de muitos paroquianos, confrades, amigos e simpatizantes do carisma franciscano durante a Celebra\u00e7\u00e3o Eucar\u00edstica, \u00e0s 18 horas, presidida pelo bispo da [&hellip;]\" \/>\n<meta property=\"og:url\" content=\"https:\/\/franciscanos.org.br\/noticias\/dom-gregorio-voce-tem-o-poder-transformador-que-nasce-da-humildade.html\" \/>\n<meta property=\"og:site_name\" content=\"Not\u00edcias - Franciscanos\" \/>\n<meta property=\"article:published_time\" content=\"2019-02-27T02:14:53+00:00\" \/>\n<meta property=\"article:modified_time\" content=\"2020-09-25T16:59:05+00:00\" \/>\n<meta property=\"og:image\" content=\"https:\/\/franciscanos.org.br\/noticias\/wp-content\/uploads\/2019\/02\/frjorge_260219_.jpg\" \/>\n\t<meta property=\"og:image:width\" content=\"273\" \/>\n\t<meta property=\"og:image:height\" content=\"181\" \/>\n\t<meta property=\"og:image:type\" content=\"image\/jpeg\" \/>\n<meta name=\"author\" content=\"freiaugusto\" \/>\n<meta name=\"twitter:card\" content=\"summary_large_image\" \/>\n<meta name=\"twitter:label1\" content=\"Escrito por\" \/>\n\t<meta name=\"twitter:data1\" content=\"freiaugusto\" \/>\n\t<meta name=\"twitter:label2\" content=\"Est. tempo de leitura\" \/>\n\t<meta name=\"twitter:data2\" content=\"5 minutos\" \/>\n<script type=\"application\/ld+json\" class=\"yoast-schema-graph\">{\"@context\":\"https:\/\/schema.org\",\"@graph\":[{\"@type\":\"WebSite\",\"@id\":\"https:\/\/franciscanos.org.br\/noticias\/#website\",\"url\":\"https:\/\/franciscanos.org.br\/noticias\/\",\"name\":\"Not\u00edcias - Franciscanos\",\"description\":\"Prov\u00edncia Franciscana da Imaculada Concei\u00e7\u00e3o do Brasil - Ordem dos Frades Menores - OFM\",\"potentialAction\":[{\"@type\":\"SearchAction\",\"target\":{\"@type\":\"EntryPoint\",\"urlTemplate\":\"https:\/\/franciscanos.org.br\/noticias\/?s={search_term_string}\"},\"query-input\":\"required name=search_term_string\"}],\"inLanguage\":\"pt-BR\"},{\"@type\":\"ImageObject\",\"inLanguage\":\"pt-BR\",\"@id\":\"https:\/\/franciscanos.org.br\/noticias\/dom-gregorio-voce-tem-o-poder-transformador-que-nasce-da-humildade.html#primaryimage\",\"url\":\"https:\/\/franciscanos.org.br\/noticias\/wp-content\/uploads\/2019\/02\/frjorge_260219_.jpg\",\"contentUrl\":\"https:\/\/franciscanos.org.br\/noticias\/wp-content\/uploads\/2019\/02\/frjorge_260219_.jpg\",\"width\":273,\"height\":181},{\"@type\":\"WebPage\",\"@id\":\"https:\/\/franciscanos.org.br\/noticias\/dom-gregorio-voce-tem-o-poder-transformador-que-nasce-da-humildade.html#webpage\",\"url\":\"https:\/\/franciscanos.org.br\/noticias\/dom-gregorio-voce-tem-o-poder-transformador-que-nasce-da-humildade.html\",\"name\":\"D. Greg\u00f3rio a Frei Jorge: Voc\u00ea tem o poder transformador que nasce da humildade - Not\u00edcias - Franciscanos\",\"isPartOf\":{\"@id\":\"https:\/\/franciscanos.org.br\/noticias\/#website\"},\"primaryImageOfPage\":{\"@id\":\"https:\/\/franciscanos.org.br\/noticias\/dom-gregorio-voce-tem-o-poder-transformador-que-nasce-da-humildade.html#primaryimage\"},\"datePublished\":\"2019-02-27T02:14:53+00:00\",\"dateModified\":\"2020-09-25T16:59:05+00:00\",\"author\":{\"@id\":\"https:\/\/franciscanos.org.br\/noticias\/#\/schema\/person\/37f88f0d111cd5358b12a6556a99eb91\"},\"breadcrumb\":{\"@id\":\"https:\/\/franciscanos.org.br\/noticias\/dom-gregorio-voce-tem-o-poder-transformador-que-nasce-da-humildade.html#breadcrumb\"},\"inLanguage\":\"pt-BR\",\"potentialAction\":[{\"@type\":\"ReadAction\",\"target\":[\"https:\/\/franciscanos.org.br\/noticias\/dom-gregorio-voce-tem-o-poder-transformador-que-nasce-da-humildade.html\"]}]},{\"@type\":\"BreadcrumbList\",\"@id\":\"https:\/\/franciscanos.org.br\/noticias\/dom-gregorio-voce-tem-o-poder-transformador-que-nasce-da-humildade.html#breadcrumb\",\"itemListElement\":[{\"@type\":\"ListItem\",\"position\":1,\"name\":\"Home\",\"item\":\"https:\/\/franciscanos.org.br\/noticias\"},{\"@type\":\"ListItem\",\"position\":2,\"name\":\"D. Greg\u00f3rio a Frei Jorge: Voc\u00ea tem o poder transformador que nasce da humildade\"}]},{\"@type\":\"Person\",\"@id\":\"https:\/\/franciscanos.org.br\/noticias\/#\/schema\/person\/37f88f0d111cd5358b12a6556a99eb91\",\"name\":\"freiaugusto\",\"image\":{\"@type\":\"ImageObject\",\"inLanguage\":\"pt-BR\",\"@id\":\"https:\/\/franciscanos.org.br\/noticias\/#\/schema\/person\/image\/\",\"url\":\"https:\/\/secure.gravatar.com\/avatar\/9840b940e621801b24f3e6b059efb4b7?s=96&d=mm&r=g\",\"contentUrl\":\"https:\/\/secure.gravatar.com\/avatar\/9840b940e621801b24f3e6b059efb4b7?s=96&d=mm&r=g\",\"caption\":\"freiaugusto\"},\"url\":\"https:\/\/franciscanos.org.br\/noticias\/author\/freiaugusto\"}]}<\/script>\n<!-- \/ Yoast SEO plugin. -->","yoast_head_json":{"title":"D. Greg\u00f3rio a Frei Jorge: Voc\u00ea tem o poder transformador que nasce da humildade - Not\u00edcias - Franciscanos","robots":{"index":"index","follow":"follow","max-snippet":"max-snippet:-1","max-image-preview":"max-image-preview:large","max-video-preview":"max-video-preview:-1"},"canonical":"https:\/\/franciscanos.org.br\/noticias\/dom-gregorio-voce-tem-o-poder-transformador-que-nasce-da-humildade.html","og_locale":"pt_BR","og_type":"article","og_title":"D. Greg\u00f3rio a Frei Jorge: Voc\u00ea tem o poder transformador que nasce da humildade - Not\u00edcias - Franciscanos","og_description":"Frei Augusto Luiz Gabriel Petr\u00f3polis (RJ) \u2013 \u00a0Nesta ter\u00e7a-feira, 26 de fevereiro, Frei Jorge Paulo Schiavini n\u00e3o s\u00f3 recebeu as chaves da Par\u00f3quia do Sagrado Cora\u00e7\u00e3o de Jesus, mas tamb\u00e9m as chaves do cora\u00e7\u00e3o de muitos paroquianos, confrades, amigos e simpatizantes do carisma franciscano durante a Celebra\u00e7\u00e3o Eucar\u00edstica, \u00e0s 18 horas, presidida pelo bispo da [&hellip;]","og_url":"https:\/\/franciscanos.org.br\/noticias\/dom-gregorio-voce-tem-o-poder-transformador-que-nasce-da-humildade.html","og_site_name":"Not\u00edcias - Franciscanos","article_published_time":"2019-02-27T02:14:53+00:00","article_modified_time":"2020-09-25T16:59:05+00:00","og_image":[{"width":273,"height":181,"url":"https:\/\/franciscanos.org.br\/noticias\/wp-content\/uploads\/2019\/02\/frjorge_260219_.jpg","type":"image\/jpeg"}],"author":"freiaugusto","twitter_card":"summary_large_image","twitter_misc":{"Escrito por":"freiaugusto","Est. tempo de leitura":"5 minutos"},"schema":{"@context":"https:\/\/schema.org","@graph":[{"@type":"WebSite","@id":"https:\/\/franciscanos.org.br\/noticias\/#website","url":"https:\/\/franciscanos.org.br\/noticias\/","name":"Not\u00edcias - Franciscanos","description":"Prov\u00edncia Franciscana da Imaculada Concei\u00e7\u00e3o do Brasil - Ordem dos Frades Menores - OFM","potentialAction":[{"@type":"SearchAction","target":{"@type":"EntryPoint","urlTemplate":"https:\/\/franciscanos.org.br\/noticias\/?s={search_term_string}"},"query-input":"required name=search_term_string"}],"inLanguage":"pt-BR"},{"@type":"ImageObject","inLanguage":"pt-BR","@id":"https:\/\/franciscanos.org.br\/noticias\/dom-gregorio-voce-tem-o-poder-transformador-que-nasce-da-humildade.html#primaryimage","url":"https:\/\/franciscanos.org.br\/noticias\/wp-content\/uploads\/2019\/02\/frjorge_260219_.jpg","contentUrl":"https:\/\/franciscanos.org.br\/noticias\/wp-content\/uploads\/2019\/02\/frjorge_260219_.jpg","width":273,"height":181},{"@type":"WebPage","@id":"https:\/\/franciscanos.org.br\/noticias\/dom-gregorio-voce-tem-o-poder-transformador-que-nasce-da-humildade.html#webpage","url":"https:\/\/franciscanos.org.br\/noticias\/dom-gregorio-voce-tem-o-poder-transformador-que-nasce-da-humildade.html","name":"D. Greg\u00f3rio a Frei Jorge: Voc\u00ea tem o poder transformador que nasce da humildade - Not\u00edcias - Franciscanos","isPartOf":{"@id":"https:\/\/franciscanos.org.br\/noticias\/#website"},"primaryImageOfPage":{"@id":"https:\/\/franciscanos.org.br\/noticias\/dom-gregorio-voce-tem-o-poder-transformador-que-nasce-da-humildade.html#primaryimage"},"datePublished":"2019-02-27T02:14:53+00:00","dateModified":"2020-09-25T16:59:05+00:00","author":{"@id":"https:\/\/franciscanos.org.br\/noticias\/#\/schema\/person\/37f88f0d111cd5358b12a6556a99eb91"},"breadcrumb":{"@id":"https:\/\/franciscanos.org.br\/noticias\/dom-gregorio-voce-tem-o-poder-transformador-que-nasce-da-humildade.html#breadcrumb"},"inLanguage":"pt-BR","potentialAction":[{"@type":"ReadAction","target":["https:\/\/franciscanos.org.br\/noticias\/dom-gregorio-voce-tem-o-poder-transformador-que-nasce-da-humildade.html"]}]},{"@type":"BreadcrumbList","@id":"https:\/\/franciscanos.org.br\/noticias\/dom-gregorio-voce-tem-o-poder-transformador-que-nasce-da-humildade.html#breadcrumb","itemListElement":[{"@type":"ListItem","position":1,"name":"Home","item":"https:\/\/franciscanos.org.br\/noticias"},{"@type":"ListItem","position":2,"name":"D. Greg\u00f3rio a Frei Jorge: Voc\u00ea tem o poder transformador que nasce da humildade"}]},{"@type":"Person","@id":"https:\/\/franciscanos.org.br\/noticias\/#\/schema\/person\/37f88f0d111cd5358b12a6556a99eb91","name":"freiaugusto","image":{"@type":"ImageObject","inLanguage":"pt-BR","@id":"https:\/\/franciscanos.org.br\/noticias\/#\/schema\/person\/image\/","url":"https:\/\/secure.gravatar.com\/avatar\/9840b940e621801b24f3e6b059efb4b7?s=96&d=mm&r=g","contentUrl":"https:\/\/secure.gravatar.com\/avatar\/9840b940e621801b24f3e6b059efb4b7?s=96&d=mm&r=g","caption":"freiaugusto"},"url":"https:\/\/franciscanos.org.br\/noticias\/author\/freiaugusto"}]}},"_links":{"self":[{"href":"https:\/\/franciscanos.org.br\/noticias\/wp-json\/wp\/v2\/posts\/200603"}],"collection":[{"href":"https:\/\/franciscanos.org.br\/noticias\/wp-json\/wp\/v2\/posts"}],"about":[{"href":"https:\/\/franciscanos.org.br\/noticias\/wp-json\/wp\/v2\/types\/post"}],"author":[{"embeddable":true,"href":"https:\/\/franciscanos.org.br\/noticias\/wp-json\/wp\/v2\/users\/5"}],"replies":[{"embeddable":true,"href":"https:\/\/franciscanos.org.br\/noticias\/wp-json\/wp\/v2\/comments?post=200603"}],"version-history":[{"count":1,"href":"https:\/\/franciscanos.org.br\/noticias\/wp-json\/wp\/v2\/posts\/200603\/revisions"}],"predecessor-version":[{"id":228475,"href":"https:\/\/franciscanos.org.br\/noticias\/wp-json\/wp\/v2\/posts\/200603\/revisions\/228475"}],"wp:featuredmedia":[{"embeddable":true,"href":"https:\/\/franciscanos.org.br\/noticias\/wp-json\/wp\/v2\/media\/200637"}],"wp:attachment":[{"href":"https:\/\/franciscanos.org.br\/noticias\/wp-json\/wp\/v2\/media?parent=200603"}],"wp:term":[{"taxonomy":"category","embeddable":true,"href":"https:\/\/franciscanos.org.br\/noticias\/wp-json\/wp\/v2\/categories?post=200603"},{"taxonomy":"post_tag","embeddable":true,"href":"https:\/\/franciscanos.org.br\/noticias\/wp-json\/wp\/v2\/tags?post=200603"}],"curies":[{"name":"wp","href":"https:\/\/api.w.org\/{rel}","templated":true}]}}