{"id":200584,"date":"2019-02-26T11:10:30","date_gmt":"2019-02-26T14:10:30","guid":{"rendered":"https:\/\/franciscanos.org.br\/noticias\/?p=200584"},"modified":"2019-02-26T11:23:52","modified_gmt":"2019-02-26T14:23:52","slug":"frei-alvaci-convida-benfeitores-e-simpatizantes-para-retiro-em-agudos","status":"publish","type":"post","link":"https:\/\/franciscanos.org.br\/noticias\/frei-alvaci-convida-benfeitores-e-simpatizantes-para-retiro-em-agudos.html","title":{"rendered":"Frei Alvaci convida benfeitores e simpatizantes para Retiro em Agudos"},"content":{"rendered":"<p><img loading=\"lazy\" class=\"alignnone size-full wp-image-200585\" src=\"https:\/\/franciscanos.org.br\/noticias\/wp-content\/uploads\/2019\/02\/sultao_2602.jpg\" alt=\"\" width=\"890\" height=\"254\" srcset=\"https:\/\/franciscanos.org.br\/noticias\/wp-content\/uploads\/2019\/02\/sultao_2602.jpg 890w, https:\/\/franciscanos.org.br\/noticias\/wp-content\/uploads\/2019\/02\/sultao_2602-450x128.jpg 450w, https:\/\/franciscanos.org.br\/noticias\/wp-content\/uploads\/2019\/02\/sultao_2602-768x219.jpg 768w, https:\/\/franciscanos.org.br\/noticias\/wp-content\/uploads\/2019\/02\/sultao_2602-150x43.jpg 150w\" sizes=\"(max-width: 890px) 100vw, 890px\" \/><\/p>\n<p><strong>S\u00e3o Paulo (SP) &#8211;<\/strong> O Pr\u00f3-Voca\u00e7\u00f5es e Miss\u00f5es Franciscanas (PVF) j\u00e1 reservou a data para mais um encontro com os benfeitores que ajudam na forma\u00e7\u00e3o e estudos dos futuros frades da Prov\u00edncia Franciscana da Imaculada Concei\u00e7\u00e3o e da Miss\u00e3o de Angola e tamb\u00e9m para todas as pessoas que se identificam com o carisma franciscano.\u00a0Este encontro ser\u00e1 realizado de de 26 a 28 de abril no bel\u00edssimo Semin\u00e1rio Santo Ant\u00f4nio de Agudos (SP).<\/p>\n<p><img loading=\"lazy\" class=\"alignright size-full wp-image-200586\" src=\"https:\/\/franciscanos.org.br\/noticias\/wp-content\/uploads\/2019\/02\/alvaci_2602.jpg\" alt=\"\" width=\"400\" height=\"411\" srcset=\"https:\/\/franciscanos.org.br\/noticias\/wp-content\/uploads\/2019\/02\/alvaci_2602.jpg 400w, https:\/\/franciscanos.org.br\/noticias\/wp-content\/uploads\/2019\/02\/alvaci_2602-150x154.jpg 150w\" sizes=\"(max-width: 400px) 100vw, 400px\" \/>Frei Alvaci Alvaci Mendes, atual coordenador do PVF, faz um convite especial a todos os benfeitores e a todas as pessoas que simpatizam com a espiritualidade franciscana.\u00a0&#8220;N\u00f3s temos todos os anos, desde 1999, o Retiro dos Benfeitores Franciscanos. O que \u00e9 isso? S\u00e3o alguns dias de encontro, de espiritualidade, de forma\u00e7\u00e3o, de alegria e divers\u00e3o tamb\u00e9m, entre aqueles que s\u00e3o colaboradores e aqueles que querem ser colaboradores das miss\u00f5es e voca\u00e7\u00f5es franciscanas&#8221;, explica Frei Alvaci, informando que pessoas de todo o pa\u00eds participam deste momento.<\/p>\n<p>&#8220;S\u00e3o pessoas solid\u00e1rias, pessoas que fazem o bem, principalmente para as voca\u00e7\u00f5es e para miss\u00f5es franciscanas. Como de costume, nosso Semin\u00e1rio Santo Ant\u00f4nio de Agudos nos acolher\u00e1 para este tr\u00eas dias de retiro e ora\u00e7\u00e3o&#8221;, acrescenta o coordenador do PVF.<\/p>\n<p>Segundo Frei Alvaci, este ano o tema deste encontro remete a um encontro hist\u00f3rico que se deu h\u00e1 800 anos entre S\u00e3o Francisco de Assis e o Sult\u00e3o Al-Malik Al-Kamil do Egito. &#8220;Francisco de Assis, em 1119, saiu de Assis e foi em busca de um encontro ecum\u00eanico, de um encontro de paz com o Sult\u00e3o Al-Malik Al-Kamil do Egito, e conseguiu esse momento de paz. A gente vai refletir sobre o significado desta celebra\u00e7\u00e3o da Ordem Franciscana neste ano jubilar e a beleza que tem toda essa espiritualidade de Francisco&#8221;, explicou Frei Alvaci, convidando a todos para se inscreverem. O pregador ser\u00e1 Frei Jos\u00e9 Ant\u00f4nio Cruz Duarte, guardi\u00e3o e vice-mestre da Fraternidade S\u00e3o Boaventura em Rondinha (PR).<\/p>\n<p>As inscri\u00e7\u00f5es ir\u00e3o at\u00e9 o dia 6 de abril. Para participar \u00e9 necess\u00e1rio um sinal de R$ 100,00 reais do investimento ser\u00e1 de R$ 400 a R$ 450,00.<\/p>\n<p>A inscri\u00e7\u00e3o poder\u00e1 ser feita acessando o endere\u00e7o: <a href=\"https:\/\/goo.gl\/forms\/tmp2Aafno9ypdwnd2\">https:\/\/goo.gl\/forms\/tmp2Aafno9ypdwnd2<\/a><\/p>\n<p><strong>Mais informa\u00e7\u00f5es:<\/strong> (11) 3291-2416 \/ 3291-2417 ou pelo e-mail: pvf@franciscanos.org.br<\/p>\n<p><img loading=\"lazy\" class=\"aligncenter size-full wp-image-200587\" src=\"https:\/\/franciscanos.org.br\/noticias\/wp-content\/uploads\/2019\/02\/agudos_2602.jpg\" alt=\"\" width=\"890\" height=\"415\" srcset=\"https:\/\/franciscanos.org.br\/noticias\/wp-content\/uploads\/2019\/02\/agudos_2602.jpg 890w, https:\/\/franciscanos.org.br\/noticias\/wp-content\/uploads\/2019\/02\/agudos_2602-450x210.jpg 450w, https:\/\/franciscanos.org.br\/noticias\/wp-content\/uploads\/2019\/02\/agudos_2602-768x358.jpg 768w, https:\/\/franciscanos.org.br\/noticias\/wp-content\/uploads\/2019\/02\/agudos_2602-150x70.jpg 150w\" sizes=\"(max-width: 890px) 100vw, 890px\" \/><\/p>\n","protected":false},"excerpt":{"rendered":"<p>Retiro dos Benfeitores e simpatizantes do PVF neste ano.<\/p>\n","protected":false},"author":3,"featured_media":200588,"comment_status":"open","ping_status":"open","sticky":false,"template":"","format":"standard","meta":[],"categories":[1],"tags":[254],"acf":[],"yoast_head":"<!-- This site is optimized with the Yoast SEO plugin v19.2 - https:\/\/yoast.com\/wordpress\/plugins\/seo\/ -->\n<title>Frei Alvaci convida benfeitores e simpatizantes para Retiro em Agudos - Not\u00edcias - Franciscanos<\/title>\n<meta name=\"robots\" content=\"index, follow, max-snippet:-1, max-image-preview:large, max-video-preview:-1\" \/>\n<link rel=\"canonical\" href=\"https:\/\/franciscanos.org.br\/noticias\/frei-alvaci-convida-benfeitores-e-simpatizantes-para-retiro-em-agudos.html\" \/>\n<meta property=\"og:locale\" content=\"pt_BR\" \/>\n<meta property=\"og:type\" content=\"article\" \/>\n<meta property=\"og:title\" content=\"Frei Alvaci convida benfeitores e simpatizantes para Retiro em Agudos - Not\u00edcias - Franciscanos\" \/>\n<meta property=\"og:description\" content=\"Retiro dos Benfeitores e simpatizantes do PVF neste ano.\" \/>\n<meta property=\"og:url\" content=\"https:\/\/franciscanos.org.br\/noticias\/frei-alvaci-convida-benfeitores-e-simpatizantes-para-retiro-em-agudos.html\" \/>\n<meta property=\"og:site_name\" content=\"Not\u00edcias - Franciscanos\" \/>\n<meta property=\"article:published_time\" content=\"2019-02-26T14:10:30+00:00\" \/>\n<meta property=\"article:modified_time\" content=\"2019-02-26T14:23:52+00:00\" \/>\n<meta property=\"og:image\" content=\"https:\/\/franciscanos.org.br\/noticias\/wp-content\/uploads\/2019\/02\/alvaci_260219d.jpg\" \/>\n\t<meta property=\"og:image:width\" content=\"273\" \/>\n\t<meta property=\"og:image:height\" content=\"181\" \/>\n\t<meta property=\"og:image:type\" content=\"image\/jpeg\" \/>\n<meta name=\"author\" content=\"moacir\" \/>\n<meta name=\"twitter:card\" content=\"summary_large_image\" \/>\n<meta name=\"twitter:label1\" content=\"Escrito por\" \/>\n\t<meta name=\"twitter:data1\" content=\"moacir\" \/>\n\t<meta name=\"twitter:label2\" content=\"Est. tempo de leitura\" \/>\n\t<meta name=\"twitter:data2\" content=\"2 minutos\" \/>\n<script type=\"application\/ld+json\" class=\"yoast-schema-graph\">{\"@context\":\"https:\/\/schema.org\",\"@graph\":[{\"@type\":\"WebSite\",\"@id\":\"https:\/\/franciscanos.org.br\/noticias\/#website\",\"url\":\"https:\/\/franciscanos.org.br\/noticias\/\",\"name\":\"Not\u00edcias - Franciscanos\",\"description\":\"Prov\u00edncia Franciscana da Imaculada Concei\u00e7\u00e3o do Brasil - Ordem dos Frades Menores - OFM\",\"potentialAction\":[{\"@type\":\"SearchAction\",\"target\":{\"@type\":\"EntryPoint\",\"urlTemplate\":\"https:\/\/franciscanos.org.br\/noticias\/?s={search_term_string}\"},\"query-input\":\"required name=search_term_string\"}],\"inLanguage\":\"pt-BR\"},{\"@type\":\"ImageObject\",\"inLanguage\":\"pt-BR\",\"@id\":\"https:\/\/franciscanos.org.br\/noticias\/frei-alvaci-convida-benfeitores-e-simpatizantes-para-retiro-em-agudos.html#primaryimage\",\"url\":\"https:\/\/franciscanos.org.br\/noticias\/wp-content\/uploads\/2019\/02\/alvaci_260219d.jpg\",\"contentUrl\":\"https:\/\/franciscanos.org.br\/noticias\/wp-content\/uploads\/2019\/02\/alvaci_260219d.jpg\",\"width\":273,\"height\":181},{\"@type\":\"WebPage\",\"@id\":\"https:\/\/franciscanos.org.br\/noticias\/frei-alvaci-convida-benfeitores-e-simpatizantes-para-retiro-em-agudos.html#webpage\",\"url\":\"https:\/\/franciscanos.org.br\/noticias\/frei-alvaci-convida-benfeitores-e-simpatizantes-para-retiro-em-agudos.html\",\"name\":\"Frei Alvaci convida benfeitores e simpatizantes para Retiro em Agudos - Not\u00edcias - Franciscanos\",\"isPartOf\":{\"@id\":\"https:\/\/franciscanos.org.br\/noticias\/#website\"},\"primaryImageOfPage\":{\"@id\":\"https:\/\/franciscanos.org.br\/noticias\/frei-alvaci-convida-benfeitores-e-simpatizantes-para-retiro-em-agudos.html#primaryimage\"},\"datePublished\":\"2019-02-26T14:10:30+00:00\",\"dateModified\":\"2019-02-26T14:23:52+00:00\",\"author\":{\"@id\":\"https:\/\/franciscanos.org.br\/noticias\/#\/schema\/person\/b5c8cba458c330ccff548b056e95a5d4\"},\"breadcrumb\":{\"@id\":\"https:\/\/franciscanos.org.br\/noticias\/frei-alvaci-convida-benfeitores-e-simpatizantes-para-retiro-em-agudos.html#breadcrumb\"},\"inLanguage\":\"pt-BR\",\"potentialAction\":[{\"@type\":\"ReadAction\",\"target\":[\"https:\/\/franciscanos.org.br\/noticias\/frei-alvaci-convida-benfeitores-e-simpatizantes-para-retiro-em-agudos.html\"]}]},{\"@type\":\"BreadcrumbList\",\"@id\":\"https:\/\/franciscanos.org.br\/noticias\/frei-alvaci-convida-benfeitores-e-simpatizantes-para-retiro-em-agudos.html#breadcrumb\",\"itemListElement\":[{\"@type\":\"ListItem\",\"position\":1,\"name\":\"Home\",\"item\":\"https:\/\/franciscanos.org.br\/noticias\"},{\"@type\":\"ListItem\",\"position\":2,\"name\":\"Frei Alvaci convida benfeitores e simpatizantes para Retiro em Agudos\"}]},{\"@type\":\"Person\",\"@id\":\"https:\/\/franciscanos.org.br\/noticias\/#\/schema\/person\/b5c8cba458c330ccff548b056e95a5d4\",\"name\":\"moacir\",\"image\":{\"@type\":\"ImageObject\",\"inLanguage\":\"pt-BR\",\"@id\":\"https:\/\/franciscanos.org.br\/noticias\/#\/schema\/person\/image\/\",\"url\":\"https:\/\/secure.gravatar.com\/avatar\/d08aa2ce4c8dd416d4479aa8536fcf64?s=96&d=mm&r=g\",\"contentUrl\":\"https:\/\/secure.gravatar.com\/avatar\/d08aa2ce4c8dd416d4479aa8536fcf64?s=96&d=mm&r=g\",\"caption\":\"moacir\"},\"url\":\"https:\/\/franciscanos.org.br\/noticias\/author\/moacir\"}]}<\/script>\n<!-- \/ Yoast SEO plugin. -->","yoast_head_json":{"title":"Frei Alvaci convida benfeitores e simpatizantes para Retiro em Agudos - Not\u00edcias - Franciscanos","robots":{"index":"index","follow":"follow","max-snippet":"max-snippet:-1","max-image-preview":"max-image-preview:large","max-video-preview":"max-video-preview:-1"},"canonical":"https:\/\/franciscanos.org.br\/noticias\/frei-alvaci-convida-benfeitores-e-simpatizantes-para-retiro-em-agudos.html","og_locale":"pt_BR","og_type":"article","og_title":"Frei Alvaci convida benfeitores e simpatizantes para Retiro em Agudos - Not\u00edcias - Franciscanos","og_description":"Retiro dos Benfeitores e simpatizantes do PVF neste ano.","og_url":"https:\/\/franciscanos.org.br\/noticias\/frei-alvaci-convida-benfeitores-e-simpatizantes-para-retiro-em-agudos.html","og_site_name":"Not\u00edcias - Franciscanos","article_published_time":"2019-02-26T14:10:30+00:00","article_modified_time":"2019-02-26T14:23:52+00:00","og_image":[{"width":273,"height":181,"url":"https:\/\/franciscanos.org.br\/noticias\/wp-content\/uploads\/2019\/02\/alvaci_260219d.jpg","type":"image\/jpeg"}],"author":"moacir","twitter_card":"summary_large_image","twitter_misc":{"Escrito por":"moacir","Est. tempo de leitura":"2 minutos"},"schema":{"@context":"https:\/\/schema.org","@graph":[{"@type":"WebSite","@id":"https:\/\/franciscanos.org.br\/noticias\/#website","url":"https:\/\/franciscanos.org.br\/noticias\/","name":"Not\u00edcias - Franciscanos","description":"Prov\u00edncia Franciscana da Imaculada Concei\u00e7\u00e3o do Brasil - Ordem dos Frades Menores - OFM","potentialAction":[{"@type":"SearchAction","target":{"@type":"EntryPoint","urlTemplate":"https:\/\/franciscanos.org.br\/noticias\/?s={search_term_string}"},"query-input":"required name=search_term_string"}],"inLanguage":"pt-BR"},{"@type":"ImageObject","inLanguage":"pt-BR","@id":"https:\/\/franciscanos.org.br\/noticias\/frei-alvaci-convida-benfeitores-e-simpatizantes-para-retiro-em-agudos.html#primaryimage","url":"https:\/\/franciscanos.org.br\/noticias\/wp-content\/uploads\/2019\/02\/alvaci_260219d.jpg","contentUrl":"https:\/\/franciscanos.org.br\/noticias\/wp-content\/uploads\/2019\/02\/alvaci_260219d.jpg","width":273,"height":181},{"@type":"WebPage","@id":"https:\/\/franciscanos.org.br\/noticias\/frei-alvaci-convida-benfeitores-e-simpatizantes-para-retiro-em-agudos.html#webpage","url":"https:\/\/franciscanos.org.br\/noticias\/frei-alvaci-convida-benfeitores-e-simpatizantes-para-retiro-em-agudos.html","name":"Frei Alvaci convida benfeitores e simpatizantes para Retiro em Agudos - Not\u00edcias - Franciscanos","isPartOf":{"@id":"https:\/\/franciscanos.org.br\/noticias\/#website"},"primaryImageOfPage":{"@id":"https:\/\/franciscanos.org.br\/noticias\/frei-alvaci-convida-benfeitores-e-simpatizantes-para-retiro-em-agudos.html#primaryimage"},"datePublished":"2019-02-26T14:10:30+00:00","dateModified":"2019-02-26T14:23:52+00:00","author":{"@id":"https:\/\/franciscanos.org.br\/noticias\/#\/schema\/person\/b5c8cba458c330ccff548b056e95a5d4"},"breadcrumb":{"@id":"https:\/\/franciscanos.org.br\/noticias\/frei-alvaci-convida-benfeitores-e-simpatizantes-para-retiro-em-agudos.html#breadcrumb"},"inLanguage":"pt-BR","potentialAction":[{"@type":"ReadAction","target":["https:\/\/franciscanos.org.br\/noticias\/frei-alvaci-convida-benfeitores-e-simpatizantes-para-retiro-em-agudos.html"]}]},{"@type":"BreadcrumbList","@id":"https:\/\/franciscanos.org.br\/noticias\/frei-alvaci-convida-benfeitores-e-simpatizantes-para-retiro-em-agudos.html#breadcrumb","itemListElement":[{"@type":"ListItem","position":1,"name":"Home","item":"https:\/\/franciscanos.org.br\/noticias"},{"@type":"ListItem","position":2,"name":"Frei Alvaci convida benfeitores e simpatizantes para Retiro em Agudos"}]},{"@type":"Person","@id":"https:\/\/franciscanos.org.br\/noticias\/#\/schema\/person\/b5c8cba458c330ccff548b056e95a5d4","name":"moacir","image":{"@type":"ImageObject","inLanguage":"pt-BR","@id":"https:\/\/franciscanos.org.br\/noticias\/#\/schema\/person\/image\/","url":"https:\/\/secure.gravatar.com\/avatar\/d08aa2ce4c8dd416d4479aa8536fcf64?s=96&d=mm&r=g","contentUrl":"https:\/\/secure.gravatar.com\/avatar\/d08aa2ce4c8dd416d4479aa8536fcf64?s=96&d=mm&r=g","caption":"moacir"},"url":"https:\/\/franciscanos.org.br\/noticias\/author\/moacir"}]}},"_links":{"self":[{"href":"https:\/\/franciscanos.org.br\/noticias\/wp-json\/wp\/v2\/posts\/200584"}],"collection":[{"href":"https:\/\/franciscanos.org.br\/noticias\/wp-json\/wp\/v2\/posts"}],"about":[{"href":"https:\/\/franciscanos.org.br\/noticias\/wp-json\/wp\/v2\/types\/post"}],"author":[{"embeddable":true,"href":"https:\/\/franciscanos.org.br\/noticias\/wp-json\/wp\/v2\/users\/3"}],"replies":[{"embeddable":true,"href":"https:\/\/franciscanos.org.br\/noticias\/wp-json\/wp\/v2\/comments?post=200584"}],"version-history":[{"count":0,"href":"https:\/\/franciscanos.org.br\/noticias\/wp-json\/wp\/v2\/posts\/200584\/revisions"}],"wp:featuredmedia":[{"embeddable":true,"href":"https:\/\/franciscanos.org.br\/noticias\/wp-json\/wp\/v2\/media\/200588"}],"wp:attachment":[{"href":"https:\/\/franciscanos.org.br\/noticias\/wp-json\/wp\/v2\/media?parent=200584"}],"wp:term":[{"taxonomy":"category","embeddable":true,"href":"https:\/\/franciscanos.org.br\/noticias\/wp-json\/wp\/v2\/categories?post=200584"},{"taxonomy":"post_tag","embeddable":true,"href":"https:\/\/franciscanos.org.br\/noticias\/wp-json\/wp\/v2\/tags?post=200584"}],"curies":[{"name":"wp","href":"https:\/\/api.w.org\/{rel}","templated":true}]}}