{"id":200566,"date":"2019-03-24T11:18:32","date_gmt":"2019-03-24T14:18:32","guid":{"rendered":"https:\/\/franciscanos.org.br\/noticias\/?p=200566"},"modified":"2019-03-28T07:22:17","modified_gmt":"2019-03-28T10:22:17","slug":"frei-roberto-sera-ordenado-presbitero-sabado","status":"publish","type":"post","link":"https:\/\/franciscanos.org.br\/noticias\/frei-roberto-sera-ordenado-presbitero-sabado.html","title":{"rendered":"Frei Roberto ser\u00e1 ordenado presb\u00edtero s\u00e1bado"},"content":{"rendered":"<p><img loading=\"lazy\" src=\"https:\/\/franciscanos.org.br\/noticias\/wp-content\/uploads\/2019\/02\/roberto-830.jpg\" alt=\"\" width=\"830\" height=\"550\" \/><\/p>\n<h1>\u201cEstou entre v\u00f3s como servo\u201d<\/h1>\n<p><strong>Moacir Beggo<\/strong><\/p>\n<p><em>No dia 30 de mar\u00e7o, \u00e0s 18 horas, Frei Roberto Aparecido Pereira ser\u00e1 ordenado presb\u00edtero pelas m\u00e3os do franciscano Dom Caetano Ferrari, bispo em\u00e9rito da Diocese de Bauru, durante a Celebra\u00e7\u00e3o Eucar\u00edstica na Par\u00f3quia Cristo Ressuscitado, na avenida Or\u00edgenes Lessa, 780, em Len\u00e7\u00f3is Paulista (SP). <\/em><\/p>\n<p><em>Frei Roberto escolheu como tema de sua ordena\u00e7\u00e3o o vers\u00edculo 27, do cap\u00edtulo 22 de Lucas: \u201cEstou entre v\u00f3s como servo\u201d. \u00c9 com esta miss\u00e3o de servo que Frei Roberto quer iniciar o seu minist\u00e9rio sacerdotal no dia 31 de mar\u00e7o, \u00e0s 9 horas, quando celebrar\u00e1 a sua Primeira Missa. <\/em><\/p>\n<p><em>Frei Roberto nasceu no dia 1\u00ba de agosto de 1987 e vestiu o h\u00e1bito franciscano em 12 de janeiro de 2010. Fez a profiss\u00e3o solene na Ordem dos Frades Menores em 28 de agosto de 2016. Foi ordenado di\u00e1cono em 8 de abril de 2018, na cidade de Ituporanga (SC).<\/em><\/p>\n<p><strong><a href=\"https:\/\/www.facebook.com\/provinciafranciscana\">ACOMPANHE O TR\u00cdDUO NA P\u00c1GINA DO FACEBOOK<\/a><\/strong><\/p>\n<p><strong>Site Franciscanos<\/strong> <em>&#8211; Como se deu seu discernimento vocacional?<\/em><\/p>\n<p><strong>Frei Roberto<\/strong> &#8211; N\u00e3o saberia dizer ao certo quando come\u00e7ou meu discernimento vocacional, j\u00e1 que muito cedo, com cerca de 10 anos, ajudava em minha Par\u00f3quia de origem, como coroinha, por influ\u00eancia dos colegas da escola, pois todos faziam parte desta pastoral. E ali fui crescendo e discernindo a voca\u00e7\u00e3o, sem ainda pensar em ser padre ou algo do g\u00eanero. S\u00f3 tinha conhecimento da voca\u00e7\u00e3o diocesana. Com os encontros vocacionais para jovens, que as irm\u00e3s Franciscanas Mission\u00e1rias do Cora\u00e7\u00e3o Imaculado de Maria realizavam em Len\u00e7\u00f3is Paulista, pude ali conhecer melhor a espiritualidade franciscana e, com o convite da Irm\u00e3 F\u00e1tima, fui conhecer os franciscanos de Agudos. Ali, na companhia de Frei Rafael Spricigo e depois com Frei Nazareno J. L\u00fcdtke, pude ver de perto a voca\u00e7\u00e3o e a vida dos franciscanos.<\/p>\n<p><strong>Site Franciscanos<\/strong> <em>&#8211; Voc\u00ea sempre quis ser franciscano?<\/em><\/p>\n<p><strong>Frei Roberto<\/strong> &#8211; N\u00e3o, ser franciscano foi uma descoberta. Na minha cidade existem seis par\u00f3quias e todas administradas pelo clero diocesano. A \u00fanica experi\u00eancia de vida religiosa \u00e9 das irm\u00e3s que l\u00e1 residem. Ainda que Len\u00e7\u00f3is Paulista fique a 30 km de dist\u00e2ncia de Agudos. As cidades fazem parte de dioceses distintas. Por isto, falo que ser franciscano foi uma descoberta.<\/p>\n<p><strong>Site Franciscanos<\/strong> <em>&#8211; Como voc\u00ea define o minist\u00e9rio sacerdotal?<\/em><\/p>\n<p><strong>Frei Roberto<\/strong> &#8211; Para n\u00f3s, religiosos, o minist\u00e9rio sacerdotal \u00e9 colocar-se a servi\u00e7o da Igreja e da Ordem. Ao assumir a profiss\u00e3o solene abra\u00e7amos com ela toda a Fraternidade Provincial e colocamos nossa vida a servi\u00e7o dela. Assim, posso definir que o minist\u00e9rio sacerdotal \u00e9 colocar-se como servo, em especial, dos mais pobres, sendo presen\u00e7a franciscana, de doar-se na minoridade.<\/p>\n<p><strong>Site Franciscanos<\/strong> <em>&#8211; Quais as suas expectativas como presb\u00edtero no Pontificado do Papa Francisco?<\/em><\/p>\n<p><strong>Frei Roberto<\/strong> &#8211; As minhas expectativas como presb\u00edtero no Pontificado do Papa Francisco s\u00e3o as melhores. Ele traz para a Igreja um novo olhar sobre o homem e sobre ela mesma, sendo um hospital de campanha, acolhedora e m\u00e3e. Ao mesmo tempo fico admirado com suas falas e exemplos, que chamam a aten\u00e7\u00e3o e que lan\u00e7am-nos a dar uma resposta coerente e exemplar de nossa consagra\u00e7\u00e3o.<\/p>\n<p><strong>Site Franciscanos<\/strong> <em>&#8211; Quem \u00e9 a sua fonte de inspira\u00e7\u00e3o? Onde busca alimento para sua espiritualidade?<\/em><\/p>\n<p><strong>Frei Roberto<\/strong> &#8211; Acredito que o cart\u00e3o de visita da espiritualidade e inspira\u00e7\u00e3o \u00e9 o pr\u00f3prio Francisco de Assis. Uma vez Frei Alberto Beckh\u00e4user, em uma Solenidade de S\u00e3o Francisco no ITF, disse: \u201cToda vez que chego a uma festa de S\u00e3o Francisco de Assis, sinto-me um devedor, olhando para a sua vida e seu modo de ver Jesus e toda a humanidade, ainda percebo que preciso muito caminhar\u201d. Acredito que seguir Francisco seja isto, um misto de orgulho e de dever, que \u00e9 a inspira\u00e7\u00e3o para estar a caminho. Assim, busco alimento na fraternidade e nas celebra\u00e7\u00f5es di\u00e1rias, tanto pessoais como comunit\u00e1rias, pois, ali realizamos o nosso ser franciscano.<\/p>\n<p><strong>Site Franciscanos<\/strong> <em>&#8211; O que diria para um jovem sobre a vida religiosa franciscana?<\/em><\/p>\n<p><strong>Frei Roberto<\/strong> &#8211; Eu diria que vale a pena e que S\u00e3o Francisco tem muito a dizer. S\u00f3 \u00e9 preciso haver pessoas com coragem e que levem o sonho e a mensagem de Assis a toda humanidade, que \u00e9 uma vida segundo o evangelho de Jesus, na simplicidade, na pobreza volunt\u00e1ria, na sobriedade compartilhada, amando a todos, especialmente os mais pobres, e considerando a todos os seres da natureza irm\u00e3os e irm\u00e3s.<\/p>\n<p><img loading=\"lazy\" src=\"https:\/\/franciscanos.org.br\/noticias\/wp-content\/uploads\/2019\/02\/roberto-convite.jpg\" alt=\"\" width=\"830\" height=\"1404\" \/><\/p>\n","protected":false},"excerpt":{"rendered":"<p>Ordena\u00e7\u00e3o presbiteral de Frei Roberto Aparecido Pereira: entrevista<\/p>\n","protected":false},"author":7,"featured_media":200572,"comment_status":"open","ping_status":"open","sticky":false,"template":"","format":"standard","meta":[],"categories":[758],"tags":[157],"acf":[],"yoast_head":"<!-- This site is optimized with the Yoast SEO plugin v19.2 - https:\/\/yoast.com\/wordpress\/plugins\/seo\/ -->\n<title>Frei Roberto ser\u00e1 ordenado presb\u00edtero s\u00e1bado - Not\u00edcias - Franciscanos<\/title>\n<meta name=\"robots\" content=\"index, follow, max-snippet:-1, max-image-preview:large, max-video-preview:-1\" \/>\n<link rel=\"canonical\" href=\"https:\/\/franciscanos.org.br\/noticias\/frei-roberto-sera-ordenado-presbitero-sabado.html\" \/>\n<meta property=\"og:locale\" content=\"pt_BR\" \/>\n<meta property=\"og:type\" content=\"article\" \/>\n<meta property=\"og:title\" content=\"Frei Roberto ser\u00e1 ordenado presb\u00edtero s\u00e1bado - Not\u00edcias - Franciscanos\" \/>\n<meta property=\"og:description\" content=\"Ordena\u00e7\u00e3o presbiteral de Frei Roberto Aparecido Pereira: entrevista\" \/>\n<meta property=\"og:url\" content=\"https:\/\/franciscanos.org.br\/noticias\/frei-roberto-sera-ordenado-presbitero-sabado.html\" \/>\n<meta property=\"og:site_name\" content=\"Not\u00edcias - Franciscanos\" \/>\n<meta property=\"article:published_time\" content=\"2019-03-24T14:18:32+00:00\" \/>\n<meta property=\"article:modified_time\" content=\"2019-03-28T10:22:17+00:00\" \/>\n<meta property=\"og:image\" content=\"https:\/\/franciscanos.org.br\/noticias\/wp-content\/uploads\/2019\/02\/roberto-273.jpg\" \/>\n\t<meta property=\"og:image:width\" content=\"273\" \/>\n\t<meta property=\"og:image:height\" content=\"181\" \/>\n\t<meta property=\"og:image:type\" content=\"image\/jpeg\" \/>\n<meta name=\"author\" content=\"jovenal\" \/>\n<meta name=\"twitter:card\" content=\"summary_large_image\" \/>\n<meta name=\"twitter:label1\" content=\"Escrito por\" \/>\n\t<meta name=\"twitter:data1\" content=\"jovenal\" \/>\n\t<meta name=\"twitter:label2\" content=\"Est. tempo de leitura\" \/>\n\t<meta name=\"twitter:data2\" content=\"4 minutos\" \/>\n<script type=\"application\/ld+json\" class=\"yoast-schema-graph\">{\"@context\":\"https:\/\/schema.org\",\"@graph\":[{\"@type\":\"WebSite\",\"@id\":\"https:\/\/franciscanos.org.br\/noticias\/#website\",\"url\":\"https:\/\/franciscanos.org.br\/noticias\/\",\"name\":\"Not\u00edcias - Franciscanos\",\"description\":\"Prov\u00edncia Franciscana da Imaculada Concei\u00e7\u00e3o do Brasil - Ordem dos Frades Menores - OFM\",\"potentialAction\":[{\"@type\":\"SearchAction\",\"target\":{\"@type\":\"EntryPoint\",\"urlTemplate\":\"https:\/\/franciscanos.org.br\/noticias\/?s={search_term_string}\"},\"query-input\":\"required name=search_term_string\"}],\"inLanguage\":\"pt-BR\"},{\"@type\":\"ImageObject\",\"inLanguage\":\"pt-BR\",\"@id\":\"https:\/\/franciscanos.org.br\/noticias\/frei-roberto-sera-ordenado-presbitero-sabado.html#primaryimage\",\"url\":\"https:\/\/franciscanos.org.br\/noticias\/wp-content\/uploads\/2019\/02\/roberto-273.jpg\",\"contentUrl\":\"https:\/\/franciscanos.org.br\/noticias\/wp-content\/uploads\/2019\/02\/roberto-273.jpg\",\"width\":273,\"height\":181},{\"@type\":\"WebPage\",\"@id\":\"https:\/\/franciscanos.org.br\/noticias\/frei-roberto-sera-ordenado-presbitero-sabado.html#webpage\",\"url\":\"https:\/\/franciscanos.org.br\/noticias\/frei-roberto-sera-ordenado-presbitero-sabado.html\",\"name\":\"Frei Roberto ser\u00e1 ordenado presb\u00edtero s\u00e1bado - Not\u00edcias - Franciscanos\",\"isPartOf\":{\"@id\":\"https:\/\/franciscanos.org.br\/noticias\/#website\"},\"primaryImageOfPage\":{\"@id\":\"https:\/\/franciscanos.org.br\/noticias\/frei-roberto-sera-ordenado-presbitero-sabado.html#primaryimage\"},\"datePublished\":\"2019-03-24T14:18:32+00:00\",\"dateModified\":\"2019-03-28T10:22:17+00:00\",\"author\":{\"@id\":\"https:\/\/franciscanos.org.br\/noticias\/#\/schema\/person\/c3a26b08313dd1772495ce300ab257cc\"},\"breadcrumb\":{\"@id\":\"https:\/\/franciscanos.org.br\/noticias\/frei-roberto-sera-ordenado-presbitero-sabado.html#breadcrumb\"},\"inLanguage\":\"pt-BR\",\"potentialAction\":[{\"@type\":\"ReadAction\",\"target\":[\"https:\/\/franciscanos.org.br\/noticias\/frei-roberto-sera-ordenado-presbitero-sabado.html\"]}]},{\"@type\":\"BreadcrumbList\",\"@id\":\"https:\/\/franciscanos.org.br\/noticias\/frei-roberto-sera-ordenado-presbitero-sabado.html#breadcrumb\",\"itemListElement\":[{\"@type\":\"ListItem\",\"position\":1,\"name\":\"Home\",\"item\":\"https:\/\/franciscanos.org.br\/noticias\"},{\"@type\":\"ListItem\",\"position\":2,\"name\":\"Frei Roberto ser\u00e1 ordenado presb\u00edtero s\u00e1bado\"}]},{\"@type\":\"Person\",\"@id\":\"https:\/\/franciscanos.org.br\/noticias\/#\/schema\/person\/c3a26b08313dd1772495ce300ab257cc\",\"name\":\"jovenal\",\"image\":{\"@type\":\"ImageObject\",\"inLanguage\":\"pt-BR\",\"@id\":\"https:\/\/franciscanos.org.br\/noticias\/#\/schema\/person\/image\/\",\"url\":\"https:\/\/secure.gravatar.com\/avatar\/e94509f531086e2eaf97e72f29ea00f9?s=96&d=mm&r=g\",\"contentUrl\":\"https:\/\/secure.gravatar.com\/avatar\/e94509f531086e2eaf97e72f29ea00f9?s=96&d=mm&r=g\",\"caption\":\"jovenal\"},\"url\":\"https:\/\/franciscanos.org.br\/noticias\/author\/jovenal\"}]}<\/script>\n<!-- \/ Yoast SEO plugin. -->","yoast_head_json":{"title":"Frei Roberto ser\u00e1 ordenado presb\u00edtero s\u00e1bado - Not\u00edcias - Franciscanos","robots":{"index":"index","follow":"follow","max-snippet":"max-snippet:-1","max-image-preview":"max-image-preview:large","max-video-preview":"max-video-preview:-1"},"canonical":"https:\/\/franciscanos.org.br\/noticias\/frei-roberto-sera-ordenado-presbitero-sabado.html","og_locale":"pt_BR","og_type":"article","og_title":"Frei Roberto ser\u00e1 ordenado presb\u00edtero s\u00e1bado - Not\u00edcias - Franciscanos","og_description":"Ordena\u00e7\u00e3o presbiteral de Frei Roberto Aparecido Pereira: entrevista","og_url":"https:\/\/franciscanos.org.br\/noticias\/frei-roberto-sera-ordenado-presbitero-sabado.html","og_site_name":"Not\u00edcias - Franciscanos","article_published_time":"2019-03-24T14:18:32+00:00","article_modified_time":"2019-03-28T10:22:17+00:00","og_image":[{"width":273,"height":181,"url":"https:\/\/franciscanos.org.br\/noticias\/wp-content\/uploads\/2019\/02\/roberto-273.jpg","type":"image\/jpeg"}],"author":"jovenal","twitter_card":"summary_large_image","twitter_misc":{"Escrito por":"jovenal","Est. tempo de leitura":"4 minutos"},"schema":{"@context":"https:\/\/schema.org","@graph":[{"@type":"WebSite","@id":"https:\/\/franciscanos.org.br\/noticias\/#website","url":"https:\/\/franciscanos.org.br\/noticias\/","name":"Not\u00edcias - Franciscanos","description":"Prov\u00edncia Franciscana da Imaculada Concei\u00e7\u00e3o do Brasil - Ordem dos Frades Menores - OFM","potentialAction":[{"@type":"SearchAction","target":{"@type":"EntryPoint","urlTemplate":"https:\/\/franciscanos.org.br\/noticias\/?s={search_term_string}"},"query-input":"required name=search_term_string"}],"inLanguage":"pt-BR"},{"@type":"ImageObject","inLanguage":"pt-BR","@id":"https:\/\/franciscanos.org.br\/noticias\/frei-roberto-sera-ordenado-presbitero-sabado.html#primaryimage","url":"https:\/\/franciscanos.org.br\/noticias\/wp-content\/uploads\/2019\/02\/roberto-273.jpg","contentUrl":"https:\/\/franciscanos.org.br\/noticias\/wp-content\/uploads\/2019\/02\/roberto-273.jpg","width":273,"height":181},{"@type":"WebPage","@id":"https:\/\/franciscanos.org.br\/noticias\/frei-roberto-sera-ordenado-presbitero-sabado.html#webpage","url":"https:\/\/franciscanos.org.br\/noticias\/frei-roberto-sera-ordenado-presbitero-sabado.html","name":"Frei Roberto ser\u00e1 ordenado presb\u00edtero s\u00e1bado - Not\u00edcias - Franciscanos","isPartOf":{"@id":"https:\/\/franciscanos.org.br\/noticias\/#website"},"primaryImageOfPage":{"@id":"https:\/\/franciscanos.org.br\/noticias\/frei-roberto-sera-ordenado-presbitero-sabado.html#primaryimage"},"datePublished":"2019-03-24T14:18:32+00:00","dateModified":"2019-03-28T10:22:17+00:00","author":{"@id":"https:\/\/franciscanos.org.br\/noticias\/#\/schema\/person\/c3a26b08313dd1772495ce300ab257cc"},"breadcrumb":{"@id":"https:\/\/franciscanos.org.br\/noticias\/frei-roberto-sera-ordenado-presbitero-sabado.html#breadcrumb"},"inLanguage":"pt-BR","potentialAction":[{"@type":"ReadAction","target":["https:\/\/franciscanos.org.br\/noticias\/frei-roberto-sera-ordenado-presbitero-sabado.html"]}]},{"@type":"BreadcrumbList","@id":"https:\/\/franciscanos.org.br\/noticias\/frei-roberto-sera-ordenado-presbitero-sabado.html#breadcrumb","itemListElement":[{"@type":"ListItem","position":1,"name":"Home","item":"https:\/\/franciscanos.org.br\/noticias"},{"@type":"ListItem","position":2,"name":"Frei Roberto ser\u00e1 ordenado presb\u00edtero s\u00e1bado"}]},{"@type":"Person","@id":"https:\/\/franciscanos.org.br\/noticias\/#\/schema\/person\/c3a26b08313dd1772495ce300ab257cc","name":"jovenal","image":{"@type":"ImageObject","inLanguage":"pt-BR","@id":"https:\/\/franciscanos.org.br\/noticias\/#\/schema\/person\/image\/","url":"https:\/\/secure.gravatar.com\/avatar\/e94509f531086e2eaf97e72f29ea00f9?s=96&d=mm&r=g","contentUrl":"https:\/\/secure.gravatar.com\/avatar\/e94509f531086e2eaf97e72f29ea00f9?s=96&d=mm&r=g","caption":"jovenal"},"url":"https:\/\/franciscanos.org.br\/noticias\/author\/jovenal"}]}},"_links":{"self":[{"href":"https:\/\/franciscanos.org.br\/noticias\/wp-json\/wp\/v2\/posts\/200566"}],"collection":[{"href":"https:\/\/franciscanos.org.br\/noticias\/wp-json\/wp\/v2\/posts"}],"about":[{"href":"https:\/\/franciscanos.org.br\/noticias\/wp-json\/wp\/v2\/types\/post"}],"author":[{"embeddable":true,"href":"https:\/\/franciscanos.org.br\/noticias\/wp-json\/wp\/v2\/users\/7"}],"replies":[{"embeddable":true,"href":"https:\/\/franciscanos.org.br\/noticias\/wp-json\/wp\/v2\/comments?post=200566"}],"version-history":[{"count":0,"href":"https:\/\/franciscanos.org.br\/noticias\/wp-json\/wp\/v2\/posts\/200566\/revisions"}],"wp:featuredmedia":[{"embeddable":true,"href":"https:\/\/franciscanos.org.br\/noticias\/wp-json\/wp\/v2\/media\/200572"}],"wp:attachment":[{"href":"https:\/\/franciscanos.org.br\/noticias\/wp-json\/wp\/v2\/media?parent=200566"}],"wp:term":[{"taxonomy":"category","embeddable":true,"href":"https:\/\/franciscanos.org.br\/noticias\/wp-json\/wp\/v2\/categories?post=200566"},{"taxonomy":"post_tag","embeddable":true,"href":"https:\/\/franciscanos.org.br\/noticias\/wp-json\/wp\/v2\/tags?post=200566"}],"curies":[{"name":"wp","href":"https:\/\/api.w.org\/{rel}","templated":true}]}}