{"id":200551,"date":"2019-02-26T08:08:56","date_gmt":"2019-02-26T11:08:56","guid":{"rendered":"https:\/\/franciscanos.org.br\/noticias\/?p=200551"},"modified":"2019-09-12T09:51:41","modified_gmt":"2019-09-12T12:51:41","slug":"no-egito-celebracoes-pelo-jubileu-de-800-anos","status":"publish","type":"post","link":"https:\/\/franciscanos.org.br\/noticias\/no-egito-celebracoes-pelo-jubileu-de-800-anos.html","title":{"rendered":"No Egito, celebra\u00e7\u00f5es pelo jubileu de 800 anos"},"content":{"rendered":"<p><img loading=\"lazy\" class=\"alignnone size-full wp-image-200552\" src=\"https:\/\/franciscanos.org.br\/noticias\/wp-content\/uploads\/2019\/02\/oitocentos_260219.jpg\" alt=\"\" width=\"890\" height=\"501\" srcset=\"https:\/\/franciscanos.org.br\/noticias\/wp-content\/uploads\/2019\/02\/oitocentos_260219.jpg 890w, https:\/\/franciscanos.org.br\/noticias\/wp-content\/uploads\/2019\/02\/oitocentos_260219-450x253.jpg 450w, https:\/\/franciscanos.org.br\/noticias\/wp-content\/uploads\/2019\/02\/oitocentos_260219-768x432.jpg 768w, https:\/\/franciscanos.org.br\/noticias\/wp-content\/uploads\/2019\/02\/oitocentos_260219-150x84.jpg 150w\" sizes=\"(max-width: 890px) 100vw, 890px\" \/><\/p>\n<p>Teve in\u00edcio esta segunda-feira (25\/02) a visita do Enviado especial do Papa Francisco ao Egito, o prefeito da Congrega\u00e7\u00e3o para as Igrejas Orientais, cardeal Leonardo Sandri. A viagem, que prosseguir\u00e1 at\u00e9 a pr\u00f3xima segunda-feira, 4 de mar\u00e7o, se realiza com a coordena\u00e7\u00e3o da Representa\u00e7\u00e3o pontif\u00edcia no Cairo e prev\u00ea uma primeira parte, durante a qual o purpurado visitar\u00e1 as eparquias do Alto Egito, e na segunda parte, participar\u00e1 das celebra\u00e7\u00f5es no Cairo pelos 800 anos do Encontro de S\u00e3o Francisco com o sult\u00e3o Al-Kamil Al-Malek.<\/p>\n<p>O cardeal Sandri chegou esta segunda-feira a Minia, onde visitou a igreja de New Minia e a Escola do Bom Pastor, em seguida teve lugar o almo\u00e7o com o clero, a celebra\u00e7\u00e3o da Divina Liturgia e, por fim, a visita \u00e0 igreja de Sahine.<\/p>\n<p>Para esta ter\u00e7a-feira, ap\u00f3s transferir-se para Assiut, uma breve visita \u00e0 catedral e \u00e0s reparti\u00e7\u00f5es eparquiais. Logo depois, o encontro com o clero e os religiosos em Deir Dronka e o almo\u00e7o com a participa\u00e7\u00e3o tamb\u00e9m de autoridades civis locais. Na parte da tarde, a b\u00ean\u00e7\u00e3o da pedra fundamental da igreja de Medinet Nasser, a transfer\u00eancia ao Santu\u00e1rio mariano, a partida para Tahta, no territ\u00f3rio da eparquia de Sohag, para a Divina Liturgia e o jantar com o clero local.<\/p>\n<p>Para a quarta-feira, dia 27, ap\u00f3s a visita \u00e0s reparti\u00e7\u00f5es diocesanas em Sohag, o encontro e o discurso ao clero, seguido da partida para Luxor, onde na parte da tarde o cardeal presidir\u00e1 \u00e0 coloca\u00e7\u00e3o da pedra fundamental da nova catedral da eparquia. A catedral precedente foi destru\u00edda por um inc\u00eandio em 21 de abril de 2016.<\/p>\n<p>Para a quinta-feira, dia 28: visita \u00e0 igreja de Hagaza, visita ao que resta da catedral incendiada, almo\u00e7o com o clero local e, a seguir, partida de avi\u00e3o para o Cairo.<\/p>\n<p><strong>800 anos do encontro de S\u00e3o Francisco com o sult\u00e3o do Egito<\/strong><br \/>\nNa segunda parte da visita, como Enviado especial do Santo Padre, o cardeal Sandri participar\u00e1 das celebra\u00e7\u00f5es pelos 800 anos encontro de S\u00e3o Francisco com o sult\u00e3o Al-Kamil Al-Malek. Estar\u00e3o presentes tamb\u00e9m o Ministro Geral da Ordem dos Frades Menores, Pe. Frei Michael Perry, o cust\u00f3dio da Terra Santa e guardi\u00e3o do Monte Si\u00e3o, Pe. Francesco Patton, e o ministro da Prov\u00edncia da Sagrada Fam\u00edlia no Egito, Pe. Kamal Labib.<\/p>\n<p>Na sexta-feira, 1\u00ba de mar\u00e7o, em Damieta, a visita do prefeito da Congrega\u00e7\u00e3o para as Igrejas Orientais \u00e0 Casa das Irm\u00e3s do Cora\u00e7\u00e3o Imaculado de Maria, com a inaugura\u00e7\u00e3o da Capela e a b\u00ean\u00e7\u00e3o de dois \u00edcones (Sagrada Fam\u00edlia e S\u00e3o Francisco que encontra o sult\u00e3o).<\/p>\n<p>Na parte da tarde, na presen\u00e7a do governador de Damieta, o purpurado se far\u00e1 peregrino nos lugares de S\u00e3o Francisco e se ter\u00e1 a celebra\u00e7\u00e3o comemorativa do encontro hist\u00f3rico. No s\u00e1bado, 2 de mar\u00e7o, a visita ao mosteiro de S\u00e3o Bishoy e encontro com o patriarca da Igreja copta-ortodoxa, Tawadros.<\/p>\n<p><strong>Pontifical solene comemorativo<\/strong><br \/>\nNo domingo, 3 de mar\u00e7o, na igreja de S\u00e3o Jos\u00e9 no Cairo, Pontifical solene em rito latino na comemora\u00e7\u00e3o do encontro de S\u00e3o Francisco e o sult\u00e3o. Na segunda-feira, dia 4, antes do retorno para Roma, o encontro com o patriarca copta-cat\u00f3lico, Ibrahim Sedrak, os bispos cat\u00f3licos de todos os ritos no Egito, e o patriarca em\u00e9rito cardeal Antonios Naguib. O Enviado especial do Santo Padre levar\u00e1 a todos a afetuosa sauda\u00e7\u00e3o e b\u00ean\u00e7\u00e3o do Papa Francisco.<\/p>\n","protected":false},"excerpt":{"rendered":"<p>Comemora\u00e7\u00f5es pelos 800 anos do encontro de Francisco com o sult\u00e3o<\/p>\n","protected":false},"author":3,"featured_media":200553,"comment_status":"open","ping_status":"open","sticky":false,"template":"","format":"standard","meta":[],"categories":[1],"tags":[1231],"acf":[],"yoast_head":"<!-- This site is optimized with the Yoast SEO plugin v19.2 - https:\/\/yoast.com\/wordpress\/plugins\/seo\/ -->\n<title>No Egito, celebra\u00e7\u00f5es pelo jubileu de 800 anos - Not\u00edcias - Franciscanos<\/title>\n<meta name=\"robots\" content=\"index, follow, max-snippet:-1, max-image-preview:large, max-video-preview:-1\" \/>\n<link rel=\"canonical\" href=\"https:\/\/franciscanos.org.br\/noticias\/no-egito-celebracoes-pelo-jubileu-de-800-anos.html\" \/>\n<meta property=\"og:locale\" content=\"pt_BR\" \/>\n<meta property=\"og:type\" content=\"article\" \/>\n<meta property=\"og:title\" content=\"No Egito, celebra\u00e7\u00f5es pelo jubileu de 800 anos - Not\u00edcias - Franciscanos\" \/>\n<meta property=\"og:description\" content=\"Comemora\u00e7\u00f5es pelos 800 anos do encontro de Francisco com o sult\u00e3o\" \/>\n<meta property=\"og:url\" content=\"https:\/\/franciscanos.org.br\/noticias\/no-egito-celebracoes-pelo-jubileu-de-800-anos.html\" \/>\n<meta property=\"og:site_name\" content=\"Not\u00edcias - Franciscanos\" \/>\n<meta property=\"article:published_time\" content=\"2019-02-26T11:08:56+00:00\" \/>\n<meta property=\"article:modified_time\" content=\"2019-09-12T12:51:41+00:00\" \/>\n<meta property=\"og:image\" content=\"https:\/\/franciscanos.org.br\/noticias\/wp-content\/uploads\/2019\/02\/oitocentos_260219d.jpg\" \/>\n\t<meta property=\"og:image:width\" content=\"273\" \/>\n\t<meta property=\"og:image:height\" content=\"181\" \/>\n\t<meta property=\"og:image:type\" content=\"image\/jpeg\" \/>\n<meta name=\"author\" content=\"moacir\" \/>\n<meta name=\"twitter:card\" content=\"summary_large_image\" \/>\n<meta name=\"twitter:label1\" content=\"Escrito por\" \/>\n\t<meta name=\"twitter:data1\" content=\"moacir\" \/>\n\t<meta name=\"twitter:label2\" content=\"Est. tempo de leitura\" \/>\n\t<meta name=\"twitter:data2\" content=\"3 minutos\" \/>\n<script type=\"application\/ld+json\" class=\"yoast-schema-graph\">{\"@context\":\"https:\/\/schema.org\",\"@graph\":[{\"@type\":\"WebSite\",\"@id\":\"https:\/\/franciscanos.org.br\/noticias\/#website\",\"url\":\"https:\/\/franciscanos.org.br\/noticias\/\",\"name\":\"Not\u00edcias - Franciscanos\",\"description\":\"Prov\u00edncia Franciscana da Imaculada Concei\u00e7\u00e3o do Brasil - Ordem dos Frades Menores - OFM\",\"potentialAction\":[{\"@type\":\"SearchAction\",\"target\":{\"@type\":\"EntryPoint\",\"urlTemplate\":\"https:\/\/franciscanos.org.br\/noticias\/?s={search_term_string}\"},\"query-input\":\"required name=search_term_string\"}],\"inLanguage\":\"pt-BR\"},{\"@type\":\"ImageObject\",\"inLanguage\":\"pt-BR\",\"@id\":\"https:\/\/franciscanos.org.br\/noticias\/no-egito-celebracoes-pelo-jubileu-de-800-anos.html#primaryimage\",\"url\":\"https:\/\/franciscanos.org.br\/noticias\/wp-content\/uploads\/2019\/02\/oitocentos_260219d.jpg\",\"contentUrl\":\"https:\/\/franciscanos.org.br\/noticias\/wp-content\/uploads\/2019\/02\/oitocentos_260219d.jpg\",\"width\":273,\"height\":181},{\"@type\":\"WebPage\",\"@id\":\"https:\/\/franciscanos.org.br\/noticias\/no-egito-celebracoes-pelo-jubileu-de-800-anos.html#webpage\",\"url\":\"https:\/\/franciscanos.org.br\/noticias\/no-egito-celebracoes-pelo-jubileu-de-800-anos.html\",\"name\":\"No Egito, celebra\u00e7\u00f5es pelo jubileu de 800 anos - Not\u00edcias - Franciscanos\",\"isPartOf\":{\"@id\":\"https:\/\/franciscanos.org.br\/noticias\/#website\"},\"primaryImageOfPage\":{\"@id\":\"https:\/\/franciscanos.org.br\/noticias\/no-egito-celebracoes-pelo-jubileu-de-800-anos.html#primaryimage\"},\"datePublished\":\"2019-02-26T11:08:56+00:00\",\"dateModified\":\"2019-09-12T12:51:41+00:00\",\"author\":{\"@id\":\"https:\/\/franciscanos.org.br\/noticias\/#\/schema\/person\/b5c8cba458c330ccff548b056e95a5d4\"},\"breadcrumb\":{\"@id\":\"https:\/\/franciscanos.org.br\/noticias\/no-egito-celebracoes-pelo-jubileu-de-800-anos.html#breadcrumb\"},\"inLanguage\":\"pt-BR\",\"potentialAction\":[{\"@type\":\"ReadAction\",\"target\":[\"https:\/\/franciscanos.org.br\/noticias\/no-egito-celebracoes-pelo-jubileu-de-800-anos.html\"]}]},{\"@type\":\"BreadcrumbList\",\"@id\":\"https:\/\/franciscanos.org.br\/noticias\/no-egito-celebracoes-pelo-jubileu-de-800-anos.html#breadcrumb\",\"itemListElement\":[{\"@type\":\"ListItem\",\"position\":1,\"name\":\"Home\",\"item\":\"https:\/\/franciscanos.org.br\/noticias\"},{\"@type\":\"ListItem\",\"position\":2,\"name\":\"No Egito, celebra\u00e7\u00f5es pelo jubileu de 800 anos\"}]},{\"@type\":\"Person\",\"@id\":\"https:\/\/franciscanos.org.br\/noticias\/#\/schema\/person\/b5c8cba458c330ccff548b056e95a5d4\",\"name\":\"moacir\",\"image\":{\"@type\":\"ImageObject\",\"inLanguage\":\"pt-BR\",\"@id\":\"https:\/\/franciscanos.org.br\/noticias\/#\/schema\/person\/image\/\",\"url\":\"https:\/\/secure.gravatar.com\/avatar\/d08aa2ce4c8dd416d4479aa8536fcf64?s=96&d=mm&r=g\",\"contentUrl\":\"https:\/\/secure.gravatar.com\/avatar\/d08aa2ce4c8dd416d4479aa8536fcf64?s=96&d=mm&r=g\",\"caption\":\"moacir\"},\"url\":\"https:\/\/franciscanos.org.br\/noticias\/author\/moacir\"}]}<\/script>\n<!-- \/ Yoast SEO plugin. -->","yoast_head_json":{"title":"No Egito, celebra\u00e7\u00f5es pelo jubileu de 800 anos - Not\u00edcias - Franciscanos","robots":{"index":"index","follow":"follow","max-snippet":"max-snippet:-1","max-image-preview":"max-image-preview:large","max-video-preview":"max-video-preview:-1"},"canonical":"https:\/\/franciscanos.org.br\/noticias\/no-egito-celebracoes-pelo-jubileu-de-800-anos.html","og_locale":"pt_BR","og_type":"article","og_title":"No Egito, celebra\u00e7\u00f5es pelo jubileu de 800 anos - Not\u00edcias - Franciscanos","og_description":"Comemora\u00e7\u00f5es pelos 800 anos do encontro de Francisco com o sult\u00e3o","og_url":"https:\/\/franciscanos.org.br\/noticias\/no-egito-celebracoes-pelo-jubileu-de-800-anos.html","og_site_name":"Not\u00edcias - Franciscanos","article_published_time":"2019-02-26T11:08:56+00:00","article_modified_time":"2019-09-12T12:51:41+00:00","og_image":[{"width":273,"height":181,"url":"https:\/\/franciscanos.org.br\/noticias\/wp-content\/uploads\/2019\/02\/oitocentos_260219d.jpg","type":"image\/jpeg"}],"author":"moacir","twitter_card":"summary_large_image","twitter_misc":{"Escrito por":"moacir","Est. tempo de leitura":"3 minutos"},"schema":{"@context":"https:\/\/schema.org","@graph":[{"@type":"WebSite","@id":"https:\/\/franciscanos.org.br\/noticias\/#website","url":"https:\/\/franciscanos.org.br\/noticias\/","name":"Not\u00edcias - Franciscanos","description":"Prov\u00edncia Franciscana da Imaculada Concei\u00e7\u00e3o do Brasil - Ordem dos Frades Menores - OFM","potentialAction":[{"@type":"SearchAction","target":{"@type":"EntryPoint","urlTemplate":"https:\/\/franciscanos.org.br\/noticias\/?s={search_term_string}"},"query-input":"required name=search_term_string"}],"inLanguage":"pt-BR"},{"@type":"ImageObject","inLanguage":"pt-BR","@id":"https:\/\/franciscanos.org.br\/noticias\/no-egito-celebracoes-pelo-jubileu-de-800-anos.html#primaryimage","url":"https:\/\/franciscanos.org.br\/noticias\/wp-content\/uploads\/2019\/02\/oitocentos_260219d.jpg","contentUrl":"https:\/\/franciscanos.org.br\/noticias\/wp-content\/uploads\/2019\/02\/oitocentos_260219d.jpg","width":273,"height":181},{"@type":"WebPage","@id":"https:\/\/franciscanos.org.br\/noticias\/no-egito-celebracoes-pelo-jubileu-de-800-anos.html#webpage","url":"https:\/\/franciscanos.org.br\/noticias\/no-egito-celebracoes-pelo-jubileu-de-800-anos.html","name":"No Egito, celebra\u00e7\u00f5es pelo jubileu de 800 anos - Not\u00edcias - Franciscanos","isPartOf":{"@id":"https:\/\/franciscanos.org.br\/noticias\/#website"},"primaryImageOfPage":{"@id":"https:\/\/franciscanos.org.br\/noticias\/no-egito-celebracoes-pelo-jubileu-de-800-anos.html#primaryimage"},"datePublished":"2019-02-26T11:08:56+00:00","dateModified":"2019-09-12T12:51:41+00:00","author":{"@id":"https:\/\/franciscanos.org.br\/noticias\/#\/schema\/person\/b5c8cba458c330ccff548b056e95a5d4"},"breadcrumb":{"@id":"https:\/\/franciscanos.org.br\/noticias\/no-egito-celebracoes-pelo-jubileu-de-800-anos.html#breadcrumb"},"inLanguage":"pt-BR","potentialAction":[{"@type":"ReadAction","target":["https:\/\/franciscanos.org.br\/noticias\/no-egito-celebracoes-pelo-jubileu-de-800-anos.html"]}]},{"@type":"BreadcrumbList","@id":"https:\/\/franciscanos.org.br\/noticias\/no-egito-celebracoes-pelo-jubileu-de-800-anos.html#breadcrumb","itemListElement":[{"@type":"ListItem","position":1,"name":"Home","item":"https:\/\/franciscanos.org.br\/noticias"},{"@type":"ListItem","position":2,"name":"No Egito, celebra\u00e7\u00f5es pelo jubileu de 800 anos"}]},{"@type":"Person","@id":"https:\/\/franciscanos.org.br\/noticias\/#\/schema\/person\/b5c8cba458c330ccff548b056e95a5d4","name":"moacir","image":{"@type":"ImageObject","inLanguage":"pt-BR","@id":"https:\/\/franciscanos.org.br\/noticias\/#\/schema\/person\/image\/","url":"https:\/\/secure.gravatar.com\/avatar\/d08aa2ce4c8dd416d4479aa8536fcf64?s=96&d=mm&r=g","contentUrl":"https:\/\/secure.gravatar.com\/avatar\/d08aa2ce4c8dd416d4479aa8536fcf64?s=96&d=mm&r=g","caption":"moacir"},"url":"https:\/\/franciscanos.org.br\/noticias\/author\/moacir"}]}},"_links":{"self":[{"href":"https:\/\/franciscanos.org.br\/noticias\/wp-json\/wp\/v2\/posts\/200551"}],"collection":[{"href":"https:\/\/franciscanos.org.br\/noticias\/wp-json\/wp\/v2\/posts"}],"about":[{"href":"https:\/\/franciscanos.org.br\/noticias\/wp-json\/wp\/v2\/types\/post"}],"author":[{"embeddable":true,"href":"https:\/\/franciscanos.org.br\/noticias\/wp-json\/wp\/v2\/users\/3"}],"replies":[{"embeddable":true,"href":"https:\/\/franciscanos.org.br\/noticias\/wp-json\/wp\/v2\/comments?post=200551"}],"version-history":[{"count":0,"href":"https:\/\/franciscanos.org.br\/noticias\/wp-json\/wp\/v2\/posts\/200551\/revisions"}],"wp:featuredmedia":[{"embeddable":true,"href":"https:\/\/franciscanos.org.br\/noticias\/wp-json\/wp\/v2\/media\/200553"}],"wp:attachment":[{"href":"https:\/\/franciscanos.org.br\/noticias\/wp-json\/wp\/v2\/media?parent=200551"}],"wp:term":[{"taxonomy":"category","embeddable":true,"href":"https:\/\/franciscanos.org.br\/noticias\/wp-json\/wp\/v2\/categories?post=200551"},{"taxonomy":"post_tag","embeddable":true,"href":"https:\/\/franciscanos.org.br\/noticias\/wp-json\/wp\/v2\/tags?post=200551"}],"curies":[{"name":"wp","href":"https:\/\/api.w.org\/{rel}","templated":true}]}}