{"id":200541,"date":"2019-02-25T16:01:40","date_gmt":"2019-02-25T19:01:40","guid":{"rendered":"https:\/\/franciscanos.org.br\/noticias\/?p=200541"},"modified":"2021-07-05T20:09:49","modified_gmt":"2021-07-05T23:09:49","slug":"coral-dos-canarinhos-de-petropolis-recebe-novos-integrantes","status":"publish","type":"post","link":"https:\/\/franciscanos.org.br\/noticias\/coral-dos-canarinhos-de-petropolis-recebe-novos-integrantes.html","title":{"rendered":"Coral dos Canarinhos de Petr\u00f3polis recebe novos integrantes"},"content":{"rendered":"<p><img loading=\"lazy\" class=\"alignnone size-full wp-image-200542\" src=\"https:\/\/franciscanos.org.br\/noticias\/wp-content\/uploads\/2019\/02\/canarinhos_2502_1.jpg\" alt=\"\" width=\"890\" height=\"594\" srcset=\"https:\/\/franciscanos.org.br\/noticias\/wp-content\/uploads\/2019\/02\/canarinhos_2502_1.jpg 890w, https:\/\/franciscanos.org.br\/noticias\/wp-content\/uploads\/2019\/02\/canarinhos_2502_1-450x300.jpg 450w, https:\/\/franciscanos.org.br\/noticias\/wp-content\/uploads\/2019\/02\/canarinhos_2502_1-768x513.jpg 768w, https:\/\/franciscanos.org.br\/noticias\/wp-content\/uploads\/2019\/02\/canarinhos_2502_1-150x100.jpg 150w\" sizes=\"(max-width: 890px) 100vw, 890px\" \/><\/p>\n<p><strong>Daniela Moreira<\/strong><\/p>\n<p><strong>Petr\u00f3polis (RJ)<\/strong> &#8211; O \u00faltimo domingo (24) marcou o in\u00edcio de um novo ciclo para o Coral dos Canarinhos de Petr\u00f3polis. Doze meninos participaram da cerim\u00f4nia de Investidura e passaram a integrar o coro de meninos mais antigo do Brasil, que comemora em 2019, 77 anos de exist\u00eancia. A nova forma\u00e7\u00e3o do coral passa a contar com 68 integrantes.<\/p>\n<p>Para entrar nos Canarinhos, os doze meninos participaram de um processo de sele\u00e7\u00e3o e, durante um ano, passaram por uma etapa preparat\u00f3ria no Curso de Aprendizes. Neste per\u00edodo, tiveram aulas de t\u00e9cnica vocal, teoria musical, solfejo, ritmo e flauta doce.<\/p>\n<p>A presen\u00e7a de coros na Igreja Cat\u00f3lica \u00e9 uma tradi\u00e7\u00e3o milenar e o ritual de Investidura acontece anualmente, seguindo as normas da Federa\u00e7\u00e3o dos Meninos Cantores do Brasil, filiada \u00e0 Federa\u00e7\u00e3o Internacional Pueri Cantores, com sede em Roma.<\/p>\n<p>\u201cDurante a cerim\u00f4nia, os meninos dizem sim para um minist\u00e9rio milenar dentro da Igreja. Por isso, \u00e9 um rito t\u00e3o importante. Eles aceitam, publicamente, o compromisso e assumem uma responsabilidade de louvarem a Deus atrav\u00e9s da m\u00fasica. Esta \u00e9 uma miss\u00e3o grandiosa, que exige despojamento e ren\u00fancia\u201d, afirmou Frei Marcos Andrade.<\/p>\n<p><img loading=\"lazy\" class=\"alignnone size-full wp-image-200544\" src=\"https:\/\/franciscanos.org.br\/noticias\/wp-content\/uploads\/2019\/02\/canarinhos_2502.jpg\" alt=\"\" width=\"890\" height=\"431\" srcset=\"https:\/\/franciscanos.org.br\/noticias\/wp-content\/uploads\/2019\/02\/canarinhos_2502.jpg 890w, https:\/\/franciscanos.org.br\/noticias\/wp-content\/uploads\/2019\/02\/canarinhos_2502-450x218.jpg 450w, https:\/\/franciscanos.org.br\/noticias\/wp-content\/uploads\/2019\/02\/canarinhos_2502-768x372.jpg 768w, https:\/\/franciscanos.org.br\/noticias\/wp-content\/uploads\/2019\/02\/canarinhos_2502-150x73.jpg 150w\" sizes=\"(max-width: 890px) 100vw, 890px\" \/><\/p>\n<p>A cerim\u00f4nia come\u00e7a com a Celebra\u00e7\u00e3o Eucar\u00edstica. Cada novo integrante escolhe previamente um padrinho ou madrinha, que participa do evento segurando as novas vestes e ajudando a coloc\u00e1-las. Ap\u00f3s receb\u00ea-las, eles cantam sozinhos uma das estrofes da can\u00e7\u00e3o &#8220;Onde o Amor e a Caridade&#8221;, para depois se juntarem ao grupo vocal. A Missa foi encerrada pelo Coral com sua nova forma\u00e7\u00e3o, apresentando \u201cMagnificat\u201d, de Hendrik Andriessen.<\/p>\n<p>Para o maestro do Coral dos Canarinhos e diretor art\u00edstico do Instituto dos Meninos Cantores de Petr\u00f3polis (IMCP), Marco Aur\u00e9lio Lischt, a investidura \u00e9 um momento sempre muito feliz: \u201cH\u00e1 77 anos, levamos a miss\u00e3o de cantar e formar estes meninos para um mundo melhor. A m\u00fasica faz com que a gente se enobre\u00e7a\u201d.<\/p>\n<p>Ingressam no Coral dos Canarinhos de Petr\u00f3polis os sopranos Arthur Lopes dos Santos, Arthur Telle Silva de Paula, Bernard Jos\u00e9 F. de O. Moreira Mayworm, Caio Marques Pulga Gandara, Caique Jos\u00e9 de Oliveira Almeida, Cristian Correa Berlindo, Davi Nogueira Natario, Eric Carandina Vargas Freitas, Felipe Kronemberger Rodrigues, Gabriel Caetano Esteves, Guilherme Starck dos Santos, Rodolfo Muniz Walter.<\/p>\n<p>Mais informa\u00e7\u00f5es sobre as atividades do Instituto dos Meninos Cantores de Petr\u00f3polis podem ser consultadas pelo telefone (24) 2104-4141, pelo Facebook http:\/\/fb.com\/canarinhosdepetropolis ou pelo site www.canarinhos.com.br.<\/p>\n","protected":false},"excerpt":{"rendered":"<p>Coral dos Canarinhos acolhe os novos integrantes durante a Missa deste domingo<\/p>\n","protected":false},"author":3,"featured_media":200543,"comment_status":"open","ping_status":"open","sticky":false,"template":"","format":"standard","meta":[],"categories":[1],"tags":[1378],"acf":[],"yoast_head":"<!-- This site is optimized with the Yoast SEO plugin v19.2 - https:\/\/yoast.com\/wordpress\/plugins\/seo\/ -->\n<title>Coral dos Canarinhos de Petr\u00f3polis recebe novos integrantes - Not\u00edcias - Franciscanos<\/title>\n<meta name=\"robots\" content=\"index, follow, max-snippet:-1, max-image-preview:large, max-video-preview:-1\" \/>\n<link rel=\"canonical\" href=\"https:\/\/franciscanos.org.br\/noticias\/coral-dos-canarinhos-de-petropolis-recebe-novos-integrantes.html\" \/>\n<meta property=\"og:locale\" content=\"pt_BR\" \/>\n<meta property=\"og:type\" content=\"article\" \/>\n<meta property=\"og:title\" content=\"Coral dos Canarinhos de Petr\u00f3polis recebe novos integrantes - Not\u00edcias - Franciscanos\" \/>\n<meta property=\"og:description\" content=\"Coral dos Canarinhos acolhe os novos integrantes durante a Missa deste domingo\" \/>\n<meta property=\"og:url\" content=\"https:\/\/franciscanos.org.br\/noticias\/coral-dos-canarinhos-de-petropolis-recebe-novos-integrantes.html\" \/>\n<meta property=\"og:site_name\" content=\"Not\u00edcias - Franciscanos\" \/>\n<meta property=\"article:published_time\" content=\"2019-02-25T19:01:40+00:00\" \/>\n<meta property=\"article:modified_time\" content=\"2021-07-05T23:09:49+00:00\" \/>\n<meta property=\"og:image\" content=\"https:\/\/franciscanos.org.br\/noticias\/wp-content\/uploads\/2019\/02\/canarinhos_2502_d.jpg\" \/>\n\t<meta property=\"og:image:width\" content=\"273\" \/>\n\t<meta property=\"og:image:height\" content=\"181\" \/>\n\t<meta property=\"og:image:type\" content=\"image\/jpeg\" \/>\n<meta name=\"author\" content=\"moacir\" \/>\n<meta name=\"twitter:card\" content=\"summary_large_image\" \/>\n<meta name=\"twitter:label1\" content=\"Escrito por\" \/>\n\t<meta name=\"twitter:data1\" content=\"moacir\" \/>\n\t<meta name=\"twitter:label2\" content=\"Est. tempo de leitura\" \/>\n\t<meta name=\"twitter:data2\" content=\"2 minutos\" \/>\n<script type=\"application\/ld+json\" class=\"yoast-schema-graph\">{\"@context\":\"https:\/\/schema.org\",\"@graph\":[{\"@type\":\"WebSite\",\"@id\":\"https:\/\/franciscanos.org.br\/noticias\/#website\",\"url\":\"https:\/\/franciscanos.org.br\/noticias\/\",\"name\":\"Not\u00edcias - Franciscanos\",\"description\":\"Prov\u00edncia Franciscana da Imaculada Concei\u00e7\u00e3o do Brasil - Ordem dos Frades Menores - OFM\",\"potentialAction\":[{\"@type\":\"SearchAction\",\"target\":{\"@type\":\"EntryPoint\",\"urlTemplate\":\"https:\/\/franciscanos.org.br\/noticias\/?s={search_term_string}\"},\"query-input\":\"required name=search_term_string\"}],\"inLanguage\":\"pt-BR\"},{\"@type\":\"ImageObject\",\"inLanguage\":\"pt-BR\",\"@id\":\"https:\/\/franciscanos.org.br\/noticias\/coral-dos-canarinhos-de-petropolis-recebe-novos-integrantes.html#primaryimage\",\"url\":\"https:\/\/franciscanos.org.br\/noticias\/wp-content\/uploads\/2019\/02\/canarinhos_2502_d.jpg\",\"contentUrl\":\"https:\/\/franciscanos.org.br\/noticias\/wp-content\/uploads\/2019\/02\/canarinhos_2502_d.jpg\",\"width\":273,\"height\":181},{\"@type\":\"WebPage\",\"@id\":\"https:\/\/franciscanos.org.br\/noticias\/coral-dos-canarinhos-de-petropolis-recebe-novos-integrantes.html#webpage\",\"url\":\"https:\/\/franciscanos.org.br\/noticias\/coral-dos-canarinhos-de-petropolis-recebe-novos-integrantes.html\",\"name\":\"Coral dos Canarinhos de Petr\u00f3polis recebe novos integrantes - Not\u00edcias - Franciscanos\",\"isPartOf\":{\"@id\":\"https:\/\/franciscanos.org.br\/noticias\/#website\"},\"primaryImageOfPage\":{\"@id\":\"https:\/\/franciscanos.org.br\/noticias\/coral-dos-canarinhos-de-petropolis-recebe-novos-integrantes.html#primaryimage\"},\"datePublished\":\"2019-02-25T19:01:40+00:00\",\"dateModified\":\"2021-07-05T23:09:49+00:00\",\"author\":{\"@id\":\"https:\/\/franciscanos.org.br\/noticias\/#\/schema\/person\/b5c8cba458c330ccff548b056e95a5d4\"},\"breadcrumb\":{\"@id\":\"https:\/\/franciscanos.org.br\/noticias\/coral-dos-canarinhos-de-petropolis-recebe-novos-integrantes.html#breadcrumb\"},\"inLanguage\":\"pt-BR\",\"potentialAction\":[{\"@type\":\"ReadAction\",\"target\":[\"https:\/\/franciscanos.org.br\/noticias\/coral-dos-canarinhos-de-petropolis-recebe-novos-integrantes.html\"]}]},{\"@type\":\"BreadcrumbList\",\"@id\":\"https:\/\/franciscanos.org.br\/noticias\/coral-dos-canarinhos-de-petropolis-recebe-novos-integrantes.html#breadcrumb\",\"itemListElement\":[{\"@type\":\"ListItem\",\"position\":1,\"name\":\"Home\",\"item\":\"https:\/\/franciscanos.org.br\/noticias\"},{\"@type\":\"ListItem\",\"position\":2,\"name\":\"Coral dos Canarinhos de Petr\u00f3polis recebe novos integrantes\"}]},{\"@type\":\"Person\",\"@id\":\"https:\/\/franciscanos.org.br\/noticias\/#\/schema\/person\/b5c8cba458c330ccff548b056e95a5d4\",\"name\":\"moacir\",\"image\":{\"@type\":\"ImageObject\",\"inLanguage\":\"pt-BR\",\"@id\":\"https:\/\/franciscanos.org.br\/noticias\/#\/schema\/person\/image\/\",\"url\":\"https:\/\/secure.gravatar.com\/avatar\/d08aa2ce4c8dd416d4479aa8536fcf64?s=96&d=mm&r=g\",\"contentUrl\":\"https:\/\/secure.gravatar.com\/avatar\/d08aa2ce4c8dd416d4479aa8536fcf64?s=96&d=mm&r=g\",\"caption\":\"moacir\"},\"url\":\"https:\/\/franciscanos.org.br\/noticias\/author\/moacir\"}]}<\/script>\n<!-- \/ Yoast SEO plugin. -->","yoast_head_json":{"title":"Coral dos Canarinhos de Petr\u00f3polis recebe novos integrantes - Not\u00edcias - Franciscanos","robots":{"index":"index","follow":"follow","max-snippet":"max-snippet:-1","max-image-preview":"max-image-preview:large","max-video-preview":"max-video-preview:-1"},"canonical":"https:\/\/franciscanos.org.br\/noticias\/coral-dos-canarinhos-de-petropolis-recebe-novos-integrantes.html","og_locale":"pt_BR","og_type":"article","og_title":"Coral dos Canarinhos de Petr\u00f3polis recebe novos integrantes - Not\u00edcias - Franciscanos","og_description":"Coral dos Canarinhos acolhe os novos integrantes durante a Missa deste domingo","og_url":"https:\/\/franciscanos.org.br\/noticias\/coral-dos-canarinhos-de-petropolis-recebe-novos-integrantes.html","og_site_name":"Not\u00edcias - Franciscanos","article_published_time":"2019-02-25T19:01:40+00:00","article_modified_time":"2021-07-05T23:09:49+00:00","og_image":[{"width":273,"height":181,"url":"https:\/\/franciscanos.org.br\/noticias\/wp-content\/uploads\/2019\/02\/canarinhos_2502_d.jpg","type":"image\/jpeg"}],"author":"moacir","twitter_card":"summary_large_image","twitter_misc":{"Escrito por":"moacir","Est. tempo de leitura":"2 minutos"},"schema":{"@context":"https:\/\/schema.org","@graph":[{"@type":"WebSite","@id":"https:\/\/franciscanos.org.br\/noticias\/#website","url":"https:\/\/franciscanos.org.br\/noticias\/","name":"Not\u00edcias - Franciscanos","description":"Prov\u00edncia Franciscana da Imaculada Concei\u00e7\u00e3o do Brasil - Ordem dos Frades Menores - OFM","potentialAction":[{"@type":"SearchAction","target":{"@type":"EntryPoint","urlTemplate":"https:\/\/franciscanos.org.br\/noticias\/?s={search_term_string}"},"query-input":"required name=search_term_string"}],"inLanguage":"pt-BR"},{"@type":"ImageObject","inLanguage":"pt-BR","@id":"https:\/\/franciscanos.org.br\/noticias\/coral-dos-canarinhos-de-petropolis-recebe-novos-integrantes.html#primaryimage","url":"https:\/\/franciscanos.org.br\/noticias\/wp-content\/uploads\/2019\/02\/canarinhos_2502_d.jpg","contentUrl":"https:\/\/franciscanos.org.br\/noticias\/wp-content\/uploads\/2019\/02\/canarinhos_2502_d.jpg","width":273,"height":181},{"@type":"WebPage","@id":"https:\/\/franciscanos.org.br\/noticias\/coral-dos-canarinhos-de-petropolis-recebe-novos-integrantes.html#webpage","url":"https:\/\/franciscanos.org.br\/noticias\/coral-dos-canarinhos-de-petropolis-recebe-novos-integrantes.html","name":"Coral dos Canarinhos de Petr\u00f3polis recebe novos integrantes - Not\u00edcias - Franciscanos","isPartOf":{"@id":"https:\/\/franciscanos.org.br\/noticias\/#website"},"primaryImageOfPage":{"@id":"https:\/\/franciscanos.org.br\/noticias\/coral-dos-canarinhos-de-petropolis-recebe-novos-integrantes.html#primaryimage"},"datePublished":"2019-02-25T19:01:40+00:00","dateModified":"2021-07-05T23:09:49+00:00","author":{"@id":"https:\/\/franciscanos.org.br\/noticias\/#\/schema\/person\/b5c8cba458c330ccff548b056e95a5d4"},"breadcrumb":{"@id":"https:\/\/franciscanos.org.br\/noticias\/coral-dos-canarinhos-de-petropolis-recebe-novos-integrantes.html#breadcrumb"},"inLanguage":"pt-BR","potentialAction":[{"@type":"ReadAction","target":["https:\/\/franciscanos.org.br\/noticias\/coral-dos-canarinhos-de-petropolis-recebe-novos-integrantes.html"]}]},{"@type":"BreadcrumbList","@id":"https:\/\/franciscanos.org.br\/noticias\/coral-dos-canarinhos-de-petropolis-recebe-novos-integrantes.html#breadcrumb","itemListElement":[{"@type":"ListItem","position":1,"name":"Home","item":"https:\/\/franciscanos.org.br\/noticias"},{"@type":"ListItem","position":2,"name":"Coral dos Canarinhos de Petr\u00f3polis recebe novos integrantes"}]},{"@type":"Person","@id":"https:\/\/franciscanos.org.br\/noticias\/#\/schema\/person\/b5c8cba458c330ccff548b056e95a5d4","name":"moacir","image":{"@type":"ImageObject","inLanguage":"pt-BR","@id":"https:\/\/franciscanos.org.br\/noticias\/#\/schema\/person\/image\/","url":"https:\/\/secure.gravatar.com\/avatar\/d08aa2ce4c8dd416d4479aa8536fcf64?s=96&d=mm&r=g","contentUrl":"https:\/\/secure.gravatar.com\/avatar\/d08aa2ce4c8dd416d4479aa8536fcf64?s=96&d=mm&r=g","caption":"moacir"},"url":"https:\/\/franciscanos.org.br\/noticias\/author\/moacir"}]}},"_links":{"self":[{"href":"https:\/\/franciscanos.org.br\/noticias\/wp-json\/wp\/v2\/posts\/200541"}],"collection":[{"href":"https:\/\/franciscanos.org.br\/noticias\/wp-json\/wp\/v2\/posts"}],"about":[{"href":"https:\/\/franciscanos.org.br\/noticias\/wp-json\/wp\/v2\/types\/post"}],"author":[{"embeddable":true,"href":"https:\/\/franciscanos.org.br\/noticias\/wp-json\/wp\/v2\/users\/3"}],"replies":[{"embeddable":true,"href":"https:\/\/franciscanos.org.br\/noticias\/wp-json\/wp\/v2\/comments?post=200541"}],"version-history":[{"count":1,"href":"https:\/\/franciscanos.org.br\/noticias\/wp-json\/wp\/v2\/posts\/200541\/revisions"}],"predecessor-version":[{"id":232895,"href":"https:\/\/franciscanos.org.br\/noticias\/wp-json\/wp\/v2\/posts\/200541\/revisions\/232895"}],"wp:featuredmedia":[{"embeddable":true,"href":"https:\/\/franciscanos.org.br\/noticias\/wp-json\/wp\/v2\/media\/200543"}],"wp:attachment":[{"href":"https:\/\/franciscanos.org.br\/noticias\/wp-json\/wp\/v2\/media?parent=200541"}],"wp:term":[{"taxonomy":"category","embeddable":true,"href":"https:\/\/franciscanos.org.br\/noticias\/wp-json\/wp\/v2\/categories?post=200541"},{"taxonomy":"post_tag","embeddable":true,"href":"https:\/\/franciscanos.org.br\/noticias\/wp-json\/wp\/v2\/tags?post=200541"}],"curies":[{"name":"wp","href":"https:\/\/api.w.org\/{rel}","templated":true}]}}