{"id":200516,"date":"2019-02-25T08:12:08","date_gmt":"2019-02-25T11:12:08","guid":{"rendered":"https:\/\/franciscanos.org.br\/noticias\/?p=200516"},"modified":"2019-04-22T13:52:37","modified_gmt":"2019-04-22T16:52:37","slug":"uma-boa-igreja-tem-que-ter-um-grande-amor-aos-pobres-afirma-fernando-altemeyer","status":"publish","type":"post","link":"https:\/\/franciscanos.org.br\/noticias\/uma-boa-igreja-tem-que-ter-um-grande-amor-aos-pobres-afirma-fernando-altemeyer.html","title":{"rendered":"\u201cUma boa Igreja tem que ter grande amor aos pobres\u201d, afirma Fernando Altemeyer"},"content":{"rendered":"<p><img loading=\"lazy\" class=\"alignnone size-full wp-image-200519\" src=\"https:\/\/franciscanos.org.br\/noticias\/wp-content\/uploads\/2019\/02\/altemeyer_250219G.jpg\" alt=\"\" width=\"980\" height=\"549\" srcset=\"https:\/\/franciscanos.org.br\/noticias\/wp-content\/uploads\/2019\/02\/altemeyer_250219G.jpg 980w, https:\/\/franciscanos.org.br\/noticias\/wp-content\/uploads\/2019\/02\/altemeyer_250219G-450x252.jpg 450w, https:\/\/franciscanos.org.br\/noticias\/wp-content\/uploads\/2019\/02\/altemeyer_250219G-768x430.jpg 768w, https:\/\/franciscanos.org.br\/noticias\/wp-content\/uploads\/2019\/02\/altemeyer_250219G-150x84.jpg 150w\" sizes=\"(max-width: 980px) 100vw, 980px\" \/><\/p>\n<p>A Doutrina Social da Igreja \u00e9 o tema da\u00a0quarta entrevista da s\u00e9rie especial sobre a CF 2019. Para abordar o tema, conversamos com <strong>Fernando Altemeyer Junior<\/strong>, chefe do Departamento de Ci\u00eancia da Religi\u00e3o da Pontif\u00edcia Universidade Cat\u00f3lica de S\u00e3o Paulo (PUC-SP).<\/p>\n<p>Segundo o texto-base da CF, &#8220;A Doutrina Social da Igreja evidencia a necessidade de uma participa\u00e7\u00e3o ativa e consciente dos crist\u00e3os leigos e leigas na vida da sociedade, sendo esse um de seus princ\u00edpios permanentes\u201d.\u00a0Para o especialista, a preocupa\u00e7\u00e3o social da Igreja nasce do exemplo de Jesus Cristo. \u201cOlhar para os pequenos \u00e9 a maneira de ser da Igreja\u201d, afirma.<\/p>\n<p>Confira a entrevista concedida a <strong>Frei Gustavo Medella<\/strong>:<\/p>\n<p><strong>Site Franciscanos &#8211; De que maneira a preocupa\u00e7\u00e3o social se faz e se fez presente na vida da Igreja desde o seu in\u00edcio?<\/strong><\/p>\n<p><strong>Fernando Altemeyer Jr. &#8211; <\/strong>Precisamos ir ao cora\u00e7\u00e3o de Jesus para entender que a preocupa\u00e7\u00e3o com os irm\u00e3os \u00e9 o cora\u00e7\u00e3o do Evangelho. Est\u00e1 na ora\u00e7\u00e3o do Pai Nosso. Tudo nasceu da encarna\u00e7\u00e3o de Jesus, ao voltar-se para os mais pobres. Ele mesmo era pobre, mas n\u00e3o miser\u00e1vel. Ele era um carpinteiro, um oper\u00e1rio qualificado, mas vivia cercado dos mais simples e mais pobres, zelando pela vida dos camponeses, desempregados, de pessoas doentes. Essa preocupa\u00e7\u00e3o com o simples, o pobre, o \u00faltimo j\u00e1 nasceu da pr\u00f3pria experi\u00eancia de Jesus. A Igreja, no seu in\u00edcio, tem o exemplo de Paulo e os demais ap\u00f3stolos, como Pedro e Tiago, que ficaram em Jerusal\u00e9m. Eles andavam pelo mundo e tinham essa preocupa\u00e7\u00e3o. \u00c9 s\u00f3 ver as cartas de Paulo aos G\u00e1latas, a preocupa\u00e7\u00e3o de Tiago numa das cartas apost\u00f3licas que fala mais forte na defesa dos pobres. Essa preocupa\u00e7\u00e3o social nasceu com a Igreja, \u00e9 uma esp\u00e9cie de pedra de toque da Igreja. Uma boa Igreja tem que ter grande amor aos pobres. N\u00e3o \u00e9 somente uma quest\u00e3o moderna, vem l\u00e1 dos Profetas, da Igreja primitiva. Olhar para os pequenos \u00e9 a maneira de ser da Igreja. Essa \u00e9 a nossa maneira de viver a religi\u00e3o!<\/p>\n<p><strong>Site Franciscanos &#8211; Em termos mais espec\u00edficos, quando se come\u00e7a a utilizar o termo Doutrina Social da Igreja?<\/strong><\/p>\n<p><strong>Fernando Altemeyer Jr. &#8211; <\/strong>No passado, a Igreja sempre falou em favor dos pobres. Todo mundo se lembra de S\u00e3o Francisco de Assis. Mas voltando no tempo, lembramos de Greg\u00f3rio de Nisa, S\u00e3o Vicente de Paulo. Sempre veremos algu\u00e9m pregando um ensino social em nome da Igreja, das Dioceses e Congrega\u00e7\u00f5es. Em 15 de novembro de 1891, o Papa Le\u00e3o XIII escreveu a Enc\u00edclica &#8220;<em>Rerum Novarum<\/em>: sobre a condi\u00e7\u00e3o dos oper\u00e1rios&#8221;, que se tornou o primeiro documento da Doutrina Social da Igreja (DSI). Os outros Papas seguiram aprofundando os temas, como Pio XI, S\u00e3o Jo\u00e3o XXIII e agora o Papa Francisco. Isso construiu uma esp\u00e9cie de corpo do ensino da Igreja, como se fosse uma pequena biblioteca, que trata do pensamento social, o que a Igreja pensa sobre pol\u00edtica, economia, agricultura, meio ambiente. Ou seja, grandes temas da sociedade. Estamos esperando que o Papa Francisco lance, quem sabe, mais uma Enc\u00edclica Social, a \u00faltima foi a <em>Laudato Si&#8217;<\/em>. Mas agora \u00e9 esperado que ele lance uma falando, por exemplo, dos refugiados, da acolhida destas pessoas. A Doutrina Social \u00e9 viva, ela come\u00e7ou l\u00e1 atr\u00e1s, em 1891, e vai se aprofundando. Alguns preferem at\u00e9 chamar de Ensino Social da Igreja, mas ficou famosa como Doutrina Social da Igreja. Hoje \u00e9 uma disciplina em todas as faculdades de Teologia. Todos que estudam Teologia aprendem sobre isso.<\/p>\n<p><strong>Site Franciscanos &#8211; Quais s\u00e3o as fontes em que as pessoas podem se basear, buscar mais conhecimento sobre a Doutrina Social da Igreja?<\/strong><\/p>\n<p><strong>Fernando Altemeyer Jr. &#8211; <\/strong>A primeira fonte importante \u00e9 pegar o texto-base da Campanha da Fraternidade. H\u00e1 um cap\u00edtulo todo inspirado na DSI. \u00c9 um belo resumo sobre o tema da Fraternidade e Pol\u00edticas P\u00fablicas. Para quem quer come\u00e7ar com um pequeno aperitivo, este j\u00e1 \u00e9 bom. A segunda grande fonte s\u00e3o os documentos dos Papas, come\u00e7ando com a \u201c<em>Rerum Novarum<\/em>\u201d e seguindo com a Enc\u00edclica \u201c<em>Quadragesimo anno<\/em>\u201d (do Papa Pio XI, publicada em 15 de maio de 1931), Carta Apost\u00f3lica \u201c<em>Octagesima Adveniens<\/em>\u201d (de S\u00e3o Jo\u00e3o XXIII, de 1961), todas dispon\u00edveis em portugu\u00eas. Uma terceira fonte \u00e9 o Comp\u00eandio de DSI, que \u00e9 um resumo bem feito de todo pensamento da Igreja Cat\u00f3lica sobre o tema. E, por \u00faltimo, sem d\u00favida, vale a pena ler os documentos da CNBB que tratam da quest\u00e3o social. H\u00e1 sobre pol\u00edtica social, reforma agr\u00e1ria, meio ambiente e recentemente os documentos e pronunciamentos dos bispos sobre as quest\u00f5es sociais importantes, como por exemplo, este desastre e crime que aconteceu em Brumadinho. Os bispos se pronunciam sobre a quest\u00e3o social. \u00c9 bom que o cat\u00f3lico esteja por dentro disso e possa refletir e apoiar o pensamento. As principais fontes s\u00e3o os documentos papais, mas tamb\u00e9m h\u00e1 textos importantes lan\u00e7ados em cada pa\u00eds, \u00e0s vezes por uma Confer\u00eancia Episcopal ou mesmo uma Congrega\u00e7\u00e3o. \u00c9 bom o cat\u00f3lico estar sintonizado com estas notas e falas, para ele tamb\u00e9m estar bem informado sobre o pensamento da sua Igreja.<\/p>\n<p><strong>Site Franciscanos &#8211; Que avalia\u00e7\u00e3o o sr. faz do pontificado do Papa Francisco em rela\u00e7\u00e3o \u00e0 DSI?<\/strong><\/p>\n<p><strong>Fernando Altemeyer Jr. &#8211; <\/strong>Como um homem que veio de um pa\u00eds de Terceiro Mundo, ele \u00e9 um Papa bastante vinculado a esta quest\u00e3o. Em sua vida, teve essa sensibilidade, sempre esteve nas favelas de Buenos Aires, ao lado dos imigrantes, na defesa das mulheres, dos simples, dos pobres. Era sua miss\u00e3o, ent\u00e3o essa j\u00e1 \u00e9 uma caracter\u00edstica da personalidade dele. Ele contribuiu muito na DSI com a Enc\u00edclica <em>Laudato Si&#8217;<\/em>, um documento bel\u00edssimo. Ali ele trata da chamada ecologia integral. Estamos interligados na defesa do planeta, da causa comum, para que n\u00e3o haja tanto desastre, desrespeito e morte de animais, de florestas, do meio ambiente e de seres humanos. Acho que o Papa Francisco est\u00e1 dando um show, estou feliz da vida com este Papa. Embora \u00e0s vezes ele n\u00e3o tenha muito apoio da gente da pr\u00f3pria Igreja, que fica em cima do muro, hibernando. Ele vai para frente, tem um olho de \u00e1guia, procura ver as pessoas em necessidade e colocar toda C\u00faria Romana em favor dos \u00faltimos. Na It\u00e1lia, por exemplo, ele defende os migrantes, mesmo que o Ministro da It\u00e1lia seja contra ele. Nas Viagens Apost\u00f3licas, ele faz quest\u00e3o de estar com as pessoas que est\u00e3o em situa\u00e7\u00e3o de vulnerabilidade, para mostrar o lugar da Igreja, que \u00e9 ao lado dos \u00faltimos, dos fracassados, dos perdedores, garantindo a esperan\u00e7a. Essa \u00e9 sua grande contribui\u00e7\u00e3o. Na pr\u00e1tica e tamb\u00e9m na parte te\u00f3rica ou normativa, como na Enc\u00edclica <em>Laudato Si&#8217;<\/em>, que \u00e9 uma preciosidade.<\/p>\n<p><strong>Ou\u00e7a no Soundcloud:<\/strong><\/p>\n<p><iframe loading=\"lazy\" src=\"https:\/\/w.soundcloud.com\/player\/?url=https%3A\/\/api.soundcloud.com\/tracks\/586312299&amp;color=%23d8d6c5&amp;auto_play=false&amp;hide_related=false&amp;show_comments=true&amp;show_user=true&amp;show_reposts=false&amp;show_teaser=true&amp;visual=true\" width=\"100%\" height=\"300\" frameborder=\"no\" scrolling=\"no\"><\/iframe><\/p>\n<p><iframe loading=\"lazy\" src=\"https:\/\/w.soundcloud.com\/player\/?url=https%3A\/\/api.soundcloud.com\/tracks\/586311459&amp;color=%23d8d6c5&amp;auto_play=false&amp;hide_related=false&amp;show_comments=true&amp;show_user=true&amp;show_reposts=false&amp;show_teaser=true&amp;visual=true\" width=\"100%\" height=\"300\" frameborder=\"no\" scrolling=\"no\"><\/iframe><\/p>\n<p><strong>Confira todas as entrevistas: <\/strong><\/p>\n<p><strong>Tema e Lema da CF | Entrevistado:\u00a0 \u00a0 \u00a0<\/strong><strong><a href=\"https:\/\/franciscanos.org.br\/noticias\/d-leonardo-sejamos-ativos-na-construcao-de-politicas-publicas.html\">Dom Leonardo Ulrich Steiner<\/a><\/strong><\/p>\n<p style=\"padding-left: 30px;\">Bispo Auxiliar de Bras\u00edlia e secret\u00e1rio-geral da CNBB.<\/p>\n<p><strong>Conceito de Pol\u00edticas P\u00fablicas | Entrevistado: <a href=\"https:\/\/franciscanos.org.br\/noticias\/o-que-sao-e-como-funcionam-as-politicas-publicas.html\" target=\"_blank\" rel=\"noopener noreferrer\">Robert Soares do Nascimento<\/a><\/strong><\/p>\n<p style=\"padding-left: 30px;\">Agente de Pastoral, comp\u00f5e o N\u00facleo em Educa\u00e7\u00e3o e Direitos Humanos da UNISAL (Centro Universit\u00e1rio Salesiano de S\u00e3o Paulo) e participa do Grupo de Trabalho de Justi\u00e7a Restaurativa da Comarca de Americana (SP).<\/p>\n<p><strong>Pol\u00edtica como exerc\u00edcio do bem comum | Entrevistado: <a href=\"https:\/\/franciscanos.org.br\/noticias\/politica-como-exercicio-da-busca-do-bem-comum.html\" target=\"_blank\" rel=\"noopener noreferrer\">Felix Fernando Siriani<\/a><\/strong><\/p>\n<p style=\"padding-left: 30px;\">Formado em Gest\u00e3o de Pol\u00edticas P\u00fablicas, especialista em Pedagogia Social, Pastoral Escolar e mestrando em Mudan\u00e7a Social e Pol\u00edticas P\u00fablicas.<\/p>\n<p><strong>Doutrina Social da Igreja | Entrevistado: <a href=\"https:\/\/franciscanos.org.br\/noticias\/uma-boa-igreja-tem-que-ter-um-grande-amor-aos-pobres-afirma-fernando-altemeyer.html\" target=\"_blank\" rel=\"noopener noreferrer\">Prof. Dr. Fernando Altemeyer Junior<\/a><\/strong><\/p>\n<p style=\"padding-left: 30px;\">Chefe do Departamento de Ci\u00eancia da Religi\u00e3o da PUC-SP.<\/p>\n<p><strong>As a\u00e7\u00f5es e ensinamentos de Jesus como inspira\u00e7\u00e3o para pol\u00edticas em favor da cidadania | Entrevistado: <a href=\"https:\/\/franciscanos.org.br\/noticias\/o-eixo-das-politicas-publicas-justica-paz-e-alegria.html\" target=\"_blank\" rel=\"noopener noreferrer\">Francisco Orofino<\/a><\/strong><\/p>\n<p style=\"padding-left: 30px;\">Leigo, professor de Teologia B\u00edblica em Nova Igua\u00e7u (RJ) e assessor do CEBI (Centro de Estudos B\u00edblicos) e do ISER Assessoria (Instituto de Estudos da Religi\u00e3o).<\/p>\n<p><strong>Os franciscanos e o engajamento pol\u00edtico | Entrevistado: <a href=\"https:\/\/franciscanos.org.br\/noticias\/frei-vitorio-pede-mais-indignacao-profetica.html\" target=\"_blank\" rel=\"noopener noreferrer\">Frei Vitorio Mazzuco<\/a><\/strong><\/p>\n<p style=\"padding-left: 30px;\">Mestre em espiritualidade e coordenador da Pastoral Universit\u00e1ria da USF.<\/p>\n<p><strong>A import\u00e2ncia dos Movimentos Sociais na busca do bem comum | Entrevistado: <a href=\"https:\/\/franciscanos.org.br\/noticias\/dom-guilherme-e-preciso-reanimar-os-movimentos-sociais.html\" target=\"_blank\" rel=\"noopener noreferrer\">Dom Guilherme Werlang<\/a><\/strong><\/p>\n<p style=\"padding-left: 30px;\">Bispo da Diocese de Lages (SC) e presidente da Comiss\u00e3o Episcopal Pastoral para a A\u00e7\u00e3o Social Transformadora da CNBB.<\/p>\n<p><strong>Pol\u00edticas P\u00fablicas na \u00e1rea da sa\u00fade | Entrevistado: <a href=\"https:\/\/franciscanos.org.br\/noticias\/politicas-publicas-em-favor-da-saude.html\" target=\"_blank\" rel=\"noopener noreferrer\">Fernando Pigatto <\/a><\/strong><\/p>\n<p style=\"padding-left: 30px;\">Presidente do Conselho Nacional de Sa\u00fade (CNS) e Representante da Confedera\u00e7\u00e3o Nacional das Associa\u00e7\u00f5es de Moradores (CONAM).<\/p>\n<p><strong>Pol\u00edticas P\u00fablicas na seguran\u00e7a | Entrevistado: <a href=\"https:\/\/franciscanos.org.br\/noticias\/a-seguranca-publica-precisa-da-integracao-das-instituicoes-e-da-comunidade.html\" target=\"_blank\" rel=\"noopener noreferrer\">Ricardo Bedendo<\/a><\/strong><\/p>\n<p style=\"padding-left: 30px;\">Jornalista e Mestre em Ci\u00eancias Sociais, integra o n\u00facleo de Estudos de Viol\u00eancia e Direitos Humanos da P\u00f3s-Gradua\u00e7\u00e3o em Ci\u00eancias Sociais da Universidade Federal de Juiz de Fora (UFJF).<\/p>\n<p><strong>Pol\u00edticas P\u00fablicas e Assist\u00eancia Social | Entrevistada: <a href=\"https:\/\/franciscanos.org.br\/noticias\/olhar-a-assistencia-social-como-um-direito-nao-um-favor.html\" target=\"_blank\" rel=\"noopener noreferrer\">Rosangela Pezoti<\/a><\/strong><\/p>\n<p style=\"padding-left: 30px;\">Doutora em Servi\u00e7o Social, respons\u00e1vel pelas \u00e1reas t\u00e9cnica e de articula\u00e7\u00e3o pol\u00edtica do Sefras &#8211; Servi\u00e7o Franciscano de Solidariedade.<\/p>\n<p><strong>Pol\u00edticas P\u00fablicas em favor dos negros | Entrevistado: <a href=\"https:\/\/franciscanos.org.br\/noticias\/cf-as-politicas-publicas-em-favor-dos-negros-sao-uma-conquista-de-todos.html\" target=\"_blank\" rel=\"noopener noreferrer\">Frei David Raimundo Santos<\/a><\/strong><\/p>\n<p style=\"padding-left: 30px;\">Presidente da Educafro (Educa\u00e7\u00e3o e Cidadania de Afrodescendentes e Carentes).<\/p>\n<p><strong>Import\u00e2ncia da participa\u00e7\u00e3o nos espa\u00e7os de controle social | Entrevistada: <a href=\"https:\/\/franciscanos.org.br\/noticias\/valdenia-o-controle-social-e-responsabilidade-de-toda-sociedade.html\" target=\"_blank\" rel=\"noopener noreferrer\">Vald\u00eania Paulino<\/a><\/strong><\/p>\n<p style=\"padding-left: 30px;\">Advogada, integra o Centro de Direitos Humanos de Sapopemba (SP)<\/p>\n<p><strong>Pol\u00edticas P\u00fablicas em favor dos \u00edndios e dos povos origin\u00e1rios | Entrevistado: <a href=\"https:\/\/franciscanos.org.br\/noticias\/e-preciso-lutar-para-que-nao-haja-retrocesso-nas-politicas-publicas-em-prol-dos-indigenas.html\" target=\"_blank\" rel=\"noopener noreferrer\">Egon Heck<\/a><\/strong><\/p>\n<p style=\"padding-left: 30px;\">Assessor do secretariado do Conselho Indigenista Mission\u00e1rio \u2013 Cimi.<\/p>\n<p><strong>Pol\u00edticas P\u00fablicas e Juventude | Entrevistada: <a href=\"https:\/\/franciscanos.org.br\/noticias\/por-mais-politicas-que-promovam-igualdade-de-oportunidades-entre-as-juventudes.html\" target=\"_blank\" rel=\"noopener noreferrer\">Anna Luiza Salles Souto<\/a><\/strong><\/p>\n<p style=\"padding-left: 30px;\">Coordenadora da \u00e1rea de Democracia e Participa\u00e7\u00e3o do Instituto P\u00f3lis.<\/p>\n<p><strong>Pol\u00edticas P\u00fablicas e na \u00e1rea da educa\u00e7\u00e3o | Entrevistado: <a href=\"https:\/\/franciscanos.org.br\/noticias\/a-educacao-como-um-instrumento-transformador-da-sociedade.html\" target=\"_blank\" rel=\"noopener noreferrer\">Professor Dilnei Lorenzi<\/a><\/strong><\/p>\n<p style=\"padding-left: 30px;\">Pr\u00f3-Reitor de Ensino, Pesquisa e Extens\u00e3o da Universidade S\u00e3o Francisco (USF).<\/p>\n<p><strong>Sa\u00fade e o bem comum | Entrevistado: <a href=\"https:\/\/franciscanos.org.br\/noticias\/o-papel-da-pastoral-da-saude-nas-politicas-publicas.html\" target=\"_blank\" rel=\"noopener noreferrer\">Pe. Christian de Paul de Barchifontaine<\/a><\/strong><\/p>\n<p style=\"padding-left: 30px;\">Assessor Internacional dos Camilianos na \u00c1rea da Sa\u00fade, Rela\u00e7\u00f5es P\u00fablicas das Organiza\u00e7\u00f5es Camilianas.<\/p>\n<p><strong>O exemplo concreto no Rio de Janeiro | Entrevistado: <a href=\"https:\/\/franciscanos.org.br\/noticias\/o-exemplo-concreto-do-forum-grita-baixada-no-exercicio-das-politicas-publicas.html\" target=\"_blank\" rel=\"noopener noreferrer\">Adriano de Ara\u00fajo<\/a><\/strong><\/p>\n<p style=\"padding-left: 30px;\">Soci\u00f3logo, coordenador do F\u00f3rum Grita Baixada.<\/p>\n","protected":false},"excerpt":{"rendered":"<p>Especial Campanha da Fraternidade<\/p>\n","protected":false},"author":1,"featured_media":200520,"comment_status":"open","ping_status":"open","sticky":false,"template":"","format":"standard","meta":[],"categories":[758],"tags":[818],"acf":[],"yoast_head":"<!-- This site is optimized with the Yoast SEO plugin v19.2 - https:\/\/yoast.com\/wordpress\/plugins\/seo\/ -->\n<title>\u201cUma boa Igreja tem que ter grande amor aos pobres\u201d, afirma Fernando Altemeyer - Not\u00edcias - Franciscanos<\/title>\n<meta name=\"robots\" content=\"index, follow, max-snippet:-1, max-image-preview:large, max-video-preview:-1\" \/>\n<link rel=\"canonical\" href=\"https:\/\/franciscanos.org.br\/noticias\/uma-boa-igreja-tem-que-ter-um-grande-amor-aos-pobres-afirma-fernando-altemeyer.html\" \/>\n<meta property=\"og:locale\" content=\"pt_BR\" \/>\n<meta property=\"og:type\" content=\"article\" \/>\n<meta property=\"og:title\" content=\"\u201cUma boa Igreja tem que ter grande amor aos pobres\u201d, afirma Fernando Altemeyer - Not\u00edcias - Franciscanos\" \/>\n<meta property=\"og:description\" content=\"Especial Campanha da Fraternidade\" \/>\n<meta property=\"og:url\" content=\"https:\/\/franciscanos.org.br\/noticias\/uma-boa-igreja-tem-que-ter-um-grande-amor-aos-pobres-afirma-fernando-altemeyer.html\" \/>\n<meta property=\"og:site_name\" content=\"Not\u00edcias - Franciscanos\" \/>\n<meta property=\"article:published_time\" content=\"2019-02-25T11:12:08+00:00\" \/>\n<meta property=\"article:modified_time\" content=\"2019-04-22T16:52:37+00:00\" \/>\n<meta property=\"og:image\" content=\"https:\/\/franciscanos.org.br\/noticias\/wp-content\/uploads\/2019\/02\/altemeyer_250219P.jpg\" \/>\n\t<meta property=\"og:image:width\" content=\"273\" \/>\n\t<meta property=\"og:image:height\" content=\"181\" \/>\n\t<meta property=\"og:image:type\" content=\"image\/jpeg\" \/>\n<meta name=\"author\" content=\"admin\" \/>\n<meta name=\"twitter:card\" content=\"summary_large_image\" \/>\n<meta name=\"twitter:label1\" content=\"Escrito por\" \/>\n\t<meta name=\"twitter:data1\" content=\"admin\" \/>\n\t<meta name=\"twitter:label2\" content=\"Est. tempo de leitura\" \/>\n\t<meta name=\"twitter:data2\" content=\"9 minutos\" \/>\n<script type=\"application\/ld+json\" class=\"yoast-schema-graph\">{\"@context\":\"https:\/\/schema.org\",\"@graph\":[{\"@type\":\"WebSite\",\"@id\":\"https:\/\/franciscanos.org.br\/noticias\/#website\",\"url\":\"https:\/\/franciscanos.org.br\/noticias\/\",\"name\":\"Not\u00edcias - Franciscanos\",\"description\":\"Prov\u00edncia Franciscana da Imaculada Concei\u00e7\u00e3o do Brasil - Ordem dos Frades Menores - OFM\",\"potentialAction\":[{\"@type\":\"SearchAction\",\"target\":{\"@type\":\"EntryPoint\",\"urlTemplate\":\"https:\/\/franciscanos.org.br\/noticias\/?s={search_term_string}\"},\"query-input\":\"required name=search_term_string\"}],\"inLanguage\":\"pt-BR\"},{\"@type\":\"ImageObject\",\"inLanguage\":\"pt-BR\",\"@id\":\"https:\/\/franciscanos.org.br\/noticias\/uma-boa-igreja-tem-que-ter-um-grande-amor-aos-pobres-afirma-fernando-altemeyer.html#primaryimage\",\"url\":\"https:\/\/franciscanos.org.br\/noticias\/wp-content\/uploads\/2019\/02\/altemeyer_250219P.jpg\",\"contentUrl\":\"https:\/\/franciscanos.org.br\/noticias\/wp-content\/uploads\/2019\/02\/altemeyer_250219P.jpg\",\"width\":273,\"height\":181},{\"@type\":\"WebPage\",\"@id\":\"https:\/\/franciscanos.org.br\/noticias\/uma-boa-igreja-tem-que-ter-um-grande-amor-aos-pobres-afirma-fernando-altemeyer.html#webpage\",\"url\":\"https:\/\/franciscanos.org.br\/noticias\/uma-boa-igreja-tem-que-ter-um-grande-amor-aos-pobres-afirma-fernando-altemeyer.html\",\"name\":\"\u201cUma boa Igreja tem que ter grande amor aos pobres\u201d, afirma Fernando Altemeyer - Not\u00edcias - Franciscanos\",\"isPartOf\":{\"@id\":\"https:\/\/franciscanos.org.br\/noticias\/#website\"},\"primaryImageOfPage\":{\"@id\":\"https:\/\/franciscanos.org.br\/noticias\/uma-boa-igreja-tem-que-ter-um-grande-amor-aos-pobres-afirma-fernando-altemeyer.html#primaryimage\"},\"datePublished\":\"2019-02-25T11:12:08+00:00\",\"dateModified\":\"2019-04-22T16:52:37+00:00\",\"author\":{\"@id\":\"https:\/\/franciscanos.org.br\/noticias\/#\/schema\/person\/b38fbf43118f02820bd932f2e4b14ad3\"},\"breadcrumb\":{\"@id\":\"https:\/\/franciscanos.org.br\/noticias\/uma-boa-igreja-tem-que-ter-um-grande-amor-aos-pobres-afirma-fernando-altemeyer.html#breadcrumb\"},\"inLanguage\":\"pt-BR\",\"potentialAction\":[{\"@type\":\"ReadAction\",\"target\":[\"https:\/\/franciscanos.org.br\/noticias\/uma-boa-igreja-tem-que-ter-um-grande-amor-aos-pobres-afirma-fernando-altemeyer.html\"]}]},{\"@type\":\"BreadcrumbList\",\"@id\":\"https:\/\/franciscanos.org.br\/noticias\/uma-boa-igreja-tem-que-ter-um-grande-amor-aos-pobres-afirma-fernando-altemeyer.html#breadcrumb\",\"itemListElement\":[{\"@type\":\"ListItem\",\"position\":1,\"name\":\"Home\",\"item\":\"https:\/\/franciscanos.org.br\/noticias\"},{\"@type\":\"ListItem\",\"position\":2,\"name\":\"\u201cUma boa Igreja tem que ter grande amor aos pobres\u201d, afirma Fernando Altemeyer\"}]},{\"@type\":\"Person\",\"@id\":\"https:\/\/franciscanos.org.br\/noticias\/#\/schema\/person\/b38fbf43118f02820bd932f2e4b14ad3\",\"name\":\"admin\",\"image\":{\"@type\":\"ImageObject\",\"inLanguage\":\"pt-BR\",\"@id\":\"https:\/\/franciscanos.org.br\/noticias\/#\/schema\/person\/image\/\",\"url\":\"https:\/\/secure.gravatar.com\/avatar\/e8495742d34d0ba6448ea1c628263b3e?s=96&d=mm&r=g\",\"contentUrl\":\"https:\/\/secure.gravatar.com\/avatar\/e8495742d34d0ba6448ea1c628263b3e?s=96&d=mm&r=g\",\"caption\":\"admin\"},\"url\":\"https:\/\/franciscanos.org.br\/noticias\/author\/admin\"}]}<\/script>\n<!-- \/ Yoast SEO plugin. -->","yoast_head_json":{"title":"\u201cUma boa Igreja tem que ter grande amor aos pobres\u201d, afirma Fernando Altemeyer - Not\u00edcias - Franciscanos","robots":{"index":"index","follow":"follow","max-snippet":"max-snippet:-1","max-image-preview":"max-image-preview:large","max-video-preview":"max-video-preview:-1"},"canonical":"https:\/\/franciscanos.org.br\/noticias\/uma-boa-igreja-tem-que-ter-um-grande-amor-aos-pobres-afirma-fernando-altemeyer.html","og_locale":"pt_BR","og_type":"article","og_title":"\u201cUma boa Igreja tem que ter grande amor aos pobres\u201d, afirma Fernando Altemeyer - Not\u00edcias - Franciscanos","og_description":"Especial Campanha da Fraternidade","og_url":"https:\/\/franciscanos.org.br\/noticias\/uma-boa-igreja-tem-que-ter-um-grande-amor-aos-pobres-afirma-fernando-altemeyer.html","og_site_name":"Not\u00edcias - Franciscanos","article_published_time":"2019-02-25T11:12:08+00:00","article_modified_time":"2019-04-22T16:52:37+00:00","og_image":[{"width":273,"height":181,"url":"https:\/\/franciscanos.org.br\/noticias\/wp-content\/uploads\/2019\/02\/altemeyer_250219P.jpg","type":"image\/jpeg"}],"author":"admin","twitter_card":"summary_large_image","twitter_misc":{"Escrito por":"admin","Est. tempo de leitura":"9 minutos"},"schema":{"@context":"https:\/\/schema.org","@graph":[{"@type":"WebSite","@id":"https:\/\/franciscanos.org.br\/noticias\/#website","url":"https:\/\/franciscanos.org.br\/noticias\/","name":"Not\u00edcias - Franciscanos","description":"Prov\u00edncia Franciscana da Imaculada Concei\u00e7\u00e3o do Brasil - Ordem dos Frades Menores - OFM","potentialAction":[{"@type":"SearchAction","target":{"@type":"EntryPoint","urlTemplate":"https:\/\/franciscanos.org.br\/noticias\/?s={search_term_string}"},"query-input":"required name=search_term_string"}],"inLanguage":"pt-BR"},{"@type":"ImageObject","inLanguage":"pt-BR","@id":"https:\/\/franciscanos.org.br\/noticias\/uma-boa-igreja-tem-que-ter-um-grande-amor-aos-pobres-afirma-fernando-altemeyer.html#primaryimage","url":"https:\/\/franciscanos.org.br\/noticias\/wp-content\/uploads\/2019\/02\/altemeyer_250219P.jpg","contentUrl":"https:\/\/franciscanos.org.br\/noticias\/wp-content\/uploads\/2019\/02\/altemeyer_250219P.jpg","width":273,"height":181},{"@type":"WebPage","@id":"https:\/\/franciscanos.org.br\/noticias\/uma-boa-igreja-tem-que-ter-um-grande-amor-aos-pobres-afirma-fernando-altemeyer.html#webpage","url":"https:\/\/franciscanos.org.br\/noticias\/uma-boa-igreja-tem-que-ter-um-grande-amor-aos-pobres-afirma-fernando-altemeyer.html","name":"\u201cUma boa Igreja tem que ter grande amor aos pobres\u201d, afirma Fernando Altemeyer - Not\u00edcias - Franciscanos","isPartOf":{"@id":"https:\/\/franciscanos.org.br\/noticias\/#website"},"primaryImageOfPage":{"@id":"https:\/\/franciscanos.org.br\/noticias\/uma-boa-igreja-tem-que-ter-um-grande-amor-aos-pobres-afirma-fernando-altemeyer.html#primaryimage"},"datePublished":"2019-02-25T11:12:08+00:00","dateModified":"2019-04-22T16:52:37+00:00","author":{"@id":"https:\/\/franciscanos.org.br\/noticias\/#\/schema\/person\/b38fbf43118f02820bd932f2e4b14ad3"},"breadcrumb":{"@id":"https:\/\/franciscanos.org.br\/noticias\/uma-boa-igreja-tem-que-ter-um-grande-amor-aos-pobres-afirma-fernando-altemeyer.html#breadcrumb"},"inLanguage":"pt-BR","potentialAction":[{"@type":"ReadAction","target":["https:\/\/franciscanos.org.br\/noticias\/uma-boa-igreja-tem-que-ter-um-grande-amor-aos-pobres-afirma-fernando-altemeyer.html"]}]},{"@type":"BreadcrumbList","@id":"https:\/\/franciscanos.org.br\/noticias\/uma-boa-igreja-tem-que-ter-um-grande-amor-aos-pobres-afirma-fernando-altemeyer.html#breadcrumb","itemListElement":[{"@type":"ListItem","position":1,"name":"Home","item":"https:\/\/franciscanos.org.br\/noticias"},{"@type":"ListItem","position":2,"name":"\u201cUma boa Igreja tem que ter grande amor aos pobres\u201d, afirma Fernando Altemeyer"}]},{"@type":"Person","@id":"https:\/\/franciscanos.org.br\/noticias\/#\/schema\/person\/b38fbf43118f02820bd932f2e4b14ad3","name":"admin","image":{"@type":"ImageObject","inLanguage":"pt-BR","@id":"https:\/\/franciscanos.org.br\/noticias\/#\/schema\/person\/image\/","url":"https:\/\/secure.gravatar.com\/avatar\/e8495742d34d0ba6448ea1c628263b3e?s=96&d=mm&r=g","contentUrl":"https:\/\/secure.gravatar.com\/avatar\/e8495742d34d0ba6448ea1c628263b3e?s=96&d=mm&r=g","caption":"admin"},"url":"https:\/\/franciscanos.org.br\/noticias\/author\/admin"}]}},"_links":{"self":[{"href":"https:\/\/franciscanos.org.br\/noticias\/wp-json\/wp\/v2\/posts\/200516"}],"collection":[{"href":"https:\/\/franciscanos.org.br\/noticias\/wp-json\/wp\/v2\/posts"}],"about":[{"href":"https:\/\/franciscanos.org.br\/noticias\/wp-json\/wp\/v2\/types\/post"}],"author":[{"embeddable":true,"href":"https:\/\/franciscanos.org.br\/noticias\/wp-json\/wp\/v2\/users\/1"}],"replies":[{"embeddable":true,"href":"https:\/\/franciscanos.org.br\/noticias\/wp-json\/wp\/v2\/comments?post=200516"}],"version-history":[{"count":0,"href":"https:\/\/franciscanos.org.br\/noticias\/wp-json\/wp\/v2\/posts\/200516\/revisions"}],"wp:featuredmedia":[{"embeddable":true,"href":"https:\/\/franciscanos.org.br\/noticias\/wp-json\/wp\/v2\/media\/200520"}],"wp:attachment":[{"href":"https:\/\/franciscanos.org.br\/noticias\/wp-json\/wp\/v2\/media?parent=200516"}],"wp:term":[{"taxonomy":"category","embeddable":true,"href":"https:\/\/franciscanos.org.br\/noticias\/wp-json\/wp\/v2\/categories?post=200516"},{"taxonomy":"post_tag","embeddable":true,"href":"https:\/\/franciscanos.org.br\/noticias\/wp-json\/wp\/v2\/tags?post=200516"}],"curies":[{"name":"wp","href":"https:\/\/api.w.org\/{rel}","templated":true}]}}