{"id":200505,"date":"2019-02-24T11:55:30","date_gmt":"2019-02-24T14:55:30","guid":{"rendered":"https:\/\/franciscanos.org.br\/noticias\/?p=200505"},"modified":"2020-08-06T16:39:50","modified_gmt":"2020-08-06T19:39:50","slug":"nao-ha-nada-maior-e-mais-fecundo-do-que-o-amor","status":"publish","type":"post","link":"https:\/\/franciscanos.org.br\/noticias\/nao-ha-nada-maior-e-mais-fecundo-do-que-o-amor.html","title":{"rendered":"N\u00e3o h\u00e1 nada maior e mais fecundo do que o amor"},"content":{"rendered":"<p><img loading=\"lazy\" class=\"alignnone size-full wp-image-200506\" src=\"https:\/\/franciscanos.org.br\/noticias\/wp-content\/uploads\/2019\/02\/angelus_240219_1.jpg\" alt=\"\" width=\"890\" height=\"501\" srcset=\"https:\/\/franciscanos.org.br\/noticias\/wp-content\/uploads\/2019\/02\/angelus_240219_1.jpg 890w, https:\/\/franciscanos.org.br\/noticias\/wp-content\/uploads\/2019\/02\/angelus_240219_1-450x253.jpg 450w, https:\/\/franciscanos.org.br\/noticias\/wp-content\/uploads\/2019\/02\/angelus_240219_1-768x432.jpg 768w, https:\/\/franciscanos.org.br\/noticias\/wp-content\/uploads\/2019\/02\/angelus_240219_1-150x84.jpg 150w\" sizes=\"(max-width: 890px) 100vw, 890px\" \/><\/p>\n<p>Uma \u201crevolu\u00e7\u00e3o da miseric\u00f3rdia\u201d, capaz de superar o instinto humano e a lei mundana da retalia\u00e7\u00e3o. Assim, &#8220;proclamamos ao mundo que \u00e9 poss\u00edvel vencer o mal com o bem&#8221;. Foi o que sugeriu o Papa em sua alocu\u00e7\u00e3o que precedeu a Ora\u00e7\u00e3o mariana do Angelus, neste VII domingo do Tempo Comum.<\/p>\n<p>Dirigindo-se aos milhares de peregrinos presentes na Pra\u00e7a S\u00e3o Pedro em um dia ensolarado e com baixas temperaturas, Francisco recordou que a ordem de Jesus \u201camar os vossos inimigos, fazer o bem a quem vos odeia e aben\u00e7oar os que vos amaldi\u00e7oam\u201d n\u00e3o \u00e9 uma op\u00e7\u00e3o. E Jesus ordena isto n\u00e3o a todos, mas aos disc\u00edpulos, \u201c\u00e0queles que o escutam\u201d: \u201cEle sabe muito bem que amar os inimigos ultrapassa as nossas possibilidades, mas para isso se fez homem: n\u00e3o para deixar-nos assim como somos, mas para nos transformar em homens e mulheres capazes de um amor maior, aquele de seu e nosso Pai . Este \u00e9 o amor que Jesus d\u00e1 a quem o &#8220;escuta&#8221;. E ent\u00e3o isso se torna poss\u00edvel! Com Ele, gra\u00e7as ao seu amor, ao seu Esp\u00edrito, n\u00f3s podemos amar tamb\u00e9m aqueles que n\u00e3o nos amam, mesmo aqueles que nos fazem mal\u201d.<\/p>\n<p><strong>Como superar o instinto humano?<\/strong><\/p>\n<p>Deste modo \u2013 explica o Papa &#8211; Jesus quer que em cada cora\u00e7\u00e3o o amor de Deus triunfe sobre o \u00f3dio e o rancor. Mas se a \u201cl\u00f3gica do amor, que culmina na cruz de Cristo, \u00e9 o que caracteriza o crist\u00e3o e nos leva a ir de encontro a todos, com cora\u00e7\u00e3o de irm\u00e3os (&#8230;), como \u00e9 poss\u00edvel superar o instinto humano e a lei mundana da retalia\u00e7\u00e3o?\u201d, questiona.<\/p>\n<p>A resposta, recorda Francisco, \u201c\u00e9 dada por Jesus na mesma p\u00e1gina do Evangelho: &#8220;Sede misericordiosos, como tamb\u00e9m o vosso Pai \u00e9 misericordioso&#8221;:\u00a0\u201cQuem ouve Jesus, que se esfor\u00e7a em segui-lo, mesmo que isso tenha seu pre\u00e7o, torna-se filho de Deus e come\u00e7a a se assemelhar realmente ao Pai que est\u00e1 nos C\u00e9us. Nos tornamos capazes de coisas que nunca ter\u00edamos pensado ser capazes dizer ou fazer, e das quais nos ter\u00edamos at\u00e9 mesmo envergonhado, mas que agora, pelo contr\u00e1rio, nos d\u00e3o paz e alegria. N\u00e3o temos mais necessidade de ser violentos, com as palavras e os gestos; nos descobrimos capazes de ternura e de bondade; e sentimos que tudo isso n\u00e3o vem de n\u00f3s, mas d&#8217;Ele! E, portanto, n\u00e3o nos vangloriamos disso, mas somos apenas agradecidos\u201d.<\/p>\n<p><strong>A revolu\u00e7\u00e3o do amor<\/strong><\/p>\n<p>N\u00e3o h\u00e1 nada maior e mais fecundo do que o amor \u2013 diz o Papa -, pois \u201cele confere \u00e0 pessoa toda a sua dignidade, enquanto \u00f3dio e a vingan\u00e7a a diminuem, deturpando a beleza da criatura feita \u00e0 imagem de Deus\u201d.<\/p>\n<p>E ressalta, que \u201cesta ordem para responder ao insulto e ao erro com o amor, criou uma nova cultura no mundo: a &#8220;cultura da miseric\u00f3rdia &#8211; devemos aprend\u00ea-la bem, e pratic\u00e1-la bem, esta cultura da miseric\u00f3rdia que d\u00e1 vida a uma verdadeira revolu\u00e7\u00e3o&#8221;: \u201c\u00c9 a revolu\u00e7\u00e3o do amor, cujos protagonistas s\u00e3o os m\u00e1rtires de todos os tempos. E Jesus nos assegura que nosso comportamento, marcado pelo amor para com aqueles que nos fazem mal, n\u00e3o ser\u00e1 em v\u00e3o. Ele diz: &#8220;Perdoai e sereis perdoados. Dai e vos ser\u00e1 dado (&#8230;) porque, com a mesma medida com que medirdes os outros, v\u00f3s tamb\u00e9m sereis medidos\u201d.<\/p>\n<p>A exemplo de Deus que sempre nos perdoa \u2013 recordou o Santo Padre &#8211; tamb\u00e9m n\u00f3s devemos perdoar sempre, pois \u201cse n\u00e3o perdoarmos completamente, n\u00e3o podemos pretender ser perdoados completamente\u201d, tamb\u00e9m.<\/p>\n<p><strong>Inverter o discurso, esta \u00e9 a revolu\u00e7\u00e3o da miseric\u00f3rdia<\/strong><\/p>\n<p>Pelo contr\u00e1rio, \u201cse os nossos cora\u00e7\u00f5es se abrem \u00e0 miseric\u00f3rdia, se o perd\u00e3o \u00e9 selado com um abra\u00e7o fraterno e se estreitam os la\u00e7os de comunh\u00e3o, n\u00f3s proclamamos ao mundo que \u00e9 poss\u00edvel vencer o mal com o bem\u201d:<\/p>\n<p>&#8220;\u00c0s vezes para n\u00f3s \u00e9 mais f\u00e1cil recordar as ofensas, os males que nos fizeram e n\u00e3o as coisas boas, a ponto que existem pessoas que tem este costume e se torna uma doen\u00e7a. S\u00e3o os &#8220;colecionadores de injusti\u00e7as&#8221;: somente recordam as coisas ruins que fizeram. E este n\u00e3o \u00e9 o caminho. Devemos fazer o contr\u00e1rio, diz Jesus. Recordar as coisas boas \u00e9 quando algu\u00e9m vem com uma fofoca, que fala mal do outro, e dizer: &#8220;Mas, sim, quem sabe, mas ele tem isto de bom&#8221;. Inverter o discurso. Esta \u00e9 a revolu\u00e7\u00e3o da miseric\u00f3rdia&#8221;.<\/p>\n<p>\u201cQue a Virgem Maria \u2013 foi seu pedido ao final &#8211; nos ajude a deixar-nos tocar o cora\u00e7\u00e3o por esta palavra santa de Jesus, queimando como fogo, que nos transforma e nos torna capazes de fazer o bem sem recompensa, fazer o bem sem recompensa, testemunhando em toda parte a vit\u00f3ria do amor\u201d.<\/p>\n<hr \/>\n<h2><img loading=\"lazy\" class=\"alignnone size-full wp-image-200507\" src=\"https:\/\/franciscanos.org.br\/noticias\/wp-content\/uploads\/2019\/02\/angelus_240219_2.jpg\" alt=\"\" width=\"890\" height=\"593\" srcset=\"https:\/\/franciscanos.org.br\/noticias\/wp-content\/uploads\/2019\/02\/angelus_240219_2.jpg 890w, https:\/\/franciscanos.org.br\/noticias\/wp-content\/uploads\/2019\/02\/angelus_240219_2-450x300.jpg 450w, https:\/\/franciscanos.org.br\/noticias\/wp-content\/uploads\/2019\/02\/angelus_240219_2-768x512.jpg 768w, https:\/\/franciscanos.org.br\/noticias\/wp-content\/uploads\/2019\/02\/angelus_240219_2-150x100.jpg 150w\" sizes=\"(max-width: 890px) 100vw, 890px\" \/><br \/>\nPapa: Proteger os menores dos lobos vorazes<\/h2>\n<p>O \u00absignificado\u00bb existencial deste fen\u00f4meno criminoso, &#8220;tendo em conta a sua amplitude e profundidade humana, s\u00f3 pode ser a manifesta\u00e7\u00e3o atual do esp\u00edrito do mal. Sem ter presente esta dimens\u00e3o, permaneceremos longe da verdade e sem verdadeiras solu\u00e7\u00f5es (&#8230;). Estamos perante uma manifesta\u00e7\u00e3o do mal, descarada, agressiva e destruidora (&#8230;), que no seu orgulho e soberba, se sente o dono do mundo e pensa que venceu&#8221;, alertou o Papa em seu discurso na manh\u00e3 deste domingo, 24, na Sala R\u00e9gia do Pal\u00e1cio Apost\u00f3lico, a Santa Missa com os presidentes das Confer\u00eancias Episcopais de todo o mundo e superiores de Congrega\u00e7\u00f5es, presentes no Encontro sobre a Prote\u00e7\u00e3o dos Menores e Adultos Vulner\u00e1veis na Igreja. <strong>Eis seu pronunciamento:<\/strong><\/p>\n<p>&#8220;Amados irm\u00e3os e irm\u00e3s!<br \/>\nAo dar gra\u00e7as ao Senhor que nos acompanhou nestes dias, quero agradecer tamb\u00e9m a todos v\u00f3s pelo esp\u00edrito eclesial e o empenho concreto que manifestastes com tanta generosidade.<\/p>\n<p>O nosso trabalho levou-nos a reconhecer, uma vez mais, que a gravidade do flagelo dos abusos sexuais contra menores \u00e9 um fen\u00f4meno historicamente difuso, infelizmente, em todas as culturas e sociedades. Mas, apenas em tempos relativamente recentes, se tornou objeto de estudos sistem\u00e1ticos, gra\u00e7as \u00e0 mudan\u00e7a de sensibilidade da opini\u00e3o p\u00fablica sobre um problema considerado tabu no passado, ou seja, todos sabiam da sua exist\u00eancia, mas ningu\u00e9m falava nele. Isto traz-me \u00e0 mente tamb\u00e9m a pr\u00e1tica religiosa cruel, difusa no passado em algumas culturas, de oferecer seres humanos \u2013 frequentemente crian\u00e7as \u2013 como sacrif\u00edcios nos ritos pag\u00e3os. Todavia, ainda hoje, as estat\u00edsticas dispon\u00edveis sobre os abusos sexuais contra menores, compiladas por v\u00e1rias organiza\u00e7\u00f5es e organismos nacionais e internacionais (Oms, Unicef, Interpol, Europol e outros), n\u00e3o apresentam a verdadeira extens\u00e3o do fen\u00f4meno, muitas vezes subestimado, principalmente porque muitos casos de abusos sexuais de menores n\u00e3o s\u00e3o denunciados, sobretudo os numeros\u00edssimos abusos cometidos no interior da fam\u00edlia.<\/p>\n<p>De fato, as v\u00edtimas raramente desabafam e buscam ajuda. Por tr\u00e1s desta relut\u00e2ncia, pode estar a vergonha, a confus\u00e3o, o medo de retalia\u00e7\u00e3o, os sentimentos de culpa, a difid\u00eancia nas institui\u00e7\u00f5es, os condicionalismos culturais e sociais, mas tamb\u00e9m a falta de informa\u00e7\u00e3o sobre os servi\u00e7os e as estruturas que podem ajudar. Infelizmente, a ang\u00fastia leva \u00e0 amargura, e mesmo ao suic\u00eddio, ou por vezes a vingar-se, fazendo o mesmo. A \u00fanica coisa certa \u00e9 que milh\u00f5es de crian\u00e7as no mundo s\u00e3o v\u00edtimas de explora\u00e7\u00e3o e de abusos sexuais.<\/p>\n<p>Seria importante referir os dados gerais \u2013 na minha opini\u00e3o, sempre parciais \u2013 em n\u00edvel global e sucessivamente em n\u00edvel da Europa, da \u00c1sia, das Am\u00e9ricas, da \u00c1frica e da Oceania, para ter um quadro da gravidade e profundidade deste flagelo nas nossas sociedades. Para evitar discuss\u00f5es desnecess\u00e1rias, quero antes de mais nada salientar que a men\u00e7\u00e3o de alguns pa\u00edses tem por \u00fanico objetivo citar os dados estat\u00edsticos referidos nos citados Relat\u00f3rios.<\/p>\n<p>A primeira verdade que resulta dos dados dispon\u00edveis \u00e9 esta: quem comete os abusos, ou seja, as viol\u00eancias (f\u00edsicas, sexuais ou emotivas) s\u00e3o sobretudo os pais, os parentes, os maridos de esposas-meninas, os treinadores e os educadores. Al\u00e9m disso, segundo os dados Unicef de 2017 relativos a 28 pa\u00edses no mundo, em cada 10 meninas-adolescentes que tiveram rela\u00e7\u00f5es sexuais for\u00e7adas, 9 revelam que foram v\u00edtimas duma pessoa conhecida ou pr\u00f3xima da fam\u00edlia.<\/p>\n<p><img loading=\"lazy\" class=\"alignnone size-full wp-image-200508\" src=\"https:\/\/franciscanos.org.br\/noticias\/wp-content\/uploads\/2019\/02\/angelus_240219_3.jpg\" alt=\"\" width=\"890\" height=\"593\" srcset=\"https:\/\/franciscanos.org.br\/noticias\/wp-content\/uploads\/2019\/02\/angelus_240219_3.jpg 890w, https:\/\/franciscanos.org.br\/noticias\/wp-content\/uploads\/2019\/02\/angelus_240219_3-450x300.jpg 450w, https:\/\/franciscanos.org.br\/noticias\/wp-content\/uploads\/2019\/02\/angelus_240219_3-768x512.jpg 768w, https:\/\/franciscanos.org.br\/noticias\/wp-content\/uploads\/2019\/02\/angelus_240219_3-150x100.jpg 150w\" sizes=\"(max-width: 890px) 100vw, 890px\" \/><\/p>\n<p>De acordo com os dados oficiais do governo americano, nos Estados Unidos mais de 700.000 crian\u00e7as s\u00e3o, anualmente, v\u00edtimas de viol\u00eancia e maus tratos. Segundo o Centro Internacional para Crian\u00e7as Desaparecidas e Exploradas (Icmec), uma em cada 10 crian\u00e7as sofre abuso sexuais. Na Europa, 18 milh\u00f5es de crian\u00e7as s\u00e3o v\u00edtimas de abusos sexuais.<\/p>\n<p>Se tomarmos o exemplo da It\u00e1lia, o relat\u00f3rio 2016 de \u00abTelefone Azul\u00bb salienta que 68,9% dos abusos acontece dentro das paredes dom\u00e9sticas do menor.<\/p>\n<p>Palco de viol\u00eancias n\u00e3o \u00e9 apenas o ambiente dom\u00e9stico, mas tamb\u00e9m o do bairro, da escola, do desporto e, infelizmente, tamb\u00e9m o ambiente eclesial.<\/p>\n<p>Dos estudos realizados, nos \u00faltimos anos, sobre o fen\u00f4meno dos abusos sexuais contra menores, resulta tamb\u00e9m que o desenvolvimento da web e dos <em>mass-media<\/em> contribuiu para aumentar significativamente os casos de abusos e viol\u00eancias perpetrados <em>on-line.<\/em> A difus\u00e3o da pornografia cresce rapidamente no mundo atrav\u00e9s da internet. O flagelo da pornografia assumiu dimens\u00f5es assustadoras, com efeitos delet\u00e9rios sobre a psique e as rela\u00e7\u00f5es entre homem e mulher, e entre estes e os filhos. Um fen\u00f4meno em crescimento cont\u00ednuo. Uma parte consider\u00e1vel da produ\u00e7\u00e3o pornogr\u00e1fica tem, infelizmente, por objeto os menores, que deste modo ficam gravemente feridos na sua dignidade. Estudos neste campo documentam que isto acontece sob formas cada vez mais horr\u00edveis e violentas; chega-se ao extremo dos atos de abuso sobre menores comissionados e seguidos ao vivo atrav\u00e9s da internet.<\/p>\n<p>Lembro aqui o Congresso internacional realizado em Roma sobre o tema da dignidade da crian\u00e7a na era digital; bem como o primeiro F\u00f3rum da Alian\u00e7a Inter-religiosa para Comunidades mais Seguras, que teve lugar, sobre o mesmo tema, no passado m\u00eas de novembro, em Abu Dhabi.<\/p>\n<p>Outro flagelo \u00e9 o turismo sexual: anualmente, segundo os dados 2017 da Organiza\u00e7\u00e3o Mundial de Turismo, tr\u00eas milh\u00f5es de pessoas no mundo viajam para ter rela\u00e7\u00f5es sexuais com um menor. Fato significativo \u00e9 que, na maior parte dos casos, os autores de tais crimes n\u00e3o sabem que est\u00e3o a cometer um reato.<\/p>\n<p>Estamos, pois, diante dum problema universal e transversal que, infelizmente, existe em quase toda a parte. Devemos ser claros: a universalidade de tal flagelo, ao mesmo tempo que confirma a sua gravidade nas nossas sociedades, n\u00e3o diminui a sua monstruosidade dentro da Igreja.<\/p>\n<p>A desumanidade do fen\u00f4meno, a n\u00edvel mundial, torna-se ainda mais grave e escandalosa na Igreja, porque est\u00e1 em contraste com a sua autoridade moral e a sua credibilidade \u00e9tica. O consagrado, escolhido por Deus para guiar as almas \u00e0 salva\u00e7\u00e3o, deixa-se subjugar pela sua fragilidade humana ou pela sua doen\u00e7a, tornando-se assim um instrumento de satan\u00e1s. Nos abusos, vemos a m\u00e3o do mal que n\u00e3o poupa sequer a inoc\u00eancia das crian\u00e7as.<\/p>\n<p><img loading=\"lazy\" class=\"alignnone size-full wp-image-200509\" src=\"https:\/\/franciscanos.org.br\/noticias\/wp-content\/uploads\/2019\/02\/angelus_240219_4.jpg\" alt=\"\" width=\"890\" height=\"593\" srcset=\"https:\/\/franciscanos.org.br\/noticias\/wp-content\/uploads\/2019\/02\/angelus_240219_4.jpg 890w, https:\/\/franciscanos.org.br\/noticias\/wp-content\/uploads\/2019\/02\/angelus_240219_4-450x300.jpg 450w, https:\/\/franciscanos.org.br\/noticias\/wp-content\/uploads\/2019\/02\/angelus_240219_4-768x512.jpg 768w, https:\/\/franciscanos.org.br\/noticias\/wp-content\/uploads\/2019\/02\/angelus_240219_4-150x100.jpg 150w\" sizes=\"(max-width: 890px) 100vw, 890px\" \/><\/p>\n<p>N\u00e3o h\u00e1 explica\u00e7\u00f5es suficientes para estes abusos contra as crian\u00e7as. Com humildade e coragem, devemos reconhecer que estamos perante o mist\u00e9rio do mal, que se encarni\u00e7a contra os mais fr\u00e1geis, porque s\u00e3o imagem de Jesus. \u00c9 por isso que atualmente cresceu na Igreja a consci\u00eancia do dever que tem de procurar n\u00e3o s\u00f3 conter os grav\u00edssimos abusos com medidas disciplinares e processos civis e can\u00f4nicos, mas tamb\u00e9m enfrentar decididamente o fen\u00f4meno dentro e fora da Igreja. Sente-se chamada a combater este mal que atinge o centro da sua miss\u00e3o: anunciar o Evangelho aos pequeninos e proteg\u00ea-los dos lobos vorazes.<\/p>\n<p>Quero repetir aqui claramente: ainda que na Igreja se constatasse um \u00fanico caso de abuso \u2013 o que em si j\u00e1 constitui uma monstruosidade \u2013, tratar-se-\u00e1 dele com a m\u00e1xima seriedade. De fato, na ira justificada das pessoas, a Igreja v\u00ea o reflexo da ira de Deus, tra\u00eddo e esbofeteado por estes consagrados desonestos. O eco do grito silencioso dos menores, que, em vez de encontrar neles paternidade e guias espirituais, acharam algozes, far\u00e1 abalar os cora\u00e7\u00f5es anestesiados pela hipocrisia e o poder. Temos o dever de ouvir atentamente este sufocado grito silencioso.<\/p>\n<p>\u00c9 dif\u00edcil, por\u00e9m, compreender o fen\u00f4meno dos abusos sexuais contra os menores sem a considera\u00e7\u00e3o do poder, pois aqueles s\u00e3o sempre a consequ\u00eancia do abuso de poder, a explora\u00e7\u00e3o duma posi\u00e7\u00e3o de inferioridade do indefeso abusado que permite a manipula\u00e7\u00e3o da sua consci\u00eancia e da sua fragilidade psicol\u00f3gica e f\u00edsica. O abuso de poder est\u00e1 presente tamb\u00e9m nas outras formas de abusos de que s\u00e3o v\u00edtimas quase oitenta e cinco milh\u00f5es de crian\u00e7as, no esquecimento geral: as crian\u00e7as-soldado, os menores prostitu\u00eddos, as crian\u00e7as desnutridas, as crian\u00e7as raptadas e frequentemente v\u00edtimas do monstruoso com\u00e9rcio de \u00f3rg\u00e3os humanos, ou ent\u00e3o transformadas em escravos, as crian\u00e7as v\u00edtimas das guerras, as crian\u00e7as refugiadas, as crian\u00e7as abortadas, etc.<\/p>\n<p>Perante tanta crueldade, tanto sacrif\u00edcio id\u00f3latra das crian\u00e7as ao deus poder, dinheiro, orgulho, soberba, n\u00e3o s\u00e3o suficientes meras explica\u00e7\u00f5es emp\u00edricas; estas n\u00e3o s\u00e3o capazes de fazer compreender a amplitude e a profundidade deste drama. A hermen\u00eautica positivista demonstra, mais uma vez, a sua limita\u00e7\u00e3o. D\u00e1-nos uma explica\u00e7\u00e3o verdadeira que nos ajudar\u00e1 a tomar as medidas necess\u00e1rias, mas n\u00e3o \u00e9 capaz de nos indicar o significado. E hoje precisamos de explica\u00e7\u00f5es e significados. As explica\u00e7\u00f5es ajudar-nos-\u00e3o imenso no setor operativo, mas deixar-nos-\u00e3o a meio do caminho.<\/p>\n<p>Qual seria ent\u00e3o o \u00absignificado\u00bb existencial deste fen\u00f4meno criminoso? Hoje, tendo em conta a sua amplitude e profundidade humana, s\u00f3 pode ser a manifesta\u00e7\u00e3o atual do esp\u00edrito do mal. Sem ter presente esta dimens\u00e3o, permaneceremos longe da verdade e sem verdadeiras solu\u00e7\u00f5es.<\/p>\n<p>Irm\u00e3os e irm\u00e3s, estamos hoje perante uma manifesta\u00e7\u00e3o do mal, descarada, agressiva e destruidora. Por detr\u00e1s e dentro disto est\u00e1 o esp\u00edrito do mal, que, no seu orgulho e soberba, se sente o dono do mundo e pensa que venceu. Isto gostaria de vo-lo dizer com a autoridade de irm\u00e3o e pai (pequeno, sem d\u00favida, mas que \u00e9 o pastor da Igreja que preside na caridade): nestes dolorosos casos, vejo a m\u00e3o do mal que n\u00e3o poupa sequer a inoc\u00eancia dos pequeninos. E isto leva-me a pensar no exemplo de Herodes que, impelido pelo medo de perder o seu poder, ordenou massacrar todas as crian\u00e7as de Bel\u00e9m.<\/p>\n<p>E assim como devemos tomar todas as medidas pr\u00e1ticas que o bom senso, as ci\u00eancias e a sociedade nos oferecem, assim tamb\u00e9m n\u00e3o devemos perder de vista esta realidade e tomar as medidas espirituais que o pr\u00f3prio Senhor nos ensina: humilha\u00e7\u00e3o, acusa de n\u00f3s mesmos, ora\u00e7\u00e3o, penit\u00eancia. \u00c9 o \u00fanico modo de vencer o esp\u00edrito do mal. Foi assim que Jesus o venceu.<\/p>\n<p>Assim, o objetivo da Igreja ser\u00e1 ouvir, tutelar, proteger e tratar os menores abusados, explorados e esquecidos, onde quer que estejam. Para alcan\u00e7ar este objetivo, a Igreja deve elevar-se acima de todas as pol\u00eamicas ideol\u00f3gicas e as pol\u00edticas jornal\u00edsticas que frequentemente instrumentalizam, por v\u00e1rios interesses, os pr\u00f3prios dramas vividos pelos pequeninos.<\/p>\n<p>Por isso, chegou a hora de colaborarmos, juntos, para erradicar tal brutalidade do corpo da nossa humanidade, adotando todas as medidas necess\u00e1rias j\u00e1 em vigor a n\u00edvel internacional e a n\u00edvel eclesial. Chegou a hora de encontrar o justo equil\u00edbrio de todos os valores em jogo e dar diretrizes uniformes para a Igreja, evitando os dois extremos: nem judicialismo, provocado pelo sentimento de culpa face aos erros passados e pela press\u00e3o do mundo midi\u00e1tico, nem autodefesa que n\u00e3o enfrenta as causas e as consequ\u00eancias destes graves delitos.<\/p>\n<p>Desejo, neste contexto, citar as \u00abBoas Pr\u00e1ticas\u00bb formuladas, sob a guia da Organiza\u00e7\u00e3o Mundial da Sa\u00fade, por um grupo de dez Ag\u00eancias internacionais que desenvolveu e aprovou um pacote de medidas chamado INSPIRE, isto \u00e9, sete estrat\u00e9gias para acabar com a viol\u00eancia contra as crian\u00e7as.<\/p>\n<p><img loading=\"lazy\" class=\"alignnone size-full wp-image-200510\" src=\"https:\/\/franciscanos.org.br\/noticias\/wp-content\/uploads\/2019\/02\/angelus_240219_5.jpg\" alt=\"\" width=\"890\" height=\"593\" srcset=\"https:\/\/franciscanos.org.br\/noticias\/wp-content\/uploads\/2019\/02\/angelus_240219_5.jpg 890w, https:\/\/franciscanos.org.br\/noticias\/wp-content\/uploads\/2019\/02\/angelus_240219_5-450x300.jpg 450w, https:\/\/franciscanos.org.br\/noticias\/wp-content\/uploads\/2019\/02\/angelus_240219_5-768x512.jpg 768w, https:\/\/franciscanos.org.br\/noticias\/wp-content\/uploads\/2019\/02\/angelus_240219_5-150x100.jpg 150w\" sizes=\"(max-width: 890px) 100vw, 890px\" \/><\/p>\n<p>Valendo-se destas diretrizes, a Igreja, no seu percurso legislativo, gra\u00e7as tamb\u00e9m ao trabalho feito nos \u00faltimos anos pela Comiss\u00e3o Pontif\u00edcia para a Tutela dos Menores e \u00e0 contribui\u00e7\u00e3o deste nosso Encontro, concentrar-se-\u00e1 sobre as seguintes dimens\u00f5es:<\/p>\n<p>1. A tutela das crian\u00e7as: o objetivo prim\u00e1rio das v\u00e1rias medidas \u00e9 proteger os pequeninos e impedir que caiam v\u00edtimas de qualquer abuso psicol\u00f3gico e f\u00edsico. Portanto, \u00e9 necess\u00e1rio mudar a mentalidade combatendo a atitude defensivo-reativa de salvaguardar a Institui\u00e7\u00e3o em benef\u00edcio duma busca sincera e decidida do bem da comunidade, dando prioridade \u00e0s v\u00edtimas de abusos em todos os sentidos. Diante dos nossos olhos, devem estar sempre presentes os rostos inocentes dos pequeninos, recordando as palavras do Mestre: \u00abSe algu\u00e9m escandalizar um destes pequeninos que creem em Mim, seria prefer\u00edvel que lhe suspendessem do pesco\u00e7o a m\u00f3 de um moinho e o lan\u00e7assem nas profundezas do mar. Ai do mundo, por causa dos esc\u00e2ndalos! S\u00e3o inevit\u00e1veis, decerto, os esc\u00e2ndalos, mas ai do homem por quem vem o esc\u00e2ndalo!\u00bb (Mt 18, 6-7).<\/p>\n<p>2. Seriedade impec\u00e1vel: gostaria de reiterar, aqui, que a Igreja \u00abn\u00e3o poupar\u00e1 esfor\u00e7os fazendo tudo o que for necess\u00e1rio para entregar \u00e0 justi\u00e7a toda a pessoa que tenha cometido tais delitos. A Igreja n\u00e3o procurar\u00e1 jamais dissimular ou subestimar qualquer um destes casos\u00bb (Discurso \u00e0 C\u00faria Romana, 21\/XII\/2018). \u00c9 sua convic\u00e7\u00e3o que \u00abos pecados e crimes das pessoas consagradas matizam-se de cores ainda mais foscas de infidelidade, de vergonha e deformam o rosto da Igreja, minando a sua credibilidade. De facto, a pr\u00f3pria Igreja, juntamente com os seus filhos fi\u00e9is, \u00e9 v\u00edtima destas infidelidades e destes verdadeiros crimes de peculato\u00bb (Ibidem).<\/p>\n<p>3. Uma verdadeira purifica\u00e7\u00e3o: apesar das medidas tomadas e os progressos realizados em mat\u00e9ria de preven\u00e7\u00e3o dos abusos, \u00e9 necess\u00e1rio impor um renovado e perene empenho na santidade dos pastores, cuja configura\u00e7\u00e3o a Cristo Bom Pastor \u00e9 um direito do povo de Deus. Reitera-se, pois, \u00aba firme vontade de prosseguir, com toda a for\u00e7a, pelo caminho da purifica\u00e7\u00e3o. A Igreja (\u2026) questionar-se-\u00e1 como proteger as crian\u00e7as; como evitar tais calamidades, como tratar e reintegrar as v\u00edtimas; como refor\u00e7ar a forma\u00e7\u00e3o nos semin\u00e1rios. Procurar-se-\u00e1 transformar os erros cometidos em oportunidades para erradicar este flagelo n\u00e3o s\u00f3 do corpo da Igreja, mas tamb\u00e9m do seio da sociedade\u00bb (Ibidem). O temor santo de Deus leva a acusar-nos \u2013 como pessoa e como institui\u00e7\u00e3o \u2013 e a reparar as nossas falhas. Acusar-se a si pr\u00f3prio: \u00e9 um in\u00edcio sapiencial, associado ao temor santo de Deus. Aprender a acusar-se a si pr\u00f3prio, como pessoa, como institui\u00e7\u00e3o, como sociedade. Na realidade, n\u00e3o devemos cair na armadilha de acusar os outros, que \u00e9 um passo rumo ao \u00e1libi que nos separa da realidade.<\/p>\n<p>4. A forma\u00e7\u00e3o: ou seja, as exig\u00eancias da sele\u00e7\u00e3o e forma\u00e7\u00e3o dos candidatos ao sacerd\u00f3cio com crit\u00e9rios n\u00e3o s\u00f3 negativos, visando principalmente excluir as personalidades problem\u00e1ticas, mas tamb\u00e9m positivos oferecendo um caminho de forma\u00e7\u00e3o equilibrado para os candidatos id\u00f4neos, tendente \u00e0 santidade e englobando a virtude da castidade. Na enc\u00edclica <em>Sacerdotalis caelibatus<\/em>, S\u00e3o Paulo VI deixou escrito: \u00abUma vida t\u00e3o inteira e amavelmente dedicada, no interior e no exterior, como a do sacerdote celibat\u00e1rio, exclui, de facto, candidatos com insuficiente equil\u00edbrio psicof\u00edsico e moral. N\u00e3o se deve pretender que a gra\u00e7a supra o que falta \u00e0 natureza\u00bb (n.\u00ba 64).<\/p>\n<p>5. Refor\u00e7ar e verificar as diretrizes das Confer\u00eancias Episcopais: ou seja, reafirmar a necessidade da unidade dos Bispos na aplica\u00e7\u00e3o de par\u00e2metros que tenham valor de normas e n\u00e3o apenas de diretrizes. Nenhum abuso deve jamais ser encoberto (como era habitual no passado) e subestimado, pois a cobertura dos abusos favorece a propaga\u00e7\u00e3o do mal e eleva o n\u00edvel do esc\u00e2ndalo. De modo particular, \u00e9 preciso desenvolver um novo enquadramento eficaz de preven\u00e7\u00e3o em toda as institui\u00e7\u00f5es e ambientes das atividades eclesiais.<\/p>\n<p>6. Acompanhar as pessoas abusadas: o mal que viveram deixa nelas feridas indel\u00e9veis que se manifestam tamb\u00e9m em rancores e tend\u00eancias \u00e0 autodestrui\u00e7\u00e3o. Por isso, a Igreja tem o dever de oferecer-lhes todo o apoio necess\u00e1rio, valendo-se dos especialistas neste campo. Escutar\u2026 eu diria \u00abperder tempo\u00bb escutando. A escuta cura a pessoa ferida, e cura-nos a n\u00f3s tamb\u00e9m do ego\u00edsmo, da dist\u00e2ncia, do \u00abn\u00e3o me diz respeito\u00bb, da atitude do sacerdote e do levita na par\u00e1bola do Bom Samaritano.<\/p>\n<p>7. O mundo digital: a prote\u00e7\u00e3o dos menores deve ter em conta as novas formas de abuso sexual e de abusos de todo o g\u00eanero que os amea\u00e7am nos ambientes onde vivem e atrav\u00e9s dos novos instrumentos que utilizam. Os seminaristas, os sacerdotes, os religiosos, as religiosas, os agentes pastorais e todos os fi\u00e9is devem estar cientes de que o mundo digital e o uso dos seus instrumentos com frequ\u00eancia incidem mais profundamente do que se pensa. Quero aqui encorajar os pa\u00edses e as autoridades a aplicarem todas as medidas necess\u00e1rias para limitar os websites que amea\u00e7am a dignidade do homem, da mulher e, em particular, dos menores: o reato n\u00e3o goza do direito \u00e0 liberdade. \u00c9 absolutamente necess\u00e1rio opor-se com a m\u00e1xima decis\u00e3o a tais abom\u00ednios, vigiar e lutar para que o desenvolvimento dos pequeninos n\u00e3o seja perturbado nem abalado por um acesso descontrolado \u00e0 pornografia, que deixar\u00e1 sinais negativos profundos na sua mente e na sua alma. Devemos esfor\u00e7ar-nos por que as jovens e os jovens, particularmente os seminaristas e o clero, n\u00e3o se tornem escravos de depend\u00eancias baseadas na explora\u00e7\u00e3o e no abuso criminoso dos inocentes e suas imagens e no desprezo da dignidade da mulher e da pessoa humana. Destacam-se aqui as novas normas \u00absobre os delitos mais graves\u00bb aprovadas pelo Papa Bento XVI em 2010, onde fora acrescentado como um novo caso de delito \u00aba aquisi\u00e7\u00e3o, a deten\u00e7\u00e3o ou a divulga\u00e7\u00e3o\u00bb, realizada por um membro do clero \u00abde qualquer forma e por qualquer meio, de imagens pornogr\u00e1ficas tendo por objeto menores\u00bb. Falava-se ent\u00e3o de \u00abmenores de 14 anos\u00bb; agora achamos que devemos elevar este limite de idade para ampliar a tutela dos menores e insistir na gravidade destes fatos.<\/p>\n<p>8. O turismo sexual: o comportamento, o olhar, o \u00edntimo dos disc\u00edpulos e servidores de Jesus devem saber reconhecer a imagem de Deus em toda a criatura humana, a come\u00e7ar pelos mais inocentes. Somente bebendo neste respeito radical da dignidade do outro \u00e9 que poderemos defend\u00ea-lo da for\u00e7a invasiva da viol\u00eancia, explora\u00e7\u00e3o, abuso e corrup\u00e7\u00e3o, e servi-lo de forma cred\u00edvel no seu crescimento integral, humano e espiritual, no encontro com outros e com Deus. Para combater o turismo sexual, \u00e9 necess\u00e1ria a repress\u00e3o judicial, mas tamb\u00e9m apoio e projetos para a reinser\u00e7\u00e3o das v\u00edtimas desse fen\u00f4meno criminoso. As comunidades eclesiais s\u00e3o chamadas a refor\u00e7ar o cuidado pastoral das pessoas exploradas pelo turismo sexual. Entre estas, as mais vulner\u00e1veis e necessitadas de ajuda particular s\u00e3o certamente mulheres, menores e crian\u00e7as; estas \u00faltimos, por\u00e9m, precisam de prote\u00e7\u00e3o e aten\u00e7\u00e3o especiais. As autoridades governamentais deem prioridade e ajam urgentemente para combater o tr\u00e1fico e a explora\u00e7\u00e3o econ\u00f4mica das crian\u00e7as. Para isso, \u00e9 importante coordenar os esfor\u00e7os a todos os n\u00edveis da sociedade e colaborar estreitamente tamb\u00e9m com as organiza\u00e7\u00f5es internacionais para realizar um quadro jur\u00eddico que proteja as crian\u00e7as da explora\u00e7\u00e3o sexual no turismo e permita perseguir legalmente os criminosos.<\/p>\n<p>Permito-me um sentido agradecimento a todos os sacerdotes e consagrados que servem o Senhor com total fidelidade e se sentem desonrados e desacreditados pelos vergonhosos comportamentos dalguns dos seus confrades. Todos \u2013 Igreja, consagrados, Povo de Deus e at\u00e9 o pr\u00f3prio Deus \u2013 carregamos as consequ\u00eancias das suas infidelidades. Agrade\u00e7o, em nome da Igreja inteira, \u00e0 grande maioria dos sacerdotes que n\u00e3o s\u00f3 permanecem fi\u00e9is ao seu celibato, mas se gastam num minist\u00e9rio que hoje se tornou ainda mais dif\u00edcil pelos esc\u00e2ndalos de poucos (mas sempre demasiados) dos seus irm\u00e3os. E obrigado tamb\u00e9m aos fi\u00e9is que conhecem bem os seus bons pastores e continuam a rezar por eles e a apoi\u00e1-los.<\/p>\n<p>Por fim, gostaria de assinalar a import\u00e2ncia de dever transformar este mal em oportunidade de purifica\u00e7\u00e3o. Fixemos o olhar na figura de Edith Stein (Santa Teresa Benedita da Cruz), com a certeza de que, \u00abna noite mais escura, surgem os maiores profetas e os santos. Todavia a corrente vivificante da vida m\u00edstica permanece invis\u00edvel. Certamente, os eventos decisivos da hist\u00f3ria do mundo foram essencialmente influenciados por almas sobre as quais nada se diz nos livros de hist\u00f3ria. E saber quais sejam as almas a quem devemos agradecer os acontecimentos decisivos da nossa vida pessoal, \u00e9 algo que s\u00f3 conheceremos no dia em que tudo o est\u00e1 oculto for revelado\u00bb. No seu sil\u00eancio quotidiano, o santo Povo fiel de Deus continua de muitas formas e maneiras a tornar vis\u00edvel e a atestar com \u00abobstinada\u00bb esperan\u00e7a que o Senhor n\u00e3o abandona, que apoia a dedica\u00e7\u00e3o constante e, em muitas situa\u00e7\u00f5es, atribulada dos seus filhos. O santo e paciente Povo fiel de Deus, sustentado e vivificado pelo Esp\u00edrito Santo, que \u00e9 o rosto melhor da Igreja prof\u00e9tica que, na sua doa\u00e7\u00e3o di\u00e1ria, sabe colocar no centro o seu Senhor. Ser\u00e1 precisamente este santo Povo de Deus que nos libertar\u00e1 do flagelo do clericalismo, que \u00e9 o terreno f\u00e9rtil para todos estes abom\u00ednios.<\/p>\n<p>O melhor resultado e a resolu\u00e7\u00e3o mais eficaz que podemos oferecer \u00e0s v\u00edtimas, ao Povo da Santa M\u00e3e Igreja e ao mundo inteiro s\u00e3o o compromisso em prol duma convers\u00e3o pessoal e coletiva, a humildade de aprender, escutar, assistir e proteger os mais vulner\u00e1veis.<\/p>\n","protected":false},"excerpt":{"rendered":"<p>Angelus e encerramento do Encontro sobre Prote\u00e7\u00e3o dos Menores na Igreja  <\/p>\n","protected":false},"author":3,"featured_media":200511,"comment_status":"open","ping_status":"open","sticky":false,"template":"","format":"standard","meta":[],"categories":[1428],"tags":[1376,403],"acf":[],"yoast_head":"<!-- This site is optimized with the Yoast SEO plugin v19.2 - https:\/\/yoast.com\/wordpress\/plugins\/seo\/ -->\n<title>N\u00e3o h\u00e1 nada maior e mais fecundo do que o amor - Not\u00edcias - Franciscanos<\/title>\n<meta name=\"robots\" content=\"index, follow, max-snippet:-1, max-image-preview:large, max-video-preview:-1\" \/>\n<link rel=\"canonical\" href=\"https:\/\/franciscanos.org.br\/noticias\/nao-ha-nada-maior-e-mais-fecundo-do-que-o-amor.html\" \/>\n<meta property=\"og:locale\" content=\"pt_BR\" \/>\n<meta property=\"og:type\" content=\"article\" \/>\n<meta property=\"og:title\" content=\"N\u00e3o h\u00e1 nada maior e mais fecundo do que o amor - Not\u00edcias - Franciscanos\" \/>\n<meta property=\"og:description\" content=\"Angelus e encerramento do Encontro sobre Prote\u00e7\u00e3o dos Menores na Igreja\" \/>\n<meta property=\"og:url\" content=\"https:\/\/franciscanos.org.br\/noticias\/nao-ha-nada-maior-e-mais-fecundo-do-que-o-amor.html\" \/>\n<meta property=\"og:site_name\" content=\"Not\u00edcias - Franciscanos\" \/>\n<meta property=\"article:published_time\" content=\"2019-02-24T14:55:30+00:00\" \/>\n<meta property=\"article:modified_time\" content=\"2020-08-06T19:39:50+00:00\" \/>\n<meta property=\"og:image\" content=\"https:\/\/franciscanos.org.br\/noticias\/wp-content\/uploads\/2019\/02\/angelus_240219_d.jpg\" \/>\n\t<meta property=\"og:image:width\" content=\"273\" \/>\n\t<meta property=\"og:image:height\" content=\"181\" \/>\n\t<meta property=\"og:image:type\" content=\"image\/jpeg\" \/>\n<meta name=\"author\" content=\"moacir\" \/>\n<meta name=\"twitter:card\" content=\"summary_large_image\" \/>\n<meta name=\"twitter:label1\" content=\"Escrito por\" \/>\n\t<meta name=\"twitter:data1\" content=\"moacir\" \/>\n\t<meta name=\"twitter:label2\" content=\"Est. tempo de leitura\" \/>\n\t<meta name=\"twitter:data2\" content=\"23 minutos\" \/>\n<script type=\"application\/ld+json\" class=\"yoast-schema-graph\">{\"@context\":\"https:\/\/schema.org\",\"@graph\":[{\"@type\":\"WebSite\",\"@id\":\"https:\/\/franciscanos.org.br\/noticias\/#website\",\"url\":\"https:\/\/franciscanos.org.br\/noticias\/\",\"name\":\"Not\u00edcias - Franciscanos\",\"description\":\"Prov\u00edncia Franciscana da Imaculada Concei\u00e7\u00e3o do Brasil - Ordem dos Frades Menores - OFM\",\"potentialAction\":[{\"@type\":\"SearchAction\",\"target\":{\"@type\":\"EntryPoint\",\"urlTemplate\":\"https:\/\/franciscanos.org.br\/noticias\/?s={search_term_string}\"},\"query-input\":\"required name=search_term_string\"}],\"inLanguage\":\"pt-BR\"},{\"@type\":\"ImageObject\",\"inLanguage\":\"pt-BR\",\"@id\":\"https:\/\/franciscanos.org.br\/noticias\/nao-ha-nada-maior-e-mais-fecundo-do-que-o-amor.html#primaryimage\",\"url\":\"https:\/\/franciscanos.org.br\/noticias\/wp-content\/uploads\/2019\/02\/angelus_240219_d.jpg\",\"contentUrl\":\"https:\/\/franciscanos.org.br\/noticias\/wp-content\/uploads\/2019\/02\/angelus_240219_d.jpg\",\"width\":273,\"height\":181},{\"@type\":\"WebPage\",\"@id\":\"https:\/\/franciscanos.org.br\/noticias\/nao-ha-nada-maior-e-mais-fecundo-do-que-o-amor.html#webpage\",\"url\":\"https:\/\/franciscanos.org.br\/noticias\/nao-ha-nada-maior-e-mais-fecundo-do-que-o-amor.html\",\"name\":\"N\u00e3o h\u00e1 nada maior e mais fecundo do que o amor - Not\u00edcias - Franciscanos\",\"isPartOf\":{\"@id\":\"https:\/\/franciscanos.org.br\/noticias\/#website\"},\"primaryImageOfPage\":{\"@id\":\"https:\/\/franciscanos.org.br\/noticias\/nao-ha-nada-maior-e-mais-fecundo-do-que-o-amor.html#primaryimage\"},\"datePublished\":\"2019-02-24T14:55:30+00:00\",\"dateModified\":\"2020-08-06T19:39:50+00:00\",\"author\":{\"@id\":\"https:\/\/franciscanos.org.br\/noticias\/#\/schema\/person\/b5c8cba458c330ccff548b056e95a5d4\"},\"breadcrumb\":{\"@id\":\"https:\/\/franciscanos.org.br\/noticias\/nao-ha-nada-maior-e-mais-fecundo-do-que-o-amor.html#breadcrumb\"},\"inLanguage\":\"pt-BR\",\"potentialAction\":[{\"@type\":\"ReadAction\",\"target\":[\"https:\/\/franciscanos.org.br\/noticias\/nao-ha-nada-maior-e-mais-fecundo-do-que-o-amor.html\"]}]},{\"@type\":\"BreadcrumbList\",\"@id\":\"https:\/\/franciscanos.org.br\/noticias\/nao-ha-nada-maior-e-mais-fecundo-do-que-o-amor.html#breadcrumb\",\"itemListElement\":[{\"@type\":\"ListItem\",\"position\":1,\"name\":\"Home\",\"item\":\"https:\/\/franciscanos.org.br\/noticias\"},{\"@type\":\"ListItem\",\"position\":2,\"name\":\"N\u00e3o h\u00e1 nada maior e mais fecundo do que o amor\"}]},{\"@type\":\"Person\",\"@id\":\"https:\/\/franciscanos.org.br\/noticias\/#\/schema\/person\/b5c8cba458c330ccff548b056e95a5d4\",\"name\":\"moacir\",\"image\":{\"@type\":\"ImageObject\",\"inLanguage\":\"pt-BR\",\"@id\":\"https:\/\/franciscanos.org.br\/noticias\/#\/schema\/person\/image\/\",\"url\":\"https:\/\/secure.gravatar.com\/avatar\/d08aa2ce4c8dd416d4479aa8536fcf64?s=96&d=mm&r=g\",\"contentUrl\":\"https:\/\/secure.gravatar.com\/avatar\/d08aa2ce4c8dd416d4479aa8536fcf64?s=96&d=mm&r=g\",\"caption\":\"moacir\"},\"url\":\"https:\/\/franciscanos.org.br\/noticias\/author\/moacir\"}]}<\/script>\n<!-- \/ Yoast SEO plugin. -->","yoast_head_json":{"title":"N\u00e3o h\u00e1 nada maior e mais fecundo do que o amor - Not\u00edcias - Franciscanos","robots":{"index":"index","follow":"follow","max-snippet":"max-snippet:-1","max-image-preview":"max-image-preview:large","max-video-preview":"max-video-preview:-1"},"canonical":"https:\/\/franciscanos.org.br\/noticias\/nao-ha-nada-maior-e-mais-fecundo-do-que-o-amor.html","og_locale":"pt_BR","og_type":"article","og_title":"N\u00e3o h\u00e1 nada maior e mais fecundo do que o amor - Not\u00edcias - Franciscanos","og_description":"Angelus e encerramento do Encontro sobre Prote\u00e7\u00e3o dos Menores na Igreja","og_url":"https:\/\/franciscanos.org.br\/noticias\/nao-ha-nada-maior-e-mais-fecundo-do-que-o-amor.html","og_site_name":"Not\u00edcias - Franciscanos","article_published_time":"2019-02-24T14:55:30+00:00","article_modified_time":"2020-08-06T19:39:50+00:00","og_image":[{"width":273,"height":181,"url":"https:\/\/franciscanos.org.br\/noticias\/wp-content\/uploads\/2019\/02\/angelus_240219_d.jpg","type":"image\/jpeg"}],"author":"moacir","twitter_card":"summary_large_image","twitter_misc":{"Escrito por":"moacir","Est. tempo de leitura":"23 minutos"},"schema":{"@context":"https:\/\/schema.org","@graph":[{"@type":"WebSite","@id":"https:\/\/franciscanos.org.br\/noticias\/#website","url":"https:\/\/franciscanos.org.br\/noticias\/","name":"Not\u00edcias - Franciscanos","description":"Prov\u00edncia Franciscana da Imaculada Concei\u00e7\u00e3o do Brasil - Ordem dos Frades Menores - OFM","potentialAction":[{"@type":"SearchAction","target":{"@type":"EntryPoint","urlTemplate":"https:\/\/franciscanos.org.br\/noticias\/?s={search_term_string}"},"query-input":"required name=search_term_string"}],"inLanguage":"pt-BR"},{"@type":"ImageObject","inLanguage":"pt-BR","@id":"https:\/\/franciscanos.org.br\/noticias\/nao-ha-nada-maior-e-mais-fecundo-do-que-o-amor.html#primaryimage","url":"https:\/\/franciscanos.org.br\/noticias\/wp-content\/uploads\/2019\/02\/angelus_240219_d.jpg","contentUrl":"https:\/\/franciscanos.org.br\/noticias\/wp-content\/uploads\/2019\/02\/angelus_240219_d.jpg","width":273,"height":181},{"@type":"WebPage","@id":"https:\/\/franciscanos.org.br\/noticias\/nao-ha-nada-maior-e-mais-fecundo-do-que-o-amor.html#webpage","url":"https:\/\/franciscanos.org.br\/noticias\/nao-ha-nada-maior-e-mais-fecundo-do-que-o-amor.html","name":"N\u00e3o h\u00e1 nada maior e mais fecundo do que o amor - Not\u00edcias - Franciscanos","isPartOf":{"@id":"https:\/\/franciscanos.org.br\/noticias\/#website"},"primaryImageOfPage":{"@id":"https:\/\/franciscanos.org.br\/noticias\/nao-ha-nada-maior-e-mais-fecundo-do-que-o-amor.html#primaryimage"},"datePublished":"2019-02-24T14:55:30+00:00","dateModified":"2020-08-06T19:39:50+00:00","author":{"@id":"https:\/\/franciscanos.org.br\/noticias\/#\/schema\/person\/b5c8cba458c330ccff548b056e95a5d4"},"breadcrumb":{"@id":"https:\/\/franciscanos.org.br\/noticias\/nao-ha-nada-maior-e-mais-fecundo-do-que-o-amor.html#breadcrumb"},"inLanguage":"pt-BR","potentialAction":[{"@type":"ReadAction","target":["https:\/\/franciscanos.org.br\/noticias\/nao-ha-nada-maior-e-mais-fecundo-do-que-o-amor.html"]}]},{"@type":"BreadcrumbList","@id":"https:\/\/franciscanos.org.br\/noticias\/nao-ha-nada-maior-e-mais-fecundo-do-que-o-amor.html#breadcrumb","itemListElement":[{"@type":"ListItem","position":1,"name":"Home","item":"https:\/\/franciscanos.org.br\/noticias"},{"@type":"ListItem","position":2,"name":"N\u00e3o h\u00e1 nada maior e mais fecundo do que o amor"}]},{"@type":"Person","@id":"https:\/\/franciscanos.org.br\/noticias\/#\/schema\/person\/b5c8cba458c330ccff548b056e95a5d4","name":"moacir","image":{"@type":"ImageObject","inLanguage":"pt-BR","@id":"https:\/\/franciscanos.org.br\/noticias\/#\/schema\/person\/image\/","url":"https:\/\/secure.gravatar.com\/avatar\/d08aa2ce4c8dd416d4479aa8536fcf64?s=96&d=mm&r=g","contentUrl":"https:\/\/secure.gravatar.com\/avatar\/d08aa2ce4c8dd416d4479aa8536fcf64?s=96&d=mm&r=g","caption":"moacir"},"url":"https:\/\/franciscanos.org.br\/noticias\/author\/moacir"}]}},"_links":{"self":[{"href":"https:\/\/franciscanos.org.br\/noticias\/wp-json\/wp\/v2\/posts\/200505"}],"collection":[{"href":"https:\/\/franciscanos.org.br\/noticias\/wp-json\/wp\/v2\/posts"}],"about":[{"href":"https:\/\/franciscanos.org.br\/noticias\/wp-json\/wp\/v2\/types\/post"}],"author":[{"embeddable":true,"href":"https:\/\/franciscanos.org.br\/noticias\/wp-json\/wp\/v2\/users\/3"}],"replies":[{"embeddable":true,"href":"https:\/\/franciscanos.org.br\/noticias\/wp-json\/wp\/v2\/comments?post=200505"}],"version-history":[{"count":1,"href":"https:\/\/franciscanos.org.br\/noticias\/wp-json\/wp\/v2\/posts\/200505\/revisions"}],"predecessor-version":[{"id":227606,"href":"https:\/\/franciscanos.org.br\/noticias\/wp-json\/wp\/v2\/posts\/200505\/revisions\/227606"}],"wp:featuredmedia":[{"embeddable":true,"href":"https:\/\/franciscanos.org.br\/noticias\/wp-json\/wp\/v2\/media\/200511"}],"wp:attachment":[{"href":"https:\/\/franciscanos.org.br\/noticias\/wp-json\/wp\/v2\/media?parent=200505"}],"wp:term":[{"taxonomy":"category","embeddable":true,"href":"https:\/\/franciscanos.org.br\/noticias\/wp-json\/wp\/v2\/categories?post=200505"},{"taxonomy":"post_tag","embeddable":true,"href":"https:\/\/franciscanos.org.br\/noticias\/wp-json\/wp\/v2\/tags?post=200505"}],"curies":[{"name":"wp","href":"https:\/\/api.w.org\/{rel}","templated":true}]}}