{"id":200491,"date":"2019-02-25T08:12:42","date_gmt":"2019-02-25T11:12:42","guid":{"rendered":"https:\/\/franciscanos.org.br\/noticias\/?p=200491"},"modified":"2020-08-06T16:39:35","modified_gmt":"2020-08-06T19:39:35","slug":"veja-ultimos-lancamentos-da-vozes-3","status":"publish","type":"post","link":"https:\/\/franciscanos.org.br\/noticias\/veja-ultimos-lancamentos-da-vozes-3.html","title":{"rendered":"O Papa nos \u00faltimos lan\u00e7amentos da Vozes"},"content":{"rendered":"<p><img loading=\"lazy\" class=\"alignnone size-full wp-image-200521\" src=\"https:\/\/franciscanos.org.br\/noticias\/wp-content\/uploads\/2019\/02\/papa_voo_250219.jpg\" alt=\"\" width=\"890\" height=\"472\" srcset=\"https:\/\/franciscanos.org.br\/noticias\/wp-content\/uploads\/2019\/02\/papa_voo_250219.jpg 890w, https:\/\/franciscanos.org.br\/noticias\/wp-content\/uploads\/2019\/02\/papa_voo_250219-450x239.jpg 450w, https:\/\/franciscanos.org.br\/noticias\/wp-content\/uploads\/2019\/02\/papa_voo_250219-768x407.jpg 768w, https:\/\/franciscanos.org.br\/noticias\/wp-content\/uploads\/2019\/02\/papa_voo_250219-150x80.jpg 150w\" sizes=\"(max-width: 890px) 100vw, 890px\" \/><\/p>\n<p>Entrevistas com os papas durante suas viagens apost\u00f3licas pelo mundo t\u00eam se tornado comum desde Le\u00e3o XIII, no fim do s\u00e9culo XIX. Nessa tradi\u00e7\u00e3o, tamb\u00e9m o Papa Francisco, em suas viagens \u2013 a primeira delas tendo sido ao Brasil em julho de 2013 \u2013, concedeu dezenas de entrevistas e coletivas de imprensa. Nessas oportunidades, o papa responde de maneira descontra\u00edda e informal, por\u00e9m sempre com a seriedade, a clareza e a firmeza que lhe s\u00e3o pr\u00f3prias, sobre assuntos centrais e decisivos para a Igreja, a f\u00e9 e a atua\u00e7\u00e3o dos crist\u00e3os no seio da fam\u00edlia e da sociedade.<\/p>\n<p><img loading=\"lazy\" class=\"alignright wp-image-200497 size-full\" src=\"https:\/\/franciscanos.org.br\/noticias\/wp-content\/uploads\/2019\/02\/papa-responde.jpg\" alt=\"\" width=\"200\" height=\"293\" srcset=\"https:\/\/franciscanos.org.br\/noticias\/wp-content\/uploads\/2019\/02\/papa-responde.jpg 200w, https:\/\/franciscanos.org.br\/noticias\/wp-content\/uploads\/2019\/02\/papa-responde-150x220.jpg 150w\" sizes=\"(max-width: 200px) 100vw, 200px\" \/>Desde curiosidades sobre sua rotina e sua vida, passando por sua vis\u00e3o a respeito dos acontecimentos do mundo e dos problemas que o afligem, at\u00e9 os desafios e as quest\u00f5es internas da Igreja que merecem a aten\u00e7\u00e3o da sociedade ou a inquietam, o papa n\u00e3o apenas fornece informa\u00e7\u00f5es ou d\u00e1 sua opini\u00e3o, mas mostra como a miseric\u00f3rdia, o amor e a bondade de Deus est\u00e3o presentes em todas as situa\u00e7\u00f5es e nos convida a enxergarmos a vida como Deus a v\u00ea.<\/p>\n<p>Desse modo,\u00a0as perguntas e confer\u00eancias aqui reunidas representam a s\u00edntese do pensamento do Papa Francisco sobre todas as principais quest\u00f5es que dizem respeito \u00e0 Igreja e \u00e0 sociedade atuais. Trata-se de uma mensagem clara sobre o papel do crist\u00e3o no mundo e tamb\u00e9m de um alimento espiritual para todas as pessoas que buscam compreender seu papel e orientar sua vida \u00e0 paz, ao bem e \u00e0 verdade.<\/p>\n<h2><\/h2>\n<p><strong>Papa Francisco responde<\/strong><br \/>\n<strong>Em busca de uma igreja do amor<\/strong><br \/>\n<strong>Jorge Mario Bergoglio<\/strong><br \/>\n<strong>Editado por Giovanni Maria Vian<\/strong><br \/>\n<strong>N\u00ba DE P\u00c1GINAS: 296<\/strong><\/p>\n<h2><strong><img loading=\"lazy\" class=\"alignleft size-full wp-image-200495\" src=\"https:\/\/franciscanos.org.br\/noticias\/wp-content\/uploads\/2019\/02\/liturgia.jpg\" alt=\"\" width=\"200\" height=\"323\" srcset=\"https:\/\/franciscanos.org.br\/noticias\/wp-content\/uploads\/2019\/02\/liturgia.jpg 200w, https:\/\/franciscanos.org.br\/noticias\/wp-content\/uploads\/2019\/02\/liturgia-150x242.jpg 150w\" sizes=\"(max-width: 200px) 100vw, 200px\" \/><\/strong><\/h2>\n<h2><strong style=\"font-size: 16px;\">Liturgia<\/strong><\/h2>\n<p><strong>Frei Alberto Beckh\u00e4user, OFM<\/strong><\/p>\n<p>A partir do Conc\u00edlio Vaticano II, a Sagrada Liturgia foi colocada entre as disciplinas necess\u00e1rias e principais de qualquer curso de Teologia. Certamente j\u00e1 possu\u00edmos uma exaustiva abordagem da mat\u00e9ria em grandes manuais de Liturgia traduzidos no Brasil. Faltava-nos, por\u00e9m, uma Introdu\u00e7\u00e3o geral \u00e0 Sagrada Liturgia, uma Liturgia Fundamental ou Tratado de Teologia da Liturgia.<\/p>\n<p><em>Liturgia<\/em> vem preencher essa lacuna. Frei Alberto apresenta nesta obra o resultado de sua experi\u00eancia de mais de 40 anos de magist\u00e9rio na \u00e1rea da Liturgia, situando-a no cora\u00e7\u00e3o da vida da Igreja em todas as suas dimens\u00f5es. Procura levar alunos, leitores e estudiosos ao mist\u00e9rio celebrado e vivido como espiritualidade na vida di\u00e1ria. Apresenta a Sagrada Liturgia como obra da salva\u00e7\u00e3o e da glorifica\u00e7\u00e3o de Deus, realizada por Cristo Jesus e participada pela Igreja atrav\u00e9s da a\u00e7\u00e3o comemorativa do mist\u00e9rio da salva\u00e7\u00e3o. A Igreja aparece, por sua vez, como ministra do servi\u00e7o da salva\u00e7\u00e3o de Cristo \u00e0 humanidade, exercendo o servi\u00e7o de salva\u00e7\u00e3o e de glorifica\u00e7\u00e3o de Deus atrav\u00e9s do memorial celebrativo da Liturgia celebrada e do memorial testament\u00e1rio da Liturgia vivida na a\u00e7\u00e3o da caridade.<\/p>\n<p>A cole\u00e7\u00e3o <em>Inicia\u00e7\u00e3o \u00e0 teologia<\/em>, em sua nova reformula\u00e7\u00e3o, conta com volumes que tratam das Escrituras, da Teologia Sistem\u00e1tica, Teologia Hist\u00f3rica e Teologia Pr\u00e1tica. Os volumes que estavam presentes na primeira edi\u00e7\u00e3o ser\u00e3o reeditados; alguns com reformula\u00e7\u00f5es trazidas por seus autores. Novos t\u00edtulos ser\u00e3o publicados \u00e0 medida que forem finalizados.<\/p>\n<p>O objetivo \u00e9 oferecermos manuais \u00e0s disciplinas teol\u00f3gicas, escritos por autores nacionais. Essa parceria da Editora Vozes com os te\u00f3logos brasileiros \u00e9 express\u00e3o dos novos tempos da teologia, que busca trazer o esp\u00edrito primaveril para o ambiente de produ\u00e7\u00e3o teol\u00f3gica, e consequentemente oferecermos um material de qualidade para que estudantes de teologia, bem como te\u00f3logos e te\u00f3logas, busquem aporte para seu trabalho cotidiano.<\/p>\n<p style=\"padding-left: 30px;\"><strong>Frei Alberto Beckh\u00e4user, OFM<\/strong><em>, nasceu em Forquilhinha, SC. Tinha doutorado em Liturgia pelo Pontif\u00edcio Instituto Lit\u00fargico de Santo Anselmo, em Roma. Desde 1967, acompanhou de perto a grande caminhada p\u00f3s-conciliar da renova\u00e7\u00e3o lit\u00fargica no Brasil. Durante seis anos foi Assessor de Liturgia da CNBB e durante quase 20 anos foi Coordenador de Tradu\u00e7\u00f5es e Edi\u00e7\u00e3o de Textos Lit\u00fargicos por parte da CNBB. Teve grande participa\u00e7\u00e3o em Congressos internacionais sobre o tema da adapta\u00e7\u00e3o e incultura\u00e7\u00e3o da Liturgia, dando especial aten\u00e7\u00e3o \u00e0 Religiosidade\/piedade popular. Seus numerosos livros e centenas de artigos levam os leitores a uma compreens\u00e3o teol\u00f3gica da Liturgia e \u00e0 participa\u00e7\u00e3o dos mist\u00e9rios celebrados. Foi professor no Instituto Teol\u00f3gico Franciscano, em Petr\u00f3polis, e deu in\u00fameros cursos e confer\u00eancias sobre a Sagrada Liturgia.<\/em><\/p>\n<p><strong>N\u00ba DE P\u00c1GINAS: 304<\/strong><\/p>\n<p>&nbsp;<\/p>\n<h2><strong><img loading=\"lazy\" class=\"alignleft size-full wp-image-200496\" src=\"https:\/\/franciscanos.org.br\/noticias\/wp-content\/uploads\/2019\/02\/mariologia.jpg\" alt=\"\" width=\"200\" height=\"319\" srcset=\"https:\/\/franciscanos.org.br\/noticias\/wp-content\/uploads\/2019\/02\/mariologia.jpg 200w, https:\/\/franciscanos.org.br\/noticias\/wp-content\/uploads\/2019\/02\/mariologia-150x239.jpg 150w\" sizes=\"(max-width: 200px) 100vw, 200px\" \/>Mariologia<\/strong><\/h2>\n<h3><strong>Interpela\u00e7\u00e3o para a vida e para a f\u00e9<\/strong><\/h3>\n<p><strong>Lina Boff<\/strong><\/p>\n<p>Este livro traz a proposta de uma mariologia inculturada, que irrompe das express\u00f5es da vida e da f\u00e9 do povo. Este vai progressivamente descobrindo em Nossa Senhora a disc\u00edpula-m\u00e3e de Jesus.<\/p>\n<p>A obra ir\u00e1 oferecer fundamentos teol\u00f3gicos \u00e0 criatividade da f\u00e9 que, pelo Esp\u00edrito, suscita o culto e a devo\u00e7\u00e3o a Maria, a Mulher que acreditou e continua tendo um lugar pr\u00f3prio na Hist\u00f3<\/p>\n<h2>ria da Salva\u00e7\u00e3o e no mist\u00e9rio de seu Filho Jesus Cristo.<\/h2>\n<p>A cole\u00e7\u00e3o <em>Inicia\u00e7\u00e3o \u00e0 teologia<\/em>, em sua nova reformula\u00e7\u00e3o, conta com volumes que tratam das Escrituras, da Teologia Sistem\u00e1tica, Teologia Hist\u00f3rica e Teologia Pr\u00e1tica. Os volumes que estavam presentes na primeira edi\u00e7\u00e3o ser\u00e3o reeditados; alguns com reformula\u00e7\u00f5es trazidas por seus autores. Novos t\u00edtulos ser\u00e3o publicados \u00e0 medida que forem finalizados.<\/p>\n<p>O objetivo \u00e9 oferecermos manuais \u00e0s disciplinas teol\u00f3gicas, escritos por autores nacionais. Essa parceria da Editora Vozes com os te\u00f3logos brasileiros \u00e9 express\u00e3o dos novos tempos da teologia, que busca trazer o esp\u00edrito primaveril para o ambiente de produ\u00e7\u00e3o teol\u00f3gica, e consequentemente oferecermos um material de qualidade para que estudantes de teologia, bem como te\u00f3logos e te\u00f3logas, busquem aporte para seu trabalho cotidiano.<\/p>\n<p style=\"padding-left: 30px;\"><strong>Lina Boff<\/strong><em> \u00e9 professora em\u00e9rita da PUC-Rio, onde ensinou Teologia Sistem\u00e1tica Pastoral, mais especificamente na Dogm\u00e1tica, como Escatologia, Sacrament\u00e1ria, Pneumatologia e Mariologia. Prestou sua colabora\u00e7\u00e3o na Faculdade Filos\u00f3fica e Teol\u00f3gica dos Franciscanos em Petr\u00f3polis e continua dando cursos e semin\u00e1rios no Centro Loyola de F\u00e9 e Cultura e, tamb\u00e9m na mesma universidade, com hor\u00e1rio reduzido. Foi mission\u00e1ria no Acre durante o per\u00edodo de dez anos, trabalhou com os menores infratores da antiga Funabem, e fez pastoral nos Morros da Par\u00f3quia dos Servos de Maria do Rio Comprido. Colaborou na Equipe de reflex\u00e3o Teol\u00f3gica da CRB Nacional por 13 anos. Conseguiu seu t\u00edtulo de p\u00f3s-doutorado na Gregoriana de Roma com tese publicada. Seus livros e artigos s\u00e3o publicados em v\u00e1rias editoras dentro e fora do pa\u00eds, d\u00e1 confer\u00eancias, continua como pesquisadora e pastoralista.<\/em><\/p>\n<p><strong>N\u00ba DE P\u00c1GINAS: 184<\/strong><\/p>\n<p>&nbsp;<\/p>\n<h2><strong><img loading=\"lazy\" class=\"alignleft size-full wp-image-200498\" src=\"https:\/\/franciscanos.org.br\/noticias\/wp-content\/uploads\/2019\/02\/puebla.jpg\" alt=\"\" width=\"200\" height=\"289\" srcset=\"https:\/\/franciscanos.org.br\/noticias\/wp-content\/uploads\/2019\/02\/puebla.jpg 200w, https:\/\/franciscanos.org.br\/noticias\/wp-content\/uploads\/2019\/02\/puebla-150x217.jpg 150w\" sizes=\"(max-width: 200px) 100vw, 200px\" \/>Puebla<\/strong><\/h2>\n<h3><strong>Igreja na Am\u00e9rica Latina e no Caribe<br \/>\n<\/strong><strong>Op\u00e7\u00e3o pelos pobres, liberta\u00e7\u00e3o e resist\u00eancia<\/strong><\/h3>\n<p><strong>Ney de Souza<\/strong><em> e <\/em><strong>Emerson Sbardelotti<\/strong><\/p>\n<p>Onze anos ap\u00f3s a II Confer\u00eancia Geral do Episcopado Latino-Americano e Caribenho em Medell\u00edn, o CELAM preparou a III Confer\u00eancia Geral do Episcopado Latino-Americano e Caribenho, realizada na cidade de Puebla de los Angeles, no M\u00e9xico, de 27 de janeiro a 13 de fevereiro de 1979.<\/p>\n<p>Quarenta anos depois, busca-se reafirmar, reassumir e refundar a Op\u00e7\u00e3o pelos Pobres, a Op\u00e7\u00e3o pelos Jovens, a Evangeliza\u00e7\u00e3o que interage e respeita a Cultura, a Religiosidade Popular, a Liberta\u00e7\u00e3o, a Promo\u00e7\u00e3o Humana, as Ideologias e as Pol\u00edticas; enfim, redescobrir o car\u00e1ter pastoral que h\u00e1 no Documento de Puebla, criticando-o, atualizando-o, abrindo pistas, iluminando o caminhar, anunciando, denunciando, incitando \u00e0 criatividade e ao prosseguimento.<\/p>\n<p>A forma que os autores encontraram de homenagear este acontecimento foi reunir, nesse livro, te\u00f3logos e te\u00f3logas de v\u00e1rios estados do Brasil e do Continente latino-americano para apresentarem reflex\u00f5es (a partir do texto oficial da Confer\u00eancia de Puebla) e proporem discuss\u00f5es em que Puebla seja atualizada, criando-se perspectivas e prospectivas que estejam em sintonia com o pensamento e as a\u00e7\u00f5es do Papa Francisco; resgatando e mantendo viva a mem\u00f3ria deste acontecimento hist\u00f3rico na vida da Igreja Cat\u00f3lica latino-americana e caribenha; retomando a fonte de inspira\u00e7\u00e3o para a caminhada da Igreja no Continente: a Op\u00e7\u00e3o pelos Pobres.<\/p>\n<p><strong>N\u00ba DE P\u00c1GINAS: 544 <\/strong><\/p>\n<p>&nbsp;<\/p>\n<h2><strong><img loading=\"lazy\" class=\"alignleft size-full wp-image-200499\" src=\"https:\/\/franciscanos.org.br\/noticias\/wp-content\/uploads\/2019\/02\/silueta-de-deus.jpg\" alt=\"\" width=\"200\" height=\"307\" srcset=\"https:\/\/franciscanos.org.br\/noticias\/wp-content\/uploads\/2019\/02\/silueta-de-deus.jpg 200w, https:\/\/franciscanos.org.br\/noticias\/wp-content\/uploads\/2019\/02\/silueta-de-deus-150x230.jpg 150w\" sizes=\"(max-width: 200px) 100vw, 200px\" \/>Silhuetas de Deus<\/strong><\/h2>\n<p><strong>Fernando Altemeyer Junior<\/strong><\/p>\n<p>Este livro \u00e9 uma colet\u00e2nea de 45 reflex\u00f5es divididas em tr\u00eas partes de 15 pequenos cap\u00edtulos. Os primeiros 15 dedicados ao Deus-Pai, que nos acolhe em bra\u00e7os maternais. Os segundos 15 textos a Jesus, o Filho Amado, em dedo de prosa que alimente a nossa coragem. Enfim, os derradeiros 15 cap\u00edtulos, dedicados a pensar e a compartilhar as car\u00edcias do Esp\u00edrito Santo.<\/p>\n<p>O autor escreveu o livro inspirado em sua fam\u00edlia, no testemunho de dom Luciano Mendes de Almeida e no aprendizado dos pobres. Segundo Altemeyer, se quiser seguir a ordem de leitura do texto, a obra tem um car\u00e1ter pedag\u00f3gico. Mas se quiser pular e montar o seu pr\u00f3prio mosaico, fique \u00e0 vontade. Deixe-se moldar pela Trindade Santa como bela silhueta de Deus.<\/p>\n<p style=\"padding-left: 30px;\">Fernando Altemeyer Junior<em> \u00e9 paulistano, filhos de imigrantes da Alemanha, Pol\u00f4nia e Espanha. Aprendeu alem\u00e3o de seus av\u00f3s paternos, e o espanhol da av\u00f3 materna e da m\u00e3e. Franc\u00eas aprendeu dos belgas em Virginal. Ama as culturas diversas do mundo inteiro, ainda que seja um\u00a0 apaixonado pela m\u00fasica de Pena Branca e Xavantinho. \u00c9 professor universit\u00e1rio, formado em filosofia e teologia. Mestre em Ci\u00eancia da\u00a0 Religi\u00e3o e Teologia pela Universidade Cat\u00f3lica de Louvain-la-Neuve,\u00a0 B\u00e9lgica, e doutor em Ci\u00eancias Sociais pela PUC-SP. Casado com Maria, pai de dois filhos: Gabriel e Ana Clara. \u00c9 comunicador, educador e\u00a0 pesquisador. Atua em r\u00e1dios e televis\u00e3o h\u00e1 anos. Escreve em muitas revistas. Trabalha na PUC-SP e oferece cursos e assessorias por todo o Brasil e Am\u00e9rica Latina. Gosta de escrever e tem como inspira\u00e7\u00e3o a\u00a0 obraDom Quixote de la Mancha, de Cervantes, pois \u00e0s vezes ele se sente Quixote e \u00e0s vezes Sancho Pan\u00e7a.<\/em><\/p>\n<p><strong>N\u00ba DE P\u00c1GINAS: 384<\/strong><\/p>\n<p>&nbsp;<\/p>\n<h2><strong><img loading=\"lazy\" class=\"alignleft size-full wp-image-200500\" src=\"https:\/\/franciscanos.org.br\/noticias\/wp-content\/uploads\/2019\/02\/teologia-moral.jpg\" alt=\"\" width=\"200\" height=\"319\" srcset=\"https:\/\/franciscanos.org.br\/noticias\/wp-content\/uploads\/2019\/02\/teologia-moral.jpg 200w, https:\/\/franciscanos.org.br\/noticias\/wp-content\/uploads\/2019\/02\/teologia-moral-150x239.jpg 150w\" sizes=\"(max-width: 200px) 100vw, 200px\" \/>Teologia Moral<\/strong><\/h2>\n<h3><strong>Quest\u00f5es vitais<\/strong><\/h3>\n<p><strong>Ant\u00f4nio Moser<\/strong><\/p>\n<p>Como pensar uma teologia acerca das atitudes morais em um cen\u00e1rio acelerado? Seria poss\u00edvel uma teologia moral perene? Longe da polariza\u00e7\u00e3o entre o poder ou n\u00e3o poder, o certo ou o errado, o autor traz nesta obra o caminho do discernimento. Caso contr\u00e1rio, a teologia moral ficar\u00e1 sempre a reboque da hist\u00f3ria, pensando temas que facilmente se tornam ultrapassados frente ao constante avan\u00e7o tecnol\u00f3gico e cient\u00edfico.<\/p>\n<p>Ant\u00f4nio Moser, renomado autor de teologia moral, contribuiu com a teologia cat\u00f3lica, sobretudo com suas reflex\u00f5es acerca da sexualidade, com enfoque nas quest\u00f5es familiares e da homossexualidade. Nesta obra ele nos apresenta, somados a essas quest\u00f5es, os temas que de alguma forma se articulam com a manuten\u00e7\u00e3o da vida humana. Sexualidade, fam\u00edlia, biotecnologia e ecologia apresentam-se como quest\u00f5es vitais.<\/p>\n<p>A cole\u00e7\u00e3o <em>Inicia\u00e7\u00e3o \u00e0 teologia<\/em>, em sua nova reformula\u00e7\u00e3o, conta com volumes que tratam das Escrituras, da Teologia Sistem\u00e1tica, Teologia Hist\u00f3rica e Teologia Pr\u00e1tica. Os volumes que estavam presentes na primeira edi\u00e7\u00e3o ser\u00e3o reeditados; alguns com reformula\u00e7\u00f5es trazidas por seus autores. Novos t\u00edtulos ser\u00e3o publicados \u00e0 medida que forem finalizados.<\/p>\n<p>O objetivo \u00e9 oferecermos manuais \u00e0s disciplinas teol\u00f3gicas, escritos por autores nacionais. Essa parceria da Editora Vozes com os te\u00f3logos brasileiros \u00e9 express\u00e3o dos novos tempos da teologia, que busca trazer o esp\u00edrito primaveril para o ambiente de produ\u00e7\u00e3o teol\u00f3gica, e consequentemente oferecermos um material de qualidade para que estudantes de teologia, bem como te\u00f3logos e te\u00f3logas, busquem aporte para seu trabalho cotidiano.<\/p>\n<p style=\"padding-left: 30px;\"><strong>Frei Ant\u00f4nio Moser<\/strong><em> foi diretor-presidente da Editora Vozes e obteve os graus de mestre e doutor na Fran\u00e7a e na It\u00e1lia. Foi professor no Instituto Teol\u00f3gico Franciscano (Petr\u00f3polis) e lecionou em diversos institutos no Brasil, Lisboa, Bogot\u00e1 e Berkeley (Calif\u00f3rnia, EUA). Foi conferencista solicitado por mais de 130 dioceses no Brasil. Publicou mais de 27 livros e centenas de artigos, al\u00e9m de ter desenvolvido intensa atividade pastoral. Foi um dos grandes especialistas em Pastoral Familiar.<\/em><\/p>\n<p><strong>N\u00ba DE P\u00c1GINAS: 176<\/strong><\/p>\n<p>&nbsp;<\/p>\n<h2><strong><img loading=\"lazy\" class=\"alignleft size-full wp-image-200501\" src=\"https:\/\/franciscanos.org.br\/noticias\/wp-content\/uploads\/2019\/02\/viver-e-celebrar.jpg\" alt=\"\" width=\"200\" height=\"278\" srcset=\"https:\/\/franciscanos.org.br\/noticias\/wp-content\/uploads\/2019\/02\/viver-e-celebrar.jpg 200w, https:\/\/franciscanos.org.br\/noticias\/wp-content\/uploads\/2019\/02\/viver-e-celebrar-150x209.jpg 150w\" sizes=\"(max-width: 200px) 100vw, 200px\" \/>Viver\u2005e celebrar<\/strong><\/h2>\n<h3><strong>Din\u00e2micas e reflex\u00f5es sobre os Evangelhos dominicais<\/strong><\/h3>\n<p><strong>Paulo\u2008Cesar Gil<\/strong><em> e <\/em><strong>Clemente Raphael Mahl<\/strong><\/p>\n<p>Viver e celebrar: din\u00e2micas e reflex\u00f5es sobre os Evangelhos dominicais oferece uma rica contribui\u00e7\u00e3o para os grupos de catequistas, agentes da pastoral para a liturgia, fam\u00edlia e grupos de reflex\u00e3o b\u00edblica. Poder\u00e1 ser um instrumento para a juventude que saber\u00e1 utilizar com maestria as din\u00e2micas propostas em toda obra.<\/p>\n<p>Nesta obra os autores Paulo Cesar Gil e Clemente Raphael Mahl, encantam os leitores com a sua incr\u00edvel capacidade de trabalhar catequ\u00e9tica e dinamicamente com os textos de cada Ano Lit\u00fargico. A metodologia contribui para que os crist\u00e3os possam identificar valores a serem cultivados na vida familiar, potencializar o dinamismo da raz\u00e3o que procura o significado da realidade e se abre para o Mist\u00e9rio, discernir e dialogar com a realidade e cultura, desenvolver compet\u00eancias necess\u00e1rias aos servi\u00e7os eclesiais e profissional. Deste modo, quem l\u00ea a obra ou participa das din\u00e2micas propostas pelos autores \u00e9 mobilizado a pensar coletivamente e a colocar seus dons a servi\u00e7o das pessoas com quem convive e atua.<\/p>\n<p>Os autores apresentam nesta obra um roteiro de encontro para o estudo, aprofundamento de todos os Evangelhos dominicais e festivos nos tr\u00eas ciclos A, B e C. O objetivo \u00e9 favorecer a aproxima\u00e7\u00e3o com a Palavra que \u00e9 proclamada todos os domingos e nas festas lit\u00fargicas, para ser acolhida, escutada, refletida e transformada em a\u00e7\u00e3o.<\/p>\n<p>Ao envolver-se com as reflex\u00f5es e din\u00e2micas deste livro o leitor poder\u00e1 desenvolver o autoconhecimento, perceber a necessidade de saber relacionar-se adequadamente com seus pares administrando de maneira harm\u00f4nica as dificuldades e insatisfa\u00e7\u00f5es. Isto porque as din\u00e2micas e reflex\u00f5es impulsionam a desenvolver a experi\u00eancia crist\u00e3 de comunh\u00e3o fraterna e testemunho.<\/p>\n<p style=\"padding-left: 30px;\"><strong>Paulo Cesar Gil<\/strong> pertence ao clero da Arquidiocese de S\u00e3o Paulo, especialista em catequese, terapeuta de casal e fam\u00edlias, p\u00f3s-graduado em Psicopedagogia. Atua como: membro da Sociedade Brasileira de Catequetas (SBCat), assessor para a Anima\u00e7\u00e3o B\u00edblico-Catequ\u00e9tica na Regi\u00e3o Episcopal Santana \u2013 Arq. de S\u00e3o Paulo; assessor em assembleias, congressos e semin\u00e1rios nas \u00e1reas de Pastoral, Catequese e Fam\u00edlia e professor-convidado em escolas regionais, diocesanas e universidades.<\/p>\n<p style=\"padding-left: 30px;\"><strong>Clemente Raphael Mahl <\/strong>tem bacharelado em Filosofia pela Universidade Federal de Santa Catarina; em Teologia, conclus\u00e3o no Semin\u00e1rio Maior Salvatoriano e no IFT &#8211; Instituto de Filosofia e Teologia \u2013 SP. \u00c9 formado em Letras pela Faculdade de Filosofia, Ci\u00eancias e Letras de Moema \u2013 SP. Foi professor de L\u00edngua Portuguesa e tradutor. \u00c9 membro do Conselho Nacional do Laicato do Brasil, desde 2010.<\/p>\n<p><strong>N\u00ba DE P\u00c1GINAS: 640<\/strong><\/p>\n<p>&nbsp;<\/p>\n<h2><strong><img loading=\"lazy\" class=\"alignleft size-full wp-image-200502\" src=\"https:\/\/franciscanos.org.br\/noticias\/wp-content\/uploads\/2019\/02\/bioetica.jpg\" alt=\"\" width=\"200\" height=\"322\" srcset=\"https:\/\/franciscanos.org.br\/noticias\/wp-content\/uploads\/2019\/02\/bioetica.jpg 200w, https:\/\/franciscanos.org.br\/noticias\/wp-content\/uploads\/2019\/02\/bioetica-150x242.jpg 150w\" sizes=\"(max-width: 200px) 100vw, 200px\" \/>Bio\u00e9tica<\/strong><\/h2>\n<h3><strong>Do consenso ao bom-senso<\/strong><\/h3>\n<p><strong>Ant\u00f4nio Moser<\/strong><em> e <\/em><strong>Andr\u00e9 Marcelo M. Soares<\/strong><\/p>\n<p>A presente obra mostra-se atual e contribui para o entendimento da bio\u00e9tica na perspectiva teol\u00f3gica, \u00e0 medida que mostra a import\u00e2ncia do di\u00e1logo com as outras ci\u00eancias, empenhando-se assim na tarefa de oferecer respostas e perspectivas para os crist\u00e3os (cf. GS, 33). Complexos assuntos como gen\u00e9tica, biotecnologia, pesquisas e interven\u00e7\u00f5es laboratoriais e a comercializa\u00e7\u00e3o dos avan\u00e7os cient\u00edficos s\u00e3o expostos em linguagem acess\u00edvel sem, no entanto, perder a profundidade e reflexibilidade que lhes s\u00e3o necess\u00e1rias.<\/p>\n<p>O livro cumpre uma dupla fun\u00e7\u00e3o: oferece ao aluno de teologia os temas b\u00e1sicos da bio\u00e9tica, tratados em perspectiva teol\u00f3gica. E para o leitor interessado em discuss\u00f5es acerca de temas pol\u00eamicos da bio\u00e9tica como clonagem, pesquisa com c\u00e9lulas tronco ou insemina\u00e7\u00e3o artificial, aqui encontrar\u00e1 uma reflex\u00e3o honesta no sentido de dialogar com as v\u00e1rias situa\u00e7\u00f5es ao mesmo tempo que se sustenta na tradi\u00e7\u00e3o crist\u00e3. Em suma, encontrar\u00e1 a teologia do bom-senso.<\/p>\n<p>A cole\u00e7\u00e3o <em>Inicia\u00e7\u00e3o \u00e0 teologia<\/em>, em sua nova reformula\u00e7\u00e3o, conta com volumes que tratam das Escrituras, da Teologia Sistem\u00e1tica, Teologia Hist\u00f3rica e Teologia Pr\u00e1tica. Os volumes que estavam presentes na primeira edi\u00e7\u00e3o ser\u00e3o reeditados; alguns com reformula\u00e7\u00f5es trazidas por seus autores, e novos t\u00edtulos ser\u00e3o publicados \u00e0 medida que forem finalizados.<\/p>\n<p>O objetivo \u00e9 oferecer manuais \u00e0s disciplinas teol\u00f3gicas, escritos por autores nacionais. Essa parceria da Editora Vozes com os te\u00f3logos brasileiros \u00e9 express\u00e3o dos novos tempos da teologia, que busca trazer o esp\u00edrito primaveril para o ambiente de produ\u00e7\u00e3o teol\u00f3gica, e consequentemente oferecermos um material de qualidade para que estudantes de teologia, bem como te\u00f3logos e te\u00f3logas, busquem aporte para seu trabalho cotidiano.<\/p>\n<p style=\"padding-left: 30px;\"><strong>Frei Ant\u00f4nio Moser<\/strong> <em>foi diretor-presidente da Editora Vozes e obteve os graus de mestre e doutor na Fran\u00e7a e na It\u00e1lia. Foi professor no Instituto Teol\u00f3gico Franciscano (Petr\u00f3polis) e lecionou em diversos institutos no Brasil, Lisboa, Bogot\u00e1 e Berkeley (Calif\u00f3rnia, EUA). Foi conferencista solicitado por mais de 130 dioceses no Brasil. Publicou mais de 27 livros e centenas de artigos, al\u00e9m de ter desenvolvido intensa atividade pastoral. Foi um dos grandes especialistas em Pastoral Familiar. <\/em><\/p>\n<p style=\"padding-left: 30px;\"><strong>Andr\u00e9 Marcelo M.<\/strong> <strong>Soares<\/strong><em> cursou Filosofia (1990) na Escola Teol\u00f3gica da Congrega\u00e7\u00e3o Beneditina do Brasil (ETCBB). Possui gradua\u00e7\u00e3o (1994), mestrado (1997) e doutorado (2000) em Teologia pela PUC-Rio. Realizou p\u00f3s-doutorado com pesquisa em Teologia e Bio\u00e9tica (2008) sob a supervis\u00e3o da Prof\u00aa. Dr\u00aa. Maria Clara LucchettiBingemer (Departamento de Teologia da PUC\u2011Rio) e p\u00f3s-doutorado com pesquisas em \u00c9tica Biom\u00e9dica (2009) e em Bio\u00e9tica (2010) sob a supervis\u00e3o do Prof. Dr. An\u00edbal Gil Lopes (Instituto de Biof\u00edsica Carlos Chagas Filho \u2013 UFRJ).<\/em><\/p>\n<p><strong>N\u00ba DE P\u00c1GINAS: 200 <\/strong><\/p>\n<p><strong>\u00a0<\/strong><\/p>\n","protected":false},"excerpt":{"rendered":"<p>Editora Vozes<\/p>\n","protected":false},"author":7,"featured_media":200523,"comment_status":"open","ping_status":"open","sticky":false,"template":"","format":"standard","meta":[],"categories":[1428],"tags":[238],"acf":[],"yoast_head":"<!-- This site is optimized with the Yoast SEO plugin v19.2 - https:\/\/yoast.com\/wordpress\/plugins\/seo\/ -->\n<title>O Papa nos \u00faltimos lan\u00e7amentos da Vozes - Not\u00edcias - Franciscanos<\/title>\n<meta name=\"robots\" content=\"index, follow, max-snippet:-1, max-image-preview:large, max-video-preview:-1\" \/>\n<link rel=\"canonical\" href=\"https:\/\/franciscanos.org.br\/noticias\/veja-ultimos-lancamentos-da-vozes-3.html\" \/>\n<meta property=\"og:locale\" content=\"pt_BR\" \/>\n<meta property=\"og:type\" content=\"article\" \/>\n<meta property=\"og:title\" content=\"O Papa nos \u00faltimos lan\u00e7amentos da Vozes - Not\u00edcias - Franciscanos\" \/>\n<meta property=\"og:description\" content=\"Editora Vozes\" \/>\n<meta property=\"og:url\" content=\"https:\/\/franciscanos.org.br\/noticias\/veja-ultimos-lancamentos-da-vozes-3.html\" \/>\n<meta property=\"og:site_name\" content=\"Not\u00edcias - Franciscanos\" \/>\n<meta property=\"article:published_time\" content=\"2019-02-25T11:12:42+00:00\" \/>\n<meta property=\"article:modified_time\" content=\"2020-08-06T19:39:35+00:00\" \/>\n<meta property=\"og:image\" content=\"https:\/\/franciscanos.org.br\/noticias\/wp-content\/uploads\/2019\/02\/papa_voo_250219d.jpg\" \/>\n\t<meta property=\"og:image:width\" content=\"273\" \/>\n\t<meta property=\"og:image:height\" content=\"181\" \/>\n\t<meta property=\"og:image:type\" content=\"image\/jpeg\" \/>\n<meta name=\"author\" content=\"jovenal\" \/>\n<meta name=\"twitter:card\" content=\"summary_large_image\" \/>\n<meta name=\"twitter:label1\" content=\"Escrito por\" \/>\n\t<meta name=\"twitter:data1\" content=\"jovenal\" \/>\n\t<meta name=\"twitter:label2\" content=\"Est. tempo de leitura\" \/>\n\t<meta name=\"twitter:data2\" content=\"15 minutos\" \/>\n<script type=\"application\/ld+json\" class=\"yoast-schema-graph\">{\"@context\":\"https:\/\/schema.org\",\"@graph\":[{\"@type\":\"WebSite\",\"@id\":\"https:\/\/franciscanos.org.br\/noticias\/#website\",\"url\":\"https:\/\/franciscanos.org.br\/noticias\/\",\"name\":\"Not\u00edcias - Franciscanos\",\"description\":\"Prov\u00edncia Franciscana da Imaculada Concei\u00e7\u00e3o do Brasil - Ordem dos Frades Menores - OFM\",\"potentialAction\":[{\"@type\":\"SearchAction\",\"target\":{\"@type\":\"EntryPoint\",\"urlTemplate\":\"https:\/\/franciscanos.org.br\/noticias\/?s={search_term_string}\"},\"query-input\":\"required name=search_term_string\"}],\"inLanguage\":\"pt-BR\"},{\"@type\":\"ImageObject\",\"inLanguage\":\"pt-BR\",\"@id\":\"https:\/\/franciscanos.org.br\/noticias\/veja-ultimos-lancamentos-da-vozes-3.html#primaryimage\",\"url\":\"https:\/\/franciscanos.org.br\/noticias\/wp-content\/uploads\/2019\/02\/papa_voo_250219d.jpg\",\"contentUrl\":\"https:\/\/franciscanos.org.br\/noticias\/wp-content\/uploads\/2019\/02\/papa_voo_250219d.jpg\",\"width\":273,\"height\":181},{\"@type\":\"WebPage\",\"@id\":\"https:\/\/franciscanos.org.br\/noticias\/veja-ultimos-lancamentos-da-vozes-3.html#webpage\",\"url\":\"https:\/\/franciscanos.org.br\/noticias\/veja-ultimos-lancamentos-da-vozes-3.html\",\"name\":\"O Papa nos \u00faltimos lan\u00e7amentos da Vozes - Not\u00edcias - Franciscanos\",\"isPartOf\":{\"@id\":\"https:\/\/franciscanos.org.br\/noticias\/#website\"},\"primaryImageOfPage\":{\"@id\":\"https:\/\/franciscanos.org.br\/noticias\/veja-ultimos-lancamentos-da-vozes-3.html#primaryimage\"},\"datePublished\":\"2019-02-25T11:12:42+00:00\",\"dateModified\":\"2020-08-06T19:39:35+00:00\",\"author\":{\"@id\":\"https:\/\/franciscanos.org.br\/noticias\/#\/schema\/person\/c3a26b08313dd1772495ce300ab257cc\"},\"breadcrumb\":{\"@id\":\"https:\/\/franciscanos.org.br\/noticias\/veja-ultimos-lancamentos-da-vozes-3.html#breadcrumb\"},\"inLanguage\":\"pt-BR\",\"potentialAction\":[{\"@type\":\"ReadAction\",\"target\":[\"https:\/\/franciscanos.org.br\/noticias\/veja-ultimos-lancamentos-da-vozes-3.html\"]}]},{\"@type\":\"BreadcrumbList\",\"@id\":\"https:\/\/franciscanos.org.br\/noticias\/veja-ultimos-lancamentos-da-vozes-3.html#breadcrumb\",\"itemListElement\":[{\"@type\":\"ListItem\",\"position\":1,\"name\":\"Home\",\"item\":\"https:\/\/franciscanos.org.br\/noticias\"},{\"@type\":\"ListItem\",\"position\":2,\"name\":\"O Papa nos \u00faltimos lan\u00e7amentos da Vozes\"}]},{\"@type\":\"Person\",\"@id\":\"https:\/\/franciscanos.org.br\/noticias\/#\/schema\/person\/c3a26b08313dd1772495ce300ab257cc\",\"name\":\"jovenal\",\"image\":{\"@type\":\"ImageObject\",\"inLanguage\":\"pt-BR\",\"@id\":\"https:\/\/franciscanos.org.br\/noticias\/#\/schema\/person\/image\/\",\"url\":\"https:\/\/secure.gravatar.com\/avatar\/e94509f531086e2eaf97e72f29ea00f9?s=96&d=mm&r=g\",\"contentUrl\":\"https:\/\/secure.gravatar.com\/avatar\/e94509f531086e2eaf97e72f29ea00f9?s=96&d=mm&r=g\",\"caption\":\"jovenal\"},\"url\":\"https:\/\/franciscanos.org.br\/noticias\/author\/jovenal\"}]}<\/script>\n<!-- \/ Yoast SEO plugin. -->","yoast_head_json":{"title":"O Papa nos \u00faltimos lan\u00e7amentos da Vozes - Not\u00edcias - Franciscanos","robots":{"index":"index","follow":"follow","max-snippet":"max-snippet:-1","max-image-preview":"max-image-preview:large","max-video-preview":"max-video-preview:-1"},"canonical":"https:\/\/franciscanos.org.br\/noticias\/veja-ultimos-lancamentos-da-vozes-3.html","og_locale":"pt_BR","og_type":"article","og_title":"O Papa nos \u00faltimos lan\u00e7amentos da Vozes - Not\u00edcias - Franciscanos","og_description":"Editora Vozes","og_url":"https:\/\/franciscanos.org.br\/noticias\/veja-ultimos-lancamentos-da-vozes-3.html","og_site_name":"Not\u00edcias - Franciscanos","article_published_time":"2019-02-25T11:12:42+00:00","article_modified_time":"2020-08-06T19:39:35+00:00","og_image":[{"width":273,"height":181,"url":"https:\/\/franciscanos.org.br\/noticias\/wp-content\/uploads\/2019\/02\/papa_voo_250219d.jpg","type":"image\/jpeg"}],"author":"jovenal","twitter_card":"summary_large_image","twitter_misc":{"Escrito por":"jovenal","Est. tempo de leitura":"15 minutos"},"schema":{"@context":"https:\/\/schema.org","@graph":[{"@type":"WebSite","@id":"https:\/\/franciscanos.org.br\/noticias\/#website","url":"https:\/\/franciscanos.org.br\/noticias\/","name":"Not\u00edcias - Franciscanos","description":"Prov\u00edncia Franciscana da Imaculada Concei\u00e7\u00e3o do Brasil - Ordem dos Frades Menores - OFM","potentialAction":[{"@type":"SearchAction","target":{"@type":"EntryPoint","urlTemplate":"https:\/\/franciscanos.org.br\/noticias\/?s={search_term_string}"},"query-input":"required name=search_term_string"}],"inLanguage":"pt-BR"},{"@type":"ImageObject","inLanguage":"pt-BR","@id":"https:\/\/franciscanos.org.br\/noticias\/veja-ultimos-lancamentos-da-vozes-3.html#primaryimage","url":"https:\/\/franciscanos.org.br\/noticias\/wp-content\/uploads\/2019\/02\/papa_voo_250219d.jpg","contentUrl":"https:\/\/franciscanos.org.br\/noticias\/wp-content\/uploads\/2019\/02\/papa_voo_250219d.jpg","width":273,"height":181},{"@type":"WebPage","@id":"https:\/\/franciscanos.org.br\/noticias\/veja-ultimos-lancamentos-da-vozes-3.html#webpage","url":"https:\/\/franciscanos.org.br\/noticias\/veja-ultimos-lancamentos-da-vozes-3.html","name":"O Papa nos \u00faltimos lan\u00e7amentos da Vozes - Not\u00edcias - Franciscanos","isPartOf":{"@id":"https:\/\/franciscanos.org.br\/noticias\/#website"},"primaryImageOfPage":{"@id":"https:\/\/franciscanos.org.br\/noticias\/veja-ultimos-lancamentos-da-vozes-3.html#primaryimage"},"datePublished":"2019-02-25T11:12:42+00:00","dateModified":"2020-08-06T19:39:35+00:00","author":{"@id":"https:\/\/franciscanos.org.br\/noticias\/#\/schema\/person\/c3a26b08313dd1772495ce300ab257cc"},"breadcrumb":{"@id":"https:\/\/franciscanos.org.br\/noticias\/veja-ultimos-lancamentos-da-vozes-3.html#breadcrumb"},"inLanguage":"pt-BR","potentialAction":[{"@type":"ReadAction","target":["https:\/\/franciscanos.org.br\/noticias\/veja-ultimos-lancamentos-da-vozes-3.html"]}]},{"@type":"BreadcrumbList","@id":"https:\/\/franciscanos.org.br\/noticias\/veja-ultimos-lancamentos-da-vozes-3.html#breadcrumb","itemListElement":[{"@type":"ListItem","position":1,"name":"Home","item":"https:\/\/franciscanos.org.br\/noticias"},{"@type":"ListItem","position":2,"name":"O Papa nos \u00faltimos lan\u00e7amentos da Vozes"}]},{"@type":"Person","@id":"https:\/\/franciscanos.org.br\/noticias\/#\/schema\/person\/c3a26b08313dd1772495ce300ab257cc","name":"jovenal","image":{"@type":"ImageObject","inLanguage":"pt-BR","@id":"https:\/\/franciscanos.org.br\/noticias\/#\/schema\/person\/image\/","url":"https:\/\/secure.gravatar.com\/avatar\/e94509f531086e2eaf97e72f29ea00f9?s=96&d=mm&r=g","contentUrl":"https:\/\/secure.gravatar.com\/avatar\/e94509f531086e2eaf97e72f29ea00f9?s=96&d=mm&r=g","caption":"jovenal"},"url":"https:\/\/franciscanos.org.br\/noticias\/author\/jovenal"}]}},"_links":{"self":[{"href":"https:\/\/franciscanos.org.br\/noticias\/wp-json\/wp\/v2\/posts\/200491"}],"collection":[{"href":"https:\/\/franciscanos.org.br\/noticias\/wp-json\/wp\/v2\/posts"}],"about":[{"href":"https:\/\/franciscanos.org.br\/noticias\/wp-json\/wp\/v2\/types\/post"}],"author":[{"embeddable":true,"href":"https:\/\/franciscanos.org.br\/noticias\/wp-json\/wp\/v2\/users\/7"}],"replies":[{"embeddable":true,"href":"https:\/\/franciscanos.org.br\/noticias\/wp-json\/wp\/v2\/comments?post=200491"}],"version-history":[{"count":1,"href":"https:\/\/franciscanos.org.br\/noticias\/wp-json\/wp\/v2\/posts\/200491\/revisions"}],"predecessor-version":[{"id":227605,"href":"https:\/\/franciscanos.org.br\/noticias\/wp-json\/wp\/v2\/posts\/200491\/revisions\/227605"}],"wp:featuredmedia":[{"embeddable":true,"href":"https:\/\/franciscanos.org.br\/noticias\/wp-json\/wp\/v2\/media\/200523"}],"wp:attachment":[{"href":"https:\/\/franciscanos.org.br\/noticias\/wp-json\/wp\/v2\/media?parent=200491"}],"wp:term":[{"taxonomy":"category","embeddable":true,"href":"https:\/\/franciscanos.org.br\/noticias\/wp-json\/wp\/v2\/categories?post=200491"},{"taxonomy":"post_tag","embeddable":true,"href":"https:\/\/franciscanos.org.br\/noticias\/wp-json\/wp\/v2\/tags?post=200491"}],"curies":[{"name":"wp","href":"https:\/\/api.w.org\/{rel}","templated":true}]}}