{"id":200482,"date":"2019-02-22T08:36:09","date_gmt":"2019-02-22T11:36:09","guid":{"rendered":"https:\/\/franciscanos.org.br\/noticias\/?p=200482"},"modified":"2020-08-06T16:40:09","modified_gmt":"2020-08-06T19:40:09","slug":"segundo-dia-do-encontro-sobre-a-protecao-dos-menores-no-vaticano","status":"publish","type":"post","link":"https:\/\/franciscanos.org.br\/noticias\/segundo-dia-do-encontro-sobre-a-protecao-dos-menores-no-vaticano.html","title":{"rendered":"Segundo dia do Encontro sobre a Prote\u00e7\u00e3o dos Menores no Vaticano"},"content":{"rendered":"<p><img loading=\"lazy\" class=\"alignnone size-full wp-image-200483\" src=\"https:\/\/franciscanos.org.br\/noticias\/wp-content\/uploads\/2019\/02\/papa_220219_1.jpg\" alt=\"\" width=\"890\" height=\"591\" srcset=\"https:\/\/franciscanos.org.br\/noticias\/wp-content\/uploads\/2019\/02\/papa_220219_1.jpg 890w, https:\/\/franciscanos.org.br\/noticias\/wp-content\/uploads\/2019\/02\/papa_220219_1-450x299.jpg 450w, https:\/\/franciscanos.org.br\/noticias\/wp-content\/uploads\/2019\/02\/papa_220219_1-768x510.jpg 768w, https:\/\/franciscanos.org.br\/noticias\/wp-content\/uploads\/2019\/02\/papa_220219_1-150x100.jpg 150w\" sizes=\"(max-width: 890px) 100vw, 890px\" \/><br \/>\nFoi aberto nesta manh\u00e3 de sexta-feira na Sala Nova do S\u00ednodo, no Vaticano, na presen\u00e7a do Papa, o segundo dia do Encontro sobre &#8220;A Prote\u00e7\u00e3o dos Menores na Igreja&#8221; (21-24 fevereiro). <a href=\"http:\/\/www.pbc2019.org\/it\/conferenza\/programma\">http:\/\/www.pbc2019.org\/it\/conferenza\/programma<\/a><\/p>\n<p>Na ora\u00e7\u00e3o inicial de hoje, guiada por Dom Pierbattista Pizzaballa, administrador apost\u00f3lico de Jerusal\u00e9m dos Latinos, ap\u00f3s o canto do hino &#8220;Veni, Creator Spiritus&#8221;, foi pronunciada em espanhol pela irm\u00e3 Aurora Calvo Ruiz, superiora geral das Merced\u00e1rias da Caridade, uma passagem da Carta de S\u00e3o Paulo aos Romanos , onde o ap\u00f3stolo convida a viver uma f\u00e9 sincera, longe de qualquer falsidade e duplicidade: \u201cO amor seja sincero. Detestai o mal, apegai-vos ao bem. Que o amor fraterno vos una uns aos outros, com terna afei\u00e7\u00e3o, rivalizando-vos em aten\u00e7\u00f5es rec\u00edprocas. Sede zelosos e diligentes, fervorosos de esp\u00edrito, servindo sempre ao Senhor\u201d.<\/p>\n<p>Logo depois, a experi\u00eancia de uma v\u00edtima de abuso foi lida em ingl\u00eas:\u00a0\u201cQuando Jesus estava prestes a morrer, sua m\u00e3e estava com ele. Quando fui abusado por um sacerdote, a minha m\u00e3e Igreja me deixou sozinho. Quando eu precisei de algu\u00e9m na Igreja para falar sobre meus abusos e minha solid\u00e3o, todos se esconderam e eu me senti ainda mais sozinho, sem saber a quem recorrer.\u201d<\/p>\n<p>Como no dia de ontem, depois de ouvir o testemunho, seguiu-se um longo sil\u00eancio. Na ora\u00e7\u00e3o final, Dom Pizzaballa rezou para &#8220;que ningu\u00e9m jamais tivesse que temer a viol\u00eancia e a opress\u00e3o&#8221; na Igreja, &#8220;mas sim encontrar nela toda seguran\u00e7a e ajuda&#8221;. Ent\u00e3o concluiu com este pedido a Deus: \u201cImpe\u00e7a aqueles que exercem o minist\u00e9rio na Igreja de abusar dos outros para seus pr\u00f3prios fins, mas d\u00ea a eles a humildade de servir os outros desinteressadamente como disc\u00edpulos de Jesus&#8221;.<\/p>\n<p>No final da ora\u00e7\u00e3o, o padre Federico Lombardi, moderador do Encontro, lembrou que hoje a Igreja celebra a Solenidade da C\u00e1tedra de S\u00e3o Pedro e &#8220;portanto &#8211; observou &#8211; toda a Igreja reza pelo Santo Padre, pelo seu servi\u00e7o de ensinamento e guia&#8221; e acrescentou: &#8220;Fazemos os votos de todo o cora\u00e7\u00e3o, junto com toda a Igreja&#8221;.<\/p>\n<p><img loading=\"lazy\" class=\"alignnone size-full wp-image-200485\" src=\"https:\/\/franciscanos.org.br\/noticias\/wp-content\/uploads\/2019\/02\/papa_210219_2.jpg\" alt=\"\" width=\"890\" height=\"593\" srcset=\"https:\/\/franciscanos.org.br\/noticias\/wp-content\/uploads\/2019\/02\/papa_210219_2.jpg 890w, https:\/\/franciscanos.org.br\/noticias\/wp-content\/uploads\/2019\/02\/papa_210219_2-450x300.jpg 450w, https:\/\/franciscanos.org.br\/noticias\/wp-content\/uploads\/2019\/02\/papa_210219_2-768x512.jpg 768w, https:\/\/franciscanos.org.br\/noticias\/wp-content\/uploads\/2019\/02\/papa_210219_2-150x100.jpg 150w\" sizes=\"(max-width: 890px) 100vw, 890px\" \/><\/p>\n<p>O padre Lombardi recordou em seguida o desejo do Papa Francisco de que todos os participantes no Encontro pudessem ter \u00e0 sua disposi\u00e7\u00e3o uma documenta\u00e7\u00e3o oficial das Na\u00e7\u00f5es Unidas sobre os temas da luta contra a viol\u00eancia contra as crian\u00e7as. Por esta raz\u00e3o, entre os documentos distribu\u00eddos aos presentes &#8211; sublinhou &#8211; h\u00e1 o mais recente relat\u00f3rio global das Na\u00e7\u00f5es Unidas sobre o combate \u00e0 viol\u00eancia sobre crian\u00e7as, intitulado \u201c<em>Toward a world free from violence. Global survey on violence against children<\/em>\u201d (<em>Rumo a um mundo livre da viol\u00eancia<\/em>. Pesquisa global sobre viol\u00eancia contra crian\u00e7as), e o relat\u00f3rio Unicef \u200b\u200b2017 \u201cA familiar face\u201d, isto \u00e9&#8221; um rosto familiar, para dizer que a viol\u00eancia contra as crian\u00e7as, muitas vezes, vem de algu\u00e9m que \u00e9 familiar, pr\u00f3ximo \u00e0s crian\u00e7as. E isso &#8211; disse o padre Lombardi &#8211; \u00e9 resultado das investiga\u00e7\u00f5es universais sobre o problema da viol\u00eancia contra crian\u00e7as&#8221;.<\/p>\n<p>Os documentos foram enviados pela Sra. Marta Maria de Morais dos Santos Pais, representante oficial do secret\u00e1rio geral da ONU para o combate \u00e0 viol\u00eancia contra as crian\u00e7as, que enviou um e-mail dizendo estar honrada em por poder contribuir com esse &#8220;importante Encontro&#8221; sobre a prote\u00e7\u00e3o das crian\u00e7as na Igreja e enviou os seus melhores votos &#8220;de uma reflex\u00e3o frutuosa e de bons resultados deste encontro&#8221;.<\/p>\n<hr \/>\n<p><img loading=\"lazy\" class=\"alignnone size-full wp-image-200486\" src=\"https:\/\/franciscanos.org.br\/noticias\/wp-content\/uploads\/2019\/02\/papa_220219_3.jpg\" alt=\"\" width=\"890\" height=\"593\" srcset=\"https:\/\/franciscanos.org.br\/noticias\/wp-content\/uploads\/2019\/02\/papa_220219_3.jpg 890w, https:\/\/franciscanos.org.br\/noticias\/wp-content\/uploads\/2019\/02\/papa_220219_3-450x300.jpg 450w, https:\/\/franciscanos.org.br\/noticias\/wp-content\/uploads\/2019\/02\/papa_220219_3-768x512.jpg 768w, https:\/\/franciscanos.org.br\/noticias\/wp-content\/uploads\/2019\/02\/papa_220219_3-150x100.jpg 150w\" sizes=\"(max-width: 890px) 100vw, 890px\" \/><br \/>\n<strong>Bispos devem enfrentar colegialmente crise dos abusos<\/strong><\/p>\n<p>Prossegue na Sala Nova do S\u00ednodo, no Vaticano, esta sexta-feira (22\/02), em seu segundo dia de atividades, o Encontro sobre a prote\u00e7\u00e3o dos menores na Igreja, que se realizar\u00e1 at\u00e9 este domingo, 24 de fevereiro. Este segundo dia de trabalhos com os presidentes das Confer\u00eancias episcopais do mundo inteiro trata sobretudo da \u201cpresta\u00e7\u00e3o de contas\u201d, discutindo as solu\u00e7\u00f5es a serem adotas de acordo com o Direito Can\u00f4nico para avaliar os casos em que os pastores falharam em sua responsabilidade e agiram com neglig\u00eancia.<\/p>\n<p>O primeiro relator do dia foi o arcebispo de Bombay, na \u00cdndia, cardeal Oswald Gracias, cuja exposi\u00e7\u00e3o teve como t\u00edtulo <em>Accountability<\/em> (presta\u00e7\u00e3o de contas) numa Igreja Colegial e Sinodal. J\u00e1 em sua introdu\u00e7\u00e3o o purpurado indiano ressaltou que a experi\u00eancia de abusos sexuais presente em algumas partes do mundo n\u00e3o \u00e9 um fen\u00f4meno limitado e que a Igreja deve assumir uma \u00f3tica honesta, fazer discernimentos rigorosos e agir de modo decisivo para impedir que se verifiquem abusos no futuro, fazendo o poss\u00edvel para favorecer a recupera\u00e7\u00e3o das v\u00edtimas.<\/p>\n<p><strong>Esfor\u00e7o do Papa e da Igreja para enfrentar a crise<\/strong><br \/>\nO cardeal Gracias observou que a import\u00e2ncia e o alcance universal deste desafio levaram o Papa Francisco a convocar este encontro, ressaltando o esfor\u00e7o do Pont\u00edfice e da Igreja para enfrentar essa crise.\u00a0Com a ajuda de Deus, disse, ser\u00e1 poss\u00edvel modelar e definir o modo em que a Igreja inteira, a n\u00edvel regional, nacional, diocesano local e at\u00e9 mesmo paroquial, assumir\u00e1 a tarefa de enfrentar os abusos sexuais internamente.\u00a0\u201cPortanto, a sinodalidade pode ser verdadeiramente vivida incorporando todas as decis\u00f5es e as medidas derivantes de cada um destes diferentes n\u00edveis, tendo bases vinculadoras&#8221;.<\/p>\n<p>O arcebispo de Bombay acrescentou que isso inclui o envolvimento dos leigos, homens e mulheres. Enquadrando tudo isso numa perspectiva pessoal, prosseguiu: \u201cNenhum bispo deveria dizer a si mesmo: \u2018enfrento este problema e os desafios sozinho\u2019. Porque pertencemos ao col\u00e9gio dos bispos, em uni\u00e3o com o Santo Padre, partilhamos accountability (a presta\u00e7\u00e3o de contas) e responsabilidade. A colegialidade \u00e9 um contexto essencial para enfrentar as feridas de abuso infligidas \u00e0s v\u00edtimas e \u00e0 Igreja em geral. N\u00f3s bispos precisamos voltar mais vezes ao ensinamento do Conc\u00edlio Vaticano II para encontrar-nos na mais ampla miss\u00e3o e minist\u00e9rio da Igreja.\u201d<\/p>\n<p>O purpurado indiano disse ver a esse prop\u00f3sito uma ampla margem de ulteriores progressos no \u00e2mbito dessa colegialidade. Talvez se possa progredir, conseguindo esclarecer alguns pontos, entre os quais, destacou que n\u00e3o se pode ignorar que na Igreja tivemos dificuldades em enfrentar a quest\u00e3o do abuso de modo justo; estreitamente ligado a este ponto se encontra a vontade de admitir pessoalmente os erros e pedir ajuda.\u00a0O cardeal Gracias se disse convencido de que n\u00e3o existem alternativas reais \u00e0 colegialidade e \u00e0 sinodalidade, resumindo o desafio enfrentado juntos.<\/p>\n<p><strong>O desafio dos abusos sexuais na Igreja<\/strong><br \/>\nO abuso sexual de menores e adultos na Igreja revela uma complexa rede de fatores interligados entre os quais: psicopatologia, decis\u00f5es morais pecaminosas, ambientes sociais que permitem o abuso, respostas institucionais e pastorais muitas vezes inadequadas ou claramente danosas ou falta de respostas.\u00a0O abuso perpetrado por cl\u00e9rigos, acrescentou (bispos, sacerdotes, di\u00e1conos) e por outros que servem na Igreja (por exemplo professores, catequistas, treinadores) se traduz em danos incalcul\u00e1veis quer diretos, quer indiretos.<\/p>\n<p><strong>Justi\u00e7a<\/strong><br \/>\nEmbora o abuso sexual seja muitas coisas, entre as quais viola\u00e7\u00e3o e trai\u00e7\u00e3o da confian\u00e7a, em sua raiz \u00e9 um ato de grave injusti\u00e7a. As v\u00edtimas falam de seu sentimento de terem sido injustamente violadas. \u201cUma obriga\u00e7\u00e3o fundamental que diz respeito a todos n\u00f3s, individualmente e colegialmente, \u00e9 dar justi\u00e7a \u00e0queles que foram violados.\u201d<\/p>\n<p><strong>Recupera\u00e7\u00e3o<\/strong><br \/>\nAl\u00e9m de defender a justi\u00e7a, observou o cardeal, uma Igreja colegial representa a recupera\u00e7\u00e3o. \u201cCertamente, essa recupera\u00e7\u00e3o deve alcan\u00e7ar as v\u00edtimas dos abusos. Deve tamb\u00e9m estender-se \u00e0s pessoas atingidas, inclu\u00eddas as comunidades cuja confian\u00e7a foi tra\u00edda ou duramente colocada \u00e0 prova.<\/p>\n<p>\u201cA primeira mensagem, dirigida em particular \u00e0s v\u00edtimas, \u00e9 uma solidariedade respeitosa e o reconhecimento honesto de sua dor e de seu sofrimento. Embora isso pare\u00e7a \u00f3bvio, nem sempre isso se verificou. Ignorar ou minimizar aquilo que as v\u00edtimas experimentaram exaspera a dor delas e retarda sua recupera\u00e7\u00e3o. No seio de uma Igreja colegial podemos unir-nos na considera\u00e7\u00e3o e na compaix\u00e3o para alcan\u00e7ar a compreens\u00e3o.\u201d<\/p>\n<p><strong>Peregrina\u00e7\u00e3o<\/strong><br \/>\nTomando a imagem de povo peregrino de Deus, o purpurado ressaltou que esta condi\u00e7\u00e3o significa que somos uma comunidade continuamente chamada ao arrependimento e ao discernimento. \u201cDevemos arrepender-nos e faz\u00ea-lo colegialmente, porque falimos ao longo do caminho. Devemos buscar o perd\u00e3o\u201d, enfatizou.\u00a0\u201cH\u00e1 muito a ser feito. Com os desdobramentos da crise dos abusos, sabemos que n\u00e3o existe uma solu\u00e7\u00e3o f\u00e1cil ou r\u00e1pida. Estamos sintonizados para seguir adiante, passo a passo e juntos. Isso requer discernimento.\u201d<\/p>\n<p>Para assumir essa colegialidade, a fim de enfrentar a quest\u00e3o da presta\u00e7\u00e3o de contas e responsabilidade, o cardeal indiano prop\u00f4s em sua conclus\u00e3o reivindicar a nossa identidade no col\u00e9gio apost\u00f3lico unido ao Sucessor de Pedro, e faz\u00ea-lo com humildade e franqueza; invocar coragem e aud\u00e1cia, porque o percurso n\u00e3o est\u00e1 tra\u00e7ado com grande precis\u00e3o e exatid\u00e3o; abra\u00e7ar o caminho do discernimento pr\u00e1tico, porque queremos realizar aquilo que Deus quer de n\u00f3s nas circunst\u00e2ncias concretas da nossa vida; e ser dispostos a pagar o pre\u00e7o de seguir a vontade de Deus em circunst\u00e2ncias incertas e dolorosas.<\/p>\n","protected":false},"excerpt":{"rendered":"<p>Foi aberto nesta manh\u00e3 de sexta-feira na Sala Nova do S\u00ednodo, no Vaticano, na presen\u00e7a do Papa, o segundo dia do Encontro sobre &#8220;A Prote\u00e7\u00e3o dos Menores na Igreja&#8221; (21-24 fevereiro). http:\/\/www.pbc2019.org\/it\/conferenza\/programma Na ora\u00e7\u00e3o inicial de hoje, guiada por Dom Pierbattista Pizzaballa, administrador apost\u00f3lico de Jerusal\u00e9m dos Latinos, ap\u00f3s o canto do hino &#8220;Veni, Creator [&hellip;]<\/p>\n","protected":false},"author":3,"featured_media":200484,"comment_status":"open","ping_status":"open","sticky":false,"template":"","format":"standard","meta":[],"categories":[1428],"tags":[1376],"acf":[],"yoast_head":"<!-- This site is optimized with the Yoast SEO plugin v19.2 - https:\/\/yoast.com\/wordpress\/plugins\/seo\/ -->\n<title>Segundo dia do Encontro sobre a Prote\u00e7\u00e3o dos Menores no Vaticano - Not\u00edcias - Franciscanos<\/title>\n<meta name=\"robots\" content=\"index, follow, max-snippet:-1, max-image-preview:large, max-video-preview:-1\" \/>\n<link rel=\"canonical\" href=\"https:\/\/franciscanos.org.br\/noticias\/segundo-dia-do-encontro-sobre-a-protecao-dos-menores-no-vaticano.html\" \/>\n<meta property=\"og:locale\" content=\"pt_BR\" \/>\n<meta property=\"og:type\" content=\"article\" \/>\n<meta property=\"og:title\" content=\"Segundo dia do Encontro sobre a Prote\u00e7\u00e3o dos Menores no Vaticano - Not\u00edcias - Franciscanos\" \/>\n<meta property=\"og:description\" content=\"Foi aberto nesta manh\u00e3 de sexta-feira na Sala Nova do S\u00ednodo, no Vaticano, na presen\u00e7a do Papa, o segundo dia do Encontro sobre &#8220;A Prote\u00e7\u00e3o dos Menores na Igreja&#8221; (21-24 fevereiro). http:\/\/www.pbc2019.org\/it\/conferenza\/programma Na ora\u00e7\u00e3o inicial de hoje, guiada por Dom Pierbattista Pizzaballa, administrador apost\u00f3lico de Jerusal\u00e9m dos Latinos, ap\u00f3s o canto do hino &#8220;Veni, Creator [&hellip;]\" \/>\n<meta property=\"og:url\" content=\"https:\/\/franciscanos.org.br\/noticias\/segundo-dia-do-encontro-sobre-a-protecao-dos-menores-no-vaticano.html\" \/>\n<meta property=\"og:site_name\" content=\"Not\u00edcias - Franciscanos\" \/>\n<meta property=\"article:published_time\" content=\"2019-02-22T11:36:09+00:00\" \/>\n<meta property=\"article:modified_time\" content=\"2020-08-06T19:40:09+00:00\" \/>\n<meta property=\"og:image\" content=\"https:\/\/franciscanos.org.br\/noticias\/wp-content\/uploads\/2019\/02\/papa_220219_d.jpg\" \/>\n\t<meta property=\"og:image:width\" content=\"273\" \/>\n\t<meta property=\"og:image:height\" content=\"181\" \/>\n\t<meta property=\"og:image:type\" content=\"image\/jpeg\" \/>\n<meta name=\"author\" content=\"moacir\" \/>\n<meta name=\"twitter:card\" content=\"summary_large_image\" \/>\n<meta name=\"twitter:label1\" content=\"Escrito por\" \/>\n\t<meta name=\"twitter:data1\" content=\"moacir\" \/>\n\t<meta name=\"twitter:label2\" content=\"Est. tempo de leitura\" \/>\n\t<meta name=\"twitter:data2\" content=\"8 minutos\" \/>\n<script type=\"application\/ld+json\" class=\"yoast-schema-graph\">{\"@context\":\"https:\/\/schema.org\",\"@graph\":[{\"@type\":\"WebSite\",\"@id\":\"https:\/\/franciscanos.org.br\/noticias\/#website\",\"url\":\"https:\/\/franciscanos.org.br\/noticias\/\",\"name\":\"Not\u00edcias - Franciscanos\",\"description\":\"Prov\u00edncia Franciscana da Imaculada Concei\u00e7\u00e3o do Brasil - Ordem dos Frades Menores - OFM\",\"potentialAction\":[{\"@type\":\"SearchAction\",\"target\":{\"@type\":\"EntryPoint\",\"urlTemplate\":\"https:\/\/franciscanos.org.br\/noticias\/?s={search_term_string}\"},\"query-input\":\"required name=search_term_string\"}],\"inLanguage\":\"pt-BR\"},{\"@type\":\"ImageObject\",\"inLanguage\":\"pt-BR\",\"@id\":\"https:\/\/franciscanos.org.br\/noticias\/segundo-dia-do-encontro-sobre-a-protecao-dos-menores-no-vaticano.html#primaryimage\",\"url\":\"https:\/\/franciscanos.org.br\/noticias\/wp-content\/uploads\/2019\/02\/papa_220219_d.jpg\",\"contentUrl\":\"https:\/\/franciscanos.org.br\/noticias\/wp-content\/uploads\/2019\/02\/papa_220219_d.jpg\",\"width\":273,\"height\":181},{\"@type\":\"WebPage\",\"@id\":\"https:\/\/franciscanos.org.br\/noticias\/segundo-dia-do-encontro-sobre-a-protecao-dos-menores-no-vaticano.html#webpage\",\"url\":\"https:\/\/franciscanos.org.br\/noticias\/segundo-dia-do-encontro-sobre-a-protecao-dos-menores-no-vaticano.html\",\"name\":\"Segundo dia do Encontro sobre a Prote\u00e7\u00e3o dos Menores no Vaticano - Not\u00edcias - Franciscanos\",\"isPartOf\":{\"@id\":\"https:\/\/franciscanos.org.br\/noticias\/#website\"},\"primaryImageOfPage\":{\"@id\":\"https:\/\/franciscanos.org.br\/noticias\/segundo-dia-do-encontro-sobre-a-protecao-dos-menores-no-vaticano.html#primaryimage\"},\"datePublished\":\"2019-02-22T11:36:09+00:00\",\"dateModified\":\"2020-08-06T19:40:09+00:00\",\"author\":{\"@id\":\"https:\/\/franciscanos.org.br\/noticias\/#\/schema\/person\/b5c8cba458c330ccff548b056e95a5d4\"},\"breadcrumb\":{\"@id\":\"https:\/\/franciscanos.org.br\/noticias\/segundo-dia-do-encontro-sobre-a-protecao-dos-menores-no-vaticano.html#breadcrumb\"},\"inLanguage\":\"pt-BR\",\"potentialAction\":[{\"@type\":\"ReadAction\",\"target\":[\"https:\/\/franciscanos.org.br\/noticias\/segundo-dia-do-encontro-sobre-a-protecao-dos-menores-no-vaticano.html\"]}]},{\"@type\":\"BreadcrumbList\",\"@id\":\"https:\/\/franciscanos.org.br\/noticias\/segundo-dia-do-encontro-sobre-a-protecao-dos-menores-no-vaticano.html#breadcrumb\",\"itemListElement\":[{\"@type\":\"ListItem\",\"position\":1,\"name\":\"Home\",\"item\":\"https:\/\/franciscanos.org.br\/noticias\"},{\"@type\":\"ListItem\",\"position\":2,\"name\":\"Segundo dia do Encontro sobre a Prote\u00e7\u00e3o dos Menores no Vaticano\"}]},{\"@type\":\"Person\",\"@id\":\"https:\/\/franciscanos.org.br\/noticias\/#\/schema\/person\/b5c8cba458c330ccff548b056e95a5d4\",\"name\":\"moacir\",\"image\":{\"@type\":\"ImageObject\",\"inLanguage\":\"pt-BR\",\"@id\":\"https:\/\/franciscanos.org.br\/noticias\/#\/schema\/person\/image\/\",\"url\":\"https:\/\/secure.gravatar.com\/avatar\/d08aa2ce4c8dd416d4479aa8536fcf64?s=96&d=mm&r=g\",\"contentUrl\":\"https:\/\/secure.gravatar.com\/avatar\/d08aa2ce4c8dd416d4479aa8536fcf64?s=96&d=mm&r=g\",\"caption\":\"moacir\"},\"url\":\"https:\/\/franciscanos.org.br\/noticias\/author\/moacir\"}]}<\/script>\n<!-- \/ Yoast SEO plugin. -->","yoast_head_json":{"title":"Segundo dia do Encontro sobre a Prote\u00e7\u00e3o dos Menores no Vaticano - Not\u00edcias - Franciscanos","robots":{"index":"index","follow":"follow","max-snippet":"max-snippet:-1","max-image-preview":"max-image-preview:large","max-video-preview":"max-video-preview:-1"},"canonical":"https:\/\/franciscanos.org.br\/noticias\/segundo-dia-do-encontro-sobre-a-protecao-dos-menores-no-vaticano.html","og_locale":"pt_BR","og_type":"article","og_title":"Segundo dia do Encontro sobre a Prote\u00e7\u00e3o dos Menores no Vaticano - Not\u00edcias - Franciscanos","og_description":"Foi aberto nesta manh\u00e3 de sexta-feira na Sala Nova do S\u00ednodo, no Vaticano, na presen\u00e7a do Papa, o segundo dia do Encontro sobre &#8220;A Prote\u00e7\u00e3o dos Menores na Igreja&#8221; (21-24 fevereiro). http:\/\/www.pbc2019.org\/it\/conferenza\/programma Na ora\u00e7\u00e3o inicial de hoje, guiada por Dom Pierbattista Pizzaballa, administrador apost\u00f3lico de Jerusal\u00e9m dos Latinos, ap\u00f3s o canto do hino &#8220;Veni, Creator [&hellip;]","og_url":"https:\/\/franciscanos.org.br\/noticias\/segundo-dia-do-encontro-sobre-a-protecao-dos-menores-no-vaticano.html","og_site_name":"Not\u00edcias - Franciscanos","article_published_time":"2019-02-22T11:36:09+00:00","article_modified_time":"2020-08-06T19:40:09+00:00","og_image":[{"width":273,"height":181,"url":"https:\/\/franciscanos.org.br\/noticias\/wp-content\/uploads\/2019\/02\/papa_220219_d.jpg","type":"image\/jpeg"}],"author":"moacir","twitter_card":"summary_large_image","twitter_misc":{"Escrito por":"moacir","Est. tempo de leitura":"8 minutos"},"schema":{"@context":"https:\/\/schema.org","@graph":[{"@type":"WebSite","@id":"https:\/\/franciscanos.org.br\/noticias\/#website","url":"https:\/\/franciscanos.org.br\/noticias\/","name":"Not\u00edcias - Franciscanos","description":"Prov\u00edncia Franciscana da Imaculada Concei\u00e7\u00e3o do Brasil - Ordem dos Frades Menores - OFM","potentialAction":[{"@type":"SearchAction","target":{"@type":"EntryPoint","urlTemplate":"https:\/\/franciscanos.org.br\/noticias\/?s={search_term_string}"},"query-input":"required name=search_term_string"}],"inLanguage":"pt-BR"},{"@type":"ImageObject","inLanguage":"pt-BR","@id":"https:\/\/franciscanos.org.br\/noticias\/segundo-dia-do-encontro-sobre-a-protecao-dos-menores-no-vaticano.html#primaryimage","url":"https:\/\/franciscanos.org.br\/noticias\/wp-content\/uploads\/2019\/02\/papa_220219_d.jpg","contentUrl":"https:\/\/franciscanos.org.br\/noticias\/wp-content\/uploads\/2019\/02\/papa_220219_d.jpg","width":273,"height":181},{"@type":"WebPage","@id":"https:\/\/franciscanos.org.br\/noticias\/segundo-dia-do-encontro-sobre-a-protecao-dos-menores-no-vaticano.html#webpage","url":"https:\/\/franciscanos.org.br\/noticias\/segundo-dia-do-encontro-sobre-a-protecao-dos-menores-no-vaticano.html","name":"Segundo dia do Encontro sobre a Prote\u00e7\u00e3o dos Menores no Vaticano - Not\u00edcias - Franciscanos","isPartOf":{"@id":"https:\/\/franciscanos.org.br\/noticias\/#website"},"primaryImageOfPage":{"@id":"https:\/\/franciscanos.org.br\/noticias\/segundo-dia-do-encontro-sobre-a-protecao-dos-menores-no-vaticano.html#primaryimage"},"datePublished":"2019-02-22T11:36:09+00:00","dateModified":"2020-08-06T19:40:09+00:00","author":{"@id":"https:\/\/franciscanos.org.br\/noticias\/#\/schema\/person\/b5c8cba458c330ccff548b056e95a5d4"},"breadcrumb":{"@id":"https:\/\/franciscanos.org.br\/noticias\/segundo-dia-do-encontro-sobre-a-protecao-dos-menores-no-vaticano.html#breadcrumb"},"inLanguage":"pt-BR","potentialAction":[{"@type":"ReadAction","target":["https:\/\/franciscanos.org.br\/noticias\/segundo-dia-do-encontro-sobre-a-protecao-dos-menores-no-vaticano.html"]}]},{"@type":"BreadcrumbList","@id":"https:\/\/franciscanos.org.br\/noticias\/segundo-dia-do-encontro-sobre-a-protecao-dos-menores-no-vaticano.html#breadcrumb","itemListElement":[{"@type":"ListItem","position":1,"name":"Home","item":"https:\/\/franciscanos.org.br\/noticias"},{"@type":"ListItem","position":2,"name":"Segundo dia do Encontro sobre a Prote\u00e7\u00e3o dos Menores no Vaticano"}]},{"@type":"Person","@id":"https:\/\/franciscanos.org.br\/noticias\/#\/schema\/person\/b5c8cba458c330ccff548b056e95a5d4","name":"moacir","image":{"@type":"ImageObject","inLanguage":"pt-BR","@id":"https:\/\/franciscanos.org.br\/noticias\/#\/schema\/person\/image\/","url":"https:\/\/secure.gravatar.com\/avatar\/d08aa2ce4c8dd416d4479aa8536fcf64?s=96&d=mm&r=g","contentUrl":"https:\/\/secure.gravatar.com\/avatar\/d08aa2ce4c8dd416d4479aa8536fcf64?s=96&d=mm&r=g","caption":"moacir"},"url":"https:\/\/franciscanos.org.br\/noticias\/author\/moacir"}]}},"_links":{"self":[{"href":"https:\/\/franciscanos.org.br\/noticias\/wp-json\/wp\/v2\/posts\/200482"}],"collection":[{"href":"https:\/\/franciscanos.org.br\/noticias\/wp-json\/wp\/v2\/posts"}],"about":[{"href":"https:\/\/franciscanos.org.br\/noticias\/wp-json\/wp\/v2\/types\/post"}],"author":[{"embeddable":true,"href":"https:\/\/franciscanos.org.br\/noticias\/wp-json\/wp\/v2\/users\/3"}],"replies":[{"embeddable":true,"href":"https:\/\/franciscanos.org.br\/noticias\/wp-json\/wp\/v2\/comments?post=200482"}],"version-history":[{"count":1,"href":"https:\/\/franciscanos.org.br\/noticias\/wp-json\/wp\/v2\/posts\/200482\/revisions"}],"predecessor-version":[{"id":227607,"href":"https:\/\/franciscanos.org.br\/noticias\/wp-json\/wp\/v2\/posts\/200482\/revisions\/227607"}],"wp:featuredmedia":[{"embeddable":true,"href":"https:\/\/franciscanos.org.br\/noticias\/wp-json\/wp\/v2\/media\/200484"}],"wp:attachment":[{"href":"https:\/\/franciscanos.org.br\/noticias\/wp-json\/wp\/v2\/media?parent=200482"}],"wp:term":[{"taxonomy":"category","embeddable":true,"href":"https:\/\/franciscanos.org.br\/noticias\/wp-json\/wp\/v2\/categories?post=200482"},{"taxonomy":"post_tag","embeddable":true,"href":"https:\/\/franciscanos.org.br\/noticias\/wp-json\/wp\/v2\/tags?post=200482"}],"curies":[{"name":"wp","href":"https:\/\/api.w.org\/{rel}","templated":true}]}}