{"id":200466,"date":"2019-02-21T14:05:45","date_gmt":"2019-02-21T17:05:45","guid":{"rendered":"https:\/\/franciscanos.org.br\/noticias\/?p=200466"},"modified":"2019-02-21T14:07:18","modified_gmt":"2019-02-21T17:07:18","slug":"seminario-frei-galvao-sedia-cerimonia-de-entrega-do-plano-regional-de-turismo","status":"publish","type":"post","link":"https:\/\/franciscanos.org.br\/noticias\/seminario-frei-galvao-sedia-cerimonia-de-entrega-do-plano-regional-de-turismo.html","title":{"rendered":"Semin\u00e1rio Frei Galv\u00e3o sedia cerim\u00f4nia de entrega do Plano Regional de Turismo"},"content":{"rendered":"<p><img loading=\"lazy\" class=\"alignnone size-full wp-image-200467\" src=\"https:\/\/franciscanos.org.br\/noticias\/wp-content\/uploads\/2019\/02\/seminario.jpg\" alt=\"\" width=\"890\" height=\"470\" srcset=\"https:\/\/franciscanos.org.br\/noticias\/wp-content\/uploads\/2019\/02\/seminario.jpg 890w, https:\/\/franciscanos.org.br\/noticias\/wp-content\/uploads\/2019\/02\/seminario-450x238.jpg 450w, https:\/\/franciscanos.org.br\/noticias\/wp-content\/uploads\/2019\/02\/seminario-768x406.jpg 768w, https:\/\/franciscanos.org.br\/noticias\/wp-content\/uploads\/2019\/02\/seminario-150x79.jpg 150w\" sizes=\"(max-width: 890px) 100vw, 890px\" \/><\/p>\n<p><strong>Nicolas Nathan<\/strong><\/p>\n<p><strong>Guaratinguet\u00e1 (SP)<\/strong> &#8211; O <strong>Semin\u00e1rio Franciscano Frei Galv\u00e3o<\/strong>, em Guaratinguet\u00e1\/SP, um dos s\u00edmbolos da religiosidade na regi\u00e3o, foi escolhido para sediar a cerim\u00f4nia oficial de entrega do Plano Regional de Turismo, da Regi\u00e3o Tur\u00edstica (RT) da F\u00e9, aos prefeitos dos nove munic\u00edpios que pertencem \u00e0 RT.<\/p>\n<p>Realizado na \u00faltima quarta-feira (20\/02), \u00e0s 9h30, no audit\u00f3rio do Semin\u00e1rio, o evento contou com a presen\u00e7a de prefeitos, secret\u00e1rios de turismo, representantes de conselhos, associa\u00e7\u00f5es e lideran\u00e7as da sociedade civil, entre eles: o prefeito de Guaratinguet\u00e1 \u2013 Marcus Soliva; o prefeito de Aparecida \u2013 Ernaldo C\u00e9sar; a prefeita de Piquete \u2013 Teca Gouv\u00eaa; o prefeito de Cunha \u2013 Rolien Guarda; a prefeita de Potim \u2013 \u00c9rica Soler; e outros.<\/p>\n<p>O prefeito de Guaratinguet\u00e1 iniciou a cerim\u00f4nia agradecendo a presen\u00e7a de todos e, em especial, aos frades do <strong>Semin\u00e1rio Franciscano Frei Galv\u00e3o<\/strong> pela disponibiliza\u00e7\u00e3o do espa\u00e7o. \u201cPensamos neste local porque estamos tratando do turismo da f\u00e9 e seus avan\u00e7os para a regi\u00e3o, por isso a escolha pelo semin\u00e1rio, um s\u00edmbolo da cidade onde temos a hist\u00f3ria de Frei Galv\u00e3o e toda essa religiosidade\u201d, afirmou Marcus Soliva.<\/p>\n<p><img loading=\"lazy\" class=\"alignnone size-full wp-image-200468\" src=\"https:\/\/franciscanos.org.br\/noticias\/wp-content\/uploads\/2019\/02\/seminario_1.jpg\" alt=\"\" width=\"890\" height=\"432\" srcset=\"https:\/\/franciscanos.org.br\/noticias\/wp-content\/uploads\/2019\/02\/seminario_1.jpg 890w, https:\/\/franciscanos.org.br\/noticias\/wp-content\/uploads\/2019\/02\/seminario_1-450x218.jpg 450w, https:\/\/franciscanos.org.br\/noticias\/wp-content\/uploads\/2019\/02\/seminario_1-768x373.jpg 768w, https:\/\/franciscanos.org.br\/noticias\/wp-content\/uploads\/2019\/02\/seminario_1-150x73.jpg 150w\" sizes=\"(max-width: 890px) 100vw, 890px\" \/><\/p>\n<p>A cerim\u00f4nia oficial foi dividida em duas etapas \u2013 apresenta\u00e7\u00e3o do Plano e entrega dos exemplares aos prefeitos. Segundo o representante do Senac, Anderson Henrique, um dos objetivos do plano \u00e9 promover a uni\u00e3o dos munic\u00edpios para o desenvolvimento do Turismo Regional. \u201cHoje demos mais um grande passo para o fortalecimento do turismo regional. Agora o trabalho continua, com a aplica\u00e7\u00e3o do plano de a\u00e7\u00e3o para os projetos da regi\u00e3o\u201d.<\/p>\n<p>O Plano Regional de Turismo da Regi\u00e3o da F\u00e9 foi elaborado por representantes de prefeituras e da iniciativa privada dos nove munic\u00edpios que fazem parte da RT da f\u00e9 (Aparecida, Cachoeira Paulista, Canas, Cunha, Guaratinguet\u00e1, Lorena, Piquete, Potim e Roseira).<\/p>\n<p>O documento re\u00fane os princ\u00edpios orientadores para o desenvolvimento da atividade tur\u00edstica na regi\u00e3o. Dados como avalia\u00e7\u00e3o e hierarquiza\u00e7\u00e3o dos atrativos tur\u00edsticos, servi\u00e7os de apoio ao turista, calend\u00e1rio regional de eventos, rotas tur\u00edsticas regionais e identifica\u00e7\u00e3o de potenciais circuitos ou rotas, dentre outras informa\u00e7\u00f5es. Saiba mais sobre o plano (link).<\/p>\n<p><img loading=\"lazy\" class=\"alignnone size-full wp-image-200469\" src=\"https:\/\/franciscanos.org.br\/noticias\/wp-content\/uploads\/2019\/02\/seminario_2.jpg\" alt=\"\" width=\"890\" height=\"446\" srcset=\"https:\/\/franciscanos.org.br\/noticias\/wp-content\/uploads\/2019\/02\/seminario_2.jpg 890w, https:\/\/franciscanos.org.br\/noticias\/wp-content\/uploads\/2019\/02\/seminario_2-450x226.jpg 450w, https:\/\/franciscanos.org.br\/noticias\/wp-content\/uploads\/2019\/02\/seminario_2-768x385.jpg 768w, https:\/\/franciscanos.org.br\/noticias\/wp-content\/uploads\/2019\/02\/seminario_2-150x75.jpg 150w\" sizes=\"(max-width: 890px) 100vw, 890px\" \/><\/p>\n<p>As expectativas futuras \u00e9 que esse documento sirva de ferramenta para o planejamento das a\u00e7\u00f5es, capta\u00e7\u00e3o de recursos em \u00f3rg\u00e3os p\u00fablicos federais e estaduais, e apresenta\u00e7\u00e3o para a iniciativa privada que busca informa\u00e7\u00f5es confi\u00e1veis para o investimento na regi\u00e3o da f\u00e9.<\/p>\n<p>Na hierarquiza\u00e7\u00e3o dos atrativos regionais consolidados, o Semin\u00e1rio Franciscano Frei Galv\u00e3o ocupa a 1\u00aa posi\u00e7\u00e3o dentre os atrativos do munic\u00edpio de Guaratinguet\u00e1. No ranking regional, em 1\u00ba est\u00e1 o Santu\u00e1rio Nacional de Aparecida, depois o Santu\u00e1rio Pai das Miseric\u00f3rdias e a Can\u00e7\u00e3o Nova, em Cachoeira Paulista, seguidos do Semin\u00e1rio Frei Galv\u00e3o, em Guaratinguet\u00e1.<\/p>\n<p><img loading=\"lazy\" class=\"alignnone size-full wp-image-200470\" src=\"https:\/\/franciscanos.org.br\/noticias\/wp-content\/uploads\/2019\/02\/guara.jpg\" alt=\"\" width=\"890\" height=\"668\" srcset=\"https:\/\/franciscanos.org.br\/noticias\/wp-content\/uploads\/2019\/02\/guara.jpg 890w, https:\/\/franciscanos.org.br\/noticias\/wp-content\/uploads\/2019\/02\/guara-450x338.jpg 450w, https:\/\/franciscanos.org.br\/noticias\/wp-content\/uploads\/2019\/02\/guara-768x576.jpg 768w, https:\/\/franciscanos.org.br\/noticias\/wp-content\/uploads\/2019\/02\/guara-150x113.jpg 150w\" sizes=\"(max-width: 890px) 100vw, 890px\" \/><\/p>\n<p><strong>Sobre o Semin\u00e1rio Franciscano Frei Galv\u00e3o<\/strong><\/p>\n<p>Considerado um dos s\u00edmbolos da religiosidade na regi\u00e3o, o Semin\u00e1rio Franciscano Frei Galv\u00e3o possui duas grandes miss\u00f5es \u2013 a forma\u00e7\u00e3o dos futuros franciscanos e o acolhimento aos devotos de Frei Galv\u00e3o, que v\u00eam de v\u00e1rios lugares do Brasil e do mundo para rezar e agradecer as gra\u00e7as alcan\u00e7adas por intercess\u00e3o de Santo Ant\u00f4nio de Sant\u2019Anna Galv\u00e3o.<\/p>\n<p>Ao chegarem no semin\u00e1rio, os visitantes s\u00e3o recebidos pelos frades, postulantes e colaboradores, em seguida podem receber as P\u00edlulas de Frei Galv\u00e3o, que s\u00e3o preparadas e distribu\u00eddas no pr\u00f3prio Convento, e conhecer os atrativos tur\u00edsticos, passando pela: Exposi\u00e7\u00e3o Internacional de Pres\u00e9pios; Exposi\u00e7\u00e3o Franciscana; Gruta de Nossa Senhora de Lourdes; Imagem de Nossa Senhora de F\u00e1tima com mais de 10 metros de altura; Via-Sacra Franciscana; Claustro com canto gregoriano e banners que relatam a hist\u00f3ria de vida, canoniza\u00e7\u00e3o e alguns milagres de Frei Galv\u00e3o; e o Bazar de Artigos Religiosos.<\/p>\n<p>A acolhida feita no Semin\u00e1rio \u00e9 costumeiramente vista como exemplar pelo fato de ser personalizada, al\u00e9m da boa qualifica\u00e7\u00e3o e identifica\u00e7\u00e3o da equipe do Semin\u00e1rio com o ideal franciscano. Aberto diariamente, das 8h \u00e0s 11h30 e das 14h \u00e0s 17h30, o Convento est\u00e1 localizado na Avenida Integra\u00e7\u00e3o, 151, bairro S\u00e3o Bento \u2013 Guaratinguet\u00e1\/SP. <strong>Visita\u00e7\u00e3o gratuita!<\/strong><\/p>\n","protected":false},"excerpt":{"rendered":"<p>Evento, no audit\u00f3rio do Semin\u00e1rio, contou com a presen\u00e7a de prefeitos, secret\u00e1rios de turismo, representantes de conselhos, associa\u00e7\u00f5es e lideran\u00e7as da sociedade civil,<\/p>\n","protected":false},"author":3,"featured_media":200471,"comment_status":"open","ping_status":"open","sticky":false,"template":"","format":"standard","meta":[],"categories":[1],"tags":[421],"acf":[],"yoast_head":"<!-- This site is optimized with the Yoast SEO plugin v19.2 - https:\/\/yoast.com\/wordpress\/plugins\/seo\/ -->\n<title>Semin\u00e1rio Frei Galv\u00e3o sedia cerim\u00f4nia de entrega do Plano Regional de Turismo - Not\u00edcias - Franciscanos<\/title>\n<meta name=\"robots\" content=\"index, follow, max-snippet:-1, max-image-preview:large, max-video-preview:-1\" \/>\n<link rel=\"canonical\" href=\"https:\/\/franciscanos.org.br\/noticias\/seminario-frei-galvao-sedia-cerimonia-de-entrega-do-plano-regional-de-turismo.html\" \/>\n<meta property=\"og:locale\" content=\"pt_BR\" \/>\n<meta property=\"og:type\" content=\"article\" \/>\n<meta property=\"og:title\" content=\"Semin\u00e1rio Frei Galv\u00e3o sedia cerim\u00f4nia de entrega do Plano Regional de Turismo - Not\u00edcias - Franciscanos\" \/>\n<meta property=\"og:description\" content=\"Evento, no audit\u00f3rio do Semin\u00e1rio, contou com a presen\u00e7a de prefeitos, secret\u00e1rios de turismo, representantes de conselhos, associa\u00e7\u00f5es e lideran\u00e7as da sociedade civil,\" \/>\n<meta property=\"og:url\" content=\"https:\/\/franciscanos.org.br\/noticias\/seminario-frei-galvao-sedia-cerimonia-de-entrega-do-plano-regional-de-turismo.html\" \/>\n<meta property=\"og:site_name\" content=\"Not\u00edcias - Franciscanos\" \/>\n<meta property=\"article:published_time\" content=\"2019-02-21T17:05:45+00:00\" \/>\n<meta property=\"article:modified_time\" content=\"2019-02-21T17:07:18+00:00\" \/>\n<meta property=\"og:image\" content=\"https:\/\/franciscanos.org.br\/noticias\/wp-content\/uploads\/2019\/02\/seminario_2d.jpg\" \/>\n\t<meta property=\"og:image:width\" content=\"273\" \/>\n\t<meta property=\"og:image:height\" content=\"181\" \/>\n\t<meta property=\"og:image:type\" content=\"image\/jpeg\" \/>\n<meta name=\"author\" content=\"moacir\" \/>\n<meta name=\"twitter:card\" content=\"summary_large_image\" \/>\n<meta name=\"twitter:label1\" content=\"Escrito por\" \/>\n\t<meta name=\"twitter:data1\" content=\"moacir\" \/>\n\t<meta name=\"twitter:label2\" content=\"Est. tempo de leitura\" \/>\n\t<meta name=\"twitter:data2\" content=\"4 minutos\" \/>\n<script type=\"application\/ld+json\" class=\"yoast-schema-graph\">{\"@context\":\"https:\/\/schema.org\",\"@graph\":[{\"@type\":\"WebSite\",\"@id\":\"https:\/\/franciscanos.org.br\/noticias\/#website\",\"url\":\"https:\/\/franciscanos.org.br\/noticias\/\",\"name\":\"Not\u00edcias - Franciscanos\",\"description\":\"Prov\u00edncia Franciscana da Imaculada Concei\u00e7\u00e3o do Brasil - Ordem dos Frades Menores - OFM\",\"potentialAction\":[{\"@type\":\"SearchAction\",\"target\":{\"@type\":\"EntryPoint\",\"urlTemplate\":\"https:\/\/franciscanos.org.br\/noticias\/?s={search_term_string}\"},\"query-input\":\"required name=search_term_string\"}],\"inLanguage\":\"pt-BR\"},{\"@type\":\"ImageObject\",\"inLanguage\":\"pt-BR\",\"@id\":\"https:\/\/franciscanos.org.br\/noticias\/seminario-frei-galvao-sedia-cerimonia-de-entrega-do-plano-regional-de-turismo.html#primaryimage\",\"url\":\"https:\/\/franciscanos.org.br\/noticias\/wp-content\/uploads\/2019\/02\/seminario_2d.jpg\",\"contentUrl\":\"https:\/\/franciscanos.org.br\/noticias\/wp-content\/uploads\/2019\/02\/seminario_2d.jpg\",\"width\":273,\"height\":181},{\"@type\":\"WebPage\",\"@id\":\"https:\/\/franciscanos.org.br\/noticias\/seminario-frei-galvao-sedia-cerimonia-de-entrega-do-plano-regional-de-turismo.html#webpage\",\"url\":\"https:\/\/franciscanos.org.br\/noticias\/seminario-frei-galvao-sedia-cerimonia-de-entrega-do-plano-regional-de-turismo.html\",\"name\":\"Semin\u00e1rio Frei Galv\u00e3o sedia cerim\u00f4nia de entrega do Plano Regional de Turismo - Not\u00edcias - Franciscanos\",\"isPartOf\":{\"@id\":\"https:\/\/franciscanos.org.br\/noticias\/#website\"},\"primaryImageOfPage\":{\"@id\":\"https:\/\/franciscanos.org.br\/noticias\/seminario-frei-galvao-sedia-cerimonia-de-entrega-do-plano-regional-de-turismo.html#primaryimage\"},\"datePublished\":\"2019-02-21T17:05:45+00:00\",\"dateModified\":\"2019-02-21T17:07:18+00:00\",\"author\":{\"@id\":\"https:\/\/franciscanos.org.br\/noticias\/#\/schema\/person\/b5c8cba458c330ccff548b056e95a5d4\"},\"breadcrumb\":{\"@id\":\"https:\/\/franciscanos.org.br\/noticias\/seminario-frei-galvao-sedia-cerimonia-de-entrega-do-plano-regional-de-turismo.html#breadcrumb\"},\"inLanguage\":\"pt-BR\",\"potentialAction\":[{\"@type\":\"ReadAction\",\"target\":[\"https:\/\/franciscanos.org.br\/noticias\/seminario-frei-galvao-sedia-cerimonia-de-entrega-do-plano-regional-de-turismo.html\"]}]},{\"@type\":\"BreadcrumbList\",\"@id\":\"https:\/\/franciscanos.org.br\/noticias\/seminario-frei-galvao-sedia-cerimonia-de-entrega-do-plano-regional-de-turismo.html#breadcrumb\",\"itemListElement\":[{\"@type\":\"ListItem\",\"position\":1,\"name\":\"Home\",\"item\":\"https:\/\/franciscanos.org.br\/noticias\"},{\"@type\":\"ListItem\",\"position\":2,\"name\":\"Semin\u00e1rio Frei Galv\u00e3o sedia cerim\u00f4nia de entrega do Plano Regional de Turismo\"}]},{\"@type\":\"Person\",\"@id\":\"https:\/\/franciscanos.org.br\/noticias\/#\/schema\/person\/b5c8cba458c330ccff548b056e95a5d4\",\"name\":\"moacir\",\"image\":{\"@type\":\"ImageObject\",\"inLanguage\":\"pt-BR\",\"@id\":\"https:\/\/franciscanos.org.br\/noticias\/#\/schema\/person\/image\/\",\"url\":\"https:\/\/secure.gravatar.com\/avatar\/d08aa2ce4c8dd416d4479aa8536fcf64?s=96&d=mm&r=g\",\"contentUrl\":\"https:\/\/secure.gravatar.com\/avatar\/d08aa2ce4c8dd416d4479aa8536fcf64?s=96&d=mm&r=g\",\"caption\":\"moacir\"},\"url\":\"https:\/\/franciscanos.org.br\/noticias\/author\/moacir\"}]}<\/script>\n<!-- \/ Yoast SEO plugin. -->","yoast_head_json":{"title":"Semin\u00e1rio Frei Galv\u00e3o sedia cerim\u00f4nia de entrega do Plano Regional de Turismo - Not\u00edcias - Franciscanos","robots":{"index":"index","follow":"follow","max-snippet":"max-snippet:-1","max-image-preview":"max-image-preview:large","max-video-preview":"max-video-preview:-1"},"canonical":"https:\/\/franciscanos.org.br\/noticias\/seminario-frei-galvao-sedia-cerimonia-de-entrega-do-plano-regional-de-turismo.html","og_locale":"pt_BR","og_type":"article","og_title":"Semin\u00e1rio Frei Galv\u00e3o sedia cerim\u00f4nia de entrega do Plano Regional de Turismo - Not\u00edcias - Franciscanos","og_description":"Evento, no audit\u00f3rio do Semin\u00e1rio, contou com a presen\u00e7a de prefeitos, secret\u00e1rios de turismo, representantes de conselhos, associa\u00e7\u00f5es e lideran\u00e7as da sociedade civil,","og_url":"https:\/\/franciscanos.org.br\/noticias\/seminario-frei-galvao-sedia-cerimonia-de-entrega-do-plano-regional-de-turismo.html","og_site_name":"Not\u00edcias - Franciscanos","article_published_time":"2019-02-21T17:05:45+00:00","article_modified_time":"2019-02-21T17:07:18+00:00","og_image":[{"width":273,"height":181,"url":"https:\/\/franciscanos.org.br\/noticias\/wp-content\/uploads\/2019\/02\/seminario_2d.jpg","type":"image\/jpeg"}],"author":"moacir","twitter_card":"summary_large_image","twitter_misc":{"Escrito por":"moacir","Est. tempo de leitura":"4 minutos"},"schema":{"@context":"https:\/\/schema.org","@graph":[{"@type":"WebSite","@id":"https:\/\/franciscanos.org.br\/noticias\/#website","url":"https:\/\/franciscanos.org.br\/noticias\/","name":"Not\u00edcias - Franciscanos","description":"Prov\u00edncia Franciscana da Imaculada Concei\u00e7\u00e3o do Brasil - Ordem dos Frades Menores - OFM","potentialAction":[{"@type":"SearchAction","target":{"@type":"EntryPoint","urlTemplate":"https:\/\/franciscanos.org.br\/noticias\/?s={search_term_string}"},"query-input":"required name=search_term_string"}],"inLanguage":"pt-BR"},{"@type":"ImageObject","inLanguage":"pt-BR","@id":"https:\/\/franciscanos.org.br\/noticias\/seminario-frei-galvao-sedia-cerimonia-de-entrega-do-plano-regional-de-turismo.html#primaryimage","url":"https:\/\/franciscanos.org.br\/noticias\/wp-content\/uploads\/2019\/02\/seminario_2d.jpg","contentUrl":"https:\/\/franciscanos.org.br\/noticias\/wp-content\/uploads\/2019\/02\/seminario_2d.jpg","width":273,"height":181},{"@type":"WebPage","@id":"https:\/\/franciscanos.org.br\/noticias\/seminario-frei-galvao-sedia-cerimonia-de-entrega-do-plano-regional-de-turismo.html#webpage","url":"https:\/\/franciscanos.org.br\/noticias\/seminario-frei-galvao-sedia-cerimonia-de-entrega-do-plano-regional-de-turismo.html","name":"Semin\u00e1rio Frei Galv\u00e3o sedia cerim\u00f4nia de entrega do Plano Regional de Turismo - Not\u00edcias - Franciscanos","isPartOf":{"@id":"https:\/\/franciscanos.org.br\/noticias\/#website"},"primaryImageOfPage":{"@id":"https:\/\/franciscanos.org.br\/noticias\/seminario-frei-galvao-sedia-cerimonia-de-entrega-do-plano-regional-de-turismo.html#primaryimage"},"datePublished":"2019-02-21T17:05:45+00:00","dateModified":"2019-02-21T17:07:18+00:00","author":{"@id":"https:\/\/franciscanos.org.br\/noticias\/#\/schema\/person\/b5c8cba458c330ccff548b056e95a5d4"},"breadcrumb":{"@id":"https:\/\/franciscanos.org.br\/noticias\/seminario-frei-galvao-sedia-cerimonia-de-entrega-do-plano-regional-de-turismo.html#breadcrumb"},"inLanguage":"pt-BR","potentialAction":[{"@type":"ReadAction","target":["https:\/\/franciscanos.org.br\/noticias\/seminario-frei-galvao-sedia-cerimonia-de-entrega-do-plano-regional-de-turismo.html"]}]},{"@type":"BreadcrumbList","@id":"https:\/\/franciscanos.org.br\/noticias\/seminario-frei-galvao-sedia-cerimonia-de-entrega-do-plano-regional-de-turismo.html#breadcrumb","itemListElement":[{"@type":"ListItem","position":1,"name":"Home","item":"https:\/\/franciscanos.org.br\/noticias"},{"@type":"ListItem","position":2,"name":"Semin\u00e1rio Frei Galv\u00e3o sedia cerim\u00f4nia de entrega do Plano Regional de Turismo"}]},{"@type":"Person","@id":"https:\/\/franciscanos.org.br\/noticias\/#\/schema\/person\/b5c8cba458c330ccff548b056e95a5d4","name":"moacir","image":{"@type":"ImageObject","inLanguage":"pt-BR","@id":"https:\/\/franciscanos.org.br\/noticias\/#\/schema\/person\/image\/","url":"https:\/\/secure.gravatar.com\/avatar\/d08aa2ce4c8dd416d4479aa8536fcf64?s=96&d=mm&r=g","contentUrl":"https:\/\/secure.gravatar.com\/avatar\/d08aa2ce4c8dd416d4479aa8536fcf64?s=96&d=mm&r=g","caption":"moacir"},"url":"https:\/\/franciscanos.org.br\/noticias\/author\/moacir"}]}},"_links":{"self":[{"href":"https:\/\/franciscanos.org.br\/noticias\/wp-json\/wp\/v2\/posts\/200466"}],"collection":[{"href":"https:\/\/franciscanos.org.br\/noticias\/wp-json\/wp\/v2\/posts"}],"about":[{"href":"https:\/\/franciscanos.org.br\/noticias\/wp-json\/wp\/v2\/types\/post"}],"author":[{"embeddable":true,"href":"https:\/\/franciscanos.org.br\/noticias\/wp-json\/wp\/v2\/users\/3"}],"replies":[{"embeddable":true,"href":"https:\/\/franciscanos.org.br\/noticias\/wp-json\/wp\/v2\/comments?post=200466"}],"version-history":[{"count":0,"href":"https:\/\/franciscanos.org.br\/noticias\/wp-json\/wp\/v2\/posts\/200466\/revisions"}],"wp:featuredmedia":[{"embeddable":true,"href":"https:\/\/franciscanos.org.br\/noticias\/wp-json\/wp\/v2\/media\/200471"}],"wp:attachment":[{"href":"https:\/\/franciscanos.org.br\/noticias\/wp-json\/wp\/v2\/media?parent=200466"}],"wp:term":[{"taxonomy":"category","embeddable":true,"href":"https:\/\/franciscanos.org.br\/noticias\/wp-json\/wp\/v2\/categories?post=200466"},{"taxonomy":"post_tag","embeddable":true,"href":"https:\/\/franciscanos.org.br\/noticias\/wp-json\/wp\/v2\/tags?post=200466"}],"curies":[{"name":"wp","href":"https:\/\/api.w.org\/{rel}","templated":true}]}}