{"id":200457,"date":"2019-02-21T08:26:49","date_gmt":"2019-02-21T11:26:49","guid":{"rendered":"https:\/\/franciscanos.org.br\/noticias\/?p=200457"},"modified":"2019-04-22T13:51:00","modified_gmt":"2019-04-22T16:51:00","slug":"politica-como-exercicio-da-busca-do-bem-comum","status":"publish","type":"post","link":"https:\/\/franciscanos.org.br\/noticias\/politica-como-exercicio-da-busca-do-bem-comum.html","title":{"rendered":"Pol\u00edtica como exerc\u00edcio da busca do bem comum"},"content":{"rendered":"<p><img loading=\"lazy\" class=\"alignnone wp-image-200460 size-full\" src=\"https:\/\/franciscanos.org.br\/noticias\/wp-content\/uploads\/2019\/02\/felixCF_210219G.jpg\" alt=\"\" width=\"980\" height=\"550\" srcset=\"https:\/\/franciscanos.org.br\/noticias\/wp-content\/uploads\/2019\/02\/felixCF_210219G.jpg 980w, https:\/\/franciscanos.org.br\/noticias\/wp-content\/uploads\/2019\/02\/felixCF_210219G-450x253.jpg 450w, https:\/\/franciscanos.org.br\/noticias\/wp-content\/uploads\/2019\/02\/felixCF_210219G-768x431.jpg 768w, https:\/\/franciscanos.org.br\/noticias\/wp-content\/uploads\/2019\/02\/felixCF_210219G-150x84.jpg 150w\" sizes=\"(max-width: 980px) 100vw, 980px\" \/><\/p>\n<p>Neste ano, a Campanha da Fraternidade, promovida pela Confer\u00eancia Nacional dos Bispos do Brasil (CNBB), tem como tema \u201cFraternidade e Pol\u00edticas P\u00fablicas\u201d e lema: \u201cSer\u00e1s libertado pelo direito e pela justi\u00e7a\u201d (Is 1, 27). O objetivo geral da CF nos orienta a buscarmos o bem comum, \u00e0 luz da Palavra de Deus e da Doutrina Social da Igreja.<\/p>\n<p>Para ajudar na compreens\u00e3o do tema, a Prov\u00edncia Franciscana da Imaculada Concei\u00e7\u00e3o, atrav\u00e9s da Frente de Evangeliza\u00e7\u00e3o da Comunica\u00e7\u00e3o, produziu uma <strong><a href=\"https:\/\/franciscanos.org.br\/noticias\/vem-ai-a-serie-especial-sobre-a-campanha-da-fraternidade.html\" target=\"_blank\" rel=\"noopener noreferrer\">s\u00e9rie de entrevistas<\/a> <\/strong>abordando diversos aspectos das Pol\u00edticas P\u00fablicas e suas \u00e1reas de atua\u00e7\u00e3o.<\/p>\n<p>Na terceira entrevista da s\u00e9rie, <strong>Felix Fernando Siriani<\/strong> fala sobre a pol\u00edtica com exerc\u00edcio da busca do bem comum. Ele \u00e9 formado em gest\u00e3o de Pol\u00edticas P\u00fablicas, especialista em Pedagogia Social, Pastoral Escolar e mestrando em Mudan\u00e7a Social e Pol\u00edticas P\u00fablicas.<\/p>\n<p>Acompanhe a entrevista concedida a <strong>Frei Gustavo Medella<\/strong>.<\/p>\n<p><strong>Site Franciscanos &#8211; De maneira geral, como pode ser definido o conceito de pol\u00edtica?<\/strong><\/p>\n<p><strong>Felix Fernando Siriani &#8211; <\/strong>A palavra pol\u00edtica vem do grego, &#8220;politik\u00f3s&#8221;, que se referia \u00e0 \u201cp\u00f3lis\u201d grega, local onde os gregos tomavam as decis\u00f5es na busca do bem comum. Era um espa\u00e7o que garantia a ordem e estabilizava a sociedade, para que as pessoas pudessem conviver pacificamente. As \u201cp\u00f3lis\u201d eram marcadas por um conjunto de intera\u00e7\u00f5es e conflitos de interesses. Hoje, consideramos a pol\u00edtica como um espa\u00e7o de poder e constru\u00e7\u00e3o de opini\u00f5es. \u00c9 ela quem vai direcionar a vontade daqueles que participam dela. Todos somos seres pol\u00edticos, pois toda vez que emitimos uma opini\u00e3o, estamos fazendo pol\u00edtica. Gosto muito da ideia de pol\u00edtica segundo Arist\u00f3teles. Ele afirma que pol\u00edtica \u00e9 a ci\u00eancia que tem como objetivo a felicidade humana. Acredito que a pol\u00edtica deve produzir essa felicidade. Mas para isso, precisamos participar, garantir os direitos e a dignidade das pessoas.<\/p>\n<p><strong>Site Franciscanos &#8211; Em sua opini\u00e3o, a que se deve a avers\u00e3o dos brasileiros \u00e0 pol\u00edtica?<\/strong><\/p>\n<p><strong>Felix Fernando Siriani &#8211; <\/strong>Acredito que pela realidade do pa\u00eds. As pessoas perderam a cren\u00e7a de que o sistema pol\u00edtico brasileiro e os pol\u00edticos eleitos v\u00e3o resolver os problemas das pessoas. S\u00e3o in\u00fameros casos de corrup\u00e7\u00e3o, descaso com sa\u00fade, educa\u00e7\u00e3o, meio ambiente, seguran\u00e7a p\u00fablica. Isso faz com que a popula\u00e7\u00e3o fique cada vez mais infeliz, mais descrente. A sociedade e as pessoas acabam ficando mais pobres, enquanto a classe pol\u00edtica vai ficando cada vez mais rica. Essa avers\u00e3o, ao inv\u00e9s de contribuir, prejudica. Quanto mais nos afastamos da pol\u00edtica, mais pessoas v\u00e3o assumir nossos lugares. O brasileiro sofre demais, nossa vida \u00e9 muito corrida. Por isso, queremos resultados imediatos, e na pol\u00edtica n\u00e3o \u00e9 assim. Nos \u00faltimos anos, apesar dos grandes avan\u00e7os que tivemos, no dia a dia n\u00e3o percebemos os resultados. A partir da\u00ed, cria-se esse discurso de avers\u00e3o \u00e0 pol\u00edtica. Acredito que a Campanha da Fraternidade pode romper com este preconceito de que a pol\u00edtica \u00e9 coisa suja e contribuir para que os leigos e leigas compreendam o seu papel na transforma\u00e7\u00e3o social.<\/p>\n<p><strong>Site Franciscanos &#8211; Quais s\u00e3o as consequ\u00eancias da omiss\u00e3o dos cidad\u00e3os, e tamb\u00e9m dos crist\u00e3os, em rela\u00e7\u00e3o \u00e0 pol\u00edtica?<\/strong><\/p>\n<p><strong>Felix Fernando Siriani &#8211; <\/strong>As consequ\u00eancias s\u00e3o graves. N\u00e3o d\u00e1 para falar que a omiss\u00e3o de um crist\u00e3o em rela\u00e7\u00e3o \u00e0 pol\u00edtica \u00e9 algo simples ou pass\u00edvel. O crist\u00e3o que n\u00e3o participa da pol\u00edtica gera consequ\u00eancias graves. Cada um tem os seus interesses, valores e opini\u00f5es formadas. Na pol\u00edtica n\u00e3o \u00e9 diferente. Temos opini\u00f5es divergentes, mas se n\u00e3o conseguirmos participar, ser presen\u00e7a nestes espa\u00e7os de debate pol\u00edtico, n\u00e3o teremos voz. Sem voz, o crist\u00e3o n\u00e3o consegue manifestar a sua opini\u00e3o e n\u00e3o consegue defender aquilo que acredita, nem mesmo auxiliar na tomada de decis\u00e3o para formula\u00e7\u00e3o de uma pol\u00edtica p\u00fablica. Que autoridade o crist\u00e3o ter\u00e1 para defender sua vis\u00e3o de mundo se ele n\u00e3o participar? S\u00e3o diversos temas importantes, como fam\u00edlia, juventude, sa\u00fade, aborto. Como o crist\u00e3o vai defender os valores do Evangelho se n\u00e3o se envolve com a pol\u00edtica? N\u00e3o estou falando que o Estado precisa acatar todos os interesses da Igreja, mas n\u00f3s precisamos participar destes debates. Como o Papa Francisco ensina: &#8220;N\u00e3o nos fa\u00e7amos de distra\u00eddos&#8221;. Quem n\u00e3o participa da pol\u00edtica n\u00e3o consegue ver o problema do amigo do lado, do irm\u00e3o ca\u00eddo. Devemos agir no mundo, ajudar o pr\u00f3ximo \u00e9 a voca\u00e7\u00e3o do crist\u00e3o. Por isso, deve ser o objetivo da nossa pol\u00edtica.<\/p>\n<p><strong>Site Franciscanos &#8211; Al\u00e9m do voto, quais s\u00e3o as outras formas de envolvimento pol\u00edtico dispon\u00edveis para a popula\u00e7\u00e3o?<\/strong><\/p>\n<p><strong>Felix Fernando Siriani &#8211; <\/strong>O voto \u00e9 um importante aliado, mas a Constitui\u00e7\u00e3o Federal garante outros instrumentos de participa\u00e7\u00e3o. Depois do voto, uma das formas mais comuns s\u00e3o os conselhos de direito, os conselhos gestores, que t\u00eam como objetivo garantir a efic\u00e1cia na gest\u00e3o da pol\u00edtica p\u00fablica. Ele educa para a cidadania, monitora projetos e programas. Temos os Conselhos da crian\u00e7a e do adolescente, mulher, idosos, sa\u00fade, cultura. Outra forma de participa\u00e7\u00e3o s\u00e3o as Audi\u00eancias P\u00fablicas, que s\u00e3o importantes para debater e propor solu\u00e7\u00f5es para problemas espec\u00edficos. S\u00e3o espa\u00e7os de di\u00e1logo que podem acontecer em diferentes temas: sa\u00fade, transporte p\u00fablico, IPTU, tr\u00e2nsito. Depois, de uma maneira diferente de discuss\u00e3o, temos os f\u00f3runs e as reuni\u00f5es, que podem acontecer em diversos locais. Eles t\u00eam como proposta a\u00e7\u00f5es consultivas. Alguns munic\u00edpios e estados t\u00eam os f\u00f3runs de turismo, cultura, hip-hop. Assim como as reuni\u00f5es, em que s\u00e3o convocados agentes pol\u00edticos para participar e a popula\u00e7\u00e3o pode falar sobre determinados problemas. Depois temos as Confer\u00eancias, que s\u00e3o espa\u00e7os importantes para debater e tomar decis\u00f5es. Tivemos, nos \u00faltimos anos, a Confer\u00eancia de juventude, direitos humanos, cidades. Temos os Movimentos Sociais e organiza\u00e7\u00f5es da sociedade civil, que s\u00e3o especialistas em determinados temas; as ouvidorias; o Or\u00e7amento Participativo, onde a popula\u00e7\u00e3o contribui com o Poder P\u00fablico na tomada de decis\u00e3o para onde ser\u00e1 investido o dinheiro p\u00fablico. Temos tamb\u00e9m os plebiscitos e referendos, que s\u00e3o duas formas de participa\u00e7\u00e3o e, por fim, e n\u00e3o menos importante, a forma mais direta de contribuir na elabora\u00e7\u00e3o das Pol\u00edticas P\u00fablicas: o agente pol\u00edtico, atrav\u00e9s dos cargos eletivos, como vereador, prefeito, governador, deputado, senador, presidente. S\u00e3o formas que temos de participa\u00e7\u00e3o e de contribui\u00e7\u00e3o para o bem comum.<\/p>\n<hr \/>\n<p><strong>Ou\u00e7a no Soundcloud:<\/strong><\/p>\n<p><iframe loading=\"lazy\" src=\"https:\/\/w.soundcloud.com\/player\/?url=https%3A\/\/api.soundcloud.com\/tracks\/586312539&amp;color=%23d8d6c5&amp;auto_play=false&amp;hide_related=false&amp;show_comments=true&amp;show_user=true&amp;show_reposts=false&amp;show_teaser=true&amp;visual=true\" width=\"100%\" height=\"300\" frameborder=\"no\" scrolling=\"no\"><\/iframe><\/p>\n<p><iframe loading=\"lazy\" src=\"https:\/\/w.soundcloud.com\/player\/?url=https%3A\/\/api.soundcloud.com\/tracks\/586312740&amp;color=%23d8d6c5&amp;auto_play=false&amp;hide_related=false&amp;show_comments=true&amp;show_user=true&amp;show_reposts=false&amp;show_teaser=true&amp;visual=true\" width=\"100%\" height=\"300\" frameborder=\"no\" scrolling=\"no\"><\/iframe><\/p>\n<p><strong>Confira todas as entrevistas: <\/strong><\/p>\n<p><strong>Tema e Lema da CF | Entrevistado:\u00a0 \u00a0 \u00a0<\/strong><strong><a href=\"https:\/\/franciscanos.org.br\/noticias\/d-leonardo-sejamos-ativos-na-construcao-de-politicas-publicas.html\">Dom Leonardo Ulrich Steiner<\/a><\/strong><\/p>\n<p style=\"padding-left: 30px;\">Bispo Auxiliar de Bras\u00edlia e secret\u00e1rio-geral da CNBB.<\/p>\n<p><strong>Conceito de Pol\u00edticas P\u00fablicas | Entrevistado: <a href=\"https:\/\/franciscanos.org.br\/noticias\/o-que-sao-e-como-funcionam-as-politicas-publicas.html\" target=\"_blank\" rel=\"noopener noreferrer\">Robert Soares do Nascimento<\/a><\/strong><\/p>\n<p style=\"padding-left: 30px;\">Agente de Pastoral, comp\u00f5e o N\u00facleo em Educa\u00e7\u00e3o e Direitos Humanos da UNISAL (Centro Universit\u00e1rio Salesiano de S\u00e3o Paulo) e participa do Grupo de Trabalho de Justi\u00e7a Restaurativa da Comarca de Americana (SP).<\/p>\n<p><strong>Pol\u00edtica como exerc\u00edcio do bem comum | Entrevistado: <a href=\"https:\/\/franciscanos.org.br\/noticias\/politica-como-exercicio-da-busca-do-bem-comum.html\" target=\"_blank\" rel=\"noopener noreferrer\">Felix Fernando Siriani<\/a><\/strong><\/p>\n<p style=\"padding-left: 30px;\">Formado em Gest\u00e3o de Pol\u00edticas P\u00fablicas, especialista em Pedagogia Social, Pastoral Escolar e mestrando em Mudan\u00e7a Social e Pol\u00edticas P\u00fablicas.<\/p>\n<p><strong>Doutrina Social da Igreja | Entrevistado: <a href=\"https:\/\/franciscanos.org.br\/noticias\/uma-boa-igreja-tem-que-ter-um-grande-amor-aos-pobres-afirma-fernando-altemeyer.html\" target=\"_blank\" rel=\"noopener noreferrer\">Prof. Dr. Fernando Altemeyer Junior<\/a><\/strong><\/p>\n<p style=\"padding-left: 30px;\">Chefe do Departamento de Ci\u00eancia da Religi\u00e3o da PUC-SP.<\/p>\n<p><strong>As a\u00e7\u00f5es e ensinamentos de Jesus como inspira\u00e7\u00e3o para pol\u00edticas em favor da cidadania |Entrevistado:\u00a0<a href=\"https:\/\/franciscanos.org.br\/noticias\/o-eixo-das-politicas-publicas-justica-paz-e-alegria.html\" target=\"_blank\" rel=\"noopener noreferrer\">Francisco Orofino<\/a><\/strong><\/p>\n<p style=\"padding-left: 30px;\">Leigo, professor de Teologia B\u00edblica em Nova Igua\u00e7u (RJ) e assessor do CEBI (Centro de Estudos B\u00edblicos) e do ISER Assessoria (Instituto de Estudos da Religi\u00e3o).<\/p>\n<p><strong>Os franciscanos e o engajamento pol\u00edtico | Entrevistado: <a href=\"https:\/\/franciscanos.org.br\/noticias\/frei-vitorio-pede-mais-indignacao-profetica.html\" target=\"_blank\" rel=\"noopener noreferrer\">Frei Vitorio Mazzuco<\/a><\/strong><\/p>\n<p style=\"padding-left: 30px;\">Mestre em espiritualidade e coordenador da Pastoral Universit\u00e1ria da USF.<\/p>\n<p><strong>A import\u00e2ncia dos Movimentos Sociais na busca do bem comum | Entrevistado: <a href=\"https:\/\/franciscanos.org.br\/noticias\/dom-guilherme-e-preciso-reanimar-os-movimentos-sociais.html\" target=\"_blank\" rel=\"noopener noreferrer\">Dom Guilherme Werlang<\/a><\/strong><\/p>\n<p style=\"padding-left: 30px;\">Bispo da Diocese de Lages (SC) e presidente da Comiss\u00e3o Episcopal Pastoral para a A\u00e7\u00e3o Social Transformadora da CNBB.<\/p>\n<p><strong>Pol\u00edticas P\u00fablicas na \u00e1rea da sa\u00fade | Entrevistado: <a href=\"https:\/\/franciscanos.org.br\/noticias\/politicas-publicas-em-favor-da-saude.html\" target=\"_blank\" rel=\"noopener noreferrer\">Fernando Pigatto <\/a><\/strong><\/p>\n<p style=\"padding-left: 30px;\">Presidente do Conselho Nacional de Sa\u00fade (CNS) e Representante da Confedera\u00e7\u00e3o Nacional das Associa\u00e7\u00f5es de Moradores (CONAM).<\/p>\n<p><strong>Pol\u00edticas P\u00fablicas na seguran\u00e7a | Entrevistado: <a href=\"https:\/\/franciscanos.org.br\/noticias\/a-seguranca-publica-precisa-da-integracao-das-instituicoes-e-da-comunidade.html\" target=\"_blank\" rel=\"noopener noreferrer\">Ricardo Bedendo<\/a><\/strong><\/p>\n<p style=\"padding-left: 30px;\">Jornalista e Mestre em Ci\u00eancias Sociais, integra o n\u00facleo de Estudos de Viol\u00eancia e Direitos Humanos da P\u00f3s-Gradua\u00e7\u00e3o em Ci\u00eancias Sociais da Universidade Federal de Juiz de Fora (UFJF).<\/p>\n<p><strong>Pol\u00edticas P\u00fablicas e Assist\u00eancia Social | Entrevistada: <a href=\"https:\/\/franciscanos.org.br\/noticias\/olhar-a-assistencia-social-como-um-direito-nao-um-favor.html\" target=\"_blank\" rel=\"noopener noreferrer\">Rosangela Pezoti<\/a><\/strong><\/p>\n<p style=\"padding-left: 30px;\">Doutora em Servi\u00e7o Social, respons\u00e1vel pelas \u00e1reas t\u00e9cnica e de articula\u00e7\u00e3o pol\u00edtica do Sefras &#8211; Servi\u00e7o Franciscano de Solidariedade.<\/p>\n<p><strong>Pol\u00edticas P\u00fablicas em favor dos negros | Entrevistado: <a href=\"https:\/\/franciscanos.org.br\/noticias\/cf-as-politicas-publicas-em-favor-dos-negros-sao-uma-conquista-de-todos.html\" target=\"_blank\" rel=\"noopener noreferrer\">Frei David Raimundo Santos<\/a><\/strong><\/p>\n<p style=\"padding-left: 30px;\">Presidente da Educafro (Educa\u00e7\u00e3o e Cidadania de Afrodescendentes e Carentes).<\/p>\n<p><strong>Import\u00e2ncia da participa\u00e7\u00e3o nos espa\u00e7os de controle social | Entrevistada: <a href=\"https:\/\/franciscanos.org.br\/noticias\/valdenia-o-controle-social-e-responsabilidade-de-toda-sociedade.html\" target=\"_blank\" rel=\"noopener noreferrer\">Vald\u00eania Paulino<\/a><\/strong><\/p>\n<p style=\"padding-left: 30px;\">Advogada, integra o Centro de Direitos Humanos de Sapopemba (SP)<\/p>\n<p><strong>Pol\u00edticas P\u00fablicas em favor dos \u00edndios e dos povos origin\u00e1rios | Entrevistado: <a href=\"https:\/\/franciscanos.org.br\/noticias\/e-preciso-lutar-para-que-nao-haja-retrocesso-nas-politicas-publicas-em-prol-dos-indigenas.html\" target=\"_blank\" rel=\"noopener noreferrer\">Egon Heck<\/a><\/strong><\/p>\n<p style=\"padding-left: 30px;\">Assessor do secretariado do Conselho Indigenista Mission\u00e1rio \u2013 Cimi.<\/p>\n<p>Pol\u00edticas P\u00fablicas e Juventude | Entrevistada: <a href=\"https:\/\/franciscanos.org.br\/noticias\/por-mais-politicas-que-promovam-igualdade-de-oportunidades-entre-as-juventudes.html\" target=\"_blank\" rel=\"noopener noreferrer\"><strong>Anna Luiza Salles Souto<\/strong><\/a><\/p>\n<p style=\"padding-left: 30px;\">Coordenadora da \u00e1rea de Democracia e Participa\u00e7\u00e3o do Instituto P\u00f3lis.<\/p>\n<p><strong>Pol\u00edticas P\u00fablicas e na \u00e1rea da educa\u00e7\u00e3o | Entrevistado: <a href=\"https:\/\/franciscanos.org.br\/noticias\/a-educacao-como-um-instrumento-transformador-da-sociedade.html\" target=\"_blank\" rel=\"noopener noreferrer\">Professor Dilnei Lorenzi<\/a><\/strong><\/p>\n<p style=\"padding-left: 30px;\">Pr\u00f3-Reitor de Ensino, Pesquisa e Extens\u00e3o da Universidade S\u00e3o Francisco (USF).<\/p>\n<p><strong>Sa\u00fade e o bem comum | Entrevistado: <a href=\"https:\/\/franciscanos.org.br\/noticias\/o-papel-da-pastoral-da-saude-nas-politicas-publicas.html\" target=\"_blank\" rel=\"noopener noreferrer\">Pe. Christian de Paul de Barchifontaine<\/a><\/strong><\/p>\n<p style=\"padding-left: 30px;\">Assessor Internacional dos Camilianos na \u00c1rea da Sa\u00fade, Rela\u00e7\u00f5es P\u00fablicas das Organiza\u00e7\u00f5es Camilianas.<\/p>\n<p><strong>O exemplo concreto no Rio de Janeiro | Entrevistado: <a href=\"https:\/\/franciscanos.org.br\/noticias\/o-exemplo-concreto-do-forum-grita-baixada-no-exercicio-das-politicas-publicas.html\" target=\"_blank\" rel=\"noopener noreferrer\">Adriano de Ara\u00fajo<\/a><\/strong><\/p>\n<p style=\"padding-left: 30px;\">Soci\u00f3logo, coordenador do F\u00f3rum Grita Baixada.<\/p>\n","protected":false},"excerpt":{"rendered":"<p>Especial Campanha da Fraternidade<\/p>\n","protected":false},"author":1,"featured_media":200461,"comment_status":"open","ping_status":"open","sticky":false,"template":"","format":"standard","meta":[],"categories":[758],"tags":[818],"acf":[],"yoast_head":"<!-- This site is optimized with the Yoast SEO plugin v19.2 - https:\/\/yoast.com\/wordpress\/plugins\/seo\/ -->\n<title>Pol\u00edtica como exerc\u00edcio da busca do bem comum - Not\u00edcias - Franciscanos<\/title>\n<meta name=\"robots\" content=\"index, follow, max-snippet:-1, max-image-preview:large, max-video-preview:-1\" \/>\n<link rel=\"canonical\" href=\"https:\/\/franciscanos.org.br\/noticias\/politica-como-exercicio-da-busca-do-bem-comum.html\" \/>\n<meta property=\"og:locale\" content=\"pt_BR\" \/>\n<meta property=\"og:type\" content=\"article\" \/>\n<meta property=\"og:title\" content=\"Pol\u00edtica como exerc\u00edcio da busca do bem comum - Not\u00edcias - Franciscanos\" \/>\n<meta property=\"og:description\" content=\"Especial Campanha da Fraternidade\" \/>\n<meta property=\"og:url\" content=\"https:\/\/franciscanos.org.br\/noticias\/politica-como-exercicio-da-busca-do-bem-comum.html\" \/>\n<meta property=\"og:site_name\" content=\"Not\u00edcias - Franciscanos\" \/>\n<meta property=\"article:published_time\" content=\"2019-02-21T11:26:49+00:00\" \/>\n<meta property=\"article:modified_time\" content=\"2019-04-22T16:51:00+00:00\" \/>\n<meta property=\"og:image\" content=\"https:\/\/franciscanos.org.br\/noticias\/wp-content\/uploads\/2019\/02\/felixCF_210219P.jpg\" \/>\n\t<meta property=\"og:image:width\" content=\"273\" \/>\n\t<meta property=\"og:image:height\" content=\"181\" \/>\n\t<meta property=\"og:image:type\" content=\"image\/jpeg\" \/>\n<meta name=\"author\" content=\"admin\" \/>\n<meta name=\"twitter:card\" content=\"summary_large_image\" \/>\n<meta name=\"twitter:label1\" content=\"Escrito por\" \/>\n\t<meta name=\"twitter:data1\" content=\"admin\" \/>\n\t<meta name=\"twitter:label2\" content=\"Est. tempo de leitura\" \/>\n\t<meta name=\"twitter:data2\" content=\"9 minutos\" \/>\n<script type=\"application\/ld+json\" class=\"yoast-schema-graph\">{\"@context\":\"https:\/\/schema.org\",\"@graph\":[{\"@type\":\"WebSite\",\"@id\":\"https:\/\/franciscanos.org.br\/noticias\/#website\",\"url\":\"https:\/\/franciscanos.org.br\/noticias\/\",\"name\":\"Not\u00edcias - Franciscanos\",\"description\":\"Prov\u00edncia Franciscana da Imaculada Concei\u00e7\u00e3o do Brasil - Ordem dos Frades Menores - OFM\",\"potentialAction\":[{\"@type\":\"SearchAction\",\"target\":{\"@type\":\"EntryPoint\",\"urlTemplate\":\"https:\/\/franciscanos.org.br\/noticias\/?s={search_term_string}\"},\"query-input\":\"required name=search_term_string\"}],\"inLanguage\":\"pt-BR\"},{\"@type\":\"ImageObject\",\"inLanguage\":\"pt-BR\",\"@id\":\"https:\/\/franciscanos.org.br\/noticias\/politica-como-exercicio-da-busca-do-bem-comum.html#primaryimage\",\"url\":\"https:\/\/franciscanos.org.br\/noticias\/wp-content\/uploads\/2019\/02\/felixCF_210219P.jpg\",\"contentUrl\":\"https:\/\/franciscanos.org.br\/noticias\/wp-content\/uploads\/2019\/02\/felixCF_210219P.jpg\",\"width\":273,\"height\":181},{\"@type\":\"WebPage\",\"@id\":\"https:\/\/franciscanos.org.br\/noticias\/politica-como-exercicio-da-busca-do-bem-comum.html#webpage\",\"url\":\"https:\/\/franciscanos.org.br\/noticias\/politica-como-exercicio-da-busca-do-bem-comum.html\",\"name\":\"Pol\u00edtica como exerc\u00edcio da busca do bem comum - Not\u00edcias - Franciscanos\",\"isPartOf\":{\"@id\":\"https:\/\/franciscanos.org.br\/noticias\/#website\"},\"primaryImageOfPage\":{\"@id\":\"https:\/\/franciscanos.org.br\/noticias\/politica-como-exercicio-da-busca-do-bem-comum.html#primaryimage\"},\"datePublished\":\"2019-02-21T11:26:49+00:00\",\"dateModified\":\"2019-04-22T16:51:00+00:00\",\"author\":{\"@id\":\"https:\/\/franciscanos.org.br\/noticias\/#\/schema\/person\/b38fbf43118f02820bd932f2e4b14ad3\"},\"breadcrumb\":{\"@id\":\"https:\/\/franciscanos.org.br\/noticias\/politica-como-exercicio-da-busca-do-bem-comum.html#breadcrumb\"},\"inLanguage\":\"pt-BR\",\"potentialAction\":[{\"@type\":\"ReadAction\",\"target\":[\"https:\/\/franciscanos.org.br\/noticias\/politica-como-exercicio-da-busca-do-bem-comum.html\"]}]},{\"@type\":\"BreadcrumbList\",\"@id\":\"https:\/\/franciscanos.org.br\/noticias\/politica-como-exercicio-da-busca-do-bem-comum.html#breadcrumb\",\"itemListElement\":[{\"@type\":\"ListItem\",\"position\":1,\"name\":\"Home\",\"item\":\"https:\/\/franciscanos.org.br\/noticias\"},{\"@type\":\"ListItem\",\"position\":2,\"name\":\"Pol\u00edtica como exerc\u00edcio da busca do bem comum\"}]},{\"@type\":\"Person\",\"@id\":\"https:\/\/franciscanos.org.br\/noticias\/#\/schema\/person\/b38fbf43118f02820bd932f2e4b14ad3\",\"name\":\"admin\",\"image\":{\"@type\":\"ImageObject\",\"inLanguage\":\"pt-BR\",\"@id\":\"https:\/\/franciscanos.org.br\/noticias\/#\/schema\/person\/image\/\",\"url\":\"https:\/\/secure.gravatar.com\/avatar\/e8495742d34d0ba6448ea1c628263b3e?s=96&d=mm&r=g\",\"contentUrl\":\"https:\/\/secure.gravatar.com\/avatar\/e8495742d34d0ba6448ea1c628263b3e?s=96&d=mm&r=g\",\"caption\":\"admin\"},\"url\":\"https:\/\/franciscanos.org.br\/noticias\/author\/admin\"}]}<\/script>\n<!-- \/ Yoast SEO plugin. -->","yoast_head_json":{"title":"Pol\u00edtica como exerc\u00edcio da busca do bem comum - Not\u00edcias - Franciscanos","robots":{"index":"index","follow":"follow","max-snippet":"max-snippet:-1","max-image-preview":"max-image-preview:large","max-video-preview":"max-video-preview:-1"},"canonical":"https:\/\/franciscanos.org.br\/noticias\/politica-como-exercicio-da-busca-do-bem-comum.html","og_locale":"pt_BR","og_type":"article","og_title":"Pol\u00edtica como exerc\u00edcio da busca do bem comum - Not\u00edcias - Franciscanos","og_description":"Especial Campanha da Fraternidade","og_url":"https:\/\/franciscanos.org.br\/noticias\/politica-como-exercicio-da-busca-do-bem-comum.html","og_site_name":"Not\u00edcias - Franciscanos","article_published_time":"2019-02-21T11:26:49+00:00","article_modified_time":"2019-04-22T16:51:00+00:00","og_image":[{"width":273,"height":181,"url":"https:\/\/franciscanos.org.br\/noticias\/wp-content\/uploads\/2019\/02\/felixCF_210219P.jpg","type":"image\/jpeg"}],"author":"admin","twitter_card":"summary_large_image","twitter_misc":{"Escrito por":"admin","Est. tempo de leitura":"9 minutos"},"schema":{"@context":"https:\/\/schema.org","@graph":[{"@type":"WebSite","@id":"https:\/\/franciscanos.org.br\/noticias\/#website","url":"https:\/\/franciscanos.org.br\/noticias\/","name":"Not\u00edcias - Franciscanos","description":"Prov\u00edncia Franciscana da Imaculada Concei\u00e7\u00e3o do Brasil - Ordem dos Frades Menores - OFM","potentialAction":[{"@type":"SearchAction","target":{"@type":"EntryPoint","urlTemplate":"https:\/\/franciscanos.org.br\/noticias\/?s={search_term_string}"},"query-input":"required name=search_term_string"}],"inLanguage":"pt-BR"},{"@type":"ImageObject","inLanguage":"pt-BR","@id":"https:\/\/franciscanos.org.br\/noticias\/politica-como-exercicio-da-busca-do-bem-comum.html#primaryimage","url":"https:\/\/franciscanos.org.br\/noticias\/wp-content\/uploads\/2019\/02\/felixCF_210219P.jpg","contentUrl":"https:\/\/franciscanos.org.br\/noticias\/wp-content\/uploads\/2019\/02\/felixCF_210219P.jpg","width":273,"height":181},{"@type":"WebPage","@id":"https:\/\/franciscanos.org.br\/noticias\/politica-como-exercicio-da-busca-do-bem-comum.html#webpage","url":"https:\/\/franciscanos.org.br\/noticias\/politica-como-exercicio-da-busca-do-bem-comum.html","name":"Pol\u00edtica como exerc\u00edcio da busca do bem comum - Not\u00edcias - Franciscanos","isPartOf":{"@id":"https:\/\/franciscanos.org.br\/noticias\/#website"},"primaryImageOfPage":{"@id":"https:\/\/franciscanos.org.br\/noticias\/politica-como-exercicio-da-busca-do-bem-comum.html#primaryimage"},"datePublished":"2019-02-21T11:26:49+00:00","dateModified":"2019-04-22T16:51:00+00:00","author":{"@id":"https:\/\/franciscanos.org.br\/noticias\/#\/schema\/person\/b38fbf43118f02820bd932f2e4b14ad3"},"breadcrumb":{"@id":"https:\/\/franciscanos.org.br\/noticias\/politica-como-exercicio-da-busca-do-bem-comum.html#breadcrumb"},"inLanguage":"pt-BR","potentialAction":[{"@type":"ReadAction","target":["https:\/\/franciscanos.org.br\/noticias\/politica-como-exercicio-da-busca-do-bem-comum.html"]}]},{"@type":"BreadcrumbList","@id":"https:\/\/franciscanos.org.br\/noticias\/politica-como-exercicio-da-busca-do-bem-comum.html#breadcrumb","itemListElement":[{"@type":"ListItem","position":1,"name":"Home","item":"https:\/\/franciscanos.org.br\/noticias"},{"@type":"ListItem","position":2,"name":"Pol\u00edtica como exerc\u00edcio da busca do bem comum"}]},{"@type":"Person","@id":"https:\/\/franciscanos.org.br\/noticias\/#\/schema\/person\/b38fbf43118f02820bd932f2e4b14ad3","name":"admin","image":{"@type":"ImageObject","inLanguage":"pt-BR","@id":"https:\/\/franciscanos.org.br\/noticias\/#\/schema\/person\/image\/","url":"https:\/\/secure.gravatar.com\/avatar\/e8495742d34d0ba6448ea1c628263b3e?s=96&d=mm&r=g","contentUrl":"https:\/\/secure.gravatar.com\/avatar\/e8495742d34d0ba6448ea1c628263b3e?s=96&d=mm&r=g","caption":"admin"},"url":"https:\/\/franciscanos.org.br\/noticias\/author\/admin"}]}},"_links":{"self":[{"href":"https:\/\/franciscanos.org.br\/noticias\/wp-json\/wp\/v2\/posts\/200457"}],"collection":[{"href":"https:\/\/franciscanos.org.br\/noticias\/wp-json\/wp\/v2\/posts"}],"about":[{"href":"https:\/\/franciscanos.org.br\/noticias\/wp-json\/wp\/v2\/types\/post"}],"author":[{"embeddable":true,"href":"https:\/\/franciscanos.org.br\/noticias\/wp-json\/wp\/v2\/users\/1"}],"replies":[{"embeddable":true,"href":"https:\/\/franciscanos.org.br\/noticias\/wp-json\/wp\/v2\/comments?post=200457"}],"version-history":[{"count":0,"href":"https:\/\/franciscanos.org.br\/noticias\/wp-json\/wp\/v2\/posts\/200457\/revisions"}],"wp:featuredmedia":[{"embeddable":true,"href":"https:\/\/franciscanos.org.br\/noticias\/wp-json\/wp\/v2\/media\/200461"}],"wp:attachment":[{"href":"https:\/\/franciscanos.org.br\/noticias\/wp-json\/wp\/v2\/media?parent=200457"}],"wp:term":[{"taxonomy":"category","embeddable":true,"href":"https:\/\/franciscanos.org.br\/noticias\/wp-json\/wp\/v2\/categories?post=200457"},{"taxonomy":"post_tag","embeddable":true,"href":"https:\/\/franciscanos.org.br\/noticias\/wp-json\/wp\/v2\/tags?post=200457"}],"curies":[{"name":"wp","href":"https:\/\/api.w.org\/{rel}","templated":true}]}}