{"id":200453,"date":"2019-02-21T08:09:55","date_gmt":"2019-02-21T11:09:55","guid":{"rendered":"https:\/\/franciscanos.org.br\/noticias\/?p=200453"},"modified":"2020-08-06T16:40:25","modified_gmt":"2020-08-06T19:40:25","slug":"papa-sobre-abusos-sao-necessarias-medidas-concretas","status":"publish","type":"post","link":"https:\/\/franciscanos.org.br\/noticias\/papa-sobre-abusos-sao-necessarias-medidas-concretas.html","title":{"rendered":"Papa sobre abusos: &#8220;S\u00e3o necess\u00e1rias medidas concretas&#8221;"},"content":{"rendered":"<p><img loading=\"lazy\" class=\"alignnone size-full wp-image-200454\" src=\"https:\/\/franciscanos.org.br\/noticias\/wp-content\/uploads\/2019\/02\/papa_210219.jpg\" alt=\"\" width=\"890\" height=\"501\" srcset=\"https:\/\/franciscanos.org.br\/noticias\/wp-content\/uploads\/2019\/02\/papa_210219.jpg 890w, https:\/\/franciscanos.org.br\/noticias\/wp-content\/uploads\/2019\/02\/papa_210219-450x253.jpg 450w, https:\/\/franciscanos.org.br\/noticias\/wp-content\/uploads\/2019\/02\/papa_210219-768x432.jpg 768w, https:\/\/franciscanos.org.br\/noticias\/wp-content\/uploads\/2019\/02\/papa_210219-150x84.jpg 150w\" sizes=\"(max-width: 890px) 100vw, 890px\" \/><\/p>\n<p>No in\u00edcio da manh\u00e3 desta quinta-feira (21), o Papa Francisco introduziu os trabalhos do primeiro dia do encontro in\u00e9dito sobre a prote\u00e7\u00e3o dos menores dentro da Igreja. A confer\u00eancia re\u00fane, pela primeira vez, os presidentes das Confer\u00eancias Episcopais de todo o mundo no Vaticano para abordar o tema.\u00a0O Papa come\u00e7ou o encontro afirmando do seu forte desejo de responsabilidade em interpelar Patriarcas, Cardeais, Arcebispos, Bispos, Superiores Religiosos e Respons\u00e1veis \u201cdiante da chaga dos abusos sexuais perpetrados por homens da Igreja em detrimento dos menores\u201d. Todos juntos e \u201ccom a docilidade\u201d da condu\u00e7\u00e3o do Esp\u00edrito Santo, \u201cescutemos o grito dos pequenos que pedem justi\u00e7a\u201d.<\/p>\n<p>O Pont\u00edfice pediu que o encontro tivesse a incumb\u00eancia do \u201cpeso da responsabilidade pastoral e eclesial que nos obriga a discutir juntos, de maneira sinodal, sincera e aprofundada sobre como enfrentar esse mal que aflige a Igreja e a humanidade. O santo Povo de Deus nos v\u00ea e espera de n\u00f3s n\u00e3o simples e evidentes condena\u00e7\u00f5es, mas medidas concretas e eficazes a serem realizadas. S\u00e3o necess\u00e1rias medidas concretas\u201d, acrescentou Francisco.<\/p>\n<p>O Papa enalteceu, ent\u00e3o, que o percurso de todos atrav\u00e9s deste encontro, no Vaticano, come\u00e7a \u201carmados da f\u00e9 e do esp\u00edrito de m\u00e1xima parresia, de coragem e concretude\u201d.\u00a0Como subs\u00eddio, disse Francisco, \u201cme permito compartilhar com voc\u00eas alguns importantes crit\u00e9rios, formulados pelas diversas Comiss\u00f5es e Confer\u00eancias Episcopais que chegaram at\u00e9 n\u00f3s. S\u00e3o orienta\u00e7\u00f5es para ajudar a nossa reflex\u00e3o que ser\u00e3o entregues a voc\u00eas. S\u00e3o um simples ponto de partida que veio de voc\u00eas e volta para voc\u00eas\u201d.<\/p>\n<p>O Papa Francisco, ent\u00e3o, agradeceu a Pontif\u00edcia Comiss\u00e3o para a Prote\u00e7\u00e3o dos Menores, a Congrega\u00e7\u00e3o para a Doutrina da F\u00e9 e os membros da Comiss\u00e3o Organizadora pelo \u201cexcelente trabalho desenvolvido com grande empenho em preparar este encontro\u201d. E o Pont\u00edfice finalizou:\u00a0\u201cPe\u00e7o ao Esp\u00edrito Santo de nos sustentar nestes dias e de nos ajudar a transformar esse mal em uma oportunidade de consci\u00eancia e de purifica\u00e7\u00e3o. A Virgem Maria nos ilumine para buscar curar as graves feridas que o esc\u00e2ndalo da pedofilia causou seja nos pequenos que nos crentes.\u201d<\/p>\n<hr \/>\n<h2><img loading=\"lazy\" class=\"alignnone size-full wp-image-200476\" src=\"https:\/\/franciscanos.org.br\/noticias\/wp-content\/uploads\/2019\/02\/encontro_210219.jpg\" alt=\"\" width=\"890\" height=\"501\" srcset=\"https:\/\/franciscanos.org.br\/noticias\/wp-content\/uploads\/2019\/02\/encontro_210219.jpg 890w, https:\/\/franciscanos.org.br\/noticias\/wp-content\/uploads\/2019\/02\/encontro_210219-450x253.jpg 450w, https:\/\/franciscanos.org.br\/noticias\/wp-content\/uploads\/2019\/02\/encontro_210219-768x432.jpg 768w, https:\/\/franciscanos.org.br\/noticias\/wp-content\/uploads\/2019\/02\/encontro_210219-150x84.jpg 150w\" sizes=\"(max-width: 890px) 100vw, 890px\" \/><\/h2>\n<h2>&#8220;Briefing&#8221; Encontro menores: concretude e escuta<\/h2>\n<p>&#8220;A preven\u00e7\u00e3o \u00e9 fundamental, caso contr\u00e1rio, a hemorragia n\u00e3o ser\u00e1 detida&#8221;; e ainda, &#8220;quando escutamos com o cora\u00e7\u00e3o, somos transformamos&#8221;. Essas duas frases, respectivamente de Dom Charles J. Scicluna, arcebispo de Malta, secret\u00e1rio adjunto da Congrega\u00e7\u00e3o para a Doutrina da F\u00e9 e membro da Comiss\u00e3o organizadora, e do padre Hans Zollner, presidente do Centro para a Prote\u00e7\u00e3o dos menores da Pontif\u00edcia Universidade Gregoriana, membro da Pontif\u00edcia Comiss\u00e3o para a Prote\u00e7\u00e3o dos menores e referente da Comiss\u00e3o, definem a atmosfera que se respirou na manh\u00e3 desta quinta-feira (21\/02) na Sala Nova do S\u00ednodo, onde foi inaugurado o Encontro sobre &#8220;a Prote\u00e7\u00e3o dos menores na Igreja&#8221;. Durante o \u201cbriefing\u201d, no Instituto Patr\u00edstico Augustinianum, o bispo e o jesu\u00edta esclareceram que a concretude e a escuta caracterizaram, os trabalhos, realizados em uma atmosfera intensa, com os participantes desejosos de caminhar juntos, conscientes da import\u00e2ncia do compromisso.<\/p>\n<p><strong>A escuta das v\u00edtimas, um terreno sagrado<\/strong><br \/>\nOs testemunhos das v\u00edtimas, salienta o arcebispo de Malta, s\u00e3o &#8220;vozes poderosas&#8221; e todos n\u00f3s &#8220;precis\u00e1vamos ouvir a experi\u00eancia dos sobreviventes, um terreno sagrado&#8221;. Tocar &#8220;as feridas de Cristo&#8221; significa assumir as pr\u00f3prias &#8220;responsabilidades&#8221; e entender que \u00e9 fundamental &#8220;agir em conjunto&#8221;, sem &#8220;deixar sozinhos os \u201cbispos para enfrentar os casos de abusos&#8221;, especialmente quando se trata de pequenas realidades . &#8220;O bispo&#8221;, insiste o membro da Comiss\u00e3o Organizadora, &#8220;deve ser amigo da seguran\u00e7a e inimigo daqueles que amea\u00e7am a inoc\u00eancia das crian\u00e7as&#8221;. &#8220;A cultura do sil\u00eancio&#8221; pode ser &#8220;compreens\u00edvel&#8221;, mas n\u00e3o &#8220;aceit\u00e1vel&#8221;: \u00e9 preciso ter coragem e humildade para condenar o &#8220;mau comportamento&#8221;. &#8220;Estamos falando de uma nova maneira de ser Igreja&#8221;, acrescenta, em seu discurso, o arcebispo de Brisbane, Dom Mark Benedict Coleridge: &#8220;n\u00f3s precisamos de uma vis\u00e3o, do contr\u00e1rio trata-se de simples administra\u00e7\u00e3o, e de uma t\u00e1tica, porque sem concretude tudo evapora&#8221;.<\/p>\n<p><strong>Bispo pastor e n\u00e3o administrador<\/strong><br \/>\nO prelado australiano destacou o ar de &#8220;explora\u00e7\u00e3o&#8221; que se respira entre os presentes no Encontro, provenientes de diferentes contextos e com diferentes abordagens, e o desejo que existe de &#8220;abra\u00e7ar todas as diferen\u00e7as culturais&#8221;. Como bispos, enfatizou, devemos ser &#8220;pastores&#8221; e tocar as feridas daqueles que, antes de tudo, querem ser ouvidos, acreditados; mas n\u00e3o raramente, e &#8220;n\u00e3o por escolha&#8221;, o bispo acaba se tornando mais administrador do que pastor&#8221;. Tamb\u00e9m neste contexto, \u00e9 importante aceitar a ajuda dos leigos e criar &#8220;uma real colabora\u00e7\u00e3o com o Estado&#8221; no que diz respeito \u00e0s investiga\u00e7\u00f5es.<\/p>\n<p><strong>As diretrizes do Papa Francisco<\/strong><br \/>\nDurante os discursos individuais, bem como durante as perguntas dos jornalistas presentes, emergiu a import\u00e2ncia das diretrizes sugeridas pelo Papa Francisco: uma esp\u00e9cie de &#8220;mapa do caminho&#8221;, como definido por Dom Charles J. Scicluna. Tamb\u00e9m Paolo Ruffini, prefeito do Dicast\u00e9rio para a comunica\u00e7\u00e3o, e o padre Federico Lombardi, presidente da Funda\u00e7\u00e3o vaticana Joseph Ratzinger &#8211; Bento XVI e moderador do Encontro, falaram sobre os 21 pontos apresentados pelo Papa, &#8220;fortes impulsos&#8221; que &#8220;devem sair desse Encontro&#8221;, permitindo tamb\u00e9m uma revis\u00e3o dos&#8221; protocolos &#8220;j\u00e1 existentes.<\/p>\n<p><strong>Categorias e pecados<\/strong><br \/>\nEntre os v\u00e1rios temas tocados, tamb\u00e9m o do celibato dos sacerdotes e o da homossexualidade. Solicitado pelas perguntas dos jornalistas sobre o tema da celibato e uma poss\u00edvel conex\u00e3o com os abusos, o Arcebispo de Malta ressalta que, em sua opini\u00e3o, &#8220;n\u00e3o h\u00e1 categorias que se predisponham ao pecado&#8221;, porque todos estamos expostos \u00e0s tenta\u00e7\u00f5es.<\/p>\n<hr \/>\n<h2>Declara\u00e7\u00e3o de religiosas e religiosos sobre abusos:<br \/>\npedimos perd\u00e3o pelos nossos fracassos<\/h2>\n<p>\u201cPedimos perd\u00e3o a todos pelos nossos fracassos e reafirmamos que estamos ao lado do Santo Padre. Comprometemo-nos a trabalhar com ele para que a Igreja possa prosseguir de modo coerente, cred\u00edvel e unificado\u201d para uma verdadeira cura. Faltando dois dias para o in\u00edcio encontro sobre a Prote\u00e7\u00e3o dos Menores desejado pelo Papa Francisco, a Uni\u00e3o Internacional das Superioras Gerais, UISG, e a Uni\u00e3o dos Superiores Gerais, USG, divulgaram uma Declara\u00e7\u00e3o conjunta na qual exprimem seu total apoio \u00e0 iniciativa.<\/p>\n<p><strong>Crian\u00e7as s\u00e3o os mais vulner\u00e1veis na nossa sociedade<\/strong><br \/>\nPela experi\u00eancia como religiosos em todas as partes do mundo, sabem bem que em muitas situa\u00e7\u00f5es e em formas diferentes \u201cas crian\u00e7as s\u00e3o abusadas, negligenciadas, maltratadas e indesejadas\u201d, porque \u201cas crian\u00e7as s\u00e3o os mais vulner\u00e1veis na nossa sociedade\u201d. E escrevem: \u201cComo adultos, como crist\u00e3os e como religiosos, queremos nos comprometer para fazer com que suas vidas possam mudar\u201d.<\/p>\n<p><strong>Abusos dentro da Igreja<\/strong><br \/>\nPor\u00e9m o pr\u00f3ximo encontro colocar\u00e1 em evid\u00eancia os abusos sobre os menores por parte de pessoas que t\u00eam autoridade na Igreja, especialmente bispos, sacerdotes e religiosos, uma hist\u00f3ria cheia de dor \u201cque continua h\u00e1 d\u00e9cadas\u201d, e que n\u00e3o encontrou uma resposta adequada. Por isso os religiosos escrevem: \u201cBaixamos a cabe\u00e7a pela vergonha quando nos damos conta que esses abusos ocorreram nas nossas Congrega\u00e7\u00f5es e Ordens e na nossa Igreja\u201d, e ainda: \u201ca nossa vergonha \u00e9 ainda maior porque n\u00e3o nos demos conta do que estava ocorrendo\u201d e os que tinham autoridade nas nossas Ordens e Congrega\u00e7\u00f5es \u201cn\u00e3o reconheceram os sinais de alarme ou n\u00e3o conseguiram lev\u00e1-los em s\u00e9ria considera\u00e7\u00e3o\u201d.<\/p>\n<p><strong>Encaminhar processos de mudan\u00e7a<\/strong><br \/>\nOs tr\u00eas dias do Encontro no Vaticano s\u00e3o um tempo muito breve, reconhecem os religiosos, para enfrentar todos os problemas, mas confiam no poder do Esp\u00edrito Santo, seguros de que poder\u00e3o ser encaminhados procedimentos importantes, identificados novos passos e tomadas decis\u00f5es, \u201ccujas execu\u00e7\u00f5es podem ser aplicadas r\u00e1pida e universalmente com o justo respeito pelas culturas diversas\u201d. E aqui os religiosos destacam que o abuso de crian\u00e7as \u201c\u00e9 um mal que existe em todos os lugares e em todos os tempos\u201d, em nenhum caso toler\u00e1vel, \u201cqualquer que seja a cultura e o contexto\u201d.<\/p>\n<p><strong>Tr\u00eas \u00e2mbitos para se engajar<\/strong><br \/>\nSeguindo o exemplo do Papa Francisco, na Declara\u00e7\u00e3o se exprime o compromisso de \u201creconhecer humildemente e confessar os erros cometidos, apoiar os sobreviventes\u201d, aprendendo como eles querem ser ouvidos. Precisamos de uma \u201ccultura diversa na Igreja e na nossa sociedade\u201d que veja as crian\u00e7as de outro modo e promova a sua tutela. Os religiosos e as religiosas identificaram tr\u00eas \u00e2mbitos nos quais agir concretamente: o \u00e2mbito da educa\u00e7\u00e3o e da assist\u00eancia sanit\u00e1ria, atrav\u00e9s das escolas e dos hospitais administrados por eles; o \u00e2mbito da forma\u00e7\u00e3o no qual promover programas de instru\u00e7\u00e3o adequados e enfim o \u00e2mbito da espiritualidade sobre o qual pretendem \u201cdesenvolver programas especiais para acompanhar todas as v\u00edtimas de abuso que queiram encontrar ajuda para suas dificuldades com a f\u00e9 e com o sentido da vida\u201d. A palavra chave, e muitas vezes repetida, \u00e9 a humildade para caminhar juntos.<\/p>\n<p><strong>\u00c9 necess\u00e1ria uma real convers\u00e3o<\/strong><br \/>\n\u00c9 fundamental o reconhecimento da necessidade de convers\u00e3o dentro da pr\u00f3pria Igreja. Os religiosos declaram: \u201cQueremos ver os nossos pontos cegos. Queremos denunciar todo abuso de poder. Comprometemo-nos em empreender um percurso com aqueles que servimos, indo avante com transpar\u00eancia e confian\u00e7a, honestidade e sincero arrependimento\u201d. Na Declara\u00e7\u00e3o cita-se ainda o problema dos recursos necess\u00e1rios que podem ser obtidos com o refor\u00e7o da colabora\u00e7\u00e3o entre as entidades das Superioras e dos Superiores Gerais. Tal refor\u00e7o pode ser extensivo no campo da forma\u00e7\u00e3o e da sele\u00e7\u00e3o dos candidatos \u00e0 vida religiosa. Colabora\u00e7\u00e3o que deve ser instaurada na luta contra os abusos, tamb\u00e9m com os pais dos menores e principalmente as m\u00e3es.\u00a0\u201c Deve-se afirmar \u2013 l\u00ea-se no documento \u2013 que se fosse solicitado \u00e0s mulheres um parecer e uma ajuda na avalia\u00e7\u00e3o dos casos teria sido tomada uma a\u00e7\u00e3o mais forte, mais r\u00e1pida e mais eficaz \u201d<\/p>\n<p><strong>Preocupa\u00e7\u00e3o com os abusos contra irm\u00e3s e seminaristas<\/strong><br \/>\nA Declara\u00e7\u00e3o se conclui dirigindo-se aos sobreviventes de abusos aos quais mais uma vez pede-se \u201csinceras desculpas\u201d e o pedido de perd\u00e3o pela \u201cvergonhosa incapacidade de compreender toda a sua dor\u201d. E mesmo se o encontro concentra-se na prote\u00e7\u00e3o de Menores, as religiosas e os religiosos n\u00e3o calam sobre uma outra quest\u00e3o que causa \u201cprofunda preocupa\u00e7\u00e3o\u201d, ou seja, os casos de \u201cabuso e explora\u00e7\u00e3o de irm\u00e3s, seminaristas e candidatos nas casas de forma\u00e7\u00e3o\u201d. Tamb\u00e9m sobre este tema afirma-se que \u201cser\u00e1 feito todo o poss\u00edvel para encontrar uma resposta eficaz\u201d. Enfim, uma Igreja renovada, a Uni\u00e3o das Superioras Religiosas e dos Superiores Religiosos almejam um caminho coerente \u201cverdadeiramente renovado, com novos olhos para ver e novos ouvidos para escutar\u201d.<\/p>\n","protected":false},"excerpt":{"rendered":"<p>Encontro in\u00e9dito sobre a prote\u00e7\u00e3o dos menores dentro da Igreja. <\/p>\n","protected":false},"author":3,"featured_media":200455,"comment_status":"open","ping_status":"open","sticky":false,"template":"","format":"standard","meta":[],"categories":[1428],"tags":[1376,55],"acf":[],"yoast_head":"<!-- This site is optimized with the Yoast SEO plugin v19.2 - https:\/\/yoast.com\/wordpress\/plugins\/seo\/ -->\n<title>Papa sobre abusos: &quot;S\u00e3o necess\u00e1rias medidas concretas&quot; - Not\u00edcias - Franciscanos<\/title>\n<meta name=\"robots\" content=\"index, follow, max-snippet:-1, max-image-preview:large, max-video-preview:-1\" \/>\n<link rel=\"canonical\" href=\"https:\/\/franciscanos.org.br\/noticias\/papa-sobre-abusos-sao-necessarias-medidas-concretas.html\" \/>\n<meta property=\"og:locale\" content=\"pt_BR\" \/>\n<meta property=\"og:type\" content=\"article\" \/>\n<meta property=\"og:title\" content=\"Papa sobre abusos: &quot;S\u00e3o necess\u00e1rias medidas concretas&quot; - Not\u00edcias - Franciscanos\" \/>\n<meta property=\"og:description\" content=\"Encontro in\u00e9dito sobre a prote\u00e7\u00e3o dos menores dentro da Igreja.\" \/>\n<meta property=\"og:url\" content=\"https:\/\/franciscanos.org.br\/noticias\/papa-sobre-abusos-sao-necessarias-medidas-concretas.html\" \/>\n<meta property=\"og:site_name\" content=\"Not\u00edcias - Franciscanos\" \/>\n<meta property=\"article:published_time\" content=\"2019-02-21T11:09:55+00:00\" \/>\n<meta property=\"article:modified_time\" content=\"2020-08-06T19:40:25+00:00\" \/>\n<meta property=\"og:image\" content=\"https:\/\/franciscanos.org.br\/noticias\/wp-content\/uploads\/2019\/02\/papa_210219d.jpg\" \/>\n\t<meta property=\"og:image:width\" content=\"273\" \/>\n\t<meta property=\"og:image:height\" content=\"181\" \/>\n\t<meta property=\"og:image:type\" content=\"image\/jpeg\" \/>\n<meta name=\"author\" content=\"moacir\" \/>\n<meta name=\"twitter:card\" content=\"summary_large_image\" \/>\n<meta name=\"twitter:label1\" content=\"Escrito por\" \/>\n\t<meta name=\"twitter:data1\" content=\"moacir\" \/>\n\t<meta name=\"twitter:label2\" content=\"Est. tempo de leitura\" \/>\n\t<meta name=\"twitter:data2\" content=\"9 minutos\" \/>\n<script type=\"application\/ld+json\" class=\"yoast-schema-graph\">{\"@context\":\"https:\/\/schema.org\",\"@graph\":[{\"@type\":\"WebSite\",\"@id\":\"https:\/\/franciscanos.org.br\/noticias\/#website\",\"url\":\"https:\/\/franciscanos.org.br\/noticias\/\",\"name\":\"Not\u00edcias - Franciscanos\",\"description\":\"Prov\u00edncia Franciscana da Imaculada Concei\u00e7\u00e3o do Brasil - Ordem dos Frades Menores - OFM\",\"potentialAction\":[{\"@type\":\"SearchAction\",\"target\":{\"@type\":\"EntryPoint\",\"urlTemplate\":\"https:\/\/franciscanos.org.br\/noticias\/?s={search_term_string}\"},\"query-input\":\"required name=search_term_string\"}],\"inLanguage\":\"pt-BR\"},{\"@type\":\"ImageObject\",\"inLanguage\":\"pt-BR\",\"@id\":\"https:\/\/franciscanos.org.br\/noticias\/papa-sobre-abusos-sao-necessarias-medidas-concretas.html#primaryimage\",\"url\":\"https:\/\/franciscanos.org.br\/noticias\/wp-content\/uploads\/2019\/02\/papa_210219d.jpg\",\"contentUrl\":\"https:\/\/franciscanos.org.br\/noticias\/wp-content\/uploads\/2019\/02\/papa_210219d.jpg\",\"width\":273,\"height\":181},{\"@type\":\"WebPage\",\"@id\":\"https:\/\/franciscanos.org.br\/noticias\/papa-sobre-abusos-sao-necessarias-medidas-concretas.html#webpage\",\"url\":\"https:\/\/franciscanos.org.br\/noticias\/papa-sobre-abusos-sao-necessarias-medidas-concretas.html\",\"name\":\"Papa sobre abusos: \\\"S\u00e3o necess\u00e1rias medidas concretas\\\" - Not\u00edcias - Franciscanos\",\"isPartOf\":{\"@id\":\"https:\/\/franciscanos.org.br\/noticias\/#website\"},\"primaryImageOfPage\":{\"@id\":\"https:\/\/franciscanos.org.br\/noticias\/papa-sobre-abusos-sao-necessarias-medidas-concretas.html#primaryimage\"},\"datePublished\":\"2019-02-21T11:09:55+00:00\",\"dateModified\":\"2020-08-06T19:40:25+00:00\",\"author\":{\"@id\":\"https:\/\/franciscanos.org.br\/noticias\/#\/schema\/person\/b5c8cba458c330ccff548b056e95a5d4\"},\"breadcrumb\":{\"@id\":\"https:\/\/franciscanos.org.br\/noticias\/papa-sobre-abusos-sao-necessarias-medidas-concretas.html#breadcrumb\"},\"inLanguage\":\"pt-BR\",\"potentialAction\":[{\"@type\":\"ReadAction\",\"target\":[\"https:\/\/franciscanos.org.br\/noticias\/papa-sobre-abusos-sao-necessarias-medidas-concretas.html\"]}]},{\"@type\":\"BreadcrumbList\",\"@id\":\"https:\/\/franciscanos.org.br\/noticias\/papa-sobre-abusos-sao-necessarias-medidas-concretas.html#breadcrumb\",\"itemListElement\":[{\"@type\":\"ListItem\",\"position\":1,\"name\":\"Home\",\"item\":\"https:\/\/franciscanos.org.br\/noticias\"},{\"@type\":\"ListItem\",\"position\":2,\"name\":\"Papa sobre abusos: &#8220;S\u00e3o necess\u00e1rias medidas concretas&#8221;\"}]},{\"@type\":\"Person\",\"@id\":\"https:\/\/franciscanos.org.br\/noticias\/#\/schema\/person\/b5c8cba458c330ccff548b056e95a5d4\",\"name\":\"moacir\",\"image\":{\"@type\":\"ImageObject\",\"inLanguage\":\"pt-BR\",\"@id\":\"https:\/\/franciscanos.org.br\/noticias\/#\/schema\/person\/image\/\",\"url\":\"https:\/\/secure.gravatar.com\/avatar\/d08aa2ce4c8dd416d4479aa8536fcf64?s=96&d=mm&r=g\",\"contentUrl\":\"https:\/\/secure.gravatar.com\/avatar\/d08aa2ce4c8dd416d4479aa8536fcf64?s=96&d=mm&r=g\",\"caption\":\"moacir\"},\"url\":\"https:\/\/franciscanos.org.br\/noticias\/author\/moacir\"}]}<\/script>\n<!-- \/ Yoast SEO plugin. -->","yoast_head_json":{"title":"Papa sobre abusos: \"S\u00e3o necess\u00e1rias medidas concretas\" - Not\u00edcias - Franciscanos","robots":{"index":"index","follow":"follow","max-snippet":"max-snippet:-1","max-image-preview":"max-image-preview:large","max-video-preview":"max-video-preview:-1"},"canonical":"https:\/\/franciscanos.org.br\/noticias\/papa-sobre-abusos-sao-necessarias-medidas-concretas.html","og_locale":"pt_BR","og_type":"article","og_title":"Papa sobre abusos: \"S\u00e3o necess\u00e1rias medidas concretas\" - Not\u00edcias - Franciscanos","og_description":"Encontro in\u00e9dito sobre a prote\u00e7\u00e3o dos menores dentro da Igreja.","og_url":"https:\/\/franciscanos.org.br\/noticias\/papa-sobre-abusos-sao-necessarias-medidas-concretas.html","og_site_name":"Not\u00edcias - Franciscanos","article_published_time":"2019-02-21T11:09:55+00:00","article_modified_time":"2020-08-06T19:40:25+00:00","og_image":[{"width":273,"height":181,"url":"https:\/\/franciscanos.org.br\/noticias\/wp-content\/uploads\/2019\/02\/papa_210219d.jpg","type":"image\/jpeg"}],"author":"moacir","twitter_card":"summary_large_image","twitter_misc":{"Escrito por":"moacir","Est. tempo de leitura":"9 minutos"},"schema":{"@context":"https:\/\/schema.org","@graph":[{"@type":"WebSite","@id":"https:\/\/franciscanos.org.br\/noticias\/#website","url":"https:\/\/franciscanos.org.br\/noticias\/","name":"Not\u00edcias - Franciscanos","description":"Prov\u00edncia Franciscana da Imaculada Concei\u00e7\u00e3o do Brasil - Ordem dos Frades Menores - OFM","potentialAction":[{"@type":"SearchAction","target":{"@type":"EntryPoint","urlTemplate":"https:\/\/franciscanos.org.br\/noticias\/?s={search_term_string}"},"query-input":"required name=search_term_string"}],"inLanguage":"pt-BR"},{"@type":"ImageObject","inLanguage":"pt-BR","@id":"https:\/\/franciscanos.org.br\/noticias\/papa-sobre-abusos-sao-necessarias-medidas-concretas.html#primaryimage","url":"https:\/\/franciscanos.org.br\/noticias\/wp-content\/uploads\/2019\/02\/papa_210219d.jpg","contentUrl":"https:\/\/franciscanos.org.br\/noticias\/wp-content\/uploads\/2019\/02\/papa_210219d.jpg","width":273,"height":181},{"@type":"WebPage","@id":"https:\/\/franciscanos.org.br\/noticias\/papa-sobre-abusos-sao-necessarias-medidas-concretas.html#webpage","url":"https:\/\/franciscanos.org.br\/noticias\/papa-sobre-abusos-sao-necessarias-medidas-concretas.html","name":"Papa sobre abusos: \"S\u00e3o necess\u00e1rias medidas concretas\" - Not\u00edcias - Franciscanos","isPartOf":{"@id":"https:\/\/franciscanos.org.br\/noticias\/#website"},"primaryImageOfPage":{"@id":"https:\/\/franciscanos.org.br\/noticias\/papa-sobre-abusos-sao-necessarias-medidas-concretas.html#primaryimage"},"datePublished":"2019-02-21T11:09:55+00:00","dateModified":"2020-08-06T19:40:25+00:00","author":{"@id":"https:\/\/franciscanos.org.br\/noticias\/#\/schema\/person\/b5c8cba458c330ccff548b056e95a5d4"},"breadcrumb":{"@id":"https:\/\/franciscanos.org.br\/noticias\/papa-sobre-abusos-sao-necessarias-medidas-concretas.html#breadcrumb"},"inLanguage":"pt-BR","potentialAction":[{"@type":"ReadAction","target":["https:\/\/franciscanos.org.br\/noticias\/papa-sobre-abusos-sao-necessarias-medidas-concretas.html"]}]},{"@type":"BreadcrumbList","@id":"https:\/\/franciscanos.org.br\/noticias\/papa-sobre-abusos-sao-necessarias-medidas-concretas.html#breadcrumb","itemListElement":[{"@type":"ListItem","position":1,"name":"Home","item":"https:\/\/franciscanos.org.br\/noticias"},{"@type":"ListItem","position":2,"name":"Papa sobre abusos: &#8220;S\u00e3o necess\u00e1rias medidas concretas&#8221;"}]},{"@type":"Person","@id":"https:\/\/franciscanos.org.br\/noticias\/#\/schema\/person\/b5c8cba458c330ccff548b056e95a5d4","name":"moacir","image":{"@type":"ImageObject","inLanguage":"pt-BR","@id":"https:\/\/franciscanos.org.br\/noticias\/#\/schema\/person\/image\/","url":"https:\/\/secure.gravatar.com\/avatar\/d08aa2ce4c8dd416d4479aa8536fcf64?s=96&d=mm&r=g","contentUrl":"https:\/\/secure.gravatar.com\/avatar\/d08aa2ce4c8dd416d4479aa8536fcf64?s=96&d=mm&r=g","caption":"moacir"},"url":"https:\/\/franciscanos.org.br\/noticias\/author\/moacir"}]}},"_links":{"self":[{"href":"https:\/\/franciscanos.org.br\/noticias\/wp-json\/wp\/v2\/posts\/200453"}],"collection":[{"href":"https:\/\/franciscanos.org.br\/noticias\/wp-json\/wp\/v2\/posts"}],"about":[{"href":"https:\/\/franciscanos.org.br\/noticias\/wp-json\/wp\/v2\/types\/post"}],"author":[{"embeddable":true,"href":"https:\/\/franciscanos.org.br\/noticias\/wp-json\/wp\/v2\/users\/3"}],"replies":[{"embeddable":true,"href":"https:\/\/franciscanos.org.br\/noticias\/wp-json\/wp\/v2\/comments?post=200453"}],"version-history":[{"count":1,"href":"https:\/\/franciscanos.org.br\/noticias\/wp-json\/wp\/v2\/posts\/200453\/revisions"}],"predecessor-version":[{"id":227608,"href":"https:\/\/franciscanos.org.br\/noticias\/wp-json\/wp\/v2\/posts\/200453\/revisions\/227608"}],"wp:featuredmedia":[{"embeddable":true,"href":"https:\/\/franciscanos.org.br\/noticias\/wp-json\/wp\/v2\/media\/200455"}],"wp:attachment":[{"href":"https:\/\/franciscanos.org.br\/noticias\/wp-json\/wp\/v2\/media?parent=200453"}],"wp:term":[{"taxonomy":"category","embeddable":true,"href":"https:\/\/franciscanos.org.br\/noticias\/wp-json\/wp\/v2\/categories?post=200453"},{"taxonomy":"post_tag","embeddable":true,"href":"https:\/\/franciscanos.org.br\/noticias\/wp-json\/wp\/v2\/tags?post=200453"}],"curies":[{"name":"wp","href":"https:\/\/api.w.org\/{rel}","templated":true}]}}