{"id":200425,"date":"2019-02-21T07:05:53","date_gmt":"2019-02-21T10:05:53","guid":{"rendered":"https:\/\/franciscanos.org.br\/noticias\/?p=200425"},"modified":"2019-02-21T08:04:03","modified_gmt":"2019-02-21T11:04:03","slug":"cf-2019-colegio-bom-jesus-disponibiliza-material","status":"publish","type":"post","link":"https:\/\/franciscanos.org.br\/noticias\/cf-2019-colegio-bom-jesus-disponibiliza-material.html","title":{"rendered":"CF 2019: Col\u00e9gio Bom Jesus disponibiliza material"},"content":{"rendered":"<p>Considerando a import\u00e2ncia do tema da\u00a0<strong>Campanha da Fraternidade 2019<\/strong>\u00a0em rela\u00e7\u00e3o \u00e0 miss\u00e3o que temos como Franciscanos na Igreja, na sociedade e, principalmente, nos espa\u00e7os educacionais, o Col\u00e9gio Bom Jesus elaborou-se um\u00a0<strong>material (confira arquivos nos <em>links<\/em>) de apoio com diversas sugest\u00f5es de atividades de diferentes disciplinas a serem desenvolvidas em sala de aula sobre o Tema da CF 2019 para alunos da Educa\u00e7\u00e3o Infantil, Ensino Fundamental e Ensino M\u00e9dio<\/strong>.<\/p>\n<p>Trata-se de\u00a0<strong>sugest\u00f5es de atividades<\/strong>\u00a0que podem ser adaptadas e\/ou complementadas conforme melhor aprouver a cada docente em sala de aula ao longo do ano letivo, assim como melhor aprouver a catequistas, coordenadores de grupos de jovens, entre outros.<\/p>\n<p style=\"text-align: center;\"><strong>Materiais de apoio:<\/strong><\/p>\n<p style=\"text-align: center;\"><a href=\"https:\/\/banca.franciscanos.org.br\/campanha-da-fraternidade-2019-ensino-infantil-e-fundamental-1.html\"><img loading=\"lazy\" class=\"alignleft wp-image-200426\" src=\"https:\/\/franciscanos.org.br\/noticias\/wp-content\/uploads\/2019\/02\/ei.jpg\" alt=\"\" width=\"396\" height=\"627\" \/><\/a><\/p>\n<p style=\"text-align: center;\"><a href=\"https:\/\/banca.franciscanos.org.br\/campanha-da-fraternidade-2019-ensino-medio.html\"><img loading=\"lazy\" class=\"alignleft size-full wp-image-200427\" src=\"https:\/\/franciscanos.org.br\/noticias\/wp-content\/uploads\/2019\/02\/em.jpg\" alt=\"\" width=\"400\" height=\"629\" srcset=\"https:\/\/franciscanos.org.br\/noticias\/wp-content\/uploads\/2019\/02\/em.jpg 400w, https:\/\/franciscanos.org.br\/noticias\/wp-content\/uploads\/2019\/02\/em-286x450.jpg 286w, https:\/\/franciscanos.org.br\/noticias\/wp-content\/uploads\/2019\/02\/em-150x236.jpg 150w\" sizes=\"(max-width: 400px) 100vw, 400px\" \/><\/a><\/p>\n<p style=\"text-align: left;\"><strong>Campanha da Fraternidade 2019<\/strong><\/p>\n<p>O tema da CF 2019 foi definido no dia 08 de agosto de 2017 pelos bispos do Conselho Episcopal Pastoral da Confer\u00eancia Nacional dos Bispos do Brasil (CNBB):\u00a0<strong>Fraternidade e p<\/strong><strong>ol\u00edticas p\u00fablicas<\/strong>. E, por sua vez, o lema escolhido foi:\u00a0<strong>Ser\u00e1s libertado pelo direito e pela justi\u00e7a (Is 1,27)<\/strong>.<\/p>\n<p>Consta que a predile\u00e7\u00e3o por este tema se deu em meio a 98 sugest\u00f5es de temas recebidos pelo referido Conselho, enviados por dioceses, regionais e \u00f3rg\u00e3os governamentais, inclusive a Pol\u00edcia Rodovi\u00e1ria Federal e o Minist\u00e9rio do Trabalho. Os demais temas sugeridos privilegiavam tem\u00e1ticas relacionadas \u00e0 fam\u00edlia, tr\u00e2nsito, comunica\u00e7\u00e3o, educa\u00e7\u00e3o, direitos humanos, entre outros. Vale dizer que a Campanha da Fraternidade \u00e9, antes de tudo, uma express\u00e3o de comunh\u00e3o, convers\u00e3o e partilha entre Igreja e Sociedade, tendo\u00a0<strong>dois objetivos permanentes<\/strong>:<\/p>\n<p style=\"padding-left: 30px;\">1 &#8211; despertar o esp\u00edrito comunit\u00e1rio e crist\u00e3o na busca do bem comum;<br \/>\n2 &#8211; educar para a vida em fraternidade e renovar a consci\u00eancia da responsabilidade de todos pela a\u00e7\u00e3o evangelizadora, em vista de uma sociedade justa e solid\u00e1ria.<\/p>\n<p><strong>Frei Claudino Gilz, coordenador da Frente de Educa\u00e7\u00e3o<\/strong><\/p>\n","protected":false},"excerpt":{"rendered":"<p>Col\u00e9gio Bom Jesus<\/p>\n","protected":false},"author":7,"featured_media":200432,"comment_status":"open","ping_status":"open","sticky":false,"template":"","format":"standard","meta":[],"categories":[1],"tags":[818],"acf":[],"yoast_head":"<!-- This site is optimized with the Yoast SEO plugin v19.2 - https:\/\/yoast.com\/wordpress\/plugins\/seo\/ -->\n<title>CF 2019: Col\u00e9gio Bom Jesus disponibiliza material - Not\u00edcias - Franciscanos<\/title>\n<meta name=\"robots\" content=\"index, follow, max-snippet:-1, max-image-preview:large, max-video-preview:-1\" \/>\n<link rel=\"canonical\" href=\"https:\/\/franciscanos.org.br\/noticias\/cf-2019-colegio-bom-jesus-disponibiliza-material.html\" \/>\n<meta property=\"og:locale\" content=\"pt_BR\" \/>\n<meta property=\"og:type\" content=\"article\" \/>\n<meta property=\"og:title\" content=\"CF 2019: Col\u00e9gio Bom Jesus disponibiliza material - Not\u00edcias - Franciscanos\" \/>\n<meta property=\"og:description\" content=\"Col\u00e9gio Bom Jesus\" \/>\n<meta property=\"og:url\" content=\"https:\/\/franciscanos.org.br\/noticias\/cf-2019-colegio-bom-jesus-disponibiliza-material.html\" \/>\n<meta property=\"og:site_name\" content=\"Not\u00edcias - Franciscanos\" \/>\n<meta property=\"article:published_time\" content=\"2019-02-21T10:05:53+00:00\" \/>\n<meta property=\"article:modified_time\" content=\"2019-02-21T11:04:03+00:00\" \/>\n<meta property=\"og:image\" content=\"https:\/\/franciscanos.org.br\/noticias\/wp-content\/uploads\/2019\/02\/001-273.jpg\" \/>\n\t<meta property=\"og:image:width\" content=\"273\" \/>\n\t<meta property=\"og:image:height\" content=\"181\" \/>\n\t<meta property=\"og:image:type\" content=\"image\/jpeg\" \/>\n<meta name=\"author\" content=\"jovenal\" \/>\n<meta name=\"twitter:card\" content=\"summary_large_image\" \/>\n<meta name=\"twitter:label1\" content=\"Escrito por\" \/>\n\t<meta name=\"twitter:data1\" content=\"jovenal\" \/>\n\t<meta name=\"twitter:label2\" content=\"Est. tempo de leitura\" \/>\n\t<meta name=\"twitter:data2\" content=\"2 minutos\" \/>\n<script type=\"application\/ld+json\" class=\"yoast-schema-graph\">{\"@context\":\"https:\/\/schema.org\",\"@graph\":[{\"@type\":\"WebSite\",\"@id\":\"https:\/\/franciscanos.org.br\/noticias\/#website\",\"url\":\"https:\/\/franciscanos.org.br\/noticias\/\",\"name\":\"Not\u00edcias - Franciscanos\",\"description\":\"Prov\u00edncia Franciscana da Imaculada Concei\u00e7\u00e3o do Brasil - Ordem dos Frades Menores - OFM\",\"potentialAction\":[{\"@type\":\"SearchAction\",\"target\":{\"@type\":\"EntryPoint\",\"urlTemplate\":\"https:\/\/franciscanos.org.br\/noticias\/?s={search_term_string}\"},\"query-input\":\"required name=search_term_string\"}],\"inLanguage\":\"pt-BR\"},{\"@type\":\"ImageObject\",\"inLanguage\":\"pt-BR\",\"@id\":\"https:\/\/franciscanos.org.br\/noticias\/cf-2019-colegio-bom-jesus-disponibiliza-material.html#primaryimage\",\"url\":\"https:\/\/franciscanos.org.br\/noticias\/wp-content\/uploads\/2019\/02\/001-273.jpg\",\"contentUrl\":\"https:\/\/franciscanos.org.br\/noticias\/wp-content\/uploads\/2019\/02\/001-273.jpg\",\"width\":273,\"height\":181},{\"@type\":\"WebPage\",\"@id\":\"https:\/\/franciscanos.org.br\/noticias\/cf-2019-colegio-bom-jesus-disponibiliza-material.html#webpage\",\"url\":\"https:\/\/franciscanos.org.br\/noticias\/cf-2019-colegio-bom-jesus-disponibiliza-material.html\",\"name\":\"CF 2019: Col\u00e9gio Bom Jesus disponibiliza material - Not\u00edcias - Franciscanos\",\"isPartOf\":{\"@id\":\"https:\/\/franciscanos.org.br\/noticias\/#website\"},\"primaryImageOfPage\":{\"@id\":\"https:\/\/franciscanos.org.br\/noticias\/cf-2019-colegio-bom-jesus-disponibiliza-material.html#primaryimage\"},\"datePublished\":\"2019-02-21T10:05:53+00:00\",\"dateModified\":\"2019-02-21T11:04:03+00:00\",\"author\":{\"@id\":\"https:\/\/franciscanos.org.br\/noticias\/#\/schema\/person\/c3a26b08313dd1772495ce300ab257cc\"},\"breadcrumb\":{\"@id\":\"https:\/\/franciscanos.org.br\/noticias\/cf-2019-colegio-bom-jesus-disponibiliza-material.html#breadcrumb\"},\"inLanguage\":\"pt-BR\",\"potentialAction\":[{\"@type\":\"ReadAction\",\"target\":[\"https:\/\/franciscanos.org.br\/noticias\/cf-2019-colegio-bom-jesus-disponibiliza-material.html\"]}]},{\"@type\":\"BreadcrumbList\",\"@id\":\"https:\/\/franciscanos.org.br\/noticias\/cf-2019-colegio-bom-jesus-disponibiliza-material.html#breadcrumb\",\"itemListElement\":[{\"@type\":\"ListItem\",\"position\":1,\"name\":\"Home\",\"item\":\"https:\/\/franciscanos.org.br\/noticias\"},{\"@type\":\"ListItem\",\"position\":2,\"name\":\"CF 2019: Col\u00e9gio Bom Jesus disponibiliza material\"}]},{\"@type\":\"Person\",\"@id\":\"https:\/\/franciscanos.org.br\/noticias\/#\/schema\/person\/c3a26b08313dd1772495ce300ab257cc\",\"name\":\"jovenal\",\"image\":{\"@type\":\"ImageObject\",\"inLanguage\":\"pt-BR\",\"@id\":\"https:\/\/franciscanos.org.br\/noticias\/#\/schema\/person\/image\/\",\"url\":\"https:\/\/secure.gravatar.com\/avatar\/e94509f531086e2eaf97e72f29ea00f9?s=96&d=mm&r=g\",\"contentUrl\":\"https:\/\/secure.gravatar.com\/avatar\/e94509f531086e2eaf97e72f29ea00f9?s=96&d=mm&r=g\",\"caption\":\"jovenal\"},\"url\":\"https:\/\/franciscanos.org.br\/noticias\/author\/jovenal\"}]}<\/script>\n<!-- \/ Yoast SEO plugin. -->","yoast_head_json":{"title":"CF 2019: Col\u00e9gio Bom Jesus disponibiliza material - Not\u00edcias - Franciscanos","robots":{"index":"index","follow":"follow","max-snippet":"max-snippet:-1","max-image-preview":"max-image-preview:large","max-video-preview":"max-video-preview:-1"},"canonical":"https:\/\/franciscanos.org.br\/noticias\/cf-2019-colegio-bom-jesus-disponibiliza-material.html","og_locale":"pt_BR","og_type":"article","og_title":"CF 2019: Col\u00e9gio Bom Jesus disponibiliza material - Not\u00edcias - Franciscanos","og_description":"Col\u00e9gio Bom Jesus","og_url":"https:\/\/franciscanos.org.br\/noticias\/cf-2019-colegio-bom-jesus-disponibiliza-material.html","og_site_name":"Not\u00edcias - Franciscanos","article_published_time":"2019-02-21T10:05:53+00:00","article_modified_time":"2019-02-21T11:04:03+00:00","og_image":[{"width":273,"height":181,"url":"https:\/\/franciscanos.org.br\/noticias\/wp-content\/uploads\/2019\/02\/001-273.jpg","type":"image\/jpeg"}],"author":"jovenal","twitter_card":"summary_large_image","twitter_misc":{"Escrito por":"jovenal","Est. tempo de leitura":"2 minutos"},"schema":{"@context":"https:\/\/schema.org","@graph":[{"@type":"WebSite","@id":"https:\/\/franciscanos.org.br\/noticias\/#website","url":"https:\/\/franciscanos.org.br\/noticias\/","name":"Not\u00edcias - Franciscanos","description":"Prov\u00edncia Franciscana da Imaculada Concei\u00e7\u00e3o do Brasil - Ordem dos Frades Menores - OFM","potentialAction":[{"@type":"SearchAction","target":{"@type":"EntryPoint","urlTemplate":"https:\/\/franciscanos.org.br\/noticias\/?s={search_term_string}"},"query-input":"required name=search_term_string"}],"inLanguage":"pt-BR"},{"@type":"ImageObject","inLanguage":"pt-BR","@id":"https:\/\/franciscanos.org.br\/noticias\/cf-2019-colegio-bom-jesus-disponibiliza-material.html#primaryimage","url":"https:\/\/franciscanos.org.br\/noticias\/wp-content\/uploads\/2019\/02\/001-273.jpg","contentUrl":"https:\/\/franciscanos.org.br\/noticias\/wp-content\/uploads\/2019\/02\/001-273.jpg","width":273,"height":181},{"@type":"WebPage","@id":"https:\/\/franciscanos.org.br\/noticias\/cf-2019-colegio-bom-jesus-disponibiliza-material.html#webpage","url":"https:\/\/franciscanos.org.br\/noticias\/cf-2019-colegio-bom-jesus-disponibiliza-material.html","name":"CF 2019: Col\u00e9gio Bom Jesus disponibiliza material - Not\u00edcias - Franciscanos","isPartOf":{"@id":"https:\/\/franciscanos.org.br\/noticias\/#website"},"primaryImageOfPage":{"@id":"https:\/\/franciscanos.org.br\/noticias\/cf-2019-colegio-bom-jesus-disponibiliza-material.html#primaryimage"},"datePublished":"2019-02-21T10:05:53+00:00","dateModified":"2019-02-21T11:04:03+00:00","author":{"@id":"https:\/\/franciscanos.org.br\/noticias\/#\/schema\/person\/c3a26b08313dd1772495ce300ab257cc"},"breadcrumb":{"@id":"https:\/\/franciscanos.org.br\/noticias\/cf-2019-colegio-bom-jesus-disponibiliza-material.html#breadcrumb"},"inLanguage":"pt-BR","potentialAction":[{"@type":"ReadAction","target":["https:\/\/franciscanos.org.br\/noticias\/cf-2019-colegio-bom-jesus-disponibiliza-material.html"]}]},{"@type":"BreadcrumbList","@id":"https:\/\/franciscanos.org.br\/noticias\/cf-2019-colegio-bom-jesus-disponibiliza-material.html#breadcrumb","itemListElement":[{"@type":"ListItem","position":1,"name":"Home","item":"https:\/\/franciscanos.org.br\/noticias"},{"@type":"ListItem","position":2,"name":"CF 2019: Col\u00e9gio Bom Jesus disponibiliza material"}]},{"@type":"Person","@id":"https:\/\/franciscanos.org.br\/noticias\/#\/schema\/person\/c3a26b08313dd1772495ce300ab257cc","name":"jovenal","image":{"@type":"ImageObject","inLanguage":"pt-BR","@id":"https:\/\/franciscanos.org.br\/noticias\/#\/schema\/person\/image\/","url":"https:\/\/secure.gravatar.com\/avatar\/e94509f531086e2eaf97e72f29ea00f9?s=96&d=mm&r=g","contentUrl":"https:\/\/secure.gravatar.com\/avatar\/e94509f531086e2eaf97e72f29ea00f9?s=96&d=mm&r=g","caption":"jovenal"},"url":"https:\/\/franciscanos.org.br\/noticias\/author\/jovenal"}]}},"_links":{"self":[{"href":"https:\/\/franciscanos.org.br\/noticias\/wp-json\/wp\/v2\/posts\/200425"}],"collection":[{"href":"https:\/\/franciscanos.org.br\/noticias\/wp-json\/wp\/v2\/posts"}],"about":[{"href":"https:\/\/franciscanos.org.br\/noticias\/wp-json\/wp\/v2\/types\/post"}],"author":[{"embeddable":true,"href":"https:\/\/franciscanos.org.br\/noticias\/wp-json\/wp\/v2\/users\/7"}],"replies":[{"embeddable":true,"href":"https:\/\/franciscanos.org.br\/noticias\/wp-json\/wp\/v2\/comments?post=200425"}],"version-history":[{"count":0,"href":"https:\/\/franciscanos.org.br\/noticias\/wp-json\/wp\/v2\/posts\/200425\/revisions"}],"wp:featuredmedia":[{"embeddable":true,"href":"https:\/\/franciscanos.org.br\/noticias\/wp-json\/wp\/v2\/media\/200432"}],"wp:attachment":[{"href":"https:\/\/franciscanos.org.br\/noticias\/wp-json\/wp\/v2\/media?parent=200425"}],"wp:term":[{"taxonomy":"category","embeddable":true,"href":"https:\/\/franciscanos.org.br\/noticias\/wp-json\/wp\/v2\/categories?post=200425"},{"taxonomy":"post_tag","embeddable":true,"href":"https:\/\/franciscanos.org.br\/noticias\/wp-json\/wp\/v2\/tags?post=200425"}],"curies":[{"name":"wp","href":"https:\/\/api.w.org\/{rel}","templated":true}]}}