{"id":200415,"date":"2019-02-18T15:05:32","date_gmt":"2019-02-18T18:05:32","guid":{"rendered":"https:\/\/franciscanos.org.br\/noticias\/?p=200415"},"modified":"2019-02-18T15:18:06","modified_gmt":"2019-02-18T18:18:06","slug":"toma-posse-a-nova-fraternidade-de-florianopolis","status":"publish","type":"post","link":"https:\/\/franciscanos.org.br\/noticias\/toma-posse-a-nova-fraternidade-de-florianopolis.html","title":{"rendered":"Toma posse a nova Fraternidade de Florian\u00f3polis"},"content":{"rendered":"<p><img loading=\"lazy\" class=\"alignnone size-full wp-image-200416\" src=\"https:\/\/franciscanos.org.br\/noticias\/wp-content\/uploads\/2019\/02\/germano_180219.jpg\" alt=\"\" width=\"890\" height=\"320\" srcset=\"https:\/\/franciscanos.org.br\/noticias\/wp-content\/uploads\/2019\/02\/germano_180219.jpg 890w, https:\/\/franciscanos.org.br\/noticias\/wp-content\/uploads\/2019\/02\/germano_180219-450x162.jpg 450w, https:\/\/franciscanos.org.br\/noticias\/wp-content\/uploads\/2019\/02\/germano_180219-768x276.jpg 768w, https:\/\/franciscanos.org.br\/noticias\/wp-content\/uploads\/2019\/02\/germano_180219-150x54.jpg 150w\" sizes=\"(max-width: 890px) 100vw, 890px\" \/><br \/>\nDebaixo de muita chuva, a nova Fraternidade Santo Ant\u00f4nio, em Florian\u00f3polis, foi apresentada ontem, domingo (18\/02), aos paroquianos da Par\u00f3quia Santo Ant\u00f4nio durante a Celebra\u00e7\u00e3o Eucar\u00edstica, \u00e0s 19 horas, presidida pelo Arcebispo Metropolitano, Dom Wilson Tadeu J\u00f6nck.<\/p>\n<p><img loading=\"lazy\" class=\"alignright size-full wp-image-200417\" src=\"https:\/\/franciscanos.org.br\/noticias\/wp-content\/uploads\/2019\/02\/germano_180219_1.jpg\" alt=\"\" width=\"500\" height=\"486\" srcset=\"https:\/\/franciscanos.org.br\/noticias\/wp-content\/uploads\/2019\/02\/germano_180219_1.jpg 500w, https:\/\/franciscanos.org.br\/noticias\/wp-content\/uploads\/2019\/02\/germano_180219_1-450x437.jpg 450w, https:\/\/franciscanos.org.br\/noticias\/wp-content\/uploads\/2019\/02\/germano_180219_1-150x146.jpg 150w\" sizes=\"(max-width: 500px) 100vw, 500px\" \/>Logo no in\u00edcio, o comentarista apresentou a nova composi\u00e7\u00e3o dos frades na capital catarinense. &#8220;O carisma franciscano nos apresenta um modo pr\u00f3prio de ser e estar na Igreja Local. Os frades que assumem a miss\u00e3o de evangelizar sempre o fazem em e a partir da Fraternidade, valor prim\u00e1rio ao carisma franciscano. Hoje, nossa Par\u00f3quia acolhe oficialmente, com muito carinho, os frades que compor\u00e3o nossa nova Fraternidade, e celebra a solenidade da posse can\u00f4nica de seu novo p\u00e1roco, Frei Germano Guesser. Com ele, recebe a provis\u00e3o de vig\u00e1rio paroquial Frei Jos\u00e9 Lino L\u00fcckmann, e acolhemos Frei Reinaldo Parisi, que chega para compor a Fraternidade, que ainda conta com Frei Elizeu Tambosi&#8221;.<\/p>\n<p>A chuva n\u00e3o afugentou os paroquianos e muito menos um grupo de amigos de Frei Germano e Frei Jos\u00e9, que veio de Gaspar, cidade onde os dois j\u00e1 residiram. Frei Germano at\u00e9 brincou lembrando que n\u00e3o \u00e9 a primeira vez que chove torrencialmente na sua posse. O bispo emendou chamando-o &#8220;homem forte da chuva&#8221;.<\/p>\n<p>No in\u00edcio da Celebra\u00e7\u00e3o foi feita a leitura do decreto de nomea\u00e7\u00e3o (Provis\u00e3o) do p\u00e1roco e do vig\u00e1rio. Depois, o Arcebispo entregou as estolas a Frei Germano e Frei Jos\u00e9, s\u00edmbolo do minist\u00e9rio presbiteral e do servi\u00e7o. Foi feita, ainda, a profiss\u00e3o de f\u00e9 de Frei Germano, afirmando que cr\u00ea em todos os mist\u00e9rios da paix\u00e3o, morte e ressurrei\u00e7\u00e3o de Jesus, para que, assim, possa exercer verdadeiramente seu minist\u00e9rio.<\/p>\n<p>Ap\u00f3s a homilia, o novo p\u00e1roco recebeu a chave do sacr\u00e1rio da Igreja Matriz e, juntamente com o vig\u00e1rio, fez um pequeno momento de adora\u00e7\u00e3o \u00e0 Eucaristia e ouviu do celebrante: &#8220;Lembra-te de que a Eucaristia \u00e9 o \u00e1pice e a fonte de todo culto e da vida crist\u00e3, em que se realiza a unidade do povo de Deus e se completa a constru\u00e7\u00e3o do corpo de cristo. por isso, zela com todo o cuidado para que a Eucaristia seja o centro de toda a a\u00e7\u00e3o pastoral e de toda a vida da Par\u00f3quia&#8221;. Com as m\u00e3os sobre o Evangeli\u00e1rio, Frei Germano ainda fez seu compromisso de fidelidade, reafirmando assim, sua miss\u00e3o de servir fielmente a igreja.<\/p>\n<p>Nas suas palavras de agradecimento, Frei Germano deixou uma mensagem de esperan\u00e7a e otimismo, recordando o compromisso que assumiu quando foi ordenado presb\u00edtero (1993) sob o lema: &#8220;Por uma ovelha s\u00f3, ainda que pequenina, serei a vida inteira um pastor (Jo 10)&#8221;. Para Frei Germano, um p\u00e1roco deve ser um servidor, algu\u00e9m que chega para servir, cuidar e proteger o rebanho. &#8220;Onde quer que estejamos, nos tem lembrado o Papa Francisco na Evangelii Gaudium (Alegria do Evangelho), precisamos caminhar para as periferias da exist\u00eancia humana&#8221;, indicou o p\u00e1roco.<\/p>\n<p><img loading=\"lazy\" class=\"alignleft size-full wp-image-200418\" src=\"https:\/\/franciscanos.org.br\/noticias\/wp-content\/uploads\/2019\/02\/germano_180219_3.jpg\" alt=\"\" width=\"500\" height=\"348\" srcset=\"https:\/\/franciscanos.org.br\/noticias\/wp-content\/uploads\/2019\/02\/germano_180219_3.jpg 500w, https:\/\/franciscanos.org.br\/noticias\/wp-content\/uploads\/2019\/02\/germano_180219_3-450x313.jpg 450w, https:\/\/franciscanos.org.br\/noticias\/wp-content\/uploads\/2019\/02\/germano_180219_3-150x104.jpg 150w\" sizes=\"(max-width: 500px) 100vw, 500px\" \/>&#8220;A periferia existencial n\u00e3o \u00e9 um bairro, uma rua, uma cidade ou outro tipo de espa\u00e7o na cidade ou no campo. A periferia existencial \u00e9 o vazio da vida, \u00e9 a falta de sonho, de utopias, de esperan\u00e7a. Lamentavelmente o mundo est\u00e1 cheio de periferias existenciais. A sociedade est\u00e1 cheia de periferias existenciais&#8221;, lamentou. Segundo Frei Germano, n\u00e3o chega \u00e0 Par\u00f3quia como dono da verdade, mas para &#8220;caminhar com voc\u00eas, com a Igreja povo de Deus&#8221;.<\/p>\n<p>Frei Germano lembrou que estava em casa, pois \u00e9 natural de Ant\u00f4nio Carlos. &#8220;Sempre escutei falar da igreja Santo Ant\u00f4nio, pois meus parentes sempre aqui se dirigiam para se confessar e buscar uma b\u00ean\u00e7\u00e3o dos frades&#8230; Fiquei frade e pensava comigo: ser\u00e1 que um dia poderei morar aqui? E sem pedir, aqui estou. Muito feliz e grato tamb\u00e9m&#8230; Claro, muita coisa mudou. A cidade \u00e9 outra! O mundo est\u00e1 cada vez mais secularizado, a sociedade cada vez mais complexa. Mas gosto de desafios!&#8221;, garantiu.<\/p>\n<p>&#8220;Por isso, com o apoio da Fraternidade Franciscana desta Par\u00f3quia, conto tamb\u00e9m com esta comunidade, especialmente dos respons\u00e1veis pelas pastorais, para caminharmos e crescermos em comunh\u00e3o&#8221;, pediu. Frei Germano lembrou ainda que foi aluno de Frei Jos\u00e9 Lino em Agudos, morou com Frei Eliseu em Curitibanos e com Frei Reinaldo em S\u00e3o Paulo. Agradeceu ao bispo pela presen\u00e7a, o povo e seus confrades.<\/p>\n<p>Terminou com uma ora\u00e7\u00e3o do Almirante William Nimitz (1885 &#8211; 1966), que foi traduzida pelo meu confrade Frei Elze\u00e1rio Schmitt, quando residia com ele na Fraternidade de Gaspar.<\/p>\n<p style=\"padding-left: 30px;\"><em>\u00d3 Deus<\/em><br \/>\n<em>Dai-me coragem, para mudar as coisas que podem ser mudadas.<\/em><br \/>\n<em>Dai-me serenidade, para aceitar as coisas que n\u00e3o podem ser mudadas.<\/em><br \/>\n<em>Dai-me sabedoria, para conhecer a diferen\u00e7a.<\/em><br \/>\n<em>Dai-me sobretudo for\u00e7a, para n\u00e3o desistir daquilo que eu julgo certo, <\/em><br \/>\n<em>&#8230;Mesmo que seja sem esperan\u00e7a<\/em><\/p>\n<p><img loading=\"lazy\" class=\"alignnone size-full wp-image-200419\" src=\"https:\/\/franciscanos.org.br\/noticias\/wp-content\/uploads\/2019\/02\/germano_180219_2.jpg\" alt=\"\" width=\"890\" height=\"627\" srcset=\"https:\/\/franciscanos.org.br\/noticias\/wp-content\/uploads\/2019\/02\/germano_180219_2.jpg 890w, https:\/\/franciscanos.org.br\/noticias\/wp-content\/uploads\/2019\/02\/germano_180219_2-450x317.jpg 450w, https:\/\/franciscanos.org.br\/noticias\/wp-content\/uploads\/2019\/02\/germano_180219_2-768x541.jpg 768w, https:\/\/franciscanos.org.br\/noticias\/wp-content\/uploads\/2019\/02\/germano_180219_2-150x106.jpg 150w\" sizes=\"(max-width: 890px) 100vw, 890px\" \/><\/p>\n","protected":false},"excerpt":{"rendered":"<p>Frei Germano e Frei Jos\u00e9 tomam posse na Par\u00f3quia Santo Ant\u00f4nio de Florian\u00f3polis<\/p>\n","protected":false},"author":3,"featured_media":200420,"comment_status":"open","ping_status":"open","sticky":false,"template":"","format":"standard","meta":[],"categories":[1],"tags":[1161,1375],"acf":[],"yoast_head":"<!-- This site is optimized with the Yoast SEO plugin v19.2 - https:\/\/yoast.com\/wordpress\/plugins\/seo\/ -->\n<title>Toma posse a nova Fraternidade de Florian\u00f3polis - Not\u00edcias - Franciscanos<\/title>\n<meta name=\"robots\" content=\"index, follow, max-snippet:-1, max-image-preview:large, max-video-preview:-1\" \/>\n<link rel=\"canonical\" href=\"https:\/\/franciscanos.org.br\/noticias\/toma-posse-a-nova-fraternidade-de-florianopolis.html\" \/>\n<meta property=\"og:locale\" content=\"pt_BR\" \/>\n<meta property=\"og:type\" content=\"article\" \/>\n<meta property=\"og:title\" content=\"Toma posse a nova Fraternidade de Florian\u00f3polis - Not\u00edcias - Franciscanos\" \/>\n<meta property=\"og:description\" content=\"Frei Germano e Frei Jos\u00e9 tomam posse na Par\u00f3quia Santo Ant\u00f4nio de Florian\u00f3polis\" \/>\n<meta property=\"og:url\" content=\"https:\/\/franciscanos.org.br\/noticias\/toma-posse-a-nova-fraternidade-de-florianopolis.html\" \/>\n<meta property=\"og:site_name\" content=\"Not\u00edcias - Franciscanos\" \/>\n<meta property=\"article:published_time\" content=\"2019-02-18T18:05:32+00:00\" \/>\n<meta property=\"article:modified_time\" content=\"2019-02-18T18:18:06+00:00\" \/>\n<meta property=\"og:image\" content=\"https:\/\/franciscanos.org.br\/noticias\/wp-content\/uploads\/2019\/02\/germano_180219_d.jpg\" \/>\n\t<meta property=\"og:image:width\" content=\"273\" \/>\n\t<meta property=\"og:image:height\" content=\"181\" \/>\n\t<meta property=\"og:image:type\" content=\"image\/jpeg\" \/>\n<meta name=\"author\" content=\"moacir\" \/>\n<meta name=\"twitter:card\" content=\"summary_large_image\" \/>\n<meta name=\"twitter:label1\" content=\"Escrito por\" \/>\n\t<meta name=\"twitter:data1\" content=\"moacir\" \/>\n\t<meta name=\"twitter:label2\" content=\"Est. tempo de leitura\" \/>\n\t<meta name=\"twitter:data2\" content=\"4 minutos\" \/>\n<script type=\"application\/ld+json\" class=\"yoast-schema-graph\">{\"@context\":\"https:\/\/schema.org\",\"@graph\":[{\"@type\":\"WebSite\",\"@id\":\"https:\/\/franciscanos.org.br\/noticias\/#website\",\"url\":\"https:\/\/franciscanos.org.br\/noticias\/\",\"name\":\"Not\u00edcias - Franciscanos\",\"description\":\"Prov\u00edncia Franciscana da Imaculada Concei\u00e7\u00e3o do Brasil - Ordem dos Frades Menores - OFM\",\"potentialAction\":[{\"@type\":\"SearchAction\",\"target\":{\"@type\":\"EntryPoint\",\"urlTemplate\":\"https:\/\/franciscanos.org.br\/noticias\/?s={search_term_string}\"},\"query-input\":\"required name=search_term_string\"}],\"inLanguage\":\"pt-BR\"},{\"@type\":\"ImageObject\",\"inLanguage\":\"pt-BR\",\"@id\":\"https:\/\/franciscanos.org.br\/noticias\/toma-posse-a-nova-fraternidade-de-florianopolis.html#primaryimage\",\"url\":\"https:\/\/franciscanos.org.br\/noticias\/wp-content\/uploads\/2019\/02\/germano_180219_d.jpg\",\"contentUrl\":\"https:\/\/franciscanos.org.br\/noticias\/wp-content\/uploads\/2019\/02\/germano_180219_d.jpg\",\"width\":273,\"height\":181},{\"@type\":\"WebPage\",\"@id\":\"https:\/\/franciscanos.org.br\/noticias\/toma-posse-a-nova-fraternidade-de-florianopolis.html#webpage\",\"url\":\"https:\/\/franciscanos.org.br\/noticias\/toma-posse-a-nova-fraternidade-de-florianopolis.html\",\"name\":\"Toma posse a nova Fraternidade de Florian\u00f3polis - Not\u00edcias - Franciscanos\",\"isPartOf\":{\"@id\":\"https:\/\/franciscanos.org.br\/noticias\/#website\"},\"primaryImageOfPage\":{\"@id\":\"https:\/\/franciscanos.org.br\/noticias\/toma-posse-a-nova-fraternidade-de-florianopolis.html#primaryimage\"},\"datePublished\":\"2019-02-18T18:05:32+00:00\",\"dateModified\":\"2019-02-18T18:18:06+00:00\",\"author\":{\"@id\":\"https:\/\/franciscanos.org.br\/noticias\/#\/schema\/person\/b5c8cba458c330ccff548b056e95a5d4\"},\"breadcrumb\":{\"@id\":\"https:\/\/franciscanos.org.br\/noticias\/toma-posse-a-nova-fraternidade-de-florianopolis.html#breadcrumb\"},\"inLanguage\":\"pt-BR\",\"potentialAction\":[{\"@type\":\"ReadAction\",\"target\":[\"https:\/\/franciscanos.org.br\/noticias\/toma-posse-a-nova-fraternidade-de-florianopolis.html\"]}]},{\"@type\":\"BreadcrumbList\",\"@id\":\"https:\/\/franciscanos.org.br\/noticias\/toma-posse-a-nova-fraternidade-de-florianopolis.html#breadcrumb\",\"itemListElement\":[{\"@type\":\"ListItem\",\"position\":1,\"name\":\"Home\",\"item\":\"https:\/\/franciscanos.org.br\/noticias\"},{\"@type\":\"ListItem\",\"position\":2,\"name\":\"Toma posse a nova Fraternidade de Florian\u00f3polis\"}]},{\"@type\":\"Person\",\"@id\":\"https:\/\/franciscanos.org.br\/noticias\/#\/schema\/person\/b5c8cba458c330ccff548b056e95a5d4\",\"name\":\"moacir\",\"image\":{\"@type\":\"ImageObject\",\"inLanguage\":\"pt-BR\",\"@id\":\"https:\/\/franciscanos.org.br\/noticias\/#\/schema\/person\/image\/\",\"url\":\"https:\/\/secure.gravatar.com\/avatar\/d08aa2ce4c8dd416d4479aa8536fcf64?s=96&d=mm&r=g\",\"contentUrl\":\"https:\/\/secure.gravatar.com\/avatar\/d08aa2ce4c8dd416d4479aa8536fcf64?s=96&d=mm&r=g\",\"caption\":\"moacir\"},\"url\":\"https:\/\/franciscanos.org.br\/noticias\/author\/moacir\"}]}<\/script>\n<!-- \/ Yoast SEO plugin. -->","yoast_head_json":{"title":"Toma posse a nova Fraternidade de Florian\u00f3polis - Not\u00edcias - Franciscanos","robots":{"index":"index","follow":"follow","max-snippet":"max-snippet:-1","max-image-preview":"max-image-preview:large","max-video-preview":"max-video-preview:-1"},"canonical":"https:\/\/franciscanos.org.br\/noticias\/toma-posse-a-nova-fraternidade-de-florianopolis.html","og_locale":"pt_BR","og_type":"article","og_title":"Toma posse a nova Fraternidade de Florian\u00f3polis - Not\u00edcias - Franciscanos","og_description":"Frei Germano e Frei Jos\u00e9 tomam posse na Par\u00f3quia Santo Ant\u00f4nio de Florian\u00f3polis","og_url":"https:\/\/franciscanos.org.br\/noticias\/toma-posse-a-nova-fraternidade-de-florianopolis.html","og_site_name":"Not\u00edcias - Franciscanos","article_published_time":"2019-02-18T18:05:32+00:00","article_modified_time":"2019-02-18T18:18:06+00:00","og_image":[{"width":273,"height":181,"url":"https:\/\/franciscanos.org.br\/noticias\/wp-content\/uploads\/2019\/02\/germano_180219_d.jpg","type":"image\/jpeg"}],"author":"moacir","twitter_card":"summary_large_image","twitter_misc":{"Escrito por":"moacir","Est. tempo de leitura":"4 minutos"},"schema":{"@context":"https:\/\/schema.org","@graph":[{"@type":"WebSite","@id":"https:\/\/franciscanos.org.br\/noticias\/#website","url":"https:\/\/franciscanos.org.br\/noticias\/","name":"Not\u00edcias - Franciscanos","description":"Prov\u00edncia Franciscana da Imaculada Concei\u00e7\u00e3o do Brasil - Ordem dos Frades Menores - OFM","potentialAction":[{"@type":"SearchAction","target":{"@type":"EntryPoint","urlTemplate":"https:\/\/franciscanos.org.br\/noticias\/?s={search_term_string}"},"query-input":"required name=search_term_string"}],"inLanguage":"pt-BR"},{"@type":"ImageObject","inLanguage":"pt-BR","@id":"https:\/\/franciscanos.org.br\/noticias\/toma-posse-a-nova-fraternidade-de-florianopolis.html#primaryimage","url":"https:\/\/franciscanos.org.br\/noticias\/wp-content\/uploads\/2019\/02\/germano_180219_d.jpg","contentUrl":"https:\/\/franciscanos.org.br\/noticias\/wp-content\/uploads\/2019\/02\/germano_180219_d.jpg","width":273,"height":181},{"@type":"WebPage","@id":"https:\/\/franciscanos.org.br\/noticias\/toma-posse-a-nova-fraternidade-de-florianopolis.html#webpage","url":"https:\/\/franciscanos.org.br\/noticias\/toma-posse-a-nova-fraternidade-de-florianopolis.html","name":"Toma posse a nova Fraternidade de Florian\u00f3polis - Not\u00edcias - Franciscanos","isPartOf":{"@id":"https:\/\/franciscanos.org.br\/noticias\/#website"},"primaryImageOfPage":{"@id":"https:\/\/franciscanos.org.br\/noticias\/toma-posse-a-nova-fraternidade-de-florianopolis.html#primaryimage"},"datePublished":"2019-02-18T18:05:32+00:00","dateModified":"2019-02-18T18:18:06+00:00","author":{"@id":"https:\/\/franciscanos.org.br\/noticias\/#\/schema\/person\/b5c8cba458c330ccff548b056e95a5d4"},"breadcrumb":{"@id":"https:\/\/franciscanos.org.br\/noticias\/toma-posse-a-nova-fraternidade-de-florianopolis.html#breadcrumb"},"inLanguage":"pt-BR","potentialAction":[{"@type":"ReadAction","target":["https:\/\/franciscanos.org.br\/noticias\/toma-posse-a-nova-fraternidade-de-florianopolis.html"]}]},{"@type":"BreadcrumbList","@id":"https:\/\/franciscanos.org.br\/noticias\/toma-posse-a-nova-fraternidade-de-florianopolis.html#breadcrumb","itemListElement":[{"@type":"ListItem","position":1,"name":"Home","item":"https:\/\/franciscanos.org.br\/noticias"},{"@type":"ListItem","position":2,"name":"Toma posse a nova Fraternidade de Florian\u00f3polis"}]},{"@type":"Person","@id":"https:\/\/franciscanos.org.br\/noticias\/#\/schema\/person\/b5c8cba458c330ccff548b056e95a5d4","name":"moacir","image":{"@type":"ImageObject","inLanguage":"pt-BR","@id":"https:\/\/franciscanos.org.br\/noticias\/#\/schema\/person\/image\/","url":"https:\/\/secure.gravatar.com\/avatar\/d08aa2ce4c8dd416d4479aa8536fcf64?s=96&d=mm&r=g","contentUrl":"https:\/\/secure.gravatar.com\/avatar\/d08aa2ce4c8dd416d4479aa8536fcf64?s=96&d=mm&r=g","caption":"moacir"},"url":"https:\/\/franciscanos.org.br\/noticias\/author\/moacir"}]}},"_links":{"self":[{"href":"https:\/\/franciscanos.org.br\/noticias\/wp-json\/wp\/v2\/posts\/200415"}],"collection":[{"href":"https:\/\/franciscanos.org.br\/noticias\/wp-json\/wp\/v2\/posts"}],"about":[{"href":"https:\/\/franciscanos.org.br\/noticias\/wp-json\/wp\/v2\/types\/post"}],"author":[{"embeddable":true,"href":"https:\/\/franciscanos.org.br\/noticias\/wp-json\/wp\/v2\/users\/3"}],"replies":[{"embeddable":true,"href":"https:\/\/franciscanos.org.br\/noticias\/wp-json\/wp\/v2\/comments?post=200415"}],"version-history":[{"count":0,"href":"https:\/\/franciscanos.org.br\/noticias\/wp-json\/wp\/v2\/posts\/200415\/revisions"}],"wp:featuredmedia":[{"embeddable":true,"href":"https:\/\/franciscanos.org.br\/noticias\/wp-json\/wp\/v2\/media\/200420"}],"wp:attachment":[{"href":"https:\/\/franciscanos.org.br\/noticias\/wp-json\/wp\/v2\/media?parent=200415"}],"wp:term":[{"taxonomy":"category","embeddable":true,"href":"https:\/\/franciscanos.org.br\/noticias\/wp-json\/wp\/v2\/categories?post=200415"},{"taxonomy":"post_tag","embeddable":true,"href":"https:\/\/franciscanos.org.br\/noticias\/wp-json\/wp\/v2\/tags?post=200415"}],"curies":[{"name":"wp","href":"https:\/\/api.w.org\/{rel}","templated":true}]}}