{"id":200405,"date":"2019-02-11T11:21:55","date_gmt":"2019-02-11T13:21:55","guid":{"rendered":"https:\/\/franciscanos.org.br\/noticias\/?p=200405"},"modified":"2019-09-02T10:56:58","modified_gmt":"2019-09-02T13:56:58","slug":"paroquia-sao-joao-batista-acolhe-seu-novo-paroco","status":"publish","type":"post","link":"https:\/\/franciscanos.org.br\/noticias\/paroquia-sao-joao-batista-acolhe-seu-novo-paroco.html","title":{"rendered":"Par\u00f3quia S\u00e3o Jo\u00e3o Batista acolhe seu novo p\u00e1roco"},"content":{"rendered":"<p><strong><img loading=\"lazy\" class=\"alignnone size-full wp-image-200406\" src=\"https:\/\/franciscanos.org.br\/noticias\/wp-content\/uploads\/2019\/02\/meriti_110219.png\" alt=\"\" width=\"980\" height=\"550\" srcset=\"https:\/\/franciscanos.org.br\/noticias\/wp-content\/uploads\/2019\/02\/meriti_110219.png 980w, https:\/\/franciscanos.org.br\/noticias\/wp-content\/uploads\/2019\/02\/meriti_110219-450x253.png 450w, https:\/\/franciscanos.org.br\/noticias\/wp-content\/uploads\/2019\/02\/meriti_110219-768x431.png 768w, https:\/\/franciscanos.org.br\/noticias\/wp-content\/uploads\/2019\/02\/meriti_110219-150x84.png 150w\" sizes=\"(max-width: 980px) 100vw, 980px\" \/><\/strong><\/p>\n<p><strong>S\u00e3o Jo\u00e3o do Meriti (RJ) &#8211;<\/strong> No s\u00e1bado, 9 de fevereiro, a comunidade paroquial de S\u00e3o Jo\u00e3o Batista, em S\u00e3o Jo\u00e3o de Meriti (RJ) acolheu Dom Tarc\u00edsio Nascentes dos Santos, bispo de Duque de Caxias,\u00a0para dar a Frei Vanderley Grassi a posse de p\u00e1roco. Durante a Missa, tamb\u00e9m foi apresentada a nova fraternidade, composta por Frei Cid Tadeu Passos, Frei Airton da Rosa\u00a0Oliveira (Frei Soneca) e Frei Gaud\u00eancio Sens, este \u00faltimo remanescente da equipe anterior, que compor\u00e3o a fraternidade franciscana S\u00e3o Jo\u00e3o Batista.<\/p>\n<p><img loading=\"lazy\" class=\"alignleft wp-image-200408\" src=\"https:\/\/franciscanos.org.br\/noticias\/wp-content\/uploads\/2019\/02\/meriti2_110219.png\" alt=\"\" width=\"400\" height=\"534\" srcset=\"https:\/\/franciscanos.org.br\/noticias\/wp-content\/uploads\/2019\/02\/meriti2_110219.png 611w, https:\/\/franciscanos.org.br\/noticias\/wp-content\/uploads\/2019\/02\/meriti2_110219-337x450.png 337w, https:\/\/franciscanos.org.br\/noticias\/wp-content\/uploads\/2019\/02\/meriti2_110219-150x200.png 150w\" sizes=\"(max-width: 400px) 100vw, 400px\" \/>Representando a Prov\u00edncia Franciscana da Imaculada Concei\u00e7\u00e3o do Brasil, esteve presente na celebra\u00e7\u00e3o Frei Paulo Pereira, Definidor Provincial. Al\u00e9m da presen\u00e7a dos\u00a0paroquianos das 15 comunidades, participaram da celebra\u00e7\u00e3o os amigos de Frei Vanderley, que vieram do Estado de Santa Catarina e o Vig\u00e1rio Geral da Diocese, Padre\u00a0Renato Gentile.<\/p>\n<p><strong>Biografia<\/strong><\/p>\n<p>Capixaba de Colatina, Vanderley Grassi nasceu em 21 de outubro de 1975. Ingressou na Ordem dos Frades Menores no dia 8 de janeiro de 2004. Fez a profiss\u00e3o solene no dia 5 de novembro de 2009. Foi ordenado presb\u00edtero em 24 de mar\u00e7o de 2012 no Santu\u00e1rio do Divino Esp\u00edrito Santo, em Vila Velha (ES). Ap\u00f3s trabalhar por seis\u00a0\u00a0anos na Par\u00f3quia Santo Ant\u00f4nio, em Florian\u00f3polis (SC) onde foi p\u00e1roco e guardi\u00e3o da fraternidade, chega em S\u00e3o Jo\u00e3o de Meriti para exercer as mesmas fun\u00e7\u00f5es anteriores.<\/p>\n<p><strong>Consagra\u00e7\u00e3o a Nossa Senhora<\/strong><\/p>\n<p>Ap\u00f3s a b\u00ean\u00e7\u00e3o final, o novo p\u00e1roco convidou a todos a realizarem a consagra\u00e7\u00e3o a Nossa Senhora, pedindo que Deus o ajude na miss\u00e3o e a todos os paroquianos a\u00a0prepararem e seguirem nos caminhos do Senhor, a exemplo de S\u00e3o Jo\u00e3o Batista.<\/p>\n","protected":false},"excerpt":{"rendered":"<p>S\u00e3o Jo\u00e3o do Meriti (RJ) &#8211; No s\u00e1bado, 9 de fevereiro, a comunidade paroquial de S\u00e3o Jo\u00e3o Batista, em S\u00e3o Jo\u00e3o de Meriti (RJ) acolheu Dom Tarc\u00edsio Nascentes dos Santos, bispo de Duque de Caxias,\u00a0para dar a Frei Vanderley Grassi a posse de p\u00e1roco. Durante a Missa, tamb\u00e9m foi apresentada a nova fraternidade, composta por [&hellip;]<\/p>\n","protected":false},"author":1,"featured_media":200407,"comment_status":"open","ping_status":"open","sticky":false,"template":"","format":"standard","meta":[],"categories":[1],"tags":[1524],"acf":[],"yoast_head":"<!-- This site is optimized with the Yoast SEO plugin v19.2 - https:\/\/yoast.com\/wordpress\/plugins\/seo\/ -->\n<title>Par\u00f3quia S\u00e3o Jo\u00e3o Batista acolhe seu novo p\u00e1roco - Not\u00edcias - Franciscanos<\/title>\n<meta name=\"robots\" content=\"index, follow, max-snippet:-1, max-image-preview:large, max-video-preview:-1\" \/>\n<link rel=\"canonical\" href=\"https:\/\/franciscanos.org.br\/noticias\/paroquia-sao-joao-batista-acolhe-seu-novo-paroco.html\" \/>\n<meta property=\"og:locale\" content=\"pt_BR\" \/>\n<meta property=\"og:type\" content=\"article\" \/>\n<meta property=\"og:title\" content=\"Par\u00f3quia S\u00e3o Jo\u00e3o Batista acolhe seu novo p\u00e1roco - Not\u00edcias - Franciscanos\" \/>\n<meta property=\"og:description\" content=\"S\u00e3o Jo\u00e3o do Meriti (RJ) &#8211; No s\u00e1bado, 9 de fevereiro, a comunidade paroquial de S\u00e3o Jo\u00e3o Batista, em S\u00e3o Jo\u00e3o de Meriti (RJ) acolheu Dom Tarc\u00edsio Nascentes dos Santos, bispo de Duque de Caxias,\u00a0para dar a Frei Vanderley Grassi a posse de p\u00e1roco. Durante a Missa, tamb\u00e9m foi apresentada a nova fraternidade, composta por [&hellip;]\" \/>\n<meta property=\"og:url\" content=\"https:\/\/franciscanos.org.br\/noticias\/paroquia-sao-joao-batista-acolhe-seu-novo-paroco.html\" \/>\n<meta property=\"og:site_name\" content=\"Not\u00edcias - Franciscanos\" \/>\n<meta property=\"article:published_time\" content=\"2019-02-11T13:21:55+00:00\" \/>\n<meta property=\"article:modified_time\" content=\"2019-09-02T13:56:58+00:00\" \/>\n<meta property=\"og:image\" content=\"https:\/\/franciscanos.org.br\/noticias\/wp-content\/uploads\/2019\/02\/meritiP_110219.png\" \/>\n\t<meta property=\"og:image:width\" content=\"273\" \/>\n\t<meta property=\"og:image:height\" content=\"181\" \/>\n\t<meta property=\"og:image:type\" content=\"image\/png\" \/>\n<meta name=\"author\" content=\"admin\" \/>\n<meta name=\"twitter:card\" content=\"summary_large_image\" \/>\n<meta name=\"twitter:label1\" content=\"Escrito por\" \/>\n\t<meta name=\"twitter:data1\" content=\"admin\" \/>\n\t<meta name=\"twitter:label2\" content=\"Est. tempo de leitura\" \/>\n\t<meta name=\"twitter:data2\" content=\"2 minutos\" \/>\n<script type=\"application\/ld+json\" class=\"yoast-schema-graph\">{\"@context\":\"https:\/\/schema.org\",\"@graph\":[{\"@type\":\"WebSite\",\"@id\":\"https:\/\/franciscanos.org.br\/noticias\/#website\",\"url\":\"https:\/\/franciscanos.org.br\/noticias\/\",\"name\":\"Not\u00edcias - Franciscanos\",\"description\":\"Prov\u00edncia Franciscana da Imaculada Concei\u00e7\u00e3o do Brasil - Ordem dos Frades Menores - OFM\",\"potentialAction\":[{\"@type\":\"SearchAction\",\"target\":{\"@type\":\"EntryPoint\",\"urlTemplate\":\"https:\/\/franciscanos.org.br\/noticias\/?s={search_term_string}\"},\"query-input\":\"required name=search_term_string\"}],\"inLanguage\":\"pt-BR\"},{\"@type\":\"ImageObject\",\"inLanguage\":\"pt-BR\",\"@id\":\"https:\/\/franciscanos.org.br\/noticias\/paroquia-sao-joao-batista-acolhe-seu-novo-paroco.html#primaryimage\",\"url\":\"https:\/\/franciscanos.org.br\/noticias\/wp-content\/uploads\/2019\/02\/meritiP_110219.png\",\"contentUrl\":\"https:\/\/franciscanos.org.br\/noticias\/wp-content\/uploads\/2019\/02\/meritiP_110219.png\",\"width\":273,\"height\":181},{\"@type\":\"WebPage\",\"@id\":\"https:\/\/franciscanos.org.br\/noticias\/paroquia-sao-joao-batista-acolhe-seu-novo-paroco.html#webpage\",\"url\":\"https:\/\/franciscanos.org.br\/noticias\/paroquia-sao-joao-batista-acolhe-seu-novo-paroco.html\",\"name\":\"Par\u00f3quia S\u00e3o Jo\u00e3o Batista acolhe seu novo p\u00e1roco - Not\u00edcias - Franciscanos\",\"isPartOf\":{\"@id\":\"https:\/\/franciscanos.org.br\/noticias\/#website\"},\"primaryImageOfPage\":{\"@id\":\"https:\/\/franciscanos.org.br\/noticias\/paroquia-sao-joao-batista-acolhe-seu-novo-paroco.html#primaryimage\"},\"datePublished\":\"2019-02-11T13:21:55+00:00\",\"dateModified\":\"2019-09-02T13:56:58+00:00\",\"author\":{\"@id\":\"https:\/\/franciscanos.org.br\/noticias\/#\/schema\/person\/b38fbf43118f02820bd932f2e4b14ad3\"},\"breadcrumb\":{\"@id\":\"https:\/\/franciscanos.org.br\/noticias\/paroquia-sao-joao-batista-acolhe-seu-novo-paroco.html#breadcrumb\"},\"inLanguage\":\"pt-BR\",\"potentialAction\":[{\"@type\":\"ReadAction\",\"target\":[\"https:\/\/franciscanos.org.br\/noticias\/paroquia-sao-joao-batista-acolhe-seu-novo-paroco.html\"]}]},{\"@type\":\"BreadcrumbList\",\"@id\":\"https:\/\/franciscanos.org.br\/noticias\/paroquia-sao-joao-batista-acolhe-seu-novo-paroco.html#breadcrumb\",\"itemListElement\":[{\"@type\":\"ListItem\",\"position\":1,\"name\":\"Home\",\"item\":\"https:\/\/franciscanos.org.br\/noticias\"},{\"@type\":\"ListItem\",\"position\":2,\"name\":\"Par\u00f3quia S\u00e3o Jo\u00e3o Batista acolhe seu novo p\u00e1roco\"}]},{\"@type\":\"Person\",\"@id\":\"https:\/\/franciscanos.org.br\/noticias\/#\/schema\/person\/b38fbf43118f02820bd932f2e4b14ad3\",\"name\":\"admin\",\"image\":{\"@type\":\"ImageObject\",\"inLanguage\":\"pt-BR\",\"@id\":\"https:\/\/franciscanos.org.br\/noticias\/#\/schema\/person\/image\/\",\"url\":\"https:\/\/secure.gravatar.com\/avatar\/e8495742d34d0ba6448ea1c628263b3e?s=96&d=mm&r=g\",\"contentUrl\":\"https:\/\/secure.gravatar.com\/avatar\/e8495742d34d0ba6448ea1c628263b3e?s=96&d=mm&r=g\",\"caption\":\"admin\"},\"url\":\"https:\/\/franciscanos.org.br\/noticias\/author\/admin\"}]}<\/script>\n<!-- \/ Yoast SEO plugin. -->","yoast_head_json":{"title":"Par\u00f3quia S\u00e3o Jo\u00e3o Batista acolhe seu novo p\u00e1roco - Not\u00edcias - Franciscanos","robots":{"index":"index","follow":"follow","max-snippet":"max-snippet:-1","max-image-preview":"max-image-preview:large","max-video-preview":"max-video-preview:-1"},"canonical":"https:\/\/franciscanos.org.br\/noticias\/paroquia-sao-joao-batista-acolhe-seu-novo-paroco.html","og_locale":"pt_BR","og_type":"article","og_title":"Par\u00f3quia S\u00e3o Jo\u00e3o Batista acolhe seu novo p\u00e1roco - Not\u00edcias - Franciscanos","og_description":"S\u00e3o Jo\u00e3o do Meriti (RJ) &#8211; No s\u00e1bado, 9 de fevereiro, a comunidade paroquial de S\u00e3o Jo\u00e3o Batista, em S\u00e3o Jo\u00e3o de Meriti (RJ) acolheu Dom Tarc\u00edsio Nascentes dos Santos, bispo de Duque de Caxias,\u00a0para dar a Frei Vanderley Grassi a posse de p\u00e1roco. Durante a Missa, tamb\u00e9m foi apresentada a nova fraternidade, composta por [&hellip;]","og_url":"https:\/\/franciscanos.org.br\/noticias\/paroquia-sao-joao-batista-acolhe-seu-novo-paroco.html","og_site_name":"Not\u00edcias - Franciscanos","article_published_time":"2019-02-11T13:21:55+00:00","article_modified_time":"2019-09-02T13:56:58+00:00","og_image":[{"width":273,"height":181,"url":"https:\/\/franciscanos.org.br\/noticias\/wp-content\/uploads\/2019\/02\/meritiP_110219.png","type":"image\/png"}],"author":"admin","twitter_card":"summary_large_image","twitter_misc":{"Escrito por":"admin","Est. tempo de leitura":"2 minutos"},"schema":{"@context":"https:\/\/schema.org","@graph":[{"@type":"WebSite","@id":"https:\/\/franciscanos.org.br\/noticias\/#website","url":"https:\/\/franciscanos.org.br\/noticias\/","name":"Not\u00edcias - Franciscanos","description":"Prov\u00edncia Franciscana da Imaculada Concei\u00e7\u00e3o do Brasil - Ordem dos Frades Menores - OFM","potentialAction":[{"@type":"SearchAction","target":{"@type":"EntryPoint","urlTemplate":"https:\/\/franciscanos.org.br\/noticias\/?s={search_term_string}"},"query-input":"required name=search_term_string"}],"inLanguage":"pt-BR"},{"@type":"ImageObject","inLanguage":"pt-BR","@id":"https:\/\/franciscanos.org.br\/noticias\/paroquia-sao-joao-batista-acolhe-seu-novo-paroco.html#primaryimage","url":"https:\/\/franciscanos.org.br\/noticias\/wp-content\/uploads\/2019\/02\/meritiP_110219.png","contentUrl":"https:\/\/franciscanos.org.br\/noticias\/wp-content\/uploads\/2019\/02\/meritiP_110219.png","width":273,"height":181},{"@type":"WebPage","@id":"https:\/\/franciscanos.org.br\/noticias\/paroquia-sao-joao-batista-acolhe-seu-novo-paroco.html#webpage","url":"https:\/\/franciscanos.org.br\/noticias\/paroquia-sao-joao-batista-acolhe-seu-novo-paroco.html","name":"Par\u00f3quia S\u00e3o Jo\u00e3o Batista acolhe seu novo p\u00e1roco - Not\u00edcias - Franciscanos","isPartOf":{"@id":"https:\/\/franciscanos.org.br\/noticias\/#website"},"primaryImageOfPage":{"@id":"https:\/\/franciscanos.org.br\/noticias\/paroquia-sao-joao-batista-acolhe-seu-novo-paroco.html#primaryimage"},"datePublished":"2019-02-11T13:21:55+00:00","dateModified":"2019-09-02T13:56:58+00:00","author":{"@id":"https:\/\/franciscanos.org.br\/noticias\/#\/schema\/person\/b38fbf43118f02820bd932f2e4b14ad3"},"breadcrumb":{"@id":"https:\/\/franciscanos.org.br\/noticias\/paroquia-sao-joao-batista-acolhe-seu-novo-paroco.html#breadcrumb"},"inLanguage":"pt-BR","potentialAction":[{"@type":"ReadAction","target":["https:\/\/franciscanos.org.br\/noticias\/paroquia-sao-joao-batista-acolhe-seu-novo-paroco.html"]}]},{"@type":"BreadcrumbList","@id":"https:\/\/franciscanos.org.br\/noticias\/paroquia-sao-joao-batista-acolhe-seu-novo-paroco.html#breadcrumb","itemListElement":[{"@type":"ListItem","position":1,"name":"Home","item":"https:\/\/franciscanos.org.br\/noticias"},{"@type":"ListItem","position":2,"name":"Par\u00f3quia S\u00e3o Jo\u00e3o Batista acolhe seu novo p\u00e1roco"}]},{"@type":"Person","@id":"https:\/\/franciscanos.org.br\/noticias\/#\/schema\/person\/b38fbf43118f02820bd932f2e4b14ad3","name":"admin","image":{"@type":"ImageObject","inLanguage":"pt-BR","@id":"https:\/\/franciscanos.org.br\/noticias\/#\/schema\/person\/image\/","url":"https:\/\/secure.gravatar.com\/avatar\/e8495742d34d0ba6448ea1c628263b3e?s=96&d=mm&r=g","contentUrl":"https:\/\/secure.gravatar.com\/avatar\/e8495742d34d0ba6448ea1c628263b3e?s=96&d=mm&r=g","caption":"admin"},"url":"https:\/\/franciscanos.org.br\/noticias\/author\/admin"}]}},"_links":{"self":[{"href":"https:\/\/franciscanos.org.br\/noticias\/wp-json\/wp\/v2\/posts\/200405"}],"collection":[{"href":"https:\/\/franciscanos.org.br\/noticias\/wp-json\/wp\/v2\/posts"}],"about":[{"href":"https:\/\/franciscanos.org.br\/noticias\/wp-json\/wp\/v2\/types\/post"}],"author":[{"embeddable":true,"href":"https:\/\/franciscanos.org.br\/noticias\/wp-json\/wp\/v2\/users\/1"}],"replies":[{"embeddable":true,"href":"https:\/\/franciscanos.org.br\/noticias\/wp-json\/wp\/v2\/comments?post=200405"}],"version-history":[{"count":0,"href":"https:\/\/franciscanos.org.br\/noticias\/wp-json\/wp\/v2\/posts\/200405\/revisions"}],"wp:featuredmedia":[{"embeddable":true,"href":"https:\/\/franciscanos.org.br\/noticias\/wp-json\/wp\/v2\/media\/200407"}],"wp:attachment":[{"href":"https:\/\/franciscanos.org.br\/noticias\/wp-json\/wp\/v2\/media?parent=200405"}],"wp:term":[{"taxonomy":"category","embeddable":true,"href":"https:\/\/franciscanos.org.br\/noticias\/wp-json\/wp\/v2\/categories?post=200405"},{"taxonomy":"post_tag","embeddable":true,"href":"https:\/\/franciscanos.org.br\/noticias\/wp-json\/wp\/v2\/tags?post=200405"}],"curies":[{"name":"wp","href":"https:\/\/api.w.org\/{rel}","templated":true}]}}