{"id":200372,"date":"2019-02-17T15:56:23","date_gmt":"2019-02-17T18:56:23","guid":{"rendered":"https:\/\/franciscanos.org.br\/noticias\/?p=200372"},"modified":"2019-02-18T08:03:06","modified_gmt":"2019-02-18T11:03:06","slug":"frei-leandro-celebra-primeira-missa-em-vila-velha","status":"publish","type":"post","link":"https:\/\/franciscanos.org.br\/noticias\/frei-leandro-celebra-primeira-missa-em-vila-velha.html","title":{"rendered":"Frei Leandro celebra Primeira Missa em Vila Velha"},"content":{"rendered":"<p><img loading=\"lazy\" class=\"alignnone size-full wp-image-200373\" src=\"https:\/\/franciscanos.org.br\/noticias\/wp-content\/uploads\/2019\/02\/vialvelha_180219.jpg\" alt=\"\" width=\"890\" height=\"594\" srcset=\"https:\/\/franciscanos.org.br\/noticias\/wp-content\/uploads\/2019\/02\/vialvelha_180219.jpg 890w, https:\/\/franciscanos.org.br\/noticias\/wp-content\/uploads\/2019\/02\/vialvelha_180219-450x300.jpg 450w, https:\/\/franciscanos.org.br\/noticias\/wp-content\/uploads\/2019\/02\/vialvelha_180219-768x513.jpg 768w, https:\/\/franciscanos.org.br\/noticias\/wp-content\/uploads\/2019\/02\/vialvelha_180219-150x100.jpg 150w\" sizes=\"(max-width: 890px) 100vw, 890px\" \/><\/p>\n<p><strong>Vila Velha (ES)<\/strong> &#8211; Neste domingo, 17 de fevereiro, o rec\u00e9m-ordenado presb\u00edtero, Frei Leandro Costa Santos, voltou a Vila Velha, onde residiu nos \u00faltimos anos, para celebrar a Primeira Missa. A igreja do Santu\u00e1rio Divino Esp\u00edrito Santo estava repleta de fi\u00e9is de todas as Comunidades que queriam v\u00ea-lo e, mais uma vez, abra\u00e7\u00e1-lo. Ap\u00f3s a comentarista acolher a todos presentes, iniciou a prociss\u00e3o de entrada com os coroinhas e ac\u00f3litos, ministros de Eucaristia, os di\u00e1conos Carlos e Campello, o p\u00e1roco Frei Djalmo Fuck, Frei Adriano Dias do Nascimento, Frei Clar\u00eancio Neotti, Frei Nazareno L\u00fcdtke, Frei Claudius Guski, Frei Matheus Borsoi, Frei Paulo Pereira e o celebrante do dia Frei Leandro.<\/p>\n<p>Frei Leandro agradeceu a Deus por celebrar nessa Par\u00f3quia, onde serviu por dois anos como frei e tamb\u00e9m como di\u00e1cono. Ap\u00f3s a leitura do Evangelho das bem-aventuran\u00e7as de Lucas, o celebrante ressaltou que independente da situa\u00e7\u00e3o geogr\u00e1fica onde ocorreu essa fala de Jesus &#8211; se na montanha ou na plan\u00edcie &#8211; O que nos deve chamar aten\u00e7\u00e3o, nesse momento, \u00e9 o desejo e convite de Jesus ao estado de felicidade definitivo e total, recomendado aos seus seguidores: \u201cBem aventurados os pobres\u2026 famintos\u2026 os que choram\u2026 os que s\u00e3o odiados por causa do nome dele\u2026\u201d (cf. Mt 6, v. 20, 21 e 22).<\/p>\n<p><img loading=\"lazy\" class=\"alignnone size-full wp-image-200374\" src=\"https:\/\/franciscanos.org.br\/noticias\/wp-content\/uploads\/2019\/02\/vilavelha_180219_2.jpg\" alt=\"\" width=\"890\" height=\"447\" srcset=\"https:\/\/franciscanos.org.br\/noticias\/wp-content\/uploads\/2019\/02\/vilavelha_180219_2.jpg 890w, https:\/\/franciscanos.org.br\/noticias\/wp-content\/uploads\/2019\/02\/vilavelha_180219_2-450x226.jpg 450w, https:\/\/franciscanos.org.br\/noticias\/wp-content\/uploads\/2019\/02\/vilavelha_180219_2-768x386.jpg 768w, https:\/\/franciscanos.org.br\/noticias\/wp-content\/uploads\/2019\/02\/vilavelha_180219_2-150x75.jpg 150w\" sizes=\"(max-width: 890px) 100vw, 890px\" \/><\/p>\n<p>Segundo Frei Leandro, s\u00e3o quatro as condi\u00e7\u00f5es de vida, ou situa\u00e7\u00f5es reais da vida pelas quais Jesus concentra e endere\u00e7a a felicidade: Abrir m\u00e3o das supostas seguran\u00e7as que o mundo pode nos oferecer; enfrentar adversidades; ser desafiado; tudo isso assegurado numa \u00fanica e verdadeira esperan\u00e7a: \u201cNossa esperan\u00e7a \u00e9 o Cristo\u201d, como nos diz Paulo na segunda leitura (cf. 1Cor 15, 12.16-20).<\/p>\n<p>&#8220;Todos n\u00f3s queremos tomar um rumo que nos assegure, que nos garanta a felicidade. Essa \u00e9 nossa vontade. Mas temos que ter no\u00e7\u00e3o do que, de quem, de onde associamos nossos dias para obten\u00e7\u00e3o desta gra\u00e7a, a vida feliz. Em Jeremias, j\u00e1 havia o convite a felicidade. Esses s\u00e3o felizes \u00e0 medida que confiam no Senhor (cf. 17, 5. 7.)&#8221;, sinalizou Frei Leandro, finalizando com um pedido\u00a0ao Minist\u00e9rio de M\u00fasica que cantasse mais uma vez o refr\u00e3o do Salmo, onde diz \u201c\u00c9 feliz quem a Deus se confia!\u201d, e refor\u00e7a a todos n\u00f3s para que confiemos plenamente no Senhor, pois Ele nos conhece.<\/p>\n<p>Frei Djalmo, ap\u00f3s alguns avisos da Par\u00f3quia, seguiu com uma bela homenagem a Frei Leandro, e lembrou o momento que vivemos no final de semana de sua Ordena\u00e7\u00e3o, onde est\u00e1vamos presentes em S\u00e3o Paulo. Seguiu desejando que \u201cFrei Leandro tenha um Minist\u00e9rio muito frut\u00edfero\u201d. E tamb\u00e9m \u201cque ele possa espalhar o bem e o amor por onde passar\u201d.<\/p>\n<p><img loading=\"lazy\" class=\"alignnone size-full wp-image-200375\" src=\"https:\/\/franciscanos.org.br\/noticias\/wp-content\/uploads\/2019\/02\/vilavelha_180219_3.jpg\" alt=\"\" width=\"890\" height=\"594\" srcset=\"https:\/\/franciscanos.org.br\/noticias\/wp-content\/uploads\/2019\/02\/vilavelha_180219_3.jpg 890w, https:\/\/franciscanos.org.br\/noticias\/wp-content\/uploads\/2019\/02\/vilavelha_180219_3-450x300.jpg 450w, https:\/\/franciscanos.org.br\/noticias\/wp-content\/uploads\/2019\/02\/vilavelha_180219_3-768x513.jpg 768w, https:\/\/franciscanos.org.br\/noticias\/wp-content\/uploads\/2019\/02\/vilavelha_180219_3-150x100.jpg 150w\" sizes=\"(max-width: 890px) 100vw, 890px\" \/><\/p>\n<p>Entregando-lhe um buqu\u00ea de flores, tamb\u00e9m desejou que \u201cele possa espalhar esse colorido por onde passar\u201d, pelo que foi aplaudido calorosamente. \u201cLeve esse calor e esse colorido para o seu Minist\u00e9rio que se iniciou na \u00faltima semana\u201d. Frei Djalmo finalizou apresentando a nova Fraternidade, que agora \u00e9 composta por ele, Frei Clar\u00eancio, Frei Nazareno, Frei Adriano, Frei Claudius e Frei Matheus.<\/p>\n<p>Frei Leandro agradeceu a todos, onde carinhosamente disse que a Par\u00f3quia \u00e9 \u201co primeiro amor\u201d dele, porque aqui ele teve a oportunidade de exercer sua fun\u00e7\u00e3o como frei e di\u00e1cono. Agradeceu pelos ensinamentos durante todo esse per\u00edodo, e quem sabe, com todas as voltas que a vida d\u00e1, ele possa um dia estar de volta.<\/p>\n<p>Reafirmou a sua localiza\u00e7\u00e3o atual, no centro de S\u00e3o Paulo e finalizou ressaltando o tema escolhido para sua Ordena\u00e7\u00e3o \u201cApascenta as minhas Ovelhas\u201d Jo 21, 17. Pediu as nossas ora\u00e7\u00f5es para sua Miss\u00e3o com as ovelhas de Deus.<\/p>\n<p><em>Pascom da Par\u00f3quia do Ros\u00e1rio<\/em><\/p>\n<p><img loading=\"lazy\" class=\"alignnone size-full wp-image-200376\" src=\"https:\/\/franciscanos.org.br\/noticias\/wp-content\/uploads\/2019\/02\/vilavelha_180219_1.jpg\" alt=\"\" width=\"890\" height=\"434\" srcset=\"https:\/\/franciscanos.org.br\/noticias\/wp-content\/uploads\/2019\/02\/vilavelha_180219_1.jpg 890w, https:\/\/franciscanos.org.br\/noticias\/wp-content\/uploads\/2019\/02\/vilavelha_180219_1-450x219.jpg 450w, https:\/\/franciscanos.org.br\/noticias\/wp-content\/uploads\/2019\/02\/vilavelha_180219_1-768x375.jpg 768w, https:\/\/franciscanos.org.br\/noticias\/wp-content\/uploads\/2019\/02\/vilavelha_180219_1-150x73.jpg 150w\" sizes=\"(max-width: 890px) 100vw, 890px\" \/><\/p>\n<p>&nbsp;<\/p>\n","protected":false},"excerpt":{"rendered":"<p>Frei Leandro retorna a Vila Velha para celebrar a Primeira Missa<\/p>\n","protected":false},"author":3,"featured_media":200377,"comment_status":"open","ping_status":"open","sticky":false,"template":"","format":"standard","meta":[],"categories":[1],"tags":[1196,157],"acf":[],"yoast_head":"<!-- This site is optimized with the Yoast SEO plugin v19.2 - https:\/\/yoast.com\/wordpress\/plugins\/seo\/ -->\n<title>Frei Leandro celebra Primeira Missa em Vila Velha - Not\u00edcias - Franciscanos<\/title>\n<meta name=\"robots\" content=\"index, follow, max-snippet:-1, max-image-preview:large, max-video-preview:-1\" \/>\n<link rel=\"canonical\" href=\"https:\/\/franciscanos.org.br\/noticias\/frei-leandro-celebra-primeira-missa-em-vila-velha.html\" \/>\n<meta property=\"og:locale\" content=\"pt_BR\" \/>\n<meta property=\"og:type\" content=\"article\" \/>\n<meta property=\"og:title\" content=\"Frei Leandro celebra Primeira Missa em Vila Velha - Not\u00edcias - Franciscanos\" \/>\n<meta property=\"og:description\" content=\"Frei Leandro retorna a Vila Velha para celebrar a Primeira Missa\" \/>\n<meta property=\"og:url\" content=\"https:\/\/franciscanos.org.br\/noticias\/frei-leandro-celebra-primeira-missa-em-vila-velha.html\" \/>\n<meta property=\"og:site_name\" content=\"Not\u00edcias - Franciscanos\" \/>\n<meta property=\"article:published_time\" content=\"2019-02-17T18:56:23+00:00\" \/>\n<meta property=\"article:modified_time\" content=\"2019-02-18T11:03:06+00:00\" \/>\n<meta property=\"og:image\" content=\"https:\/\/franciscanos.org.br\/noticias\/wp-content\/uploads\/2019\/02\/vialvelha_180219d.jpg\" \/>\n\t<meta property=\"og:image:width\" content=\"273\" \/>\n\t<meta property=\"og:image:height\" content=\"181\" \/>\n\t<meta property=\"og:image:type\" content=\"image\/jpeg\" \/>\n<meta name=\"author\" content=\"moacir\" \/>\n<meta name=\"twitter:card\" content=\"summary_large_image\" \/>\n<meta name=\"twitter:label1\" content=\"Escrito por\" \/>\n\t<meta name=\"twitter:data1\" content=\"moacir\" \/>\n\t<meta name=\"twitter:label2\" content=\"Est. tempo de leitura\" \/>\n\t<meta name=\"twitter:data2\" content=\"3 minutos\" \/>\n<script type=\"application\/ld+json\" class=\"yoast-schema-graph\">{\"@context\":\"https:\/\/schema.org\",\"@graph\":[{\"@type\":\"WebSite\",\"@id\":\"https:\/\/franciscanos.org.br\/noticias\/#website\",\"url\":\"https:\/\/franciscanos.org.br\/noticias\/\",\"name\":\"Not\u00edcias - Franciscanos\",\"description\":\"Prov\u00edncia Franciscana da Imaculada Concei\u00e7\u00e3o do Brasil - Ordem dos Frades Menores - OFM\",\"potentialAction\":[{\"@type\":\"SearchAction\",\"target\":{\"@type\":\"EntryPoint\",\"urlTemplate\":\"https:\/\/franciscanos.org.br\/noticias\/?s={search_term_string}\"},\"query-input\":\"required name=search_term_string\"}],\"inLanguage\":\"pt-BR\"},{\"@type\":\"ImageObject\",\"inLanguage\":\"pt-BR\",\"@id\":\"https:\/\/franciscanos.org.br\/noticias\/frei-leandro-celebra-primeira-missa-em-vila-velha.html#primaryimage\",\"url\":\"https:\/\/franciscanos.org.br\/noticias\/wp-content\/uploads\/2019\/02\/vialvelha_180219d.jpg\",\"contentUrl\":\"https:\/\/franciscanos.org.br\/noticias\/wp-content\/uploads\/2019\/02\/vialvelha_180219d.jpg\",\"width\":273,\"height\":181},{\"@type\":\"WebPage\",\"@id\":\"https:\/\/franciscanos.org.br\/noticias\/frei-leandro-celebra-primeira-missa-em-vila-velha.html#webpage\",\"url\":\"https:\/\/franciscanos.org.br\/noticias\/frei-leandro-celebra-primeira-missa-em-vila-velha.html\",\"name\":\"Frei Leandro celebra Primeira Missa em Vila Velha - Not\u00edcias - Franciscanos\",\"isPartOf\":{\"@id\":\"https:\/\/franciscanos.org.br\/noticias\/#website\"},\"primaryImageOfPage\":{\"@id\":\"https:\/\/franciscanos.org.br\/noticias\/frei-leandro-celebra-primeira-missa-em-vila-velha.html#primaryimage\"},\"datePublished\":\"2019-02-17T18:56:23+00:00\",\"dateModified\":\"2019-02-18T11:03:06+00:00\",\"author\":{\"@id\":\"https:\/\/franciscanos.org.br\/noticias\/#\/schema\/person\/b5c8cba458c330ccff548b056e95a5d4\"},\"breadcrumb\":{\"@id\":\"https:\/\/franciscanos.org.br\/noticias\/frei-leandro-celebra-primeira-missa-em-vila-velha.html#breadcrumb\"},\"inLanguage\":\"pt-BR\",\"potentialAction\":[{\"@type\":\"ReadAction\",\"target\":[\"https:\/\/franciscanos.org.br\/noticias\/frei-leandro-celebra-primeira-missa-em-vila-velha.html\"]}]},{\"@type\":\"BreadcrumbList\",\"@id\":\"https:\/\/franciscanos.org.br\/noticias\/frei-leandro-celebra-primeira-missa-em-vila-velha.html#breadcrumb\",\"itemListElement\":[{\"@type\":\"ListItem\",\"position\":1,\"name\":\"Home\",\"item\":\"https:\/\/franciscanos.org.br\/noticias\"},{\"@type\":\"ListItem\",\"position\":2,\"name\":\"Frei Leandro celebra Primeira Missa em Vila Velha\"}]},{\"@type\":\"Person\",\"@id\":\"https:\/\/franciscanos.org.br\/noticias\/#\/schema\/person\/b5c8cba458c330ccff548b056e95a5d4\",\"name\":\"moacir\",\"image\":{\"@type\":\"ImageObject\",\"inLanguage\":\"pt-BR\",\"@id\":\"https:\/\/franciscanos.org.br\/noticias\/#\/schema\/person\/image\/\",\"url\":\"https:\/\/secure.gravatar.com\/avatar\/d08aa2ce4c8dd416d4479aa8536fcf64?s=96&d=mm&r=g\",\"contentUrl\":\"https:\/\/secure.gravatar.com\/avatar\/d08aa2ce4c8dd416d4479aa8536fcf64?s=96&d=mm&r=g\",\"caption\":\"moacir\"},\"url\":\"https:\/\/franciscanos.org.br\/noticias\/author\/moacir\"}]}<\/script>\n<!-- \/ Yoast SEO plugin. -->","yoast_head_json":{"title":"Frei Leandro celebra Primeira Missa em Vila Velha - Not\u00edcias - Franciscanos","robots":{"index":"index","follow":"follow","max-snippet":"max-snippet:-1","max-image-preview":"max-image-preview:large","max-video-preview":"max-video-preview:-1"},"canonical":"https:\/\/franciscanos.org.br\/noticias\/frei-leandro-celebra-primeira-missa-em-vila-velha.html","og_locale":"pt_BR","og_type":"article","og_title":"Frei Leandro celebra Primeira Missa em Vila Velha - Not\u00edcias - Franciscanos","og_description":"Frei Leandro retorna a Vila Velha para celebrar a Primeira Missa","og_url":"https:\/\/franciscanos.org.br\/noticias\/frei-leandro-celebra-primeira-missa-em-vila-velha.html","og_site_name":"Not\u00edcias - Franciscanos","article_published_time":"2019-02-17T18:56:23+00:00","article_modified_time":"2019-02-18T11:03:06+00:00","og_image":[{"width":273,"height":181,"url":"https:\/\/franciscanos.org.br\/noticias\/wp-content\/uploads\/2019\/02\/vialvelha_180219d.jpg","type":"image\/jpeg"}],"author":"moacir","twitter_card":"summary_large_image","twitter_misc":{"Escrito por":"moacir","Est. tempo de leitura":"3 minutos"},"schema":{"@context":"https:\/\/schema.org","@graph":[{"@type":"WebSite","@id":"https:\/\/franciscanos.org.br\/noticias\/#website","url":"https:\/\/franciscanos.org.br\/noticias\/","name":"Not\u00edcias - Franciscanos","description":"Prov\u00edncia Franciscana da Imaculada Concei\u00e7\u00e3o do Brasil - Ordem dos Frades Menores - OFM","potentialAction":[{"@type":"SearchAction","target":{"@type":"EntryPoint","urlTemplate":"https:\/\/franciscanos.org.br\/noticias\/?s={search_term_string}"},"query-input":"required name=search_term_string"}],"inLanguage":"pt-BR"},{"@type":"ImageObject","inLanguage":"pt-BR","@id":"https:\/\/franciscanos.org.br\/noticias\/frei-leandro-celebra-primeira-missa-em-vila-velha.html#primaryimage","url":"https:\/\/franciscanos.org.br\/noticias\/wp-content\/uploads\/2019\/02\/vialvelha_180219d.jpg","contentUrl":"https:\/\/franciscanos.org.br\/noticias\/wp-content\/uploads\/2019\/02\/vialvelha_180219d.jpg","width":273,"height":181},{"@type":"WebPage","@id":"https:\/\/franciscanos.org.br\/noticias\/frei-leandro-celebra-primeira-missa-em-vila-velha.html#webpage","url":"https:\/\/franciscanos.org.br\/noticias\/frei-leandro-celebra-primeira-missa-em-vila-velha.html","name":"Frei Leandro celebra Primeira Missa em Vila Velha - Not\u00edcias - Franciscanos","isPartOf":{"@id":"https:\/\/franciscanos.org.br\/noticias\/#website"},"primaryImageOfPage":{"@id":"https:\/\/franciscanos.org.br\/noticias\/frei-leandro-celebra-primeira-missa-em-vila-velha.html#primaryimage"},"datePublished":"2019-02-17T18:56:23+00:00","dateModified":"2019-02-18T11:03:06+00:00","author":{"@id":"https:\/\/franciscanos.org.br\/noticias\/#\/schema\/person\/b5c8cba458c330ccff548b056e95a5d4"},"breadcrumb":{"@id":"https:\/\/franciscanos.org.br\/noticias\/frei-leandro-celebra-primeira-missa-em-vila-velha.html#breadcrumb"},"inLanguage":"pt-BR","potentialAction":[{"@type":"ReadAction","target":["https:\/\/franciscanos.org.br\/noticias\/frei-leandro-celebra-primeira-missa-em-vila-velha.html"]}]},{"@type":"BreadcrumbList","@id":"https:\/\/franciscanos.org.br\/noticias\/frei-leandro-celebra-primeira-missa-em-vila-velha.html#breadcrumb","itemListElement":[{"@type":"ListItem","position":1,"name":"Home","item":"https:\/\/franciscanos.org.br\/noticias"},{"@type":"ListItem","position":2,"name":"Frei Leandro celebra Primeira Missa em Vila Velha"}]},{"@type":"Person","@id":"https:\/\/franciscanos.org.br\/noticias\/#\/schema\/person\/b5c8cba458c330ccff548b056e95a5d4","name":"moacir","image":{"@type":"ImageObject","inLanguage":"pt-BR","@id":"https:\/\/franciscanos.org.br\/noticias\/#\/schema\/person\/image\/","url":"https:\/\/secure.gravatar.com\/avatar\/d08aa2ce4c8dd416d4479aa8536fcf64?s=96&d=mm&r=g","contentUrl":"https:\/\/secure.gravatar.com\/avatar\/d08aa2ce4c8dd416d4479aa8536fcf64?s=96&d=mm&r=g","caption":"moacir"},"url":"https:\/\/franciscanos.org.br\/noticias\/author\/moacir"}]}},"_links":{"self":[{"href":"https:\/\/franciscanos.org.br\/noticias\/wp-json\/wp\/v2\/posts\/200372"}],"collection":[{"href":"https:\/\/franciscanos.org.br\/noticias\/wp-json\/wp\/v2\/posts"}],"about":[{"href":"https:\/\/franciscanos.org.br\/noticias\/wp-json\/wp\/v2\/types\/post"}],"author":[{"embeddable":true,"href":"https:\/\/franciscanos.org.br\/noticias\/wp-json\/wp\/v2\/users\/3"}],"replies":[{"embeddable":true,"href":"https:\/\/franciscanos.org.br\/noticias\/wp-json\/wp\/v2\/comments?post=200372"}],"version-history":[{"count":0,"href":"https:\/\/franciscanos.org.br\/noticias\/wp-json\/wp\/v2\/posts\/200372\/revisions"}],"wp:featuredmedia":[{"embeddable":true,"href":"https:\/\/franciscanos.org.br\/noticias\/wp-json\/wp\/v2\/media\/200377"}],"wp:attachment":[{"href":"https:\/\/franciscanos.org.br\/noticias\/wp-json\/wp\/v2\/media?parent=200372"}],"wp:term":[{"taxonomy":"category","embeddable":true,"href":"https:\/\/franciscanos.org.br\/noticias\/wp-json\/wp\/v2\/categories?post=200372"},{"taxonomy":"post_tag","embeddable":true,"href":"https:\/\/franciscanos.org.br\/noticias\/wp-json\/wp\/v2\/tags?post=200372"}],"curies":[{"name":"wp","href":"https:\/\/api.w.org\/{rel}","templated":true}]}}