{"id":200333,"date":"2019-02-17T11:49:37","date_gmt":"2019-02-17T14:49:37","guid":{"rendered":"https:\/\/franciscanos.org.br\/noticias\/?p=200333"},"modified":"2020-08-06T16:41:02","modified_gmt":"2020-08-06T19:41:02","slug":"angelus-somos-chamados-para-a-felicidade","status":"publish","type":"post","link":"https:\/\/franciscanos.org.br\/noticias\/angelus-somos-chamados-para-a-felicidade.html","title":{"rendered":"Angelus: Somos chamados para a felicidade"},"content":{"rendered":"<p><img loading=\"lazy\" class=\"alignnone size-full wp-image-200334\" src=\"https:\/\/franciscanos.org.br\/noticias\/wp-content\/uploads\/2019\/02\/angelus_170219_1.jpg\" alt=\"\" width=\"890\" height=\"501\" srcset=\"https:\/\/franciscanos.org.br\/noticias\/wp-content\/uploads\/2019\/02\/angelus_170219_1.jpg 890w, https:\/\/franciscanos.org.br\/noticias\/wp-content\/uploads\/2019\/02\/angelus_170219_1-450x253.jpg 450w, https:\/\/franciscanos.org.br\/noticias\/wp-content\/uploads\/2019\/02\/angelus_170219_1-768x432.jpg 768w, https:\/\/franciscanos.org.br\/noticias\/wp-content\/uploads\/2019\/02\/angelus_170219_1-150x84.jpg 150w\" sizes=\"(max-width: 890px) 100vw, 890px\" \/><\/p>\n<p style=\"padding-left: 30px;\"><strong>Confira o texto integral da alocu\u00e7\u00e3o do Papa Francisco antes da Ora\u00e7\u00e3o Mariana do Angelus deste domingo (17), dirigido aos milhares de fi\u00e9is na Pra\u00e7a S\u00e3o Pedro.<\/strong><\/p>\n<p>Queridos irm\u00e3os e irm\u00e3s, bom dia!<br \/>\nO Evangelho de hoje (Lc 7, 17.20-26) nos apresenta as Bem-aventuran\u00e7as na vers\u00e3o de S\u00e3o Lucas. O texto se articula em quatro bem-aventuran\u00e7as e quatro mandamentos formulados com a express\u00e3o \u201cai de v\u00f3s\u201d. Com essas palavras, fortes e incisivas, Jesus nos abre os olhos, nos faz ver com o seu olhar, para al\u00e9m das apar\u00eancias, longe da superf\u00edcie e nos ensina a discernir as situa\u00e7\u00f5es com a f\u00e9.<\/p>\n<p>Jesus declara bem-aventurados os pobres, os que tem fome, os aflitos e os perseguidos; e alerta aqueles que s\u00e3o ricos, saciados, sorridentes e aclamados pela pessoas. A raz\u00e3o dessa paradoxal bem-aventuran\u00e7a est\u00e1 no fato de que Deus est\u00e1 pr\u00f3ximo \u00e0queles que sofrem e interv\u00e9m para libert\u00e1-los das suas escravid\u00f5es; Jesus v\u00ea isso, j\u00e1 v\u00ea a bem-aventuran\u00e7a al\u00e9m da realidade negativa. E, igualmente, o \u201cai de v\u00f3s\u201d, dirigido \u00e0queles que hoje vivem bem, serve a \u201cdespert\u00e1-los\u201d do engano perigoso do ego\u00edsmo e de abri-los \u00e0 l\u00f3gica do amor at\u00e9 que haja tempo.<\/p>\n<p>A p\u00e1gina do Evangelho de hoje nos convida, ent\u00e3o, a refletir sobre o sentido profundo de ter f\u00e9, que consiste em confiarmos totalmente no Senhor. Trata-se de derrubar os \u00eddolos mundanos para abrir o cora\u00e7\u00e3o ao Deus vivo e verdadeiro; s\u00f3 Ele pode dar \u00e0 nossa exist\u00eancia aquela plenitude tanto desejada ou dif\u00edcil para se alcan\u00e7ar.<\/p>\n<p><img loading=\"lazy\" class=\"alignnone size-full wp-image-200335\" src=\"https:\/\/franciscanos.org.br\/noticias\/wp-content\/uploads\/2019\/02\/angelus_170219.jpg\" alt=\"\" width=\"890\" height=\"501\" srcset=\"https:\/\/franciscanos.org.br\/noticias\/wp-content\/uploads\/2019\/02\/angelus_170219.jpg 890w, https:\/\/franciscanos.org.br\/noticias\/wp-content\/uploads\/2019\/02\/angelus_170219-450x253.jpg 450w, https:\/\/franciscanos.org.br\/noticias\/wp-content\/uploads\/2019\/02\/angelus_170219-768x432.jpg 768w, https:\/\/franciscanos.org.br\/noticias\/wp-content\/uploads\/2019\/02\/angelus_170219-150x84.jpg 150w\" sizes=\"(max-width: 890px) 100vw, 890px\" \/><\/p>\n<p>S\u00e3o muitos, de fato, inclusive nos nossos dias, aqueles que se prop\u00f5em como distribuidores de felicidade: prometem sucesso a curto prazo, grande retorno de f\u00e1cil alcance, solu\u00e7\u00f5es m\u00e1gicas para cada problema e assim por diante. E aqui \u00e9 f\u00e1cil escorregar sem perceber no pecado contra o primeiro mandamento: a idolatria, substituir Deus com um \u00eddolo. Idolatria e \u00eddolos parecem coisas de outros tempos, mas, na verdade, s\u00e3o de todos os tempos! Descrevem algumas posturas contempor\u00e2neas melhor que muitas an\u00e1lises sociol\u00f3gicas.<\/p>\n<p>Por isso Jesus nos abre os olhos para a realidade. Somos chamados para a felicidade, para sermos bem-aventurados, e nos tornamos desde o momento em que nos colocamos do lado de Deus, do seu Reino, da parte daquilo que n\u00e3o \u00e9 ef\u00eamero, mas dura pela vida eterna. Somos felizes se nos reconhecemos necessitados perante Deus e se, como Ele e com Ele, estivermos pr\u00f3ximos aos pobres, aos aflitos e a quem tem fome. A gente se torna capaz de alegria cada vez que, possuindo bens deste mundo, n\u00e3o fazemos \u00eddolos a quem vendemos a nossa alma, mas somos capazes de compartilhar com os nossos irm\u00e3os. Sobre isso hoje a liturgia nos convida, mais uma vez, a nos interrogar e a praticar a verdade no nosso cora\u00e7\u00e3o.<\/p>\n<p>As Bem-aventuran\u00e7as de Jesus s\u00e3o uma mensagem decisiva que nos motiva a n\u00e3o recolocar a nossa cren\u00e7a nas coisas materiais e passageiras, a n\u00e3o procurar a felicidade seguindo os vendedores de fuma\u00e7a, os profissionais da ilus\u00e3o. O Senhor nos ajuda a abrir os olhos, a capturar um olhar mais penetrante sobre a realidade, a sarar da miopia cr\u00f4nica que o esp\u00edrito mundano nos contamina.<\/p>\n<p>Com a sua Palavra paradoxal nos motiva e nos faz reconhecer aquilo que realmente nos enriquece, nos sacia, nos d\u00e1 alegria e dignidade. Enfim, aquilo que realmente d\u00e1 sentido e plenitude \u00e0 nossa vida.<\/p>\n<p><strong>PAPA EXPULSA CARDEAL<\/strong><br \/>\nO ex-cardeal estadunidense Theodore Edgar McCarrik, 88 anos, foi demitido do estado clerical. A not\u00edcia foi divulgada por meio de um Comunicado da Congrega\u00e7\u00e3o para a Doutrina da F\u00e9. Segue o texto: \u201cEm data 11 de janeiro de 2019, o Congresso da Congrega\u00e7\u00e3o para a Doutrina da F\u00e9 emitiu o decreto conclusivo do processo penal a Theodore Edgar McCarrick, Arcebispo em\u00e9rito de Washington, D.C., com o qual o acusado foi declarado culpado dos seguintes delitos perpetrados como cl\u00e9rigo: uso impr\u00f3prio da Confiss\u00e3o e viola\u00e7\u00e3o do Sexto Mandamento do Dec\u00e1logo com menores e adultos, com o agravante do abuso de poder, portanto foi-lhe imposta como senten\u00e7a a demiss\u00e3o do estado clerical. No dia 13 de fevereiro de 2019 a Sess\u00e3o ordin\u00e1ria (Feria IV) da Congrega\u00e7\u00e3o para a Doutrina da F\u00e9 examinou os argumentos apresentados no recurso do recorrente e decidiu confirmar o decreto do Congresso. Tal decis\u00e3o foi notificada a Theodore Edgar McCarrick em data de 15 de fevereiro de 2019. O Santo Padre reconheceu a natureza definitiva, segundo as normas de lei, desta decis\u00e3o, que torna o caso <em>res iudicata<\/em>, ou seja, n\u00e3o sujeita a ulterior recurso\u201d.<\/p>\n<p><img loading=\"lazy\" class=\"alignnone size-full wp-image-200336\" src=\"https:\/\/franciscanos.org.br\/noticias\/wp-content\/uploads\/2019\/02\/angelus_170219_2.jpg\" alt=\"\" width=\"890\" height=\"501\" srcset=\"https:\/\/franciscanos.org.br\/noticias\/wp-content\/uploads\/2019\/02\/angelus_170219_2.jpg 890w, https:\/\/franciscanos.org.br\/noticias\/wp-content\/uploads\/2019\/02\/angelus_170219_2-450x253.jpg 450w, https:\/\/franciscanos.org.br\/noticias\/wp-content\/uploads\/2019\/02\/angelus_170219_2-768x432.jpg 768w, https:\/\/franciscanos.org.br\/noticias\/wp-content\/uploads\/2019\/02\/angelus_170219_2-150x84.jpg 150w\" sizes=\"(max-width: 890px) 100vw, 890px\" \/><\/p>\n<p><strong>PROTE\u00c7\u00c3O DE MENORES<\/strong><br \/>\nO Papa Francisco quis expressamente o encontro sobre \u201ca prote\u00e7\u00e3o dos menores na Igreja\u201d que come\u00e7a na quinta-feira (21) na Aula Nova do S\u00ednodo, no Vaticano. At\u00e9 o pr\u00f3ximo domingo (24) estar\u00e3o reunidas todas as Confer\u00eancias Episcopais do mundo, al\u00e9m de v\u00edtimas que sofreram abusos.<\/p>\n<p>Pe. Hans Zollner, referente do comit\u00ea organizador, j\u00e1 reiterou que entre os objetivos da confer\u00eancia est\u00e1 \u201cconstruir a confian\u00e7a\u201d e \u201cmotivar a tomada de consci\u00eancia de que a tutela das crian\u00e7as e dos jovens \u00e9 uma tarefa comum\u201d. Um caminho sinodal iniciado em novembro com a institui\u00e7\u00e3o do comit\u00ea organizador e a fase de consulta.<\/p>\n<p><strong>Novas a\u00e7\u00f5es concretas<\/strong><br \/>\nO encontro projeta novas a\u00e7\u00f5es concretas para serem empreendidas e decis\u00f5es para serem assumidas na justi\u00e7a e na verdade. O Papa, em seu recente discurso ao Corpo Diplom\u00e1tico junto \u00e0 Santa S\u00e9, voltou a enaltecer com for\u00e7a que \u201cos abusos contra os menores \u2013 constituem um dos crimes mais vis e nefastos poss\u00edveis. Eles destroem inevitavelmente o melhor daquilo que a vida humana reserva a um inocente, causando danos irrepar\u00e1veis para o resto da exist\u00eancia\u201d.<\/p>\n<p><strong>Um percurso claro para a Igreja<\/strong><br \/>\nO encontro ser\u00e1 um momento importante para o desenvolvimento de um claro percurso para a Igreja em todo o mundo. Verdade, justi\u00e7a e uma maior transpar\u00eancia s\u00e3o alguns dos principais pilares da assembleia, como evidenciou v\u00e1rias vezes o Card. Se\u00e1n O\u2019Malley, presidente da Pontif\u00edcia Comiss\u00e3o para a Tutela dos Menores.<\/p>\n<p>A confer\u00eancia \u201c\u00e9 principalmente dirigida aos bispos\u201d que \u201ct\u00eam uma grande responsabilidade\u201d sobre a quest\u00e3o, mas, ao mesmo tempo, homens e mulheres leigos, \u201cespecializados na \u00e1rea dos abusos, dar\u00e3o a sua contribui\u00e7\u00e3o e poder\u00e3o ajudar a compreender aquilo que se deve fazer para garantir transpar\u00eancia e responsabilidade\u201d.<\/p>\n<p><strong>A cada dia um tema<\/strong><br \/>\nO programa dos trabalhos prev\u00ea que cada dia ser\u00e1 direcionado para um tema, como explicou Pe. Zollner: responsabiliza\u00e7\u00e3o, presta\u00e7\u00e3o de contas e transpar\u00eancia. Cada dia prev\u00ea tr\u00eas rela\u00e7\u00f5es que abordam o tema do dia do ponto de vista 1) de cada bispo, das suas tarefas e das suas atitudes pessoais; 2) da comunidade dos bispos e da sua solidariedade; 3) de toda a comunidade eclesial enquanto povo de Deus. O Santo Padre, que estar\u00e1 presente nos tr\u00eas dias, dever\u00e1 sintetizar, ao final do encontro, o que foi dito e elaborado.<\/p>\n","protected":false},"excerpt":{"rendered":"<p>Ora\u00e7\u00e3o do Angelus deste domingo<\/p>\n","protected":false},"author":3,"featured_media":200337,"comment_status":"open","ping_status":"open","sticky":false,"template":"","format":"standard","meta":[],"categories":[1428],"tags":[403],"acf":[],"yoast_head":"<!-- This site is optimized with the Yoast SEO plugin v19.2 - https:\/\/yoast.com\/wordpress\/plugins\/seo\/ -->\n<title>Angelus: Somos chamados para a felicidade - Not\u00edcias - Franciscanos<\/title>\n<meta name=\"robots\" content=\"index, follow, max-snippet:-1, max-image-preview:large, max-video-preview:-1\" \/>\n<link rel=\"canonical\" href=\"https:\/\/franciscanos.org.br\/noticias\/angelus-somos-chamados-para-a-felicidade.html\" \/>\n<meta property=\"og:locale\" content=\"pt_BR\" \/>\n<meta property=\"og:type\" content=\"article\" \/>\n<meta property=\"og:title\" content=\"Angelus: Somos chamados para a felicidade - Not\u00edcias - Franciscanos\" \/>\n<meta property=\"og:description\" content=\"Ora\u00e7\u00e3o do Angelus deste domingo\" \/>\n<meta property=\"og:url\" content=\"https:\/\/franciscanos.org.br\/noticias\/angelus-somos-chamados-para-a-felicidade.html\" \/>\n<meta property=\"og:site_name\" content=\"Not\u00edcias - Franciscanos\" \/>\n<meta property=\"article:published_time\" content=\"2019-02-17T14:49:37+00:00\" \/>\n<meta property=\"article:modified_time\" content=\"2020-08-06T19:41:02+00:00\" \/>\n<meta property=\"og:image\" content=\"https:\/\/franciscanos.org.br\/noticias\/wp-content\/uploads\/2019\/02\/angelus_170219d.jpg\" \/>\n\t<meta property=\"og:image:width\" content=\"273\" \/>\n\t<meta property=\"og:image:height\" content=\"181\" \/>\n\t<meta property=\"og:image:type\" content=\"image\/jpeg\" \/>\n<meta name=\"author\" content=\"moacir\" \/>\n<meta name=\"twitter:card\" content=\"summary_large_image\" \/>\n<meta name=\"twitter:label1\" content=\"Escrito por\" \/>\n\t<meta name=\"twitter:data1\" content=\"moacir\" \/>\n\t<meta name=\"twitter:label2\" content=\"Est. tempo de leitura\" \/>\n\t<meta name=\"twitter:data2\" content=\"6 minutos\" \/>\n<script type=\"application\/ld+json\" class=\"yoast-schema-graph\">{\"@context\":\"https:\/\/schema.org\",\"@graph\":[{\"@type\":\"WebSite\",\"@id\":\"https:\/\/franciscanos.org.br\/noticias\/#website\",\"url\":\"https:\/\/franciscanos.org.br\/noticias\/\",\"name\":\"Not\u00edcias - Franciscanos\",\"description\":\"Prov\u00edncia Franciscana da Imaculada Concei\u00e7\u00e3o do Brasil - Ordem dos Frades Menores - OFM\",\"potentialAction\":[{\"@type\":\"SearchAction\",\"target\":{\"@type\":\"EntryPoint\",\"urlTemplate\":\"https:\/\/franciscanos.org.br\/noticias\/?s={search_term_string}\"},\"query-input\":\"required name=search_term_string\"}],\"inLanguage\":\"pt-BR\"},{\"@type\":\"ImageObject\",\"inLanguage\":\"pt-BR\",\"@id\":\"https:\/\/franciscanos.org.br\/noticias\/angelus-somos-chamados-para-a-felicidade.html#primaryimage\",\"url\":\"https:\/\/franciscanos.org.br\/noticias\/wp-content\/uploads\/2019\/02\/angelus_170219d.jpg\",\"contentUrl\":\"https:\/\/franciscanos.org.br\/noticias\/wp-content\/uploads\/2019\/02\/angelus_170219d.jpg\",\"width\":273,\"height\":181},{\"@type\":\"WebPage\",\"@id\":\"https:\/\/franciscanos.org.br\/noticias\/angelus-somos-chamados-para-a-felicidade.html#webpage\",\"url\":\"https:\/\/franciscanos.org.br\/noticias\/angelus-somos-chamados-para-a-felicidade.html\",\"name\":\"Angelus: Somos chamados para a felicidade - Not\u00edcias - Franciscanos\",\"isPartOf\":{\"@id\":\"https:\/\/franciscanos.org.br\/noticias\/#website\"},\"primaryImageOfPage\":{\"@id\":\"https:\/\/franciscanos.org.br\/noticias\/angelus-somos-chamados-para-a-felicidade.html#primaryimage\"},\"datePublished\":\"2019-02-17T14:49:37+00:00\",\"dateModified\":\"2020-08-06T19:41:02+00:00\",\"author\":{\"@id\":\"https:\/\/franciscanos.org.br\/noticias\/#\/schema\/person\/b5c8cba458c330ccff548b056e95a5d4\"},\"breadcrumb\":{\"@id\":\"https:\/\/franciscanos.org.br\/noticias\/angelus-somos-chamados-para-a-felicidade.html#breadcrumb\"},\"inLanguage\":\"pt-BR\",\"potentialAction\":[{\"@type\":\"ReadAction\",\"target\":[\"https:\/\/franciscanos.org.br\/noticias\/angelus-somos-chamados-para-a-felicidade.html\"]}]},{\"@type\":\"BreadcrumbList\",\"@id\":\"https:\/\/franciscanos.org.br\/noticias\/angelus-somos-chamados-para-a-felicidade.html#breadcrumb\",\"itemListElement\":[{\"@type\":\"ListItem\",\"position\":1,\"name\":\"Home\",\"item\":\"https:\/\/franciscanos.org.br\/noticias\"},{\"@type\":\"ListItem\",\"position\":2,\"name\":\"Angelus: Somos chamados para a felicidade\"}]},{\"@type\":\"Person\",\"@id\":\"https:\/\/franciscanos.org.br\/noticias\/#\/schema\/person\/b5c8cba458c330ccff548b056e95a5d4\",\"name\":\"moacir\",\"image\":{\"@type\":\"ImageObject\",\"inLanguage\":\"pt-BR\",\"@id\":\"https:\/\/franciscanos.org.br\/noticias\/#\/schema\/person\/image\/\",\"url\":\"https:\/\/secure.gravatar.com\/avatar\/d08aa2ce4c8dd416d4479aa8536fcf64?s=96&d=mm&r=g\",\"contentUrl\":\"https:\/\/secure.gravatar.com\/avatar\/d08aa2ce4c8dd416d4479aa8536fcf64?s=96&d=mm&r=g\",\"caption\":\"moacir\"},\"url\":\"https:\/\/franciscanos.org.br\/noticias\/author\/moacir\"}]}<\/script>\n<!-- \/ Yoast SEO plugin. -->","yoast_head_json":{"title":"Angelus: Somos chamados para a felicidade - Not\u00edcias - Franciscanos","robots":{"index":"index","follow":"follow","max-snippet":"max-snippet:-1","max-image-preview":"max-image-preview:large","max-video-preview":"max-video-preview:-1"},"canonical":"https:\/\/franciscanos.org.br\/noticias\/angelus-somos-chamados-para-a-felicidade.html","og_locale":"pt_BR","og_type":"article","og_title":"Angelus: Somos chamados para a felicidade - Not\u00edcias - Franciscanos","og_description":"Ora\u00e7\u00e3o do Angelus deste domingo","og_url":"https:\/\/franciscanos.org.br\/noticias\/angelus-somos-chamados-para-a-felicidade.html","og_site_name":"Not\u00edcias - Franciscanos","article_published_time":"2019-02-17T14:49:37+00:00","article_modified_time":"2020-08-06T19:41:02+00:00","og_image":[{"width":273,"height":181,"url":"https:\/\/franciscanos.org.br\/noticias\/wp-content\/uploads\/2019\/02\/angelus_170219d.jpg","type":"image\/jpeg"}],"author":"moacir","twitter_card":"summary_large_image","twitter_misc":{"Escrito por":"moacir","Est. tempo de leitura":"6 minutos"},"schema":{"@context":"https:\/\/schema.org","@graph":[{"@type":"WebSite","@id":"https:\/\/franciscanos.org.br\/noticias\/#website","url":"https:\/\/franciscanos.org.br\/noticias\/","name":"Not\u00edcias - Franciscanos","description":"Prov\u00edncia Franciscana da Imaculada Concei\u00e7\u00e3o do Brasil - Ordem dos Frades Menores - OFM","potentialAction":[{"@type":"SearchAction","target":{"@type":"EntryPoint","urlTemplate":"https:\/\/franciscanos.org.br\/noticias\/?s={search_term_string}"},"query-input":"required name=search_term_string"}],"inLanguage":"pt-BR"},{"@type":"ImageObject","inLanguage":"pt-BR","@id":"https:\/\/franciscanos.org.br\/noticias\/angelus-somos-chamados-para-a-felicidade.html#primaryimage","url":"https:\/\/franciscanos.org.br\/noticias\/wp-content\/uploads\/2019\/02\/angelus_170219d.jpg","contentUrl":"https:\/\/franciscanos.org.br\/noticias\/wp-content\/uploads\/2019\/02\/angelus_170219d.jpg","width":273,"height":181},{"@type":"WebPage","@id":"https:\/\/franciscanos.org.br\/noticias\/angelus-somos-chamados-para-a-felicidade.html#webpage","url":"https:\/\/franciscanos.org.br\/noticias\/angelus-somos-chamados-para-a-felicidade.html","name":"Angelus: Somos chamados para a felicidade - Not\u00edcias - Franciscanos","isPartOf":{"@id":"https:\/\/franciscanos.org.br\/noticias\/#website"},"primaryImageOfPage":{"@id":"https:\/\/franciscanos.org.br\/noticias\/angelus-somos-chamados-para-a-felicidade.html#primaryimage"},"datePublished":"2019-02-17T14:49:37+00:00","dateModified":"2020-08-06T19:41:02+00:00","author":{"@id":"https:\/\/franciscanos.org.br\/noticias\/#\/schema\/person\/b5c8cba458c330ccff548b056e95a5d4"},"breadcrumb":{"@id":"https:\/\/franciscanos.org.br\/noticias\/angelus-somos-chamados-para-a-felicidade.html#breadcrumb"},"inLanguage":"pt-BR","potentialAction":[{"@type":"ReadAction","target":["https:\/\/franciscanos.org.br\/noticias\/angelus-somos-chamados-para-a-felicidade.html"]}]},{"@type":"BreadcrumbList","@id":"https:\/\/franciscanos.org.br\/noticias\/angelus-somos-chamados-para-a-felicidade.html#breadcrumb","itemListElement":[{"@type":"ListItem","position":1,"name":"Home","item":"https:\/\/franciscanos.org.br\/noticias"},{"@type":"ListItem","position":2,"name":"Angelus: Somos chamados para a felicidade"}]},{"@type":"Person","@id":"https:\/\/franciscanos.org.br\/noticias\/#\/schema\/person\/b5c8cba458c330ccff548b056e95a5d4","name":"moacir","image":{"@type":"ImageObject","inLanguage":"pt-BR","@id":"https:\/\/franciscanos.org.br\/noticias\/#\/schema\/person\/image\/","url":"https:\/\/secure.gravatar.com\/avatar\/d08aa2ce4c8dd416d4479aa8536fcf64?s=96&d=mm&r=g","contentUrl":"https:\/\/secure.gravatar.com\/avatar\/d08aa2ce4c8dd416d4479aa8536fcf64?s=96&d=mm&r=g","caption":"moacir"},"url":"https:\/\/franciscanos.org.br\/noticias\/author\/moacir"}]}},"_links":{"self":[{"href":"https:\/\/franciscanos.org.br\/noticias\/wp-json\/wp\/v2\/posts\/200333"}],"collection":[{"href":"https:\/\/franciscanos.org.br\/noticias\/wp-json\/wp\/v2\/posts"}],"about":[{"href":"https:\/\/franciscanos.org.br\/noticias\/wp-json\/wp\/v2\/types\/post"}],"author":[{"embeddable":true,"href":"https:\/\/franciscanos.org.br\/noticias\/wp-json\/wp\/v2\/users\/3"}],"replies":[{"embeddable":true,"href":"https:\/\/franciscanos.org.br\/noticias\/wp-json\/wp\/v2\/comments?post=200333"}],"version-history":[{"count":1,"href":"https:\/\/franciscanos.org.br\/noticias\/wp-json\/wp\/v2\/posts\/200333\/revisions"}],"predecessor-version":[{"id":227610,"href":"https:\/\/franciscanos.org.br\/noticias\/wp-json\/wp\/v2\/posts\/200333\/revisions\/227610"}],"wp:featuredmedia":[{"embeddable":true,"href":"https:\/\/franciscanos.org.br\/noticias\/wp-json\/wp\/v2\/media\/200337"}],"wp:attachment":[{"href":"https:\/\/franciscanos.org.br\/noticias\/wp-json\/wp\/v2\/media?parent=200333"}],"wp:term":[{"taxonomy":"category","embeddable":true,"href":"https:\/\/franciscanos.org.br\/noticias\/wp-json\/wp\/v2\/categories?post=200333"},{"taxonomy":"post_tag","embeddable":true,"href":"https:\/\/franciscanos.org.br\/noticias\/wp-json\/wp\/v2\/tags?post=200333"}],"curies":[{"name":"wp","href":"https:\/\/api.w.org\/{rel}","templated":true}]}}