{"id":200329,"date":"2019-02-18T09:27:32","date_gmt":"2019-02-18T12:27:32","guid":{"rendered":"https:\/\/franciscanos.org.br\/noticias\/?p=200329"},"modified":"2019-04-22T13:50:08","modified_gmt":"2019-04-22T16:50:08","slug":"o-que-sao-e-como-funcionam-as-politicas-publicas","status":"publish","type":"post","link":"https:\/\/franciscanos.org.br\/noticias\/o-que-sao-e-como-funcionam-as-politicas-publicas.html","title":{"rendered":"O que s\u00e3o e como funcionam as Pol\u00edticas P\u00fablicas?"},"content":{"rendered":"<p><img loading=\"lazy\" class=\"alignnone size-full wp-image-200330\" src=\"https:\/\/franciscanos.org.br\/noticias\/wp-content\/uploads\/2019\/02\/RobertG_CF.jpg\" alt=\"\" width=\"980\" height=\"550\" srcset=\"https:\/\/franciscanos.org.br\/noticias\/wp-content\/uploads\/2019\/02\/RobertG_CF.jpg 980w, https:\/\/franciscanos.org.br\/noticias\/wp-content\/uploads\/2019\/02\/RobertG_CF-450x253.jpg 450w, https:\/\/franciscanos.org.br\/noticias\/wp-content\/uploads\/2019\/02\/RobertG_CF-768x431.jpg 768w, https:\/\/franciscanos.org.br\/noticias\/wp-content\/uploads\/2019\/02\/RobertG_CF-150x84.jpg 150w\" sizes=\"(max-width: 980px) 100vw, 980px\" \/><\/p>\n<p><em>A Campanha da Fraternidade deste ano traz \u00e0 reflex\u00e3o o tema das Pol\u00edticas P\u00fablicas. Para compreend\u00ea-lo, a Prov\u00edncia Franciscana da Imaculada Concei\u00e7\u00e3o, atrav\u00e9s da Frente de Evangeliza\u00e7\u00e3o da Comunica\u00e7\u00e3o, produziu uma s\u00e9rie de entrevistas abordando diversos aspectos das Pol\u00edticas P\u00fablicas e suas \u00e1reas de atua\u00e7\u00e3o.<\/em><\/p>\n<p><em>Na segunda entrevista da s\u00e9rie, o agente de Pastoral<strong>\u00a0<\/strong>Robert Soares do Nascimento, que comp\u00f5e o N\u00facleo em Educa\u00e7\u00e3o e Direitos Humanos da UNISAL (Centro Universit\u00e1rio Salesiano de S\u00e3o Paulo) e participa do Grupo de Trabalho de Justi\u00e7a Restaurativa da Comarca de Americana (SP), fala sobre este tema.<\/em><\/p>\n<p><em>Acompanhe a entrevista concedida a <\/em><strong>Frei Gustavo Medella.<\/strong><\/p>\n<p><strong>Site Franciscanos &#8211; Em linhas gerais, o que s\u00e3o Pol\u00edticas P\u00fablicas?<\/strong><\/p>\n<p><strong>Robert Soares do Nascimento &#8211; <\/strong>Podemos come\u00e7ar com o texto-base da Campanha da Fraternidade deste ano. O texto diz que \u201cPol\u00edticas P\u00fablicas s\u00e3o a\u00e7\u00f5es e programas desenvolvidos pelo Estado para garantir e colocar em pr\u00e1tica direitos que s\u00e3o previstos na Constitui\u00e7\u00e3o e em outras leis\u201d. A presen\u00e7a dos atores sociais &#8211; que s\u00e3o o Estado, a sociedade, os movimentos sociais &#8211; em sinergia, \u00e9 fundamental para que as Pol\u00edticas P\u00fablicas sejam adequadas \u00e0 realidade. O desafio \u00e9 que estes atores trabalhem de forma conjunta. Em resumo, as Pol\u00edticas P\u00fablicas s\u00e3o a\u00e7\u00f5es dos diversos atores sociais envolvidos na resolu\u00e7\u00e3o de um problema. A aus\u00eancia no cumprimento de um direito a um determinado grupo ou cidad\u00e3o \u00e9 o problema a ser solucionado. O uso desses princ\u00edpios, crit\u00e9rios e procedimentos podem resultar em a\u00e7\u00f5es, projetos ou programas para garantir os direitos previstos na Constitui\u00e7\u00e3o e outras leis. Prefiro este conceito mais amplo, onde o Estado est\u00e1 presente, mas tamb\u00e9m os outros atores sociais fazem parte deste desenvolvimento das Pol\u00edticas P\u00fablicas. O texto-base diz que sem a democracia e a participa\u00e7\u00e3o da sociedade, as Pol\u00edticas P\u00fablicas tendem a refletir mais a for\u00e7a dos agentes de mercado, de grupos pol\u00edticos ou mesmo das pr\u00f3prias burocracias estatais. Ou seja, n\u00f3s precisamos cada vez mais promover o debate, fortalecer nossa democracia, para que n\u00e3o fique monopolizada na m\u00e3o de pequenos grupos.<\/p>\n<p><strong>Site Franciscanos &#8211; As Pol\u00edticas P\u00fablicas est\u00e3o relacionadas a quais temas? <\/strong><\/p>\n<p><strong>Robert Soares do Nascimento &#8211; <\/strong>As Pol\u00edticas P\u00fablicas est\u00e3o relacionadas a \u00e1reas que n\u00e3o t\u00eam o devido cumprimento dos direitos dos cidad\u00e3os, por exemplo, o direito da crian\u00e7a e do adolescente, assist\u00eancia social, sa\u00fade, educa\u00e7\u00e3o, esporte, turismo, juventude, habita\u00e7\u00e3o, seguran\u00e7a, meio ambiente, alimenta\u00e7\u00e3o, migrante. Podemos relacionar um rol de direitos estabelecidos na Constitui\u00e7\u00e3o Federal que n\u00e3o s\u00e3o plenamente atendidos. O povo se une, atrav\u00e9s de organismos da sociedade civil, e exige o cumprimento por parte do Poder P\u00fablico. Para isso, n\u00f3s precisamos conhecer os nossos direitos, para que possamos exigir daqueles que est\u00e3o no poder, mesmo que eles n\u00e3o tenham prometido. Sabemos bem que as promessas pol\u00edticas passam, mas os nossos direitos devem permanecer e serem exigidos.<\/p>\n<p><strong>Site Franciscanos &#8211; A implementa\u00e7\u00e3o das Pol\u00edticas P\u00fablicas \u00e9 uma responsabilidade do governo e do Poder P\u00fablico?<\/strong><\/p>\n<p><strong>Robert Soares do Nascimento &#8211; <\/strong>Ao Poder P\u00fablico cabe o \u00f4nus, ele tem a incumb\u00eancia de realizar e efetivar estas Pol\u00edticas P\u00fablicas, que s\u00e3o inclusive previstas em lei. Para isso, deve haver investimento, cota\u00e7\u00e3o or\u00e7ament\u00e1ria, caminhos para algumas parcerias. As Pol\u00edticas P\u00fablicas t\u00eam um car\u00e1ter t\u00e9cnico e, ao mesmo tempo, pol\u00edtico. Por isso, o Poder P\u00fablico assume esse \u00f4nus e d\u00e1 continuidade com aquele que \u00e9 respons\u00e1vel pelo povo no cumprimento das leis. Pode-se dizer que h\u00e1 duas formas dessa implementa\u00e7\u00e3o. A primeira delas \u00e9 o modelo &#8220;top down&#8221;, de cima para baixo e o modelo de baixo para cima. O &#8220;top down&#8221; \u00e9 um conceito mais tradicional, de trabalho administrativo, relacionado \u00e0 base hier\u00e1rquica, \u00e0 autoridade e ao controle do Estado. J\u00e1 no modelo que vem da base para cima, considera-se que para se construir a Pol\u00edtica P\u00fablica \u00e9 preciso ir devagar, ouvir, considerar as regras, procedimentos, estruturas daquele problema que voc\u00ea quer resolver, envolver a popula\u00e7\u00e3o, ver o interesse p\u00fablico, os movimentos sociais, ouvir a sociedade civil organizada e dar oportunidade para que, de fato, a participa\u00e7\u00e3o aconte\u00e7a. O processo de identifica\u00e7\u00e3o, tomada de decis\u00f5es, implementa\u00e7\u00e3o do plano e avalia\u00e7\u00e3o pedir\u00e3o um acompanhamento e a participa\u00e7\u00e3o dos demais atores sociais. N\u00e3o s\u00f3 do agente p\u00fablico, mas todos que t\u00eam interesse naquela demanda.<\/p>\n<p><strong>Site Franciscanos &#8211; Qual o percurso de nascimento de uma Pol\u00edtica P\u00fablica?<\/strong><\/p>\n<p><strong>Robert Soares do Nascimento &#8211; <\/strong>O modelo citado no texto-base da CF parte da identifica\u00e7\u00e3o de um problema, ou seja, a detec\u00e7\u00e3o da aus\u00eancia da efic\u00e1cia de um direito. O povo, ou um grupo social, tem um direito e ele n\u00e3o foi atendido. A partir da identifica\u00e7\u00e3o do problema \u00e9 que come\u00e7a o processo de formula\u00e7\u00e3o das Pol\u00edticas P\u00fablicas. Um determinado grupo social demonstra uma insatisfa\u00e7\u00e3o leg\u00edtima, a partir do n\u00e3o cumprimento de uma lei. A partir da\u00ed, esse problema passa a ser um problema social. Dessa forma, teremos o interesse do agente p\u00fablico, dando espa\u00e7o para a mobiliza\u00e7\u00e3o das Pol\u00edticas P\u00fablicas. Ap\u00f3s essa identifica\u00e7\u00e3o, \u00e9 necess\u00e1rio saber se esta demanda ser\u00e1 ou n\u00e3o resolvida pelo Estado. Em caso positivo, passa-se \u00e0 etapa da formula\u00e7\u00e3o, sempre em conson\u00e2ncia com os demais atores sociais envolvidos. Vale destacar que, para o Poder P\u00fablico, esse processo de envolvimento com os outros atores sociais \u00e9 trabalhoso. A partir do momento em que voc\u00ea envolve a escuta e permite at\u00e9 uma governan\u00e7a na sua administra\u00e7\u00e3o, tem-se muito mais trabalho, \u00e9 preciso haver escuta e o processo se torna mais lento. No entanto, acreditamos que isso gera uma efic\u00e1cia muito maior \u00e0quilo que venha se tornar Pol\u00edtica P\u00fablica implementada.<\/p>\n<p><strong>Site Franciscanos &#8211; De que modo as Pol\u00edticas P\u00fablicas est\u00e3o presentes na vida das pessoas?<\/strong><\/p>\n<p><strong>Robert Soares do Nascimento &#8211; <\/strong>As pessoas confundem muito pol\u00edtica com Pol\u00edticas P\u00fablicas. Elas est\u00e3o relacionadas, mas existe uma diferen\u00e7a. As Pol\u00edticas P\u00fablicas s\u00e3o abrangentes, pois tratam da busca de nossos direitos, de modo especial, os direitos retirados. Isso est\u00e1 muito claro no texto da CF, os direitos retirados dos mais pobres, que s\u00e3o a presen\u00e7a de Cristo. Quando os direitos do povo s\u00e3o retirados, estamos renegando a presen\u00e7a de Jesus nestas pessoas. Como brasileiros, dever\u00edamos lutar para que as Pol\u00edticas P\u00fablicas fossem de Estado e n\u00e3o de governo. Porque o tempo do governo, quatro anos ou oito, em caso de reelei\u00e7\u00e3o, \u00e9 um tempo muito curto para essa pol\u00edtica acontecer. Quando ela \u00e9 de Estado, pode mudar o governo, que a lei est\u00e1 posta, a n\u00e3o ser que o novo governo mude a lei. A pol\u00edtica de Estado tem muito mais for\u00e7a.<\/p>\n<p><strong>Site Franciscanos &#8211; Por que as pessoas devem se envolver nestas quest\u00f5es?<\/strong><\/p>\n<p><strong>Robert Soares do Nascimento &#8211; <\/strong>A Doutrina Social da Igreja nos provoca para a necessidade de uma participa\u00e7\u00e3o ativa e consciente do cidad\u00e3o. Um governo verdadeiramente democr\u00e1tico \u00e9 definido, al\u00e9m da elei\u00e7\u00e3o, tamb\u00e9m no envolvimento de todos os sujeitos da sociedade civil, em seus diversos n\u00edveis, de modo que todos sejam informados e ouvidos no que se refere ao bem comum, num processo de democracia participativa. Acho que essa \u00e9 a luta do povo, do nosso cotidiano. A participa\u00e7\u00e3o nas Pol\u00edticas P\u00fablicas faz com que n\u00e3o percamos o espa\u00e7o. Ser\u00e1 uma luta grande, pois, aos olhos do povo, percebemos que as coisas est\u00e3o caminhando para um tempo nebuloso. Por exemplo, recentemente foi assinado um decreto pelo Poder Executivo Nacional, ferindo a Lei da Transpar\u00eancia. N\u00e3o sabemos a que ponto vai piorar, mas o certo \u00e9 que a a\u00e7\u00e3o feriu a lei. Isso \u00e9 grave, devemos lutar para que isso n\u00e3o aconte\u00e7a. A situa\u00e7\u00e3o em que vivem os pobres \u00e9 crit\u00e9rio para medir a bondade, justi\u00e7a, moralidade e efetiva\u00e7\u00e3o da ordem democr\u00e1tica. &#8220;Os pobres s\u00e3o os ju\u00edzes da vida democr\u00e1tica de uma na\u00e7\u00e3o&#8221;, refor\u00e7a o texto da CF. Quando falamos em direitos, vemos o quanto esse tema \u00e9 presente em nosso cotidiano. Por exemplo, na sa\u00fade. A implementa\u00e7\u00e3o do Sistema \u00danico de Sa\u00fade (SUS) foi uma conquista de anos de luta e desenvolvimento de uma pol\u00edtica p\u00fablica decente. N\u00f3s temos a clareza de que a maioria da popula\u00e7\u00e3o n\u00e3o pode pagar um plano de sa\u00fade, e mesmo que pudesse pagar. A sa\u00fade \u00e9 um direito constitucional! Os espa\u00e7os de participa\u00e7\u00e3o s\u00e3o fundamentais, o desenvolvimento dos conselhos, confer\u00eancias, movimentos sociais, fazem diferen\u00e7a para que as pessoas se conscientizem que as Pol\u00edticas P\u00fablicas est\u00e3o no nosso dia a dia.<\/p>\n<p><strong>Ou\u00e7a no Soundcloud:<\/strong><\/p>\n<p><iframe loading=\"lazy\" src=\"https:\/\/w.soundcloud.com\/player\/?url=https%3A\/\/api.soundcloud.com\/tracks\/586313196&amp;color=%23d8d6c5&amp;auto_play=false&amp;hide_related=false&amp;show_comments=true&amp;show_user=true&amp;show_reposts=false&amp;show_teaser=true&amp;visual=true\" width=\"100%\" height=\"300\" frameborder=\"no\" scrolling=\"no\"><\/iframe><\/p>\n<p><iframe loading=\"lazy\" src=\"https:\/\/w.soundcloud.com\/player\/?url=https%3A\/\/api.soundcloud.com\/tracks\/586313079&amp;color=%23d8d6c5&amp;auto_play=false&amp;hide_related=false&amp;show_comments=true&amp;show_user=true&amp;show_reposts=false&amp;show_teaser=true&amp;visual=true\" width=\"100%\" height=\"300\" frameborder=\"no\" scrolling=\"no\"><\/iframe><\/p>\n<p><iframe loading=\"lazy\" src=\"https:\/\/w.soundcloud.com\/player\/?url=https%3A\/\/api.soundcloud.com\/tracks\/586312959&amp;color=%23d8d6c5&amp;auto_play=false&amp;hide_related=false&amp;show_comments=true&amp;show_user=true&amp;show_reposts=false&amp;show_teaser=true&amp;visual=true\" width=\"100%\" height=\"300\" frameborder=\"no\" scrolling=\"no\"><\/iframe><\/p>\n<p><strong>Confira todas as entrevistas: <\/strong><\/p>\n<p><strong>Tema e Lema da CF | Entrevistado:\u00a0 \u00a0 \u00a0<\/strong><strong><a href=\"https:\/\/franciscanos.org.br\/noticias\/d-leonardo-sejamos-ativos-na-construcao-de-politicas-publicas.html\">Dom Leonardo Ulrich Steiner<\/a><\/strong><\/p>\n<p style=\"padding-left: 30px;\">Bispo Auxiliar de Bras\u00edlia e secret\u00e1rio-geral da CNBB.<\/p>\n<p><strong>Conceito de Pol\u00edticas P\u00fablicas | Entrevistado: <a href=\"https:\/\/franciscanos.org.br\/noticias\/o-que-sao-e-como-funcionam-as-politicas-publicas.html\" target=\"_blank\" rel=\"noopener noreferrer\">Robert Soares do Nascimento<\/a><\/strong><\/p>\n<p style=\"padding-left: 30px;\">Agente de Pastoral, comp\u00f5e o N\u00facleo em Educa\u00e7\u00e3o e Direitos Humanos da UNISAL (Centro Universit\u00e1rio Salesiano de S\u00e3o Paulo) e participa do Grupo de Trabalho de Justi\u00e7a Restaurativa da Comarca de Americana (SP).<\/p>\n<p><strong>Pol\u00edtica como exerc\u00edcio do bem comum | Entrevistado: <a href=\"https:\/\/franciscanos.org.br\/noticias\/politica-como-exercicio-da-busca-do-bem-comum.html\" target=\"_blank\" rel=\"noopener noreferrer\">Felix Fernando Siriani<\/a><\/strong><\/p>\n<p style=\"padding-left: 30px;\">Formado em Gest\u00e3o de Pol\u00edticas P\u00fablicas, especialista em Pedagogia Social, Pastoral Escolar e mestrando em Mudan\u00e7a Social e Pol\u00edticas P\u00fablicas.<\/p>\n<p><strong>Doutrina Social da Igreja | Entrevistado: <a href=\"https:\/\/franciscanos.org.br\/noticias\/uma-boa-igreja-tem-que-ter-um-grande-amor-aos-pobres-afirma-fernando-altemeyer.html\" target=\"_blank\" rel=\"noopener noreferrer\">Prof. Dr. Fernando Altemeyer Junior<\/a><\/strong><\/p>\n<p style=\"padding-left: 30px;\">Chefe do Departamento de Ci\u00eancia da Religi\u00e3o da PUC-SP.<\/p>\n<p><strong>As a\u00e7\u00f5es e ensinamentos de Jesus como inspira\u00e7\u00e3o para pol\u00edticas em favor da cidadania |Entrevistado:\u00a0<a href=\"https:\/\/franciscanos.org.br\/noticias\/o-eixo-das-politicas-publicas-justica-paz-e-alegria.html\" target=\"_blank\" rel=\"noopener noreferrer\">Francisco Orofino<\/a><\/strong><\/p>\n<p style=\"padding-left: 30px;\">Leigo, professor de Teologia B\u00edblica em Nova Igua\u00e7u (RJ) e assessor do CEBI (Centro de Estudos B\u00edblicos) e do ISER Assessoria (Instituto de Estudos da Religi\u00e3o).<\/p>\n<p><strong>Os franciscanos e o engajamento pol\u00edtico | Entrevistado: <a href=\"https:\/\/franciscanos.org.br\/noticias\/frei-vitorio-pede-mais-indignacao-profetica.html\" target=\"_blank\" rel=\"noopener noreferrer\">Frei Vitorio Mazzuco<\/a><\/strong><\/p>\n<p style=\"padding-left: 30px;\">Mestre em espiritualidade e coordenador da Pastoral Universit\u00e1ria da USF.<\/p>\n<p><strong>A import\u00e2ncia dos Movimentos Sociais na busca do bem comum | Entrevistado: <a href=\"https:\/\/franciscanos.org.br\/noticias\/dom-guilherme-e-preciso-reanimar-os-movimentos-sociais.html\" target=\"_blank\" rel=\"noopener noreferrer\">Dom Guilherme Werlang<\/a><\/strong><\/p>\n<p style=\"padding-left: 30px;\">Bispo da Diocese de Lages (SC) e presidente da Comiss\u00e3o Episcopal Pastoral para a A\u00e7\u00e3o Social Transformadora da CNBB.<\/p>\n<p><strong>Pol\u00edticas P\u00fablicas na \u00e1rea da sa\u00fade | Entrevistado: <a href=\"https:\/\/franciscanos.org.br\/noticias\/politicas-publicas-em-favor-da-saude.html\" target=\"_blank\" rel=\"noopener noreferrer\">Fernando Pigatto <\/a><\/strong><\/p>\n<p style=\"padding-left: 30px;\">Presidente do Conselho Nacional de Sa\u00fade (CNS) e Representante da Confedera\u00e7\u00e3o Nacional das Associa\u00e7\u00f5es de Moradores (CONAM).<\/p>\n<p><strong>Pol\u00edticas P\u00fablicas na seguran\u00e7a | Entrevistado: <a href=\"https:\/\/franciscanos.org.br\/noticias\/a-seguranca-publica-precisa-da-integracao-das-instituicoes-e-da-comunidade.html\" target=\"_blank\" rel=\"noopener noreferrer\">Ricardo Bedendo<\/a><\/strong><\/p>\n<p style=\"padding-left: 30px;\">Jornalista e Mestre em Ci\u00eancias Sociais, integra o n\u00facleo de Estudos de Viol\u00eancia e Direitos Humanos da P\u00f3s-Gradua\u00e7\u00e3o em Ci\u00eancias Sociais da Universidade Federal de Juiz de Fora (UFJF).<\/p>\n<p><strong>Pol\u00edticas P\u00fablicas e Assist\u00eancia Social | Entrevistada: <a href=\"https:\/\/franciscanos.org.br\/noticias\/olhar-a-assistencia-social-como-um-direito-nao-um-favor.html\" target=\"_blank\" rel=\"noopener noreferrer\">Rosangela Pezoti<\/a><\/strong><\/p>\n<p style=\"padding-left: 30px;\">Doutora em Servi\u00e7o Social, respons\u00e1vel pelas \u00e1reas t\u00e9cnica e de articula\u00e7\u00e3o pol\u00edtica do Sefras &#8211; Servi\u00e7o Franciscano de Solidariedade.<\/p>\n<p><strong>Pol\u00edticas P\u00fablicas em favor dos negros | Entrevistado: <a href=\"https:\/\/franciscanos.org.br\/noticias\/cf-as-politicas-publicas-em-favor-dos-negros-sao-uma-conquista-de-todos.html\" target=\"_blank\" rel=\"noopener noreferrer\">Frei David Raimundo Santos<\/a><\/strong><\/p>\n<p style=\"padding-left: 30px;\">Presidente da Educafro (Educa\u00e7\u00e3o e Cidadania de Afrodescendentes e Carentes).<\/p>\n<p><strong>Import\u00e2ncia da participa\u00e7\u00e3o nos espa\u00e7os de controle social | Entrevistada: <a href=\"https:\/\/franciscanos.org.br\/noticias\/valdenia-o-controle-social-e-responsabilidade-de-toda-sociedade.html\" target=\"_blank\" rel=\"noopener noreferrer\">Vald\u00eania Paulino<\/a><\/strong><\/p>\n<p style=\"padding-left: 30px;\">Advogada, integra o Centro de Direitos Humanos de Sapopemba (SP)<\/p>\n<p><strong>Pol\u00edticas P\u00fablicas em favor dos \u00edndios e dos povos origin\u00e1rios | Entrevistado: <a href=\"https:\/\/franciscanos.org.br\/noticias\/e-preciso-lutar-para-que-nao-haja-retrocesso-nas-politicas-publicas-em-prol-dos-indigenas.html\" target=\"_blank\" rel=\"noopener noreferrer\">Egon Heck<\/a><\/strong><\/p>\n<p style=\"padding-left: 30px;\">Assessor do secretariado do Conselho Indigenista Mission\u00e1rio \u2013 Cimi.<\/p>\n<p>Pol\u00edticas P\u00fablicas e Juventude | Entrevistada: <a href=\"https:\/\/franciscanos.org.br\/noticias\/por-mais-politicas-que-promovam-igualdade-de-oportunidades-entre-as-juventudes.html\" target=\"_blank\" rel=\"noopener noreferrer\"><strong>Anna Luiza Salles Souto<\/strong><\/a><\/p>\n<p style=\"padding-left: 30px;\">Coordenadora da \u00e1rea de Democracia e Participa\u00e7\u00e3o do Instituto P\u00f3lis.<\/p>\n<p><strong>Pol\u00edticas P\u00fablicas e na \u00e1rea da educa\u00e7\u00e3o | Entrevistado: <a href=\"https:\/\/franciscanos.org.br\/noticias\/a-educacao-como-um-instrumento-transformador-da-sociedade.html\" target=\"_blank\" rel=\"noopener noreferrer\">Professor Dilnei Lorenzi<\/a><\/strong><\/p>\n<p style=\"padding-left: 30px;\">Pr\u00f3-Reitor de Ensino, Pesquisa e Extens\u00e3o da Universidade S\u00e3o Francisco (USF).<\/p>\n<p><strong>Sa\u00fade e o bem comum | Entrevistado: <a href=\"https:\/\/franciscanos.org.br\/noticias\/o-papel-da-pastoral-da-saude-nas-politicas-publicas.html\" target=\"_blank\" rel=\"noopener noreferrer\">Pe. Christian de Paul de Barchifontaine<\/a><\/strong><\/p>\n<p style=\"padding-left: 30px;\">Assessor Internacional dos Camilianos na \u00c1rea da Sa\u00fade, Rela\u00e7\u00f5es P\u00fablicas das Organiza\u00e7\u00f5es Camilianas.<\/p>\n<p><strong>O exemplo concreto no Rio de Janeiro | Entrevistado: <a href=\"https:\/\/franciscanos.org.br\/noticias\/o-exemplo-concreto-do-forum-grita-baixada-no-exercicio-das-politicas-publicas.html\" target=\"_blank\" rel=\"noopener noreferrer\">Adriano de Ara\u00fajo<\/a><\/strong><\/p>\n<p style=\"padding-left: 30px;\">Soci\u00f3logo, coordenador do F\u00f3rum Grita Baixada.<\/p>\n","protected":false},"excerpt":{"rendered":"<p>Especial Campanha da Fraternidade<\/p>\n","protected":false},"author":1,"featured_media":200331,"comment_status":"open","ping_status":"open","sticky":false,"template":"","format":"standard","meta":[],"categories":[758],"tags":[818],"acf":[],"yoast_head":"<!-- This site is optimized with the Yoast SEO plugin v19.2 - https:\/\/yoast.com\/wordpress\/plugins\/seo\/ -->\n<title>O que s\u00e3o e como funcionam as Pol\u00edticas P\u00fablicas? - Not\u00edcias - Franciscanos<\/title>\n<meta name=\"robots\" content=\"index, follow, max-snippet:-1, max-image-preview:large, max-video-preview:-1\" \/>\n<link rel=\"canonical\" href=\"https:\/\/franciscanos.org.br\/noticias\/o-que-sao-e-como-funcionam-as-politicas-publicas.html\" \/>\n<meta property=\"og:locale\" content=\"pt_BR\" \/>\n<meta property=\"og:type\" content=\"article\" \/>\n<meta property=\"og:title\" content=\"O que s\u00e3o e como funcionam as Pol\u00edticas P\u00fablicas? - Not\u00edcias - Franciscanos\" \/>\n<meta property=\"og:description\" content=\"Especial Campanha da Fraternidade\" \/>\n<meta property=\"og:url\" content=\"https:\/\/franciscanos.org.br\/noticias\/o-que-sao-e-como-funcionam-as-politicas-publicas.html\" \/>\n<meta property=\"og:site_name\" content=\"Not\u00edcias - Franciscanos\" \/>\n<meta property=\"article:published_time\" content=\"2019-02-18T12:27:32+00:00\" \/>\n<meta property=\"article:modified_time\" content=\"2019-04-22T16:50:08+00:00\" \/>\n<meta property=\"og:image\" content=\"https:\/\/franciscanos.org.br\/noticias\/wp-content\/uploads\/2019\/02\/RobertP_CF.jpg\" \/>\n\t<meta property=\"og:image:width\" content=\"273\" \/>\n\t<meta property=\"og:image:height\" content=\"181\" \/>\n\t<meta property=\"og:image:type\" content=\"image\/jpeg\" \/>\n<meta name=\"author\" content=\"admin\" \/>\n<meta name=\"twitter:card\" content=\"summary_large_image\" \/>\n<meta name=\"twitter:label1\" content=\"Escrito por\" \/>\n\t<meta name=\"twitter:data1\" content=\"admin\" \/>\n\t<meta name=\"twitter:label2\" content=\"Est. tempo de leitura\" \/>\n\t<meta name=\"twitter:data2\" content=\"10 minutos\" \/>\n<script type=\"application\/ld+json\" class=\"yoast-schema-graph\">{\"@context\":\"https:\/\/schema.org\",\"@graph\":[{\"@type\":\"WebSite\",\"@id\":\"https:\/\/franciscanos.org.br\/noticias\/#website\",\"url\":\"https:\/\/franciscanos.org.br\/noticias\/\",\"name\":\"Not\u00edcias - Franciscanos\",\"description\":\"Prov\u00edncia Franciscana da Imaculada Concei\u00e7\u00e3o do Brasil - Ordem dos Frades Menores - OFM\",\"potentialAction\":[{\"@type\":\"SearchAction\",\"target\":{\"@type\":\"EntryPoint\",\"urlTemplate\":\"https:\/\/franciscanos.org.br\/noticias\/?s={search_term_string}\"},\"query-input\":\"required name=search_term_string\"}],\"inLanguage\":\"pt-BR\"},{\"@type\":\"ImageObject\",\"inLanguage\":\"pt-BR\",\"@id\":\"https:\/\/franciscanos.org.br\/noticias\/o-que-sao-e-como-funcionam-as-politicas-publicas.html#primaryimage\",\"url\":\"https:\/\/franciscanos.org.br\/noticias\/wp-content\/uploads\/2019\/02\/RobertP_CF.jpg\",\"contentUrl\":\"https:\/\/franciscanos.org.br\/noticias\/wp-content\/uploads\/2019\/02\/RobertP_CF.jpg\",\"width\":273,\"height\":181},{\"@type\":\"WebPage\",\"@id\":\"https:\/\/franciscanos.org.br\/noticias\/o-que-sao-e-como-funcionam-as-politicas-publicas.html#webpage\",\"url\":\"https:\/\/franciscanos.org.br\/noticias\/o-que-sao-e-como-funcionam-as-politicas-publicas.html\",\"name\":\"O que s\u00e3o e como funcionam as Pol\u00edticas P\u00fablicas? - Not\u00edcias - Franciscanos\",\"isPartOf\":{\"@id\":\"https:\/\/franciscanos.org.br\/noticias\/#website\"},\"primaryImageOfPage\":{\"@id\":\"https:\/\/franciscanos.org.br\/noticias\/o-que-sao-e-como-funcionam-as-politicas-publicas.html#primaryimage\"},\"datePublished\":\"2019-02-18T12:27:32+00:00\",\"dateModified\":\"2019-04-22T16:50:08+00:00\",\"author\":{\"@id\":\"https:\/\/franciscanos.org.br\/noticias\/#\/schema\/person\/b38fbf43118f02820bd932f2e4b14ad3\"},\"breadcrumb\":{\"@id\":\"https:\/\/franciscanos.org.br\/noticias\/o-que-sao-e-como-funcionam-as-politicas-publicas.html#breadcrumb\"},\"inLanguage\":\"pt-BR\",\"potentialAction\":[{\"@type\":\"ReadAction\",\"target\":[\"https:\/\/franciscanos.org.br\/noticias\/o-que-sao-e-como-funcionam-as-politicas-publicas.html\"]}]},{\"@type\":\"BreadcrumbList\",\"@id\":\"https:\/\/franciscanos.org.br\/noticias\/o-que-sao-e-como-funcionam-as-politicas-publicas.html#breadcrumb\",\"itemListElement\":[{\"@type\":\"ListItem\",\"position\":1,\"name\":\"Home\",\"item\":\"https:\/\/franciscanos.org.br\/noticias\"},{\"@type\":\"ListItem\",\"position\":2,\"name\":\"O que s\u00e3o e como funcionam as Pol\u00edticas P\u00fablicas?\"}]},{\"@type\":\"Person\",\"@id\":\"https:\/\/franciscanos.org.br\/noticias\/#\/schema\/person\/b38fbf43118f02820bd932f2e4b14ad3\",\"name\":\"admin\",\"image\":{\"@type\":\"ImageObject\",\"inLanguage\":\"pt-BR\",\"@id\":\"https:\/\/franciscanos.org.br\/noticias\/#\/schema\/person\/image\/\",\"url\":\"https:\/\/secure.gravatar.com\/avatar\/e8495742d34d0ba6448ea1c628263b3e?s=96&d=mm&r=g\",\"contentUrl\":\"https:\/\/secure.gravatar.com\/avatar\/e8495742d34d0ba6448ea1c628263b3e?s=96&d=mm&r=g\",\"caption\":\"admin\"},\"url\":\"https:\/\/franciscanos.org.br\/noticias\/author\/admin\"}]}<\/script>\n<!-- \/ Yoast SEO plugin. -->","yoast_head_json":{"title":"O que s\u00e3o e como funcionam as Pol\u00edticas P\u00fablicas? - Not\u00edcias - Franciscanos","robots":{"index":"index","follow":"follow","max-snippet":"max-snippet:-1","max-image-preview":"max-image-preview:large","max-video-preview":"max-video-preview:-1"},"canonical":"https:\/\/franciscanos.org.br\/noticias\/o-que-sao-e-como-funcionam-as-politicas-publicas.html","og_locale":"pt_BR","og_type":"article","og_title":"O que s\u00e3o e como funcionam as Pol\u00edticas P\u00fablicas? - Not\u00edcias - Franciscanos","og_description":"Especial Campanha da Fraternidade","og_url":"https:\/\/franciscanos.org.br\/noticias\/o-que-sao-e-como-funcionam-as-politicas-publicas.html","og_site_name":"Not\u00edcias - Franciscanos","article_published_time":"2019-02-18T12:27:32+00:00","article_modified_time":"2019-04-22T16:50:08+00:00","og_image":[{"width":273,"height":181,"url":"https:\/\/franciscanos.org.br\/noticias\/wp-content\/uploads\/2019\/02\/RobertP_CF.jpg","type":"image\/jpeg"}],"author":"admin","twitter_card":"summary_large_image","twitter_misc":{"Escrito por":"admin","Est. tempo de leitura":"10 minutos"},"schema":{"@context":"https:\/\/schema.org","@graph":[{"@type":"WebSite","@id":"https:\/\/franciscanos.org.br\/noticias\/#website","url":"https:\/\/franciscanos.org.br\/noticias\/","name":"Not\u00edcias - Franciscanos","description":"Prov\u00edncia Franciscana da Imaculada Concei\u00e7\u00e3o do Brasil - Ordem dos Frades Menores - OFM","potentialAction":[{"@type":"SearchAction","target":{"@type":"EntryPoint","urlTemplate":"https:\/\/franciscanos.org.br\/noticias\/?s={search_term_string}"},"query-input":"required name=search_term_string"}],"inLanguage":"pt-BR"},{"@type":"ImageObject","inLanguage":"pt-BR","@id":"https:\/\/franciscanos.org.br\/noticias\/o-que-sao-e-como-funcionam-as-politicas-publicas.html#primaryimage","url":"https:\/\/franciscanos.org.br\/noticias\/wp-content\/uploads\/2019\/02\/RobertP_CF.jpg","contentUrl":"https:\/\/franciscanos.org.br\/noticias\/wp-content\/uploads\/2019\/02\/RobertP_CF.jpg","width":273,"height":181},{"@type":"WebPage","@id":"https:\/\/franciscanos.org.br\/noticias\/o-que-sao-e-como-funcionam-as-politicas-publicas.html#webpage","url":"https:\/\/franciscanos.org.br\/noticias\/o-que-sao-e-como-funcionam-as-politicas-publicas.html","name":"O que s\u00e3o e como funcionam as Pol\u00edticas P\u00fablicas? - Not\u00edcias - Franciscanos","isPartOf":{"@id":"https:\/\/franciscanos.org.br\/noticias\/#website"},"primaryImageOfPage":{"@id":"https:\/\/franciscanos.org.br\/noticias\/o-que-sao-e-como-funcionam-as-politicas-publicas.html#primaryimage"},"datePublished":"2019-02-18T12:27:32+00:00","dateModified":"2019-04-22T16:50:08+00:00","author":{"@id":"https:\/\/franciscanos.org.br\/noticias\/#\/schema\/person\/b38fbf43118f02820bd932f2e4b14ad3"},"breadcrumb":{"@id":"https:\/\/franciscanos.org.br\/noticias\/o-que-sao-e-como-funcionam-as-politicas-publicas.html#breadcrumb"},"inLanguage":"pt-BR","potentialAction":[{"@type":"ReadAction","target":["https:\/\/franciscanos.org.br\/noticias\/o-que-sao-e-como-funcionam-as-politicas-publicas.html"]}]},{"@type":"BreadcrumbList","@id":"https:\/\/franciscanos.org.br\/noticias\/o-que-sao-e-como-funcionam-as-politicas-publicas.html#breadcrumb","itemListElement":[{"@type":"ListItem","position":1,"name":"Home","item":"https:\/\/franciscanos.org.br\/noticias"},{"@type":"ListItem","position":2,"name":"O que s\u00e3o e como funcionam as Pol\u00edticas P\u00fablicas?"}]},{"@type":"Person","@id":"https:\/\/franciscanos.org.br\/noticias\/#\/schema\/person\/b38fbf43118f02820bd932f2e4b14ad3","name":"admin","image":{"@type":"ImageObject","inLanguage":"pt-BR","@id":"https:\/\/franciscanos.org.br\/noticias\/#\/schema\/person\/image\/","url":"https:\/\/secure.gravatar.com\/avatar\/e8495742d34d0ba6448ea1c628263b3e?s=96&d=mm&r=g","contentUrl":"https:\/\/secure.gravatar.com\/avatar\/e8495742d34d0ba6448ea1c628263b3e?s=96&d=mm&r=g","caption":"admin"},"url":"https:\/\/franciscanos.org.br\/noticias\/author\/admin"}]}},"_links":{"self":[{"href":"https:\/\/franciscanos.org.br\/noticias\/wp-json\/wp\/v2\/posts\/200329"}],"collection":[{"href":"https:\/\/franciscanos.org.br\/noticias\/wp-json\/wp\/v2\/posts"}],"about":[{"href":"https:\/\/franciscanos.org.br\/noticias\/wp-json\/wp\/v2\/types\/post"}],"author":[{"embeddable":true,"href":"https:\/\/franciscanos.org.br\/noticias\/wp-json\/wp\/v2\/users\/1"}],"replies":[{"embeddable":true,"href":"https:\/\/franciscanos.org.br\/noticias\/wp-json\/wp\/v2\/comments?post=200329"}],"version-history":[{"count":0,"href":"https:\/\/franciscanos.org.br\/noticias\/wp-json\/wp\/v2\/posts\/200329\/revisions"}],"wp:featuredmedia":[{"embeddable":true,"href":"https:\/\/franciscanos.org.br\/noticias\/wp-json\/wp\/v2\/media\/200331"}],"wp:attachment":[{"href":"https:\/\/franciscanos.org.br\/noticias\/wp-json\/wp\/v2\/media?parent=200329"}],"wp:term":[{"taxonomy":"category","embeddable":true,"href":"https:\/\/franciscanos.org.br\/noticias\/wp-json\/wp\/v2\/categories?post=200329"},{"taxonomy":"post_tag","embeddable":true,"href":"https:\/\/franciscanos.org.br\/noticias\/wp-json\/wp\/v2\/tags?post=200329"}],"curies":[{"name":"wp","href":"https:\/\/api.w.org\/{rel}","templated":true}]}}