{"id":200319,"date":"2019-02-12T08:12:04","date_gmt":"2019-02-12T10:12:04","guid":{"rendered":"https:\/\/franciscanos.org.br\/noticias\/?p=200319"},"modified":"2020-08-06T16:41:56","modified_gmt":"2020-08-06T19:41:56","slug":"papa-nao-basta-mudar-os-livros-liturgicos-para-melhorar-a-qualidade-da-liturgia","status":"publish","type":"post","link":"https:\/\/franciscanos.org.br\/noticias\/papa-nao-basta-mudar-os-livros-liturgicos-para-melhorar-a-qualidade-da-liturgia.html","title":{"rendered":"N\u00e3o basta mudar livros lit\u00fargicos para melhorar qualidade da liturgia"},"content":{"rendered":"<p><img loading=\"lazy\" class=\"alignnone size-full wp-image-200320\" src=\"https:\/\/franciscanos.org.br\/noticias\/wp-content\/uploads\/2019\/02\/papa_150219_4.jpg\" alt=\"\" width=\"890\" height=\"501\" srcset=\"https:\/\/franciscanos.org.br\/noticias\/wp-content\/uploads\/2019\/02\/papa_150219_4.jpg 890w, https:\/\/franciscanos.org.br\/noticias\/wp-content\/uploads\/2019\/02\/papa_150219_4-450x253.jpg 450w, https:\/\/franciscanos.org.br\/noticias\/wp-content\/uploads\/2019\/02\/papa_150219_4-768x432.jpg 768w, https:\/\/franciscanos.org.br\/noticias\/wp-content\/uploads\/2019\/02\/papa_150219_4-150x84.jpg 150w\" sizes=\"(max-width: 890px) 100vw, 890px\" \/><\/p>\n<p><strong>Cidade do Vaticano<\/strong> &#8211; \u201cTrabalhar para que o Povo de Deus redescubra a beleza de encontrar o Senhor na celebra\u00e7\u00e3o de seus mist\u00e9rios, e encontrando-o, tenha vida em seu nome\u201d. Este, \u00e9 \u201co grande e belo\u201d trabalho que voc\u00eas t\u00eam pela frente&#8221;, disse o Papa Francisco dirigindo-se aos participantes da Assembleia Plen\u00e1ria da Congrega\u00e7\u00e3o para o Culto Divino e a Disciplina dos Sacramentos, em andamento no Vaticano at\u00e9 esta sexta-feira, 15.<\/p>\n<p>Falando na antessala da Sala Paulo VI aos cerca de 80 participantes do encontro, que incluem 22 cardeais, 8 arcebispos e 11 bispos, al\u00e9m de funcion\u00e1rios e consultores, o Pont\u00edfice enfatizou que a liturgia \u00e9 a epifania da comunh\u00e3o eclesial. Para melhorar sua qualidade, \u00e9 preciso mudar o cora\u00e7\u00e3o, evitar cair em est\u00e9reis polariza\u00e7\u00f5es ideol\u00f3gicas e cultivar a forma\u00e7\u00e3o permanente do clero e dos leigos. A mistagogia \u2013 afirmou \u2013 \u00e9 um caminho id\u00f4neo para entrar no mist\u00e9rio da liturgia.<\/p>\n<p><strong>Os primeiros passos de um caminho<\/strong><\/p>\n<p>O Papa come\u00e7ou recordando a institui\u00e7\u00e3o da Congrega\u00e7\u00e3o para o Culto Divino por Paulo VI, em 8 de maio de 1969, com o objetivo \u201cde dar forma \u00e0 renova\u00e7\u00e3o desejada pelo Vaticano II\u201d. A tradi\u00e7\u00e3o orante da Igreja, de fato, \u201ctinha necessidade de express\u00f5es renovadas, sem perder nada de sua riqueza milenar, antes pelo contr\u00e1rio, redescobrindo os tesouros das origens&#8221;.<\/p>\n<p>Francisco recordou ent\u00e3o os primeiros passos de um caminho, \u201csobre o qual prosseguir com s\u00e1bia const\u00e2ncia\u201d, citando a promulga\u00e7\u00e3o do &#8216;Moto Proprio&#8217; <em>Mysterii paschalis<\/em> sobre o Calend\u00e1rio Romano e o Ano Lit\u00fargico e a importante Constitui\u00e7\u00e3o Apost\u00f3lica <em>Missale Romanu<\/em>m, com a qual o Santo Papa promulgou o Missal Romano. No mesmo ano, recordou, veio \u00e0 luz \u201co <em>Ordo Missae<\/em> e v\u00e1rios outros Ordo, entre os quais, o do Batismo das crian\u00e7as, do Matrim\u00f4nio e das Ex\u00e9quias&#8221;.<\/p>\n<p>\u201cSabemos &#8211; disse o Pont\u00edfice &#8211; que n\u00e3o basta mudar os livros lit\u00fargicos para melhorar a qualidade da liturgia. Somente isto seria um engano. Para que a vida seja verdadeiramente um louvor agrad\u00e1vel a Deus, \u00e9 preciso de fato mudar o cora\u00e7\u00e3o\u201d, e para esta convers\u00e3o que \u201c\u00e9 orientada a celebra\u00e7\u00e3o crist\u00e3, que \u00e9 um encontro da vida com o &#8216;Deus dos vivos.'&#8221;<\/p>\n<p><img loading=\"lazy\" class=\"alignnone size-full wp-image-200322\" src=\"https:\/\/franciscanos.org.br\/noticias\/wp-content\/uploads\/2019\/02\/papa_150219_1.jpg\" alt=\"\" width=\"890\" height=\"593\" srcset=\"https:\/\/franciscanos.org.br\/noticias\/wp-content\/uploads\/2019\/02\/papa_150219_1.jpg 890w, https:\/\/franciscanos.org.br\/noticias\/wp-content\/uploads\/2019\/02\/papa_150219_1-450x300.jpg 450w, https:\/\/franciscanos.org.br\/noticias\/wp-content\/uploads\/2019\/02\/papa_150219_1-768x512.jpg 768w, https:\/\/franciscanos.org.br\/noticias\/wp-content\/uploads\/2019\/02\/papa_150219_1-150x100.jpg 150w\" sizes=\"(max-width: 890px) 100vw, 890px\" \/><\/p>\n<p><strong>Colabora\u00e7\u00e3o entre a S\u00e9 Apost\u00f3lica e as Confer\u00eancias Episcopais<\/strong><\/p>\n<p>Tamb\u00e9m hoje este \u00e9 o objetivo do trabalho exercido pela Congrega\u00e7\u00e3o do Culto Divino e a Disciplina dos Sacramentos, voltado a \u201cajudar o Papa a exercer o seu minist\u00e9rio em benef\u00edcio da Igreja em ora\u00e7\u00e3o espalhada por toda a terra\u201d. E na \u201ccomunh\u00e3o eclesial, atuam tanto a S\u00e9 Apost\u00f3lica como as Confer\u00eancias Episcopais, em esp\u00edrito de coopera\u00e7\u00e3o, di\u00e1logo e sinodalidade\u201d: \u201cA Santa S\u00e9, de fato, n\u00e3o substitui os bispos, mas colabora com eles para servir, na riqueza das v\u00e1rias l\u00ednguas e culturas, a voca\u00e7\u00e3o orante da Igreja no mundo. Nesta linha colocou-se o Motu proprio <em>Magnum principium<\/em> (3 de setembro de 2017), com o qual eu quis favorecer, entre outras coisas, a necessidade de uma &#8220;constante coopera\u00e7\u00e3o, plena de confian\u00e7a rec\u00edproca, vigilante e criativa, entre as Confer\u00eancias Episcopais e o Dicast\u00e9rio da S\u00e9 Apost\u00f3lica que exerce a miss\u00e3o de promover a sagrada liturgia&#8221;.<\/p>\n<p>O voto \u2013 disse o Papa \u2013 \u00e9 \u201cde prosseguir no caminho da m\u00fatua colabora\u00e7\u00e3o, conscientes das responsabilidades envolvidas pela comunh\u00e3o eclesial, na qual a unidade e a variedade encontram harmonia. \u00c9 um problema de harmonia\u201d.<\/p>\n<p><strong>Est\u00e9reis polariza\u00e7\u00f5es<\/strong><\/p>\n<p>Aqui tamb\u00e9m est\u00e1 inserido o desafio da forma\u00e7\u00e3o &#8211; observa o Santo Padre &#8211; sublinhando que \u201ca liturgia \u00e9 vida que forma, n\u00e3o uma ideia a ser aprendida\u201d. A este prop\u00f3sito \u2013 acrescentou &#8211; \u00e9 \u00fatil recordar que \u201ca realidade \u00e9 mais importante do que a ideia\u201d: \u201cE \u00e9 bom por isso, na liturgia como em outros \u00e2mbitos da vida eclesial, n\u00e3o acabar em est\u00e9reis polariza\u00e7\u00f5es ideol\u00f3gicas que nascem muitas vezes quando, considerando as pr\u00f3prias ideias v\u00e1lidas para todos os contextos, chega-se a assumir uma atitude de perene dial\u00e9tica em rela\u00e7\u00e3o a quem n\u00e3o as compartilha. Assim, come\u00e7ando quem sabe pelo desejo de reagir a algumas inseguran\u00e7as do contexto atual, corre-se o risco de voltar-se a um passado que n\u00e3o existe mais ou de fugir para um futuro presumido como tal. O ponto de partida, pelo contr\u00e1rio, \u00e9 reconhecer a realidade da sagrada liturgia, tesouro vivo que n\u00e3o pode ser reduzido a gostos, receitas e correntes, mas deve ser acolhido com docilidade e promovido com amor, enquanto alimento insubstitu\u00edvel para o crescimento org\u00e2nico do Povo de Deus\u201d.<\/p>\n<p>A liturgia n\u00e3o \u00e9 &#8220;o campo do fa\u00e7a-voc\u00ea-mesmo&#8221; \u2013 alerta o Pont\u00edfice \u2013 \u201c mas a epifania da comunh\u00e3o eclesial\u201d: \u201cPortanto, nas ora\u00e7\u00f5es e nos gestos ressoa o &#8220;n\u00f3s&#8221; e n\u00e3o o &#8220;eu&#8221;; a comunidade real, n\u00e3o o sujeito ideal. Quando se recordam nostalgicamente tend\u00eancias passadas ou se querem impor novas, corre-se o risco de antepor a parte ao todo, o eu ao Povo de Deus, o abstrato ao concreto, a ideologia \u00e0 comunh\u00e3o, e na raiz, o mundano ao espiritual\u201d.<\/p>\n<p><img loading=\"lazy\" class=\"alignnone size-full wp-image-200323\" src=\"https:\/\/franciscanos.org.br\/noticias\/wp-content\/uploads\/2019\/02\/papa_150219_2.jpg\" alt=\"\" width=\"890\" height=\"593\" srcset=\"https:\/\/franciscanos.org.br\/noticias\/wp-content\/uploads\/2019\/02\/papa_150219_2.jpg 890w, https:\/\/franciscanos.org.br\/noticias\/wp-content\/uploads\/2019\/02\/papa_150219_2-450x300.jpg 450w, https:\/\/franciscanos.org.br\/noticias\/wp-content\/uploads\/2019\/02\/papa_150219_2-768x512.jpg 768w, https:\/\/franciscanos.org.br\/noticias\/wp-content\/uploads\/2019\/02\/papa_150219_2-150x100.jpg 150w\" sizes=\"(max-width: 890px) 100vw, 890px\" \/><\/p>\n<p><strong>Forma\u00e7\u00e3o lit\u00fargica do Povo de Deus<\/strong><\/p>\n<p>\u201cA forma\u00e7\u00e3o lit\u00fargica do Povo de Deus\u201d \u00e9 o tema desta Assembleia Plen\u00e1ria, e \u201ca tarefa que nos espera \u2013 diz Francisco &#8211; \u00e9 \u201cessencialmente difundir entre o povo de Deus, o esplendor do mist\u00e9rio vivo do Senhor, que se manifesta na liturgia\u201d: \u201cFalar da forma\u00e7\u00e3o lit\u00fargica do Povo de Deus significa antes de tudo tomar consci\u00eancia do papel insubstitu\u00edvel que a liturgia desempenha na Igreja e para a Igreja. E pode ajudar concretamente o povo de Deus a interiorizar melhor a ora\u00e7\u00e3o da Igreja, a am\u00e1-la como experi\u00eancia de encontro com o Senhor e com os irm\u00e3os e, diante disso, redescobrir nela o conte\u00fado e observar seus ritos\u201d.<\/p>\n<p>Sendo a liturgia &#8220;uma experi\u00eancia voltada \u00e0 convers\u00e3o da vida pela assimila\u00e7\u00e3o do modo de pensar e de comportar-se do Senhor &#8211; observa &#8211; a forma\u00e7\u00e3o lit\u00fargica n\u00e3o pode limitar-se simplesmente em oferecer conhecimentos &#8211; isso \u00e9 errado -, mesmo necess\u00e1rios, sobre os livros lit\u00fargicos, e tampouco tutelar o cumprimento das disciplinas rituais&#8221;. Mas para que a liturgia possa cumprir sua fun\u00e7\u00e3o formativa e transformadora, enfatiza o Papa, \u201c\u00e9 necess\u00e1rio que os pastores e leigos sejam introduzidos a compreender dela o significado e a linguagem simb\u00f3lica, incluindo a arte, o canto e a m\u00fasica a servi\u00e7o do mist\u00e9rio celebrado\u201d.<\/p>\n<p><strong>Mistagogia, caminho id\u00f4neo para entrar no mist\u00e9rio da liturgia<\/strong><\/p>\n<p>O pr\u00f3prio Catecismo da Igreja Cat\u00f3lica \u2013 recorda Francisco &#8211; adota o caminho mistag\u00f3gico para ilustrar a liturgia, valorizando nela a ora\u00e7\u00e3o e os sinais: \u201cA mistagogia: eis um caminho id\u00f4neo para entrar no mist\u00e9rio da liturgia, no encontro vivo com o Senhor crucificado e ressuscitado. Mistagogia significa descobrir a vida nova que no Povo de Deus recebemos mediante os Sacramentos, e redescobrir continuamente a beleza de renov\u00e1-la\u201d.<\/p>\n<p><img loading=\"lazy\" class=\"alignnone size-full wp-image-200324\" src=\"https:\/\/franciscanos.org.br\/noticias\/wp-content\/uploads\/2019\/02\/papa_150219_3.jpg\" alt=\"\" width=\"890\" height=\"593\" srcset=\"https:\/\/franciscanos.org.br\/noticias\/wp-content\/uploads\/2019\/02\/papa_150219_3.jpg 890w, https:\/\/franciscanos.org.br\/noticias\/wp-content\/uploads\/2019\/02\/papa_150219_3-450x300.jpg 450w, https:\/\/franciscanos.org.br\/noticias\/wp-content\/uploads\/2019\/02\/papa_150219_3-768x512.jpg 768w, https:\/\/franciscanos.org.br\/noticias\/wp-content\/uploads\/2019\/02\/papa_150219_3-150x100.jpg 150w\" sizes=\"(max-width: 890px) 100vw, 890px\" \/><\/p>\n<p><strong>Forma\u00e7\u00e3o permanente<\/strong><\/p>\n<p>A forma\u00e7\u00e3o permanente do clero e dos leigos, especialmente aqueles envolvidos nos minist\u00e9rios ao servi\u00e7o da liturgia, foi outro aspecto destacado pelo Santo Padre em seu pronunciamento: \u201cAs responsabilidades educativas s\u00e3o compartilhadas, mesmo que cada diocese esteja mais envolvida na fase operativa. A reflex\u00e3o de voc\u00eas vai ajudar o Dicast\u00e9rio a amadurecer linhas e diretrizes para oferecer, no esp\u00edrito de servi\u00e7o, a quem &#8211; Confer\u00eancias Episcopais, dioceses, institutos de forma\u00e7\u00e3o, revistas &#8211; tem a responsabilidade de cuidar e acompanhar a forma\u00e7\u00e3o lit\u00fargica do Povo de Deus\u201d.<\/p>\n<p>Queridos irm\u00e3os e irm\u00e3s &#8211; foi a exorta\u00e7\u00e3o final do Pont\u00edfice &#8211; \u201ctodos somos chamados a aprofundar e reavivar a nossa forma\u00e7\u00e3o lit\u00fargica\u201d, e diante de voc\u00eas est\u00e1 esta grande e bela tarefa: \u201ctrabalhar para que o povo de Deus redescubra a beleza de encontrar o Senhor na celebra\u00e7\u00e3o de seus mist\u00e9rios, e encontrando-o, tenha vida em seu nome (&#8230;). E pe\u00e7o a voc\u00eas para reservarem a mim sempre um lugar &#8211; amplo &#8211; em suas ora\u00e7\u00f5es&#8221;.<\/p>\n","protected":false},"excerpt":{"rendered":"<p>Papa aos participantes da Assembleia Plen\u00e1ria da Congrega\u00e7\u00e3o para o Culto Divino e a Disciplina dos Sacramentos<\/p>\n","protected":false},"author":3,"featured_media":200321,"comment_status":"open","ping_status":"open","sticky":false,"template":"","format":"standard","meta":[],"categories":[1428],"tags":[517,55],"acf":[],"yoast_head":"<!-- This site is optimized with the Yoast SEO plugin v19.2 - https:\/\/yoast.com\/wordpress\/plugins\/seo\/ -->\n<title>N\u00e3o basta mudar livros lit\u00fargicos para melhorar qualidade da liturgia - Not\u00edcias - Franciscanos<\/title>\n<meta name=\"robots\" content=\"index, follow, max-snippet:-1, max-image-preview:large, max-video-preview:-1\" \/>\n<link rel=\"canonical\" href=\"https:\/\/franciscanos.org.br\/noticias\/papa-nao-basta-mudar-os-livros-liturgicos-para-melhorar-a-qualidade-da-liturgia.html\" \/>\n<meta property=\"og:locale\" content=\"pt_BR\" \/>\n<meta property=\"og:type\" content=\"article\" \/>\n<meta property=\"og:title\" content=\"N\u00e3o basta mudar livros lit\u00fargicos para melhorar qualidade da liturgia - Not\u00edcias - Franciscanos\" \/>\n<meta property=\"og:description\" content=\"Papa aos participantes da Assembleia Plen\u00e1ria da Congrega\u00e7\u00e3o para o Culto Divino e a Disciplina dos Sacramentos\" \/>\n<meta property=\"og:url\" content=\"https:\/\/franciscanos.org.br\/noticias\/papa-nao-basta-mudar-os-livros-liturgicos-para-melhorar-a-qualidade-da-liturgia.html\" \/>\n<meta property=\"og:site_name\" content=\"Not\u00edcias - Franciscanos\" \/>\n<meta property=\"article:published_time\" content=\"2019-02-12T10:12:04+00:00\" \/>\n<meta property=\"article:modified_time\" content=\"2020-08-06T19:41:56+00:00\" \/>\n<meta property=\"og:image\" content=\"https:\/\/franciscanos.org.br\/noticias\/wp-content\/uploads\/2019\/02\/papa_150219_d.jpg\" \/>\n\t<meta property=\"og:image:width\" content=\"273\" \/>\n\t<meta property=\"og:image:height\" content=\"181\" \/>\n\t<meta property=\"og:image:type\" content=\"image\/jpeg\" \/>\n<meta name=\"author\" content=\"moacir\" \/>\n<meta name=\"twitter:card\" content=\"summary_large_image\" \/>\n<meta name=\"twitter:label1\" content=\"Escrito por\" \/>\n\t<meta name=\"twitter:data1\" content=\"moacir\" \/>\n\t<meta name=\"twitter:label2\" content=\"Est. tempo de leitura\" \/>\n\t<meta name=\"twitter:data2\" content=\"7 minutos\" \/>\n<script type=\"application\/ld+json\" class=\"yoast-schema-graph\">{\"@context\":\"https:\/\/schema.org\",\"@graph\":[{\"@type\":\"WebSite\",\"@id\":\"https:\/\/franciscanos.org.br\/noticias\/#website\",\"url\":\"https:\/\/franciscanos.org.br\/noticias\/\",\"name\":\"Not\u00edcias - Franciscanos\",\"description\":\"Prov\u00edncia Franciscana da Imaculada Concei\u00e7\u00e3o do Brasil - Ordem dos Frades Menores - OFM\",\"potentialAction\":[{\"@type\":\"SearchAction\",\"target\":{\"@type\":\"EntryPoint\",\"urlTemplate\":\"https:\/\/franciscanos.org.br\/noticias\/?s={search_term_string}\"},\"query-input\":\"required name=search_term_string\"}],\"inLanguage\":\"pt-BR\"},{\"@type\":\"ImageObject\",\"inLanguage\":\"pt-BR\",\"@id\":\"https:\/\/franciscanos.org.br\/noticias\/papa-nao-basta-mudar-os-livros-liturgicos-para-melhorar-a-qualidade-da-liturgia.html#primaryimage\",\"url\":\"https:\/\/franciscanos.org.br\/noticias\/wp-content\/uploads\/2019\/02\/papa_150219_d.jpg\",\"contentUrl\":\"https:\/\/franciscanos.org.br\/noticias\/wp-content\/uploads\/2019\/02\/papa_150219_d.jpg\",\"width\":273,\"height\":181},{\"@type\":\"WebPage\",\"@id\":\"https:\/\/franciscanos.org.br\/noticias\/papa-nao-basta-mudar-os-livros-liturgicos-para-melhorar-a-qualidade-da-liturgia.html#webpage\",\"url\":\"https:\/\/franciscanos.org.br\/noticias\/papa-nao-basta-mudar-os-livros-liturgicos-para-melhorar-a-qualidade-da-liturgia.html\",\"name\":\"N\u00e3o basta mudar livros lit\u00fargicos para melhorar qualidade da liturgia - Not\u00edcias - Franciscanos\",\"isPartOf\":{\"@id\":\"https:\/\/franciscanos.org.br\/noticias\/#website\"},\"primaryImageOfPage\":{\"@id\":\"https:\/\/franciscanos.org.br\/noticias\/papa-nao-basta-mudar-os-livros-liturgicos-para-melhorar-a-qualidade-da-liturgia.html#primaryimage\"},\"datePublished\":\"2019-02-12T10:12:04+00:00\",\"dateModified\":\"2020-08-06T19:41:56+00:00\",\"author\":{\"@id\":\"https:\/\/franciscanos.org.br\/noticias\/#\/schema\/person\/b5c8cba458c330ccff548b056e95a5d4\"},\"breadcrumb\":{\"@id\":\"https:\/\/franciscanos.org.br\/noticias\/papa-nao-basta-mudar-os-livros-liturgicos-para-melhorar-a-qualidade-da-liturgia.html#breadcrumb\"},\"inLanguage\":\"pt-BR\",\"potentialAction\":[{\"@type\":\"ReadAction\",\"target\":[\"https:\/\/franciscanos.org.br\/noticias\/papa-nao-basta-mudar-os-livros-liturgicos-para-melhorar-a-qualidade-da-liturgia.html\"]}]},{\"@type\":\"BreadcrumbList\",\"@id\":\"https:\/\/franciscanos.org.br\/noticias\/papa-nao-basta-mudar-os-livros-liturgicos-para-melhorar-a-qualidade-da-liturgia.html#breadcrumb\",\"itemListElement\":[{\"@type\":\"ListItem\",\"position\":1,\"name\":\"Home\",\"item\":\"https:\/\/franciscanos.org.br\/noticias\"},{\"@type\":\"ListItem\",\"position\":2,\"name\":\"N\u00e3o basta mudar livros lit\u00fargicos para melhorar qualidade da liturgia\"}]},{\"@type\":\"Person\",\"@id\":\"https:\/\/franciscanos.org.br\/noticias\/#\/schema\/person\/b5c8cba458c330ccff548b056e95a5d4\",\"name\":\"moacir\",\"image\":{\"@type\":\"ImageObject\",\"inLanguage\":\"pt-BR\",\"@id\":\"https:\/\/franciscanos.org.br\/noticias\/#\/schema\/person\/image\/\",\"url\":\"https:\/\/secure.gravatar.com\/avatar\/d08aa2ce4c8dd416d4479aa8536fcf64?s=96&d=mm&r=g\",\"contentUrl\":\"https:\/\/secure.gravatar.com\/avatar\/d08aa2ce4c8dd416d4479aa8536fcf64?s=96&d=mm&r=g\",\"caption\":\"moacir\"},\"url\":\"https:\/\/franciscanos.org.br\/noticias\/author\/moacir\"}]}<\/script>\n<!-- \/ Yoast SEO plugin. -->","yoast_head_json":{"title":"N\u00e3o basta mudar livros lit\u00fargicos para melhorar qualidade da liturgia - Not\u00edcias - Franciscanos","robots":{"index":"index","follow":"follow","max-snippet":"max-snippet:-1","max-image-preview":"max-image-preview:large","max-video-preview":"max-video-preview:-1"},"canonical":"https:\/\/franciscanos.org.br\/noticias\/papa-nao-basta-mudar-os-livros-liturgicos-para-melhorar-a-qualidade-da-liturgia.html","og_locale":"pt_BR","og_type":"article","og_title":"N\u00e3o basta mudar livros lit\u00fargicos para melhorar qualidade da liturgia - Not\u00edcias - Franciscanos","og_description":"Papa aos participantes da Assembleia Plen\u00e1ria da Congrega\u00e7\u00e3o para o Culto Divino e a Disciplina dos Sacramentos","og_url":"https:\/\/franciscanos.org.br\/noticias\/papa-nao-basta-mudar-os-livros-liturgicos-para-melhorar-a-qualidade-da-liturgia.html","og_site_name":"Not\u00edcias - Franciscanos","article_published_time":"2019-02-12T10:12:04+00:00","article_modified_time":"2020-08-06T19:41:56+00:00","og_image":[{"width":273,"height":181,"url":"https:\/\/franciscanos.org.br\/noticias\/wp-content\/uploads\/2019\/02\/papa_150219_d.jpg","type":"image\/jpeg"}],"author":"moacir","twitter_card":"summary_large_image","twitter_misc":{"Escrito por":"moacir","Est. tempo de leitura":"7 minutos"},"schema":{"@context":"https:\/\/schema.org","@graph":[{"@type":"WebSite","@id":"https:\/\/franciscanos.org.br\/noticias\/#website","url":"https:\/\/franciscanos.org.br\/noticias\/","name":"Not\u00edcias - Franciscanos","description":"Prov\u00edncia Franciscana da Imaculada Concei\u00e7\u00e3o do Brasil - Ordem dos Frades Menores - OFM","potentialAction":[{"@type":"SearchAction","target":{"@type":"EntryPoint","urlTemplate":"https:\/\/franciscanos.org.br\/noticias\/?s={search_term_string}"},"query-input":"required name=search_term_string"}],"inLanguage":"pt-BR"},{"@type":"ImageObject","inLanguage":"pt-BR","@id":"https:\/\/franciscanos.org.br\/noticias\/papa-nao-basta-mudar-os-livros-liturgicos-para-melhorar-a-qualidade-da-liturgia.html#primaryimage","url":"https:\/\/franciscanos.org.br\/noticias\/wp-content\/uploads\/2019\/02\/papa_150219_d.jpg","contentUrl":"https:\/\/franciscanos.org.br\/noticias\/wp-content\/uploads\/2019\/02\/papa_150219_d.jpg","width":273,"height":181},{"@type":"WebPage","@id":"https:\/\/franciscanos.org.br\/noticias\/papa-nao-basta-mudar-os-livros-liturgicos-para-melhorar-a-qualidade-da-liturgia.html#webpage","url":"https:\/\/franciscanos.org.br\/noticias\/papa-nao-basta-mudar-os-livros-liturgicos-para-melhorar-a-qualidade-da-liturgia.html","name":"N\u00e3o basta mudar livros lit\u00fargicos para melhorar qualidade da liturgia - Not\u00edcias - Franciscanos","isPartOf":{"@id":"https:\/\/franciscanos.org.br\/noticias\/#website"},"primaryImageOfPage":{"@id":"https:\/\/franciscanos.org.br\/noticias\/papa-nao-basta-mudar-os-livros-liturgicos-para-melhorar-a-qualidade-da-liturgia.html#primaryimage"},"datePublished":"2019-02-12T10:12:04+00:00","dateModified":"2020-08-06T19:41:56+00:00","author":{"@id":"https:\/\/franciscanos.org.br\/noticias\/#\/schema\/person\/b5c8cba458c330ccff548b056e95a5d4"},"breadcrumb":{"@id":"https:\/\/franciscanos.org.br\/noticias\/papa-nao-basta-mudar-os-livros-liturgicos-para-melhorar-a-qualidade-da-liturgia.html#breadcrumb"},"inLanguage":"pt-BR","potentialAction":[{"@type":"ReadAction","target":["https:\/\/franciscanos.org.br\/noticias\/papa-nao-basta-mudar-os-livros-liturgicos-para-melhorar-a-qualidade-da-liturgia.html"]}]},{"@type":"BreadcrumbList","@id":"https:\/\/franciscanos.org.br\/noticias\/papa-nao-basta-mudar-os-livros-liturgicos-para-melhorar-a-qualidade-da-liturgia.html#breadcrumb","itemListElement":[{"@type":"ListItem","position":1,"name":"Home","item":"https:\/\/franciscanos.org.br\/noticias"},{"@type":"ListItem","position":2,"name":"N\u00e3o basta mudar livros lit\u00fargicos para melhorar qualidade da liturgia"}]},{"@type":"Person","@id":"https:\/\/franciscanos.org.br\/noticias\/#\/schema\/person\/b5c8cba458c330ccff548b056e95a5d4","name":"moacir","image":{"@type":"ImageObject","inLanguage":"pt-BR","@id":"https:\/\/franciscanos.org.br\/noticias\/#\/schema\/person\/image\/","url":"https:\/\/secure.gravatar.com\/avatar\/d08aa2ce4c8dd416d4479aa8536fcf64?s=96&d=mm&r=g","contentUrl":"https:\/\/secure.gravatar.com\/avatar\/d08aa2ce4c8dd416d4479aa8536fcf64?s=96&d=mm&r=g","caption":"moacir"},"url":"https:\/\/franciscanos.org.br\/noticias\/author\/moacir"}]}},"_links":{"self":[{"href":"https:\/\/franciscanos.org.br\/noticias\/wp-json\/wp\/v2\/posts\/200319"}],"collection":[{"href":"https:\/\/franciscanos.org.br\/noticias\/wp-json\/wp\/v2\/posts"}],"about":[{"href":"https:\/\/franciscanos.org.br\/noticias\/wp-json\/wp\/v2\/types\/post"}],"author":[{"embeddable":true,"href":"https:\/\/franciscanos.org.br\/noticias\/wp-json\/wp\/v2\/users\/3"}],"replies":[{"embeddable":true,"href":"https:\/\/franciscanos.org.br\/noticias\/wp-json\/wp\/v2\/comments?post=200319"}],"version-history":[{"count":1,"href":"https:\/\/franciscanos.org.br\/noticias\/wp-json\/wp\/v2\/posts\/200319\/revisions"}],"predecessor-version":[{"id":227613,"href":"https:\/\/franciscanos.org.br\/noticias\/wp-json\/wp\/v2\/posts\/200319\/revisions\/227613"}],"wp:featuredmedia":[{"embeddable":true,"href":"https:\/\/franciscanos.org.br\/noticias\/wp-json\/wp\/v2\/media\/200321"}],"wp:attachment":[{"href":"https:\/\/franciscanos.org.br\/noticias\/wp-json\/wp\/v2\/media?parent=200319"}],"wp:term":[{"taxonomy":"category","embeddable":true,"href":"https:\/\/franciscanos.org.br\/noticias\/wp-json\/wp\/v2\/categories?post=200319"},{"taxonomy":"post_tag","embeddable":true,"href":"https:\/\/franciscanos.org.br\/noticias\/wp-json\/wp\/v2\/tags?post=200319"}],"curies":[{"name":"wp","href":"https:\/\/api.w.org\/{rel}","templated":true}]}}